{"id":6382,"date":"2022-01-18T11:02:42","date_gmt":"2022-01-18T17:02:42","guid":{"rendered":"https:\/\/coparmexjal.org.mx\/entorno-empresarial\/?p=6382"},"modified":"2022-02-08T11:54:54","modified_gmt":"2022-02-08T17:54:54","slug":"camara-de-comercio-ccij-y-coparmex-jalisco-llaman-a-empresas-a-reforzar-medidas-sanitarias","status":"publish","type":"post","link":"https:\/\/coparmexjal.org.mx\/entorno-empresarial\/camara-de-comercio-ccij-y-coparmex-jalisco-llaman-a-empresas-a-reforzar-medidas-sanitarias\/","title":{"rendered":"C\u00e1mara de Comercio, CCIJ y Coparmex Jalisco llaman a empresas a reforzar medidas sanitarias"},"content":{"rendered":"\n<ul class=\"wp-block-list\"><li>Ante el aumento de contagios por COVID-19, pedimos a todas las unidades productivas, seguir y aplicar estrictamente las medidas sanitarias dictadas por la Mesa de Salud, as\u00ed como privilegiar el trabajo remoto.<\/li><\/ul>\n\n\n\n<p>Guadalajara, Jalisco. A 18 de enero de 2022. Ante el incremento de casos por coronavirus informado el d\u00eda de ayer por el Gobierno de Jalisco, la C\u00e1mara de Comercio de Guadalajara, el Consejo de C\u00e1maras de Industriales de Jalisco (CCIJ) y Coparmex Jalisco, se unen para emitir un llamado a las empresas de todos los sectores de la entidad, a reforzar las medidas establecidas por las autoridades sanitarias, para reducir los contagios y seguir en la ruta de la Reactivaci\u00f3n Econ\u00f3mica con Responsabilidad.&nbsp;<\/p>\n\n\n\n<p>Pedimos a las empresas y nuestros agremiados:<\/p>\n\n\n\n<p>1. Privilegiar el trabajo remoto en aquellas empresas que por sus caracter\u00edsticas puedan seguir operando a distancia.<\/p>\n\n\n\n<p>2. No descuidar, promover y reforzar estrictamente los protocolos ya conocidos:<\/p>\n\n\n\n<ul class=\"wp-block-list\"><li>Uso correcto del cubre bocas<\/li><li>Lavado constante de manos<\/li><li>Aplicaci\u00f3n de gel antibacterial<\/li><li>Respeto por los aforos establecidos<\/li><li>Cuidar la sana distancia<\/li><li>Evitar aglomeraciones<\/li><\/ul>\n\n\n\n<p>3. Facilitar e impulsar la vacunaci\u00f3n de todos los colaboradores, proveedores, aliados, familias y todas las personas en general.<\/p>\n\n\n\n<p>4. Solicitar el certificado de vacunaci\u00f3n, prueba negativa o papeleta de vacunaci\u00f3n de dosis a los clientes, si el negocio: es casino, bar, antro, estadio, ofrece conciertos eventos masivos, es un centro de convenci\u00f3n \u00f3 sal\u00f3n de eventos.<\/p>\n\n\n\n<p>5. Ayudar en la identificaci\u00f3n de los casos positivos de personal en la empresa y facilitar su aislamiento, usando la plataforma habilitada por el IMSS para agilizar el tr\u00e1mite de incapacidades y permisos por COVID-19.<\/p>\n\n\n\n<p>6. No relajar las medidas en la convivencia social.<\/p>\n\n\n\n<p>Preocupados por la p\u00e9rdida de empleos que esta pandemia ha ocasionado desde abril de 2020, y el impacto que ha tenido en la econom\u00eda y bienestar familiar, hacemos tambi\u00e9n un llamado general a la sociedad, para que juntas y juntos cuidemos nuestra salud, as\u00ed como nuestras fuentes de empleo.<\/p>\n\n\n\n<p><strong>Sigamos las medidas, frenemos los contagios y aseguremos la reactivaci\u00f3n econ\u00f3mica con salud.<\/strong><\/p>\n","protected":false},"excerpt":{"rendered":"<p>Ante el aumento de contagios por COVID-19, pedimos a todas las unidades productivas, seguir y aplicar estrictamente las medidas sanitarias dictadas por la Mesa de<\/p>\n","protected":false},"author":2,"featured_media":6383,"comment_status":"open","ping_status":"open","sticky":false,"template":"","format":"standard","meta":{"footnotes":""},"categories":[348],"tags":[1152,1153,405,431,173,1140],"class_list":["post-6382","post","type-post","status-publish","format-standard","has-post-thumbnail","hentry","category-noticias","tag-camara-de-comercio","tag-ccij","tag-coparmex-jalisco","tag-covid-19","tag-empresas","tag-medidas-sanitarias"],"yoast_head":"<!-- This site is optimized with the Yoast SEO plugin v27.5 - https:\/\/yoast.com\/product\/yoast-seo-wordpress\/ -->\n<title>C\u00e1mara de Comercio, CCIJ y Coparmex Jalisco llaman a empresas a reforzar medidas sanitarias - Entorno Empresarial<\/title>\n<meta name=\"robots\" content=\"index, follow, max-snippet:-1, max-image-preview:large, max-video-preview:-1\" \/>\n<link rel=\"canonical\" href=\"https:\/\/coparmexjal.org.mx\/entorno-empresarial\/camara-de-comercio-ccij-y-coparmex-jalisco-llaman-a-empresas-a-reforzar-medidas-sanitarias\/\" \/>\n<meta property=\"og:locale\" content=\"es_MX\" \/>\n<meta property=\"og:type\" content=\"article\" \/>\n<meta property=\"og:title\" content=\"C\u00e1mara de Comercio, CCIJ y Coparmex Jalisco llaman a empresas a reforzar medidas sanitarias - Entorno Empresarial\" \/>\n<meta property=\"og:description\" content=\"Ante el aumento de contagios por COVID-19, pedimos a todas las unidades productivas, seguir y aplicar estrictamente las medidas sanitarias dictadas por la Mesa de\" \/>\n<meta property=\"og:url\" content=\"https:\/\/coparmexjal.org.mx\/entorno-empresarial\/camara-de-comercio-ccij-y-coparmex-jalisco-llaman-a-empresas-a-reforzar-medidas-sanitarias\/\" \/>\n<meta property=\"og:site_name\" content=\"Entorno Empresarial\" \/>\n<meta property=\"article:publisher\" content=\"https:\/\/facebook.com\/comcoparmex\" \/>\n<meta property=\"article:published_time\" content=\"2022-01-18T17:02:42+00:00\" \/>\n<meta property=\"article:modified_time\" content=\"2022-02-08T17:54:54+00:00\" \/>\n<meta property=\"og:image\" content=\"https:\/\/coparmexjal.org.mx\/entorno-empresarial\/wp-content\/uploads\/2022\/01\/220118_Rueda-de-Prensa-Cupulas-3.jpg\" \/>\n\t<meta property=\"og:image:width\" content=\"843\" \/>\n\t<meta property=\"og:image:height\" content=\"475\" \/>\n\t<meta property=\"og:image:type\" content=\"image\/jpeg\" \/>\n<meta name=\"author\" content=\"Coparmex Jalisco\" \/>\n<meta name=\"twitter:card\" content=\"summary_large_image\" \/>\n<meta name=\"twitter:creator\" content=\"@comcoparmex\" \/>\n<meta name=\"twitter:site\" content=\"@comcoparmex\" \/>\n<meta name=\"twitter:label1\" content=\"Escrito por\" \/>\n\t<meta name=\"twitter:data1\" content=\"Coparmex Jalisco\" \/>\n\t<meta name=\"twitter:label2\" content=\"Tiempo de lectura\" \/>\n\t<meta name=\"twitter:data2\" content=\"2 minutos\" \/>\n<script type=\"application\/ld+json\" class=\"yoast-schema-graph\">{\"@context\":\"https:\\\/\\\/schema.org\",\"@graph\":[{\"@type\":\"Article\",\"@id\":\"https:\\\/\\\/coparmexjal.org.mx\\\/entorno-empresarial\\\/camara-de-comercio-ccij-y-coparmex-jalisco-llaman-a-empresas-a-reforzar-medidas-sanitarias\\\/#article\",\"isPartOf\":{\"@id\":\"https:\\\/\\\/coparmexjal.org.mx\\\/entorno-empresarial\\\/camara-de-comercio-ccij-y-coparmex-jalisco-llaman-a-empresas-a-reforzar-medidas-sanitarias\\\/\"},\"author\":{\"name\":\"Coparmex Jalisco\",\"@id\":\"https:\\\/\\\/coparmexjal.org.mx\\\/entorno-empresarial\\\/#\\\/schema\\\/person\\\/7d1d56a9587bfb3a725cd3dbfbdb9d44\"},\"headline\":\"C\u00e1mara de Comercio, CCIJ y Coparmex Jalisco llaman a empresas a reforzar medidas sanitarias\",\"datePublished\":\"2022-01-18T17:02:42+00:00\",\"dateModified\":\"2022-02-08T17:54:54+00:00\",\"mainEntityOfPage\":{\"@id\":\"https:\\\/\\\/coparmexjal.org.mx\\\/entorno-empresarial\\\/camara-de-comercio-ccij-y-coparmex-jalisco-llaman-a-empresas-a-reforzar-medidas-sanitarias\\\/\"},\"wordCount\":362,\"commentCount\":0,\"publisher\":{\"@id\":\"https:\\\/\\\/coparmexjal.org.mx\\\/entorno-empresarial\\\/#organization\"},\"image\":{\"@id\":\"https:\\\/\\\/coparmexjal.org.mx\\\/entorno-empresarial\\\/camara-de-comercio-ccij-y-coparmex-jalisco-llaman-a-empresas-a-reforzar-medidas-sanitarias\\\/#primaryimage\"},\"thumbnailUrl\":\"https:\\\/\\\/coparmexjal.org.mx\\\/entorno-empresarial\\\/wp-content\\\/uploads\\\/2022\\\/01\\\/220118_Rueda-de-Prensa-Cupulas-3.jpg\",\"keywords\":[\"C\u00e1mara de Comercio\",\"CCIJ\",\"coparmex jalisco\",\"covid-19\",\"empresas\",\"Medidas Sanitarias\"],\"articleSection\":[\"Noticias\"],\"inLanguage\":\"es\",\"potentialAction\":[{\"@type\":\"CommentAction\",\"name\":\"Comment\",\"target\":[\"https:\\\/\\\/coparmexjal.org.mx\\\/entorno-empresarial\\\/camara-de-comercio-ccij-y-coparmex-jalisco-llaman-a-empresas-a-reforzar-medidas-sanitarias\\\/#respond\"]}]},{\"@type\":\"WebPage\",\"@id\":\"https:\\\/\\\/coparmexjal.org.mx\\\/entorno-empresarial\\\/camara-de-comercio-ccij-y-coparmex-jalisco-llaman-a-empresas-a-reforzar-medidas-sanitarias\\\/\",\"url\":\"https:\\\/\\\/coparmexjal.org.mx\\\/entorno-empresarial\\\/camara-de-comercio-ccij-y-coparmex-jalisco-llaman-a-empresas-a-reforzar-medidas-sanitarias\\\/\",\"name\":\"C\u00e1mara de Comercio, CCIJ y Coparmex Jalisco llaman a empresas a reforzar medidas sanitarias - Entorno Empresarial\",\"isPartOf\":{\"@id\":\"https:\\\/\\\/coparmexjal.org.mx\\\/entorno-empresarial\\\/#website\"},\"primaryImageOfPage\":{\"@id\":\"https:\\\/\\\/coparmexjal.org.mx\\\/entorno-empresarial\\\/camara-de-comercio-ccij-y-coparmex-jalisco-llaman-a-empresas-a-reforzar-medidas-sanitarias\\\/#primaryimage\"},\"image\":{\"@id\":\"https:\\\/\\\/coparmexjal.org.mx\\\/entorno-empresarial\\\/camara-de-comercio-ccij-y-coparmex-jalisco-llaman-a-empresas-a-reforzar-medidas-sanitarias\\\/#primaryimage\"},\"thumbnailUrl\":\"https:\\\/\\\/coparmexjal.org.mx\\\/entorno-empresarial\\\/wp-content\\\/uploads\\\/2022\\\/01\\\/220118_Rueda-de-Prensa-Cupulas-3.jpg\",\"datePublished\":\"2022-01-18T17:02:42+00:00\",\"dateModified\":\"2022-02-08T17:54:54+00:00\",\"breadcrumb\":{\"@id\":\"https:\\\/\\\/coparmexjal.org.mx\\\/entorno-empresarial\\\/camara-de-comercio-ccij-y-coparmex-jalisco-llaman-a-empresas-a-reforzar-medidas-sanitarias\\\/#breadcrumb\"},\"inLanguage\":\"es\",\"potentialAction\":[{\"@type\":\"ReadAction\",\"target\":[\"https:\\\/\\\/coparmexjal.org.mx\\\/entorno-empresarial\\\/camara-de-comercio-ccij-y-coparmex-jalisco-llaman-a-empresas-a-reforzar-medidas-sanitarias\\\/\"]}]},{\"@type\":\"ImageObject\",\"inLanguage\":\"es\",\"@id\":\"https:\\\/\\\/coparmexjal.org.mx\\\/entorno-empresarial\\\/camara-de-comercio-ccij-y-coparmex-jalisco-llaman-a-empresas-a-reforzar-medidas-sanitarias\\\/#primaryimage\",\"url\":\"https:\\\/\\\/coparmexjal.org.mx\\\/entorno-empresarial\\\/wp-content\\\/uploads\\\/2022\\\/01\\\/220118_Rueda-de-Prensa-Cupulas-3.jpg\",\"contentUrl\":\"https:\\\/\\\/coparmexjal.org.mx\\\/entorno-empresarial\\\/wp-content\\\/uploads\\\/2022\\\/01\\\/220118_Rueda-de-Prensa-Cupulas-3.jpg\",\"width\":843,\"height\":475},{\"@type\":\"BreadcrumbList\",\"@id\":\"https:\\\/\\\/coparmexjal.org.mx\\\/entorno-empresarial\\\/camara-de-comercio-ccij-y-coparmex-jalisco-llaman-a-empresas-a-reforzar-medidas-sanitarias\\\/#breadcrumb\",\"itemListElement\":[{\"@type\":\"ListItem\",\"position\":1,\"name\":\"Inicio\",\"item\":\"https:\\\/\\\/coparmexjal.org.mx\\\/entorno-empresarial\\\/\"},{\"@type\":\"ListItem\",\"position\":2,\"name\":\"C\u00e1mara de Comercio, CCIJ y Coparmex Jalisco llaman a empresas a reforzar medidas sanitarias\"}]},{\"@type\":\"WebSite\",\"@id\":\"https:\\\/\\\/coparmexjal.org.mx\\\/entorno-empresarial\\\/#website\",\"url\":\"https:\\\/\\\/coparmexjal.org.mx\\\/entorno-empresarial\\\/\",\"name\":\"Revista Entorno Empresarial\",\"description\":\"Coparmex Jalisco\",\"publisher\":{\"@id\":\"https:\\\/\\\/coparmexjal.org.mx\\\/entorno-empresarial\\\/#organization\"},\"potentialAction\":[{\"@type\":\"SearchAction\",\"target\":{\"@type\":\"EntryPoint\",\"urlTemplate\":\"https:\\\/\\\/coparmexjal.org.mx\\\/entorno-empresarial\\\/?s={search_term_string}\"},\"query-input\":{\"@type\":\"PropertyValueSpecification\",\"valueRequired\":true,\"valueName\":\"search_term_string\"}}],\"inLanguage\":\"es\"},{\"@type\":\"Organization\",\"@id\":\"https:\\\/\\\/coparmexjal.org.mx\\\/entorno-empresarial\\\/#organization\",\"name\":\"Coparmex Jalisco\",\"url\":\"https:\\\/\\\/coparmexjal.org.mx\\\/entorno-empresarial\\\/\",\"logo\":{\"@type\":\"ImageObject\",\"inLanguage\":\"es\",\"@id\":\"https:\\\/\\\/coparmexjal.org.mx\\\/entorno-empresarial\\\/#\\\/schema\\\/logo\\\/image\\\/\",\"url\":\"https:\\\/\\\/coparmexjal.org.mx\\\/entorno-empresarial\\\/wp-content\\\/uploads\\\/2020\\\/02\\\/logo-amp.png\",\"contentUrl\":\"https:\\\/\\\/coparmexjal.org.mx\\\/entorno-empresarial\\\/wp-content\\\/uploads\\\/2020\\\/02\\\/logo-amp.png\",\"width\":120,\"height\":90,\"caption\":\"Coparmex Jalisco\"},\"image\":{\"@id\":\"https:\\\/\\\/coparmexjal.org.mx\\\/entorno-empresarial\\\/#\\\/schema\\\/logo\\\/image\\\/\"},\"sameAs\":[\"https:\\\/\\\/facebook.com\\\/comcoparmex\",\"https:\\\/\\\/x.com\\\/comcoparmex\",\"http:\\\/\\\/instagram.com\\\/coparmexjalisco\",\"https:\\\/\\\/mx.linkedin.com\\\/company\\\/coparmex-jalisco\",\"https:\\\/\\\/www.youtube.com\\\/c\\\/CoparmexJaliscomx\"]},{\"@type\":\"Person\",\"@id\":\"https:\\\/\\\/coparmexjal.org.mx\\\/entorno-empresarial\\\/#\\\/schema\\\/person\\\/7d1d56a9587bfb3a725cd3dbfbdb9d44\",\"name\":\"Coparmex Jalisco\",\"image\":{\"@type\":\"ImageObject\",\"inLanguage\":\"es\",\"@id\":\"https:\\\/\\\/coparmexjal.org.mx\\\/entorno-empresarial\\\/wp-content\\\/uploads\\\/2020\\\/06\\\/favicon-150x133.png\",\"url\":\"https:\\\/\\\/coparmexjal.org.mx\\\/entorno-empresarial\\\/wp-content\\\/uploads\\\/2020\\\/06\\\/favicon-150x133.png\",\"contentUrl\":\"https:\\\/\\\/coparmexjal.org.mx\\\/entorno-empresarial\\\/wp-content\\\/uploads\\\/2020\\\/06\\\/favicon-150x133.png\",\"caption\":\"Coparmex Jalisco\"},\"url\":\"https:\\\/\\\/coparmexjal.org.mx\\\/entorno-empresarial\\\/author\\\/coparmexjalisco\\\/\"}]}<\/script>\n<!-- \/ Yoast SEO plugin. -->","yoast_head_json":{"title":"C\u00e1mara de Comercio, CCIJ y Coparmex Jalisco llaman a empresas a reforzar medidas sanitarias - Entorno Empresarial","robots":{"index":"index","follow":"follow","max-snippet":"max-snippet:-1","max-image-preview":"max-image-preview:large","max-video-preview":"max-video-preview:-1"},"canonical":"https:\/\/coparmexjal.org.mx\/entorno-empresarial\/camara-de-comercio-ccij-y-coparmex-jalisco-llaman-a-empresas-a-reforzar-medidas-sanitarias\/","og_locale":"es_MX","og_type":"article","og_title":"C\u00e1mara de Comercio, CCIJ y Coparmex Jalisco llaman a empresas a reforzar medidas sanitarias - Entorno Empresarial","og_description":"Ante el aumento de contagios por COVID-19, pedimos a todas las unidades productivas, seguir y aplicar estrictamente las medidas sanitarias dictadas por la Mesa de","og_url":"https:\/\/coparmexjal.org.mx\/entorno-empresarial\/camara-de-comercio-ccij-y-coparmex-jalisco-llaman-a-empresas-a-reforzar-medidas-sanitarias\/","og_site_name":"Entorno Empresarial","article_publisher":"https:\/\/facebook.com\/comcoparmex","article_published_time":"2022-01-18T17:02:42+00:00","article_modified_time":"2022-02-08T17:54:54+00:00","og_image":[{"width":843,"height":475,"url":"https:\/\/coparmexjal.org.mx\/entorno-empresarial\/wp-content\/uploads\/2022\/01\/220118_Rueda-de-Prensa-Cupulas-3.jpg","type":"image\/jpeg"}],"author":"Coparmex Jalisco","twitter_card":"summary_large_image","twitter_creator":"@comcoparmex","twitter_site":"@comcoparmex","twitter_misc":{"Escrito por":"Coparmex Jalisco","Tiempo de lectura":"2 minutos"},"schema":{"@context":"https:\/\/schema.org","@graph":[{"@type":"Article","@id":"https:\/\/coparmexjal.org.mx\/entorno-empresarial\/camara-de-comercio-ccij-y-coparmex-jalisco-llaman-a-empresas-a-reforzar-medidas-sanitarias\/#article","isPartOf":{"@id":"https:\/\/coparmexjal.org.mx\/entorno-empresarial\/camara-de-comercio-ccij-y-coparmex-jalisco-llaman-a-empresas-a-reforzar-medidas-sanitarias\/"},"author":{"name":"Coparmex Jalisco","@id":"https:\/\/coparmexjal.org.mx\/entorno-empresarial\/#\/schema\/person\/7d1d56a9587bfb3a725cd3dbfbdb9d44"},"headline":"C\u00e1mara de Comercio, CCIJ y Coparmex Jalisco llaman a empresas a reforzar medidas sanitarias","datePublished":"2022-01-18T17:02:42+00:00","dateModified":"2022-02-08T17:54:54+00:00","mainEntityOfPage":{"@id":"https:\/\/coparmexjal.org.mx\/entorno-empresarial\/camara-de-comercio-ccij-y-coparmex-jalisco-llaman-a-empresas-a-reforzar-medidas-sanitarias\/"},"wordCount":362,"commentCount":0,"publisher":{"@id":"https:\/\/coparmexjal.org.mx\/entorno-empresarial\/#organization"},"image":{"@id":"https:\/\/coparmexjal.org.mx\/entorno-empresarial\/camara-de-comercio-ccij-y-coparmex-jalisco-llaman-a-empresas-a-reforzar-medidas-sanitarias\/#primaryimage"},"thumbnailUrl":"https:\/\/coparmexjal.org.mx\/entorno-empresarial\/wp-content\/uploads\/2022\/01\/220118_Rueda-de-Prensa-Cupulas-3.jpg","keywords":["C\u00e1mara de Comercio","CCIJ","coparmex jalisco","covid-19","empresas","Medidas Sanitarias"],"articleSection":["Noticias"],"inLanguage":"es","potentialAction":[{"@type":"CommentAction","name":"Comment","target":["https:\/\/coparmexjal.org.mx\/entorno-empresarial\/camara-de-comercio-ccij-y-coparmex-jalisco-llaman-a-empresas-a-reforzar-medidas-sanitarias\/#respond"]}]},{"@type":"WebPage","@id":"https:\/\/coparmexjal.org.mx\/entorno-empresarial\/camara-de-comercio-ccij-y-coparmex-jalisco-llaman-a-empresas-a-reforzar-medidas-sanitarias\/","url":"https:\/\/coparmexjal.org.mx\/entorno-empresarial\/camara-de-comercio-ccij-y-coparmex-jalisco-llaman-a-empresas-a-reforzar-medidas-sanitarias\/","name":"C\u00e1mara de Comercio, CCIJ y Coparmex Jalisco llaman a empresas a reforzar medidas sanitarias - Entorno Empresarial","isPartOf":{"@id":"https:\/\/coparmexjal.org.mx\/entorno-empresarial\/#website"},"primaryImageOfPage":{"@id":"https:\/\/coparmexjal.org.mx\/entorno-empresarial\/camara-de-comercio-ccij-y-coparmex-jalisco-llaman-a-empresas-a-reforzar-medidas-sanitarias\/#primaryimage"},"image":{"@id":"https:\/\/coparmexjal.org.mx\/entorno-empresarial\/camara-de-comercio-ccij-y-coparmex-jalisco-llaman-a-empresas-a-reforzar-medidas-sanitarias\/#primaryimage"},"thumbnailUrl":"https:\/\/coparmexjal.org.mx\/entorno-empresarial\/wp-content\/uploads\/2022\/01\/220118_Rueda-de-Prensa-Cupulas-3.jpg","datePublished":"2022-01-18T17:02:42+00:00","dateModified":"2022-02-08T17:54:54+00:00","breadcrumb":{"@id":"https:\/\/coparmexjal.org.mx\/entorno-empresarial\/camara-de-comercio-ccij-y-coparmex-jalisco-llaman-a-empresas-a-reforzar-medidas-sanitarias\/#breadcrumb"},"inLanguage":"es","potentialAction":[{"@type":"ReadAction","target":["https:\/\/coparmexjal.org.mx\/entorno-empresarial\/camara-de-comercio-ccij-y-coparmex-jalisco-llaman-a-empresas-a-reforzar-medidas-sanitarias\/"]}]},{"@type":"ImageObject","inLanguage":"es","@id":"https:\/\/coparmexjal.org.mx\/entorno-empresarial\/camara-de-comercio-ccij-y-coparmex-jalisco-llaman-a-empresas-a-reforzar-medidas-sanitarias\/#primaryimage","url":"https:\/\/coparmexjal.org.mx\/entorno-empresarial\/wp-content\/uploads\/2022\/01\/220118_Rueda-de-Prensa-Cupulas-3.jpg","contentUrl":"https:\/\/coparmexjal.org.mx\/entorno-empresarial\/wp-content\/uploads\/2022\/01\/220118_Rueda-de-Prensa-Cupulas-3.jpg","width":843,"height":475},{"@type":"BreadcrumbList","@id":"https:\/\/coparmexjal.org.mx\/entorno-empresarial\/camara-de-comercio-ccij-y-coparmex-jalisco-llaman-a-empresas-a-reforzar-medidas-sanitarias\/#breadcrumb","itemListElement":[{"@type":"ListItem","position":1,"name":"Inicio","item":"https:\/\/coparmexjal.org.mx\/entorno-empresarial\/"},{"@type":"ListItem","position":2,"name":"C\u00e1mara de Comercio, CCIJ y Coparmex Jalisco llaman a empresas a reforzar medidas sanitarias"}]},{"@type":"WebSite","@id":"https:\/\/coparmexjal.org.mx\/entorno-empresarial\/#website","url":"https:\/\/coparmexjal.org.mx\/entorno-empresarial\/","name":"Revista Entorno Empresarial","description":"Coparmex Jalisco","publisher":{"@id":"https:\/\/coparmexjal.org.mx\/entorno-empresarial\/#organization"},"potentialAction":[{"@type":"SearchAction","target":{"@type":"EntryPoint","urlTemplate":"https:\/\/coparmexjal.org.mx\/entorno-empresarial\/?s={search_term_string}"},"query-input":{"@type":"PropertyValueSpecification","valueRequired":true,"valueName":"search_term_string"}}],"inLanguage":"es"},{"@type":"Organization","@id":"https:\/\/coparmexjal.org.mx\/entorno-empresarial\/#organization","name":"Coparmex Jalisco","url":"https:\/\/coparmexjal.org.mx\/entorno-empresarial\/","logo":{"@type":"ImageObject","inLanguage":"es","@id":"https:\/\/coparmexjal.org.mx\/entorno-empresarial\/#\/schema\/logo\/image\/","url":"https:\/\/coparmexjal.org.mx\/entorno-empresarial\/wp-content\/uploads\/2020\/02\/logo-amp.png","contentUrl":"https:\/\/coparmexjal.org.mx\/entorno-empresarial\/wp-content\/uploads\/2020\/02\/logo-amp.png","width":120,"height":90,"caption":"Coparmex Jalisco"},"image":{"@id":"https:\/\/coparmexjal.org.mx\/entorno-empresarial\/#\/schema\/logo\/image\/"},"sameAs":["https:\/\/facebook.com\/comcoparmex","https:\/\/x.com\/comcoparmex","http:\/\/instagram.com\/coparmexjalisco","https:\/\/mx.linkedin.com\/company\/coparmex-jalisco","https:\/\/www.youtube.com\/c\/CoparmexJaliscomx"]},{"@type":"Person","@id":"https:\/\/coparmexjal.org.mx\/entorno-empresarial\/#\/schema\/person\/7d1d56a9587bfb3a725cd3dbfbdb9d44","name":"Coparmex Jalisco","image":{"@type":"ImageObject","inLanguage":"es","@id":"https:\/\/coparmexjal.org.mx\/entorno-empresarial\/wp-content\/uploads\/2020\/06\/favicon-150x133.png","url":"https:\/\/coparmexjal.org.mx\/entorno-empresarial\/wp-content\/uploads\/2020\/06\/favicon-150x133.png","contentUrl":"https:\/\/coparmexjal.org.mx\/entorno-empresarial\/wp-content\/uploads\/2020\/06\/favicon-150x133.png","caption":"Coparmex Jalisco"},"url":"https:\/\/coparmexjal.org.mx\/entorno-empresarial\/author\/coparmexjalisco\/"}]}},"_links":{"self":[{"href":"https:\/\/coparmexjal.org.mx\/entorno-empresarial\/wp-json\/wp\/v2\/posts\/6382","targetHints":{"allow":["GET"]}}],"collection":[{"href":"https:\/\/coparmexjal.org.mx\/entorno-empresarial\/wp-json\/wp\/v2\/posts"}],"about":[{"href":"https:\/\/coparmexjal.org.mx\/entorno-empresarial\/wp-json\/wp\/v2\/types\/post"}],"author":[{"embeddable":true,"href":"https:\/\/coparmexjal.org.mx\/entorno-empresarial\/wp-json\/wp\/v2\/users\/2"}],"replies":[{"embeddable":true,"href":"https:\/\/coparmexjal.org.mx\/entorno-empresarial\/wp-json\/wp\/v2\/comments?post=6382"}],"version-history":[{"count":1,"href":"https:\/\/coparmexjal.org.mx\/entorno-empresarial\/wp-json\/wp\/v2\/posts\/6382\/revisions"}],"predecessor-version":[{"id":6384,"href":"https:\/\/coparmexjal.org.mx\/entorno-empresarial\/wp-json\/wp\/v2\/posts\/6382\/revisions\/6384"}],"wp:featuredmedia":[{"embeddable":true,"href":"https:\/\/coparmexjal.org.mx\/entorno-empresarial\/wp-json\/wp\/v2\/media\/6383"}],"wp:attachment":[{"href":"https:\/\/coparmexjal.org.mx\/entorno-empresarial\/wp-json\/wp\/v2\/media?parent=6382"}],"wp:term":[{"taxonomy":"category","embeddable":true,"href":"https:\/\/coparmexjal.org.mx\/entorno-empresarial\/wp-json\/wp\/v2\/categories?post=6382"},{"taxonomy":"post_tag","embeddable":true,"href":"https:\/\/coparmexjal.org.mx\/entorno-empresarial\/wp-json\/wp\/v2\/tags?post=6382"}],"curies":[{"name":"wp","href":"https:\/\/api.w.org\/{rel}","templated":true}]}}