{"id":6375,"date":"2021-12-08T10:15:00","date_gmt":"2021-12-08T16:15:00","guid":{"rendered":"https:\/\/coparmexjal.org.mx\/entorno-empresarial\/?p=6375"},"modified":"2022-01-17T15:59:58","modified_gmt":"2022-01-17T21:59:58","slug":"emprender-con-equilibrio","status":"publish","type":"post","link":"https:\/\/coparmexjal.org.mx\/entorno-empresarial\/emprender-con-equilibrio\/","title":{"rendered":"Emprender con Equilibrio"},"content":{"rendered":"\n<p><em>Emprender con equilibrio<\/em> es un libro que nos habla del emprendimiento desde un enfoque diferente y novedoso; las creencias que nos definen y muchas veces delimitan nuestros proyectos y quehaceres. Cuando estas creencias son compartidas llegan a convertirse en mitos que se expresan en frases hechas o lugares comunes que por su uso constante adquieren categor\u00eda de verdades absolutas\u2026y quiz\u00e1 no lo sean.<\/p>\n\n\n\n<p>Carolina Nieto, la autora, es consultora experta en emprendimientos de mujeres, con quienes ha trabajado durante m\u00e1s de treinta a\u00f1os, principalmente en comunidades ind\u00edgenas. A trav\u00e9s del tiempo, se ha dado cuenta que muchas de las ideas que las limitan son las mismas que la de las mujeres en la ciudad. Esta obra es fruto de su amplio conocimiento y de las valiosas experiencias adquiridas que comparte con la ilusi\u00f3n de que alienten y sirvan a m\u00e1s mujeres emprendedoras.<\/p>\n\n\n\n<p>Cada cap\u00edtulo, de esta nueva publicaci\u00f3n, trata de alguna de estas creencias, confronta y reflexiona la necesidad de dejarlas a un lado, con el objetivo de ampliar las posibilidades de \u00e9xito para despu\u00e9s cuestionar la manera en que los logros se valoran.<\/p>\n\n\n\n<p>Una de las creencias, de las que habla, es \u201cel emprendimiento no es lo m\u00edo\u201d versus las mujeres por lo general emprendemos en tres espacios: el empresarial, el social y el pol\u00edtico. Para cualquiera de estos plantea los elementos b\u00e1sicos que son necesarios: 1) ofrecer un producto o servicio \u00fanico, que la gente quiera tenerlo o experimentarlo, 2) cumplir con lo que se ofrece y 3) conservar el prop\u00f3sito original que nos llev\u00f3 a emprender.<\/p>\n\n\n\n<p>En otro cap\u00edtulo confronta la idea de que lo dif\u00edcil es comenzar versus que lo dif\u00edcil es sostenerse y cumplir para tener \u00e9xito. Sobre esto, la autora, escribe que emprender es cumplir primero con los sue\u00f1os y las promesas que nos hacemos, y despu\u00e9s viene el qu\u00e9 es lo que ofrecemos a los dem\u00e1s.<\/p>\n\n\n\n<p>Otras creencias son: lo dif\u00edcil es comenzar, hay que trabajar de sol a sol, el emprendimiento no es lo m\u00edo, las emociones nos debilitan y un gran n\u00famero de ideas repetidas com\u00fanmente son cuestionadas en esta obra. La gran pregunta es: \u00bfHasta d\u00f3nde son ciertas y hasta d\u00f3nde no, y se vuelven obst\u00e1culos en nuestro crecimiento personal? Con naturalidad, este libro logra el dif\u00edcil equilibrio entre la sencillez y la profundidad, entre el discernimiento y la pr\u00e1ctica. Su subt\u00edtulo resume con claridad el esp\u00edritu que lo anima: Mujeres que rompen mitos.<\/p>\n","protected":false},"excerpt":{"rendered":"<p>Emprender con equilibrio es un libro que nos habla del emprendimiento desde un enfoque diferente y novedoso; las creencias que nos definen y muchas veces delimitan nuestros proyectos y quehaceres. Cuando estas creencias son compartidas llegan a convertirse en mitos que se expresan en frases hechas o lugares comunes que por su uso constante adquieren categor\u00eda de verdades absolutas\u2026y quiz\u00e1 no lo sean.<\/p>\n","protected":false},"author":8,"featured_media":6376,"comment_status":"open","ping_status":"open","sticky":false,"template":"","format":"standard","meta":{"footnotes":""},"categories":[161,159],"tags":[1147,474,1146,252,1145,527,1144],"class_list":["post-6375","post","type-post","status-publish","format-standard","has-post-thumbnail","hentry","category-emprende","category-letras","tag-carolina-nieto","tag-emprender","tag-emprender-con-equilibrio","tag-emprendimiento","tag-equilibrio","tag-mujer-emprendedora","tag-paradigmas"],"yoast_head":"<!-- This site is optimized with the Yoast SEO plugin v27.5 - https:\/\/yoast.com\/product\/yoast-seo-wordpress\/ -->\n<title>Emprender con Equilibrio - Entorno Empresarial<\/title>\n<meta name=\"description\" content=\"Emprender con equilibrio es un libro que nos habla del emprendimiento desde un enfoque diferente y novedoso.\" \/>\n<meta name=\"robots\" content=\"index, follow, max-snippet:-1, max-image-preview:large, max-video-preview:-1\" \/>\n<link rel=\"canonical\" href=\"https:\/\/coparmexjal.org.mx\/entorno-empresarial\/emprender-con-equilibrio\/\" \/>\n<meta property=\"og:locale\" content=\"es_MX\" \/>\n<meta property=\"og:type\" content=\"article\" \/>\n<meta property=\"og:title\" content=\"Emprender con Equilibrio - Entorno Empresarial\" \/>\n<meta property=\"og:description\" content=\"Emprender con equilibrio es un libro que nos habla del emprendimiento desde un enfoque diferente y novedoso.\" \/>\n<meta property=\"og:url\" content=\"https:\/\/coparmexjal.org.mx\/entorno-empresarial\/emprender-con-equilibrio\/\" \/>\n<meta property=\"og:site_name\" content=\"Entorno Empresarial\" \/>\n<meta property=\"article:publisher\" content=\"https:\/\/facebook.com\/comcoparmex\" \/>\n<meta property=\"article:published_time\" content=\"2021-12-08T16:15:00+00:00\" \/>\n<meta property=\"article:modified_time\" content=\"2022-01-17T21:59:58+00:00\" \/>\n<meta property=\"og:image\" content=\"https:\/\/coparmexjal.org.mx\/entorno-empresarial\/wp-content\/uploads\/2022\/01\/Emprender-con-equilibrio-1era-forros-BW.jpg\" \/>\n\t<meta property=\"og:image:width\" content=\"513\" \/>\n\t<meta property=\"og:image:height\" content=\"800\" \/>\n\t<meta property=\"og:image:type\" content=\"image\/jpeg\" \/>\n<meta name=\"author\" content=\"Bertha In\u00e9s Herrer\u00edas Franco\" \/>\n<meta name=\"twitter:card\" content=\"summary_large_image\" \/>\n<meta name=\"twitter:creator\" content=\"@comcoparmex\" \/>\n<meta name=\"twitter:site\" content=\"@comcoparmex\" \/>\n<meta name=\"twitter:label1\" content=\"Escrito por\" \/>\n\t<meta name=\"twitter:data1\" content=\"Bertha In\u00e9s Herrer\u00edas Franco\" \/>\n\t<meta name=\"twitter:label2\" content=\"Tiempo de lectura\" \/>\n\t<meta name=\"twitter:data2\" content=\"2 minutos\" \/>\n<script type=\"application\/ld+json\" class=\"yoast-schema-graph\">{\"@context\":\"https:\\\/\\\/schema.org\",\"@graph\":[{\"@type\":\"Article\",\"@id\":\"https:\\\/\\\/coparmexjal.org.mx\\\/entorno-empresarial\\\/emprender-con-equilibrio\\\/#article\",\"isPartOf\":{\"@id\":\"https:\\\/\\\/coparmexjal.org.mx\\\/entorno-empresarial\\\/emprender-con-equilibrio\\\/\"},\"author\":{\"name\":\"Bertha In\u00e9s Herrer\u00edas Franco\",\"@id\":\"https:\\\/\\\/coparmexjal.org.mx\\\/entorno-empresarial\\\/#\\\/schema\\\/person\\\/a5631197d27621bced2324279987e56a\"},\"headline\":\"Emprender con Equilibrio\",\"datePublished\":\"2021-12-08T16:15:00+00:00\",\"dateModified\":\"2022-01-17T21:59:58+00:00\",\"mainEntityOfPage\":{\"@id\":\"https:\\\/\\\/coparmexjal.org.mx\\\/entorno-empresarial\\\/emprender-con-equilibrio\\\/\"},\"wordCount\":436,\"commentCount\":0,\"publisher\":{\"@id\":\"https:\\\/\\\/coparmexjal.org.mx\\\/entorno-empresarial\\\/#organization\"},\"image\":{\"@id\":\"https:\\\/\\\/coparmexjal.org.mx\\\/entorno-empresarial\\\/emprender-con-equilibrio\\\/#primaryimage\"},\"thumbnailUrl\":\"https:\\\/\\\/coparmexjal.org.mx\\\/entorno-empresarial\\\/wp-content\\\/uploads\\\/2022\\\/01\\\/Emprender-con-equilibrio-1era-forros-BW.jpg\",\"keywords\":[\"Carolina Nieto\",\"emprender\",\"Emprender con equilibrio\",\"emprendimiento\",\"equilibrio\",\"Mujer emprendedora\",\"paradigmas\"],\"articleSection\":[\"Emprende\",\"Letras\"],\"inLanguage\":\"es\",\"potentialAction\":[{\"@type\":\"CommentAction\",\"name\":\"Comment\",\"target\":[\"https:\\\/\\\/coparmexjal.org.mx\\\/entorno-empresarial\\\/emprender-con-equilibrio\\\/#respond\"]}]},{\"@type\":\"WebPage\",\"@id\":\"https:\\\/\\\/coparmexjal.org.mx\\\/entorno-empresarial\\\/emprender-con-equilibrio\\\/\",\"url\":\"https:\\\/\\\/coparmexjal.org.mx\\\/entorno-empresarial\\\/emprender-con-equilibrio\\\/\",\"name\":\"Emprender con Equilibrio - Entorno Empresarial\",\"isPartOf\":{\"@id\":\"https:\\\/\\\/coparmexjal.org.mx\\\/entorno-empresarial\\\/#website\"},\"primaryImageOfPage\":{\"@id\":\"https:\\\/\\\/coparmexjal.org.mx\\\/entorno-empresarial\\\/emprender-con-equilibrio\\\/#primaryimage\"},\"image\":{\"@id\":\"https:\\\/\\\/coparmexjal.org.mx\\\/entorno-empresarial\\\/emprender-con-equilibrio\\\/#primaryimage\"},\"thumbnailUrl\":\"https:\\\/\\\/coparmexjal.org.mx\\\/entorno-empresarial\\\/wp-content\\\/uploads\\\/2022\\\/01\\\/Emprender-con-equilibrio-1era-forros-BW.jpg\",\"datePublished\":\"2021-12-08T16:15:00+00:00\",\"dateModified\":\"2022-01-17T21:59:58+00:00\",\"description\":\"Emprender con equilibrio es un libro que nos habla del emprendimiento desde un enfoque diferente y novedoso.\",\"breadcrumb\":{\"@id\":\"https:\\\/\\\/coparmexjal.org.mx\\\/entorno-empresarial\\\/emprender-con-equilibrio\\\/#breadcrumb\"},\"inLanguage\":\"es\",\"potentialAction\":[{\"@type\":\"ReadAction\",\"target\":[\"https:\\\/\\\/coparmexjal.org.mx\\\/entorno-empresarial\\\/emprender-con-equilibrio\\\/\"]}]},{\"@type\":\"ImageObject\",\"inLanguage\":\"es\",\"@id\":\"https:\\\/\\\/coparmexjal.org.mx\\\/entorno-empresarial\\\/emprender-con-equilibrio\\\/#primaryimage\",\"url\":\"https:\\\/\\\/coparmexjal.org.mx\\\/entorno-empresarial\\\/wp-content\\\/uploads\\\/2022\\\/01\\\/Emprender-con-equilibrio-1era-forros-BW.jpg\",\"contentUrl\":\"https:\\\/\\\/coparmexjal.org.mx\\\/entorno-empresarial\\\/wp-content\\\/uploads\\\/2022\\\/01\\\/Emprender-con-equilibrio-1era-forros-BW.jpg\",\"width\":513,\"height\":800},{\"@type\":\"BreadcrumbList\",\"@id\":\"https:\\\/\\\/coparmexjal.org.mx\\\/entorno-empresarial\\\/emprender-con-equilibrio\\\/#breadcrumb\",\"itemListElement\":[{\"@type\":\"ListItem\",\"position\":1,\"name\":\"Inicio\",\"item\":\"https:\\\/\\\/coparmexjal.org.mx\\\/entorno-empresarial\\\/\"},{\"@type\":\"ListItem\",\"position\":2,\"name\":\"Emprender con Equilibrio\"}]},{\"@type\":\"WebSite\",\"@id\":\"https:\\\/\\\/coparmexjal.org.mx\\\/entorno-empresarial\\\/#website\",\"url\":\"https:\\\/\\\/coparmexjal.org.mx\\\/entorno-empresarial\\\/\",\"name\":\"Revista Entorno Empresarial\",\"description\":\"Coparmex Jalisco\",\"publisher\":{\"@id\":\"https:\\\/\\\/coparmexjal.org.mx\\\/entorno-empresarial\\\/#organization\"},\"potentialAction\":[{\"@type\":\"SearchAction\",\"target\":{\"@type\":\"EntryPoint\",\"urlTemplate\":\"https:\\\/\\\/coparmexjal.org.mx\\\/entorno-empresarial\\\/?s={search_term_string}\"},\"query-input\":{\"@type\":\"PropertyValueSpecification\",\"valueRequired\":true,\"valueName\":\"search_term_string\"}}],\"inLanguage\":\"es\"},{\"@type\":\"Organization\",\"@id\":\"https:\\\/\\\/coparmexjal.org.mx\\\/entorno-empresarial\\\/#organization\",\"name\":\"Coparmex Jalisco\",\"url\":\"https:\\\/\\\/coparmexjal.org.mx\\\/entorno-empresarial\\\/\",\"logo\":{\"@type\":\"ImageObject\",\"inLanguage\":\"es\",\"@id\":\"https:\\\/\\\/coparmexjal.org.mx\\\/entorno-empresarial\\\/#\\\/schema\\\/logo\\\/image\\\/\",\"url\":\"https:\\\/\\\/coparmexjal.org.mx\\\/entorno-empresarial\\\/wp-content\\\/uploads\\\/2020\\\/02\\\/logo-amp.png\",\"contentUrl\":\"https:\\\/\\\/coparmexjal.org.mx\\\/entorno-empresarial\\\/wp-content\\\/uploads\\\/2020\\\/02\\\/logo-amp.png\",\"width\":120,\"height\":90,\"caption\":\"Coparmex Jalisco\"},\"image\":{\"@id\":\"https:\\\/\\\/coparmexjal.org.mx\\\/entorno-empresarial\\\/#\\\/schema\\\/logo\\\/image\\\/\"},\"sameAs\":[\"https:\\\/\\\/facebook.com\\\/comcoparmex\",\"https:\\\/\\\/x.com\\\/comcoparmex\",\"http:\\\/\\\/instagram.com\\\/coparmexjalisco\",\"https:\\\/\\\/mx.linkedin.com\\\/company\\\/coparmex-jalisco\",\"https:\\\/\\\/www.youtube.com\\\/c\\\/CoparmexJaliscomx\"]},{\"@type\":\"Person\",\"@id\":\"https:\\\/\\\/coparmexjal.org.mx\\\/entorno-empresarial\\\/#\\\/schema\\\/person\\\/a5631197d27621bced2324279987e56a\",\"name\":\"Bertha In\u00e9s Herrer\u00edas Franco\",\"image\":{\"@type\":\"ImageObject\",\"inLanguage\":\"es\",\"@id\":\"https:\\\/\\\/coparmexjal.org.mx\\\/entorno-empresarial\\\/wp-content\\\/uploads\\\/2020\\\/06\\\/lid-150x150.jpg\",\"url\":\"https:\\\/\\\/coparmexjal.org.mx\\\/entorno-empresarial\\\/wp-content\\\/uploads\\\/2020\\\/06\\\/lid-150x150.jpg\",\"contentUrl\":\"https:\\\/\\\/coparmexjal.org.mx\\\/entorno-empresarial\\\/wp-content\\\/uploads\\\/2020\\\/06\\\/lid-150x150.jpg\",\"caption\":\"Bertha In\u00e9s Herrer\u00edas Franco\"},\"description\":\"Gerente de comunicaci\u00f3n de LID Editorial Mexicana\",\"sameAs\":[\"https:\\\/\\\/www.lideditorial.com\"],\"url\":\"https:\\\/\\\/coparmexjal.org.mx\\\/entorno-empresarial\\\/author\\\/bertha-herrerias\\\/\"}]}<\/script>\n<!-- \/ Yoast SEO plugin. -->","yoast_head_json":{"title":"Emprender con Equilibrio - Entorno Empresarial","description":"Emprender con equilibrio es un libro que nos habla del emprendimiento desde un enfoque diferente y novedoso.","robots":{"index":"index","follow":"follow","max-snippet":"max-snippet:-1","max-image-preview":"max-image-preview:large","max-video-preview":"max-video-preview:-1"},"canonical":"https:\/\/coparmexjal.org.mx\/entorno-empresarial\/emprender-con-equilibrio\/","og_locale":"es_MX","og_type":"article","og_title":"Emprender con Equilibrio - Entorno Empresarial","og_description":"Emprender con equilibrio es un libro que nos habla del emprendimiento desde un enfoque diferente y novedoso.","og_url":"https:\/\/coparmexjal.org.mx\/entorno-empresarial\/emprender-con-equilibrio\/","og_site_name":"Entorno Empresarial","article_publisher":"https:\/\/facebook.com\/comcoparmex","article_published_time":"2021-12-08T16:15:00+00:00","article_modified_time":"2022-01-17T21:59:58+00:00","og_image":[{"width":513,"height":800,"url":"https:\/\/coparmexjal.org.mx\/entorno-empresarial\/wp-content\/uploads\/2022\/01\/Emprender-con-equilibrio-1era-forros-BW.jpg","type":"image\/jpeg"}],"author":"Bertha In\u00e9s Herrer\u00edas Franco","twitter_card":"summary_large_image","twitter_creator":"@comcoparmex","twitter_site":"@comcoparmex","twitter_misc":{"Escrito por":"Bertha In\u00e9s Herrer\u00edas Franco","Tiempo de lectura":"2 minutos"},"schema":{"@context":"https:\/\/schema.org","@graph":[{"@type":"Article","@id":"https:\/\/coparmexjal.org.mx\/entorno-empresarial\/emprender-con-equilibrio\/#article","isPartOf":{"@id":"https:\/\/coparmexjal.org.mx\/entorno-empresarial\/emprender-con-equilibrio\/"},"author":{"name":"Bertha In\u00e9s Herrer\u00edas Franco","@id":"https:\/\/coparmexjal.org.mx\/entorno-empresarial\/#\/schema\/person\/a5631197d27621bced2324279987e56a"},"headline":"Emprender con Equilibrio","datePublished":"2021-12-08T16:15:00+00:00","dateModified":"2022-01-17T21:59:58+00:00","mainEntityOfPage":{"@id":"https:\/\/coparmexjal.org.mx\/entorno-empresarial\/emprender-con-equilibrio\/"},"wordCount":436,"commentCount":0,"publisher":{"@id":"https:\/\/coparmexjal.org.mx\/entorno-empresarial\/#organization"},"image":{"@id":"https:\/\/coparmexjal.org.mx\/entorno-empresarial\/emprender-con-equilibrio\/#primaryimage"},"thumbnailUrl":"https:\/\/coparmexjal.org.mx\/entorno-empresarial\/wp-content\/uploads\/2022\/01\/Emprender-con-equilibrio-1era-forros-BW.jpg","keywords":["Carolina Nieto","emprender","Emprender con equilibrio","emprendimiento","equilibrio","Mujer emprendedora","paradigmas"],"articleSection":["Emprende","Letras"],"inLanguage":"es","potentialAction":[{"@type":"CommentAction","name":"Comment","target":["https:\/\/coparmexjal.org.mx\/entorno-empresarial\/emprender-con-equilibrio\/#respond"]}]},{"@type":"WebPage","@id":"https:\/\/coparmexjal.org.mx\/entorno-empresarial\/emprender-con-equilibrio\/","url":"https:\/\/coparmexjal.org.mx\/entorno-empresarial\/emprender-con-equilibrio\/","name":"Emprender con Equilibrio - Entorno Empresarial","isPartOf":{"@id":"https:\/\/coparmexjal.org.mx\/entorno-empresarial\/#website"},"primaryImageOfPage":{"@id":"https:\/\/coparmexjal.org.mx\/entorno-empresarial\/emprender-con-equilibrio\/#primaryimage"},"image":{"@id":"https:\/\/coparmexjal.org.mx\/entorno-empresarial\/emprender-con-equilibrio\/#primaryimage"},"thumbnailUrl":"https:\/\/coparmexjal.org.mx\/entorno-empresarial\/wp-content\/uploads\/2022\/01\/Emprender-con-equilibrio-1era-forros-BW.jpg","datePublished":"2021-12-08T16:15:00+00:00","dateModified":"2022-01-17T21:59:58+00:00","description":"Emprender con equilibrio es un libro que nos habla del emprendimiento desde un enfoque diferente y novedoso.","breadcrumb":{"@id":"https:\/\/coparmexjal.org.mx\/entorno-empresarial\/emprender-con-equilibrio\/#breadcrumb"},"inLanguage":"es","potentialAction":[{"@type":"ReadAction","target":["https:\/\/coparmexjal.org.mx\/entorno-empresarial\/emprender-con-equilibrio\/"]}]},{"@type":"ImageObject","inLanguage":"es","@id":"https:\/\/coparmexjal.org.mx\/entorno-empresarial\/emprender-con-equilibrio\/#primaryimage","url":"https:\/\/coparmexjal.org.mx\/entorno-empresarial\/wp-content\/uploads\/2022\/01\/Emprender-con-equilibrio-1era-forros-BW.jpg","contentUrl":"https:\/\/coparmexjal.org.mx\/entorno-empresarial\/wp-content\/uploads\/2022\/01\/Emprender-con-equilibrio-1era-forros-BW.jpg","width":513,"height":800},{"@type":"BreadcrumbList","@id":"https:\/\/coparmexjal.org.mx\/entorno-empresarial\/emprender-con-equilibrio\/#breadcrumb","itemListElement":[{"@type":"ListItem","position":1,"name":"Inicio","item":"https:\/\/coparmexjal.org.mx\/entorno-empresarial\/"},{"@type":"ListItem","position":2,"name":"Emprender con Equilibrio"}]},{"@type":"WebSite","@id":"https:\/\/coparmexjal.org.mx\/entorno-empresarial\/#website","url":"https:\/\/coparmexjal.org.mx\/entorno-empresarial\/","name":"Revista Entorno Empresarial","description":"Coparmex Jalisco","publisher":{"@id":"https:\/\/coparmexjal.org.mx\/entorno-empresarial\/#organization"},"potentialAction":[{"@type":"SearchAction","target":{"@type":"EntryPoint","urlTemplate":"https:\/\/coparmexjal.org.mx\/entorno-empresarial\/?s={search_term_string}"},"query-input":{"@type":"PropertyValueSpecification","valueRequired":true,"valueName":"search_term_string"}}],"inLanguage":"es"},{"@type":"Organization","@id":"https:\/\/coparmexjal.org.mx\/entorno-empresarial\/#organization","name":"Coparmex Jalisco","url":"https:\/\/coparmexjal.org.mx\/entorno-empresarial\/","logo":{"@type":"ImageObject","inLanguage":"es","@id":"https:\/\/coparmexjal.org.mx\/entorno-empresarial\/#\/schema\/logo\/image\/","url":"https:\/\/coparmexjal.org.mx\/entorno-empresarial\/wp-content\/uploads\/2020\/02\/logo-amp.png","contentUrl":"https:\/\/coparmexjal.org.mx\/entorno-empresarial\/wp-content\/uploads\/2020\/02\/logo-amp.png","width":120,"height":90,"caption":"Coparmex Jalisco"},"image":{"@id":"https:\/\/coparmexjal.org.mx\/entorno-empresarial\/#\/schema\/logo\/image\/"},"sameAs":["https:\/\/facebook.com\/comcoparmex","https:\/\/x.com\/comcoparmex","http:\/\/instagram.com\/coparmexjalisco","https:\/\/mx.linkedin.com\/company\/coparmex-jalisco","https:\/\/www.youtube.com\/c\/CoparmexJaliscomx"]},{"@type":"Person","@id":"https:\/\/coparmexjal.org.mx\/entorno-empresarial\/#\/schema\/person\/a5631197d27621bced2324279987e56a","name":"Bertha In\u00e9s Herrer\u00edas Franco","image":{"@type":"ImageObject","inLanguage":"es","@id":"https:\/\/coparmexjal.org.mx\/entorno-empresarial\/wp-content\/uploads\/2020\/06\/lid-150x150.jpg","url":"https:\/\/coparmexjal.org.mx\/entorno-empresarial\/wp-content\/uploads\/2020\/06\/lid-150x150.jpg","contentUrl":"https:\/\/coparmexjal.org.mx\/entorno-empresarial\/wp-content\/uploads\/2020\/06\/lid-150x150.jpg","caption":"Bertha In\u00e9s Herrer\u00edas Franco"},"description":"Gerente de comunicaci\u00f3n de LID Editorial Mexicana","sameAs":["https:\/\/www.lideditorial.com"],"url":"https:\/\/coparmexjal.org.mx\/entorno-empresarial\/author\/bertha-herrerias\/"}]}},"_links":{"self":[{"href":"https:\/\/coparmexjal.org.mx\/entorno-empresarial\/wp-json\/wp\/v2\/posts\/6375","targetHints":{"allow":["GET"]}}],"collection":[{"href":"https:\/\/coparmexjal.org.mx\/entorno-empresarial\/wp-json\/wp\/v2\/posts"}],"about":[{"href":"https:\/\/coparmexjal.org.mx\/entorno-empresarial\/wp-json\/wp\/v2\/types\/post"}],"author":[{"embeddable":true,"href":"https:\/\/coparmexjal.org.mx\/entorno-empresarial\/wp-json\/wp\/v2\/users\/8"}],"replies":[{"embeddable":true,"href":"https:\/\/coparmexjal.org.mx\/entorno-empresarial\/wp-json\/wp\/v2\/comments?post=6375"}],"version-history":[{"count":1,"href":"https:\/\/coparmexjal.org.mx\/entorno-empresarial\/wp-json\/wp\/v2\/posts\/6375\/revisions"}],"predecessor-version":[{"id":6377,"href":"https:\/\/coparmexjal.org.mx\/entorno-empresarial\/wp-json\/wp\/v2\/posts\/6375\/revisions\/6377"}],"wp:featuredmedia":[{"embeddable":true,"href":"https:\/\/coparmexjal.org.mx\/entorno-empresarial\/wp-json\/wp\/v2\/media\/6376"}],"wp:attachment":[{"href":"https:\/\/coparmexjal.org.mx\/entorno-empresarial\/wp-json\/wp\/v2\/media?parent=6375"}],"wp:term":[{"taxonomy":"category","embeddable":true,"href":"https:\/\/coparmexjal.org.mx\/entorno-empresarial\/wp-json\/wp\/v2\/categories?post=6375"},{"taxonomy":"post_tag","embeddable":true,"href":"https:\/\/coparmexjal.org.mx\/entorno-empresarial\/wp-json\/wp\/v2\/tags?post=6375"}],"curies":[{"name":"wp","href":"https:\/\/api.w.org\/{rel}","templated":true}]}}