{"id":6368,"date":"2022-01-13T13:29:15","date_gmt":"2022-01-13T19:29:15","guid":{"rendered":"https:\/\/coparmexjal.org.mx\/entorno-empresarial\/?p=6368"},"modified":"2022-02-08T11:55:43","modified_gmt":"2022-02-08T17:55:43","slug":"coparmex-jalisco-llama-al-sector-empresarial-para-sumarse-en-la-estrategia-de-contencion","status":"publish","type":"post","link":"https:\/\/coparmexjal.org.mx\/entorno-empresarial\/coparmex-jalisco-llama-al-sector-empresarial-para-sumarse-en-la-estrategia-de-contencion\/","title":{"rendered":"Coparmex Jalisco llama al sector empresarial para sumarse en la estrategia de contenci\u00f3n"},"content":{"rendered":"\n<ul class=\"wp-block-list\"><li>Al d\u00eda de hoy, las empresas manifiestan un incremento del 15% en la solicitud de incapacidades en las planillas laborales<\/li><li>87% de las empresas comenzaron a reforzar sus protocolos de control de contagios iniciando el 2022, el 13% restante lo hizo a ra\u00edz del anuncio de la mesa de salud el pasado lunes.<\/li><\/ul>\n\n\n\n<p>Despu\u00e9s de que la Mesa de Salud del gobierno estatal, presentara la estrategia de contenci\u00f3n en 6 puntos estrat\u00e9gicos, este organismo empresarial consider\u00f3 positivas las medidas anunciadas, al sobresalir que no deben detenerse las actividades econ\u00f3micas, \u201cun nuevo cierre podr\u00eda bajar la cortina de muchas unidades de negocios, especialmente peque\u00f1as empresas que apenas est\u00e1n recuper\u00e1ndose\u201d, indic\u00f3 Carlos Villase\u00f1or Franco, presidente de Coparmex Jalisco.<\/p>\n\n\n\n<p>Tras las expectativas de un rebrote derivado de las pasadas fiestas decembrinas, este organismo consult\u00f3 a la membres\u00eda sobre las medidas a implementar, dando como resultado que 87% de las empresas consultadas comenzaron a reforzar sus protocolos de control de contagios iniciando el 2022: con el cuidado de portar cubre boca, uso constante de gel antibacterial o lavado de manos y continuar con el cuidado de la distancia en los espacios compartidos. Asimismo, destac\u00f3 que el 30% de las empresas seguir\u00e1n trabajando de manera remota y el 75% afirmaron que el reforzamiento de las medias continuar\u00e1 durante el primer bimestre de 2022.<\/p>\n\n\n\n<p>&#8220;Estamos en un momento de alto contagio y debemos de ser responsables, sabemos que no se puede obligar a nadie a vacunarse, por eso se ha dado la opci\u00f3n de presentar pruebas; cuidarnos ayudar\u00e1 a que no perdamos empleos y no se afecte la econom\u00eda de las familias\u201d: se\u00f1ala, Carlos Villase\u00f1or.<\/p>\n\n\n\n<p>Esta vez, los sectores productivos continuar\u00e1n activos, atendiendo medidas sanitarias, pero, sobre todo, tratando de salvaguardar el empleo, trabajando en resiliencia por conservar una estabilidad econ\u00f3mica en los hogares de las familias jaliscienses y en el propio estado.<\/p>\n\n\n\n<p><strong>Incapacidades<\/strong><\/p>\n\n\n\n<p>Adem\u00e1s, el pico de contagios se acompa\u00f1a del incremento en la solicitud de incapacidades, manifestando que, en estos primeros d\u00edas de enero alrededor de un 15% de colaboradores tramit\u00f3 su incapacidad por motivos de contraer el virus. El repunte coincide con la habilitaci\u00f3n de la plataforma del IMSS que agiliza el tr\u00e1mite a la distancia.<\/p>\n\n\n\n<p>La variante \u00d3microm, ha causado incertidumbre en la iniciativa privada, en las inversiones y en las expectativas para este 2022, reconociendo que esta variante, aunque ha demostrado su astucia para elevar los n\u00fameros de contagios, tambi\u00e9n ha manifestado que su gravedad es menor a las variantes anteriores, adem\u00e1s, en coincidencia con los datos del Gobierno estatal, m\u00e1s del 80% de los colaboradores ya cuenta con una de las dosis de vacunaci\u00f3n y est\u00e1n pr\u00f3ximos a completar su esquema. Eso permite que el escenario sea muy distinto al enero del a\u00f1o pasado. Que cabe mencionar, es m\u00e1s alentador en cuestiones de salud y en temas de productividad.<\/p>\n\n\n\n<p>En ese sentido, Coparmex pide a las empresas aplicar las estrategias anunciadas con el fin de evitar que los contagios crezcan exponencialmente.<\/p>\n\n\n\n<p>\u201cNuestro compromiso es con la salud y con el desarrollo econ\u00f3mico del estado, por ello seguiremos reforzando los sistemas de vigilancia epidemiol\u00f3gica al interior de las unidades; la reducci\u00f3n de aforos, el regreso escalonado a las aulas y la solicitud de certificado de vacunaci\u00f3n o prueba negativa, son medidas que nos hacen participar responsablemente como ciudadanos en la reducci\u00f3n de casos, mismos que nos llevar\u00e1n al regreso de esa <em>normalidad <\/em>que viv\u00edamos antes de esta Pandemia\u201d, afirmo Villase\u00f1or Franco.&nbsp;<\/p>\n\n\n\n<p>Llam\u00f3 a las unidades productivas a reforzar sus controles, reportar cualquier caso sospechoso, realizar pruebas y privilegiar el trabajo remoto de acuerdo a las posibilidades y naturaleza de cada empresa, reconociendo el esfuerzo por adaptar mecanismos para sortear la pandemia.<\/p>\n","protected":false},"excerpt":{"rendered":"<p>Al d\u00eda de hoy, las empresas manifiestan un incremento del 15% en la solicitud de incapacidades en las planillas laborales 87% de las empresas comenzaron<\/p>\n","protected":false},"author":2,"featured_media":6369,"comment_status":"open","ping_status":"open","sticky":false,"template":"","format":"standard","meta":{"footnotes":""},"categories":[152,348],"tags":[431,260,169,433,1141],"class_list":["post-6368","post","type-post","status-publish","format-standard","has-post-thumbnail","hentry","category-empresas","category-noticias","tag-covid-19","tag-economia","tag-empresa","tag-imss","tag-incapacidad"],"yoast_head":"<!-- This site is optimized with the Yoast SEO plugin v27.5 - https:\/\/yoast.com\/product\/yoast-seo-wordpress\/ -->\n<title>Coparmex Jalisco llama al sector empresarial para sumarse en la estrategia de contenci\u00f3n - Entorno Empresarial<\/title>\n<meta name=\"robots\" content=\"index, follow, max-snippet:-1, max-image-preview:large, max-video-preview:-1\" \/>\n<link rel=\"canonical\" href=\"https:\/\/coparmexjal.org.mx\/entorno-empresarial\/coparmex-jalisco-llama-al-sector-empresarial-para-sumarse-en-la-estrategia-de-contencion\/\" \/>\n<meta property=\"og:locale\" content=\"es_MX\" \/>\n<meta property=\"og:type\" content=\"article\" \/>\n<meta property=\"og:title\" content=\"Coparmex Jalisco llama al sector empresarial para sumarse en la estrategia de contenci\u00f3n - Entorno Empresarial\" \/>\n<meta property=\"og:description\" content=\"Al d\u00eda de hoy, las empresas manifiestan un incremento del 15% en la solicitud de incapacidades en las planillas laborales 87% de las empresas comenzaron\" \/>\n<meta property=\"og:url\" content=\"https:\/\/coparmexjal.org.mx\/entorno-empresarial\/coparmex-jalisco-llama-al-sector-empresarial-para-sumarse-en-la-estrategia-de-contencion\/\" \/>\n<meta property=\"og:site_name\" content=\"Entorno Empresarial\" \/>\n<meta property=\"article:publisher\" content=\"https:\/\/facebook.com\/comcoparmex\" \/>\n<meta property=\"article:published_time\" content=\"2022-01-13T19:29:15+00:00\" \/>\n<meta property=\"article:modified_time\" content=\"2022-02-08T17:55:43+00:00\" \/>\n<meta property=\"og:image\" content=\"https:\/\/coparmexjal.org.mx\/entorno-empresarial\/wp-content\/uploads\/2022\/01\/Boletin-CS1.jpg\" \/>\n\t<meta property=\"og:image:width\" content=\"1281\" \/>\n\t<meta property=\"og:image:height\" content=\"800\" \/>\n\t<meta property=\"og:image:type\" content=\"image\/jpeg\" \/>\n<meta name=\"author\" content=\"Coparmex Jalisco\" \/>\n<meta name=\"twitter:card\" content=\"summary_large_image\" \/>\n<meta name=\"twitter:creator\" content=\"@comcoparmex\" \/>\n<meta name=\"twitter:site\" content=\"@comcoparmex\" \/>\n<meta name=\"twitter:label1\" content=\"Escrito por\" \/>\n\t<meta name=\"twitter:data1\" content=\"Coparmex Jalisco\" \/>\n\t<meta name=\"twitter:label2\" content=\"Tiempo de lectura\" \/>\n\t<meta name=\"twitter:data2\" content=\"3 minutos\" \/>\n<script type=\"application\/ld+json\" class=\"yoast-schema-graph\">{\"@context\":\"https:\\\/\\\/schema.org\",\"@graph\":[{\"@type\":\"Article\",\"@id\":\"https:\\\/\\\/coparmexjal.org.mx\\\/entorno-empresarial\\\/coparmex-jalisco-llama-al-sector-empresarial-para-sumarse-en-la-estrategia-de-contencion\\\/#article\",\"isPartOf\":{\"@id\":\"https:\\\/\\\/coparmexjal.org.mx\\\/entorno-empresarial\\\/coparmex-jalisco-llama-al-sector-empresarial-para-sumarse-en-la-estrategia-de-contencion\\\/\"},\"author\":{\"name\":\"Coparmex Jalisco\",\"@id\":\"https:\\\/\\\/coparmexjal.org.mx\\\/entorno-empresarial\\\/#\\\/schema\\\/person\\\/7d1d56a9587bfb3a725cd3dbfbdb9d44\"},\"headline\":\"Coparmex Jalisco llama al sector empresarial para sumarse en la estrategia de contenci\u00f3n\",\"datePublished\":\"2022-01-13T19:29:15+00:00\",\"dateModified\":\"2022-02-08T17:55:43+00:00\",\"mainEntityOfPage\":{\"@id\":\"https:\\\/\\\/coparmexjal.org.mx\\\/entorno-empresarial\\\/coparmex-jalisco-llama-al-sector-empresarial-para-sumarse-en-la-estrategia-de-contencion\\\/\"},\"wordCount\":653,\"commentCount\":0,\"publisher\":{\"@id\":\"https:\\\/\\\/coparmexjal.org.mx\\\/entorno-empresarial\\\/#organization\"},\"image\":{\"@id\":\"https:\\\/\\\/coparmexjal.org.mx\\\/entorno-empresarial\\\/coparmex-jalisco-llama-al-sector-empresarial-para-sumarse-en-la-estrategia-de-contencion\\\/#primaryimage\"},\"thumbnailUrl\":\"https:\\\/\\\/coparmexjal.org.mx\\\/entorno-empresarial\\\/wp-content\\\/uploads\\\/2022\\\/01\\\/Boletin-CS1.jpg\",\"keywords\":[\"covid-19\",\"econom\u00eda\",\"empresa\",\"imss\",\"Incapacidad\"],\"articleSection\":[\"Empresas\",\"Noticias\"],\"inLanguage\":\"es\",\"potentialAction\":[{\"@type\":\"CommentAction\",\"name\":\"Comment\",\"target\":[\"https:\\\/\\\/coparmexjal.org.mx\\\/entorno-empresarial\\\/coparmex-jalisco-llama-al-sector-empresarial-para-sumarse-en-la-estrategia-de-contencion\\\/#respond\"]}]},{\"@type\":\"WebPage\",\"@id\":\"https:\\\/\\\/coparmexjal.org.mx\\\/entorno-empresarial\\\/coparmex-jalisco-llama-al-sector-empresarial-para-sumarse-en-la-estrategia-de-contencion\\\/\",\"url\":\"https:\\\/\\\/coparmexjal.org.mx\\\/entorno-empresarial\\\/coparmex-jalisco-llama-al-sector-empresarial-para-sumarse-en-la-estrategia-de-contencion\\\/\",\"name\":\"Coparmex Jalisco llama al sector empresarial para sumarse en la estrategia de contenci\u00f3n - Entorno Empresarial\",\"isPartOf\":{\"@id\":\"https:\\\/\\\/coparmexjal.org.mx\\\/entorno-empresarial\\\/#website\"},\"primaryImageOfPage\":{\"@id\":\"https:\\\/\\\/coparmexjal.org.mx\\\/entorno-empresarial\\\/coparmex-jalisco-llama-al-sector-empresarial-para-sumarse-en-la-estrategia-de-contencion\\\/#primaryimage\"},\"image\":{\"@id\":\"https:\\\/\\\/coparmexjal.org.mx\\\/entorno-empresarial\\\/coparmex-jalisco-llama-al-sector-empresarial-para-sumarse-en-la-estrategia-de-contencion\\\/#primaryimage\"},\"thumbnailUrl\":\"https:\\\/\\\/coparmexjal.org.mx\\\/entorno-empresarial\\\/wp-content\\\/uploads\\\/2022\\\/01\\\/Boletin-CS1.jpg\",\"datePublished\":\"2022-01-13T19:29:15+00:00\",\"dateModified\":\"2022-02-08T17:55:43+00:00\",\"breadcrumb\":{\"@id\":\"https:\\\/\\\/coparmexjal.org.mx\\\/entorno-empresarial\\\/coparmex-jalisco-llama-al-sector-empresarial-para-sumarse-en-la-estrategia-de-contencion\\\/#breadcrumb\"},\"inLanguage\":\"es\",\"potentialAction\":[{\"@type\":\"ReadAction\",\"target\":[\"https:\\\/\\\/coparmexjal.org.mx\\\/entorno-empresarial\\\/coparmex-jalisco-llama-al-sector-empresarial-para-sumarse-en-la-estrategia-de-contencion\\\/\"]}]},{\"@type\":\"ImageObject\",\"inLanguage\":\"es\",\"@id\":\"https:\\\/\\\/coparmexjal.org.mx\\\/entorno-empresarial\\\/coparmex-jalisco-llama-al-sector-empresarial-para-sumarse-en-la-estrategia-de-contencion\\\/#primaryimage\",\"url\":\"https:\\\/\\\/coparmexjal.org.mx\\\/entorno-empresarial\\\/wp-content\\\/uploads\\\/2022\\\/01\\\/Boletin-CS1.jpg\",\"contentUrl\":\"https:\\\/\\\/coparmexjal.org.mx\\\/entorno-empresarial\\\/wp-content\\\/uploads\\\/2022\\\/01\\\/Boletin-CS1.jpg\",\"width\":1281,\"height\":800,\"caption\":\"Incapacidad empresas\"},{\"@type\":\"BreadcrumbList\",\"@id\":\"https:\\\/\\\/coparmexjal.org.mx\\\/entorno-empresarial\\\/coparmex-jalisco-llama-al-sector-empresarial-para-sumarse-en-la-estrategia-de-contencion\\\/#breadcrumb\",\"itemListElement\":[{\"@type\":\"ListItem\",\"position\":1,\"name\":\"Inicio\",\"item\":\"https:\\\/\\\/coparmexjal.org.mx\\\/entorno-empresarial\\\/\"},{\"@type\":\"ListItem\",\"position\":2,\"name\":\"Coparmex Jalisco llama al sector empresarial para sumarse en la estrategia de contenci\u00f3n\"}]},{\"@type\":\"WebSite\",\"@id\":\"https:\\\/\\\/coparmexjal.org.mx\\\/entorno-empresarial\\\/#website\",\"url\":\"https:\\\/\\\/coparmexjal.org.mx\\\/entorno-empresarial\\\/\",\"name\":\"Revista Entorno Empresarial\",\"description\":\"Coparmex Jalisco\",\"publisher\":{\"@id\":\"https:\\\/\\\/coparmexjal.org.mx\\\/entorno-empresarial\\\/#organization\"},\"potentialAction\":[{\"@type\":\"SearchAction\",\"target\":{\"@type\":\"EntryPoint\",\"urlTemplate\":\"https:\\\/\\\/coparmexjal.org.mx\\\/entorno-empresarial\\\/?s={search_term_string}\"},\"query-input\":{\"@type\":\"PropertyValueSpecification\",\"valueRequired\":true,\"valueName\":\"search_term_string\"}}],\"inLanguage\":\"es\"},{\"@type\":\"Organization\",\"@id\":\"https:\\\/\\\/coparmexjal.org.mx\\\/entorno-empresarial\\\/#organization\",\"name\":\"Coparmex Jalisco\",\"url\":\"https:\\\/\\\/coparmexjal.org.mx\\\/entorno-empresarial\\\/\",\"logo\":{\"@type\":\"ImageObject\",\"inLanguage\":\"es\",\"@id\":\"https:\\\/\\\/coparmexjal.org.mx\\\/entorno-empresarial\\\/#\\\/schema\\\/logo\\\/image\\\/\",\"url\":\"https:\\\/\\\/coparmexjal.org.mx\\\/entorno-empresarial\\\/wp-content\\\/uploads\\\/2020\\\/02\\\/logo-amp.png\",\"contentUrl\":\"https:\\\/\\\/coparmexjal.org.mx\\\/entorno-empresarial\\\/wp-content\\\/uploads\\\/2020\\\/02\\\/logo-amp.png\",\"width\":120,\"height\":90,\"caption\":\"Coparmex Jalisco\"},\"image\":{\"@id\":\"https:\\\/\\\/coparmexjal.org.mx\\\/entorno-empresarial\\\/#\\\/schema\\\/logo\\\/image\\\/\"},\"sameAs\":[\"https:\\\/\\\/facebook.com\\\/comcoparmex\",\"https:\\\/\\\/x.com\\\/comcoparmex\",\"http:\\\/\\\/instagram.com\\\/coparmexjalisco\",\"https:\\\/\\\/mx.linkedin.com\\\/company\\\/coparmex-jalisco\",\"https:\\\/\\\/www.youtube.com\\\/c\\\/CoparmexJaliscomx\"]},{\"@type\":\"Person\",\"@id\":\"https:\\\/\\\/coparmexjal.org.mx\\\/entorno-empresarial\\\/#\\\/schema\\\/person\\\/7d1d56a9587bfb3a725cd3dbfbdb9d44\",\"name\":\"Coparmex Jalisco\",\"image\":{\"@type\":\"ImageObject\",\"inLanguage\":\"es\",\"@id\":\"https:\\\/\\\/coparmexjal.org.mx\\\/entorno-empresarial\\\/wp-content\\\/uploads\\\/2020\\\/06\\\/favicon-150x133.png\",\"url\":\"https:\\\/\\\/coparmexjal.org.mx\\\/entorno-empresarial\\\/wp-content\\\/uploads\\\/2020\\\/06\\\/favicon-150x133.png\",\"contentUrl\":\"https:\\\/\\\/coparmexjal.org.mx\\\/entorno-empresarial\\\/wp-content\\\/uploads\\\/2020\\\/06\\\/favicon-150x133.png\",\"caption\":\"Coparmex Jalisco\"},\"url\":\"https:\\\/\\\/coparmexjal.org.mx\\\/entorno-empresarial\\\/author\\\/coparmexjalisco\\\/\"}]}<\/script>\n<!-- \/ Yoast SEO plugin. -->","yoast_head_json":{"title":"Coparmex Jalisco llama al sector empresarial para sumarse en la estrategia de contenci\u00f3n - Entorno Empresarial","robots":{"index":"index","follow":"follow","max-snippet":"max-snippet:-1","max-image-preview":"max-image-preview:large","max-video-preview":"max-video-preview:-1"},"canonical":"https:\/\/coparmexjal.org.mx\/entorno-empresarial\/coparmex-jalisco-llama-al-sector-empresarial-para-sumarse-en-la-estrategia-de-contencion\/","og_locale":"es_MX","og_type":"article","og_title":"Coparmex Jalisco llama al sector empresarial para sumarse en la estrategia de contenci\u00f3n - Entorno Empresarial","og_description":"Al d\u00eda de hoy, las empresas manifiestan un incremento del 15% en la solicitud de incapacidades en las planillas laborales 87% de las empresas comenzaron","og_url":"https:\/\/coparmexjal.org.mx\/entorno-empresarial\/coparmex-jalisco-llama-al-sector-empresarial-para-sumarse-en-la-estrategia-de-contencion\/","og_site_name":"Entorno Empresarial","article_publisher":"https:\/\/facebook.com\/comcoparmex","article_published_time":"2022-01-13T19:29:15+00:00","article_modified_time":"2022-02-08T17:55:43+00:00","og_image":[{"width":1281,"height":800,"url":"https:\/\/coparmexjal.org.mx\/entorno-empresarial\/wp-content\/uploads\/2022\/01\/Boletin-CS1.jpg","type":"image\/jpeg"}],"author":"Coparmex Jalisco","twitter_card":"summary_large_image","twitter_creator":"@comcoparmex","twitter_site":"@comcoparmex","twitter_misc":{"Escrito por":"Coparmex Jalisco","Tiempo de lectura":"3 minutos"},"schema":{"@context":"https:\/\/schema.org","@graph":[{"@type":"Article","@id":"https:\/\/coparmexjal.org.mx\/entorno-empresarial\/coparmex-jalisco-llama-al-sector-empresarial-para-sumarse-en-la-estrategia-de-contencion\/#article","isPartOf":{"@id":"https:\/\/coparmexjal.org.mx\/entorno-empresarial\/coparmex-jalisco-llama-al-sector-empresarial-para-sumarse-en-la-estrategia-de-contencion\/"},"author":{"name":"Coparmex Jalisco","@id":"https:\/\/coparmexjal.org.mx\/entorno-empresarial\/#\/schema\/person\/7d1d56a9587bfb3a725cd3dbfbdb9d44"},"headline":"Coparmex Jalisco llama al sector empresarial para sumarse en la estrategia de contenci\u00f3n","datePublished":"2022-01-13T19:29:15+00:00","dateModified":"2022-02-08T17:55:43+00:00","mainEntityOfPage":{"@id":"https:\/\/coparmexjal.org.mx\/entorno-empresarial\/coparmex-jalisco-llama-al-sector-empresarial-para-sumarse-en-la-estrategia-de-contencion\/"},"wordCount":653,"commentCount":0,"publisher":{"@id":"https:\/\/coparmexjal.org.mx\/entorno-empresarial\/#organization"},"image":{"@id":"https:\/\/coparmexjal.org.mx\/entorno-empresarial\/coparmex-jalisco-llama-al-sector-empresarial-para-sumarse-en-la-estrategia-de-contencion\/#primaryimage"},"thumbnailUrl":"https:\/\/coparmexjal.org.mx\/entorno-empresarial\/wp-content\/uploads\/2022\/01\/Boletin-CS1.jpg","keywords":["covid-19","econom\u00eda","empresa","imss","Incapacidad"],"articleSection":["Empresas","Noticias"],"inLanguage":"es","potentialAction":[{"@type":"CommentAction","name":"Comment","target":["https:\/\/coparmexjal.org.mx\/entorno-empresarial\/coparmex-jalisco-llama-al-sector-empresarial-para-sumarse-en-la-estrategia-de-contencion\/#respond"]}]},{"@type":"WebPage","@id":"https:\/\/coparmexjal.org.mx\/entorno-empresarial\/coparmex-jalisco-llama-al-sector-empresarial-para-sumarse-en-la-estrategia-de-contencion\/","url":"https:\/\/coparmexjal.org.mx\/entorno-empresarial\/coparmex-jalisco-llama-al-sector-empresarial-para-sumarse-en-la-estrategia-de-contencion\/","name":"Coparmex Jalisco llama al sector empresarial para sumarse en la estrategia de contenci\u00f3n - Entorno Empresarial","isPartOf":{"@id":"https:\/\/coparmexjal.org.mx\/entorno-empresarial\/#website"},"primaryImageOfPage":{"@id":"https:\/\/coparmexjal.org.mx\/entorno-empresarial\/coparmex-jalisco-llama-al-sector-empresarial-para-sumarse-en-la-estrategia-de-contencion\/#primaryimage"},"image":{"@id":"https:\/\/coparmexjal.org.mx\/entorno-empresarial\/coparmex-jalisco-llama-al-sector-empresarial-para-sumarse-en-la-estrategia-de-contencion\/#primaryimage"},"thumbnailUrl":"https:\/\/coparmexjal.org.mx\/entorno-empresarial\/wp-content\/uploads\/2022\/01\/Boletin-CS1.jpg","datePublished":"2022-01-13T19:29:15+00:00","dateModified":"2022-02-08T17:55:43+00:00","breadcrumb":{"@id":"https:\/\/coparmexjal.org.mx\/entorno-empresarial\/coparmex-jalisco-llama-al-sector-empresarial-para-sumarse-en-la-estrategia-de-contencion\/#breadcrumb"},"inLanguage":"es","potentialAction":[{"@type":"ReadAction","target":["https:\/\/coparmexjal.org.mx\/entorno-empresarial\/coparmex-jalisco-llama-al-sector-empresarial-para-sumarse-en-la-estrategia-de-contencion\/"]}]},{"@type":"ImageObject","inLanguage":"es","@id":"https:\/\/coparmexjal.org.mx\/entorno-empresarial\/coparmex-jalisco-llama-al-sector-empresarial-para-sumarse-en-la-estrategia-de-contencion\/#primaryimage","url":"https:\/\/coparmexjal.org.mx\/entorno-empresarial\/wp-content\/uploads\/2022\/01\/Boletin-CS1.jpg","contentUrl":"https:\/\/coparmexjal.org.mx\/entorno-empresarial\/wp-content\/uploads\/2022\/01\/Boletin-CS1.jpg","width":1281,"height":800,"caption":"Incapacidad empresas"},{"@type":"BreadcrumbList","@id":"https:\/\/coparmexjal.org.mx\/entorno-empresarial\/coparmex-jalisco-llama-al-sector-empresarial-para-sumarse-en-la-estrategia-de-contencion\/#breadcrumb","itemListElement":[{"@type":"ListItem","position":1,"name":"Inicio","item":"https:\/\/coparmexjal.org.mx\/entorno-empresarial\/"},{"@type":"ListItem","position":2,"name":"Coparmex Jalisco llama al sector empresarial para sumarse en la estrategia de contenci\u00f3n"}]},{"@type":"WebSite","@id":"https:\/\/coparmexjal.org.mx\/entorno-empresarial\/#website","url":"https:\/\/coparmexjal.org.mx\/entorno-empresarial\/","name":"Revista Entorno Empresarial","description":"Coparmex Jalisco","publisher":{"@id":"https:\/\/coparmexjal.org.mx\/entorno-empresarial\/#organization"},"potentialAction":[{"@type":"SearchAction","target":{"@type":"EntryPoint","urlTemplate":"https:\/\/coparmexjal.org.mx\/entorno-empresarial\/?s={search_term_string}"},"query-input":{"@type":"PropertyValueSpecification","valueRequired":true,"valueName":"search_term_string"}}],"inLanguage":"es"},{"@type":"Organization","@id":"https:\/\/coparmexjal.org.mx\/entorno-empresarial\/#organization","name":"Coparmex Jalisco","url":"https:\/\/coparmexjal.org.mx\/entorno-empresarial\/","logo":{"@type":"ImageObject","inLanguage":"es","@id":"https:\/\/coparmexjal.org.mx\/entorno-empresarial\/#\/schema\/logo\/image\/","url":"https:\/\/coparmexjal.org.mx\/entorno-empresarial\/wp-content\/uploads\/2020\/02\/logo-amp.png","contentUrl":"https:\/\/coparmexjal.org.mx\/entorno-empresarial\/wp-content\/uploads\/2020\/02\/logo-amp.png","width":120,"height":90,"caption":"Coparmex Jalisco"},"image":{"@id":"https:\/\/coparmexjal.org.mx\/entorno-empresarial\/#\/schema\/logo\/image\/"},"sameAs":["https:\/\/facebook.com\/comcoparmex","https:\/\/x.com\/comcoparmex","http:\/\/instagram.com\/coparmexjalisco","https:\/\/mx.linkedin.com\/company\/coparmex-jalisco","https:\/\/www.youtube.com\/c\/CoparmexJaliscomx"]},{"@type":"Person","@id":"https:\/\/coparmexjal.org.mx\/entorno-empresarial\/#\/schema\/person\/7d1d56a9587bfb3a725cd3dbfbdb9d44","name":"Coparmex Jalisco","image":{"@type":"ImageObject","inLanguage":"es","@id":"https:\/\/coparmexjal.org.mx\/entorno-empresarial\/wp-content\/uploads\/2020\/06\/favicon-150x133.png","url":"https:\/\/coparmexjal.org.mx\/entorno-empresarial\/wp-content\/uploads\/2020\/06\/favicon-150x133.png","contentUrl":"https:\/\/coparmexjal.org.mx\/entorno-empresarial\/wp-content\/uploads\/2020\/06\/favicon-150x133.png","caption":"Coparmex Jalisco"},"url":"https:\/\/coparmexjal.org.mx\/entorno-empresarial\/author\/coparmexjalisco\/"}]}},"_links":{"self":[{"href":"https:\/\/coparmexjal.org.mx\/entorno-empresarial\/wp-json\/wp\/v2\/posts\/6368","targetHints":{"allow":["GET"]}}],"collection":[{"href":"https:\/\/coparmexjal.org.mx\/entorno-empresarial\/wp-json\/wp\/v2\/posts"}],"about":[{"href":"https:\/\/coparmexjal.org.mx\/entorno-empresarial\/wp-json\/wp\/v2\/types\/post"}],"author":[{"embeddable":true,"href":"https:\/\/coparmexjal.org.mx\/entorno-empresarial\/wp-json\/wp\/v2\/users\/2"}],"replies":[{"embeddable":true,"href":"https:\/\/coparmexjal.org.mx\/entorno-empresarial\/wp-json\/wp\/v2\/comments?post=6368"}],"version-history":[{"count":1,"href":"https:\/\/coparmexjal.org.mx\/entorno-empresarial\/wp-json\/wp\/v2\/posts\/6368\/revisions"}],"predecessor-version":[{"id":6370,"href":"https:\/\/coparmexjal.org.mx\/entorno-empresarial\/wp-json\/wp\/v2\/posts\/6368\/revisions\/6370"}],"wp:featuredmedia":[{"embeddable":true,"href":"https:\/\/coparmexjal.org.mx\/entorno-empresarial\/wp-json\/wp\/v2\/media\/6369"}],"wp:attachment":[{"href":"https:\/\/coparmexjal.org.mx\/entorno-empresarial\/wp-json\/wp\/v2\/media?parent=6368"}],"wp:term":[{"taxonomy":"category","embeddable":true,"href":"https:\/\/coparmexjal.org.mx\/entorno-empresarial\/wp-json\/wp\/v2\/categories?post=6368"},{"taxonomy":"post_tag","embeddable":true,"href":"https:\/\/coparmexjal.org.mx\/entorno-empresarial\/wp-json\/wp\/v2\/tags?post=6368"}],"curies":[{"name":"wp","href":"https:\/\/api.w.org\/{rel}","templated":true}]}}