{"id":6357,"date":"2021-12-27T15:00:58","date_gmt":"2021-12-27T21:00:58","guid":{"rendered":"https:\/\/coparmexjal.org.mx\/entorno-empresarial\/?p=6357"},"modified":"2022-02-08T11:56:30","modified_gmt":"2022-02-08T17:56:30","slug":"2022-ano-de-oportunidades-para-el-crecimiento-y-la-competitividad","status":"publish","type":"post","link":"https:\/\/coparmexjal.org.mx\/entorno-empresarial\/2022-ano-de-oportunidades-para-el-crecimiento-y-la-competitividad\/","title":{"rendered":"2022 a\u00f1o de oportunidades para el crecimiento y la competitividad"},"content":{"rendered":"\n<ul class=\"wp-block-list\"><li>Inflaci\u00f3n, seguridad y comportamiento de nuevas variantes COVID-19, el reto para el a\u00f1o que est\u00e1 por iniciar<\/li><li>Balance anual y expectativa 2022<\/li><\/ul>\n\n\n\n<p>La continuaci\u00f3n de la pandemia durante 2021 ha puesto a prueba a empresarias, empresarios y colaboradores, quienes han demostrado su compromiso con el desarrollo; este mismo contexto ha sido motor de impulso a la innovaci\u00f3n, la disrupci\u00f3n y la mejora de procesos.<\/p>\n\n\n\n<p>Las condiciones sanitarias y econ\u00f3micas marcharon de forma distinta a lo vivido en el 2020, comenzando porque gran parte de la poblaci\u00f3n ha recibido por lo menos una dosis del esquema de vacunaci\u00f3n contra COVID-19. El a\u00f1o que se cierra mostr\u00f3 mejor\u00eda en gran parte de los sectores econ\u00f3micos del pa\u00eds, sin embargo, a\u00fan existen riesgos, donde es necesaria la colaboraci\u00f3n entre autoridades y empresas.<\/p>\n\n\n\n<p>Coparmex Jalisco, identific\u00f3 algunos puntos importantes de la econom\u00eda y pol\u00edtica que estuvieron presentes en 2021 y que influir\u00e1n en las expectativas para el a\u00f1o 2022.<\/p>\n\n\n\n<p><strong>Entorno externo<\/strong><\/p>\n\n\n\n<p>Un punto positivo y que daba una se\u00f1al de optimismo para el avance a la normalidad, fue la aprobaci\u00f3n e inicio de la vacunaci\u00f3n en la gran mayor\u00eda de pa\u00edses del mundo, situaci\u00f3n que logr\u00f3 contener por algunos meses la saturaci\u00f3n de hospitales y la expansi\u00f3n exponencial de casos de Covid, sin embargo, en el \u00faltimo trimestre del a\u00f1o la variante \u00d3micron ha prendido focos de alerta en algunos mercados financieros, de exportaci\u00f3n y de turismo, debido a su aparici\u00f3n en alrededor de 60 pa\u00edses, Israel, Italia, Indonesia, Nueva Zelanda, Australia, Per\u00fa, Alemania, y Jap\u00f3n han restringido el acceso a extranjeros.<\/p>\n\n\n\n<p>El regreso de este tipo de medidas y en particular en fechas decembrinas, genera incertidumbre en algunos sectores como el de servicios y la industria por tema de compra de insumos y entrega de pedidos.<\/p>\n\n\n\n<p><strong>Econom\u00eda y situaci\u00f3n pol\u00edtica de Estados Unidos<\/strong><\/p>\n\n\n\n<p>A un a\u00f1o de la toma de protesta de Joe Biden y con cierta presi\u00f3n de algunos grupos de legisladores, se pone en riesgo algunos temas logrados entre M\u00e9xico y Estados Unidos, en particular en temas migratorios y automotrices. Se continuar\u00e1 con la evaluaci\u00f3n ante el efecto que tendr\u00e1 en la perspectiva de las empresas en los grandes proyectos de transferencias que el gobierno americano tiene como estandarte: sanidad, educaci\u00f3n, cuidado de mayores, bajas laborales, vivienda, cambio clim\u00e1tico, infraestructura.<\/p>\n\n\n\n<p><strong>Cadenas de suministro y movimientos de inversiones<\/strong><\/p>\n\n\n\n<p>Con el incremento en la demanda de productos producido a principios de a\u00f1o, las cadenas de suministro globales se vieron presionadas, lo que ha generado retrasos en entrega de insumos, bienes intermedios y finales, as\u00ed como un encarecimiento de transportes mar\u00edtimos, los cuales representan la mayor parte del movimiento de mercanc\u00edas a nivel global.<\/p>\n\n\n\n<p><strong>Entorno nacional: Inflaci\u00f3n<\/strong><\/p>\n\n\n\n<p>El control de la inflaci\u00f3n contin\u00faa siendo uno de los principales retos que tiene el Banco de M\u00e9xico y que pone en riesgo el nivel de precios, muestra de ello se ve reflejado de la siguiente forma:<\/p>\n\n\n\n<figure class=\"wp-block-table\"><table><tbody><tr><td>Inflaci\u00f3n Noviembre<\/td><td>Meta parmanente +-<\/td><\/tr><tr><td>7.37%<\/td><td>3%<\/td><\/tr><\/tbody><\/table><\/figure>\n\n\n\n<p><strong>Producto Interno Bruto<\/strong><\/p>\n\n\n\n<p>Ha sido un indicador que ha tenido contracciones desde el segundo trimestre de 2019, tendencia que continu\u00f3 durante los meses m\u00e1s complicados de la pandemia. En el tercer trimestre del 2021 se observ\u00f3 una contracci\u00f3n lo que ha generado que distintas instituciones financieras ajustaran sus expectativas de cierre.<\/p>\n\n\n\n<figure class=\"wp-block-table\"><table><tbody><tr><td><strong>Instituci\u00f3n<\/strong><\/td><td><strong>Pron\u00f3stico 2021<\/strong><\/td><td><strong>Ajuste<\/strong><\/td><\/tr><tr><td>Banco de M\u00e9xico<\/td><td>6.2%<\/td><td>5.4%<\/td><\/tr><tr><td>Banamex<\/td><td>5.9%<\/td><td>5.7%<\/td><\/tr><tr><td>HR Ratings<\/td><td>5.8%<\/td><td>5.7%<\/td><\/tr><tr><td>OCDE<\/td><td>6.3%<\/td><td>5.9%<\/td><\/tr><\/tbody><\/table><\/figure>\n\n\n\n<p><strong>Inversi\u00f3n extranjera directa<\/strong><\/p>\n\n\n\n<p>Al corte del trimestre de julio a septiembre de 2021, se ha captado por concepto de inversi\u00f3n extranjera directa 5.4 mil millones de d\u00f3lares, cifra superior a los 1.2 mil millones del mismo trimestre de 2020, sin embargo, en t\u00e9rminos anuales se identifica una baja de 482 millones de d\u00f3lares.<\/p>\n\n\n\n<p><strong>Exportaciones<\/strong><\/p>\n\n\n\n<p>En acumulado anual las exportaciones para 2021 alcanzan un monto de 401 mil millones de d\u00f3lares, cifra superior al periodo de 2020, en el detalle por mes se identifica un efecto de desaceleraci\u00f3n en octubre, lo que se relaciona con los problemas en las cadenas de suministro global.<\/p>\n\n\n\n<p><strong>Riesgos legislativos<\/strong><\/p>\n\n\n\n<p>La regulaci\u00f3n y legislaci\u00f3n es un tema de relevancia para la atracci\u00f3n de nuevas inversiones, competitividad de las empresas y generaci\u00f3n de nuevos empleos; la sobre regulaci\u00f3n ahuyenta las inversiones y los cambios en leyes generan impacto en la operaci\u00f3n de las empresas.<\/p>\n\n\n\n<p>En las \u00faltimas legislaturas se ha identificado algunos puntos de riesgo para el sector empresarial como lo es:<\/p>\n\n\n\n<ul class=\"wp-block-list\"><li>Iniciativa de reforma el\u00e9ctrica<\/li><li>Ajustes fiscales y cambios en los modelos de fiscalizaci\u00f3n<\/li><li>Aprobaci\u00f3n de ley de ingresos y presupuesto de egresos sin tomar en consideraci\u00f3n las observaciones de expertos, sociedad, civil y expertos<\/li><li>Mayor\u00eda legislativa que no demuestra un contrapeso real a las decisiones del poder ejecutivo federal<\/li><\/ul>\n\n\n\n<p>El cambio en las reglas tiene consigo ajustes en costos, certidumbre de inversiones, elementos que ahuyentan las inversiones de otras partes del mundo e inhiben que las empresas nacionales puedan consolidarse.<\/p>\n\n\n\n<p><strong>Presupuesto 2022<\/strong><\/p>\n\n\n\n<p>Aunque se aprob\u00f3 un presupuesto hist\u00f3rico por m\u00e1s de 7 billones de pesos, se debe poner atenci\u00f3n en los siguientes puntos:<\/p>\n\n\n\n<ul class=\"wp-block-list\"><li>No se tomaron en cuenta cerca de 2 mil reservas<\/li><li>Recursos para proyectos estrat\u00e9gicos de gesti\u00f3n estatal que ten\u00eda compromiso por parte del ejecutivo federal se quedaron sin asignaci\u00f3n presupuestal<\/li><li>Reducciones en la Secretar\u00eda de Econom\u00eda, responsable de la pol\u00edtica de apoyo a las empresas, impulso a la competitividad, el emprendimiento y la inversi\u00f3n<\/li><li>El presupuesto es el principal instrumento de pol\u00edtica p\u00fablica y en donde se plasman las prioridades de gasto y se observa que para 2022, al igual que 2021 el sector productivo queda fuera<\/li><\/ul>\n\n\n\n<p><strong>Respeto al estado de derecho<\/strong><\/p>\n\n\n\n<p>Un elemento clave para la consolidaci\u00f3n democr\u00e1tica y la confianza empresarial, radica en en la fortaleza institucional de cualquier pa\u00eds; lo anterior, se logra con el respeto a su autonom\u00eda, asignaci\u00f3n de recursos necesarios y respeto a sus opiniones.<\/p>\n\n\n\n<p>En M\u00e9xico este a\u00f1o se continu\u00f3 con descalificaciones a organismos que suman a la democracia, la competencia, la educaci\u00f3n, la rendici\u00f3n de cuentas y la transparencia. Adicional al debilitamiento institucional, se identifica nulo avance en materia de combate a la corrupci\u00f3n ya que el Sistema Nacional Anticorrupci\u00f3n contin\u00faa debilitado, las adjudicaciones directas siguen siendo el mecanismo de compra importante y recientemente se acaba de expedir un decreto que mantiene bajo reserva la informaci\u00f3n financiera y operativa de los proyectos estrat\u00e9gicos que ocupan una parte muy significativa del presupuesto federal, aunque ya hay un recurso por parte del Inai, es tema importante para su vigilancia.<\/p>\n\n\n\n<p><strong>Seguridad<\/strong><\/p>\n\n\n\n<p>Los \u00edndices de violencia siguen sin mostrar mejor\u00eda, con todo y el incremento exponencial de recursos para la Guardia Nacional. La inseguridad merma la confianza, encarece las operaciones y modifica el modelo de negocio de las empresas.<\/p>\n\n\n\n<p><strong>Vacunaci\u00f3n y Covid-19<\/strong><\/p>\n\n\n\n<p>Al corte de la primera semana de diciembre cerca de 50% de la poblaci\u00f3n del pa\u00eds se encuentra vacunada, sin embargo, un escenario de crecimiento de la variante \u00d3micron podr\u00eda generar incertidumbre y el regreso de algunas medidas de restricci\u00f3n que tienen impacto en el sector productivo.<\/p>\n\n\n\n<h2 class=\"wp-block-heading\">Expectativa para Jalisco <\/h2>\n\n\n\n<p>Jalisco se encuentra en quinto lugar en captaci\u00f3n de inversi\u00f3n extranjera directa a nivel nacional, al tercer trimestre de 2021. En t\u00e9rminos anuales se detecta una peque\u00f1a desaceleraci\u00f3n que se present\u00f3 a inicio de a\u00f1o en comparaci\u00f3n con 2020, misma que comienza a cambiar en el tercer trimestre de 2021, por lo que se esperar\u00eda que el cierre de a\u00f1o pueda tener n\u00fameros positivos, adicional a que distintas empresas con presencia mundial tienen planes de instalar plantas en Jalisco.<\/p>\n\n\n\n<p><strong>Seguridad<\/strong><\/p>\n\n\n\n<p>La inseguridad es el gran pendiente a nivel nacional, situaci\u00f3n que se ve reflejada en los estados. Aunque en Jalisco, con base a datos de la plataforma de seguridad se observa una disminuci\u00f3n en robos a negocios, aun as\u00ed, queda un reto importante por resolver; con el objetivo de dotar de mayor certeza a quienes decidan apostar por la entidad.<\/p>\n\n\n\n<p><strong>Fortaleza de Jalisco en la parte econ\u00f3mica y confianza y apertura al dialogo<\/strong><\/p>\n\n\n\n<p>En general, Jalisco se identifica un buen entorno para hacer negocios, mismo que se ve en distintos indicadores como los son la inversi\u00f3n extranjera, las exportaciones, el empleo, la innovaci\u00f3n y competitividad, los niveles de salarios y la baja en la tasa de informalidad comparado con lo nacional.<\/p>\n\n\n\n<p><strong>2022 a\u00f1o de oportunidades para el crecimiento y competitividad<\/strong><\/p>\n\n\n\n<p>2021 represent\u00f3 el inicio de la recuperaci\u00f3n econ\u00f3mica, la adaptaci\u00f3n de las empresas a nuevos modelos de negocio, uso de tecnolog\u00eda y mayor compromiso e involucramiento de las empresas en la mejora de las condiciones de vida de las y los colaboradores.<\/p>\n\n\n\n<p>Aunque la mejor\u00eda en la gran parte de los indicadores econ\u00f3micos mostr\u00f3 signos positivos, comparado con 2020, a\u00fan quedan retos en materia social como lo es la salud, el fortalecimiento del poder adquisitivo de las familias, as\u00ed como grandes \u00e1reas de oportunidad en la consolidaci\u00f3n de un estado de derecho que garantice certeza jur\u00eddica al sector productivo.<\/p>\n\n\n\n<p>En conclusi\u00f3n 2021 represent\u00f3 un a\u00f1o de contrastes y ser\u00e1 el inicio de grandes cambios debido al entorno internacional adverso, generado por la continuaci\u00f3n de la pandemia, movimientos en los mercados internacionales y el retraso en las cadenas de suministro, la gran cantidad de recursos inyectados a la econom\u00eda de los Estados Unidos, as\u00ed como el inter\u00e9s internacional en mejorar el medio ambiente e impulsar energ\u00edas alternas, lo cual deber\u00eda de llevar a las autoridades federales a cambiar la actual estrategia ambiental y energ\u00e9tica.<\/p>\n\n\n\n<p>En el \u00e1mbito nacional y local seguimos viendo los contrastes de confianza, por un lado, en el \u00faltimo sondeo que se tuvo con la membres\u00eda de Coparmex, se identific\u00f3 que en materia econ\u00f3mica existe un mejor \u00e1nimo en lo que ven las y los empresarios para cierre de 2021 y 2022.<\/p>\n\n\n\n<p>Por otro lado, la percepci\u00f3n que tienen sobre lo nacional, efecto de las decisiones que desde el gobierno federal se han tomado y que no han ayudado a que las condiciones de las empresas mejoren, sino todo lo contrario han generado incertidumbre y complicaciones en su operaci\u00f3n y finanzas.<\/p>\n\n\n\n<p>Coparmex Jalisco establecer\u00e1 una agenda de trabajo con los resultados de an\u00e1lisis que realizamos de mejoras y \u00e1reas de oportunidad para trabajar en una agenda que mejora las condiciones de las empresas, los colaboradores y el entorno social, con dialogo permanente con los poderes ejecutivo y legislativo, as\u00ed como con el sector social y acad\u00e9mico.<\/p>\n","protected":false},"excerpt":{"rendered":"<p>Carlos Villase\u00f1or Franco, presidente de Coparmex Jalisco<\/p>\n","protected":false},"author":2,"featured_media":6358,"comment_status":"open","ping_status":"open","sticky":false,"template":"","format":"standard","meta":{"footnotes":""},"categories":[348],"tags":[405,431,260,169,1138,257],"class_list":["post-6357","post","type-post","status-publish","format-standard","has-post-thumbnail","hentry","category-noticias","tag-coparmex-jalisco","tag-covid-19","tag-economia","tag-empresa","tag-expectativa-2022","tag-jalisco"],"yoast_head":"<!-- This site is optimized with the Yoast SEO plugin v27.5 - https:\/\/yoast.com\/product\/yoast-seo-wordpress\/ -->\n<title>2022 a\u00f1o de oportunidades para el crecimiento y la competitividad - Entorno Empresarial<\/title>\n<meta name=\"robots\" content=\"index, follow, max-snippet:-1, max-image-preview:large, max-video-preview:-1\" \/>\n<link rel=\"canonical\" href=\"https:\/\/coparmexjal.org.mx\/entorno-empresarial\/2022-ano-de-oportunidades-para-el-crecimiento-y-la-competitividad\/\" \/>\n<meta property=\"og:locale\" content=\"es_MX\" \/>\n<meta property=\"og:type\" content=\"article\" \/>\n<meta property=\"og:title\" content=\"2022 a\u00f1o de oportunidades para el crecimiento y la competitividad - Entorno Empresarial\" \/>\n<meta property=\"og:description\" content=\"Carlos Villase\u00f1or Franco, presidente de Coparmex Jalisco\" \/>\n<meta property=\"og:url\" content=\"https:\/\/coparmexjal.org.mx\/entorno-empresarial\/2022-ano-de-oportunidades-para-el-crecimiento-y-la-competitividad\/\" \/>\n<meta property=\"og:site_name\" content=\"Entorno Empresarial\" \/>\n<meta property=\"article:publisher\" content=\"https:\/\/facebook.com\/comcoparmex\" \/>\n<meta property=\"article:published_time\" content=\"2021-12-27T21:00:58+00:00\" \/>\n<meta property=\"article:modified_time\" content=\"2022-02-08T17:56:30+00:00\" \/>\n<meta property=\"og:image\" content=\"https:\/\/coparmexjal.org.mx\/entorno-empresarial\/wp-content\/uploads\/2021\/12\/coparmex-jalisco-1160x700-1.jpg\" \/>\n\t<meta property=\"og:image:width\" content=\"1160\" \/>\n\t<meta property=\"og:image:height\" content=\"700\" \/>\n\t<meta property=\"og:image:type\" content=\"image\/jpeg\" \/>\n<meta name=\"author\" content=\"Coparmex Jalisco\" \/>\n<meta name=\"twitter:card\" content=\"summary_large_image\" \/>\n<meta name=\"twitter:creator\" content=\"@comcoparmex\" \/>\n<meta name=\"twitter:site\" content=\"@comcoparmex\" \/>\n<meta name=\"twitter:label1\" content=\"Escrito por\" \/>\n\t<meta name=\"twitter:data1\" content=\"Coparmex Jalisco\" \/>\n\t<meta name=\"twitter:label2\" content=\"Tiempo de lectura\" \/>\n\t<meta name=\"twitter:data2\" content=\"8 minutos\" \/>\n<script type=\"application\/ld+json\" class=\"yoast-schema-graph\">{\"@context\":\"https:\\\/\\\/schema.org\",\"@graph\":[{\"@type\":\"Article\",\"@id\":\"https:\\\/\\\/coparmexjal.org.mx\\\/entorno-empresarial\\\/2022-ano-de-oportunidades-para-el-crecimiento-y-la-competitividad\\\/#article\",\"isPartOf\":{\"@id\":\"https:\\\/\\\/coparmexjal.org.mx\\\/entorno-empresarial\\\/2022-ano-de-oportunidades-para-el-crecimiento-y-la-competitividad\\\/\"},\"author\":{\"name\":\"Coparmex Jalisco\",\"@id\":\"https:\\\/\\\/coparmexjal.org.mx\\\/entorno-empresarial\\\/#\\\/schema\\\/person\\\/7d1d56a9587bfb3a725cd3dbfbdb9d44\"},\"headline\":\"2022 a\u00f1o de oportunidades para el crecimiento y la competitividad\",\"datePublished\":\"2021-12-27T21:00:58+00:00\",\"dateModified\":\"2022-02-08T17:56:30+00:00\",\"mainEntityOfPage\":{\"@id\":\"https:\\\/\\\/coparmexjal.org.mx\\\/entorno-empresarial\\\/2022-ano-de-oportunidades-para-el-crecimiento-y-la-competitividad\\\/\"},\"wordCount\":1810,\"commentCount\":0,\"publisher\":{\"@id\":\"https:\\\/\\\/coparmexjal.org.mx\\\/entorno-empresarial\\\/#organization\"},\"image\":{\"@id\":\"https:\\\/\\\/coparmexjal.org.mx\\\/entorno-empresarial\\\/2022-ano-de-oportunidades-para-el-crecimiento-y-la-competitividad\\\/#primaryimage\"},\"thumbnailUrl\":\"https:\\\/\\\/coparmexjal.org.mx\\\/entorno-empresarial\\\/wp-content\\\/uploads\\\/2021\\\/12\\\/coparmex-jalisco-1160x700-1.jpg\",\"keywords\":[\"coparmex jalisco\",\"covid-19\",\"econom\u00eda\",\"empresa\",\"Expectativa 2022\",\"Jalisco\"],\"articleSection\":[\"Noticias\"],\"inLanguage\":\"es\",\"potentialAction\":[{\"@type\":\"CommentAction\",\"name\":\"Comment\",\"target\":[\"https:\\\/\\\/coparmexjal.org.mx\\\/entorno-empresarial\\\/2022-ano-de-oportunidades-para-el-crecimiento-y-la-competitividad\\\/#respond\"]}]},{\"@type\":\"WebPage\",\"@id\":\"https:\\\/\\\/coparmexjal.org.mx\\\/entorno-empresarial\\\/2022-ano-de-oportunidades-para-el-crecimiento-y-la-competitividad\\\/\",\"url\":\"https:\\\/\\\/coparmexjal.org.mx\\\/entorno-empresarial\\\/2022-ano-de-oportunidades-para-el-crecimiento-y-la-competitividad\\\/\",\"name\":\"2022 a\u00f1o de oportunidades para el crecimiento y la competitividad - Entorno Empresarial\",\"isPartOf\":{\"@id\":\"https:\\\/\\\/coparmexjal.org.mx\\\/entorno-empresarial\\\/#website\"},\"primaryImageOfPage\":{\"@id\":\"https:\\\/\\\/coparmexjal.org.mx\\\/entorno-empresarial\\\/2022-ano-de-oportunidades-para-el-crecimiento-y-la-competitividad\\\/#primaryimage\"},\"image\":{\"@id\":\"https:\\\/\\\/coparmexjal.org.mx\\\/entorno-empresarial\\\/2022-ano-de-oportunidades-para-el-crecimiento-y-la-competitividad\\\/#primaryimage\"},\"thumbnailUrl\":\"https:\\\/\\\/coparmexjal.org.mx\\\/entorno-empresarial\\\/wp-content\\\/uploads\\\/2021\\\/12\\\/coparmex-jalisco-1160x700-1.jpg\",\"datePublished\":\"2021-12-27T21:00:58+00:00\",\"dateModified\":\"2022-02-08T17:56:30+00:00\",\"breadcrumb\":{\"@id\":\"https:\\\/\\\/coparmexjal.org.mx\\\/entorno-empresarial\\\/2022-ano-de-oportunidades-para-el-crecimiento-y-la-competitividad\\\/#breadcrumb\"},\"inLanguage\":\"es\",\"potentialAction\":[{\"@type\":\"ReadAction\",\"target\":[\"https:\\\/\\\/coparmexjal.org.mx\\\/entorno-empresarial\\\/2022-ano-de-oportunidades-para-el-crecimiento-y-la-competitividad\\\/\"]}]},{\"@type\":\"ImageObject\",\"inLanguage\":\"es\",\"@id\":\"https:\\\/\\\/coparmexjal.org.mx\\\/entorno-empresarial\\\/2022-ano-de-oportunidades-para-el-crecimiento-y-la-competitividad\\\/#primaryimage\",\"url\":\"https:\\\/\\\/coparmexjal.org.mx\\\/entorno-empresarial\\\/wp-content\\\/uploads\\\/2021\\\/12\\\/coparmex-jalisco-1160x700-1.jpg\",\"contentUrl\":\"https:\\\/\\\/coparmexjal.org.mx\\\/entorno-empresarial\\\/wp-content\\\/uploads\\\/2021\\\/12\\\/coparmex-jalisco-1160x700-1.jpg\",\"width\":1160,\"height\":700},{\"@type\":\"BreadcrumbList\",\"@id\":\"https:\\\/\\\/coparmexjal.org.mx\\\/entorno-empresarial\\\/2022-ano-de-oportunidades-para-el-crecimiento-y-la-competitividad\\\/#breadcrumb\",\"itemListElement\":[{\"@type\":\"ListItem\",\"position\":1,\"name\":\"Inicio\",\"item\":\"https:\\\/\\\/coparmexjal.org.mx\\\/entorno-empresarial\\\/\"},{\"@type\":\"ListItem\",\"position\":2,\"name\":\"2022 a\u00f1o de oportunidades para el crecimiento y la competitividad\"}]},{\"@type\":\"WebSite\",\"@id\":\"https:\\\/\\\/coparmexjal.org.mx\\\/entorno-empresarial\\\/#website\",\"url\":\"https:\\\/\\\/coparmexjal.org.mx\\\/entorno-empresarial\\\/\",\"name\":\"Revista Entorno Empresarial\",\"description\":\"Coparmex Jalisco\",\"publisher\":{\"@id\":\"https:\\\/\\\/coparmexjal.org.mx\\\/entorno-empresarial\\\/#organization\"},\"potentialAction\":[{\"@type\":\"SearchAction\",\"target\":{\"@type\":\"EntryPoint\",\"urlTemplate\":\"https:\\\/\\\/coparmexjal.org.mx\\\/entorno-empresarial\\\/?s={search_term_string}\"},\"query-input\":{\"@type\":\"PropertyValueSpecification\",\"valueRequired\":true,\"valueName\":\"search_term_string\"}}],\"inLanguage\":\"es\"},{\"@type\":\"Organization\",\"@id\":\"https:\\\/\\\/coparmexjal.org.mx\\\/entorno-empresarial\\\/#organization\",\"name\":\"Coparmex Jalisco\",\"url\":\"https:\\\/\\\/coparmexjal.org.mx\\\/entorno-empresarial\\\/\",\"logo\":{\"@type\":\"ImageObject\",\"inLanguage\":\"es\",\"@id\":\"https:\\\/\\\/coparmexjal.org.mx\\\/entorno-empresarial\\\/#\\\/schema\\\/logo\\\/image\\\/\",\"url\":\"https:\\\/\\\/coparmexjal.org.mx\\\/entorno-empresarial\\\/wp-content\\\/uploads\\\/2020\\\/02\\\/logo-amp.png\",\"contentUrl\":\"https:\\\/\\\/coparmexjal.org.mx\\\/entorno-empresarial\\\/wp-content\\\/uploads\\\/2020\\\/02\\\/logo-amp.png\",\"width\":120,\"height\":90,\"caption\":\"Coparmex Jalisco\"},\"image\":{\"@id\":\"https:\\\/\\\/coparmexjal.org.mx\\\/entorno-empresarial\\\/#\\\/schema\\\/logo\\\/image\\\/\"},\"sameAs\":[\"https:\\\/\\\/facebook.com\\\/comcoparmex\",\"https:\\\/\\\/x.com\\\/comcoparmex\",\"http:\\\/\\\/instagram.com\\\/coparmexjalisco\",\"https:\\\/\\\/mx.linkedin.com\\\/company\\\/coparmex-jalisco\",\"https:\\\/\\\/www.youtube.com\\\/c\\\/CoparmexJaliscomx\"]},{\"@type\":\"Person\",\"@id\":\"https:\\\/\\\/coparmexjal.org.mx\\\/entorno-empresarial\\\/#\\\/schema\\\/person\\\/7d1d56a9587bfb3a725cd3dbfbdb9d44\",\"name\":\"Coparmex Jalisco\",\"image\":{\"@type\":\"ImageObject\",\"inLanguage\":\"es\",\"@id\":\"https:\\\/\\\/coparmexjal.org.mx\\\/entorno-empresarial\\\/wp-content\\\/uploads\\\/2020\\\/06\\\/favicon-150x133.png\",\"url\":\"https:\\\/\\\/coparmexjal.org.mx\\\/entorno-empresarial\\\/wp-content\\\/uploads\\\/2020\\\/06\\\/favicon-150x133.png\",\"contentUrl\":\"https:\\\/\\\/coparmexjal.org.mx\\\/entorno-empresarial\\\/wp-content\\\/uploads\\\/2020\\\/06\\\/favicon-150x133.png\",\"caption\":\"Coparmex Jalisco\"},\"url\":\"https:\\\/\\\/coparmexjal.org.mx\\\/entorno-empresarial\\\/author\\\/coparmexjalisco\\\/\"}]}<\/script>\n<!-- \/ Yoast SEO plugin. -->","yoast_head_json":{"title":"2022 a\u00f1o de oportunidades para el crecimiento y la competitividad - Entorno Empresarial","robots":{"index":"index","follow":"follow","max-snippet":"max-snippet:-1","max-image-preview":"max-image-preview:large","max-video-preview":"max-video-preview:-1"},"canonical":"https:\/\/coparmexjal.org.mx\/entorno-empresarial\/2022-ano-de-oportunidades-para-el-crecimiento-y-la-competitividad\/","og_locale":"es_MX","og_type":"article","og_title":"2022 a\u00f1o de oportunidades para el crecimiento y la competitividad - Entorno Empresarial","og_description":"Carlos Villase\u00f1or Franco, presidente de Coparmex Jalisco","og_url":"https:\/\/coparmexjal.org.mx\/entorno-empresarial\/2022-ano-de-oportunidades-para-el-crecimiento-y-la-competitividad\/","og_site_name":"Entorno Empresarial","article_publisher":"https:\/\/facebook.com\/comcoparmex","article_published_time":"2021-12-27T21:00:58+00:00","article_modified_time":"2022-02-08T17:56:30+00:00","og_image":[{"width":1160,"height":700,"url":"https:\/\/coparmexjal.org.mx\/entorno-empresarial\/wp-content\/uploads\/2021\/12\/coparmex-jalisco-1160x700-1.jpg","type":"image\/jpeg"}],"author":"Coparmex Jalisco","twitter_card":"summary_large_image","twitter_creator":"@comcoparmex","twitter_site":"@comcoparmex","twitter_misc":{"Escrito por":"Coparmex Jalisco","Tiempo de lectura":"8 minutos"},"schema":{"@context":"https:\/\/schema.org","@graph":[{"@type":"Article","@id":"https:\/\/coparmexjal.org.mx\/entorno-empresarial\/2022-ano-de-oportunidades-para-el-crecimiento-y-la-competitividad\/#article","isPartOf":{"@id":"https:\/\/coparmexjal.org.mx\/entorno-empresarial\/2022-ano-de-oportunidades-para-el-crecimiento-y-la-competitividad\/"},"author":{"name":"Coparmex Jalisco","@id":"https:\/\/coparmexjal.org.mx\/entorno-empresarial\/#\/schema\/person\/7d1d56a9587bfb3a725cd3dbfbdb9d44"},"headline":"2022 a\u00f1o de oportunidades para el crecimiento y la competitividad","datePublished":"2021-12-27T21:00:58+00:00","dateModified":"2022-02-08T17:56:30+00:00","mainEntityOfPage":{"@id":"https:\/\/coparmexjal.org.mx\/entorno-empresarial\/2022-ano-de-oportunidades-para-el-crecimiento-y-la-competitividad\/"},"wordCount":1810,"commentCount":0,"publisher":{"@id":"https:\/\/coparmexjal.org.mx\/entorno-empresarial\/#organization"},"image":{"@id":"https:\/\/coparmexjal.org.mx\/entorno-empresarial\/2022-ano-de-oportunidades-para-el-crecimiento-y-la-competitividad\/#primaryimage"},"thumbnailUrl":"https:\/\/coparmexjal.org.mx\/entorno-empresarial\/wp-content\/uploads\/2021\/12\/coparmex-jalisco-1160x700-1.jpg","keywords":["coparmex jalisco","covid-19","econom\u00eda","empresa","Expectativa 2022","Jalisco"],"articleSection":["Noticias"],"inLanguage":"es","potentialAction":[{"@type":"CommentAction","name":"Comment","target":["https:\/\/coparmexjal.org.mx\/entorno-empresarial\/2022-ano-de-oportunidades-para-el-crecimiento-y-la-competitividad\/#respond"]}]},{"@type":"WebPage","@id":"https:\/\/coparmexjal.org.mx\/entorno-empresarial\/2022-ano-de-oportunidades-para-el-crecimiento-y-la-competitividad\/","url":"https:\/\/coparmexjal.org.mx\/entorno-empresarial\/2022-ano-de-oportunidades-para-el-crecimiento-y-la-competitividad\/","name":"2022 a\u00f1o de oportunidades para el crecimiento y la competitividad - Entorno Empresarial","isPartOf":{"@id":"https:\/\/coparmexjal.org.mx\/entorno-empresarial\/#website"},"primaryImageOfPage":{"@id":"https:\/\/coparmexjal.org.mx\/entorno-empresarial\/2022-ano-de-oportunidades-para-el-crecimiento-y-la-competitividad\/#primaryimage"},"image":{"@id":"https:\/\/coparmexjal.org.mx\/entorno-empresarial\/2022-ano-de-oportunidades-para-el-crecimiento-y-la-competitividad\/#primaryimage"},"thumbnailUrl":"https:\/\/coparmexjal.org.mx\/entorno-empresarial\/wp-content\/uploads\/2021\/12\/coparmex-jalisco-1160x700-1.jpg","datePublished":"2021-12-27T21:00:58+00:00","dateModified":"2022-02-08T17:56:30+00:00","breadcrumb":{"@id":"https:\/\/coparmexjal.org.mx\/entorno-empresarial\/2022-ano-de-oportunidades-para-el-crecimiento-y-la-competitividad\/#breadcrumb"},"inLanguage":"es","potentialAction":[{"@type":"ReadAction","target":["https:\/\/coparmexjal.org.mx\/entorno-empresarial\/2022-ano-de-oportunidades-para-el-crecimiento-y-la-competitividad\/"]}]},{"@type":"ImageObject","inLanguage":"es","@id":"https:\/\/coparmexjal.org.mx\/entorno-empresarial\/2022-ano-de-oportunidades-para-el-crecimiento-y-la-competitividad\/#primaryimage","url":"https:\/\/coparmexjal.org.mx\/entorno-empresarial\/wp-content\/uploads\/2021\/12\/coparmex-jalisco-1160x700-1.jpg","contentUrl":"https:\/\/coparmexjal.org.mx\/entorno-empresarial\/wp-content\/uploads\/2021\/12\/coparmex-jalisco-1160x700-1.jpg","width":1160,"height":700},{"@type":"BreadcrumbList","@id":"https:\/\/coparmexjal.org.mx\/entorno-empresarial\/2022-ano-de-oportunidades-para-el-crecimiento-y-la-competitividad\/#breadcrumb","itemListElement":[{"@type":"ListItem","position":1,"name":"Inicio","item":"https:\/\/coparmexjal.org.mx\/entorno-empresarial\/"},{"@type":"ListItem","position":2,"name":"2022 a\u00f1o de oportunidades para el crecimiento y la competitividad"}]},{"@type":"WebSite","@id":"https:\/\/coparmexjal.org.mx\/entorno-empresarial\/#website","url":"https:\/\/coparmexjal.org.mx\/entorno-empresarial\/","name":"Revista Entorno Empresarial","description":"Coparmex Jalisco","publisher":{"@id":"https:\/\/coparmexjal.org.mx\/entorno-empresarial\/#organization"},"potentialAction":[{"@type":"SearchAction","target":{"@type":"EntryPoint","urlTemplate":"https:\/\/coparmexjal.org.mx\/entorno-empresarial\/?s={search_term_string}"},"query-input":{"@type":"PropertyValueSpecification","valueRequired":true,"valueName":"search_term_string"}}],"inLanguage":"es"},{"@type":"Organization","@id":"https:\/\/coparmexjal.org.mx\/entorno-empresarial\/#organization","name":"Coparmex Jalisco","url":"https:\/\/coparmexjal.org.mx\/entorno-empresarial\/","logo":{"@type":"ImageObject","inLanguage":"es","@id":"https:\/\/coparmexjal.org.mx\/entorno-empresarial\/#\/schema\/logo\/image\/","url":"https:\/\/coparmexjal.org.mx\/entorno-empresarial\/wp-content\/uploads\/2020\/02\/logo-amp.png","contentUrl":"https:\/\/coparmexjal.org.mx\/entorno-empresarial\/wp-content\/uploads\/2020\/02\/logo-amp.png","width":120,"height":90,"caption":"Coparmex Jalisco"},"image":{"@id":"https:\/\/coparmexjal.org.mx\/entorno-empresarial\/#\/schema\/logo\/image\/"},"sameAs":["https:\/\/facebook.com\/comcoparmex","https:\/\/x.com\/comcoparmex","http:\/\/instagram.com\/coparmexjalisco","https:\/\/mx.linkedin.com\/company\/coparmex-jalisco","https:\/\/www.youtube.com\/c\/CoparmexJaliscomx"]},{"@type":"Person","@id":"https:\/\/coparmexjal.org.mx\/entorno-empresarial\/#\/schema\/person\/7d1d56a9587bfb3a725cd3dbfbdb9d44","name":"Coparmex Jalisco","image":{"@type":"ImageObject","inLanguage":"es","@id":"https:\/\/coparmexjal.org.mx\/entorno-empresarial\/wp-content\/uploads\/2020\/06\/favicon-150x133.png","url":"https:\/\/coparmexjal.org.mx\/entorno-empresarial\/wp-content\/uploads\/2020\/06\/favicon-150x133.png","contentUrl":"https:\/\/coparmexjal.org.mx\/entorno-empresarial\/wp-content\/uploads\/2020\/06\/favicon-150x133.png","caption":"Coparmex Jalisco"},"url":"https:\/\/coparmexjal.org.mx\/entorno-empresarial\/author\/coparmexjalisco\/"}]}},"_links":{"self":[{"href":"https:\/\/coparmexjal.org.mx\/entorno-empresarial\/wp-json\/wp\/v2\/posts\/6357","targetHints":{"allow":["GET"]}}],"collection":[{"href":"https:\/\/coparmexjal.org.mx\/entorno-empresarial\/wp-json\/wp\/v2\/posts"}],"about":[{"href":"https:\/\/coparmexjal.org.mx\/entorno-empresarial\/wp-json\/wp\/v2\/types\/post"}],"author":[{"embeddable":true,"href":"https:\/\/coparmexjal.org.mx\/entorno-empresarial\/wp-json\/wp\/v2\/users\/2"}],"replies":[{"embeddable":true,"href":"https:\/\/coparmexjal.org.mx\/entorno-empresarial\/wp-json\/wp\/v2\/comments?post=6357"}],"version-history":[{"count":2,"href":"https:\/\/coparmexjal.org.mx\/entorno-empresarial\/wp-json\/wp\/v2\/posts\/6357\/revisions"}],"predecessor-version":[{"id":6361,"href":"https:\/\/coparmexjal.org.mx\/entorno-empresarial\/wp-json\/wp\/v2\/posts\/6357\/revisions\/6361"}],"wp:featuredmedia":[{"embeddable":true,"href":"https:\/\/coparmexjal.org.mx\/entorno-empresarial\/wp-json\/wp\/v2\/media\/6358"}],"wp:attachment":[{"href":"https:\/\/coparmexjal.org.mx\/entorno-empresarial\/wp-json\/wp\/v2\/media?parent=6357"}],"wp:term":[{"taxonomy":"category","embeddable":true,"href":"https:\/\/coparmexjal.org.mx\/entorno-empresarial\/wp-json\/wp\/v2\/categories?post=6357"},{"taxonomy":"post_tag","embeddable":true,"href":"https:\/\/coparmexjal.org.mx\/entorno-empresarial\/wp-json\/wp\/v2\/tags?post=6357"}],"curies":[{"name":"wp","href":"https:\/\/api.w.org\/{rel}","templated":true}]}}