{"id":6354,"date":"2021-12-22T16:10:29","date_gmt":"2021-12-22T22:10:29","guid":{"rendered":"https:\/\/coparmexjal.org.mx\/entorno-empresarial\/?p=6354"},"modified":"2022-02-08T11:58:30","modified_gmt":"2022-02-08T17:58:30","slug":"un-seguro-que-proteja-el-empleo-y-financiamiento-agil-expectativas-del-fondo-impulso-jalisco","status":"publish","type":"post","link":"https:\/\/coparmexjal.org.mx\/entorno-empresarial\/un-seguro-que-proteja-el-empleo-y-financiamiento-agil-expectativas-del-fondo-impulso-jalisco\/","title":{"rendered":"Un seguro que proteja el empleo y financiamiento \u00e1gil: expectativas del Fondo Impulso Jalisco"},"content":{"rendered":"\n<p>Los modelos de colaboraci\u00f3n entre el sector privado y las autoridades han impactado de forma positiva en el desarrollo y competitividad del estado, la resoluci\u00f3n de los problemas p\u00fablicos no puede continuar \u00fanicamente como una responsabilidad de los gobiernos, sino a trav\u00e9s de mecanismos de coordinaci\u00f3n con organismos de la iniciativa privada y sindicatos.<\/p>\n\n\n\n<p>Un elemento clave para la implementaci\u00f3n de estas formas de gobernanza, se logra a trav\u00e9s de la transparencia y rendici\u00f3n de cuentas, tras el anuncio de la creaci\u00f3n del Fondo Impulso Jalisco por parte del Coordinador del Gabinete Econ\u00f3mico, se busca crear una bolsa de 25 millones de pesos mediante la retenci\u00f3n del 0.5 por ciento del monto total de los contratos por parte de proveedores que participen en contratos de bienes y servicios otorgados bajo convocatoria p\u00fablica. Cabe destacar, la retenci\u00f3n \u201c5 al millar\u201d, ser\u00e1 de forma voluntaria por parte del proveedor.<\/p>\n\n\n\n<p><strong>\u00bfCu\u00e1l es el reto para la iniciativa privada?<\/strong> y <strong>\u00bfqu\u00e9 desencadena la creaci\u00f3n de un fondo en el progreso social?<\/strong> Desde Coparmex Jalisco, se ha puesto en la mesa y en las l\u00edneas de acci\u00f3n, el compromiso de cooperar en el progreso a trav\u00e9s de las unidades econ\u00f3micas, convencidos de generar estrategias que sumen un efecto multiplicador en la competitividad y el desarrollo de la entidad, resultado de las buenas pr\u00e1cticas desde las empresas.<\/p>\n\n\n\n<p>Es por ello, que este organismo espera que los recursos de este fondo sean destinados bajo tres ejes:<\/p>\n\n\n\n<p>1. Financiamiento y garant\u00edas que permitan un mayor flujo a las empresas<\/p>\n\n\n\n<p>2. El factoraje, para agilizar los pagos a proveedores del gobierno<\/p>\n\n\n\n<p>3. Un seguro que proteja el empleo ante cualquier contingencia, tema en el que Coparmex se ha pronunciado con propuestas desde el inicio de la pandemia<\/p>\n\n\n\n<p>Lo que sigue ser\u00e1 trabajar en las reglas de operaci\u00f3n y definir los porcentajes de asignaci\u00f3n a cada uno de los objetivos de este fondo, as\u00ed como los criterios de activaci\u00f3n del seguro de protecci\u00f3n al empleo, procurando que todas las decisiones se transparenten y cumplan con los fines de su creaci\u00f3n.&nbsp;<\/p>\n\n\n\n<p>Desde Coparmex se dar\u00e1 un puntual seguimiento y evaluaci\u00f3n al uso de los recursos provenientes de la aportaci\u00f3n de 5 al millar, sumando con ello, a la generaci\u00f3n de un n\u00famero mayor de empleos y afianzar el liderazgo de la entidad en los temas econ\u00f3micos y sociales.<\/p>\n","protected":false},"excerpt":{"rendered":"<p>Los modelos de colaboraci\u00f3n entre el sector privado y las autoridades han impactado de forma positiva en el desarrollo y competitividad del estado, la resoluci\u00f3n<\/p>\n","protected":false},"author":2,"featured_media":6355,"comment_status":"open","ping_status":"open","sticky":false,"template":"","format":"standard","meta":{"footnotes":""},"categories":[348],"tags":[405,260,441,169,1137,1135,1136],"class_list":["post-6354","post","type-post","status-publish","format-standard","has-post-thumbnail","hentry","category-noticias","tag-coparmex-jalisco","tag-economia","tag-empleo","tag-empresa","tag-financiamiento","tag-fondo-impulso-jalisco","tag-seguro"],"yoast_head":"<!-- This site is optimized with the Yoast SEO plugin v27.5 - https:\/\/yoast.com\/product\/yoast-seo-wordpress\/ -->\n<title>Un seguro que proteja el empleo y financiamiento \u00e1gil: expectativas del Fondo Impulso Jalisco - Entorno Empresarial<\/title>\n<meta name=\"robots\" content=\"index, follow, max-snippet:-1, max-image-preview:large, max-video-preview:-1\" \/>\n<link rel=\"canonical\" href=\"https:\/\/coparmexjal.org.mx\/entorno-empresarial\/un-seguro-que-proteja-el-empleo-y-financiamiento-agil-expectativas-del-fondo-impulso-jalisco\/\" \/>\n<meta property=\"og:locale\" content=\"es_MX\" \/>\n<meta property=\"og:type\" content=\"article\" \/>\n<meta property=\"og:title\" content=\"Un seguro que proteja el empleo y financiamiento \u00e1gil: expectativas del Fondo Impulso Jalisco - Entorno Empresarial\" \/>\n<meta property=\"og:description\" content=\"Los modelos de colaboraci\u00f3n entre el sector privado y las autoridades han impactado de forma positiva en el desarrollo y competitividad del estado, la resoluci\u00f3n\" \/>\n<meta property=\"og:url\" content=\"https:\/\/coparmexjal.org.mx\/entorno-empresarial\/un-seguro-que-proteja-el-empleo-y-financiamiento-agil-expectativas-del-fondo-impulso-jalisco\/\" \/>\n<meta property=\"og:site_name\" content=\"Entorno Empresarial\" \/>\n<meta property=\"article:publisher\" content=\"https:\/\/facebook.com\/comcoparmex\" \/>\n<meta property=\"article:published_time\" content=\"2021-12-22T22:10:29+00:00\" \/>\n<meta property=\"article:modified_time\" content=\"2022-02-08T17:58:30+00:00\" \/>\n<meta property=\"og:image\" content=\"https:\/\/coparmexjal.org.mx\/entorno-empresarial\/wp-content\/uploads\/2021\/12\/WhatsApp-Image-2021-12-22-at-3.57.04-PM.jpeg\" \/>\n\t<meta property=\"og:image:width\" content=\"1200\" \/>\n\t<meta property=\"og:image:height\" content=\"800\" \/>\n\t<meta property=\"og:image:type\" content=\"image\/jpeg\" \/>\n<meta name=\"author\" content=\"Coparmex Jalisco\" \/>\n<meta name=\"twitter:card\" content=\"summary_large_image\" \/>\n<meta name=\"twitter:creator\" content=\"@comcoparmex\" \/>\n<meta name=\"twitter:site\" content=\"@comcoparmex\" \/>\n<meta name=\"twitter:label1\" content=\"Escrito por\" \/>\n\t<meta name=\"twitter:data1\" content=\"Coparmex Jalisco\" \/>\n\t<meta name=\"twitter:label2\" content=\"Tiempo de lectura\" \/>\n\t<meta name=\"twitter:data2\" content=\"2 minutos\" \/>\n<script type=\"application\/ld+json\" class=\"yoast-schema-graph\">{\"@context\":\"https:\\\/\\\/schema.org\",\"@graph\":[{\"@type\":\"Article\",\"@id\":\"https:\\\/\\\/coparmexjal.org.mx\\\/entorno-empresarial\\\/un-seguro-que-proteja-el-empleo-y-financiamiento-agil-expectativas-del-fondo-impulso-jalisco\\\/#article\",\"isPartOf\":{\"@id\":\"https:\\\/\\\/coparmexjal.org.mx\\\/entorno-empresarial\\\/un-seguro-que-proteja-el-empleo-y-financiamiento-agil-expectativas-del-fondo-impulso-jalisco\\\/\"},\"author\":{\"name\":\"Coparmex Jalisco\",\"@id\":\"https:\\\/\\\/coparmexjal.org.mx\\\/entorno-empresarial\\\/#\\\/schema\\\/person\\\/7d1d56a9587bfb3a725cd3dbfbdb9d44\"},\"headline\":\"Un seguro que proteja el empleo y financiamiento \u00e1gil: expectativas del Fondo Impulso Jalisco\",\"datePublished\":\"2021-12-22T22:10:29+00:00\",\"dateModified\":\"2022-02-08T17:58:30+00:00\",\"mainEntityOfPage\":{\"@id\":\"https:\\\/\\\/coparmexjal.org.mx\\\/entorno-empresarial\\\/un-seguro-que-proteja-el-empleo-y-financiamiento-agil-expectativas-del-fondo-impulso-jalisco\\\/\"},\"wordCount\":426,\"commentCount\":0,\"publisher\":{\"@id\":\"https:\\\/\\\/coparmexjal.org.mx\\\/entorno-empresarial\\\/#organization\"},\"image\":{\"@id\":\"https:\\\/\\\/coparmexjal.org.mx\\\/entorno-empresarial\\\/un-seguro-que-proteja-el-empleo-y-financiamiento-agil-expectativas-del-fondo-impulso-jalisco\\\/#primaryimage\"},\"thumbnailUrl\":\"https:\\\/\\\/coparmexjal.org.mx\\\/entorno-empresarial\\\/wp-content\\\/uploads\\\/2021\\\/12\\\/WhatsApp-Image-2021-12-22-at-3.57.04-PM.jpeg\",\"keywords\":[\"coparmex jalisco\",\"econom\u00eda\",\"empleo\",\"empresa\",\"Financiamiento\",\"Fondo Impulso Jalisco\",\"Seguro\"],\"articleSection\":[\"Noticias\"],\"inLanguage\":\"es\",\"potentialAction\":[{\"@type\":\"CommentAction\",\"name\":\"Comment\",\"target\":[\"https:\\\/\\\/coparmexjal.org.mx\\\/entorno-empresarial\\\/un-seguro-que-proteja-el-empleo-y-financiamiento-agil-expectativas-del-fondo-impulso-jalisco\\\/#respond\"]}]},{\"@type\":\"WebPage\",\"@id\":\"https:\\\/\\\/coparmexjal.org.mx\\\/entorno-empresarial\\\/un-seguro-que-proteja-el-empleo-y-financiamiento-agil-expectativas-del-fondo-impulso-jalisco\\\/\",\"url\":\"https:\\\/\\\/coparmexjal.org.mx\\\/entorno-empresarial\\\/un-seguro-que-proteja-el-empleo-y-financiamiento-agil-expectativas-del-fondo-impulso-jalisco\\\/\",\"name\":\"Un seguro que proteja el empleo y financiamiento \u00e1gil: expectativas del Fondo Impulso Jalisco - Entorno Empresarial\",\"isPartOf\":{\"@id\":\"https:\\\/\\\/coparmexjal.org.mx\\\/entorno-empresarial\\\/#website\"},\"primaryImageOfPage\":{\"@id\":\"https:\\\/\\\/coparmexjal.org.mx\\\/entorno-empresarial\\\/un-seguro-que-proteja-el-empleo-y-financiamiento-agil-expectativas-del-fondo-impulso-jalisco\\\/#primaryimage\"},\"image\":{\"@id\":\"https:\\\/\\\/coparmexjal.org.mx\\\/entorno-empresarial\\\/un-seguro-que-proteja-el-empleo-y-financiamiento-agil-expectativas-del-fondo-impulso-jalisco\\\/#primaryimage\"},\"thumbnailUrl\":\"https:\\\/\\\/coparmexjal.org.mx\\\/entorno-empresarial\\\/wp-content\\\/uploads\\\/2021\\\/12\\\/WhatsApp-Image-2021-12-22-at-3.57.04-PM.jpeg\",\"datePublished\":\"2021-12-22T22:10:29+00:00\",\"dateModified\":\"2022-02-08T17:58:30+00:00\",\"breadcrumb\":{\"@id\":\"https:\\\/\\\/coparmexjal.org.mx\\\/entorno-empresarial\\\/un-seguro-que-proteja-el-empleo-y-financiamiento-agil-expectativas-del-fondo-impulso-jalisco\\\/#breadcrumb\"},\"inLanguage\":\"es\",\"potentialAction\":[{\"@type\":\"ReadAction\",\"target\":[\"https:\\\/\\\/coparmexjal.org.mx\\\/entorno-empresarial\\\/un-seguro-que-proteja-el-empleo-y-financiamiento-agil-expectativas-del-fondo-impulso-jalisco\\\/\"]}]},{\"@type\":\"ImageObject\",\"inLanguage\":\"es\",\"@id\":\"https:\\\/\\\/coparmexjal.org.mx\\\/entorno-empresarial\\\/un-seguro-que-proteja-el-empleo-y-financiamiento-agil-expectativas-del-fondo-impulso-jalisco\\\/#primaryimage\",\"url\":\"https:\\\/\\\/coparmexjal.org.mx\\\/entorno-empresarial\\\/wp-content\\\/uploads\\\/2021\\\/12\\\/WhatsApp-Image-2021-12-22-at-3.57.04-PM.jpeg\",\"contentUrl\":\"https:\\\/\\\/coparmexjal.org.mx\\\/entorno-empresarial\\\/wp-content\\\/uploads\\\/2021\\\/12\\\/WhatsApp-Image-2021-12-22-at-3.57.04-PM.jpeg\",\"width\":1200,\"height\":800,\"caption\":\"Cortes\u00eda\"},{\"@type\":\"BreadcrumbList\",\"@id\":\"https:\\\/\\\/coparmexjal.org.mx\\\/entorno-empresarial\\\/un-seguro-que-proteja-el-empleo-y-financiamiento-agil-expectativas-del-fondo-impulso-jalisco\\\/#breadcrumb\",\"itemListElement\":[{\"@type\":\"ListItem\",\"position\":1,\"name\":\"Inicio\",\"item\":\"https:\\\/\\\/coparmexjal.org.mx\\\/entorno-empresarial\\\/\"},{\"@type\":\"ListItem\",\"position\":2,\"name\":\"Un seguro que proteja el empleo y financiamiento \u00e1gil: expectativas del Fondo Impulso Jalisco\"}]},{\"@type\":\"WebSite\",\"@id\":\"https:\\\/\\\/coparmexjal.org.mx\\\/entorno-empresarial\\\/#website\",\"url\":\"https:\\\/\\\/coparmexjal.org.mx\\\/entorno-empresarial\\\/\",\"name\":\"Revista Entorno Empresarial\",\"description\":\"Coparmex Jalisco\",\"publisher\":{\"@id\":\"https:\\\/\\\/coparmexjal.org.mx\\\/entorno-empresarial\\\/#organization\"},\"potentialAction\":[{\"@type\":\"SearchAction\",\"target\":{\"@type\":\"EntryPoint\",\"urlTemplate\":\"https:\\\/\\\/coparmexjal.org.mx\\\/entorno-empresarial\\\/?s={search_term_string}\"},\"query-input\":{\"@type\":\"PropertyValueSpecification\",\"valueRequired\":true,\"valueName\":\"search_term_string\"}}],\"inLanguage\":\"es\"},{\"@type\":\"Organization\",\"@id\":\"https:\\\/\\\/coparmexjal.org.mx\\\/entorno-empresarial\\\/#organization\",\"name\":\"Coparmex Jalisco\",\"url\":\"https:\\\/\\\/coparmexjal.org.mx\\\/entorno-empresarial\\\/\",\"logo\":{\"@type\":\"ImageObject\",\"inLanguage\":\"es\",\"@id\":\"https:\\\/\\\/coparmexjal.org.mx\\\/entorno-empresarial\\\/#\\\/schema\\\/logo\\\/image\\\/\",\"url\":\"https:\\\/\\\/coparmexjal.org.mx\\\/entorno-empresarial\\\/wp-content\\\/uploads\\\/2020\\\/02\\\/logo-amp.png\",\"contentUrl\":\"https:\\\/\\\/coparmexjal.org.mx\\\/entorno-empresarial\\\/wp-content\\\/uploads\\\/2020\\\/02\\\/logo-amp.png\",\"width\":120,\"height\":90,\"caption\":\"Coparmex Jalisco\"},\"image\":{\"@id\":\"https:\\\/\\\/coparmexjal.org.mx\\\/entorno-empresarial\\\/#\\\/schema\\\/logo\\\/image\\\/\"},\"sameAs\":[\"https:\\\/\\\/facebook.com\\\/comcoparmex\",\"https:\\\/\\\/x.com\\\/comcoparmex\",\"http:\\\/\\\/instagram.com\\\/coparmexjalisco\",\"https:\\\/\\\/mx.linkedin.com\\\/company\\\/coparmex-jalisco\",\"https:\\\/\\\/www.youtube.com\\\/c\\\/CoparmexJaliscomx\"]},{\"@type\":\"Person\",\"@id\":\"https:\\\/\\\/coparmexjal.org.mx\\\/entorno-empresarial\\\/#\\\/schema\\\/person\\\/7d1d56a9587bfb3a725cd3dbfbdb9d44\",\"name\":\"Coparmex Jalisco\",\"image\":{\"@type\":\"ImageObject\",\"inLanguage\":\"es\",\"@id\":\"https:\\\/\\\/coparmexjal.org.mx\\\/entorno-empresarial\\\/wp-content\\\/uploads\\\/2020\\\/06\\\/favicon-150x133.png\",\"url\":\"https:\\\/\\\/coparmexjal.org.mx\\\/entorno-empresarial\\\/wp-content\\\/uploads\\\/2020\\\/06\\\/favicon-150x133.png\",\"contentUrl\":\"https:\\\/\\\/coparmexjal.org.mx\\\/entorno-empresarial\\\/wp-content\\\/uploads\\\/2020\\\/06\\\/favicon-150x133.png\",\"caption\":\"Coparmex Jalisco\"},\"url\":\"https:\\\/\\\/coparmexjal.org.mx\\\/entorno-empresarial\\\/author\\\/coparmexjalisco\\\/\"}]}<\/script>\n<!-- \/ Yoast SEO plugin. -->","yoast_head_json":{"title":"Un seguro que proteja el empleo y financiamiento \u00e1gil: expectativas del Fondo Impulso Jalisco - Entorno Empresarial","robots":{"index":"index","follow":"follow","max-snippet":"max-snippet:-1","max-image-preview":"max-image-preview:large","max-video-preview":"max-video-preview:-1"},"canonical":"https:\/\/coparmexjal.org.mx\/entorno-empresarial\/un-seguro-que-proteja-el-empleo-y-financiamiento-agil-expectativas-del-fondo-impulso-jalisco\/","og_locale":"es_MX","og_type":"article","og_title":"Un seguro que proteja el empleo y financiamiento \u00e1gil: expectativas del Fondo Impulso Jalisco - Entorno Empresarial","og_description":"Los modelos de colaboraci\u00f3n entre el sector privado y las autoridades han impactado de forma positiva en el desarrollo y competitividad del estado, la resoluci\u00f3n","og_url":"https:\/\/coparmexjal.org.mx\/entorno-empresarial\/un-seguro-que-proteja-el-empleo-y-financiamiento-agil-expectativas-del-fondo-impulso-jalisco\/","og_site_name":"Entorno Empresarial","article_publisher":"https:\/\/facebook.com\/comcoparmex","article_published_time":"2021-12-22T22:10:29+00:00","article_modified_time":"2022-02-08T17:58:30+00:00","og_image":[{"width":1200,"height":800,"url":"https:\/\/coparmexjal.org.mx\/entorno-empresarial\/wp-content\/uploads\/2021\/12\/WhatsApp-Image-2021-12-22-at-3.57.04-PM.jpeg","type":"image\/jpeg"}],"author":"Coparmex Jalisco","twitter_card":"summary_large_image","twitter_creator":"@comcoparmex","twitter_site":"@comcoparmex","twitter_misc":{"Escrito por":"Coparmex Jalisco","Tiempo de lectura":"2 minutos"},"schema":{"@context":"https:\/\/schema.org","@graph":[{"@type":"Article","@id":"https:\/\/coparmexjal.org.mx\/entorno-empresarial\/un-seguro-que-proteja-el-empleo-y-financiamiento-agil-expectativas-del-fondo-impulso-jalisco\/#article","isPartOf":{"@id":"https:\/\/coparmexjal.org.mx\/entorno-empresarial\/un-seguro-que-proteja-el-empleo-y-financiamiento-agil-expectativas-del-fondo-impulso-jalisco\/"},"author":{"name":"Coparmex Jalisco","@id":"https:\/\/coparmexjal.org.mx\/entorno-empresarial\/#\/schema\/person\/7d1d56a9587bfb3a725cd3dbfbdb9d44"},"headline":"Un seguro que proteja el empleo y financiamiento \u00e1gil: expectativas del Fondo Impulso Jalisco","datePublished":"2021-12-22T22:10:29+00:00","dateModified":"2022-02-08T17:58:30+00:00","mainEntityOfPage":{"@id":"https:\/\/coparmexjal.org.mx\/entorno-empresarial\/un-seguro-que-proteja-el-empleo-y-financiamiento-agil-expectativas-del-fondo-impulso-jalisco\/"},"wordCount":426,"commentCount":0,"publisher":{"@id":"https:\/\/coparmexjal.org.mx\/entorno-empresarial\/#organization"},"image":{"@id":"https:\/\/coparmexjal.org.mx\/entorno-empresarial\/un-seguro-que-proteja-el-empleo-y-financiamiento-agil-expectativas-del-fondo-impulso-jalisco\/#primaryimage"},"thumbnailUrl":"https:\/\/coparmexjal.org.mx\/entorno-empresarial\/wp-content\/uploads\/2021\/12\/WhatsApp-Image-2021-12-22-at-3.57.04-PM.jpeg","keywords":["coparmex jalisco","econom\u00eda","empleo","empresa","Financiamiento","Fondo Impulso Jalisco","Seguro"],"articleSection":["Noticias"],"inLanguage":"es","potentialAction":[{"@type":"CommentAction","name":"Comment","target":["https:\/\/coparmexjal.org.mx\/entorno-empresarial\/un-seguro-que-proteja-el-empleo-y-financiamiento-agil-expectativas-del-fondo-impulso-jalisco\/#respond"]}]},{"@type":"WebPage","@id":"https:\/\/coparmexjal.org.mx\/entorno-empresarial\/un-seguro-que-proteja-el-empleo-y-financiamiento-agil-expectativas-del-fondo-impulso-jalisco\/","url":"https:\/\/coparmexjal.org.mx\/entorno-empresarial\/un-seguro-que-proteja-el-empleo-y-financiamiento-agil-expectativas-del-fondo-impulso-jalisco\/","name":"Un seguro que proteja el empleo y financiamiento \u00e1gil: expectativas del Fondo Impulso Jalisco - Entorno Empresarial","isPartOf":{"@id":"https:\/\/coparmexjal.org.mx\/entorno-empresarial\/#website"},"primaryImageOfPage":{"@id":"https:\/\/coparmexjal.org.mx\/entorno-empresarial\/un-seguro-que-proteja-el-empleo-y-financiamiento-agil-expectativas-del-fondo-impulso-jalisco\/#primaryimage"},"image":{"@id":"https:\/\/coparmexjal.org.mx\/entorno-empresarial\/un-seguro-que-proteja-el-empleo-y-financiamiento-agil-expectativas-del-fondo-impulso-jalisco\/#primaryimage"},"thumbnailUrl":"https:\/\/coparmexjal.org.mx\/entorno-empresarial\/wp-content\/uploads\/2021\/12\/WhatsApp-Image-2021-12-22-at-3.57.04-PM.jpeg","datePublished":"2021-12-22T22:10:29+00:00","dateModified":"2022-02-08T17:58:30+00:00","breadcrumb":{"@id":"https:\/\/coparmexjal.org.mx\/entorno-empresarial\/un-seguro-que-proteja-el-empleo-y-financiamiento-agil-expectativas-del-fondo-impulso-jalisco\/#breadcrumb"},"inLanguage":"es","potentialAction":[{"@type":"ReadAction","target":["https:\/\/coparmexjal.org.mx\/entorno-empresarial\/un-seguro-que-proteja-el-empleo-y-financiamiento-agil-expectativas-del-fondo-impulso-jalisco\/"]}]},{"@type":"ImageObject","inLanguage":"es","@id":"https:\/\/coparmexjal.org.mx\/entorno-empresarial\/un-seguro-que-proteja-el-empleo-y-financiamiento-agil-expectativas-del-fondo-impulso-jalisco\/#primaryimage","url":"https:\/\/coparmexjal.org.mx\/entorno-empresarial\/wp-content\/uploads\/2021\/12\/WhatsApp-Image-2021-12-22-at-3.57.04-PM.jpeg","contentUrl":"https:\/\/coparmexjal.org.mx\/entorno-empresarial\/wp-content\/uploads\/2021\/12\/WhatsApp-Image-2021-12-22-at-3.57.04-PM.jpeg","width":1200,"height":800,"caption":"Cortes\u00eda"},{"@type":"BreadcrumbList","@id":"https:\/\/coparmexjal.org.mx\/entorno-empresarial\/un-seguro-que-proteja-el-empleo-y-financiamiento-agil-expectativas-del-fondo-impulso-jalisco\/#breadcrumb","itemListElement":[{"@type":"ListItem","position":1,"name":"Inicio","item":"https:\/\/coparmexjal.org.mx\/entorno-empresarial\/"},{"@type":"ListItem","position":2,"name":"Un seguro que proteja el empleo y financiamiento \u00e1gil: expectativas del Fondo Impulso Jalisco"}]},{"@type":"WebSite","@id":"https:\/\/coparmexjal.org.mx\/entorno-empresarial\/#website","url":"https:\/\/coparmexjal.org.mx\/entorno-empresarial\/","name":"Revista Entorno Empresarial","description":"Coparmex Jalisco","publisher":{"@id":"https:\/\/coparmexjal.org.mx\/entorno-empresarial\/#organization"},"potentialAction":[{"@type":"SearchAction","target":{"@type":"EntryPoint","urlTemplate":"https:\/\/coparmexjal.org.mx\/entorno-empresarial\/?s={search_term_string}"},"query-input":{"@type":"PropertyValueSpecification","valueRequired":true,"valueName":"search_term_string"}}],"inLanguage":"es"},{"@type":"Organization","@id":"https:\/\/coparmexjal.org.mx\/entorno-empresarial\/#organization","name":"Coparmex Jalisco","url":"https:\/\/coparmexjal.org.mx\/entorno-empresarial\/","logo":{"@type":"ImageObject","inLanguage":"es","@id":"https:\/\/coparmexjal.org.mx\/entorno-empresarial\/#\/schema\/logo\/image\/","url":"https:\/\/coparmexjal.org.mx\/entorno-empresarial\/wp-content\/uploads\/2020\/02\/logo-amp.png","contentUrl":"https:\/\/coparmexjal.org.mx\/entorno-empresarial\/wp-content\/uploads\/2020\/02\/logo-amp.png","width":120,"height":90,"caption":"Coparmex Jalisco"},"image":{"@id":"https:\/\/coparmexjal.org.mx\/entorno-empresarial\/#\/schema\/logo\/image\/"},"sameAs":["https:\/\/facebook.com\/comcoparmex","https:\/\/x.com\/comcoparmex","http:\/\/instagram.com\/coparmexjalisco","https:\/\/mx.linkedin.com\/company\/coparmex-jalisco","https:\/\/www.youtube.com\/c\/CoparmexJaliscomx"]},{"@type":"Person","@id":"https:\/\/coparmexjal.org.mx\/entorno-empresarial\/#\/schema\/person\/7d1d56a9587bfb3a725cd3dbfbdb9d44","name":"Coparmex Jalisco","image":{"@type":"ImageObject","inLanguage":"es","@id":"https:\/\/coparmexjal.org.mx\/entorno-empresarial\/wp-content\/uploads\/2020\/06\/favicon-150x133.png","url":"https:\/\/coparmexjal.org.mx\/entorno-empresarial\/wp-content\/uploads\/2020\/06\/favicon-150x133.png","contentUrl":"https:\/\/coparmexjal.org.mx\/entorno-empresarial\/wp-content\/uploads\/2020\/06\/favicon-150x133.png","caption":"Coparmex Jalisco"},"url":"https:\/\/coparmexjal.org.mx\/entorno-empresarial\/author\/coparmexjalisco\/"}]}},"_links":{"self":[{"href":"https:\/\/coparmexjal.org.mx\/entorno-empresarial\/wp-json\/wp\/v2\/posts\/6354","targetHints":{"allow":["GET"]}}],"collection":[{"href":"https:\/\/coparmexjal.org.mx\/entorno-empresarial\/wp-json\/wp\/v2\/posts"}],"about":[{"href":"https:\/\/coparmexjal.org.mx\/entorno-empresarial\/wp-json\/wp\/v2\/types\/post"}],"author":[{"embeddable":true,"href":"https:\/\/coparmexjal.org.mx\/entorno-empresarial\/wp-json\/wp\/v2\/users\/2"}],"replies":[{"embeddable":true,"href":"https:\/\/coparmexjal.org.mx\/entorno-empresarial\/wp-json\/wp\/v2\/comments?post=6354"}],"version-history":[{"count":1,"href":"https:\/\/coparmexjal.org.mx\/entorno-empresarial\/wp-json\/wp\/v2\/posts\/6354\/revisions"}],"predecessor-version":[{"id":6356,"href":"https:\/\/coparmexjal.org.mx\/entorno-empresarial\/wp-json\/wp\/v2\/posts\/6354\/revisions\/6356"}],"wp:featuredmedia":[{"embeddable":true,"href":"https:\/\/coparmexjal.org.mx\/entorno-empresarial\/wp-json\/wp\/v2\/media\/6355"}],"wp:attachment":[{"href":"https:\/\/coparmexjal.org.mx\/entorno-empresarial\/wp-json\/wp\/v2\/media?parent=6354"}],"wp:term":[{"taxonomy":"category","embeddable":true,"href":"https:\/\/coparmexjal.org.mx\/entorno-empresarial\/wp-json\/wp\/v2\/categories?post=6354"},{"taxonomy":"post_tag","embeddable":true,"href":"https:\/\/coparmexjal.org.mx\/entorno-empresarial\/wp-json\/wp\/v2\/tags?post=6354"}],"curies":[{"name":"wp","href":"https:\/\/api.w.org\/{rel}","templated":true}]}}