{"id":6174,"date":"2021-10-12T10:34:35","date_gmt":"2021-10-12T15:34:35","guid":{"rendered":"https:\/\/coparmexjal.org.mx\/entorno-empresarial\/?p=6174"},"modified":"2022-03-22T11:45:27","modified_gmt":"2022-03-22T17:45:27","slug":"acuerdo-conclusivo","status":"publish","type":"post","link":"https:\/\/coparmexjal.org.mx\/entorno-empresarial\/acuerdo-conclusivo\/","title":{"rendered":"Acuerdo Conclusivo, una Opci\u00f3n para los Contribuyentes"},"content":{"rendered":"\n<p>La Procuradur\u00eda de la Defensa del Contribuyente (PRODECON) surge en la legislaci\u00f3n fiscal de M\u00e9xico el 5 de enero de 2004, como organismo aut\u00f3nomo encargado de la protecci\u00f3n y defensa de los contribuyentes, ya sean personas f\u00edsicas o morales.<\/p>\n\n\n\n<p>Este organismo a lo largo del tiempo ha demostrado ser verdaderamente aut\u00f3nomo y de mucho apoyo para los contribuyentes, ya que, entre otros m\u00e9ritos, ha coadyuvado a la soluci\u00f3n de conflictos de manera muy satisfactoria en defensa de los mismos, convirti\u00e9ndose en un eficaz ombudsman frente a las autoridades.&nbsp;&nbsp;<\/p>\n\n\n\n<p>Dentro de sus atribuciones se encuentra la de fungir como mediador entre los contribuyentes y las autoridades fiscales por actos de fiscalizaci\u00f3n, mediante la adopci\u00f3n del procedimiento conocido como acuerdo conclusivo, este procedimiento se encuentra regulado en los art\u00edculos 69, C, D, E, F, G y H del C\u00f3digo Fiscal Federal y del 96 al 107 de las Normas Sustantivas de la PRODECON.<\/p>\n\n\n\n<p>De acuerdo al referido C\u00f3digo, el acuerdo conclusivo tiene por objeto que la PRODECON, como organismo p\u00fablico con autonom\u00eda t\u00e9cnica, funcional y de gesti\u00f3n, promueva, transparente y facilite la soluci\u00f3n anticipada y consensuada de los diferendos y desavenencias que, durante el ejercicio de facultades de comprobaci\u00f3n, puedan surgir entre contribuyentes y autoridades fiscales.<\/p>\n\n\n\n<p>Este procedimiento es optativo para el contribuyente (obligatorio para la autoridad) y es un medio no litigioso que permite un acercamiento de los contribuyentes con las autoridades fiscales, que le permitan aclarar, probar y desvirtuar observaciones o diferencias detectadas dentro de las revisiones efectuadas a los mismos, ya sean visitas domiciliarias, de gabinete o electr\u00f3nicas o en su caso, regularizar su situaci\u00f3n fiscal, siempre con la participaci\u00f3n de la PRODECON como mediador.<\/p>\n\n\n\n<p>Las ventajas de optar por un acuerdo conclusivo son:<\/p>\n\n\n\n<ul class=\"wp-block-list\"><li>Se evitan juicios largos y costosos.<\/li><li>Se tiene un acercamiento directo con las autoridades fiscales para manifestar su inconformidad en los aspectos de la auditor\u00eda o revisi\u00f3n con los que se est\u00e1 inconforme.<\/li><li>Se puede obtener (por \u00fanica vez) la condonaci\u00f3n de multas hasta en un 100%.<\/li><li>Se cuenta con la intervenci\u00f3n de la PRODECON como mediador del procedimiento, que conlleva que se desarrolle con estricto apego a las disposiciones fiscales.<\/li><li>Suspensi\u00f3n de los plazos legales.<\/li><li>No se necesita garantizar el inter\u00e9s fiscal.<\/li><li>Es una oportunidad para regularizar la situaci\u00f3n fiscal de los contribuyentes.<\/li><\/ul>\n\n\n\n<p>Los plazos para la adopci\u00f3n de los acuerdos conclusivos ser\u00e1n en cualquier momento a partir de que d\u00e9 inicio el ejercicio de facultades de comprobaci\u00f3n y hasta dentro de los 20 d\u00edas siguientes a aquel en que se haya levantado el acta final, notificado el oficio de observaciones o notificado la resoluci\u00f3n provisional, seg\u00fan sea el caso.<\/p>\n\n\n\n<p>La solicitud de este acuerdo no proceder\u00e1 en los siguientes casos:<\/p>\n\n\n\n<ul class=\"wp-block-list\"><li>Facultades de comprobaci\u00f3n para verificar la procedencia de saldos a favor o pago de lo indebido.<\/li><li>Facultades de comprobaci\u00f3n respecto de compulsas a terceros.<\/li><li>Actos derivados de la cumplimentaci\u00f3n de resoluciones o sentencias.<\/li><li>Hayan transcurrido los 20 d\u00edas de plazo.<\/li><li>Respecto de contribuyentes que se ubiquen en los supuestos del art\u00edculo 69-B del CFF.<\/li><\/ul>\n\n\n\n<p>En conclusi\u00f3n, resulta muy interesante evaluar, en su caso, la adopci\u00f3n de este procedimiento por los beneficios ya apuntados, ya que permite el desahogo de controversias de car\u00e1cter fiscal de una manera f\u00e1cil y expedita.<\/p>\n","protected":false},"excerpt":{"rendered":"<p>El acuerdo conclusivo tiene por objeto que la PRODECON, como organismo p\u00fablico con autonom\u00eda t\u00e9cnica, funcional y de gesti\u00f3n, promueva, transparente y facilite la soluci\u00f3n anticipada y consensuada de los diferendos y desavenencias que, durante el ejercicio de facultades de comprobaci\u00f3n, puedan surgir entre contribuyentes y autoridades fiscales.<\/p>\n","protected":false},"author":109,"featured_media":6175,"comment_status":"open","ping_status":"open","sticky":false,"template":"","format":"standard","meta":{"footnotes":""},"categories":[153,152,1182],"tags":[1084,1079,1081,860,1080,1077,1078,1082,1083],"class_list":["post-6174","post","type-post","status-publish","format-standard","has-post-thumbnail","hentry","category-economia","category-empresas","category-fiscal","tag-acuerdos-conclusivos","tag-autoridades-fiscales","tag-codigo-fiscal-federal","tag-contribuyentes","tag-fiscalizacion","tag-legislacion-fiscal","tag-ombudsman","tag-prodecon","tag-regularizar-situacion-fiscal"],"yoast_head":"<!-- This site is optimized with the Yoast SEO plugin v27.5 - https:\/\/yoast.com\/product\/yoast-seo-wordpress\/ -->\n<title>Acuerdo Conclusivo, una Opci\u00f3n para los Contribuyentes - Entorno Empresarial<\/title>\n<meta name=\"description\" content=\"La PRODECON funge como mediador entre los contribuyentes y las autoridades fiscales por actos de fiscalizaci\u00f3n.\" \/>\n<meta name=\"robots\" content=\"index, follow, max-snippet:-1, max-image-preview:large, max-video-preview:-1\" \/>\n<link rel=\"canonical\" href=\"https:\/\/coparmexjal.org.mx\/entorno-empresarial\/acuerdo-conclusivo\/\" \/>\n<meta property=\"og:locale\" content=\"es_MX\" \/>\n<meta property=\"og:type\" content=\"article\" \/>\n<meta property=\"og:title\" content=\"Acuerdo Conclusivo, una Opci\u00f3n para los Contribuyentes - Entorno Empresarial\" \/>\n<meta property=\"og:description\" content=\"La PRODECON funge como mediador entre los contribuyentes y las autoridades fiscales por actos de fiscalizaci\u00f3n.\" \/>\n<meta property=\"og:url\" content=\"https:\/\/coparmexjal.org.mx\/entorno-empresarial\/acuerdo-conclusivo\/\" \/>\n<meta property=\"og:site_name\" content=\"Entorno Empresarial\" \/>\n<meta property=\"article:publisher\" content=\"https:\/\/facebook.com\/comcoparmex\" \/>\n<meta property=\"article:published_time\" content=\"2021-10-12T15:34:35+00:00\" \/>\n<meta property=\"article:modified_time\" content=\"2022-03-22T17:45:27+00:00\" \/>\n<meta property=\"og:image\" content=\"https:\/\/coparmexjal.org.mx\/entorno-empresarial\/wp-content\/uploads\/2021\/10\/Prodecon.jpg\" \/>\n\t<meta property=\"og:image:width\" content=\"670\" \/>\n\t<meta property=\"og:image:height\" content=\"533\" \/>\n\t<meta property=\"og:image:type\" content=\"image\/jpeg\" \/>\n<meta name=\"author\" content=\"C.P.C Francisco Javier Padilla Villarruel\" \/>\n<meta name=\"twitter:card\" content=\"summary_large_image\" \/>\n<meta name=\"twitter:creator\" content=\"@comcoparmex\" \/>\n<meta name=\"twitter:site\" content=\"@comcoparmex\" \/>\n<meta name=\"twitter:label1\" content=\"Escrito por\" \/>\n\t<meta name=\"twitter:data1\" content=\"C.P.C Francisco Javier Padilla Villarruel\" \/>\n\t<meta name=\"twitter:label2\" content=\"Tiempo de lectura\" \/>\n\t<meta name=\"twitter:data2\" content=\"3 minutos\" \/>\n<script type=\"application\/ld+json\" class=\"yoast-schema-graph\">{\"@context\":\"https:\\\/\\\/schema.org\",\"@graph\":[{\"@type\":\"Article\",\"@id\":\"https:\\\/\\\/coparmexjal.org.mx\\\/entorno-empresarial\\\/acuerdo-conclusivo\\\/#article\",\"isPartOf\":{\"@id\":\"https:\\\/\\\/coparmexjal.org.mx\\\/entorno-empresarial\\\/acuerdo-conclusivo\\\/\"},\"author\":{\"name\":\"C.P.C Francisco Javier Padilla Villarruel\",\"@id\":\"https:\\\/\\\/coparmexjal.org.mx\\\/entorno-empresarial\\\/#\\\/schema\\\/person\\\/5d1cd0d9104ff22e8b16d1eeacc3c05c\"},\"headline\":\"Acuerdo Conclusivo, una Opci\u00f3n para los Contribuyentes\",\"datePublished\":\"2021-10-12T15:34:35+00:00\",\"dateModified\":\"2022-03-22T17:45:27+00:00\",\"mainEntityOfPage\":{\"@id\":\"https:\\\/\\\/coparmexjal.org.mx\\\/entorno-empresarial\\\/acuerdo-conclusivo\\\/\"},\"wordCount\":584,\"commentCount\":0,\"publisher\":{\"@id\":\"https:\\\/\\\/coparmexjal.org.mx\\\/entorno-empresarial\\\/#organization\"},\"image\":{\"@id\":\"https:\\\/\\\/coparmexjal.org.mx\\\/entorno-empresarial\\\/acuerdo-conclusivo\\\/#primaryimage\"},\"thumbnailUrl\":\"https:\\\/\\\/coparmexjal.org.mx\\\/entorno-empresarial\\\/wp-content\\\/uploads\\\/2021\\\/10\\\/Prodecon.jpg\",\"keywords\":[\"acuerdos conclusivos\",\"autoridades fiscales\",\"C\u00f3digo Fiscal Federal\",\"contribuyentes\",\"fiscalizaci\u00f3n\",\"legislaci\u00f3n fiscal\",\"ombudsman\",\"PRODECON\",\"regularizar situaci\u00f3n fiscal\"],\"articleSection\":[\"Econom\u00eda\",\"Empresas\",\"Fiscal\"],\"inLanguage\":\"es\",\"potentialAction\":[{\"@type\":\"CommentAction\",\"name\":\"Comment\",\"target\":[\"https:\\\/\\\/coparmexjal.org.mx\\\/entorno-empresarial\\\/acuerdo-conclusivo\\\/#respond\"]}]},{\"@type\":\"WebPage\",\"@id\":\"https:\\\/\\\/coparmexjal.org.mx\\\/entorno-empresarial\\\/acuerdo-conclusivo\\\/\",\"url\":\"https:\\\/\\\/coparmexjal.org.mx\\\/entorno-empresarial\\\/acuerdo-conclusivo\\\/\",\"name\":\"Acuerdo Conclusivo, una Opci\u00f3n para los Contribuyentes - Entorno Empresarial\",\"isPartOf\":{\"@id\":\"https:\\\/\\\/coparmexjal.org.mx\\\/entorno-empresarial\\\/#website\"},\"primaryImageOfPage\":{\"@id\":\"https:\\\/\\\/coparmexjal.org.mx\\\/entorno-empresarial\\\/acuerdo-conclusivo\\\/#primaryimage\"},\"image\":{\"@id\":\"https:\\\/\\\/coparmexjal.org.mx\\\/entorno-empresarial\\\/acuerdo-conclusivo\\\/#primaryimage\"},\"thumbnailUrl\":\"https:\\\/\\\/coparmexjal.org.mx\\\/entorno-empresarial\\\/wp-content\\\/uploads\\\/2021\\\/10\\\/Prodecon.jpg\",\"datePublished\":\"2021-10-12T15:34:35+00:00\",\"dateModified\":\"2022-03-22T17:45:27+00:00\",\"description\":\"La PRODECON funge como mediador entre los contribuyentes y las autoridades fiscales por actos de fiscalizaci\u00f3n.\",\"breadcrumb\":{\"@id\":\"https:\\\/\\\/coparmexjal.org.mx\\\/entorno-empresarial\\\/acuerdo-conclusivo\\\/#breadcrumb\"},\"inLanguage\":\"es\",\"potentialAction\":[{\"@type\":\"ReadAction\",\"target\":[\"https:\\\/\\\/coparmexjal.org.mx\\\/entorno-empresarial\\\/acuerdo-conclusivo\\\/\"]}]},{\"@type\":\"ImageObject\",\"inLanguage\":\"es\",\"@id\":\"https:\\\/\\\/coparmexjal.org.mx\\\/entorno-empresarial\\\/acuerdo-conclusivo\\\/#primaryimage\",\"url\":\"https:\\\/\\\/coparmexjal.org.mx\\\/entorno-empresarial\\\/wp-content\\\/uploads\\\/2021\\\/10\\\/Prodecon.jpg\",\"contentUrl\":\"https:\\\/\\\/coparmexjal.org.mx\\\/entorno-empresarial\\\/wp-content\\\/uploads\\\/2021\\\/10\\\/Prodecon.jpg\",\"width\":670,\"height\":533},{\"@type\":\"BreadcrumbList\",\"@id\":\"https:\\\/\\\/coparmexjal.org.mx\\\/entorno-empresarial\\\/acuerdo-conclusivo\\\/#breadcrumb\",\"itemListElement\":[{\"@type\":\"ListItem\",\"position\":1,\"name\":\"Inicio\",\"item\":\"https:\\\/\\\/coparmexjal.org.mx\\\/entorno-empresarial\\\/\"},{\"@type\":\"ListItem\",\"position\":2,\"name\":\"Acuerdo Conclusivo, una Opci\u00f3n para los Contribuyentes\"}]},{\"@type\":\"WebSite\",\"@id\":\"https:\\\/\\\/coparmexjal.org.mx\\\/entorno-empresarial\\\/#website\",\"url\":\"https:\\\/\\\/coparmexjal.org.mx\\\/entorno-empresarial\\\/\",\"name\":\"Revista Entorno Empresarial\",\"description\":\"Coparmex Jalisco\",\"publisher\":{\"@id\":\"https:\\\/\\\/coparmexjal.org.mx\\\/entorno-empresarial\\\/#organization\"},\"potentialAction\":[{\"@type\":\"SearchAction\",\"target\":{\"@type\":\"EntryPoint\",\"urlTemplate\":\"https:\\\/\\\/coparmexjal.org.mx\\\/entorno-empresarial\\\/?s={search_term_string}\"},\"query-input\":{\"@type\":\"PropertyValueSpecification\",\"valueRequired\":true,\"valueName\":\"search_term_string\"}}],\"inLanguage\":\"es\"},{\"@type\":\"Organization\",\"@id\":\"https:\\\/\\\/coparmexjal.org.mx\\\/entorno-empresarial\\\/#organization\",\"name\":\"Coparmex Jalisco\",\"url\":\"https:\\\/\\\/coparmexjal.org.mx\\\/entorno-empresarial\\\/\",\"logo\":{\"@type\":\"ImageObject\",\"inLanguage\":\"es\",\"@id\":\"https:\\\/\\\/coparmexjal.org.mx\\\/entorno-empresarial\\\/#\\\/schema\\\/logo\\\/image\\\/\",\"url\":\"https:\\\/\\\/coparmexjal.org.mx\\\/entorno-empresarial\\\/wp-content\\\/uploads\\\/2020\\\/02\\\/logo-amp.png\",\"contentUrl\":\"https:\\\/\\\/coparmexjal.org.mx\\\/entorno-empresarial\\\/wp-content\\\/uploads\\\/2020\\\/02\\\/logo-amp.png\",\"width\":120,\"height\":90,\"caption\":\"Coparmex Jalisco\"},\"image\":{\"@id\":\"https:\\\/\\\/coparmexjal.org.mx\\\/entorno-empresarial\\\/#\\\/schema\\\/logo\\\/image\\\/\"},\"sameAs\":[\"https:\\\/\\\/facebook.com\\\/comcoparmex\",\"https:\\\/\\\/x.com\\\/comcoparmex\",\"http:\\\/\\\/instagram.com\\\/coparmexjalisco\",\"https:\\\/\\\/mx.linkedin.com\\\/company\\\/coparmex-jalisco\",\"https:\\\/\\\/www.youtube.com\\\/c\\\/CoparmexJaliscomx\"]},{\"@type\":\"Person\",\"@id\":\"https:\\\/\\\/coparmexjal.org.mx\\\/entorno-empresarial\\\/#\\\/schema\\\/person\\\/5d1cd0d9104ff22e8b16d1eeacc3c05c\",\"name\":\"C.P.C Francisco Javier Padilla Villarruel\",\"image\":{\"@type\":\"ImageObject\",\"inLanguage\":\"es\",\"@id\":\"https:\\\/\\\/secure.gravatar.com\\\/avatar\\\/88c7b88702ad238f80869c446fb40ea158de53d03bc784568690ff83566dfff8?s=96&d=mm&r=g\",\"url\":\"https:\\\/\\\/secure.gravatar.com\\\/avatar\\\/88c7b88702ad238f80869c446fb40ea158de53d03bc784568690ff83566dfff8?s=96&d=mm&r=g\",\"contentUrl\":\"https:\\\/\\\/secure.gravatar.com\\\/avatar\\\/88c7b88702ad238f80869c446fb40ea158de53d03bc784568690ff83566dfff8?s=96&d=mm&r=g\",\"caption\":\"C.P.C Francisco Javier Padilla Villarruel\"},\"url\":\"https:\\\/\\\/coparmexjal.org.mx\\\/entorno-empresarial\\\/author\\\/francisco-javier-padilla-villarruel\\\/\"}]}<\/script>\n<!-- \/ Yoast SEO plugin. -->","yoast_head_json":{"title":"Acuerdo Conclusivo, una Opci\u00f3n para los Contribuyentes - Entorno Empresarial","description":"La PRODECON funge como mediador entre los contribuyentes y las autoridades fiscales por actos de fiscalizaci\u00f3n.","robots":{"index":"index","follow":"follow","max-snippet":"max-snippet:-1","max-image-preview":"max-image-preview:large","max-video-preview":"max-video-preview:-1"},"canonical":"https:\/\/coparmexjal.org.mx\/entorno-empresarial\/acuerdo-conclusivo\/","og_locale":"es_MX","og_type":"article","og_title":"Acuerdo Conclusivo, una Opci\u00f3n para los Contribuyentes - Entorno Empresarial","og_description":"La PRODECON funge como mediador entre los contribuyentes y las autoridades fiscales por actos de fiscalizaci\u00f3n.","og_url":"https:\/\/coparmexjal.org.mx\/entorno-empresarial\/acuerdo-conclusivo\/","og_site_name":"Entorno Empresarial","article_publisher":"https:\/\/facebook.com\/comcoparmex","article_published_time":"2021-10-12T15:34:35+00:00","article_modified_time":"2022-03-22T17:45:27+00:00","og_image":[{"width":670,"height":533,"url":"https:\/\/coparmexjal.org.mx\/entorno-empresarial\/wp-content\/uploads\/2021\/10\/Prodecon.jpg","type":"image\/jpeg"}],"author":"C.P.C Francisco Javier Padilla Villarruel","twitter_card":"summary_large_image","twitter_creator":"@comcoparmex","twitter_site":"@comcoparmex","twitter_misc":{"Escrito por":"C.P.C Francisco Javier Padilla Villarruel","Tiempo de lectura":"3 minutos"},"schema":{"@context":"https:\/\/schema.org","@graph":[{"@type":"Article","@id":"https:\/\/coparmexjal.org.mx\/entorno-empresarial\/acuerdo-conclusivo\/#article","isPartOf":{"@id":"https:\/\/coparmexjal.org.mx\/entorno-empresarial\/acuerdo-conclusivo\/"},"author":{"name":"C.P.C Francisco Javier Padilla Villarruel","@id":"https:\/\/coparmexjal.org.mx\/entorno-empresarial\/#\/schema\/person\/5d1cd0d9104ff22e8b16d1eeacc3c05c"},"headline":"Acuerdo Conclusivo, una Opci\u00f3n para los Contribuyentes","datePublished":"2021-10-12T15:34:35+00:00","dateModified":"2022-03-22T17:45:27+00:00","mainEntityOfPage":{"@id":"https:\/\/coparmexjal.org.mx\/entorno-empresarial\/acuerdo-conclusivo\/"},"wordCount":584,"commentCount":0,"publisher":{"@id":"https:\/\/coparmexjal.org.mx\/entorno-empresarial\/#organization"},"image":{"@id":"https:\/\/coparmexjal.org.mx\/entorno-empresarial\/acuerdo-conclusivo\/#primaryimage"},"thumbnailUrl":"https:\/\/coparmexjal.org.mx\/entorno-empresarial\/wp-content\/uploads\/2021\/10\/Prodecon.jpg","keywords":["acuerdos conclusivos","autoridades fiscales","C\u00f3digo Fiscal Federal","contribuyentes","fiscalizaci\u00f3n","legislaci\u00f3n fiscal","ombudsman","PRODECON","regularizar situaci\u00f3n fiscal"],"articleSection":["Econom\u00eda","Empresas","Fiscal"],"inLanguage":"es","potentialAction":[{"@type":"CommentAction","name":"Comment","target":["https:\/\/coparmexjal.org.mx\/entorno-empresarial\/acuerdo-conclusivo\/#respond"]}]},{"@type":"WebPage","@id":"https:\/\/coparmexjal.org.mx\/entorno-empresarial\/acuerdo-conclusivo\/","url":"https:\/\/coparmexjal.org.mx\/entorno-empresarial\/acuerdo-conclusivo\/","name":"Acuerdo Conclusivo, una Opci\u00f3n para los Contribuyentes - Entorno Empresarial","isPartOf":{"@id":"https:\/\/coparmexjal.org.mx\/entorno-empresarial\/#website"},"primaryImageOfPage":{"@id":"https:\/\/coparmexjal.org.mx\/entorno-empresarial\/acuerdo-conclusivo\/#primaryimage"},"image":{"@id":"https:\/\/coparmexjal.org.mx\/entorno-empresarial\/acuerdo-conclusivo\/#primaryimage"},"thumbnailUrl":"https:\/\/coparmexjal.org.mx\/entorno-empresarial\/wp-content\/uploads\/2021\/10\/Prodecon.jpg","datePublished":"2021-10-12T15:34:35+00:00","dateModified":"2022-03-22T17:45:27+00:00","description":"La PRODECON funge como mediador entre los contribuyentes y las autoridades fiscales por actos de fiscalizaci\u00f3n.","breadcrumb":{"@id":"https:\/\/coparmexjal.org.mx\/entorno-empresarial\/acuerdo-conclusivo\/#breadcrumb"},"inLanguage":"es","potentialAction":[{"@type":"ReadAction","target":["https:\/\/coparmexjal.org.mx\/entorno-empresarial\/acuerdo-conclusivo\/"]}]},{"@type":"ImageObject","inLanguage":"es","@id":"https:\/\/coparmexjal.org.mx\/entorno-empresarial\/acuerdo-conclusivo\/#primaryimage","url":"https:\/\/coparmexjal.org.mx\/entorno-empresarial\/wp-content\/uploads\/2021\/10\/Prodecon.jpg","contentUrl":"https:\/\/coparmexjal.org.mx\/entorno-empresarial\/wp-content\/uploads\/2021\/10\/Prodecon.jpg","width":670,"height":533},{"@type":"BreadcrumbList","@id":"https:\/\/coparmexjal.org.mx\/entorno-empresarial\/acuerdo-conclusivo\/#breadcrumb","itemListElement":[{"@type":"ListItem","position":1,"name":"Inicio","item":"https:\/\/coparmexjal.org.mx\/entorno-empresarial\/"},{"@type":"ListItem","position":2,"name":"Acuerdo Conclusivo, una Opci\u00f3n para los Contribuyentes"}]},{"@type":"WebSite","@id":"https:\/\/coparmexjal.org.mx\/entorno-empresarial\/#website","url":"https:\/\/coparmexjal.org.mx\/entorno-empresarial\/","name":"Revista Entorno Empresarial","description":"Coparmex Jalisco","publisher":{"@id":"https:\/\/coparmexjal.org.mx\/entorno-empresarial\/#organization"},"potentialAction":[{"@type":"SearchAction","target":{"@type":"EntryPoint","urlTemplate":"https:\/\/coparmexjal.org.mx\/entorno-empresarial\/?s={search_term_string}"},"query-input":{"@type":"PropertyValueSpecification","valueRequired":true,"valueName":"search_term_string"}}],"inLanguage":"es"},{"@type":"Organization","@id":"https:\/\/coparmexjal.org.mx\/entorno-empresarial\/#organization","name":"Coparmex Jalisco","url":"https:\/\/coparmexjal.org.mx\/entorno-empresarial\/","logo":{"@type":"ImageObject","inLanguage":"es","@id":"https:\/\/coparmexjal.org.mx\/entorno-empresarial\/#\/schema\/logo\/image\/","url":"https:\/\/coparmexjal.org.mx\/entorno-empresarial\/wp-content\/uploads\/2020\/02\/logo-amp.png","contentUrl":"https:\/\/coparmexjal.org.mx\/entorno-empresarial\/wp-content\/uploads\/2020\/02\/logo-amp.png","width":120,"height":90,"caption":"Coparmex Jalisco"},"image":{"@id":"https:\/\/coparmexjal.org.mx\/entorno-empresarial\/#\/schema\/logo\/image\/"},"sameAs":["https:\/\/facebook.com\/comcoparmex","https:\/\/x.com\/comcoparmex","http:\/\/instagram.com\/coparmexjalisco","https:\/\/mx.linkedin.com\/company\/coparmex-jalisco","https:\/\/www.youtube.com\/c\/CoparmexJaliscomx"]},{"@type":"Person","@id":"https:\/\/coparmexjal.org.mx\/entorno-empresarial\/#\/schema\/person\/5d1cd0d9104ff22e8b16d1eeacc3c05c","name":"C.P.C Francisco Javier Padilla Villarruel","image":{"@type":"ImageObject","inLanguage":"es","@id":"https:\/\/secure.gravatar.com\/avatar\/88c7b88702ad238f80869c446fb40ea158de53d03bc784568690ff83566dfff8?s=96&d=mm&r=g","url":"https:\/\/secure.gravatar.com\/avatar\/88c7b88702ad238f80869c446fb40ea158de53d03bc784568690ff83566dfff8?s=96&d=mm&r=g","contentUrl":"https:\/\/secure.gravatar.com\/avatar\/88c7b88702ad238f80869c446fb40ea158de53d03bc784568690ff83566dfff8?s=96&d=mm&r=g","caption":"C.P.C Francisco Javier Padilla Villarruel"},"url":"https:\/\/coparmexjal.org.mx\/entorno-empresarial\/author\/francisco-javier-padilla-villarruel\/"}]}},"_links":{"self":[{"href":"https:\/\/coparmexjal.org.mx\/entorno-empresarial\/wp-json\/wp\/v2\/posts\/6174","targetHints":{"allow":["GET"]}}],"collection":[{"href":"https:\/\/coparmexjal.org.mx\/entorno-empresarial\/wp-json\/wp\/v2\/posts"}],"about":[{"href":"https:\/\/coparmexjal.org.mx\/entorno-empresarial\/wp-json\/wp\/v2\/types\/post"}],"author":[{"embeddable":true,"href":"https:\/\/coparmexjal.org.mx\/entorno-empresarial\/wp-json\/wp\/v2\/users\/109"}],"replies":[{"embeddable":true,"href":"https:\/\/coparmexjal.org.mx\/entorno-empresarial\/wp-json\/wp\/v2\/comments?post=6174"}],"version-history":[{"count":2,"href":"https:\/\/coparmexjal.org.mx\/entorno-empresarial\/wp-json\/wp\/v2\/posts\/6174\/revisions"}],"predecessor-version":[{"id":6177,"href":"https:\/\/coparmexjal.org.mx\/entorno-empresarial\/wp-json\/wp\/v2\/posts\/6174\/revisions\/6177"}],"wp:featuredmedia":[{"embeddable":true,"href":"https:\/\/coparmexjal.org.mx\/entorno-empresarial\/wp-json\/wp\/v2\/media\/6175"}],"wp:attachment":[{"href":"https:\/\/coparmexjal.org.mx\/entorno-empresarial\/wp-json\/wp\/v2\/media?parent=6174"}],"wp:term":[{"taxonomy":"category","embeddable":true,"href":"https:\/\/coparmexjal.org.mx\/entorno-empresarial\/wp-json\/wp\/v2\/categories?post=6174"},{"taxonomy":"post_tag","embeddable":true,"href":"https:\/\/coparmexjal.org.mx\/entorno-empresarial\/wp-json\/wp\/v2\/tags?post=6174"}],"curies":[{"name":"wp","href":"https:\/\/api.w.org\/{rel}","templated":true}]}}