{"id":6007,"date":"2021-09-01T18:35:02","date_gmt":"2021-09-01T23:35:02","guid":{"rendered":"https:\/\/coparmexjal.org.mx\/entorno-empresarial\/?p=6007"},"modified":"2021-09-01T18:35:05","modified_gmt":"2021-09-01T23:35:05","slug":"destaca-coparmex-jalisco-aciertos-y-areas-de-oportunidad-a-tres-anos-de-la-administracion-federal","status":"publish","type":"post","link":"https:\/\/coparmexjal.org.mx\/entorno-empresarial\/destaca-coparmex-jalisco-aciertos-y-areas-de-oportunidad-a-tres-anos-de-la-administracion-federal\/","title":{"rendered":"Destaca Coparmex Jalisco, aciertos y \u00e1reas de oportunidad a tres a\u00f1os de la administraci\u00f3n federal"},"content":{"rendered":"\n<p>La rendici\u00f3n de cuentas y la evaluaci\u00f3n, son ejercicios que suman a la consolidaci\u00f3n democr\u00e1tica de cualquier pa\u00eds y abonan a la mejora de las administraciones p\u00fablicas; desde ese sentido, Coparmex Jalisco realiza un balance a tres a\u00f1os del inicio de operaciones de la actual administraci\u00f3n federal, haciendo una recapitulaci\u00f3n de los aciertos, \u00e1reas de oportunidad y riesgos que han resaltado durante la primera mitad de gesti\u00f3n.<\/p>\n\n\n\n<p>Sobre los aciertos, hay que destacar el control y manejo responsable de las finanzas p\u00fablicas, lo que ha permitido tener calificaciones crediticias positivas y con ello poder acceder a financiamientos futuros, haciendo viable la oportunidad de crecimiento en algunos sectores.<\/p>\n\n\n\n<p>Aument\u00f3 el salario m\u00ednimo, trabajo que se ha realizado de forma coordinada con el <strong>sector empresarial<\/strong>. Y en temas de salarios disminuy\u00f3 remuneraciones de la alta burocracia.<\/p>\n\n\n\n<p>Adem\u00e1s, en el Sistema de Pensiones se ha trabajado por colocar a los colaboradores al centro, asegurando la garant\u00eda de sus derechos, mismos que traen paz y certeza en la etapa de retiro.<\/p>\n\n\n\n<p>Asimismo, ha colocado como eje y centro el emblema sobre la lucha contra la corrupci\u00f3n y la impunidad, sin embargo, a\u00fan es necesario un esquema operativo que logre cumplir este objetivo.<\/p>\n\n\n\n<p><strong>\u00c1reas de oportunidad<\/strong><\/p>\n\n\n\n<p>Para la Consolidaci\u00f3n del Sistema Nacional Anticorrupci\u00f3n no ha conseguido la plena autonom\u00eda y una asignaci\u00f3n presupuestal acorde a las necesidades de la lucha.<\/p>\n\n\n\n<p>La regulaci\u00f3n en materia de precios de energ\u00e9ticos ha promovido la monopolizaci\u00f3n y la competencia desleal y es necesario y urgente evitarlo.<\/p>\n\n\n\n<p>Implementar una verdadera estrategia de control de gastos en instituciones p\u00fablicas, tomando como base criterios financieros y operativos garantizando su viabilidad.<\/p>\n\n\n\n<p>As\u00ed como generar mejores escenarios que consideren al pa\u00eds como un lugar atractivo para la conservaci\u00f3n de inversi\u00f3n y bajo esta arista, tambi\u00e9n hay \u00e1reas de oportunidad en la diversificaci\u00f3n de proyectos de inversi\u00f3n que respondan a las necesidades productivas de cada regi\u00f3n.&nbsp;<\/p>\n\n\n\n<p>La crisis sanitaria que le ha tocado enfrentar, ha estado ausente una comunicaci\u00f3n asertiva entre los diferentes \u00f3rdenes de gobierno e instituciones p\u00fablicas, sin conseguir lineamientos claros y verdaderas estrategias en funci\u00f3n de la contenci\u00f3n de la pandemia, tales como hacer m\u00e1s eficiente el mecanismo de vacunaci\u00f3n.<\/p>\n\n\n\n<p>Y a\u00fan, con el regreso a clases, no se trabaj\u00f3 en una estrategia de educaci\u00f3n apegada a los conocimientos que requieren los profesionistas tras el paso de la pandemia.&nbsp;<\/p>\n\n\n\n<p><strong>Riesgos&nbsp;<\/strong><\/p>\n\n\n\n<p>Al hablar de riesgos, desde Coparmex Jalisco, consideramos prioritario trabajar en los siguientes puntos:<\/p>\n\n\n\n<ul class=\"wp-block-list\"><li>Crisis en el sistema de salud p\u00fablica, en particular en el suministro de medicamentos para enfermedades cr\u00f3nico degenerativas.<\/li><li>Obras y programas sociales que no han demostrado cambios reales en las condiciones sociales de las y los ciudadanos del pa\u00eds.<\/li><li>Baja en la generaci\u00f3n de empleos formales a niveles no vistos en los \u00faltimos 10 a\u00f1os.&nbsp;<\/li><li>Incremento de la pobreza y las carencias sociales<\/li><li>Incremento en los niveles de inflaci\u00f3n que afectan el ingreso de las familias.&nbsp;<\/li><li>Cambios fiscales y laborales que no se han sometido a estudio y opini\u00f3n de expertos y sector empresarial.&nbsp;<\/li><li>Escaso inter\u00e9s en la promoci\u00f3n de emprendimiento, innovaci\u00f3n y competitividad.&nbsp;<\/li><li>Pol\u00edtica energ\u00e9tica acorde a criterios internacionales y que ponga al centro, el cuidado al medio ambiente, la eficiencia energ\u00e9tica y la econom\u00eda.&nbsp;<\/li><li>Disminuci\u00f3n en subsidios y fondos que atienden \u00e1reas estrat\u00e9gicas como la cultura, la ciencia, educaci\u00f3n y los desastres naturales.<\/li><li>Polarizaci\u00f3n y conflicto social por temas ideol\u00f3gicos.&nbsp;<\/li><li>Declaraciones y acciones de gobierno que ponen en riesgo la autonom\u00eda y funcionamiento de los organismos reguladores.&nbsp;<\/li><li>Aumento en la violencia en todas las regiones del pa\u00eds.<\/li><\/ul>\n\n\n\n<p>Esta instituci\u00f3n siempre ha sido promotora de la evaluaci\u00f3n, recordando que lo que no se mide no se puede mejorar, por ello hacemos un llamado a las autoridades federales a atender las \u00e1reas de mejora y riesgos que tiene el pa\u00eds, pero tambi\u00e9n reconocemos los aciertos y reiteramos la apertura y disposici\u00f3n para el trabajo colaborativo.<\/p>\n\n\n\n<p>En conclusi\u00f3n, se observa que a la mitad del sexenio hay una gran cantidad de intenciones en discursos que&nbsp;no han bajado a la ejecuci\u00f3n, hoy la pandemia, la inseguridad y la corrupci\u00f3n requieren de uni\u00f3n y resultados.<strong><\/strong><\/p>\n","protected":false},"excerpt":{"rendered":"<p>La rendici\u00f3n de cuentas y la evaluaci\u00f3n, son ejercicios que suman a la consolidaci\u00f3n democr\u00e1tica de cualquier pa\u00eds y abonan a la mejora de las<\/p>\n","protected":false},"author":2,"featured_media":6008,"comment_status":"open","ping_status":"open","sticky":false,"template":"","format":"standard","meta":{"footnotes":""},"categories":[348],"tags":[1042,1044,978,361,1043],"class_list":["post-6007","post","type-post","status-publish","format-standard","has-post-thumbnail","hentry","category-noticias","tag-balance-gobierno-federal","tag-crisis-sanitaria","tag-reactivacion-economica-2","tag-sector-empresarial","tag-sistema-nacional-anticorrupcion"],"yoast_head":"<!-- This site is optimized with the Yoast SEO plugin v27.5 - https:\/\/yoast.com\/product\/yoast-seo-wordpress\/ -->\n<title>Destaca Coparmex Jalisco, aciertos y \u00e1reas de oportunidad a tres a\u00f1os de la administraci\u00f3n federal - Entorno Empresarial<\/title>\n<meta name=\"description\" content=\"La rendici\u00f3n de cuentas y la evaluaci\u00f3n, son ejercicios que suman a la consolidaci\u00f3n democr\u00e1tica de cualquier pa\u00eds y abonan a la mejora de las administraciones p\u00fablicas\" \/>\n<meta name=\"robots\" content=\"index, follow, max-snippet:-1, max-image-preview:large, max-video-preview:-1\" \/>\n<link rel=\"canonical\" href=\"https:\/\/coparmexjal.org.mx\/entorno-empresarial\/destaca-coparmex-jalisco-aciertos-y-areas-de-oportunidad-a-tres-anos-de-la-administracion-federal\/\" \/>\n<meta property=\"og:locale\" content=\"es_MX\" \/>\n<meta property=\"og:type\" content=\"article\" \/>\n<meta property=\"og:title\" content=\"Destaca Coparmex Jalisco, aciertos y \u00e1reas de oportunidad a tres a\u00f1os de la administraci\u00f3n federal - Entorno Empresarial\" \/>\n<meta property=\"og:description\" content=\"La rendici\u00f3n de cuentas y la evaluaci\u00f3n, son ejercicios que suman a la consolidaci\u00f3n democr\u00e1tica de cualquier pa\u00eds y abonan a la mejora de las administraciones p\u00fablicas\" \/>\n<meta property=\"og:url\" content=\"https:\/\/coparmexjal.org.mx\/entorno-empresarial\/destaca-coparmex-jalisco-aciertos-y-areas-de-oportunidad-a-tres-anos-de-la-administracion-federal\/\" \/>\n<meta property=\"og:site_name\" content=\"Entorno Empresarial\" \/>\n<meta property=\"article:publisher\" content=\"https:\/\/facebook.com\/comcoparmex\" \/>\n<meta property=\"article:published_time\" content=\"2021-09-01T23:35:02+00:00\" \/>\n<meta property=\"article:modified_time\" content=\"2021-09-01T23:35:05+00:00\" \/>\n<meta property=\"og:image\" content=\"https:\/\/coparmexjal.org.mx\/entorno-empresarial\/wp-content\/uploads\/2021\/09\/Gobierno-de-Mexico-2.jpg\" \/>\n\t<meta property=\"og:image:width\" content=\"1026\" \/>\n\t<meta property=\"og:image:height\" content=\"664\" \/>\n\t<meta property=\"og:image:type\" content=\"image\/jpeg\" \/>\n<meta name=\"author\" content=\"Coparmex Jalisco\" \/>\n<meta name=\"twitter:card\" content=\"summary_large_image\" \/>\n<meta name=\"twitter:creator\" content=\"@comcoparmex\" \/>\n<meta name=\"twitter:site\" content=\"@comcoparmex\" \/>\n<meta name=\"twitter:label1\" content=\"Escrito por\" \/>\n\t<meta name=\"twitter:data1\" content=\"Coparmex Jalisco\" \/>\n\t<meta name=\"twitter:label2\" content=\"Tiempo de lectura\" \/>\n\t<meta name=\"twitter:data2\" content=\"3 minutos\" \/>\n<script type=\"application\/ld+json\" class=\"yoast-schema-graph\">{\"@context\":\"https:\\\/\\\/schema.org\",\"@graph\":[{\"@type\":\"Article\",\"@id\":\"https:\\\/\\\/coparmexjal.org.mx\\\/entorno-empresarial\\\/destaca-coparmex-jalisco-aciertos-y-areas-de-oportunidad-a-tres-anos-de-la-administracion-federal\\\/#article\",\"isPartOf\":{\"@id\":\"https:\\\/\\\/coparmexjal.org.mx\\\/entorno-empresarial\\\/destaca-coparmex-jalisco-aciertos-y-areas-de-oportunidad-a-tres-anos-de-la-administracion-federal\\\/\"},\"author\":{\"name\":\"Coparmex Jalisco\",\"@id\":\"https:\\\/\\\/coparmexjal.org.mx\\\/entorno-empresarial\\\/#\\\/schema\\\/person\\\/7d1d56a9587bfb3a725cd3dbfbdb9d44\"},\"headline\":\"Destaca Coparmex Jalisco, aciertos y \u00e1reas de oportunidad a tres a\u00f1os de la administraci\u00f3n federal\",\"datePublished\":\"2021-09-01T23:35:02+00:00\",\"dateModified\":\"2021-09-01T23:35:05+00:00\",\"mainEntityOfPage\":{\"@id\":\"https:\\\/\\\/coparmexjal.org.mx\\\/entorno-empresarial\\\/destaca-coparmex-jalisco-aciertos-y-areas-de-oportunidad-a-tres-anos-de-la-administracion-federal\\\/\"},\"wordCount\":771,\"commentCount\":0,\"publisher\":{\"@id\":\"https:\\\/\\\/coparmexjal.org.mx\\\/entorno-empresarial\\\/#organization\"},\"image\":{\"@id\":\"https:\\\/\\\/coparmexjal.org.mx\\\/entorno-empresarial\\\/destaca-coparmex-jalisco-aciertos-y-areas-de-oportunidad-a-tres-anos-de-la-administracion-federal\\\/#primaryimage\"},\"thumbnailUrl\":\"https:\\\/\\\/coparmexjal.org.mx\\\/entorno-empresarial\\\/wp-content\\\/uploads\\\/2021\\\/09\\\/Gobierno-de-Mexico-2.jpg\",\"keywords\":[\"Balance Gobierno Federal\",\"Crisis Sanitaria\",\"Reactivaci\u00f3n Econ\u00f3mica\",\"sector empresarial\",\"Sistema Nacional Anticorrupci\u00f3n\"],\"articleSection\":[\"Noticias\"],\"inLanguage\":\"es\",\"potentialAction\":[{\"@type\":\"CommentAction\",\"name\":\"Comment\",\"target\":[\"https:\\\/\\\/coparmexjal.org.mx\\\/entorno-empresarial\\\/destaca-coparmex-jalisco-aciertos-y-areas-de-oportunidad-a-tres-anos-de-la-administracion-federal\\\/#respond\"]}]},{\"@type\":\"WebPage\",\"@id\":\"https:\\\/\\\/coparmexjal.org.mx\\\/entorno-empresarial\\\/destaca-coparmex-jalisco-aciertos-y-areas-de-oportunidad-a-tres-anos-de-la-administracion-federal\\\/\",\"url\":\"https:\\\/\\\/coparmexjal.org.mx\\\/entorno-empresarial\\\/destaca-coparmex-jalisco-aciertos-y-areas-de-oportunidad-a-tres-anos-de-la-administracion-federal\\\/\",\"name\":\"Destaca Coparmex Jalisco, aciertos y \u00e1reas de oportunidad a tres a\u00f1os de la administraci\u00f3n federal - Entorno Empresarial\",\"isPartOf\":{\"@id\":\"https:\\\/\\\/coparmexjal.org.mx\\\/entorno-empresarial\\\/#website\"},\"primaryImageOfPage\":{\"@id\":\"https:\\\/\\\/coparmexjal.org.mx\\\/entorno-empresarial\\\/destaca-coparmex-jalisco-aciertos-y-areas-de-oportunidad-a-tres-anos-de-la-administracion-federal\\\/#primaryimage\"},\"image\":{\"@id\":\"https:\\\/\\\/coparmexjal.org.mx\\\/entorno-empresarial\\\/destaca-coparmex-jalisco-aciertos-y-areas-de-oportunidad-a-tres-anos-de-la-administracion-federal\\\/#primaryimage\"},\"thumbnailUrl\":\"https:\\\/\\\/coparmexjal.org.mx\\\/entorno-empresarial\\\/wp-content\\\/uploads\\\/2021\\\/09\\\/Gobierno-de-Mexico-2.jpg\",\"datePublished\":\"2021-09-01T23:35:02+00:00\",\"dateModified\":\"2021-09-01T23:35:05+00:00\",\"description\":\"La rendici\u00f3n de cuentas y la evaluaci\u00f3n, son ejercicios que suman a la consolidaci\u00f3n democr\u00e1tica de cualquier pa\u00eds y abonan a la mejora de las administraciones p\u00fablicas\",\"breadcrumb\":{\"@id\":\"https:\\\/\\\/coparmexjal.org.mx\\\/entorno-empresarial\\\/destaca-coparmex-jalisco-aciertos-y-areas-de-oportunidad-a-tres-anos-de-la-administracion-federal\\\/#breadcrumb\"},\"inLanguage\":\"es\",\"potentialAction\":[{\"@type\":\"ReadAction\",\"target\":[\"https:\\\/\\\/coparmexjal.org.mx\\\/entorno-empresarial\\\/destaca-coparmex-jalisco-aciertos-y-areas-de-oportunidad-a-tres-anos-de-la-administracion-federal\\\/\"]}]},{\"@type\":\"ImageObject\",\"inLanguage\":\"es\",\"@id\":\"https:\\\/\\\/coparmexjal.org.mx\\\/entorno-empresarial\\\/destaca-coparmex-jalisco-aciertos-y-areas-de-oportunidad-a-tres-anos-de-la-administracion-federal\\\/#primaryimage\",\"url\":\"https:\\\/\\\/coparmexjal.org.mx\\\/entorno-empresarial\\\/wp-content\\\/uploads\\\/2021\\\/09\\\/Gobierno-de-Mexico-2.jpg\",\"contentUrl\":\"https:\\\/\\\/coparmexjal.org.mx\\\/entorno-empresarial\\\/wp-content\\\/uploads\\\/2021\\\/09\\\/Gobierno-de-Mexico-2.jpg\",\"width\":1026,\"height\":664},{\"@type\":\"BreadcrumbList\",\"@id\":\"https:\\\/\\\/coparmexjal.org.mx\\\/entorno-empresarial\\\/destaca-coparmex-jalisco-aciertos-y-areas-de-oportunidad-a-tres-anos-de-la-administracion-federal\\\/#breadcrumb\",\"itemListElement\":[{\"@type\":\"ListItem\",\"position\":1,\"name\":\"Inicio\",\"item\":\"https:\\\/\\\/coparmexjal.org.mx\\\/entorno-empresarial\\\/\"},{\"@type\":\"ListItem\",\"position\":2,\"name\":\"Destaca Coparmex Jalisco, aciertos y \u00e1reas de oportunidad a tres a\u00f1os de la administraci\u00f3n federal\"}]},{\"@type\":\"WebSite\",\"@id\":\"https:\\\/\\\/coparmexjal.org.mx\\\/entorno-empresarial\\\/#website\",\"url\":\"https:\\\/\\\/coparmexjal.org.mx\\\/entorno-empresarial\\\/\",\"name\":\"Revista Entorno Empresarial\",\"description\":\"Coparmex Jalisco\",\"publisher\":{\"@id\":\"https:\\\/\\\/coparmexjal.org.mx\\\/entorno-empresarial\\\/#organization\"},\"potentialAction\":[{\"@type\":\"SearchAction\",\"target\":{\"@type\":\"EntryPoint\",\"urlTemplate\":\"https:\\\/\\\/coparmexjal.org.mx\\\/entorno-empresarial\\\/?s={search_term_string}\"},\"query-input\":{\"@type\":\"PropertyValueSpecification\",\"valueRequired\":true,\"valueName\":\"search_term_string\"}}],\"inLanguage\":\"es\"},{\"@type\":\"Organization\",\"@id\":\"https:\\\/\\\/coparmexjal.org.mx\\\/entorno-empresarial\\\/#organization\",\"name\":\"Coparmex Jalisco\",\"url\":\"https:\\\/\\\/coparmexjal.org.mx\\\/entorno-empresarial\\\/\",\"logo\":{\"@type\":\"ImageObject\",\"inLanguage\":\"es\",\"@id\":\"https:\\\/\\\/coparmexjal.org.mx\\\/entorno-empresarial\\\/#\\\/schema\\\/logo\\\/image\\\/\",\"url\":\"https:\\\/\\\/coparmexjal.org.mx\\\/entorno-empresarial\\\/wp-content\\\/uploads\\\/2020\\\/02\\\/logo-amp.png\",\"contentUrl\":\"https:\\\/\\\/coparmexjal.org.mx\\\/entorno-empresarial\\\/wp-content\\\/uploads\\\/2020\\\/02\\\/logo-amp.png\",\"width\":120,\"height\":90,\"caption\":\"Coparmex Jalisco\"},\"image\":{\"@id\":\"https:\\\/\\\/coparmexjal.org.mx\\\/entorno-empresarial\\\/#\\\/schema\\\/logo\\\/image\\\/\"},\"sameAs\":[\"https:\\\/\\\/facebook.com\\\/comcoparmex\",\"https:\\\/\\\/x.com\\\/comcoparmex\",\"http:\\\/\\\/instagram.com\\\/coparmexjalisco\",\"https:\\\/\\\/mx.linkedin.com\\\/company\\\/coparmex-jalisco\",\"https:\\\/\\\/www.youtube.com\\\/c\\\/CoparmexJaliscomx\"]},{\"@type\":\"Person\",\"@id\":\"https:\\\/\\\/coparmexjal.org.mx\\\/entorno-empresarial\\\/#\\\/schema\\\/person\\\/7d1d56a9587bfb3a725cd3dbfbdb9d44\",\"name\":\"Coparmex Jalisco\",\"image\":{\"@type\":\"ImageObject\",\"inLanguage\":\"es\",\"@id\":\"https:\\\/\\\/coparmexjal.org.mx\\\/entorno-empresarial\\\/wp-content\\\/uploads\\\/2020\\\/06\\\/favicon-150x133.png\",\"url\":\"https:\\\/\\\/coparmexjal.org.mx\\\/entorno-empresarial\\\/wp-content\\\/uploads\\\/2020\\\/06\\\/favicon-150x133.png\",\"contentUrl\":\"https:\\\/\\\/coparmexjal.org.mx\\\/entorno-empresarial\\\/wp-content\\\/uploads\\\/2020\\\/06\\\/favicon-150x133.png\",\"caption\":\"Coparmex Jalisco\"},\"url\":\"https:\\\/\\\/coparmexjal.org.mx\\\/entorno-empresarial\\\/author\\\/coparmexjalisco\\\/\"}]}<\/script>\n<!-- \/ Yoast SEO plugin. -->","yoast_head_json":{"title":"Destaca Coparmex Jalisco, aciertos y \u00e1reas de oportunidad a tres a\u00f1os de la administraci\u00f3n federal - Entorno Empresarial","description":"La rendici\u00f3n de cuentas y la evaluaci\u00f3n, son ejercicios que suman a la consolidaci\u00f3n democr\u00e1tica de cualquier pa\u00eds y abonan a la mejora de las administraciones p\u00fablicas","robots":{"index":"index","follow":"follow","max-snippet":"max-snippet:-1","max-image-preview":"max-image-preview:large","max-video-preview":"max-video-preview:-1"},"canonical":"https:\/\/coparmexjal.org.mx\/entorno-empresarial\/destaca-coparmex-jalisco-aciertos-y-areas-de-oportunidad-a-tres-anos-de-la-administracion-federal\/","og_locale":"es_MX","og_type":"article","og_title":"Destaca Coparmex Jalisco, aciertos y \u00e1reas de oportunidad a tres a\u00f1os de la administraci\u00f3n federal - Entorno Empresarial","og_description":"La rendici\u00f3n de cuentas y la evaluaci\u00f3n, son ejercicios que suman a la consolidaci\u00f3n democr\u00e1tica de cualquier pa\u00eds y abonan a la mejora de las administraciones p\u00fablicas","og_url":"https:\/\/coparmexjal.org.mx\/entorno-empresarial\/destaca-coparmex-jalisco-aciertos-y-areas-de-oportunidad-a-tres-anos-de-la-administracion-federal\/","og_site_name":"Entorno Empresarial","article_publisher":"https:\/\/facebook.com\/comcoparmex","article_published_time":"2021-09-01T23:35:02+00:00","article_modified_time":"2021-09-01T23:35:05+00:00","og_image":[{"width":1026,"height":664,"url":"https:\/\/coparmexjal.org.mx\/entorno-empresarial\/wp-content\/uploads\/2021\/09\/Gobierno-de-Mexico-2.jpg","type":"image\/jpeg"}],"author":"Coparmex Jalisco","twitter_card":"summary_large_image","twitter_creator":"@comcoparmex","twitter_site":"@comcoparmex","twitter_misc":{"Escrito por":"Coparmex Jalisco","Tiempo de lectura":"3 minutos"},"schema":{"@context":"https:\/\/schema.org","@graph":[{"@type":"Article","@id":"https:\/\/coparmexjal.org.mx\/entorno-empresarial\/destaca-coparmex-jalisco-aciertos-y-areas-de-oportunidad-a-tres-anos-de-la-administracion-federal\/#article","isPartOf":{"@id":"https:\/\/coparmexjal.org.mx\/entorno-empresarial\/destaca-coparmex-jalisco-aciertos-y-areas-de-oportunidad-a-tres-anos-de-la-administracion-federal\/"},"author":{"name":"Coparmex Jalisco","@id":"https:\/\/coparmexjal.org.mx\/entorno-empresarial\/#\/schema\/person\/7d1d56a9587bfb3a725cd3dbfbdb9d44"},"headline":"Destaca Coparmex Jalisco, aciertos y \u00e1reas de oportunidad a tres a\u00f1os de la administraci\u00f3n federal","datePublished":"2021-09-01T23:35:02+00:00","dateModified":"2021-09-01T23:35:05+00:00","mainEntityOfPage":{"@id":"https:\/\/coparmexjal.org.mx\/entorno-empresarial\/destaca-coparmex-jalisco-aciertos-y-areas-de-oportunidad-a-tres-anos-de-la-administracion-federal\/"},"wordCount":771,"commentCount":0,"publisher":{"@id":"https:\/\/coparmexjal.org.mx\/entorno-empresarial\/#organization"},"image":{"@id":"https:\/\/coparmexjal.org.mx\/entorno-empresarial\/destaca-coparmex-jalisco-aciertos-y-areas-de-oportunidad-a-tres-anos-de-la-administracion-federal\/#primaryimage"},"thumbnailUrl":"https:\/\/coparmexjal.org.mx\/entorno-empresarial\/wp-content\/uploads\/2021\/09\/Gobierno-de-Mexico-2.jpg","keywords":["Balance Gobierno Federal","Crisis Sanitaria","Reactivaci\u00f3n Econ\u00f3mica","sector empresarial","Sistema Nacional Anticorrupci\u00f3n"],"articleSection":["Noticias"],"inLanguage":"es","potentialAction":[{"@type":"CommentAction","name":"Comment","target":["https:\/\/coparmexjal.org.mx\/entorno-empresarial\/destaca-coparmex-jalisco-aciertos-y-areas-de-oportunidad-a-tres-anos-de-la-administracion-federal\/#respond"]}]},{"@type":"WebPage","@id":"https:\/\/coparmexjal.org.mx\/entorno-empresarial\/destaca-coparmex-jalisco-aciertos-y-areas-de-oportunidad-a-tres-anos-de-la-administracion-federal\/","url":"https:\/\/coparmexjal.org.mx\/entorno-empresarial\/destaca-coparmex-jalisco-aciertos-y-areas-de-oportunidad-a-tres-anos-de-la-administracion-federal\/","name":"Destaca Coparmex Jalisco, aciertos y \u00e1reas de oportunidad a tres a\u00f1os de la administraci\u00f3n federal - Entorno Empresarial","isPartOf":{"@id":"https:\/\/coparmexjal.org.mx\/entorno-empresarial\/#website"},"primaryImageOfPage":{"@id":"https:\/\/coparmexjal.org.mx\/entorno-empresarial\/destaca-coparmex-jalisco-aciertos-y-areas-de-oportunidad-a-tres-anos-de-la-administracion-federal\/#primaryimage"},"image":{"@id":"https:\/\/coparmexjal.org.mx\/entorno-empresarial\/destaca-coparmex-jalisco-aciertos-y-areas-de-oportunidad-a-tres-anos-de-la-administracion-federal\/#primaryimage"},"thumbnailUrl":"https:\/\/coparmexjal.org.mx\/entorno-empresarial\/wp-content\/uploads\/2021\/09\/Gobierno-de-Mexico-2.jpg","datePublished":"2021-09-01T23:35:02+00:00","dateModified":"2021-09-01T23:35:05+00:00","description":"La rendici\u00f3n de cuentas y la evaluaci\u00f3n, son ejercicios que suman a la consolidaci\u00f3n democr\u00e1tica de cualquier pa\u00eds y abonan a la mejora de las administraciones p\u00fablicas","breadcrumb":{"@id":"https:\/\/coparmexjal.org.mx\/entorno-empresarial\/destaca-coparmex-jalisco-aciertos-y-areas-de-oportunidad-a-tres-anos-de-la-administracion-federal\/#breadcrumb"},"inLanguage":"es","potentialAction":[{"@type":"ReadAction","target":["https:\/\/coparmexjal.org.mx\/entorno-empresarial\/destaca-coparmex-jalisco-aciertos-y-areas-de-oportunidad-a-tres-anos-de-la-administracion-federal\/"]}]},{"@type":"ImageObject","inLanguage":"es","@id":"https:\/\/coparmexjal.org.mx\/entorno-empresarial\/destaca-coparmex-jalisco-aciertos-y-areas-de-oportunidad-a-tres-anos-de-la-administracion-federal\/#primaryimage","url":"https:\/\/coparmexjal.org.mx\/entorno-empresarial\/wp-content\/uploads\/2021\/09\/Gobierno-de-Mexico-2.jpg","contentUrl":"https:\/\/coparmexjal.org.mx\/entorno-empresarial\/wp-content\/uploads\/2021\/09\/Gobierno-de-Mexico-2.jpg","width":1026,"height":664},{"@type":"BreadcrumbList","@id":"https:\/\/coparmexjal.org.mx\/entorno-empresarial\/destaca-coparmex-jalisco-aciertos-y-areas-de-oportunidad-a-tres-anos-de-la-administracion-federal\/#breadcrumb","itemListElement":[{"@type":"ListItem","position":1,"name":"Inicio","item":"https:\/\/coparmexjal.org.mx\/entorno-empresarial\/"},{"@type":"ListItem","position":2,"name":"Destaca Coparmex Jalisco, aciertos y \u00e1reas de oportunidad a tres a\u00f1os de la administraci\u00f3n federal"}]},{"@type":"WebSite","@id":"https:\/\/coparmexjal.org.mx\/entorno-empresarial\/#website","url":"https:\/\/coparmexjal.org.mx\/entorno-empresarial\/","name":"Revista Entorno Empresarial","description":"Coparmex Jalisco","publisher":{"@id":"https:\/\/coparmexjal.org.mx\/entorno-empresarial\/#organization"},"potentialAction":[{"@type":"SearchAction","target":{"@type":"EntryPoint","urlTemplate":"https:\/\/coparmexjal.org.mx\/entorno-empresarial\/?s={search_term_string}"},"query-input":{"@type":"PropertyValueSpecification","valueRequired":true,"valueName":"search_term_string"}}],"inLanguage":"es"},{"@type":"Organization","@id":"https:\/\/coparmexjal.org.mx\/entorno-empresarial\/#organization","name":"Coparmex Jalisco","url":"https:\/\/coparmexjal.org.mx\/entorno-empresarial\/","logo":{"@type":"ImageObject","inLanguage":"es","@id":"https:\/\/coparmexjal.org.mx\/entorno-empresarial\/#\/schema\/logo\/image\/","url":"https:\/\/coparmexjal.org.mx\/entorno-empresarial\/wp-content\/uploads\/2020\/02\/logo-amp.png","contentUrl":"https:\/\/coparmexjal.org.mx\/entorno-empresarial\/wp-content\/uploads\/2020\/02\/logo-amp.png","width":120,"height":90,"caption":"Coparmex Jalisco"},"image":{"@id":"https:\/\/coparmexjal.org.mx\/entorno-empresarial\/#\/schema\/logo\/image\/"},"sameAs":["https:\/\/facebook.com\/comcoparmex","https:\/\/x.com\/comcoparmex","http:\/\/instagram.com\/coparmexjalisco","https:\/\/mx.linkedin.com\/company\/coparmex-jalisco","https:\/\/www.youtube.com\/c\/CoparmexJaliscomx"]},{"@type":"Person","@id":"https:\/\/coparmexjal.org.mx\/entorno-empresarial\/#\/schema\/person\/7d1d56a9587bfb3a725cd3dbfbdb9d44","name":"Coparmex Jalisco","image":{"@type":"ImageObject","inLanguage":"es","@id":"https:\/\/coparmexjal.org.mx\/entorno-empresarial\/wp-content\/uploads\/2020\/06\/favicon-150x133.png","url":"https:\/\/coparmexjal.org.mx\/entorno-empresarial\/wp-content\/uploads\/2020\/06\/favicon-150x133.png","contentUrl":"https:\/\/coparmexjal.org.mx\/entorno-empresarial\/wp-content\/uploads\/2020\/06\/favicon-150x133.png","caption":"Coparmex Jalisco"},"url":"https:\/\/coparmexjal.org.mx\/entorno-empresarial\/author\/coparmexjalisco\/"}]}},"_links":{"self":[{"href":"https:\/\/coparmexjal.org.mx\/entorno-empresarial\/wp-json\/wp\/v2\/posts\/6007","targetHints":{"allow":["GET"]}}],"collection":[{"href":"https:\/\/coparmexjal.org.mx\/entorno-empresarial\/wp-json\/wp\/v2\/posts"}],"about":[{"href":"https:\/\/coparmexjal.org.mx\/entorno-empresarial\/wp-json\/wp\/v2\/types\/post"}],"author":[{"embeddable":true,"href":"https:\/\/coparmexjal.org.mx\/entorno-empresarial\/wp-json\/wp\/v2\/users\/2"}],"replies":[{"embeddable":true,"href":"https:\/\/coparmexjal.org.mx\/entorno-empresarial\/wp-json\/wp\/v2\/comments?post=6007"}],"version-history":[{"count":3,"href":"https:\/\/coparmexjal.org.mx\/entorno-empresarial\/wp-json\/wp\/v2\/posts\/6007\/revisions"}],"predecessor-version":[{"id":6012,"href":"https:\/\/coparmexjal.org.mx\/entorno-empresarial\/wp-json\/wp\/v2\/posts\/6007\/revisions\/6012"}],"wp:featuredmedia":[{"embeddable":true,"href":"https:\/\/coparmexjal.org.mx\/entorno-empresarial\/wp-json\/wp\/v2\/media\/6008"}],"wp:attachment":[{"href":"https:\/\/coparmexjal.org.mx\/entorno-empresarial\/wp-json\/wp\/v2\/media?parent=6007"}],"wp:term":[{"taxonomy":"category","embeddable":true,"href":"https:\/\/coparmexjal.org.mx\/entorno-empresarial\/wp-json\/wp\/v2\/categories?post=6007"},{"taxonomy":"post_tag","embeddable":true,"href":"https:\/\/coparmexjal.org.mx\/entorno-empresarial\/wp-json\/wp\/v2\/tags?post=6007"}],"curies":[{"name":"wp","href":"https:\/\/api.w.org\/{rel}","templated":true}]}}