{"id":5744,"date":"2021-07-30T21:18:31","date_gmt":"2021-07-31T02:18:31","guid":{"rendered":"https:\/\/coparmexjal.org.mx\/entorno-empresarial\/?p=5744"},"modified":"2021-07-30T21:18:35","modified_gmt":"2021-07-31T02:18:35","slug":"apoyo-y-comunicacion-para-hacer-frente-al-incremento-de-contagios-carlos-villasenor","status":"publish","type":"post","link":"https:\/\/coparmexjal.org.mx\/entorno-empresarial\/apoyo-y-comunicacion-para-hacer-frente-al-incremento-de-contagios-carlos-villasenor\/","title":{"rendered":"\u201cApoyo y comunicaci\u00f3n para hacer frente al incremento de contagios\u201d: Carlos Villase\u00f1or"},"content":{"rendered":"\n<ul class=\"wp-block-list\"><li>Insta Coparmex Jalisco a fortalecer pol\u00edticas que apoyen a los giros afectados y garantice ingresos para los trabajadores.<\/li><\/ul>\n\n\n\n<ul class=\"wp-block-list\"><li>Tras cierres parciales el 5% de las unidades econ\u00f3micas ya no logran reabrir sus establecimientos.<\/li><\/ul>\n\n\n\n<p>A mitad del mes de julio, varios estados del pa\u00eds registraron un incremento de casos y hospitalizaciones por COVID-19, acerc\u00e1ndose a las cifras m\u00e1s altas manifestadas en enero y febrero de este a\u00f1o.<\/p>\n\n\n\n<p>Debido a la tendencia de crecimiento, desde el Gobierno de Jalisco, se emitieron nuevas medidas que establecen la reducci\u00f3n de aforos y la cancelaci\u00f3n de operaciones en bares y antros, mismas que entran en vigor hoy 30 de julio y que estar\u00e1n activas durante todo el mes de agosto.<\/p>\n\n\n\n<p>Resulta anticipado estimar el impacto econ\u00f3mico real, sin embargo, en distintos sondeos realizados por Coparmex Jalisco durante la pandemia, se reportaron bajas de hasta el 25% en ventas diarias, adem\u00e1s se encontr\u00f3 que despu\u00e9s de los cierres parciales el 5% de las unidades econ\u00f3micas ya no logran reabrir sus establecimientos.<\/p>\n\n\n\n<p>\u201cEs imperante que existan m\u00e1s apoyo y comunicaci\u00f3n para hacer frente al incremento de contagios, se deben hacer estrategias urgentes para los giros que tienen que cerrar sus puertas puedan reabrirlas, y especialmente para que los trabajadores no pierdan sus ingresos\u201d, indic\u00f3, Carlos Villase\u00f1or Franco, Presidente de Coparmex Jalisco.<\/p>\n\n\n\n<p>\u201cEl incremento de contagios es alarmante a nivel nacional, su falta de contenci\u00f3n y la creciente taza de casos es motivo para reestructurar los trabajos que se han venido haciendo. Desde luego, un cierre total no ser\u00eda sostenible en una econom\u00eda tan golpeada, tan solo en tres meses del a\u00f1o pasado, perdimos m\u00e1s de 95 mil empleos en Jalisco, pero la salud de todas y todos debe ser el centro y el eje que gu\u00ede las acciones para revertir la tendencia de contagios\u201d: se\u00f1al\u00f3, Villase\u00f1or Franco.<\/p>\n\n\n\n<p>Desde Coparmex Jalisco, exhortamos al gobierno federal ha que agilice la vacunaci\u00f3n. Hacemos un llamado a los tres \u00f3rdenes de gobierno para que apoye a los sectores que han sido m\u00e1s afectados durante la pandemia. A las empresas las llamamos a seguir acatando las medidas dictadas, y a la sociedad, a solidarizarse para actuar de manera responsable y no bajar la guardia, sobre todo, a acudir a la vacunaci\u00f3n contra COVID-19 esperando avanzar juntos como sociedad en este camino de reactivaci\u00f3n econ\u00f3mica.<\/p>\n","protected":false},"excerpt":{"rendered":"<p>Insta Coparmex Jalisco a fortalecer pol\u00edticas que apoyen a los giros afectados y garantice ingresos para los trabajadores. Tras cierres parciales el 5% de las<\/p>\n","protected":false},"author":2,"featured_media":5745,"comment_status":"open","ping_status":"open","sticky":false,"template":"","format":"standard","meta":{"footnotes":""},"categories":[348],"tags":[668,405,431,991],"class_list":["post-5744","post","type-post","status-publish","format-standard","has-post-thumbnail","hentry","category-noticias","tag-carlos-villasenor","tag-coparmex-jalisco","tag-covid-19","tag-incremento-de-contagios"],"yoast_head":"<!-- This site is optimized with the Yoast SEO plugin v27.5 - https:\/\/yoast.com\/product\/yoast-seo-wordpress\/ -->\n<title>\u201cApoyo y comunicaci\u00f3n para hacer frente al incremento de contagios\u201d: Carlos Villase\u00f1or - Entorno Empresarial<\/title>\n<meta name=\"description\" content=\"Insta Coparmex Jalisco a fortalecer pol\u00edticas que apoyen a los giros afectados y garantice ingresos para los trabajadores\" \/>\n<meta name=\"robots\" content=\"index, follow, max-snippet:-1, max-image-preview:large, max-video-preview:-1\" \/>\n<link rel=\"canonical\" href=\"https:\/\/coparmexjal.org.mx\/entorno-empresarial\/apoyo-y-comunicacion-para-hacer-frente-al-incremento-de-contagios-carlos-villasenor\/\" \/>\n<meta property=\"og:locale\" content=\"es_MX\" \/>\n<meta property=\"og:type\" content=\"article\" \/>\n<meta property=\"og:title\" content=\"\u201cApoyo y comunicaci\u00f3n para hacer frente al incremento de contagios\u201d: Carlos Villase\u00f1or - Entorno Empresarial\" \/>\n<meta property=\"og:description\" content=\"Insta Coparmex Jalisco a fortalecer pol\u00edticas que apoyen a los giros afectados y garantice ingresos para los trabajadores\" \/>\n<meta property=\"og:url\" content=\"https:\/\/coparmexjal.org.mx\/entorno-empresarial\/apoyo-y-comunicacion-para-hacer-frente-al-incremento-de-contagios-carlos-villasenor\/\" \/>\n<meta property=\"og:site_name\" content=\"Entorno Empresarial\" \/>\n<meta property=\"article:publisher\" content=\"https:\/\/facebook.com\/comcoparmex\" \/>\n<meta property=\"article:published_time\" content=\"2021-07-31T02:18:31+00:00\" \/>\n<meta property=\"article:modified_time\" content=\"2021-07-31T02:18:35+00:00\" \/>\n<meta property=\"og:image\" content=\"https:\/\/coparmexjal.org.mx\/entorno-empresarial\/wp-content\/uploads\/2021\/07\/inge.jpg\" \/>\n\t<meta property=\"og:image:width\" content=\"851\" \/>\n\t<meta property=\"og:image:height\" content=\"557\" \/>\n\t<meta property=\"og:image:type\" content=\"image\/jpeg\" \/>\n<meta name=\"author\" content=\"Coparmex Jalisco\" \/>\n<meta name=\"twitter:card\" content=\"summary_large_image\" \/>\n<meta name=\"twitter:creator\" content=\"@comcoparmex\" \/>\n<meta name=\"twitter:site\" content=\"@comcoparmex\" \/>\n<meta name=\"twitter:label1\" content=\"Escrito por\" \/>\n\t<meta name=\"twitter:data1\" content=\"Coparmex Jalisco\" \/>\n\t<meta name=\"twitter:label2\" content=\"Tiempo de lectura\" \/>\n\t<meta name=\"twitter:data2\" content=\"2 minutos\" \/>\n<script type=\"application\/ld+json\" class=\"yoast-schema-graph\">{\"@context\":\"https:\\\/\\\/schema.org\",\"@graph\":[{\"@type\":\"Article\",\"@id\":\"https:\\\/\\\/coparmexjal.org.mx\\\/entorno-empresarial\\\/apoyo-y-comunicacion-para-hacer-frente-al-incremento-de-contagios-carlos-villasenor\\\/#article\",\"isPartOf\":{\"@id\":\"https:\\\/\\\/coparmexjal.org.mx\\\/entorno-empresarial\\\/apoyo-y-comunicacion-para-hacer-frente-al-incremento-de-contagios-carlos-villasenor\\\/\"},\"author\":{\"name\":\"Coparmex Jalisco\",\"@id\":\"https:\\\/\\\/coparmexjal.org.mx\\\/entorno-empresarial\\\/#\\\/schema\\\/person\\\/7d1d56a9587bfb3a725cd3dbfbdb9d44\"},\"headline\":\"\u201cApoyo y comunicaci\u00f3n para hacer frente al incremento de contagios\u201d: Carlos Villase\u00f1or\",\"datePublished\":\"2021-07-31T02:18:31+00:00\",\"dateModified\":\"2021-07-31T02:18:35+00:00\",\"mainEntityOfPage\":{\"@id\":\"https:\\\/\\\/coparmexjal.org.mx\\\/entorno-empresarial\\\/apoyo-y-comunicacion-para-hacer-frente-al-incremento-de-contagios-carlos-villasenor\\\/\"},\"wordCount\":420,\"commentCount\":0,\"publisher\":{\"@id\":\"https:\\\/\\\/coparmexjal.org.mx\\\/entorno-empresarial\\\/#organization\"},\"image\":{\"@id\":\"https:\\\/\\\/coparmexjal.org.mx\\\/entorno-empresarial\\\/apoyo-y-comunicacion-para-hacer-frente-al-incremento-de-contagios-carlos-villasenor\\\/#primaryimage\"},\"thumbnailUrl\":\"https:\\\/\\\/coparmexjal.org.mx\\\/entorno-empresarial\\\/wp-content\\\/uploads\\\/2021\\\/07\\\/inge.jpg\",\"keywords\":[\"Carlos Villase\u00f1or\",\"coparmex jalisco\",\"covid-19\",\"Incremento de Contagios\"],\"articleSection\":[\"Noticias\"],\"inLanguage\":\"es\",\"potentialAction\":[{\"@type\":\"CommentAction\",\"name\":\"Comment\",\"target\":[\"https:\\\/\\\/coparmexjal.org.mx\\\/entorno-empresarial\\\/apoyo-y-comunicacion-para-hacer-frente-al-incremento-de-contagios-carlos-villasenor\\\/#respond\"]}]},{\"@type\":\"WebPage\",\"@id\":\"https:\\\/\\\/coparmexjal.org.mx\\\/entorno-empresarial\\\/apoyo-y-comunicacion-para-hacer-frente-al-incremento-de-contagios-carlos-villasenor\\\/\",\"url\":\"https:\\\/\\\/coparmexjal.org.mx\\\/entorno-empresarial\\\/apoyo-y-comunicacion-para-hacer-frente-al-incremento-de-contagios-carlos-villasenor\\\/\",\"name\":\"\u201cApoyo y comunicaci\u00f3n para hacer frente al incremento de contagios\u201d: Carlos Villase\u00f1or - Entorno Empresarial\",\"isPartOf\":{\"@id\":\"https:\\\/\\\/coparmexjal.org.mx\\\/entorno-empresarial\\\/#website\"},\"primaryImageOfPage\":{\"@id\":\"https:\\\/\\\/coparmexjal.org.mx\\\/entorno-empresarial\\\/apoyo-y-comunicacion-para-hacer-frente-al-incremento-de-contagios-carlos-villasenor\\\/#primaryimage\"},\"image\":{\"@id\":\"https:\\\/\\\/coparmexjal.org.mx\\\/entorno-empresarial\\\/apoyo-y-comunicacion-para-hacer-frente-al-incremento-de-contagios-carlos-villasenor\\\/#primaryimage\"},\"thumbnailUrl\":\"https:\\\/\\\/coparmexjal.org.mx\\\/entorno-empresarial\\\/wp-content\\\/uploads\\\/2021\\\/07\\\/inge.jpg\",\"datePublished\":\"2021-07-31T02:18:31+00:00\",\"dateModified\":\"2021-07-31T02:18:35+00:00\",\"description\":\"Insta Coparmex Jalisco a fortalecer pol\u00edticas que apoyen a los giros afectados y garantice ingresos para los trabajadores\",\"breadcrumb\":{\"@id\":\"https:\\\/\\\/coparmexjal.org.mx\\\/entorno-empresarial\\\/apoyo-y-comunicacion-para-hacer-frente-al-incremento-de-contagios-carlos-villasenor\\\/#breadcrumb\"},\"inLanguage\":\"es\",\"potentialAction\":[{\"@type\":\"ReadAction\",\"target\":[\"https:\\\/\\\/coparmexjal.org.mx\\\/entorno-empresarial\\\/apoyo-y-comunicacion-para-hacer-frente-al-incremento-de-contagios-carlos-villasenor\\\/\"]}]},{\"@type\":\"ImageObject\",\"inLanguage\":\"es\",\"@id\":\"https:\\\/\\\/coparmexjal.org.mx\\\/entorno-empresarial\\\/apoyo-y-comunicacion-para-hacer-frente-al-incremento-de-contagios-carlos-villasenor\\\/#primaryimage\",\"url\":\"https:\\\/\\\/coparmexjal.org.mx\\\/entorno-empresarial\\\/wp-content\\\/uploads\\\/2021\\\/07\\\/inge.jpg\",\"contentUrl\":\"https:\\\/\\\/coparmexjal.org.mx\\\/entorno-empresarial\\\/wp-content\\\/uploads\\\/2021\\\/07\\\/inge.jpg\",\"width\":851,\"height\":557,\"caption\":\"Carlos Villase\u00f1or, presidente de Coparmex Jalisco\"},{\"@type\":\"BreadcrumbList\",\"@id\":\"https:\\\/\\\/coparmexjal.org.mx\\\/entorno-empresarial\\\/apoyo-y-comunicacion-para-hacer-frente-al-incremento-de-contagios-carlos-villasenor\\\/#breadcrumb\",\"itemListElement\":[{\"@type\":\"ListItem\",\"position\":1,\"name\":\"Inicio\",\"item\":\"https:\\\/\\\/coparmexjal.org.mx\\\/entorno-empresarial\\\/\"},{\"@type\":\"ListItem\",\"position\":2,\"name\":\"\u201cApoyo y comunicaci\u00f3n para hacer frente al incremento de contagios\u201d: Carlos Villase\u00f1or\"}]},{\"@type\":\"WebSite\",\"@id\":\"https:\\\/\\\/coparmexjal.org.mx\\\/entorno-empresarial\\\/#website\",\"url\":\"https:\\\/\\\/coparmexjal.org.mx\\\/entorno-empresarial\\\/\",\"name\":\"Revista Entorno Empresarial\",\"description\":\"Coparmex Jalisco\",\"publisher\":{\"@id\":\"https:\\\/\\\/coparmexjal.org.mx\\\/entorno-empresarial\\\/#organization\"},\"potentialAction\":[{\"@type\":\"SearchAction\",\"target\":{\"@type\":\"EntryPoint\",\"urlTemplate\":\"https:\\\/\\\/coparmexjal.org.mx\\\/entorno-empresarial\\\/?s={search_term_string}\"},\"query-input\":{\"@type\":\"PropertyValueSpecification\",\"valueRequired\":true,\"valueName\":\"search_term_string\"}}],\"inLanguage\":\"es\"},{\"@type\":\"Organization\",\"@id\":\"https:\\\/\\\/coparmexjal.org.mx\\\/entorno-empresarial\\\/#organization\",\"name\":\"Coparmex Jalisco\",\"url\":\"https:\\\/\\\/coparmexjal.org.mx\\\/entorno-empresarial\\\/\",\"logo\":{\"@type\":\"ImageObject\",\"inLanguage\":\"es\",\"@id\":\"https:\\\/\\\/coparmexjal.org.mx\\\/entorno-empresarial\\\/#\\\/schema\\\/logo\\\/image\\\/\",\"url\":\"https:\\\/\\\/coparmexjal.org.mx\\\/entorno-empresarial\\\/wp-content\\\/uploads\\\/2020\\\/02\\\/logo-amp.png\",\"contentUrl\":\"https:\\\/\\\/coparmexjal.org.mx\\\/entorno-empresarial\\\/wp-content\\\/uploads\\\/2020\\\/02\\\/logo-amp.png\",\"width\":120,\"height\":90,\"caption\":\"Coparmex Jalisco\"},\"image\":{\"@id\":\"https:\\\/\\\/coparmexjal.org.mx\\\/entorno-empresarial\\\/#\\\/schema\\\/logo\\\/image\\\/\"},\"sameAs\":[\"https:\\\/\\\/facebook.com\\\/comcoparmex\",\"https:\\\/\\\/x.com\\\/comcoparmex\",\"http:\\\/\\\/instagram.com\\\/coparmexjalisco\",\"https:\\\/\\\/mx.linkedin.com\\\/company\\\/coparmex-jalisco\",\"https:\\\/\\\/www.youtube.com\\\/c\\\/CoparmexJaliscomx\"]},{\"@type\":\"Person\",\"@id\":\"https:\\\/\\\/coparmexjal.org.mx\\\/entorno-empresarial\\\/#\\\/schema\\\/person\\\/7d1d56a9587bfb3a725cd3dbfbdb9d44\",\"name\":\"Coparmex Jalisco\",\"image\":{\"@type\":\"ImageObject\",\"inLanguage\":\"es\",\"@id\":\"https:\\\/\\\/coparmexjal.org.mx\\\/entorno-empresarial\\\/wp-content\\\/uploads\\\/2020\\\/06\\\/favicon-150x133.png\",\"url\":\"https:\\\/\\\/coparmexjal.org.mx\\\/entorno-empresarial\\\/wp-content\\\/uploads\\\/2020\\\/06\\\/favicon-150x133.png\",\"contentUrl\":\"https:\\\/\\\/coparmexjal.org.mx\\\/entorno-empresarial\\\/wp-content\\\/uploads\\\/2020\\\/06\\\/favicon-150x133.png\",\"caption\":\"Coparmex Jalisco\"},\"url\":\"https:\\\/\\\/coparmexjal.org.mx\\\/entorno-empresarial\\\/author\\\/coparmexjalisco\\\/\"}]}<\/script>\n<!-- \/ Yoast SEO plugin. -->","yoast_head_json":{"title":"\u201cApoyo y comunicaci\u00f3n para hacer frente al incremento de contagios\u201d: Carlos Villase\u00f1or - Entorno Empresarial","description":"Insta Coparmex Jalisco a fortalecer pol\u00edticas que apoyen a los giros afectados y garantice ingresos para los trabajadores","robots":{"index":"index","follow":"follow","max-snippet":"max-snippet:-1","max-image-preview":"max-image-preview:large","max-video-preview":"max-video-preview:-1"},"canonical":"https:\/\/coparmexjal.org.mx\/entorno-empresarial\/apoyo-y-comunicacion-para-hacer-frente-al-incremento-de-contagios-carlos-villasenor\/","og_locale":"es_MX","og_type":"article","og_title":"\u201cApoyo y comunicaci\u00f3n para hacer frente al incremento de contagios\u201d: Carlos Villase\u00f1or - Entorno Empresarial","og_description":"Insta Coparmex Jalisco a fortalecer pol\u00edticas que apoyen a los giros afectados y garantice ingresos para los trabajadores","og_url":"https:\/\/coparmexjal.org.mx\/entorno-empresarial\/apoyo-y-comunicacion-para-hacer-frente-al-incremento-de-contagios-carlos-villasenor\/","og_site_name":"Entorno Empresarial","article_publisher":"https:\/\/facebook.com\/comcoparmex","article_published_time":"2021-07-31T02:18:31+00:00","article_modified_time":"2021-07-31T02:18:35+00:00","og_image":[{"width":851,"height":557,"url":"https:\/\/coparmexjal.org.mx\/entorno-empresarial\/wp-content\/uploads\/2021\/07\/inge.jpg","type":"image\/jpeg"}],"author":"Coparmex Jalisco","twitter_card":"summary_large_image","twitter_creator":"@comcoparmex","twitter_site":"@comcoparmex","twitter_misc":{"Escrito por":"Coparmex Jalisco","Tiempo de lectura":"2 minutos"},"schema":{"@context":"https:\/\/schema.org","@graph":[{"@type":"Article","@id":"https:\/\/coparmexjal.org.mx\/entorno-empresarial\/apoyo-y-comunicacion-para-hacer-frente-al-incremento-de-contagios-carlos-villasenor\/#article","isPartOf":{"@id":"https:\/\/coparmexjal.org.mx\/entorno-empresarial\/apoyo-y-comunicacion-para-hacer-frente-al-incremento-de-contagios-carlos-villasenor\/"},"author":{"name":"Coparmex Jalisco","@id":"https:\/\/coparmexjal.org.mx\/entorno-empresarial\/#\/schema\/person\/7d1d56a9587bfb3a725cd3dbfbdb9d44"},"headline":"\u201cApoyo y comunicaci\u00f3n para hacer frente al incremento de contagios\u201d: Carlos Villase\u00f1or","datePublished":"2021-07-31T02:18:31+00:00","dateModified":"2021-07-31T02:18:35+00:00","mainEntityOfPage":{"@id":"https:\/\/coparmexjal.org.mx\/entorno-empresarial\/apoyo-y-comunicacion-para-hacer-frente-al-incremento-de-contagios-carlos-villasenor\/"},"wordCount":420,"commentCount":0,"publisher":{"@id":"https:\/\/coparmexjal.org.mx\/entorno-empresarial\/#organization"},"image":{"@id":"https:\/\/coparmexjal.org.mx\/entorno-empresarial\/apoyo-y-comunicacion-para-hacer-frente-al-incremento-de-contagios-carlos-villasenor\/#primaryimage"},"thumbnailUrl":"https:\/\/coparmexjal.org.mx\/entorno-empresarial\/wp-content\/uploads\/2021\/07\/inge.jpg","keywords":["Carlos Villase\u00f1or","coparmex jalisco","covid-19","Incremento de Contagios"],"articleSection":["Noticias"],"inLanguage":"es","potentialAction":[{"@type":"CommentAction","name":"Comment","target":["https:\/\/coparmexjal.org.mx\/entorno-empresarial\/apoyo-y-comunicacion-para-hacer-frente-al-incremento-de-contagios-carlos-villasenor\/#respond"]}]},{"@type":"WebPage","@id":"https:\/\/coparmexjal.org.mx\/entorno-empresarial\/apoyo-y-comunicacion-para-hacer-frente-al-incremento-de-contagios-carlos-villasenor\/","url":"https:\/\/coparmexjal.org.mx\/entorno-empresarial\/apoyo-y-comunicacion-para-hacer-frente-al-incremento-de-contagios-carlos-villasenor\/","name":"\u201cApoyo y comunicaci\u00f3n para hacer frente al incremento de contagios\u201d: Carlos Villase\u00f1or - Entorno Empresarial","isPartOf":{"@id":"https:\/\/coparmexjal.org.mx\/entorno-empresarial\/#website"},"primaryImageOfPage":{"@id":"https:\/\/coparmexjal.org.mx\/entorno-empresarial\/apoyo-y-comunicacion-para-hacer-frente-al-incremento-de-contagios-carlos-villasenor\/#primaryimage"},"image":{"@id":"https:\/\/coparmexjal.org.mx\/entorno-empresarial\/apoyo-y-comunicacion-para-hacer-frente-al-incremento-de-contagios-carlos-villasenor\/#primaryimage"},"thumbnailUrl":"https:\/\/coparmexjal.org.mx\/entorno-empresarial\/wp-content\/uploads\/2021\/07\/inge.jpg","datePublished":"2021-07-31T02:18:31+00:00","dateModified":"2021-07-31T02:18:35+00:00","description":"Insta Coparmex Jalisco a fortalecer pol\u00edticas que apoyen a los giros afectados y garantice ingresos para los trabajadores","breadcrumb":{"@id":"https:\/\/coparmexjal.org.mx\/entorno-empresarial\/apoyo-y-comunicacion-para-hacer-frente-al-incremento-de-contagios-carlos-villasenor\/#breadcrumb"},"inLanguage":"es","potentialAction":[{"@type":"ReadAction","target":["https:\/\/coparmexjal.org.mx\/entorno-empresarial\/apoyo-y-comunicacion-para-hacer-frente-al-incremento-de-contagios-carlos-villasenor\/"]}]},{"@type":"ImageObject","inLanguage":"es","@id":"https:\/\/coparmexjal.org.mx\/entorno-empresarial\/apoyo-y-comunicacion-para-hacer-frente-al-incremento-de-contagios-carlos-villasenor\/#primaryimage","url":"https:\/\/coparmexjal.org.mx\/entorno-empresarial\/wp-content\/uploads\/2021\/07\/inge.jpg","contentUrl":"https:\/\/coparmexjal.org.mx\/entorno-empresarial\/wp-content\/uploads\/2021\/07\/inge.jpg","width":851,"height":557,"caption":"Carlos Villase\u00f1or, presidente de Coparmex Jalisco"},{"@type":"BreadcrumbList","@id":"https:\/\/coparmexjal.org.mx\/entorno-empresarial\/apoyo-y-comunicacion-para-hacer-frente-al-incremento-de-contagios-carlos-villasenor\/#breadcrumb","itemListElement":[{"@type":"ListItem","position":1,"name":"Inicio","item":"https:\/\/coparmexjal.org.mx\/entorno-empresarial\/"},{"@type":"ListItem","position":2,"name":"\u201cApoyo y comunicaci\u00f3n para hacer frente al incremento de contagios\u201d: Carlos Villase\u00f1or"}]},{"@type":"WebSite","@id":"https:\/\/coparmexjal.org.mx\/entorno-empresarial\/#website","url":"https:\/\/coparmexjal.org.mx\/entorno-empresarial\/","name":"Revista Entorno Empresarial","description":"Coparmex Jalisco","publisher":{"@id":"https:\/\/coparmexjal.org.mx\/entorno-empresarial\/#organization"},"potentialAction":[{"@type":"SearchAction","target":{"@type":"EntryPoint","urlTemplate":"https:\/\/coparmexjal.org.mx\/entorno-empresarial\/?s={search_term_string}"},"query-input":{"@type":"PropertyValueSpecification","valueRequired":true,"valueName":"search_term_string"}}],"inLanguage":"es"},{"@type":"Organization","@id":"https:\/\/coparmexjal.org.mx\/entorno-empresarial\/#organization","name":"Coparmex Jalisco","url":"https:\/\/coparmexjal.org.mx\/entorno-empresarial\/","logo":{"@type":"ImageObject","inLanguage":"es","@id":"https:\/\/coparmexjal.org.mx\/entorno-empresarial\/#\/schema\/logo\/image\/","url":"https:\/\/coparmexjal.org.mx\/entorno-empresarial\/wp-content\/uploads\/2020\/02\/logo-amp.png","contentUrl":"https:\/\/coparmexjal.org.mx\/entorno-empresarial\/wp-content\/uploads\/2020\/02\/logo-amp.png","width":120,"height":90,"caption":"Coparmex Jalisco"},"image":{"@id":"https:\/\/coparmexjal.org.mx\/entorno-empresarial\/#\/schema\/logo\/image\/"},"sameAs":["https:\/\/facebook.com\/comcoparmex","https:\/\/x.com\/comcoparmex","http:\/\/instagram.com\/coparmexjalisco","https:\/\/mx.linkedin.com\/company\/coparmex-jalisco","https:\/\/www.youtube.com\/c\/CoparmexJaliscomx"]},{"@type":"Person","@id":"https:\/\/coparmexjal.org.mx\/entorno-empresarial\/#\/schema\/person\/7d1d56a9587bfb3a725cd3dbfbdb9d44","name":"Coparmex Jalisco","image":{"@type":"ImageObject","inLanguage":"es","@id":"https:\/\/coparmexjal.org.mx\/entorno-empresarial\/wp-content\/uploads\/2020\/06\/favicon-150x133.png","url":"https:\/\/coparmexjal.org.mx\/entorno-empresarial\/wp-content\/uploads\/2020\/06\/favicon-150x133.png","contentUrl":"https:\/\/coparmexjal.org.mx\/entorno-empresarial\/wp-content\/uploads\/2020\/06\/favicon-150x133.png","caption":"Coparmex Jalisco"},"url":"https:\/\/coparmexjal.org.mx\/entorno-empresarial\/author\/coparmexjalisco\/"}]}},"_links":{"self":[{"href":"https:\/\/coparmexjal.org.mx\/entorno-empresarial\/wp-json\/wp\/v2\/posts\/5744","targetHints":{"allow":["GET"]}}],"collection":[{"href":"https:\/\/coparmexjal.org.mx\/entorno-empresarial\/wp-json\/wp\/v2\/posts"}],"about":[{"href":"https:\/\/coparmexjal.org.mx\/entorno-empresarial\/wp-json\/wp\/v2\/types\/post"}],"author":[{"embeddable":true,"href":"https:\/\/coparmexjal.org.mx\/entorno-empresarial\/wp-json\/wp\/v2\/users\/2"}],"replies":[{"embeddable":true,"href":"https:\/\/coparmexjal.org.mx\/entorno-empresarial\/wp-json\/wp\/v2\/comments?post=5744"}],"version-history":[{"count":1,"href":"https:\/\/coparmexjal.org.mx\/entorno-empresarial\/wp-json\/wp\/v2\/posts\/5744\/revisions"}],"predecessor-version":[{"id":5746,"href":"https:\/\/coparmexjal.org.mx\/entorno-empresarial\/wp-json\/wp\/v2\/posts\/5744\/revisions\/5746"}],"wp:featuredmedia":[{"embeddable":true,"href":"https:\/\/coparmexjal.org.mx\/entorno-empresarial\/wp-json\/wp\/v2\/media\/5745"}],"wp:attachment":[{"href":"https:\/\/coparmexjal.org.mx\/entorno-empresarial\/wp-json\/wp\/v2\/media?parent=5744"}],"wp:term":[{"taxonomy":"category","embeddable":true,"href":"https:\/\/coparmexjal.org.mx\/entorno-empresarial\/wp-json\/wp\/v2\/categories?post=5744"},{"taxonomy":"post_tag","embeddable":true,"href":"https:\/\/coparmexjal.org.mx\/entorno-empresarial\/wp-json\/wp\/v2\/tags?post=5744"}],"curies":[{"name":"wp","href":"https:\/\/api.w.org\/{rel}","templated":true}]}}