{"id":5646,"date":"2021-07-22T11:30:23","date_gmt":"2021-07-22T16:30:23","guid":{"rendered":"https:\/\/coparmexjal.org.mx\/entorno-empresarial\/?p=5646"},"modified":"2022-03-22T11:46:06","modified_gmt":"2022-03-22T17:46:06","slug":"disminucion-pagos-provisionales","status":"publish","type":"post","link":"https:\/\/coparmexjal.org.mx\/entorno-empresarial\/disminucion-pagos-provisionales\/","title":{"rendered":"Disminuci\u00f3n de pagos provisionales, un respiro al flujo de las empresas"},"content":{"rendered":"\n<p>De acuerdo a las disposiciones fiscales de la Ley del impuesto sobre la renta, las empresas tienen la obligaci\u00f3n de efectuar pagos provisionales mensuales a cuenta del ISR del ejercicio, pagos que se determinan con base en el coeficiente de utilidad obtenido con datos del ejercicio inmediato anterior, o el \u00faltimo reportado en el caso de haber obtenido p\u00e9rdida fiscal.<\/p>\n\n\n\n<p>En muchos casos, lo anterior representa que se tenga que enterar un ISR mayor al que se causar\u00eda en el propio ejercicio y declarar saldos a favor que se tendr\u00edan que recuperar v\u00eda devoluci\u00f3n o compensaci\u00f3n, impactando en el flujo de las empresas y obligando a la realizaci\u00f3n de tr\u00e1mites adicionales.<\/p>\n\n\n\n<p>Como es conocido, el entorno econ\u00f3mico est\u00e1 siendo afectado por la pandemia Covid-19, por lo que, es importante aprovechar los beneficios y ventajas que existen en las leyes para sobrellevar la crisis econ\u00f3mica que estamos enfrentando.<\/p>\n\n\n\n<p>En materia fiscal, existe una facilidad que tiene fundamento en el art\u00edculo 14\u00b0, s\u00e9ptimo p\u00e1rrafo inciso b) de la Ley del Impuesto Sobre la Renta (LISR) y el art\u00edculo 14\u00b0 del Reglamento del Impuesto Sobre la Renta (RISR).<\/p>\n\n\n\n<p>La facilidad consiste en solicitar autorizaci\u00f3n al Servicio de Administraci\u00f3n Tributaria (SAT) para disminuir el monto de los pagos provisionales del Impuesto Sobre la Renta (ISR), mediante una reducci\u00f3n del Coeficiente de Utilidad (C.U.), dicha facilidad ser\u00e1 aplicable para los pagos provisionales que se efect\u00faen a partir del segundo semestre del ejercicio fiscal (Julio 2021 en delante).<\/p>\n\n\n\n<p>La autorizaci\u00f3n se obtendr\u00e1 mediante la presentaci\u00f3n de la ficha de tramite 34\/ISR \u201cSolicitud de autorizaci\u00f3n para disminuir pagos provisionales\u201d y se podr\u00e1 presentar en \u201cMi Portal\u201d, en el apartado de \u201cServicios Por Internet\u201d y seleccionando la opci\u00f3n \u201cServicios o solicitudes\u201d, posteriormente \u201cSolicitud\u201d y finalmente seleccionando el tr\u00e1mite \u201cDisminuir Pagos Provisionales\u201d, debi\u00e9ndose acompa\u00f1ar los siguientes documentos:<\/p>\n\n\n\n<ol class=\"wp-block-list\" type=\"1\"><li>Identificaci\u00f3n oficial vigente del representante legal.<\/li><li>Copia certificada del poder notarial con el que se acredite la personalidad del representante legal.<\/li><li>Escrito que contenga la solicitud de autorizaci\u00f3n para disminuir pagos provisionales.<\/li><li>Formato 34 \u201cSolicitud de autorizaci\u00f3n para disminuir pagos provisionales\u201d, debidamente llenado.<\/li><li>Papel de trabajo donde se refleje una estimaci\u00f3n o proyecci\u00f3n econ\u00f3mica para el cierre del ejercicio y un an\u00e1lisis del resultado fiscal.<\/li><\/ol>\n\n\n\n<p>Esta autorizaci\u00f3n se deber\u00e1 presentar un mes antes de la fecha en la que se efectu\u00e9 el pago provisional en el que se aplica la facilidad, es decir, si se pretende disminuir el CU a partir del pago provisional de julio 2021, se deber\u00e1 presentar la solicitud a m\u00e1s tardar el d\u00eda 17 del mismo mes de julio, de aplicarse la facilidad en un mes posterior a julio se deber\u00e1 utilizar el mismo criterio.<\/p>\n\n\n\n<p>Una vez presentada la solicitud, se generar\u00e1 un acuse de recepci\u00f3n (es importante conservar), la Autoridad responder\u00e1 a trav\u00e9s del Buz\u00f3n Tributario la respuesta a la solicitud.<\/p>\n\n\n\n<p>Finalmente recordar que, si una vez concluido el ejercicio resulta que los pagos provisionales enterados fueron en menor cantidad a la que hubiera correspondido sin aplicar la disminuci\u00f3n, se deber\u00e1n cubrir recargos por la diferencia entre los pagos autorizados y los que les hubieran correspondido sin aplicar la facilidad.<\/p>\n","protected":false},"excerpt":{"rendered":"<p>De acuerdo a las disposiciones fiscales de la Ley del impuesto sobre la renta, las empresas tienen la obligaci\u00f3n de efectuar pagos provisionales mensuales a<\/p>\n","protected":false},"author":103,"featured_media":5647,"comment_status":"open","ping_status":"open","sticky":false,"template":"","format":"standard","meta":{"footnotes":""},"categories":[153,152,1182],"tags":[972,971,973,523,968,969,445],"class_list":["post-5646","post","type-post","status-publish","format-standard","has-post-thumbnail","hentry","category-economia","category-empresas","category-fiscal","tag-coeficiente-de-utilidad","tag-compensacion","tag-disminucion-pagos-provisionales","tag-isr","tag-ley-del-impuesto-sobre-la-renta","tag-pagos-provisionales","tag-sat"],"yoast_head":"<!-- This site is optimized with the Yoast SEO plugin v27.5 - https:\/\/yoast.com\/product\/yoast-seo-wordpress\/ -->\n<title>Disminuci\u00f3n de pagos provisionales, un respiro al flujo de las empresas - Entorno Empresarial<\/title>\n<meta name=\"description\" content=\"Puedes presentar una solicitud de autorizaci\u00f3n al SAT para disminuir el monto de los pagos provisionales del ISR.\" \/>\n<meta name=\"robots\" content=\"index, follow, max-snippet:-1, max-image-preview:large, max-video-preview:-1\" \/>\n<link rel=\"canonical\" href=\"https:\/\/coparmexjal.org.mx\/entorno-empresarial\/disminucion-pagos-provisionales\/\" \/>\n<meta property=\"og:locale\" content=\"es_MX\" \/>\n<meta property=\"og:type\" content=\"article\" \/>\n<meta property=\"og:title\" content=\"Disminuci\u00f3n de pagos provisionales, un respiro al flujo de las empresas - Entorno Empresarial\" \/>\n<meta property=\"og:description\" content=\"Puedes presentar una solicitud de autorizaci\u00f3n al SAT para disminuir el monto de los pagos provisionales del ISR.\" \/>\n<meta property=\"og:url\" content=\"https:\/\/coparmexjal.org.mx\/entorno-empresarial\/disminucion-pagos-provisionales\/\" \/>\n<meta property=\"og:site_name\" content=\"Entorno Empresarial\" \/>\n<meta property=\"article:publisher\" content=\"https:\/\/facebook.com\/comcoparmex\" \/>\n<meta property=\"article:published_time\" content=\"2021-07-22T16:30:23+00:00\" \/>\n<meta property=\"article:modified_time\" content=\"2022-03-22T17:46:06+00:00\" \/>\n<meta property=\"og:image\" content=\"https:\/\/coparmexjal.org.mx\/entorno-empresarial\/wp-content\/uploads\/2021\/07\/businessman-checking-documents-at-table.jpg\" \/>\n\t<meta property=\"og:image:width\" content=\"1000\" \/>\n\t<meta property=\"og:image:height\" content=\"667\" \/>\n\t<meta property=\"og:image:type\" content=\"image\/jpeg\" \/>\n<meta name=\"author\" content=\"CPC. Miguel \u00c1ngel Romero Ba\u00f1uelos\" \/>\n<meta name=\"twitter:card\" content=\"summary_large_image\" \/>\n<meta name=\"twitter:creator\" content=\"@comcoparmex\" \/>\n<meta name=\"twitter:site\" content=\"@comcoparmex\" \/>\n<meta name=\"twitter:label1\" content=\"Escrito por\" \/>\n\t<meta name=\"twitter:data1\" content=\"CPC. Miguel \u00c1ngel Romero Ba\u00f1uelos\" \/>\n\t<meta name=\"twitter:label2\" content=\"Tiempo de lectura\" \/>\n\t<meta name=\"twitter:data2\" content=\"3 minutos\" \/>\n<script type=\"application\/ld+json\" class=\"yoast-schema-graph\">{\"@context\":\"https:\\\/\\\/schema.org\",\"@graph\":[{\"@type\":\"Article\",\"@id\":\"https:\\\/\\\/coparmexjal.org.mx\\\/entorno-empresarial\\\/disminucion-pagos-provisionales\\\/#article\",\"isPartOf\":{\"@id\":\"https:\\\/\\\/coparmexjal.org.mx\\\/entorno-empresarial\\\/disminucion-pagos-provisionales\\\/\"},\"author\":{\"name\":\"CPC. Miguel \u00c1ngel Romero Ba\u00f1uelos\",\"@id\":\"https:\\\/\\\/coparmexjal.org.mx\\\/entorno-empresarial\\\/#\\\/schema\\\/person\\\/a597c883123acbc3c683e377d1028ecb\"},\"headline\":\"Disminuci\u00f3n de pagos provisionales, un respiro al flujo de las empresas\",\"datePublished\":\"2021-07-22T16:30:23+00:00\",\"dateModified\":\"2022-03-22T17:46:06+00:00\",\"mainEntityOfPage\":{\"@id\":\"https:\\\/\\\/coparmexjal.org.mx\\\/entorno-empresarial\\\/disminucion-pagos-provisionales\\\/\"},\"wordCount\":561,\"commentCount\":0,\"publisher\":{\"@id\":\"https:\\\/\\\/coparmexjal.org.mx\\\/entorno-empresarial\\\/#organization\"},\"image\":{\"@id\":\"https:\\\/\\\/coparmexjal.org.mx\\\/entorno-empresarial\\\/disminucion-pagos-provisionales\\\/#primaryimage\"},\"thumbnailUrl\":\"https:\\\/\\\/coparmexjal.org.mx\\\/entorno-empresarial\\\/wp-content\\\/uploads\\\/2021\\\/07\\\/businessman-checking-documents-at-table.jpg\",\"keywords\":[\"Coeficiente de Utilidad\",\"compensaci\u00f3n\",\"Disminuci\u00f3n pagos provisionales\",\"ISR\",\"Ley del Impuesto Sobre la Renta\",\"pagos provisionales\",\"sat\"],\"articleSection\":[\"Econom\u00eda\",\"Empresas\",\"Fiscal\"],\"inLanguage\":\"es\",\"potentialAction\":[{\"@type\":\"CommentAction\",\"name\":\"Comment\",\"target\":[\"https:\\\/\\\/coparmexjal.org.mx\\\/entorno-empresarial\\\/disminucion-pagos-provisionales\\\/#respond\"]}]},{\"@type\":\"WebPage\",\"@id\":\"https:\\\/\\\/coparmexjal.org.mx\\\/entorno-empresarial\\\/disminucion-pagos-provisionales\\\/\",\"url\":\"https:\\\/\\\/coparmexjal.org.mx\\\/entorno-empresarial\\\/disminucion-pagos-provisionales\\\/\",\"name\":\"Disminuci\u00f3n de pagos provisionales, un respiro al flujo de las empresas - Entorno Empresarial\",\"isPartOf\":{\"@id\":\"https:\\\/\\\/coparmexjal.org.mx\\\/entorno-empresarial\\\/#website\"},\"primaryImageOfPage\":{\"@id\":\"https:\\\/\\\/coparmexjal.org.mx\\\/entorno-empresarial\\\/disminucion-pagos-provisionales\\\/#primaryimage\"},\"image\":{\"@id\":\"https:\\\/\\\/coparmexjal.org.mx\\\/entorno-empresarial\\\/disminucion-pagos-provisionales\\\/#primaryimage\"},\"thumbnailUrl\":\"https:\\\/\\\/coparmexjal.org.mx\\\/entorno-empresarial\\\/wp-content\\\/uploads\\\/2021\\\/07\\\/businessman-checking-documents-at-table.jpg\",\"datePublished\":\"2021-07-22T16:30:23+00:00\",\"dateModified\":\"2022-03-22T17:46:06+00:00\",\"description\":\"Puedes presentar una solicitud de autorizaci\u00f3n al SAT para disminuir el monto de los pagos provisionales del ISR.\",\"breadcrumb\":{\"@id\":\"https:\\\/\\\/coparmexjal.org.mx\\\/entorno-empresarial\\\/disminucion-pagos-provisionales\\\/#breadcrumb\"},\"inLanguage\":\"es\",\"potentialAction\":[{\"@type\":\"ReadAction\",\"target\":[\"https:\\\/\\\/coparmexjal.org.mx\\\/entorno-empresarial\\\/disminucion-pagos-provisionales\\\/\"]}]},{\"@type\":\"ImageObject\",\"inLanguage\":\"es\",\"@id\":\"https:\\\/\\\/coparmexjal.org.mx\\\/entorno-empresarial\\\/disminucion-pagos-provisionales\\\/#primaryimage\",\"url\":\"https:\\\/\\\/coparmexjal.org.mx\\\/entorno-empresarial\\\/wp-content\\\/uploads\\\/2021\\\/07\\\/businessman-checking-documents-at-table.jpg\",\"contentUrl\":\"https:\\\/\\\/coparmexjal.org.mx\\\/entorno-empresarial\\\/wp-content\\\/uploads\\\/2021\\\/07\\\/businessman-checking-documents-at-table.jpg\",\"width\":1000,\"height\":667},{\"@type\":\"BreadcrumbList\",\"@id\":\"https:\\\/\\\/coparmexjal.org.mx\\\/entorno-empresarial\\\/disminucion-pagos-provisionales\\\/#breadcrumb\",\"itemListElement\":[{\"@type\":\"ListItem\",\"position\":1,\"name\":\"Inicio\",\"item\":\"https:\\\/\\\/coparmexjal.org.mx\\\/entorno-empresarial\\\/\"},{\"@type\":\"ListItem\",\"position\":2,\"name\":\"Disminuci\u00f3n de pagos provisionales, un respiro al flujo de las empresas\"}]},{\"@type\":\"WebSite\",\"@id\":\"https:\\\/\\\/coparmexjal.org.mx\\\/entorno-empresarial\\\/#website\",\"url\":\"https:\\\/\\\/coparmexjal.org.mx\\\/entorno-empresarial\\\/\",\"name\":\"Revista Entorno Empresarial\",\"description\":\"Coparmex Jalisco\",\"publisher\":{\"@id\":\"https:\\\/\\\/coparmexjal.org.mx\\\/entorno-empresarial\\\/#organization\"},\"potentialAction\":[{\"@type\":\"SearchAction\",\"target\":{\"@type\":\"EntryPoint\",\"urlTemplate\":\"https:\\\/\\\/coparmexjal.org.mx\\\/entorno-empresarial\\\/?s={search_term_string}\"},\"query-input\":{\"@type\":\"PropertyValueSpecification\",\"valueRequired\":true,\"valueName\":\"search_term_string\"}}],\"inLanguage\":\"es\"},{\"@type\":\"Organization\",\"@id\":\"https:\\\/\\\/coparmexjal.org.mx\\\/entorno-empresarial\\\/#organization\",\"name\":\"Coparmex Jalisco\",\"url\":\"https:\\\/\\\/coparmexjal.org.mx\\\/entorno-empresarial\\\/\",\"logo\":{\"@type\":\"ImageObject\",\"inLanguage\":\"es\",\"@id\":\"https:\\\/\\\/coparmexjal.org.mx\\\/entorno-empresarial\\\/#\\\/schema\\\/logo\\\/image\\\/\",\"url\":\"https:\\\/\\\/coparmexjal.org.mx\\\/entorno-empresarial\\\/wp-content\\\/uploads\\\/2020\\\/02\\\/logo-amp.png\",\"contentUrl\":\"https:\\\/\\\/coparmexjal.org.mx\\\/entorno-empresarial\\\/wp-content\\\/uploads\\\/2020\\\/02\\\/logo-amp.png\",\"width\":120,\"height\":90,\"caption\":\"Coparmex Jalisco\"},\"image\":{\"@id\":\"https:\\\/\\\/coparmexjal.org.mx\\\/entorno-empresarial\\\/#\\\/schema\\\/logo\\\/image\\\/\"},\"sameAs\":[\"https:\\\/\\\/facebook.com\\\/comcoparmex\",\"https:\\\/\\\/x.com\\\/comcoparmex\",\"http:\\\/\\\/instagram.com\\\/coparmexjalisco\",\"https:\\\/\\\/mx.linkedin.com\\\/company\\\/coparmex-jalisco\",\"https:\\\/\\\/www.youtube.com\\\/c\\\/CoparmexJaliscomx\"]},{\"@type\":\"Person\",\"@id\":\"https:\\\/\\\/coparmexjal.org.mx\\\/entorno-empresarial\\\/#\\\/schema\\\/person\\\/a597c883123acbc3c683e377d1028ecb\",\"name\":\"CPC. Miguel \u00c1ngel Romero Ba\u00f1uelos\",\"image\":{\"@type\":\"ImageObject\",\"inLanguage\":\"es\",\"@id\":\"https:\\\/\\\/secure.gravatar.com\\\/avatar\\\/d785f6dd668062771cb4b2af52d751de453d84987c19b8f52189e1044168839a?s=96&d=mm&r=g\",\"url\":\"https:\\\/\\\/secure.gravatar.com\\\/avatar\\\/d785f6dd668062771cb4b2af52d751de453d84987c19b8f52189e1044168839a?s=96&d=mm&r=g\",\"contentUrl\":\"https:\\\/\\\/secure.gravatar.com\\\/avatar\\\/d785f6dd668062771cb4b2af52d751de453d84987c19b8f52189e1044168839a?s=96&d=mm&r=g\",\"caption\":\"CPC. Miguel \u00c1ngel Romero Ba\u00f1uelos\"},\"url\":\"https:\\\/\\\/coparmexjal.org.mx\\\/entorno-empresarial\\\/author\\\/miguelangelromero\\\/\"}]}<\/script>\n<!-- \/ Yoast SEO plugin. -->","yoast_head_json":{"title":"Disminuci\u00f3n de pagos provisionales, un respiro al flujo de las empresas - Entorno Empresarial","description":"Puedes presentar una solicitud de autorizaci\u00f3n al SAT para disminuir el monto de los pagos provisionales del ISR.","robots":{"index":"index","follow":"follow","max-snippet":"max-snippet:-1","max-image-preview":"max-image-preview:large","max-video-preview":"max-video-preview:-1"},"canonical":"https:\/\/coparmexjal.org.mx\/entorno-empresarial\/disminucion-pagos-provisionales\/","og_locale":"es_MX","og_type":"article","og_title":"Disminuci\u00f3n de pagos provisionales, un respiro al flujo de las empresas - Entorno Empresarial","og_description":"Puedes presentar una solicitud de autorizaci\u00f3n al SAT para disminuir el monto de los pagos provisionales del ISR.","og_url":"https:\/\/coparmexjal.org.mx\/entorno-empresarial\/disminucion-pagos-provisionales\/","og_site_name":"Entorno Empresarial","article_publisher":"https:\/\/facebook.com\/comcoparmex","article_published_time":"2021-07-22T16:30:23+00:00","article_modified_time":"2022-03-22T17:46:06+00:00","og_image":[{"width":1000,"height":667,"url":"https:\/\/coparmexjal.org.mx\/entorno-empresarial\/wp-content\/uploads\/2021\/07\/businessman-checking-documents-at-table.jpg","type":"image\/jpeg"}],"author":"CPC. Miguel \u00c1ngel Romero Ba\u00f1uelos","twitter_card":"summary_large_image","twitter_creator":"@comcoparmex","twitter_site":"@comcoparmex","twitter_misc":{"Escrito por":"CPC. Miguel \u00c1ngel Romero Ba\u00f1uelos","Tiempo de lectura":"3 minutos"},"schema":{"@context":"https:\/\/schema.org","@graph":[{"@type":"Article","@id":"https:\/\/coparmexjal.org.mx\/entorno-empresarial\/disminucion-pagos-provisionales\/#article","isPartOf":{"@id":"https:\/\/coparmexjal.org.mx\/entorno-empresarial\/disminucion-pagos-provisionales\/"},"author":{"name":"CPC. Miguel \u00c1ngel Romero Ba\u00f1uelos","@id":"https:\/\/coparmexjal.org.mx\/entorno-empresarial\/#\/schema\/person\/a597c883123acbc3c683e377d1028ecb"},"headline":"Disminuci\u00f3n de pagos provisionales, un respiro al flujo de las empresas","datePublished":"2021-07-22T16:30:23+00:00","dateModified":"2022-03-22T17:46:06+00:00","mainEntityOfPage":{"@id":"https:\/\/coparmexjal.org.mx\/entorno-empresarial\/disminucion-pagos-provisionales\/"},"wordCount":561,"commentCount":0,"publisher":{"@id":"https:\/\/coparmexjal.org.mx\/entorno-empresarial\/#organization"},"image":{"@id":"https:\/\/coparmexjal.org.mx\/entorno-empresarial\/disminucion-pagos-provisionales\/#primaryimage"},"thumbnailUrl":"https:\/\/coparmexjal.org.mx\/entorno-empresarial\/wp-content\/uploads\/2021\/07\/businessman-checking-documents-at-table.jpg","keywords":["Coeficiente de Utilidad","compensaci\u00f3n","Disminuci\u00f3n pagos provisionales","ISR","Ley del Impuesto Sobre la Renta","pagos provisionales","sat"],"articleSection":["Econom\u00eda","Empresas","Fiscal"],"inLanguage":"es","potentialAction":[{"@type":"CommentAction","name":"Comment","target":["https:\/\/coparmexjal.org.mx\/entorno-empresarial\/disminucion-pagos-provisionales\/#respond"]}]},{"@type":"WebPage","@id":"https:\/\/coparmexjal.org.mx\/entorno-empresarial\/disminucion-pagos-provisionales\/","url":"https:\/\/coparmexjal.org.mx\/entorno-empresarial\/disminucion-pagos-provisionales\/","name":"Disminuci\u00f3n de pagos provisionales, un respiro al flujo de las empresas - Entorno Empresarial","isPartOf":{"@id":"https:\/\/coparmexjal.org.mx\/entorno-empresarial\/#website"},"primaryImageOfPage":{"@id":"https:\/\/coparmexjal.org.mx\/entorno-empresarial\/disminucion-pagos-provisionales\/#primaryimage"},"image":{"@id":"https:\/\/coparmexjal.org.mx\/entorno-empresarial\/disminucion-pagos-provisionales\/#primaryimage"},"thumbnailUrl":"https:\/\/coparmexjal.org.mx\/entorno-empresarial\/wp-content\/uploads\/2021\/07\/businessman-checking-documents-at-table.jpg","datePublished":"2021-07-22T16:30:23+00:00","dateModified":"2022-03-22T17:46:06+00:00","description":"Puedes presentar una solicitud de autorizaci\u00f3n al SAT para disminuir el monto de los pagos provisionales del ISR.","breadcrumb":{"@id":"https:\/\/coparmexjal.org.mx\/entorno-empresarial\/disminucion-pagos-provisionales\/#breadcrumb"},"inLanguage":"es","potentialAction":[{"@type":"ReadAction","target":["https:\/\/coparmexjal.org.mx\/entorno-empresarial\/disminucion-pagos-provisionales\/"]}]},{"@type":"ImageObject","inLanguage":"es","@id":"https:\/\/coparmexjal.org.mx\/entorno-empresarial\/disminucion-pagos-provisionales\/#primaryimage","url":"https:\/\/coparmexjal.org.mx\/entorno-empresarial\/wp-content\/uploads\/2021\/07\/businessman-checking-documents-at-table.jpg","contentUrl":"https:\/\/coparmexjal.org.mx\/entorno-empresarial\/wp-content\/uploads\/2021\/07\/businessman-checking-documents-at-table.jpg","width":1000,"height":667},{"@type":"BreadcrumbList","@id":"https:\/\/coparmexjal.org.mx\/entorno-empresarial\/disminucion-pagos-provisionales\/#breadcrumb","itemListElement":[{"@type":"ListItem","position":1,"name":"Inicio","item":"https:\/\/coparmexjal.org.mx\/entorno-empresarial\/"},{"@type":"ListItem","position":2,"name":"Disminuci\u00f3n de pagos provisionales, un respiro al flujo de las empresas"}]},{"@type":"WebSite","@id":"https:\/\/coparmexjal.org.mx\/entorno-empresarial\/#website","url":"https:\/\/coparmexjal.org.mx\/entorno-empresarial\/","name":"Revista Entorno Empresarial","description":"Coparmex Jalisco","publisher":{"@id":"https:\/\/coparmexjal.org.mx\/entorno-empresarial\/#organization"},"potentialAction":[{"@type":"SearchAction","target":{"@type":"EntryPoint","urlTemplate":"https:\/\/coparmexjal.org.mx\/entorno-empresarial\/?s={search_term_string}"},"query-input":{"@type":"PropertyValueSpecification","valueRequired":true,"valueName":"search_term_string"}}],"inLanguage":"es"},{"@type":"Organization","@id":"https:\/\/coparmexjal.org.mx\/entorno-empresarial\/#organization","name":"Coparmex Jalisco","url":"https:\/\/coparmexjal.org.mx\/entorno-empresarial\/","logo":{"@type":"ImageObject","inLanguage":"es","@id":"https:\/\/coparmexjal.org.mx\/entorno-empresarial\/#\/schema\/logo\/image\/","url":"https:\/\/coparmexjal.org.mx\/entorno-empresarial\/wp-content\/uploads\/2020\/02\/logo-amp.png","contentUrl":"https:\/\/coparmexjal.org.mx\/entorno-empresarial\/wp-content\/uploads\/2020\/02\/logo-amp.png","width":120,"height":90,"caption":"Coparmex Jalisco"},"image":{"@id":"https:\/\/coparmexjal.org.mx\/entorno-empresarial\/#\/schema\/logo\/image\/"},"sameAs":["https:\/\/facebook.com\/comcoparmex","https:\/\/x.com\/comcoparmex","http:\/\/instagram.com\/coparmexjalisco","https:\/\/mx.linkedin.com\/company\/coparmex-jalisco","https:\/\/www.youtube.com\/c\/CoparmexJaliscomx"]},{"@type":"Person","@id":"https:\/\/coparmexjal.org.mx\/entorno-empresarial\/#\/schema\/person\/a597c883123acbc3c683e377d1028ecb","name":"CPC. Miguel \u00c1ngel Romero Ba\u00f1uelos","image":{"@type":"ImageObject","inLanguage":"es","@id":"https:\/\/secure.gravatar.com\/avatar\/d785f6dd668062771cb4b2af52d751de453d84987c19b8f52189e1044168839a?s=96&d=mm&r=g","url":"https:\/\/secure.gravatar.com\/avatar\/d785f6dd668062771cb4b2af52d751de453d84987c19b8f52189e1044168839a?s=96&d=mm&r=g","contentUrl":"https:\/\/secure.gravatar.com\/avatar\/d785f6dd668062771cb4b2af52d751de453d84987c19b8f52189e1044168839a?s=96&d=mm&r=g","caption":"CPC. Miguel \u00c1ngel Romero Ba\u00f1uelos"},"url":"https:\/\/coparmexjal.org.mx\/entorno-empresarial\/author\/miguelangelromero\/"}]}},"_links":{"self":[{"href":"https:\/\/coparmexjal.org.mx\/entorno-empresarial\/wp-json\/wp\/v2\/posts\/5646","targetHints":{"allow":["GET"]}}],"collection":[{"href":"https:\/\/coparmexjal.org.mx\/entorno-empresarial\/wp-json\/wp\/v2\/posts"}],"about":[{"href":"https:\/\/coparmexjal.org.mx\/entorno-empresarial\/wp-json\/wp\/v2\/types\/post"}],"author":[{"embeddable":true,"href":"https:\/\/coparmexjal.org.mx\/entorno-empresarial\/wp-json\/wp\/v2\/users\/103"}],"replies":[{"embeddable":true,"href":"https:\/\/coparmexjal.org.mx\/entorno-empresarial\/wp-json\/wp\/v2\/comments?post=5646"}],"version-history":[{"count":1,"href":"https:\/\/coparmexjal.org.mx\/entorno-empresarial\/wp-json\/wp\/v2\/posts\/5646\/revisions"}],"predecessor-version":[{"id":5648,"href":"https:\/\/coparmexjal.org.mx\/entorno-empresarial\/wp-json\/wp\/v2\/posts\/5646\/revisions\/5648"}],"wp:featuredmedia":[{"embeddable":true,"href":"https:\/\/coparmexjal.org.mx\/entorno-empresarial\/wp-json\/wp\/v2\/media\/5647"}],"wp:attachment":[{"href":"https:\/\/coparmexjal.org.mx\/entorno-empresarial\/wp-json\/wp\/v2\/media?parent=5646"}],"wp:term":[{"taxonomy":"category","embeddable":true,"href":"https:\/\/coparmexjal.org.mx\/entorno-empresarial\/wp-json\/wp\/v2\/categories?post=5646"},{"taxonomy":"post_tag","embeddable":true,"href":"https:\/\/coparmexjal.org.mx\/entorno-empresarial\/wp-json\/wp\/v2\/tags?post=5646"}],"curies":[{"name":"wp","href":"https:\/\/api.w.org\/{rel}","templated":true}]}}