{"id":5379,"date":"2021-07-15T13:43:42","date_gmt":"2021-07-15T18:43:42","guid":{"rendered":"https:\/\/coparmexjal.org.mx\/entorno-empresarial\/?p=5379"},"modified":"2021-07-15T13:47:41","modified_gmt":"2021-07-15T18:47:41","slug":"tipos-de-contratos-laborales","status":"publish","type":"post","link":"https:\/\/coparmexjal.org.mx\/entorno-empresarial\/tipos-de-contratos-laborales\/","title":{"rendered":"Tipos de contratos laborales"},"content":{"rendered":"\n<p>El contrato de trabajo es un documento esencial en la relaci\u00f3n entre empleadores y colaboradores.. En M\u00e9xico, hasta hace unos a\u00f1os, era com\u00fan que las empresas ofrecieran contratos de palabra o contratos verbales. Para erradicar esta pr\u00e1ctica se estableci\u00f3 el contrato laboral Ley Federal de M\u00e9xico.<br>A continuaci\u00f3n te presentamos los principales tipos de contratos laborales vigentes en M\u00e9xico:<\/p>\n\n\n\n<p style=\"font-size:22px\"><strong>CONTRATO INDIVIDUAL DE TRABAJO POR TIEMPO INDETERMINADO<\/strong><\/p>\n\n\n\n<p>\u25cf No se fija un periodo determinado, no define un plazo de duraci\u00f3n, puede estar sujeto a <strong>prueba<\/strong> o a <strong>capacitaci\u00f3n inicial.<\/strong><br>\u25cf A falta de estipulaci\u00f3n expresa en cuanto a la temporalidad del contrato la relaci\u00f3n de trabajo ser\u00e1 por tiempo<strong> indeterminado.<\/strong><\/p>\n\n\n\n<p><em>Fundamento legal Art.35 de la Ley Federal del Trabajo<\/em><\/p>\n\n\n\n<div class=\"wp-block-image is-style-rounded\"><figure class=\"aligncenter size-large is-resized\"><img decoding=\"async\" src=\"https:\/\/coparmexjal.org.mx\/entorno-empresarial\/wp-content\/uploads\/2021\/07\/adeolu-eletu-DqWEAOHsAvc-unsplash-1024x678.jpg\" alt=\"\" class=\"wp-image-5473\" width=\"217\" height=\"144\" srcset=\"https:\/\/coparmexjal.org.mx\/entorno-empresarial\/wp-content\/uploads\/2021\/07\/adeolu-eletu-DqWEAOHsAvc-unsplash-1024x678.jpg 1024w, https:\/\/coparmexjal.org.mx\/entorno-empresarial\/wp-content\/uploads\/2021\/07\/adeolu-eletu-DqWEAOHsAvc-unsplash-300x199.jpg 300w, https:\/\/coparmexjal.org.mx\/entorno-empresarial\/wp-content\/uploads\/2021\/07\/adeolu-eletu-DqWEAOHsAvc-unsplash-768x509.jpg 768w, https:\/\/coparmexjal.org.mx\/entorno-empresarial\/wp-content\/uploads\/2021\/07\/adeolu-eletu-DqWEAOHsAvc-unsplash-1200x800.jpg 1200w, https:\/\/coparmexjal.org.mx\/entorno-empresarial\/wp-content\/uploads\/2021\/07\/adeolu-eletu-DqWEAOHsAvc-unsplash.jpg 1208w\" sizes=\"(max-width: 217px) 100vw, 217px\" \/><\/figure><\/div>\n\n\n\n<p style=\"font-size:22px\"><strong>CONTRATO PARA CAPACITACI\u00d3N INICIAL<\/strong><\/p>\n\n\n\n<p>\u25cf <strong>VIGENCIA: <\/strong>Duraci\u00f3n m\u00e1xima de <strong>3 meses o<\/strong> en su caso de hasta<strong> 6 meses <\/strong>s\u00f3lo cuando se trate de trabajadores para puestos de direcci\u00f3n, gerenciales y dem\u00e1s personas que ejerzan funciones de direcci\u00f3n o administraci\u00f3n en la empresa o establecimiento de car\u00e1cter general o para desempe\u00f1ar labores que requieran conocimientos profesionales especializados.<br>\u25cf <strong>TERMINACI\u00d3N LABORAL:<\/strong> Al t\u00e9rmino de la capacitaci\u00f3n inicial, <strong>de no acreditar competencia el trabajador<\/strong>, a juicio del patr\u00f3n, tomando en cuenta la opini\u00f3n de la Comisi\u00f3n Mixta de Productividad, Capacitaci\u00f3n Adiestramiento en los t\u00e9rminos de esta Ley, as\u00ed como a la naturaleza de la categor\u00eda o puesto, <strong>se dar\u00e1 por terminada la relaci\u00f3n de trabajo, sin responsabilidad para el patr\u00f3n.<\/strong><\/p>\n\n\n\n<p>\u25cf <strong>FORMALIDAD<\/strong>: El contrato debe constar por escrito garantizando la seguridad social del trabajador.<\/p>\n\n\n\n<p>\u25cf El contrato de capacitaci\u00f3n inicial es<strong> improrrogable<\/strong> no podr\u00e1n aplicarse al mismo trabajador en forma simult\u00e1nea o sucesiva, ni en m\u00e1s de una ocasi\u00f3n.<br>\u25cf Cuando concluya el periodo de capacitaci\u00f3n inicial y <strong>subsista la relaci\u00f3n de trabajo, \u00e9sta se considerar\u00e1 por tiempo indeterminado<\/strong> y el tiempo de vigencia de la capacitaci\u00f3n inicial se computar\u00e1 para efectos del c\u00e1lculo de la antig\u00fcedad.<\/p>\n\n\n\n<p><em>Fundamento legal Art.35, 39-B, 39-C, 39-D, 39-D, 39-E de la Ley Federal del Trabajo<\/em><\/p>\n\n\n\n<div class=\"wp-block-image is-style-rounded\"><figure class=\"aligncenter size-large is-resized\"><img decoding=\"async\" src=\"https:\/\/coparmexjal.org.mx\/entorno-empresarial\/wp-content\/uploads\/2021\/07\/romain-dancre-doplSDELX7E-unsplash-1024x768.jpg\" alt=\"\" class=\"wp-image-5476\" width=\"225\" height=\"169\" srcset=\"https:\/\/coparmexjal.org.mx\/entorno-empresarial\/wp-content\/uploads\/2021\/07\/romain-dancre-doplSDELX7E-unsplash-1024x768.jpg 1024w, https:\/\/coparmexjal.org.mx\/entorno-empresarial\/wp-content\/uploads\/2021\/07\/romain-dancre-doplSDELX7E-unsplash-300x225.jpg 300w, https:\/\/coparmexjal.org.mx\/entorno-empresarial\/wp-content\/uploads\/2021\/07\/romain-dancre-doplSDELX7E-unsplash-768x576.jpg 768w, https:\/\/coparmexjal.org.mx\/entorno-empresarial\/wp-content\/uploads\/2021\/07\/romain-dancre-doplSDELX7E-unsplash-1000x753.jpg 1000w, https:\/\/coparmexjal.org.mx\/entorno-empresarial\/wp-content\/uploads\/2021\/07\/romain-dancre-doplSDELX7E-unsplash.jpg 1067w\" sizes=\"(max-width: 225px) 100vw, 225px\" \/><\/figure><\/div>\n\n\n\n<p style=\"font-size:22px\"><strong>CONTRATO POR TIEMPO INDETERMINADO CON PERIODO A PRUEBA<\/strong><\/p>\n\n\n\n<p>\u25cf <strong>CUANDO:<\/strong> En las relaciones de trabajo por tiempo indeterminado o cuando excedan de ciento ochenta d\u00edas<br><strong>\u25cf VIGENCIA: <\/strong>no podr\u00e1 exceder de <strong>treinta d\u00edas o<\/strong> hasta <strong>ciento ochenta d\u00edas<\/strong>, s\u00f3lo cuando se trate de trabajadores para puestos de direcci\u00f3n, gerenciales y dem\u00e1s personas que ejerzan funciones de direcci\u00f3n o administraci\u00f3n. <\/p>\n\n\n\n<p><strong>\u25cf TERMINACI\u00d3N LABORAL:<\/strong> <strong>Al t\u00e9rmino del periodo de prueba<\/strong>, de no acreditar el trabajador que satisface los requisitos y conocimientos necesarios para desarrollar las labores, <strong>a juicio del patr\u00f3n<\/strong>, tomando en cuenta la opini\u00f3n de la <strong>Comisi\u00f3n Mixta de Productividad, Capacitaci\u00f3n y Adiestramiento<\/strong> en los t\u00e9rminos de esta Ley, as\u00ed como la naturaleza de la categor\u00eda o puesto, <strong>se dar\u00e1 por terminada la relaci\u00f3n de trabajo, sin responsabilidad para el patr\u00f3n.<\/strong><br><strong>\u25cf FORMALIDAD:<\/strong> El contrato debe constar por escrito garantizando la seguridad social del trabajador.<\/p>\n\n\n\n<p>El periodo a prueba es<strong> improrrogable<\/strong> no podr\u00e1n aplicarse periodos a prueba al mismo trabajador en forma simult\u00e1nea o sucesiva, ni en m\u00e1s de una ocasi\u00f3n.  <\/p>\n\n\n\n<p>Cuando concluya el periodo a prueba y <strong>subsista la relaci\u00f3n de trabajo<\/strong>, \u00e9sta <strong>se considerar\u00e1 por tiempo indeterminado <\/strong>y el tiempo de vigencia de la capacitaci\u00f3n inicial se computar\u00e1 para efectos del c\u00e1lculo de la antig\u00fcedad.<\/p>\n\n\n\n<p>Cuando concluya el periodo a prueba y subsista la relaci\u00f3n de trabajo, \u00e9sta se considerar\u00e1 por tiempo indeterminado y el tiempo de vigencia de la capacitaci\u00f3n inicial se computar\u00e1 para efectos del c\u00e1lculo de la antig\u00fcedad.<\/p>\n\n\n\n<p><em>Fundamento legal Art.35, 39-A, 39-C, 39-D, 39-D, 39-E de la Ley Federal del Trabajo<\/em><\/p>\n\n\n\n<div class=\"wp-block-image is-style-rounded\"><figure class=\"aligncenter size-large is-resized\"><img decoding=\"async\" src=\"https:\/\/coparmexjal.org.mx\/entorno-empresarial\/wp-content\/uploads\/2021\/07\/laptop-3196481_640.jpg\" alt=\"\" class=\"wp-image-5478\" width=\"231\" height=\"154\" srcset=\"https:\/\/coparmexjal.org.mx\/entorno-empresarial\/wp-content\/uploads\/2021\/07\/laptop-3196481_640.jpg 640w, https:\/\/coparmexjal.org.mx\/entorno-empresarial\/wp-content\/uploads\/2021\/07\/laptop-3196481_640-300x200.jpg 300w\" sizes=\"(max-width: 231px) 100vw, 231px\" \/><\/figure><\/div>\n\n\n\n<p style=\"font-size:22px\"><strong>CONTRATO POR OBRA DETERMINADA<\/strong><\/p>\n\n\n\n<p>\u25cf<strong> CUANDO:<\/strong> Puede \u00fanicamente estipularse cuando lo exija la naturaleza del trabajo<br>\u25cf <strong>VIGENCIA:<\/strong> hasta el t\u00e9rmino de la obra, Si vencido el t\u00e9rmino que se hubiese fijado subsiste la materia del trabajo, la relaci\u00f3n quedar\u00e1 prorrogada por todo el tiempo que perdure dicha circunstancia.<br>\u25cf<strong> FORMALIDAD<\/strong>: El contrato debe constar por escrito garantizando la seguridad social del trabajador.<\/p>\n\n\n\n<p><em>Fundamento legal Art. 35, 36, 39 de la Ley Federal del Trabajo<\/em><\/p>\n\n\n\n<div class=\"wp-block-image is-style-rounded\"><figure class=\"aligncenter size-large is-resized\"><img loading=\"lazy\" decoding=\"async\" src=\"https:\/\/coparmexjal.org.mx\/entorno-empresarial\/wp-content\/uploads\/2021\/07\/writing-1149962_640.jpg\" alt=\"\" class=\"wp-image-5481\" width=\"231\" height=\"154\" srcset=\"https:\/\/coparmexjal.org.mx\/entorno-empresarial\/wp-content\/uploads\/2021\/07\/writing-1149962_640.jpg 640w, https:\/\/coparmexjal.org.mx\/entorno-empresarial\/wp-content\/uploads\/2021\/07\/writing-1149962_640-300x200.jpg 300w\" sizes=\"(max-width: 231px) 100vw, 231px\" \/><\/figure><\/div>\n\n\n\n<p style=\"font-size:22px\"><strong>CONTRATO POR TIEMPO DETERMINADO<\/strong><\/p>\n\n\n\n<p>\u25cf <strong>CUANDO:<\/strong><br>I. cuando lo exija la naturaleza del trabajo<br>II. Cuando tenga por objeto substituir temporalmente a otro trabajador;<br>III. Otros casos previstos por la Ley Federal del Trabajo<br>\u25cf <strong>VIGENCIA:<\/strong> hasta el t\u00e9rmino del plazo estipulado.<br>\u25cf <strong>FORMALIDAD:<\/strong> El contrato debe constar por escrito garantizando la seguridad social del trabajador.<\/p>\n\n\n\n<p><em>Fundamento legal Art. 35, 37 de la Ley Federal del Trabajo<\/em><\/p>\n\n\n\n<div class=\"wp-block-image is-style-rounded\"><figure class=\"aligncenter size-large is-resized\"><img loading=\"lazy\" decoding=\"async\" src=\"https:\/\/coparmexjal.org.mx\/entorno-empresarial\/wp-content\/uploads\/2021\/07\/man-5710164_640.jpg\" alt=\"\" class=\"wp-image-5483\" width=\"234\" height=\"156\" srcset=\"https:\/\/coparmexjal.org.mx\/entorno-empresarial\/wp-content\/uploads\/2021\/07\/man-5710164_640.jpg 640w, https:\/\/coparmexjal.org.mx\/entorno-empresarial\/wp-content\/uploads\/2021\/07\/man-5710164_640-300x200.jpg 300w\" sizes=\"(max-width: 234px) 100vw, 234px\" \/><\/figure><\/div>\n\n\n\n<p style=\"font-size:22px\"><strong>CONTRATO POR TEMPORADA \/ LABORES DISCONTINUAS<\/strong><\/p>\n\n\n\n<p>\u25cf Las relaciones de trabajo por tiempo indeterminado ser\u00e1n continuas por regla general, pero podr\u00e1n pactarse para labores discontinuas cuando los servicios requeridos sean para labores fijas y peri\u00f3dicas de car\u00e1cter discontinuo, en los casos de actividades de temporada o que no exijan la prestaci\u00f3n de servicios toda la semana, el mes o el a\u00f1o.<br>\u25cf Los trabajadores que presten servicios bajo esta modalidad tienen los mismos derechos y<br>\u25cf obligaciones que los trabajadores por tiempo indeterminado, en proporci\u00f3n al tiempo trabajado en cada periodo.<\/p>\n\n\n\n<p><em>Fundamento legal Art. 35, 39-F de la Ley Federal del Trabajo<\/em><\/p>\n\n\n\n<div class=\"wp-block-image is-style-rounded\"><figure class=\"aligncenter size-large is-resized\"><img loading=\"lazy\" decoding=\"async\" src=\"https:\/\/coparmexjal.org.mx\/entorno-empresarial\/wp-content\/uploads\/2021\/07\/signature-3113182_640.jpg\" alt=\"\" class=\"wp-image-5486\" width=\"227\" height=\"151\" srcset=\"https:\/\/coparmexjal.org.mx\/entorno-empresarial\/wp-content\/uploads\/2021\/07\/signature-3113182_640.jpg 640w, https:\/\/coparmexjal.org.mx\/entorno-empresarial\/wp-content\/uploads\/2021\/07\/signature-3113182_640-300x200.jpg 300w\" sizes=\"(max-width: 227px) 100vw, 227px\" \/><\/figure><\/div>\n\n\n\n<p class=\"has-very-dark-gray-color has-very-light-gray-background-color has-text-color has-background\">\u00bfTe gustar\u00eda conocer m\u00e1s sobre este tema? Ingresa al Seminario en Relaciones Laborales y actualiza tus conocimientos en materia laboral de acuerdo a las normas nacionales e internacionales y desarrolla estrategias para el cumplimiento legal que eviten riesgos a tu empresa.<\/p>\n\n\n\n<div class=\"wp-block-image\"><figure class=\"aligncenter size-large is-resized\"><a href=\"https:\/\/coparmexjal.org.mx\/cpx\/cursos\/relaciones-laborales\/\"><img loading=\"lazy\" decoding=\"async\" src=\"https:\/\/coparmexjal.org.mx\/entorno-empresarial\/wp-content\/uploads\/2021\/07\/banners_seminario-1.png\" alt=\"\" class=\"wp-image-5605\" width=\"305\" height=\"203\" srcset=\"https:\/\/coparmexjal.org.mx\/entorno-empresarial\/wp-content\/uploads\/2021\/07\/banners_seminario-1.png 600w, https:\/\/coparmexjal.org.mx\/entorno-empresarial\/wp-content\/uploads\/2021\/07\/banners_seminario-1-300x200.png 300w\" sizes=\"(max-width: 305px) 100vw, 305px\" \/><\/a><\/figure><\/div>\n","protected":false},"excerpt":{"rendered":"<p>El contrato de trabajo es un documento esencial en la relaci\u00f3n entre empleadores y colaboradores.. En M\u00e9xico, hasta hace unos a\u00f1os, era com\u00fan que las empresas ofrecieran contratos de palabra o contratos verbales. Para erradicar esta pr\u00e1ctica se estableci\u00f3 el contrato laboral Ley Federal de M\u00e9xico.<\/p>\n","protected":false},"author":2,"featured_media":5456,"comment_status":"open","ping_status":"open","sticky":false,"template":"","format":"standard","meta":{"footnotes":""},"categories":[158,152],"tags":[251,713,266,941],"class_list":["post-5379","post","type-post","status-publish","format-standard","has-post-thumbnail","hentry","category-capital-humano","category-empresas","tag-capacitacion","tag-contrato","tag-laboral","tag-vigencia"],"yoast_head":"<!-- This site is optimized with the Yoast SEO plugin v27.5 - https:\/\/yoast.com\/product\/yoast-seo-wordpress\/ -->\n<title>Tipos de contratos laborales - Entorno Empresarial<\/title>\n<meta name=\"robots\" content=\"index, follow, max-snippet:-1, max-image-preview:large, max-video-preview:-1\" \/>\n<link rel=\"canonical\" href=\"https:\/\/coparmexjal.org.mx\/entorno-empresarial\/tipos-de-contratos-laborales\/\" \/>\n<meta property=\"og:locale\" content=\"es_MX\" \/>\n<meta property=\"og:type\" content=\"article\" \/>\n<meta property=\"og:title\" content=\"Tipos de contratos laborales - Entorno Empresarial\" \/>\n<meta property=\"og:description\" content=\"El contrato de trabajo es un documento esencial en la relaci\u00f3n entre empleadores y colaboradores.. En M\u00e9xico, hasta hace unos a\u00f1os, era com\u00fan que las empresas ofrecieran contratos de palabra o contratos verbales. Para erradicar esta pr\u00e1ctica se estableci\u00f3 el contrato laboral Ley Federal de M\u00e9xico.\" \/>\n<meta property=\"og:url\" content=\"https:\/\/coparmexjal.org.mx\/entorno-empresarial\/tipos-de-contratos-laborales\/\" \/>\n<meta property=\"og:site_name\" content=\"Entorno Empresarial\" \/>\n<meta property=\"article:publisher\" content=\"https:\/\/facebook.com\/comcoparmex\" \/>\n<meta property=\"article:published_time\" content=\"2021-07-15T18:43:42+00:00\" \/>\n<meta property=\"article:modified_time\" content=\"2021-07-15T18:47:41+00:00\" \/>\n<meta property=\"og:image\" content=\"https:\/\/coparmexjal.org.mx\/entorno-empresarial\/wp-content\/uploads\/2021\/07\/scott-graham-OQMZwNd3ThU-unsplash-min.jpg\" \/>\n\t<meta property=\"og:image:width\" content=\"1186\" \/>\n\t<meta property=\"og:image:height\" content=\"800\" \/>\n\t<meta property=\"og:image:type\" content=\"image\/jpeg\" \/>\n<meta name=\"author\" content=\"Coparmex Jalisco\" \/>\n<meta name=\"twitter:card\" content=\"summary_large_image\" \/>\n<meta name=\"twitter:creator\" content=\"@comcoparmex\" \/>\n<meta name=\"twitter:site\" content=\"@comcoparmex\" \/>\n<meta name=\"twitter:label1\" content=\"Escrito por\" \/>\n\t<meta name=\"twitter:data1\" content=\"Coparmex Jalisco\" \/>\n\t<meta name=\"twitter:label2\" content=\"Tiempo de lectura\" \/>\n\t<meta name=\"twitter:data2\" content=\"6 minutos\" \/>\n<script type=\"application\/ld+json\" class=\"yoast-schema-graph\">{\"@context\":\"https:\\\/\\\/schema.org\",\"@graph\":[{\"@type\":\"Article\",\"@id\":\"https:\\\/\\\/coparmexjal.org.mx\\\/entorno-empresarial\\\/tipos-de-contratos-laborales\\\/#article\",\"isPartOf\":{\"@id\":\"https:\\\/\\\/coparmexjal.org.mx\\\/entorno-empresarial\\\/tipos-de-contratos-laborales\\\/\"},\"author\":{\"name\":\"Coparmex Jalisco\",\"@id\":\"https:\\\/\\\/coparmexjal.org.mx\\\/entorno-empresarial\\\/#\\\/schema\\\/person\\\/7d1d56a9587bfb3a725cd3dbfbdb9d44\"},\"headline\":\"Tipos de contratos laborales\",\"datePublished\":\"2021-07-15T18:43:42+00:00\",\"dateModified\":\"2021-07-15T18:47:41+00:00\",\"mainEntityOfPage\":{\"@id\":\"https:\\\/\\\/coparmexjal.org.mx\\\/entorno-empresarial\\\/tipos-de-contratos-laborales\\\/\"},\"wordCount\":928,\"commentCount\":0,\"publisher\":{\"@id\":\"https:\\\/\\\/coparmexjal.org.mx\\\/entorno-empresarial\\\/#organization\"},\"image\":{\"@id\":\"https:\\\/\\\/coparmexjal.org.mx\\\/entorno-empresarial\\\/tipos-de-contratos-laborales\\\/#primaryimage\"},\"thumbnailUrl\":\"https:\\\/\\\/coparmexjal.org.mx\\\/entorno-empresarial\\\/wp-content\\\/uploads\\\/2021\\\/07\\\/scott-graham-OQMZwNd3ThU-unsplash-min.jpg\",\"keywords\":[\"capacitaci\u00f3n\",\"contrato\",\"laboral\",\"Vigencia\"],\"articleSection\":[\"Capital Humano\",\"Empresas\"],\"inLanguage\":\"es\",\"potentialAction\":[{\"@type\":\"CommentAction\",\"name\":\"Comment\",\"target\":[\"https:\\\/\\\/coparmexjal.org.mx\\\/entorno-empresarial\\\/tipos-de-contratos-laborales\\\/#respond\"]}]},{\"@type\":\"WebPage\",\"@id\":\"https:\\\/\\\/coparmexjal.org.mx\\\/entorno-empresarial\\\/tipos-de-contratos-laborales\\\/\",\"url\":\"https:\\\/\\\/coparmexjal.org.mx\\\/entorno-empresarial\\\/tipos-de-contratos-laborales\\\/\",\"name\":\"Tipos de contratos laborales - Entorno Empresarial\",\"isPartOf\":{\"@id\":\"https:\\\/\\\/coparmexjal.org.mx\\\/entorno-empresarial\\\/#website\"},\"primaryImageOfPage\":{\"@id\":\"https:\\\/\\\/coparmexjal.org.mx\\\/entorno-empresarial\\\/tipos-de-contratos-laborales\\\/#primaryimage\"},\"image\":{\"@id\":\"https:\\\/\\\/coparmexjal.org.mx\\\/entorno-empresarial\\\/tipos-de-contratos-laborales\\\/#primaryimage\"},\"thumbnailUrl\":\"https:\\\/\\\/coparmexjal.org.mx\\\/entorno-empresarial\\\/wp-content\\\/uploads\\\/2021\\\/07\\\/scott-graham-OQMZwNd3ThU-unsplash-min.jpg\",\"datePublished\":\"2021-07-15T18:43:42+00:00\",\"dateModified\":\"2021-07-15T18:47:41+00:00\",\"breadcrumb\":{\"@id\":\"https:\\\/\\\/coparmexjal.org.mx\\\/entorno-empresarial\\\/tipos-de-contratos-laborales\\\/#breadcrumb\"},\"inLanguage\":\"es\",\"potentialAction\":[{\"@type\":\"ReadAction\",\"target\":[\"https:\\\/\\\/coparmexjal.org.mx\\\/entorno-empresarial\\\/tipos-de-contratos-laborales\\\/\"]}]},{\"@type\":\"ImageObject\",\"inLanguage\":\"es\",\"@id\":\"https:\\\/\\\/coparmexjal.org.mx\\\/entorno-empresarial\\\/tipos-de-contratos-laborales\\\/#primaryimage\",\"url\":\"https:\\\/\\\/coparmexjal.org.mx\\\/entorno-empresarial\\\/wp-content\\\/uploads\\\/2021\\\/07\\\/scott-graham-OQMZwNd3ThU-unsplash-min.jpg\",\"contentUrl\":\"https:\\\/\\\/coparmexjal.org.mx\\\/entorno-empresarial\\\/wp-content\\\/uploads\\\/2021\\\/07\\\/scott-graham-OQMZwNd3ThU-unsplash-min.jpg\",\"width\":1186,\"height\":800},{\"@type\":\"BreadcrumbList\",\"@id\":\"https:\\\/\\\/coparmexjal.org.mx\\\/entorno-empresarial\\\/tipos-de-contratos-laborales\\\/#breadcrumb\",\"itemListElement\":[{\"@type\":\"ListItem\",\"position\":1,\"name\":\"Inicio\",\"item\":\"https:\\\/\\\/coparmexjal.org.mx\\\/entorno-empresarial\\\/\"},{\"@type\":\"ListItem\",\"position\":2,\"name\":\"Tipos de contratos laborales\"}]},{\"@type\":\"WebSite\",\"@id\":\"https:\\\/\\\/coparmexjal.org.mx\\\/entorno-empresarial\\\/#website\",\"url\":\"https:\\\/\\\/coparmexjal.org.mx\\\/entorno-empresarial\\\/\",\"name\":\"Revista Entorno Empresarial\",\"description\":\"Coparmex Jalisco\",\"publisher\":{\"@id\":\"https:\\\/\\\/coparmexjal.org.mx\\\/entorno-empresarial\\\/#organization\"},\"potentialAction\":[{\"@type\":\"SearchAction\",\"target\":{\"@type\":\"EntryPoint\",\"urlTemplate\":\"https:\\\/\\\/coparmexjal.org.mx\\\/entorno-empresarial\\\/?s={search_term_string}\"},\"query-input\":{\"@type\":\"PropertyValueSpecification\",\"valueRequired\":true,\"valueName\":\"search_term_string\"}}],\"inLanguage\":\"es\"},{\"@type\":\"Organization\",\"@id\":\"https:\\\/\\\/coparmexjal.org.mx\\\/entorno-empresarial\\\/#organization\",\"name\":\"Coparmex Jalisco\",\"url\":\"https:\\\/\\\/coparmexjal.org.mx\\\/entorno-empresarial\\\/\",\"logo\":{\"@type\":\"ImageObject\",\"inLanguage\":\"es\",\"@id\":\"https:\\\/\\\/coparmexjal.org.mx\\\/entorno-empresarial\\\/#\\\/schema\\\/logo\\\/image\\\/\",\"url\":\"https:\\\/\\\/coparmexjal.org.mx\\\/entorno-empresarial\\\/wp-content\\\/uploads\\\/2020\\\/02\\\/logo-amp.png\",\"contentUrl\":\"https:\\\/\\\/coparmexjal.org.mx\\\/entorno-empresarial\\\/wp-content\\\/uploads\\\/2020\\\/02\\\/logo-amp.png\",\"width\":120,\"height\":90,\"caption\":\"Coparmex Jalisco\"},\"image\":{\"@id\":\"https:\\\/\\\/coparmexjal.org.mx\\\/entorno-empresarial\\\/#\\\/schema\\\/logo\\\/image\\\/\"},\"sameAs\":[\"https:\\\/\\\/facebook.com\\\/comcoparmex\",\"https:\\\/\\\/x.com\\\/comcoparmex\",\"http:\\\/\\\/instagram.com\\\/coparmexjalisco\",\"https:\\\/\\\/mx.linkedin.com\\\/company\\\/coparmex-jalisco\",\"https:\\\/\\\/www.youtube.com\\\/c\\\/CoparmexJaliscomx\"]},{\"@type\":\"Person\",\"@id\":\"https:\\\/\\\/coparmexjal.org.mx\\\/entorno-empresarial\\\/#\\\/schema\\\/person\\\/7d1d56a9587bfb3a725cd3dbfbdb9d44\",\"name\":\"Coparmex Jalisco\",\"image\":{\"@type\":\"ImageObject\",\"inLanguage\":\"es\",\"@id\":\"https:\\\/\\\/coparmexjal.org.mx\\\/entorno-empresarial\\\/wp-content\\\/uploads\\\/2020\\\/06\\\/favicon-150x133.png\",\"url\":\"https:\\\/\\\/coparmexjal.org.mx\\\/entorno-empresarial\\\/wp-content\\\/uploads\\\/2020\\\/06\\\/favicon-150x133.png\",\"contentUrl\":\"https:\\\/\\\/coparmexjal.org.mx\\\/entorno-empresarial\\\/wp-content\\\/uploads\\\/2020\\\/06\\\/favicon-150x133.png\",\"caption\":\"Coparmex Jalisco\"},\"url\":\"https:\\\/\\\/coparmexjal.org.mx\\\/entorno-empresarial\\\/author\\\/coparmexjalisco\\\/\"}]}<\/script>\n<!-- \/ Yoast SEO plugin. -->","yoast_head_json":{"title":"Tipos de contratos laborales - Entorno Empresarial","robots":{"index":"index","follow":"follow","max-snippet":"max-snippet:-1","max-image-preview":"max-image-preview:large","max-video-preview":"max-video-preview:-1"},"canonical":"https:\/\/coparmexjal.org.mx\/entorno-empresarial\/tipos-de-contratos-laborales\/","og_locale":"es_MX","og_type":"article","og_title":"Tipos de contratos laborales - Entorno Empresarial","og_description":"El contrato de trabajo es un documento esencial en la relaci\u00f3n entre empleadores y colaboradores.. En M\u00e9xico, hasta hace unos a\u00f1os, era com\u00fan que las empresas ofrecieran contratos de palabra o contratos verbales. Para erradicar esta pr\u00e1ctica se estableci\u00f3 el contrato laboral Ley Federal de M\u00e9xico.","og_url":"https:\/\/coparmexjal.org.mx\/entorno-empresarial\/tipos-de-contratos-laborales\/","og_site_name":"Entorno Empresarial","article_publisher":"https:\/\/facebook.com\/comcoparmex","article_published_time":"2021-07-15T18:43:42+00:00","article_modified_time":"2021-07-15T18:47:41+00:00","og_image":[{"width":1186,"height":800,"url":"https:\/\/coparmexjal.org.mx\/entorno-empresarial\/wp-content\/uploads\/2021\/07\/scott-graham-OQMZwNd3ThU-unsplash-min.jpg","type":"image\/jpeg"}],"author":"Coparmex Jalisco","twitter_card":"summary_large_image","twitter_creator":"@comcoparmex","twitter_site":"@comcoparmex","twitter_misc":{"Escrito por":"Coparmex Jalisco","Tiempo de lectura":"6 minutos"},"schema":{"@context":"https:\/\/schema.org","@graph":[{"@type":"Article","@id":"https:\/\/coparmexjal.org.mx\/entorno-empresarial\/tipos-de-contratos-laborales\/#article","isPartOf":{"@id":"https:\/\/coparmexjal.org.mx\/entorno-empresarial\/tipos-de-contratos-laborales\/"},"author":{"name":"Coparmex Jalisco","@id":"https:\/\/coparmexjal.org.mx\/entorno-empresarial\/#\/schema\/person\/7d1d56a9587bfb3a725cd3dbfbdb9d44"},"headline":"Tipos de contratos laborales","datePublished":"2021-07-15T18:43:42+00:00","dateModified":"2021-07-15T18:47:41+00:00","mainEntityOfPage":{"@id":"https:\/\/coparmexjal.org.mx\/entorno-empresarial\/tipos-de-contratos-laborales\/"},"wordCount":928,"commentCount":0,"publisher":{"@id":"https:\/\/coparmexjal.org.mx\/entorno-empresarial\/#organization"},"image":{"@id":"https:\/\/coparmexjal.org.mx\/entorno-empresarial\/tipos-de-contratos-laborales\/#primaryimage"},"thumbnailUrl":"https:\/\/coparmexjal.org.mx\/entorno-empresarial\/wp-content\/uploads\/2021\/07\/scott-graham-OQMZwNd3ThU-unsplash-min.jpg","keywords":["capacitaci\u00f3n","contrato","laboral","Vigencia"],"articleSection":["Capital Humano","Empresas"],"inLanguage":"es","potentialAction":[{"@type":"CommentAction","name":"Comment","target":["https:\/\/coparmexjal.org.mx\/entorno-empresarial\/tipos-de-contratos-laborales\/#respond"]}]},{"@type":"WebPage","@id":"https:\/\/coparmexjal.org.mx\/entorno-empresarial\/tipos-de-contratos-laborales\/","url":"https:\/\/coparmexjal.org.mx\/entorno-empresarial\/tipos-de-contratos-laborales\/","name":"Tipos de contratos laborales - Entorno Empresarial","isPartOf":{"@id":"https:\/\/coparmexjal.org.mx\/entorno-empresarial\/#website"},"primaryImageOfPage":{"@id":"https:\/\/coparmexjal.org.mx\/entorno-empresarial\/tipos-de-contratos-laborales\/#primaryimage"},"image":{"@id":"https:\/\/coparmexjal.org.mx\/entorno-empresarial\/tipos-de-contratos-laborales\/#primaryimage"},"thumbnailUrl":"https:\/\/coparmexjal.org.mx\/entorno-empresarial\/wp-content\/uploads\/2021\/07\/scott-graham-OQMZwNd3ThU-unsplash-min.jpg","datePublished":"2021-07-15T18:43:42+00:00","dateModified":"2021-07-15T18:47:41+00:00","breadcrumb":{"@id":"https:\/\/coparmexjal.org.mx\/entorno-empresarial\/tipos-de-contratos-laborales\/#breadcrumb"},"inLanguage":"es","potentialAction":[{"@type":"ReadAction","target":["https:\/\/coparmexjal.org.mx\/entorno-empresarial\/tipos-de-contratos-laborales\/"]}]},{"@type":"ImageObject","inLanguage":"es","@id":"https:\/\/coparmexjal.org.mx\/entorno-empresarial\/tipos-de-contratos-laborales\/#primaryimage","url":"https:\/\/coparmexjal.org.mx\/entorno-empresarial\/wp-content\/uploads\/2021\/07\/scott-graham-OQMZwNd3ThU-unsplash-min.jpg","contentUrl":"https:\/\/coparmexjal.org.mx\/entorno-empresarial\/wp-content\/uploads\/2021\/07\/scott-graham-OQMZwNd3ThU-unsplash-min.jpg","width":1186,"height":800},{"@type":"BreadcrumbList","@id":"https:\/\/coparmexjal.org.mx\/entorno-empresarial\/tipos-de-contratos-laborales\/#breadcrumb","itemListElement":[{"@type":"ListItem","position":1,"name":"Inicio","item":"https:\/\/coparmexjal.org.mx\/entorno-empresarial\/"},{"@type":"ListItem","position":2,"name":"Tipos de contratos laborales"}]},{"@type":"WebSite","@id":"https:\/\/coparmexjal.org.mx\/entorno-empresarial\/#website","url":"https:\/\/coparmexjal.org.mx\/entorno-empresarial\/","name":"Revista Entorno Empresarial","description":"Coparmex Jalisco","publisher":{"@id":"https:\/\/coparmexjal.org.mx\/entorno-empresarial\/#organization"},"potentialAction":[{"@type":"SearchAction","target":{"@type":"EntryPoint","urlTemplate":"https:\/\/coparmexjal.org.mx\/entorno-empresarial\/?s={search_term_string}"},"query-input":{"@type":"PropertyValueSpecification","valueRequired":true,"valueName":"search_term_string"}}],"inLanguage":"es"},{"@type":"Organization","@id":"https:\/\/coparmexjal.org.mx\/entorno-empresarial\/#organization","name":"Coparmex Jalisco","url":"https:\/\/coparmexjal.org.mx\/entorno-empresarial\/","logo":{"@type":"ImageObject","inLanguage":"es","@id":"https:\/\/coparmexjal.org.mx\/entorno-empresarial\/#\/schema\/logo\/image\/","url":"https:\/\/coparmexjal.org.mx\/entorno-empresarial\/wp-content\/uploads\/2020\/02\/logo-amp.png","contentUrl":"https:\/\/coparmexjal.org.mx\/entorno-empresarial\/wp-content\/uploads\/2020\/02\/logo-amp.png","width":120,"height":90,"caption":"Coparmex Jalisco"},"image":{"@id":"https:\/\/coparmexjal.org.mx\/entorno-empresarial\/#\/schema\/logo\/image\/"},"sameAs":["https:\/\/facebook.com\/comcoparmex","https:\/\/x.com\/comcoparmex","http:\/\/instagram.com\/coparmexjalisco","https:\/\/mx.linkedin.com\/company\/coparmex-jalisco","https:\/\/www.youtube.com\/c\/CoparmexJaliscomx"]},{"@type":"Person","@id":"https:\/\/coparmexjal.org.mx\/entorno-empresarial\/#\/schema\/person\/7d1d56a9587bfb3a725cd3dbfbdb9d44","name":"Coparmex Jalisco","image":{"@type":"ImageObject","inLanguage":"es","@id":"https:\/\/coparmexjal.org.mx\/entorno-empresarial\/wp-content\/uploads\/2020\/06\/favicon-150x133.png","url":"https:\/\/coparmexjal.org.mx\/entorno-empresarial\/wp-content\/uploads\/2020\/06\/favicon-150x133.png","contentUrl":"https:\/\/coparmexjal.org.mx\/entorno-empresarial\/wp-content\/uploads\/2020\/06\/favicon-150x133.png","caption":"Coparmex Jalisco"},"url":"https:\/\/coparmexjal.org.mx\/entorno-empresarial\/author\/coparmexjalisco\/"}]}},"_links":{"self":[{"href":"https:\/\/coparmexjal.org.mx\/entorno-empresarial\/wp-json\/wp\/v2\/posts\/5379","targetHints":{"allow":["GET"]}}],"collection":[{"href":"https:\/\/coparmexjal.org.mx\/entorno-empresarial\/wp-json\/wp\/v2\/posts"}],"about":[{"href":"https:\/\/coparmexjal.org.mx\/entorno-empresarial\/wp-json\/wp\/v2\/types\/post"}],"author":[{"embeddable":true,"href":"https:\/\/coparmexjal.org.mx\/entorno-empresarial\/wp-json\/wp\/v2\/users\/2"}],"replies":[{"embeddable":true,"href":"https:\/\/coparmexjal.org.mx\/entorno-empresarial\/wp-json\/wp\/v2\/comments?post=5379"}],"version-history":[{"count":39,"href":"https:\/\/coparmexjal.org.mx\/entorno-empresarial\/wp-json\/wp\/v2\/posts\/5379\/revisions"}],"predecessor-version":[{"id":5608,"href":"https:\/\/coparmexjal.org.mx\/entorno-empresarial\/wp-json\/wp\/v2\/posts\/5379\/revisions\/5608"}],"wp:featuredmedia":[{"embeddable":true,"href":"https:\/\/coparmexjal.org.mx\/entorno-empresarial\/wp-json\/wp\/v2\/media\/5456"}],"wp:attachment":[{"href":"https:\/\/coparmexjal.org.mx\/entorno-empresarial\/wp-json\/wp\/v2\/media?parent=5379"}],"wp:term":[{"taxonomy":"category","embeddable":true,"href":"https:\/\/coparmexjal.org.mx\/entorno-empresarial\/wp-json\/wp\/v2\/categories?post=5379"},{"taxonomy":"post_tag","embeddable":true,"href":"https:\/\/coparmexjal.org.mx\/entorno-empresarial\/wp-json\/wp\/v2\/tags?post=5379"}],"curies":[{"name":"wp","href":"https:\/\/api.w.org\/{rel}","templated":true}]}}