{"id":5346,"date":"2021-07-13T11:48:14","date_gmt":"2021-07-13T16:48:14","guid":{"rendered":"https:\/\/coparmexjal.org.mx\/entorno-empresarial\/?p=5346"},"modified":"2021-07-13T11:49:06","modified_gmt":"2021-07-13T16:49:06","slug":"por-que-las-y-los-colaboradores-no-se-comprometen","status":"publish","type":"post","link":"https:\/\/coparmexjal.org.mx\/entorno-empresarial\/por-que-las-y-los-colaboradores-no-se-comprometen\/","title":{"rendered":"\u00bfPor qu\u00e9 las y los colaboradores no se comprometen?"},"content":{"rendered":"\n<p>Primeramente, habr\u00e1 que desmentir una creencia; <strong>el compromiso con la empresa es decisi\u00f3n de cada persona, pero es responsabilidad de la empresa y sus l\u00edderes promoverla<\/strong>.<br><br>Muchas veces como l\u00edderes, asumimos que los colaboradores deben sentirse comprometidos con la empresa por el hecho de que \u201cse les da trabajo\u201d o porque \u201cse les paga un sueldo\u201d. Es totalmente err\u00f3neo pensar as\u00ed. Es por ello, que aqu\u00ed te compartimos 6 consejos para aumentar el compromiso de tus colaboradores:<br>Asegurarse de cubrir necesidades personales:<\/p>\n\n\n\n<p>Como referencia, seg\u00fan un estudio de Hay Group,<strong> M\u00e9xico se sit\u00faa entre los pa\u00edses con mayor desigualdad en el pago de salarios<\/strong>. Una Direcci\u00f3n puede ganar hasta 11.3 veces m\u00e1s que una persona que reci\u00e9n se incorpora a la empresa. A diferencia de pa\u00edses como Noruega que la brecha es de solo 2.6 veces m\u00e1s.<br>Debemos entender que ning\u00fan colaborador se va a comprometer con la empresa si no cubre sus necesidades b\u00e1sicas y de su familia (vestimenta, alimento, transporte, etc.)<\/p>\n\n\n\n<p><strong>Respetar su tiempo<\/strong><br>Parece absurdo que se diga, pero los colaboradores son personas y esto implica que su vida va mucho m\u00e1s all\u00e1 de su trabajo, este es solo una parte de su vida. Esto implica que sean puntuales con su horario de entrada y salida, que se reconozca su derecho a desconectarse y no atender pendientes fuera de su horario de trabajo. <br>Cabe resaltar que un colaborador \u201cque se pone la camiseta\u201d no es necesariamente el que trabaja horas extras sin pago. Un colaborador comprometido es aquel que promueve los valores de la empresa, que est\u00e1 dispuesto a apoyar a sus compa\u00f1eros y que habla bien de la empresa a\u00fan fuera<br>de esta.<\/p>\n\n\n\n<figure class=\"wp-block-image size-large is-resized\"><img fetchpriority=\"high\" decoding=\"async\" src=\"https:\/\/coparmexjal.org.mx\/entorno-empresarial\/wp-content\/uploads\/2021\/07\/sid-leigh-YxqLwUeS0Bs-unsplash-1024x683.jpg\" alt=\"\" class=\"wp-image-5350\" width=\"411\" height=\"274\" srcset=\"https:\/\/coparmexjal.org.mx\/entorno-empresarial\/wp-content\/uploads\/2021\/07\/sid-leigh-YxqLwUeS0Bs-unsplash-1024x683.jpg 1024w, https:\/\/coparmexjal.org.mx\/entorno-empresarial\/wp-content\/uploads\/2021\/07\/sid-leigh-YxqLwUeS0Bs-unsplash-300x200.jpg 300w, https:\/\/coparmexjal.org.mx\/entorno-empresarial\/wp-content\/uploads\/2021\/07\/sid-leigh-YxqLwUeS0Bs-unsplash-768x512.jpg 768w, https:\/\/coparmexjal.org.mx\/entorno-empresarial\/wp-content\/uploads\/2021\/07\/sid-leigh-YxqLwUeS0Bs-unsplash.jpg 1200w\" sizes=\"(max-width: 411px) 100vw, 411px\" \/><\/figure>\n\n\n\n<p><strong>Nunca asumir que es suficiente<\/strong><br>Es com\u00fan escuchar a empresarias y empresarios de pymes que no entienden c\u00f3mo su equipo no se compromete s\u00ed gracias a ellos reciben un buen sueldo.<br><strong>Decir que los colaboradores deben comprometerse con la empresa gracias a los \u201cbeneficios\u201d, es como decir que el compromiso se compra.<\/strong><br>T\u00fa, como due\u00f1a o due\u00f1o seguramente quisieras mejorar cada d\u00eda, tener un mejor carro, viajar m\u00e1s, una mejor atenci\u00f3n m\u00e9dica etc. Tus colaboradores y colaboradoras buscan lo mismo, es por eso que nunca ser\u00e1 suficiente lo que tu empresa les puede dar.<br>Esto no quiere decir que tengas que invertir dinero que no tienes o que tengas que destinar mucho tiempo, la capacidad de la empresa para desarrollar a sus colaboradores es proporcional al desarrollo de la empresa misma.<\/p>\n\n\n\n<div class=\"wp-block-image\"><figure class=\"alignright size-large is-resized\"><img decoding=\"async\" src=\"https:\/\/coparmexjal.org.mx\/entorno-empresarial\/wp-content\/uploads\/2021\/07\/austin-distel-wD1LRb9OeEo-unsplash-1-2-1024x768.jpg\" alt=\"\" class=\"wp-image-5353\" width=\"461\" height=\"346\" srcset=\"https:\/\/coparmexjal.org.mx\/entorno-empresarial\/wp-content\/uploads\/2021\/07\/austin-distel-wD1LRb9OeEo-unsplash-1-2-1024x768.jpg 1024w, https:\/\/coparmexjal.org.mx\/entorno-empresarial\/wp-content\/uploads\/2021\/07\/austin-distel-wD1LRb9OeEo-unsplash-1-2-300x225.jpg 300w, https:\/\/coparmexjal.org.mx\/entorno-empresarial\/wp-content\/uploads\/2021\/07\/austin-distel-wD1LRb9OeEo-unsplash-1-2-768x576.jpg 768w, https:\/\/coparmexjal.org.mx\/entorno-empresarial\/wp-content\/uploads\/2021\/07\/austin-distel-wD1LRb9OeEo-unsplash-1-2-1000x753.jpg 1000w, https:\/\/coparmexjal.org.mx\/entorno-empresarial\/wp-content\/uploads\/2021\/07\/austin-distel-wD1LRb9OeEo-unsplash-1-2.jpg 1067w\" sizes=\"(max-width: 461px) 100vw, 461px\" \/><\/figure><\/div>\n\n\n\n<p><strong>Ser claros y transparentes<\/strong><br>La mayor motivaci\u00f3n que puedes ofrecer a tus colaboradores es aquella que no es en dinero.<\/p>\n\n\n\n<p>Trata de ser claro y tener por escrito las expectativas que tiene la empresa de cada puesto de<br>trabajo. Recuerda que las metas deben ser claras y alcanzables, si mides el desempe\u00f1o de forma<br>precisa le dar\u00e1 seguridad y certidumbre al personal, de lo contrario solo causar\u00eda frustraci\u00f3n<br>Es por eso que la transparencia y la claridad son grandes fuentes de motivaci\u00f3n.<\/p>\n\n\n\n<p><strong>Reconocer los logros<\/strong><br>Este punto se relaciona con el anterior. Ya dijimos que el <strong>reconocimiento econ\u00f3mico no es<br>necesariamente un motivante<\/strong>, sin embargo, imagina esta situaci\u00f3n:<br>Tu colaborador solicita un aumento de sueldo y la empresa se lo da sin m\u00e1s, \u00bfQu\u00e9 mensaje crees<br>que reciba ese colaborador? En contraste, solicita un aumento de sueldo, juntos revisan el logro<br>de sus metas, sus indicadores y desempe\u00f1o, resulta que va muy bien por lo cual se autoriza el<br>aumento.<br>Es responsabilidad de la empresa ser claros y transparentes, ya que esto har\u00e1 que el colaborador<br>sea recompensado o no, con base en evaluaciones claras. Esta es la mejor f\u00f3rmula para crear<br>compromiso en los colaboradores.<\/p>\n\n\n\n<div class=\"wp-block-image\"><figure class=\"alignright size-large is-resized\"><img decoding=\"async\" src=\"https:\/\/coparmexjal.org.mx\/entorno-empresarial\/wp-content\/uploads\/2021\/07\/sebastian-herrmann-NbtIDoFKGO8-unsplash-1-1024x683.jpg\" alt=\"\" class=\"wp-image-5355\" width=\"440\" height=\"294\" srcset=\"https:\/\/coparmexjal.org.mx\/entorno-empresarial\/wp-content\/uploads\/2021\/07\/sebastian-herrmann-NbtIDoFKGO8-unsplash-1-1024x683.jpg 1024w, https:\/\/coparmexjal.org.mx\/entorno-empresarial\/wp-content\/uploads\/2021\/07\/sebastian-herrmann-NbtIDoFKGO8-unsplash-1-300x200.jpg 300w, https:\/\/coparmexjal.org.mx\/entorno-empresarial\/wp-content\/uploads\/2021\/07\/sebastian-herrmann-NbtIDoFKGO8-unsplash-1-768x512.jpg 768w, https:\/\/coparmexjal.org.mx\/entorno-empresarial\/wp-content\/uploads\/2021\/07\/sebastian-herrmann-NbtIDoFKGO8-unsplash-1.jpg 1200w\" sizes=\"(max-width: 440px) 100vw, 440px\" \/><\/figure><\/div>\n\n\n\n<p><strong>Beneficios adicionales.<\/strong><br>Por \u00faltimo y quiz\u00e1s el punto m\u00e1s obvio, es contar con prestaciones y beneficios por encima de los de ley, esto complementa los puntos anteriores.<br>Estos beneficios no siempre implican una inversi\u00f3n de dinero, sin embargo, considera que ir\u00e1n de acuerdo a la capacidad de la empresa. Algunas ideas son: Horarios flexibles, guarder\u00eda, d\u00edas libres, desarrollo de carreras profesionales, formaci\u00f3n que no se relacione con el puesto de trabajo, reconocimiento del trabajo bien hecho.<br>Por \u00faltimo, no est\u00e1 de m\u00e1s mencionar que, as\u00ed como compites en la industria en la cual trabajas tambi\u00e9n compites en un mercado laboral muy importante. Para que el personal se sienta comprometido y permanezca contigo, debe tener claro las ventajas que tiene trabajar en tu empresa por sobre todas las dem\u00e1s. \u00bfT\u00fa lo tienes claro?<br>Si deseas conocer m\u00e1s de estos temas y crear un sistema que dote de claridad y transparencia, en Coparmex Jalisco contamos con diferentes programas que te facilitar\u00e1n la implementaci\u00f3n.<\/p>\n","protected":false},"excerpt":{"rendered":"<p>Muchas veces como l\u00edderes, asumimos que los colaboradores deben sentirse comprometidos con la empresa por el hecho de que \u201cse les da trabajo\u201d o porque \u201cse les paga un sueldo\u201d<\/p>\n","protected":false},"author":2,"featured_media":5347,"comment_status":"open","ping_status":"open","sticky":false,"template":"","format":"standard","meta":{"footnotes":""},"categories":[158,152],"tags":[280,383,936,935],"class_list":["post-5346","post","type-post","status-publish","format-standard","has-post-thumbnail","hentry","category-capital-humano","category-empresas","tag-beneficios","tag-compromiso","tag-lideres","tag-reconocimiento"],"yoast_head":"<!-- This site is optimized with the Yoast SEO plugin v27.5 - https:\/\/yoast.com\/product\/yoast-seo-wordpress\/ -->\n<title>\u00bfPor qu\u00e9 las y los colaboradores no se comprometen? - Entorno Empresarial<\/title>\n<meta name=\"robots\" content=\"index, follow, max-snippet:-1, max-image-preview:large, max-video-preview:-1\" \/>\n<link rel=\"canonical\" href=\"https:\/\/coparmexjal.org.mx\/entorno-empresarial\/por-que-las-y-los-colaboradores-no-se-comprometen\/\" \/>\n<meta property=\"og:locale\" content=\"es_MX\" \/>\n<meta property=\"og:type\" content=\"article\" \/>\n<meta property=\"og:title\" content=\"\u00bfPor qu\u00e9 las y los colaboradores no se comprometen? - Entorno Empresarial\" \/>\n<meta property=\"og:description\" content=\"Muchas veces como l\u00edderes, asumimos que los colaboradores deben sentirse comprometidos con la empresa por el hecho de que \u201cse les da trabajo\u201d o porque \u201cse les paga un sueldo\u201d\" \/>\n<meta property=\"og:url\" content=\"https:\/\/coparmexjal.org.mx\/entorno-empresarial\/por-que-las-y-los-colaboradores-no-se-comprometen\/\" \/>\n<meta property=\"og:site_name\" content=\"Entorno Empresarial\" \/>\n<meta property=\"article:publisher\" content=\"https:\/\/facebook.com\/comcoparmex\" \/>\n<meta property=\"article:published_time\" content=\"2021-07-13T16:48:14+00:00\" \/>\n<meta property=\"article:modified_time\" content=\"2021-07-13T16:49:06+00:00\" \/>\n<meta property=\"og:image\" content=\"https:\/\/coparmexjal.org.mx\/entorno-empresarial\/wp-content\/uploads\/2021\/07\/sebastian-herrmann-oMpknr7yi7g-unsplash.jpg\" \/>\n\t<meta property=\"og:image:width\" content=\"1200\" \/>\n\t<meta property=\"og:image:height\" content=\"800\" \/>\n\t<meta property=\"og:image:type\" content=\"image\/jpeg\" \/>\n<meta name=\"author\" content=\"Coparmex Jalisco\" \/>\n<meta name=\"twitter:card\" content=\"summary_large_image\" \/>\n<meta name=\"twitter:creator\" content=\"@comcoparmex\" \/>\n<meta name=\"twitter:site\" content=\"@comcoparmex\" \/>\n<meta name=\"twitter:label1\" content=\"Escrito por\" \/>\n\t<meta name=\"twitter:data1\" content=\"Coparmex Jalisco\" \/>\n\t<meta name=\"twitter:label2\" content=\"Tiempo de lectura\" \/>\n\t<meta name=\"twitter:data2\" content=\"4 minutos\" \/>\n<script type=\"application\/ld+json\" class=\"yoast-schema-graph\">{\"@context\":\"https:\\\/\\\/schema.org\",\"@graph\":[{\"@type\":\"Article\",\"@id\":\"https:\\\/\\\/coparmexjal.org.mx\\\/entorno-empresarial\\\/por-que-las-y-los-colaboradores-no-se-comprometen\\\/#article\",\"isPartOf\":{\"@id\":\"https:\\\/\\\/coparmexjal.org.mx\\\/entorno-empresarial\\\/por-que-las-y-los-colaboradores-no-se-comprometen\\\/\"},\"author\":{\"name\":\"Coparmex Jalisco\",\"@id\":\"https:\\\/\\\/coparmexjal.org.mx\\\/entorno-empresarial\\\/#\\\/schema\\\/person\\\/7d1d56a9587bfb3a725cd3dbfbdb9d44\"},\"headline\":\"\u00bfPor qu\u00e9 las y los colaboradores no se comprometen?\",\"datePublished\":\"2021-07-13T16:48:14+00:00\",\"dateModified\":\"2021-07-13T16:49:06+00:00\",\"mainEntityOfPage\":{\"@id\":\"https:\\\/\\\/coparmexjal.org.mx\\\/entorno-empresarial\\\/por-que-las-y-los-colaboradores-no-se-comprometen\\\/\"},\"wordCount\":810,\"commentCount\":0,\"publisher\":{\"@id\":\"https:\\\/\\\/coparmexjal.org.mx\\\/entorno-empresarial\\\/#organization\"},\"image\":{\"@id\":\"https:\\\/\\\/coparmexjal.org.mx\\\/entorno-empresarial\\\/por-que-las-y-los-colaboradores-no-se-comprometen\\\/#primaryimage\"},\"thumbnailUrl\":\"https:\\\/\\\/coparmexjal.org.mx\\\/entorno-empresarial\\\/wp-content\\\/uploads\\\/2021\\\/07\\\/sebastian-herrmann-oMpknr7yi7g-unsplash.jpg\",\"keywords\":[\"beneficios\",\"compromiso\",\"L\u00edderes\",\"Reconocimiento\"],\"articleSection\":[\"Capital Humano\",\"Empresas\"],\"inLanguage\":\"es\",\"potentialAction\":[{\"@type\":\"CommentAction\",\"name\":\"Comment\",\"target\":[\"https:\\\/\\\/coparmexjal.org.mx\\\/entorno-empresarial\\\/por-que-las-y-los-colaboradores-no-se-comprometen\\\/#respond\"]}]},{\"@type\":\"WebPage\",\"@id\":\"https:\\\/\\\/coparmexjal.org.mx\\\/entorno-empresarial\\\/por-que-las-y-los-colaboradores-no-se-comprometen\\\/\",\"url\":\"https:\\\/\\\/coparmexjal.org.mx\\\/entorno-empresarial\\\/por-que-las-y-los-colaboradores-no-se-comprometen\\\/\",\"name\":\"\u00bfPor qu\u00e9 las y los colaboradores no se comprometen? - Entorno Empresarial\",\"isPartOf\":{\"@id\":\"https:\\\/\\\/coparmexjal.org.mx\\\/entorno-empresarial\\\/#website\"},\"primaryImageOfPage\":{\"@id\":\"https:\\\/\\\/coparmexjal.org.mx\\\/entorno-empresarial\\\/por-que-las-y-los-colaboradores-no-se-comprometen\\\/#primaryimage\"},\"image\":{\"@id\":\"https:\\\/\\\/coparmexjal.org.mx\\\/entorno-empresarial\\\/por-que-las-y-los-colaboradores-no-se-comprometen\\\/#primaryimage\"},\"thumbnailUrl\":\"https:\\\/\\\/coparmexjal.org.mx\\\/entorno-empresarial\\\/wp-content\\\/uploads\\\/2021\\\/07\\\/sebastian-herrmann-oMpknr7yi7g-unsplash.jpg\",\"datePublished\":\"2021-07-13T16:48:14+00:00\",\"dateModified\":\"2021-07-13T16:49:06+00:00\",\"breadcrumb\":{\"@id\":\"https:\\\/\\\/coparmexjal.org.mx\\\/entorno-empresarial\\\/por-que-las-y-los-colaboradores-no-se-comprometen\\\/#breadcrumb\"},\"inLanguage\":\"es\",\"potentialAction\":[{\"@type\":\"ReadAction\",\"target\":[\"https:\\\/\\\/coparmexjal.org.mx\\\/entorno-empresarial\\\/por-que-las-y-los-colaboradores-no-se-comprometen\\\/\"]}]},{\"@type\":\"ImageObject\",\"inLanguage\":\"es\",\"@id\":\"https:\\\/\\\/coparmexjal.org.mx\\\/entorno-empresarial\\\/por-que-las-y-los-colaboradores-no-se-comprometen\\\/#primaryimage\",\"url\":\"https:\\\/\\\/coparmexjal.org.mx\\\/entorno-empresarial\\\/wp-content\\\/uploads\\\/2021\\\/07\\\/sebastian-herrmann-oMpknr7yi7g-unsplash.jpg\",\"contentUrl\":\"https:\\\/\\\/coparmexjal.org.mx\\\/entorno-empresarial\\\/wp-content\\\/uploads\\\/2021\\\/07\\\/sebastian-herrmann-oMpknr7yi7g-unsplash.jpg\",\"width\":1200,\"height\":800},{\"@type\":\"BreadcrumbList\",\"@id\":\"https:\\\/\\\/coparmexjal.org.mx\\\/entorno-empresarial\\\/por-que-las-y-los-colaboradores-no-se-comprometen\\\/#breadcrumb\",\"itemListElement\":[{\"@type\":\"ListItem\",\"position\":1,\"name\":\"Inicio\",\"item\":\"https:\\\/\\\/coparmexjal.org.mx\\\/entorno-empresarial\\\/\"},{\"@type\":\"ListItem\",\"position\":2,\"name\":\"\u00bfPor qu\u00e9 las y los colaboradores no se comprometen?\"}]},{\"@type\":\"WebSite\",\"@id\":\"https:\\\/\\\/coparmexjal.org.mx\\\/entorno-empresarial\\\/#website\",\"url\":\"https:\\\/\\\/coparmexjal.org.mx\\\/entorno-empresarial\\\/\",\"name\":\"Revista Entorno Empresarial\",\"description\":\"Coparmex Jalisco\",\"publisher\":{\"@id\":\"https:\\\/\\\/coparmexjal.org.mx\\\/entorno-empresarial\\\/#organization\"},\"potentialAction\":[{\"@type\":\"SearchAction\",\"target\":{\"@type\":\"EntryPoint\",\"urlTemplate\":\"https:\\\/\\\/coparmexjal.org.mx\\\/entorno-empresarial\\\/?s={search_term_string}\"},\"query-input\":{\"@type\":\"PropertyValueSpecification\",\"valueRequired\":true,\"valueName\":\"search_term_string\"}}],\"inLanguage\":\"es\"},{\"@type\":\"Organization\",\"@id\":\"https:\\\/\\\/coparmexjal.org.mx\\\/entorno-empresarial\\\/#organization\",\"name\":\"Coparmex Jalisco\",\"url\":\"https:\\\/\\\/coparmexjal.org.mx\\\/entorno-empresarial\\\/\",\"logo\":{\"@type\":\"ImageObject\",\"inLanguage\":\"es\",\"@id\":\"https:\\\/\\\/coparmexjal.org.mx\\\/entorno-empresarial\\\/#\\\/schema\\\/logo\\\/image\\\/\",\"url\":\"https:\\\/\\\/coparmexjal.org.mx\\\/entorno-empresarial\\\/wp-content\\\/uploads\\\/2020\\\/02\\\/logo-amp.png\",\"contentUrl\":\"https:\\\/\\\/coparmexjal.org.mx\\\/entorno-empresarial\\\/wp-content\\\/uploads\\\/2020\\\/02\\\/logo-amp.png\",\"width\":120,\"height\":90,\"caption\":\"Coparmex Jalisco\"},\"image\":{\"@id\":\"https:\\\/\\\/coparmexjal.org.mx\\\/entorno-empresarial\\\/#\\\/schema\\\/logo\\\/image\\\/\"},\"sameAs\":[\"https:\\\/\\\/facebook.com\\\/comcoparmex\",\"https:\\\/\\\/x.com\\\/comcoparmex\",\"http:\\\/\\\/instagram.com\\\/coparmexjalisco\",\"https:\\\/\\\/mx.linkedin.com\\\/company\\\/coparmex-jalisco\",\"https:\\\/\\\/www.youtube.com\\\/c\\\/CoparmexJaliscomx\"]},{\"@type\":\"Person\",\"@id\":\"https:\\\/\\\/coparmexjal.org.mx\\\/entorno-empresarial\\\/#\\\/schema\\\/person\\\/7d1d56a9587bfb3a725cd3dbfbdb9d44\",\"name\":\"Coparmex Jalisco\",\"image\":{\"@type\":\"ImageObject\",\"inLanguage\":\"es\",\"@id\":\"https:\\\/\\\/coparmexjal.org.mx\\\/entorno-empresarial\\\/wp-content\\\/uploads\\\/2020\\\/06\\\/favicon-150x133.png\",\"url\":\"https:\\\/\\\/coparmexjal.org.mx\\\/entorno-empresarial\\\/wp-content\\\/uploads\\\/2020\\\/06\\\/favicon-150x133.png\",\"contentUrl\":\"https:\\\/\\\/coparmexjal.org.mx\\\/entorno-empresarial\\\/wp-content\\\/uploads\\\/2020\\\/06\\\/favicon-150x133.png\",\"caption\":\"Coparmex Jalisco\"},\"url\":\"https:\\\/\\\/coparmexjal.org.mx\\\/entorno-empresarial\\\/author\\\/coparmexjalisco\\\/\"}]}<\/script>\n<!-- \/ Yoast SEO plugin. -->","yoast_head_json":{"title":"\u00bfPor qu\u00e9 las y los colaboradores no se comprometen? - Entorno Empresarial","robots":{"index":"index","follow":"follow","max-snippet":"max-snippet:-1","max-image-preview":"max-image-preview:large","max-video-preview":"max-video-preview:-1"},"canonical":"https:\/\/coparmexjal.org.mx\/entorno-empresarial\/por-que-las-y-los-colaboradores-no-se-comprometen\/","og_locale":"es_MX","og_type":"article","og_title":"\u00bfPor qu\u00e9 las y los colaboradores no se comprometen? - Entorno Empresarial","og_description":"Muchas veces como l\u00edderes, asumimos que los colaboradores deben sentirse comprometidos con la empresa por el hecho de que \u201cse les da trabajo\u201d o porque \u201cse les paga un sueldo\u201d","og_url":"https:\/\/coparmexjal.org.mx\/entorno-empresarial\/por-que-las-y-los-colaboradores-no-se-comprometen\/","og_site_name":"Entorno Empresarial","article_publisher":"https:\/\/facebook.com\/comcoparmex","article_published_time":"2021-07-13T16:48:14+00:00","article_modified_time":"2021-07-13T16:49:06+00:00","og_image":[{"width":1200,"height":800,"url":"https:\/\/coparmexjal.org.mx\/entorno-empresarial\/wp-content\/uploads\/2021\/07\/sebastian-herrmann-oMpknr7yi7g-unsplash.jpg","type":"image\/jpeg"}],"author":"Coparmex Jalisco","twitter_card":"summary_large_image","twitter_creator":"@comcoparmex","twitter_site":"@comcoparmex","twitter_misc":{"Escrito por":"Coparmex Jalisco","Tiempo de lectura":"4 minutos"},"schema":{"@context":"https:\/\/schema.org","@graph":[{"@type":"Article","@id":"https:\/\/coparmexjal.org.mx\/entorno-empresarial\/por-que-las-y-los-colaboradores-no-se-comprometen\/#article","isPartOf":{"@id":"https:\/\/coparmexjal.org.mx\/entorno-empresarial\/por-que-las-y-los-colaboradores-no-se-comprometen\/"},"author":{"name":"Coparmex Jalisco","@id":"https:\/\/coparmexjal.org.mx\/entorno-empresarial\/#\/schema\/person\/7d1d56a9587bfb3a725cd3dbfbdb9d44"},"headline":"\u00bfPor qu\u00e9 las y los colaboradores no se comprometen?","datePublished":"2021-07-13T16:48:14+00:00","dateModified":"2021-07-13T16:49:06+00:00","mainEntityOfPage":{"@id":"https:\/\/coparmexjal.org.mx\/entorno-empresarial\/por-que-las-y-los-colaboradores-no-se-comprometen\/"},"wordCount":810,"commentCount":0,"publisher":{"@id":"https:\/\/coparmexjal.org.mx\/entorno-empresarial\/#organization"},"image":{"@id":"https:\/\/coparmexjal.org.mx\/entorno-empresarial\/por-que-las-y-los-colaboradores-no-se-comprometen\/#primaryimage"},"thumbnailUrl":"https:\/\/coparmexjal.org.mx\/entorno-empresarial\/wp-content\/uploads\/2021\/07\/sebastian-herrmann-oMpknr7yi7g-unsplash.jpg","keywords":["beneficios","compromiso","L\u00edderes","Reconocimiento"],"articleSection":["Capital Humano","Empresas"],"inLanguage":"es","potentialAction":[{"@type":"CommentAction","name":"Comment","target":["https:\/\/coparmexjal.org.mx\/entorno-empresarial\/por-que-las-y-los-colaboradores-no-se-comprometen\/#respond"]}]},{"@type":"WebPage","@id":"https:\/\/coparmexjal.org.mx\/entorno-empresarial\/por-que-las-y-los-colaboradores-no-se-comprometen\/","url":"https:\/\/coparmexjal.org.mx\/entorno-empresarial\/por-que-las-y-los-colaboradores-no-se-comprometen\/","name":"\u00bfPor qu\u00e9 las y los colaboradores no se comprometen? - Entorno Empresarial","isPartOf":{"@id":"https:\/\/coparmexjal.org.mx\/entorno-empresarial\/#website"},"primaryImageOfPage":{"@id":"https:\/\/coparmexjal.org.mx\/entorno-empresarial\/por-que-las-y-los-colaboradores-no-se-comprometen\/#primaryimage"},"image":{"@id":"https:\/\/coparmexjal.org.mx\/entorno-empresarial\/por-que-las-y-los-colaboradores-no-se-comprometen\/#primaryimage"},"thumbnailUrl":"https:\/\/coparmexjal.org.mx\/entorno-empresarial\/wp-content\/uploads\/2021\/07\/sebastian-herrmann-oMpknr7yi7g-unsplash.jpg","datePublished":"2021-07-13T16:48:14+00:00","dateModified":"2021-07-13T16:49:06+00:00","breadcrumb":{"@id":"https:\/\/coparmexjal.org.mx\/entorno-empresarial\/por-que-las-y-los-colaboradores-no-se-comprometen\/#breadcrumb"},"inLanguage":"es","potentialAction":[{"@type":"ReadAction","target":["https:\/\/coparmexjal.org.mx\/entorno-empresarial\/por-que-las-y-los-colaboradores-no-se-comprometen\/"]}]},{"@type":"ImageObject","inLanguage":"es","@id":"https:\/\/coparmexjal.org.mx\/entorno-empresarial\/por-que-las-y-los-colaboradores-no-se-comprometen\/#primaryimage","url":"https:\/\/coparmexjal.org.mx\/entorno-empresarial\/wp-content\/uploads\/2021\/07\/sebastian-herrmann-oMpknr7yi7g-unsplash.jpg","contentUrl":"https:\/\/coparmexjal.org.mx\/entorno-empresarial\/wp-content\/uploads\/2021\/07\/sebastian-herrmann-oMpknr7yi7g-unsplash.jpg","width":1200,"height":800},{"@type":"BreadcrumbList","@id":"https:\/\/coparmexjal.org.mx\/entorno-empresarial\/por-que-las-y-los-colaboradores-no-se-comprometen\/#breadcrumb","itemListElement":[{"@type":"ListItem","position":1,"name":"Inicio","item":"https:\/\/coparmexjal.org.mx\/entorno-empresarial\/"},{"@type":"ListItem","position":2,"name":"\u00bfPor qu\u00e9 las y los colaboradores no se comprometen?"}]},{"@type":"WebSite","@id":"https:\/\/coparmexjal.org.mx\/entorno-empresarial\/#website","url":"https:\/\/coparmexjal.org.mx\/entorno-empresarial\/","name":"Revista Entorno Empresarial","description":"Coparmex Jalisco","publisher":{"@id":"https:\/\/coparmexjal.org.mx\/entorno-empresarial\/#organization"},"potentialAction":[{"@type":"SearchAction","target":{"@type":"EntryPoint","urlTemplate":"https:\/\/coparmexjal.org.mx\/entorno-empresarial\/?s={search_term_string}"},"query-input":{"@type":"PropertyValueSpecification","valueRequired":true,"valueName":"search_term_string"}}],"inLanguage":"es"},{"@type":"Organization","@id":"https:\/\/coparmexjal.org.mx\/entorno-empresarial\/#organization","name":"Coparmex Jalisco","url":"https:\/\/coparmexjal.org.mx\/entorno-empresarial\/","logo":{"@type":"ImageObject","inLanguage":"es","@id":"https:\/\/coparmexjal.org.mx\/entorno-empresarial\/#\/schema\/logo\/image\/","url":"https:\/\/coparmexjal.org.mx\/entorno-empresarial\/wp-content\/uploads\/2020\/02\/logo-amp.png","contentUrl":"https:\/\/coparmexjal.org.mx\/entorno-empresarial\/wp-content\/uploads\/2020\/02\/logo-amp.png","width":120,"height":90,"caption":"Coparmex Jalisco"},"image":{"@id":"https:\/\/coparmexjal.org.mx\/entorno-empresarial\/#\/schema\/logo\/image\/"},"sameAs":["https:\/\/facebook.com\/comcoparmex","https:\/\/x.com\/comcoparmex","http:\/\/instagram.com\/coparmexjalisco","https:\/\/mx.linkedin.com\/company\/coparmex-jalisco","https:\/\/www.youtube.com\/c\/CoparmexJaliscomx"]},{"@type":"Person","@id":"https:\/\/coparmexjal.org.mx\/entorno-empresarial\/#\/schema\/person\/7d1d56a9587bfb3a725cd3dbfbdb9d44","name":"Coparmex Jalisco","image":{"@type":"ImageObject","inLanguage":"es","@id":"https:\/\/coparmexjal.org.mx\/entorno-empresarial\/wp-content\/uploads\/2020\/06\/favicon-150x133.png","url":"https:\/\/coparmexjal.org.mx\/entorno-empresarial\/wp-content\/uploads\/2020\/06\/favicon-150x133.png","contentUrl":"https:\/\/coparmexjal.org.mx\/entorno-empresarial\/wp-content\/uploads\/2020\/06\/favicon-150x133.png","caption":"Coparmex Jalisco"},"url":"https:\/\/coparmexjal.org.mx\/entorno-empresarial\/author\/coparmexjalisco\/"}]}},"_links":{"self":[{"href":"https:\/\/coparmexjal.org.mx\/entorno-empresarial\/wp-json\/wp\/v2\/posts\/5346","targetHints":{"allow":["GET"]}}],"collection":[{"href":"https:\/\/coparmexjal.org.mx\/entorno-empresarial\/wp-json\/wp\/v2\/posts"}],"about":[{"href":"https:\/\/coparmexjal.org.mx\/entorno-empresarial\/wp-json\/wp\/v2\/types\/post"}],"author":[{"embeddable":true,"href":"https:\/\/coparmexjal.org.mx\/entorno-empresarial\/wp-json\/wp\/v2\/users\/2"}],"replies":[{"embeddable":true,"href":"https:\/\/coparmexjal.org.mx\/entorno-empresarial\/wp-json\/wp\/v2\/comments?post=5346"}],"version-history":[{"count":5,"href":"https:\/\/coparmexjal.org.mx\/entorno-empresarial\/wp-json\/wp\/v2\/posts\/5346\/revisions"}],"predecessor-version":[{"id":5555,"href":"https:\/\/coparmexjal.org.mx\/entorno-empresarial\/wp-json\/wp\/v2\/posts\/5346\/revisions\/5555"}],"wp:featuredmedia":[{"embeddable":true,"href":"https:\/\/coparmexjal.org.mx\/entorno-empresarial\/wp-json\/wp\/v2\/media\/5347"}],"wp:attachment":[{"href":"https:\/\/coparmexjal.org.mx\/entorno-empresarial\/wp-json\/wp\/v2\/media?parent=5346"}],"wp:term":[{"taxonomy":"category","embeddable":true,"href":"https:\/\/coparmexjal.org.mx\/entorno-empresarial\/wp-json\/wp\/v2\/categories?post=5346"},{"taxonomy":"post_tag","embeddable":true,"href":"https:\/\/coparmexjal.org.mx\/entorno-empresarial\/wp-json\/wp\/v2\/tags?post=5346"}],"curies":[{"name":"wp","href":"https:\/\/api.w.org\/{rel}","templated":true}]}}