{"id":5330,"date":"2021-07-01T16:51:09","date_gmt":"2021-07-01T21:51:09","guid":{"rendered":"https:\/\/coparmexjal.org.mx\/entorno-empresarial\/?p=5330"},"modified":"2021-07-01T16:51:16","modified_gmt":"2021-07-01T21:51:16","slug":"debilitamiento-institucional-e-inseguridad-los-grandes-pendientes-del-gobierno-federal","status":"publish","type":"post","link":"https:\/\/coparmexjal.org.mx\/entorno-empresarial\/debilitamiento-institucional-e-inseguridad-los-grandes-pendientes-del-gobierno-federal\/","title":{"rendered":"Debilitamiento institucional e inseguridad los grandes pendientes del gobierno federal"},"content":{"rendered":"\n<p>En Coparmex hemos sido promotores de la evaluaci\u00f3n y medici\u00f3n, en este sentido y con el \u00e1nimo de sumar y construir en pro del desarrollo, nuestra instituci\u00f3n gener\u00f3 un <strong>balance con las \u00e1reas de oportunidad, riesgos, as\u00ed como de los aciertos de la actual administraci\u00f3n federal.<\/strong><\/p>\n\n\n\n<p><strong><u>Avances<\/u><\/strong><\/p>\n\n\n\n<ul class=\"wp-block-list\"><li>Fortalecimiento del poder adquisitivo a trav\u00e9s del Salario M\u00ednimo General, esfuerzo logrado en conjunto con el sector empresarial y en donde Coparmex ha sido un impulsor importante.<\/li><li>Reforma al Sistema de Pensiones, poniendo al centro al colaborador, logro conseguido con la colaboraci\u00f3n de sindicatos y empresarios.\u00a0<\/li><li>Ampliaci\u00f3n en el padr\u00f3n de adultos mayores, sector vulnerable de la poblaci\u00f3n.<\/li><li>Control de las finanzas p\u00fablicas y el endeudamiento.<\/li><li>Poner al centro la lucha contra corrupci\u00f3n, sin embargo, consideramos que a\u00fan falta una estrategia clara que vaya m\u00e1s all\u00e1 del discurso.<\/li><li>Sentar las bases de un sistema de gobierno menos opulento, pero al igual que la corrupci\u00f3n es un tema que se queda a medias en la ejecuci\u00f3n.<\/li><\/ul>\n\n\n\n<p><strong><u>\u00c1reas de oportunidad<\/u><\/strong><\/p>\n\n\n\n<ul class=\"wp-block-list\"><li>Mejorar la ejecuci\u00f3n la estrategia de combate a la corrupci\u00f3n y generar investigaciones apegadas a derecho, con independencia y sin fines pol\u00edticos.<\/li><li>Generar una estrategia educativa que responda a las necesidades que necesitan los alumnos y el sector productivo, con proyecciones a futuro y tomando como base la digital los ajustes por la pandemia.<\/li><li>Diversificar los proyectos de inversi\u00f3n p\u00fablica y aplicarlos a distintas regiones del pa\u00eds, evitando la concentraci\u00f3n de inversi\u00f3n regional con fines pol\u00edticos.<\/li><li>Evaluar el impacto real de programas sociales, apegado a criterios financieros, t\u00e9cnicos, pero sobre todo sociales y no solo como instrumento pol\u00edtico.<\/li><\/ul>\n\n\n\n<p><strong><u>Riesgos<\/u><\/strong><\/p>\n\n\n\n<ul class=\"wp-block-list\"><li>Debilitamiento de la econom\u00eda del pa\u00eds por distintos factores entre los que destacan: escaso apoyo a empresas sobre todo a aquellas micro y peque\u00f1as, desaparici\u00f3n de organismos que promov\u00edan la inversi\u00f3n y el emprendimiento, as\u00ed como la inexistencia de la pol\u00edtica de emprendimiento, innovaci\u00f3n y competitividad.<\/li><li>Reformas fiscales sin el suficiente estudio t\u00e9cnico ni focalizaci\u00f3n, situaci\u00f3n que genera un estigma a todas las empresas.<\/li><li>Aumento en los contratos p\u00fablicos asignados por adjudicaci\u00f3n directa, los cuales han alcanzado cerca del 75% de las compras totales.<\/li><li>Consultas p\u00fablicas con fines pol\u00edticos y sin criterios t\u00e9cnicos y objetivos.<\/li><li>Eliminaci\u00f3n de fideicomisos para la promoci\u00f3n de la ciencia, deporte y los relacionados de apoyo a desastres.<\/li><li>Pol\u00edtica energ\u00e9tica sin sustentabilidad y basada en combustibles f\u00f3siles.<\/li><li>Acusaciones, intervenci\u00f3n y debilitamiento operativo y financiero de instituciones y organismos aut\u00f3nomos.<\/li><li>Retraso en el abasto de medicamentos para el c\u00e1ncer.<\/li><li>Crisis de inseguridad sin una estrategia clara hasta el momento.<\/li><li>Sistema de salud p\u00fablica debilitado.<\/li><\/ul>\n\n\n\n<p><strong>Posicionamiento<\/strong><\/p>\n\n\n\n<p>En Coparmex siempre hemos sido <strong>cr\u00edticos del actuar de los gobiernos<\/strong>, por lo cual hacemos un llamado a las autoridades federales para mejorar las \u00e1reas de oportunidad y riesgo de manera coordinada y abierta con los expertos, sociedad civil e iniciativa privada.<\/p>\n\n\n\n<p>En nuestra instituci\u00f3n estaremos <strong>abiertos a la comunicaci\u00f3n y al trabajo colaborativo<\/strong> para mejorar los niveles de desarrollo en nuestro pa\u00eds y atender los efectos negativos que la pandemia ha dejado en la salud, econom\u00eda y tejido social en general.<\/p>\n\n\n\n<p>Estamos a la mitad de la actual administraci\u00f3n y a\u00fan <strong>es tiempo para rectificar el camino <\/strong>y comenzar a gobernar para todas y todos los que habitamos en M\u00e9xico. Como sociedad hemos demostrado estar a la altura de las circunstancias como lo vimos el pasado 6 junio con unas elecciones con participaci\u00f3n y en paz.<\/p>\n","protected":false},"excerpt":{"rendered":"<p>En Coparmex hemos sido promotores de la evaluaci\u00f3n y medici\u00f3n, en este sentido y con el \u00e1nimo de sumar y construir en pro del desarrollo, nuestra instituci\u00f3n gener\u00f3 un balance con las \u00e1reas de oportunidad, riesgos, as\u00ed como de los aciertos de la actual administraci\u00f3n federal.<\/p>\n","protected":false},"author":2,"featured_media":5331,"comment_status":"open","ping_status":"open","sticky":false,"template":"","format":"standard","meta":{"footnotes":""},"categories":[348],"tags":[928,927,929,700,930,931],"class_list":["post-5330","post","type-post","status-publish","format-standard","has-post-thumbnail","hentry","category-noticias","tag-andres-manuel-lopez-obrador","tag-balance-de-gobierno","tag-finanzas-publicas","tag-gobierno-federal","tag-inseguridad","tag-inversion-publica"],"yoast_head":"<!-- This site is optimized with the Yoast SEO plugin v27.5 - https:\/\/yoast.com\/product\/yoast-seo-wordpress\/ -->\n<title>Debilitamiento institucional e inseguridad los grandes pendientes del gobierno federal - Entorno Empresarial<\/title>\n<meta name=\"robots\" content=\"index, follow, max-snippet:-1, max-image-preview:large, max-video-preview:-1\" \/>\n<link rel=\"canonical\" href=\"https:\/\/coparmexjal.org.mx\/entorno-empresarial\/debilitamiento-institucional-e-inseguridad-los-grandes-pendientes-del-gobierno-federal\/\" \/>\n<meta property=\"og:locale\" content=\"es_MX\" \/>\n<meta property=\"og:type\" content=\"article\" \/>\n<meta property=\"og:title\" content=\"Debilitamiento institucional e inseguridad los grandes pendientes del gobierno federal - Entorno Empresarial\" \/>\n<meta property=\"og:description\" content=\"En Coparmex hemos sido promotores de la evaluaci\u00f3n y medici\u00f3n, en este sentido y con el \u00e1nimo de sumar y construir en pro del desarrollo, nuestra instituci\u00f3n gener\u00f3 un balance con las \u00e1reas de oportunidad, riesgos, as\u00ed como de los aciertos de la actual administraci\u00f3n federal.\" \/>\n<meta property=\"og:url\" content=\"https:\/\/coparmexjal.org.mx\/entorno-empresarial\/debilitamiento-institucional-e-inseguridad-los-grandes-pendientes-del-gobierno-federal\/\" \/>\n<meta property=\"og:site_name\" content=\"Entorno Empresarial\" \/>\n<meta property=\"article:publisher\" content=\"https:\/\/facebook.com\/comcoparmex\" \/>\n<meta property=\"article:published_time\" content=\"2021-07-01T21:51:09+00:00\" \/>\n<meta property=\"article:modified_time\" content=\"2021-07-01T21:51:16+00:00\" \/>\n<meta property=\"og:image\" content=\"https:\/\/coparmexjal.org.mx\/entorno-empresarial\/wp-content\/uploads\/2021\/07\/photo-1585464231875-d9ef1f5ad396.jpg\" \/>\n\t<meta property=\"og:image:width\" content=\"750\" \/>\n\t<meta property=\"og:image:height\" content=\"500\" \/>\n\t<meta property=\"og:image:type\" content=\"image\/jpeg\" \/>\n<meta name=\"author\" content=\"Coparmex Jalisco\" \/>\n<meta name=\"twitter:card\" content=\"summary_large_image\" \/>\n<meta name=\"twitter:creator\" content=\"@comcoparmex\" \/>\n<meta name=\"twitter:site\" content=\"@comcoparmex\" \/>\n<meta name=\"twitter:label1\" content=\"Escrito por\" \/>\n\t<meta name=\"twitter:data1\" content=\"Coparmex Jalisco\" \/>\n\t<meta name=\"twitter:label2\" content=\"Tiempo de lectura\" \/>\n\t<meta name=\"twitter:data2\" content=\"3 minutos\" \/>\n<script type=\"application\/ld+json\" class=\"yoast-schema-graph\">{\"@context\":\"https:\\\/\\\/schema.org\",\"@graph\":[{\"@type\":\"Article\",\"@id\":\"https:\\\/\\\/coparmexjal.org.mx\\\/entorno-empresarial\\\/debilitamiento-institucional-e-inseguridad-los-grandes-pendientes-del-gobierno-federal\\\/#article\",\"isPartOf\":{\"@id\":\"https:\\\/\\\/coparmexjal.org.mx\\\/entorno-empresarial\\\/debilitamiento-institucional-e-inseguridad-los-grandes-pendientes-del-gobierno-federal\\\/\"},\"author\":{\"name\":\"Coparmex Jalisco\",\"@id\":\"https:\\\/\\\/coparmexjal.org.mx\\\/entorno-empresarial\\\/#\\\/schema\\\/person\\\/7d1d56a9587bfb3a725cd3dbfbdb9d44\"},\"headline\":\"Debilitamiento institucional e inseguridad los grandes pendientes del gobierno federal\",\"datePublished\":\"2021-07-01T21:51:09+00:00\",\"dateModified\":\"2021-07-01T21:51:16+00:00\",\"mainEntityOfPage\":{\"@id\":\"https:\\\/\\\/coparmexjal.org.mx\\\/entorno-empresarial\\\/debilitamiento-institucional-e-inseguridad-los-grandes-pendientes-del-gobierno-federal\\\/\"},\"wordCount\":628,\"commentCount\":0,\"publisher\":{\"@id\":\"https:\\\/\\\/coparmexjal.org.mx\\\/entorno-empresarial\\\/#organization\"},\"image\":{\"@id\":\"https:\\\/\\\/coparmexjal.org.mx\\\/entorno-empresarial\\\/debilitamiento-institucional-e-inseguridad-los-grandes-pendientes-del-gobierno-federal\\\/#primaryimage\"},\"thumbnailUrl\":\"https:\\\/\\\/coparmexjal.org.mx\\\/entorno-empresarial\\\/wp-content\\\/uploads\\\/2021\\\/07\\\/photo-1585464231875-d9ef1f5ad396.jpg\",\"keywords\":[\"Andr\u00e9s Manuel L\u00f3pez Obrador\",\"Balance de gobierno\",\"Finanzas P\u00fablicas\",\"Gobierno Federal\",\"Inseguridad\",\"Inversi\u00f3n P\u00fablica\"],\"articleSection\":[\"Noticias\"],\"inLanguage\":\"es\",\"potentialAction\":[{\"@type\":\"CommentAction\",\"name\":\"Comment\",\"target\":[\"https:\\\/\\\/coparmexjal.org.mx\\\/entorno-empresarial\\\/debilitamiento-institucional-e-inseguridad-los-grandes-pendientes-del-gobierno-federal\\\/#respond\"]}]},{\"@type\":\"WebPage\",\"@id\":\"https:\\\/\\\/coparmexjal.org.mx\\\/entorno-empresarial\\\/debilitamiento-institucional-e-inseguridad-los-grandes-pendientes-del-gobierno-federal\\\/\",\"url\":\"https:\\\/\\\/coparmexjal.org.mx\\\/entorno-empresarial\\\/debilitamiento-institucional-e-inseguridad-los-grandes-pendientes-del-gobierno-federal\\\/\",\"name\":\"Debilitamiento institucional e inseguridad los grandes pendientes del gobierno federal - Entorno Empresarial\",\"isPartOf\":{\"@id\":\"https:\\\/\\\/coparmexjal.org.mx\\\/entorno-empresarial\\\/#website\"},\"primaryImageOfPage\":{\"@id\":\"https:\\\/\\\/coparmexjal.org.mx\\\/entorno-empresarial\\\/debilitamiento-institucional-e-inseguridad-los-grandes-pendientes-del-gobierno-federal\\\/#primaryimage\"},\"image\":{\"@id\":\"https:\\\/\\\/coparmexjal.org.mx\\\/entorno-empresarial\\\/debilitamiento-institucional-e-inseguridad-los-grandes-pendientes-del-gobierno-federal\\\/#primaryimage\"},\"thumbnailUrl\":\"https:\\\/\\\/coparmexjal.org.mx\\\/entorno-empresarial\\\/wp-content\\\/uploads\\\/2021\\\/07\\\/photo-1585464231875-d9ef1f5ad396.jpg\",\"datePublished\":\"2021-07-01T21:51:09+00:00\",\"dateModified\":\"2021-07-01T21:51:16+00:00\",\"breadcrumb\":{\"@id\":\"https:\\\/\\\/coparmexjal.org.mx\\\/entorno-empresarial\\\/debilitamiento-institucional-e-inseguridad-los-grandes-pendientes-del-gobierno-federal\\\/#breadcrumb\"},\"inLanguage\":\"es\",\"potentialAction\":[{\"@type\":\"ReadAction\",\"target\":[\"https:\\\/\\\/coparmexjal.org.mx\\\/entorno-empresarial\\\/debilitamiento-institucional-e-inseguridad-los-grandes-pendientes-del-gobierno-federal\\\/\"]}]},{\"@type\":\"ImageObject\",\"inLanguage\":\"es\",\"@id\":\"https:\\\/\\\/coparmexjal.org.mx\\\/entorno-empresarial\\\/debilitamiento-institucional-e-inseguridad-los-grandes-pendientes-del-gobierno-federal\\\/#primaryimage\",\"url\":\"https:\\\/\\\/coparmexjal.org.mx\\\/entorno-empresarial\\\/wp-content\\\/uploads\\\/2021\\\/07\\\/photo-1585464231875-d9ef1f5ad396.jpg\",\"contentUrl\":\"https:\\\/\\\/coparmexjal.org.mx\\\/entorno-empresarial\\\/wp-content\\\/uploads\\\/2021\\\/07\\\/photo-1585464231875-d9ef1f5ad396.jpg\",\"width\":750,\"height\":500,\"caption\":\"Balance 3 a\u00f1os AMLO\"},{\"@type\":\"BreadcrumbList\",\"@id\":\"https:\\\/\\\/coparmexjal.org.mx\\\/entorno-empresarial\\\/debilitamiento-institucional-e-inseguridad-los-grandes-pendientes-del-gobierno-federal\\\/#breadcrumb\",\"itemListElement\":[{\"@type\":\"ListItem\",\"position\":1,\"name\":\"Inicio\",\"item\":\"https:\\\/\\\/coparmexjal.org.mx\\\/entorno-empresarial\\\/\"},{\"@type\":\"ListItem\",\"position\":2,\"name\":\"Debilitamiento institucional e inseguridad los grandes pendientes del gobierno federal\"}]},{\"@type\":\"WebSite\",\"@id\":\"https:\\\/\\\/coparmexjal.org.mx\\\/entorno-empresarial\\\/#website\",\"url\":\"https:\\\/\\\/coparmexjal.org.mx\\\/entorno-empresarial\\\/\",\"name\":\"Revista Entorno Empresarial\",\"description\":\"Coparmex Jalisco\",\"publisher\":{\"@id\":\"https:\\\/\\\/coparmexjal.org.mx\\\/entorno-empresarial\\\/#organization\"},\"potentialAction\":[{\"@type\":\"SearchAction\",\"target\":{\"@type\":\"EntryPoint\",\"urlTemplate\":\"https:\\\/\\\/coparmexjal.org.mx\\\/entorno-empresarial\\\/?s={search_term_string}\"},\"query-input\":{\"@type\":\"PropertyValueSpecification\",\"valueRequired\":true,\"valueName\":\"search_term_string\"}}],\"inLanguage\":\"es\"},{\"@type\":\"Organization\",\"@id\":\"https:\\\/\\\/coparmexjal.org.mx\\\/entorno-empresarial\\\/#organization\",\"name\":\"Coparmex Jalisco\",\"url\":\"https:\\\/\\\/coparmexjal.org.mx\\\/entorno-empresarial\\\/\",\"logo\":{\"@type\":\"ImageObject\",\"inLanguage\":\"es\",\"@id\":\"https:\\\/\\\/coparmexjal.org.mx\\\/entorno-empresarial\\\/#\\\/schema\\\/logo\\\/image\\\/\",\"url\":\"https:\\\/\\\/coparmexjal.org.mx\\\/entorno-empresarial\\\/wp-content\\\/uploads\\\/2020\\\/02\\\/logo-amp.png\",\"contentUrl\":\"https:\\\/\\\/coparmexjal.org.mx\\\/entorno-empresarial\\\/wp-content\\\/uploads\\\/2020\\\/02\\\/logo-amp.png\",\"width\":120,\"height\":90,\"caption\":\"Coparmex Jalisco\"},\"image\":{\"@id\":\"https:\\\/\\\/coparmexjal.org.mx\\\/entorno-empresarial\\\/#\\\/schema\\\/logo\\\/image\\\/\"},\"sameAs\":[\"https:\\\/\\\/facebook.com\\\/comcoparmex\",\"https:\\\/\\\/x.com\\\/comcoparmex\",\"http:\\\/\\\/instagram.com\\\/coparmexjalisco\",\"https:\\\/\\\/mx.linkedin.com\\\/company\\\/coparmex-jalisco\",\"https:\\\/\\\/www.youtube.com\\\/c\\\/CoparmexJaliscomx\"]},{\"@type\":\"Person\",\"@id\":\"https:\\\/\\\/coparmexjal.org.mx\\\/entorno-empresarial\\\/#\\\/schema\\\/person\\\/7d1d56a9587bfb3a725cd3dbfbdb9d44\",\"name\":\"Coparmex Jalisco\",\"image\":{\"@type\":\"ImageObject\",\"inLanguage\":\"es\",\"@id\":\"https:\\\/\\\/coparmexjal.org.mx\\\/entorno-empresarial\\\/wp-content\\\/uploads\\\/2020\\\/06\\\/favicon-150x133.png\",\"url\":\"https:\\\/\\\/coparmexjal.org.mx\\\/entorno-empresarial\\\/wp-content\\\/uploads\\\/2020\\\/06\\\/favicon-150x133.png\",\"contentUrl\":\"https:\\\/\\\/coparmexjal.org.mx\\\/entorno-empresarial\\\/wp-content\\\/uploads\\\/2020\\\/06\\\/favicon-150x133.png\",\"caption\":\"Coparmex Jalisco\"},\"url\":\"https:\\\/\\\/coparmexjal.org.mx\\\/entorno-empresarial\\\/author\\\/coparmexjalisco\\\/\"}]}<\/script>\n<!-- \/ Yoast SEO plugin. -->","yoast_head_json":{"title":"Debilitamiento institucional e inseguridad los grandes pendientes del gobierno federal - Entorno Empresarial","robots":{"index":"index","follow":"follow","max-snippet":"max-snippet:-1","max-image-preview":"max-image-preview:large","max-video-preview":"max-video-preview:-1"},"canonical":"https:\/\/coparmexjal.org.mx\/entorno-empresarial\/debilitamiento-institucional-e-inseguridad-los-grandes-pendientes-del-gobierno-federal\/","og_locale":"es_MX","og_type":"article","og_title":"Debilitamiento institucional e inseguridad los grandes pendientes del gobierno federal - Entorno Empresarial","og_description":"En Coparmex hemos sido promotores de la evaluaci\u00f3n y medici\u00f3n, en este sentido y con el \u00e1nimo de sumar y construir en pro del desarrollo, nuestra instituci\u00f3n gener\u00f3 un balance con las \u00e1reas de oportunidad, riesgos, as\u00ed como de los aciertos de la actual administraci\u00f3n federal.","og_url":"https:\/\/coparmexjal.org.mx\/entorno-empresarial\/debilitamiento-institucional-e-inseguridad-los-grandes-pendientes-del-gobierno-federal\/","og_site_name":"Entorno Empresarial","article_publisher":"https:\/\/facebook.com\/comcoparmex","article_published_time":"2021-07-01T21:51:09+00:00","article_modified_time":"2021-07-01T21:51:16+00:00","og_image":[{"width":750,"height":500,"url":"https:\/\/coparmexjal.org.mx\/entorno-empresarial\/wp-content\/uploads\/2021\/07\/photo-1585464231875-d9ef1f5ad396.jpg","type":"image\/jpeg"}],"author":"Coparmex Jalisco","twitter_card":"summary_large_image","twitter_creator":"@comcoparmex","twitter_site":"@comcoparmex","twitter_misc":{"Escrito por":"Coparmex Jalisco","Tiempo de lectura":"3 minutos"},"schema":{"@context":"https:\/\/schema.org","@graph":[{"@type":"Article","@id":"https:\/\/coparmexjal.org.mx\/entorno-empresarial\/debilitamiento-institucional-e-inseguridad-los-grandes-pendientes-del-gobierno-federal\/#article","isPartOf":{"@id":"https:\/\/coparmexjal.org.mx\/entorno-empresarial\/debilitamiento-institucional-e-inseguridad-los-grandes-pendientes-del-gobierno-federal\/"},"author":{"name":"Coparmex Jalisco","@id":"https:\/\/coparmexjal.org.mx\/entorno-empresarial\/#\/schema\/person\/7d1d56a9587bfb3a725cd3dbfbdb9d44"},"headline":"Debilitamiento institucional e inseguridad los grandes pendientes del gobierno federal","datePublished":"2021-07-01T21:51:09+00:00","dateModified":"2021-07-01T21:51:16+00:00","mainEntityOfPage":{"@id":"https:\/\/coparmexjal.org.mx\/entorno-empresarial\/debilitamiento-institucional-e-inseguridad-los-grandes-pendientes-del-gobierno-federal\/"},"wordCount":628,"commentCount":0,"publisher":{"@id":"https:\/\/coparmexjal.org.mx\/entorno-empresarial\/#organization"},"image":{"@id":"https:\/\/coparmexjal.org.mx\/entorno-empresarial\/debilitamiento-institucional-e-inseguridad-los-grandes-pendientes-del-gobierno-federal\/#primaryimage"},"thumbnailUrl":"https:\/\/coparmexjal.org.mx\/entorno-empresarial\/wp-content\/uploads\/2021\/07\/photo-1585464231875-d9ef1f5ad396.jpg","keywords":["Andr\u00e9s Manuel L\u00f3pez Obrador","Balance de gobierno","Finanzas P\u00fablicas","Gobierno Federal","Inseguridad","Inversi\u00f3n P\u00fablica"],"articleSection":["Noticias"],"inLanguage":"es","potentialAction":[{"@type":"CommentAction","name":"Comment","target":["https:\/\/coparmexjal.org.mx\/entorno-empresarial\/debilitamiento-institucional-e-inseguridad-los-grandes-pendientes-del-gobierno-federal\/#respond"]}]},{"@type":"WebPage","@id":"https:\/\/coparmexjal.org.mx\/entorno-empresarial\/debilitamiento-institucional-e-inseguridad-los-grandes-pendientes-del-gobierno-federal\/","url":"https:\/\/coparmexjal.org.mx\/entorno-empresarial\/debilitamiento-institucional-e-inseguridad-los-grandes-pendientes-del-gobierno-federal\/","name":"Debilitamiento institucional e inseguridad los grandes pendientes del gobierno federal - Entorno Empresarial","isPartOf":{"@id":"https:\/\/coparmexjal.org.mx\/entorno-empresarial\/#website"},"primaryImageOfPage":{"@id":"https:\/\/coparmexjal.org.mx\/entorno-empresarial\/debilitamiento-institucional-e-inseguridad-los-grandes-pendientes-del-gobierno-federal\/#primaryimage"},"image":{"@id":"https:\/\/coparmexjal.org.mx\/entorno-empresarial\/debilitamiento-institucional-e-inseguridad-los-grandes-pendientes-del-gobierno-federal\/#primaryimage"},"thumbnailUrl":"https:\/\/coparmexjal.org.mx\/entorno-empresarial\/wp-content\/uploads\/2021\/07\/photo-1585464231875-d9ef1f5ad396.jpg","datePublished":"2021-07-01T21:51:09+00:00","dateModified":"2021-07-01T21:51:16+00:00","breadcrumb":{"@id":"https:\/\/coparmexjal.org.mx\/entorno-empresarial\/debilitamiento-institucional-e-inseguridad-los-grandes-pendientes-del-gobierno-federal\/#breadcrumb"},"inLanguage":"es","potentialAction":[{"@type":"ReadAction","target":["https:\/\/coparmexjal.org.mx\/entorno-empresarial\/debilitamiento-institucional-e-inseguridad-los-grandes-pendientes-del-gobierno-federal\/"]}]},{"@type":"ImageObject","inLanguage":"es","@id":"https:\/\/coparmexjal.org.mx\/entorno-empresarial\/debilitamiento-institucional-e-inseguridad-los-grandes-pendientes-del-gobierno-federal\/#primaryimage","url":"https:\/\/coparmexjal.org.mx\/entorno-empresarial\/wp-content\/uploads\/2021\/07\/photo-1585464231875-d9ef1f5ad396.jpg","contentUrl":"https:\/\/coparmexjal.org.mx\/entorno-empresarial\/wp-content\/uploads\/2021\/07\/photo-1585464231875-d9ef1f5ad396.jpg","width":750,"height":500,"caption":"Balance 3 a\u00f1os AMLO"},{"@type":"BreadcrumbList","@id":"https:\/\/coparmexjal.org.mx\/entorno-empresarial\/debilitamiento-institucional-e-inseguridad-los-grandes-pendientes-del-gobierno-federal\/#breadcrumb","itemListElement":[{"@type":"ListItem","position":1,"name":"Inicio","item":"https:\/\/coparmexjal.org.mx\/entorno-empresarial\/"},{"@type":"ListItem","position":2,"name":"Debilitamiento institucional e inseguridad los grandes pendientes del gobierno federal"}]},{"@type":"WebSite","@id":"https:\/\/coparmexjal.org.mx\/entorno-empresarial\/#website","url":"https:\/\/coparmexjal.org.mx\/entorno-empresarial\/","name":"Revista Entorno Empresarial","description":"Coparmex Jalisco","publisher":{"@id":"https:\/\/coparmexjal.org.mx\/entorno-empresarial\/#organization"},"potentialAction":[{"@type":"SearchAction","target":{"@type":"EntryPoint","urlTemplate":"https:\/\/coparmexjal.org.mx\/entorno-empresarial\/?s={search_term_string}"},"query-input":{"@type":"PropertyValueSpecification","valueRequired":true,"valueName":"search_term_string"}}],"inLanguage":"es"},{"@type":"Organization","@id":"https:\/\/coparmexjal.org.mx\/entorno-empresarial\/#organization","name":"Coparmex Jalisco","url":"https:\/\/coparmexjal.org.mx\/entorno-empresarial\/","logo":{"@type":"ImageObject","inLanguage":"es","@id":"https:\/\/coparmexjal.org.mx\/entorno-empresarial\/#\/schema\/logo\/image\/","url":"https:\/\/coparmexjal.org.mx\/entorno-empresarial\/wp-content\/uploads\/2020\/02\/logo-amp.png","contentUrl":"https:\/\/coparmexjal.org.mx\/entorno-empresarial\/wp-content\/uploads\/2020\/02\/logo-amp.png","width":120,"height":90,"caption":"Coparmex Jalisco"},"image":{"@id":"https:\/\/coparmexjal.org.mx\/entorno-empresarial\/#\/schema\/logo\/image\/"},"sameAs":["https:\/\/facebook.com\/comcoparmex","https:\/\/x.com\/comcoparmex","http:\/\/instagram.com\/coparmexjalisco","https:\/\/mx.linkedin.com\/company\/coparmex-jalisco","https:\/\/www.youtube.com\/c\/CoparmexJaliscomx"]},{"@type":"Person","@id":"https:\/\/coparmexjal.org.mx\/entorno-empresarial\/#\/schema\/person\/7d1d56a9587bfb3a725cd3dbfbdb9d44","name":"Coparmex Jalisco","image":{"@type":"ImageObject","inLanguage":"es","@id":"https:\/\/coparmexjal.org.mx\/entorno-empresarial\/wp-content\/uploads\/2020\/06\/favicon-150x133.png","url":"https:\/\/coparmexjal.org.mx\/entorno-empresarial\/wp-content\/uploads\/2020\/06\/favicon-150x133.png","contentUrl":"https:\/\/coparmexjal.org.mx\/entorno-empresarial\/wp-content\/uploads\/2020\/06\/favicon-150x133.png","caption":"Coparmex Jalisco"},"url":"https:\/\/coparmexjal.org.mx\/entorno-empresarial\/author\/coparmexjalisco\/"}]}},"_links":{"self":[{"href":"https:\/\/coparmexjal.org.mx\/entorno-empresarial\/wp-json\/wp\/v2\/posts\/5330","targetHints":{"allow":["GET"]}}],"collection":[{"href":"https:\/\/coparmexjal.org.mx\/entorno-empresarial\/wp-json\/wp\/v2\/posts"}],"about":[{"href":"https:\/\/coparmexjal.org.mx\/entorno-empresarial\/wp-json\/wp\/v2\/types\/post"}],"author":[{"embeddable":true,"href":"https:\/\/coparmexjal.org.mx\/entorno-empresarial\/wp-json\/wp\/v2\/users\/2"}],"replies":[{"embeddable":true,"href":"https:\/\/coparmexjal.org.mx\/entorno-empresarial\/wp-json\/wp\/v2\/comments?post=5330"}],"version-history":[{"count":2,"href":"https:\/\/coparmexjal.org.mx\/entorno-empresarial\/wp-json\/wp\/v2\/posts\/5330\/revisions"}],"predecessor-version":[{"id":5333,"href":"https:\/\/coparmexjal.org.mx\/entorno-empresarial\/wp-json\/wp\/v2\/posts\/5330\/revisions\/5333"}],"wp:featuredmedia":[{"embeddable":true,"href":"https:\/\/coparmexjal.org.mx\/entorno-empresarial\/wp-json\/wp\/v2\/media\/5331"}],"wp:attachment":[{"href":"https:\/\/coparmexjal.org.mx\/entorno-empresarial\/wp-json\/wp\/v2\/media?parent=5330"}],"wp:term":[{"taxonomy":"category","embeddable":true,"href":"https:\/\/coparmexjal.org.mx\/entorno-empresarial\/wp-json\/wp\/v2\/categories?post=5330"},{"taxonomy":"post_tag","embeddable":true,"href":"https:\/\/coparmexjal.org.mx\/entorno-empresarial\/wp-json\/wp\/v2\/tags?post=5330"}],"curies":[{"name":"wp","href":"https:\/\/api.w.org\/{rel}","templated":true}]}}