{"id":5301,"date":"2021-06-25T11:34:57","date_gmt":"2021-06-25T16:34:57","guid":{"rendered":"https:\/\/coparmexjal.org.mx\/entorno-empresarial\/?p=5301"},"modified":"2021-06-25T11:35:00","modified_gmt":"2021-06-25T16:35:00","slug":"coparmex-jalisco-y-la-union-europea-presentan-creea","status":"publish","type":"post","link":"https:\/\/coparmexjal.org.mx\/entorno-empresarial\/coparmex-jalisco-y-la-union-europea-presentan-creea\/","title":{"rendered":"Coparmex Jalisco y la Uni\u00f3n Europea presentan CREEA"},"content":{"rendered":"\n<p class=\"has-text-align-center\"><em>Jalisco C\u00f3mo Vamos, SEQUA, La Uni\u00f3n Europea y Coparmex Jalisco buscan disminuir la pobreza al conectar a j\u00f3venes brillantes<\/em><\/p>\n\n\n\n<p class=\"has-text-align-center\"><em>con empresas con grandes oportunidades<\/em><\/p>\n\n\n\n<p><\/p>\n\n\n\n<p>Por medio del eslogan Cree en ti, Crea y Aprende y con el objetivo de impactar a m\u00e1s de 5 mil j\u00f3venes, Coparmex Jalisco, organismos de la sociedad civil, la academia y la Uni\u00f3n Europea, presentaron el Proyecto CREEA.<\/p>\n\n\n\n<p>Transformando realidades conectando genialidades, fue el tema del primer evento de este proyecto, con el cual buscan contribuir a la creaci\u00f3n de oportunidades para el acceso a la educaci\u00f3n, la formaci\u00f3n permanente y la inserci\u00f3n laboral.<\/p>\n\n\n\n<p>Por medio de la vinculaci\u00f3n empresa-universidad, el organismo empresarial y la Uni\u00f3n Europea tienen el inter\u00e9s de formar a j\u00f3venes de entre 15 y 29 a\u00f1os de distintos perfiles, en soft-skills y programas t\u00e9cnicos para que posteriormente puedan ingresar al mercado laboral.<\/p>\n\n\n\n<p>En la presentaci\u00f3n de CREEA estuvieron presenten representantes de la Universidad de Guadalajara, Universidad Panamericana, ITESO, TEC de Monterrey y la Universidad Tecnol\u00f3gica de Jalisco (UTJ), adem\u00e1s de representantes de distintos organismos de Gobierno y Sociedad Civil, tambi\u00e9n estuvo presente el embajador de la Uni\u00f3n Europea en M\u00e9xico, Gautier Mignot.<\/p>\n\n\n\n<p>Romper estereotipos, disminuir las desigualdades sociales y laborales, es uno de los objetivos de CREEA, contribuyendo as\u00ed al progreso social en Jalisco.<\/p>\n","protected":false},"excerpt":{"rendered":"<p>Jalisco C\u00f3mo Vamos, SEQUA, La Uni\u00f3n Europea y Coparmex Jalisco buscan disminuir la pobreza al conectar a j\u00f3venes brillantes con empresas con grandes oportunidades Por<\/p>\n","protected":false},"author":2,"featured_media":5302,"comment_status":"open","ping_status":"open","sticky":false,"template":"","format":"standard","meta":{"footnotes":""},"categories":[348],"tags":[251,405,922,257,924,925,923],"class_list":["post-5301","post","type-post","status-publish","format-standard","has-post-thumbnail","hentry","category-noticias","tag-capacitacion","tag-coparmex-jalisco","tag-creea","tag-jalisco","tag-jovenes-2","tag-soft-skills","tag-union-europea"],"yoast_head":"<!-- This site is optimized with the Yoast SEO plugin v27.5 - https:\/\/yoast.com\/product\/yoast-seo-wordpress\/ -->\n<title>Coparmex Jalisco y la Uni\u00f3n Europea presentan CREEA - Entorno Empresarial<\/title>\n<meta name=\"robots\" content=\"index, follow, max-snippet:-1, max-image-preview:large, max-video-preview:-1\" \/>\n<link rel=\"canonical\" href=\"https:\/\/coparmexjal.org.mx\/entorno-empresarial\/coparmex-jalisco-y-la-union-europea-presentan-creea\/\" \/>\n<meta property=\"og:locale\" content=\"es_MX\" \/>\n<meta property=\"og:type\" content=\"article\" \/>\n<meta property=\"og:title\" content=\"Coparmex Jalisco y la Uni\u00f3n Europea presentan CREEA - Entorno Empresarial\" \/>\n<meta property=\"og:description\" content=\"Jalisco C\u00f3mo Vamos, SEQUA, La Uni\u00f3n Europea y Coparmex Jalisco buscan disminuir la pobreza al conectar a j\u00f3venes brillantes con empresas con grandes oportunidades Por\" \/>\n<meta property=\"og:url\" content=\"https:\/\/coparmexjal.org.mx\/entorno-empresarial\/coparmex-jalisco-y-la-union-europea-presentan-creea\/\" \/>\n<meta property=\"og:site_name\" content=\"Entorno Empresarial\" \/>\n<meta property=\"article:publisher\" content=\"https:\/\/facebook.com\/comcoparmex\" \/>\n<meta property=\"article:published_time\" content=\"2021-06-25T16:34:57+00:00\" \/>\n<meta property=\"article:modified_time\" content=\"2021-06-25T16:35:00+00:00\" \/>\n<meta property=\"og:image\" content=\"https:\/\/coparmexjal.org.mx\/entorno-empresarial\/wp-content\/uploads\/2021\/06\/WhatsApp-Image-2021-06-24-at-4.34.12-PM.jpeg\" \/>\n\t<meta property=\"og:image:width\" content=\"1422\" \/>\n\t<meta property=\"og:image:height\" content=\"800\" \/>\n\t<meta property=\"og:image:type\" content=\"image\/jpeg\" \/>\n<meta name=\"author\" content=\"Coparmex Jalisco\" \/>\n<meta name=\"twitter:card\" content=\"summary_large_image\" \/>\n<meta name=\"twitter:creator\" content=\"@comcoparmex\" \/>\n<meta name=\"twitter:site\" content=\"@comcoparmex\" \/>\n<meta name=\"twitter:label1\" content=\"Escrito por\" \/>\n\t<meta name=\"twitter:data1\" content=\"Coparmex Jalisco\" \/>\n\t<meta name=\"twitter:label2\" content=\"Tiempo de lectura\" \/>\n\t<meta name=\"twitter:data2\" content=\"1 minuto\" \/>\n<script type=\"application\/ld+json\" class=\"yoast-schema-graph\">{\"@context\":\"https:\\\/\\\/schema.org\",\"@graph\":[{\"@type\":\"Article\",\"@id\":\"https:\\\/\\\/coparmexjal.org.mx\\\/entorno-empresarial\\\/coparmex-jalisco-y-la-union-europea-presentan-creea\\\/#article\",\"isPartOf\":{\"@id\":\"https:\\\/\\\/coparmexjal.org.mx\\\/entorno-empresarial\\\/coparmex-jalisco-y-la-union-europea-presentan-creea\\\/\"},\"author\":{\"name\":\"Coparmex Jalisco\",\"@id\":\"https:\\\/\\\/coparmexjal.org.mx\\\/entorno-empresarial\\\/#\\\/schema\\\/person\\\/7d1d56a9587bfb3a725cd3dbfbdb9d44\"},\"headline\":\"Coparmex Jalisco y la Uni\u00f3n Europea presentan CREEA\",\"datePublished\":\"2021-06-25T16:34:57+00:00\",\"dateModified\":\"2021-06-25T16:35:00+00:00\",\"mainEntityOfPage\":{\"@id\":\"https:\\\/\\\/coparmexjal.org.mx\\\/entorno-empresarial\\\/coparmex-jalisco-y-la-union-europea-presentan-creea\\\/\"},\"wordCount\":241,\"commentCount\":0,\"publisher\":{\"@id\":\"https:\\\/\\\/coparmexjal.org.mx\\\/entorno-empresarial\\\/#organization\"},\"image\":{\"@id\":\"https:\\\/\\\/coparmexjal.org.mx\\\/entorno-empresarial\\\/coparmex-jalisco-y-la-union-europea-presentan-creea\\\/#primaryimage\"},\"thumbnailUrl\":\"https:\\\/\\\/coparmexjal.org.mx\\\/entorno-empresarial\\\/wp-content\\\/uploads\\\/2021\\\/06\\\/WhatsApp-Image-2021-06-24-at-4.34.12-PM.jpeg\",\"keywords\":[\"capacitaci\u00f3n\",\"coparmex jalisco\",\"CREEA\",\"Jalisco\",\"Jovenes\",\"Soft Skills\",\"Uni\u00f3n Europea\"],\"articleSection\":[\"Noticias\"],\"inLanguage\":\"es\",\"potentialAction\":[{\"@type\":\"CommentAction\",\"name\":\"Comment\",\"target\":[\"https:\\\/\\\/coparmexjal.org.mx\\\/entorno-empresarial\\\/coparmex-jalisco-y-la-union-europea-presentan-creea\\\/#respond\"]}]},{\"@type\":\"WebPage\",\"@id\":\"https:\\\/\\\/coparmexjal.org.mx\\\/entorno-empresarial\\\/coparmex-jalisco-y-la-union-europea-presentan-creea\\\/\",\"url\":\"https:\\\/\\\/coparmexjal.org.mx\\\/entorno-empresarial\\\/coparmex-jalisco-y-la-union-europea-presentan-creea\\\/\",\"name\":\"Coparmex Jalisco y la Uni\u00f3n Europea presentan CREEA - Entorno Empresarial\",\"isPartOf\":{\"@id\":\"https:\\\/\\\/coparmexjal.org.mx\\\/entorno-empresarial\\\/#website\"},\"primaryImageOfPage\":{\"@id\":\"https:\\\/\\\/coparmexjal.org.mx\\\/entorno-empresarial\\\/coparmex-jalisco-y-la-union-europea-presentan-creea\\\/#primaryimage\"},\"image\":{\"@id\":\"https:\\\/\\\/coparmexjal.org.mx\\\/entorno-empresarial\\\/coparmex-jalisco-y-la-union-europea-presentan-creea\\\/#primaryimage\"},\"thumbnailUrl\":\"https:\\\/\\\/coparmexjal.org.mx\\\/entorno-empresarial\\\/wp-content\\\/uploads\\\/2021\\\/06\\\/WhatsApp-Image-2021-06-24-at-4.34.12-PM.jpeg\",\"datePublished\":\"2021-06-25T16:34:57+00:00\",\"dateModified\":\"2021-06-25T16:35:00+00:00\",\"breadcrumb\":{\"@id\":\"https:\\\/\\\/coparmexjal.org.mx\\\/entorno-empresarial\\\/coparmex-jalisco-y-la-union-europea-presentan-creea\\\/#breadcrumb\"},\"inLanguage\":\"es\",\"potentialAction\":[{\"@type\":\"ReadAction\",\"target\":[\"https:\\\/\\\/coparmexjal.org.mx\\\/entorno-empresarial\\\/coparmex-jalisco-y-la-union-europea-presentan-creea\\\/\"]}]},{\"@type\":\"ImageObject\",\"inLanguage\":\"es\",\"@id\":\"https:\\\/\\\/coparmexjal.org.mx\\\/entorno-empresarial\\\/coparmex-jalisco-y-la-union-europea-presentan-creea\\\/#primaryimage\",\"url\":\"https:\\\/\\\/coparmexjal.org.mx\\\/entorno-empresarial\\\/wp-content\\\/uploads\\\/2021\\\/06\\\/WhatsApp-Image-2021-06-24-at-4.34.12-PM.jpeg\",\"contentUrl\":\"https:\\\/\\\/coparmexjal.org.mx\\\/entorno-empresarial\\\/wp-content\\\/uploads\\\/2021\\\/06\\\/WhatsApp-Image-2021-06-24-at-4.34.12-PM.jpeg\",\"width\":1422,\"height\":800},{\"@type\":\"BreadcrumbList\",\"@id\":\"https:\\\/\\\/coparmexjal.org.mx\\\/entorno-empresarial\\\/coparmex-jalisco-y-la-union-europea-presentan-creea\\\/#breadcrumb\",\"itemListElement\":[{\"@type\":\"ListItem\",\"position\":1,\"name\":\"Inicio\",\"item\":\"https:\\\/\\\/coparmexjal.org.mx\\\/entorno-empresarial\\\/\"},{\"@type\":\"ListItem\",\"position\":2,\"name\":\"Coparmex Jalisco y la Uni\u00f3n Europea presentan CREEA\"}]},{\"@type\":\"WebSite\",\"@id\":\"https:\\\/\\\/coparmexjal.org.mx\\\/entorno-empresarial\\\/#website\",\"url\":\"https:\\\/\\\/coparmexjal.org.mx\\\/entorno-empresarial\\\/\",\"name\":\"Revista Entorno Empresarial\",\"description\":\"Coparmex Jalisco\",\"publisher\":{\"@id\":\"https:\\\/\\\/coparmexjal.org.mx\\\/entorno-empresarial\\\/#organization\"},\"potentialAction\":[{\"@type\":\"SearchAction\",\"target\":{\"@type\":\"EntryPoint\",\"urlTemplate\":\"https:\\\/\\\/coparmexjal.org.mx\\\/entorno-empresarial\\\/?s={search_term_string}\"},\"query-input\":{\"@type\":\"PropertyValueSpecification\",\"valueRequired\":true,\"valueName\":\"search_term_string\"}}],\"inLanguage\":\"es\"},{\"@type\":\"Organization\",\"@id\":\"https:\\\/\\\/coparmexjal.org.mx\\\/entorno-empresarial\\\/#organization\",\"name\":\"Coparmex Jalisco\",\"url\":\"https:\\\/\\\/coparmexjal.org.mx\\\/entorno-empresarial\\\/\",\"logo\":{\"@type\":\"ImageObject\",\"inLanguage\":\"es\",\"@id\":\"https:\\\/\\\/coparmexjal.org.mx\\\/entorno-empresarial\\\/#\\\/schema\\\/logo\\\/image\\\/\",\"url\":\"https:\\\/\\\/coparmexjal.org.mx\\\/entorno-empresarial\\\/wp-content\\\/uploads\\\/2020\\\/02\\\/logo-amp.png\",\"contentUrl\":\"https:\\\/\\\/coparmexjal.org.mx\\\/entorno-empresarial\\\/wp-content\\\/uploads\\\/2020\\\/02\\\/logo-amp.png\",\"width\":120,\"height\":90,\"caption\":\"Coparmex Jalisco\"},\"image\":{\"@id\":\"https:\\\/\\\/coparmexjal.org.mx\\\/entorno-empresarial\\\/#\\\/schema\\\/logo\\\/image\\\/\"},\"sameAs\":[\"https:\\\/\\\/facebook.com\\\/comcoparmex\",\"https:\\\/\\\/x.com\\\/comcoparmex\",\"http:\\\/\\\/instagram.com\\\/coparmexjalisco\",\"https:\\\/\\\/mx.linkedin.com\\\/company\\\/coparmex-jalisco\",\"https:\\\/\\\/www.youtube.com\\\/c\\\/CoparmexJaliscomx\"]},{\"@type\":\"Person\",\"@id\":\"https:\\\/\\\/coparmexjal.org.mx\\\/entorno-empresarial\\\/#\\\/schema\\\/person\\\/7d1d56a9587bfb3a725cd3dbfbdb9d44\",\"name\":\"Coparmex Jalisco\",\"image\":{\"@type\":\"ImageObject\",\"inLanguage\":\"es\",\"@id\":\"https:\\\/\\\/coparmexjal.org.mx\\\/entorno-empresarial\\\/wp-content\\\/uploads\\\/2020\\\/06\\\/favicon-150x133.png\",\"url\":\"https:\\\/\\\/coparmexjal.org.mx\\\/entorno-empresarial\\\/wp-content\\\/uploads\\\/2020\\\/06\\\/favicon-150x133.png\",\"contentUrl\":\"https:\\\/\\\/coparmexjal.org.mx\\\/entorno-empresarial\\\/wp-content\\\/uploads\\\/2020\\\/06\\\/favicon-150x133.png\",\"caption\":\"Coparmex Jalisco\"},\"url\":\"https:\\\/\\\/coparmexjal.org.mx\\\/entorno-empresarial\\\/author\\\/coparmexjalisco\\\/\"}]}<\/script>\n<!-- \/ Yoast SEO plugin. -->","yoast_head_json":{"title":"Coparmex Jalisco y la Uni\u00f3n Europea presentan CREEA - Entorno Empresarial","robots":{"index":"index","follow":"follow","max-snippet":"max-snippet:-1","max-image-preview":"max-image-preview:large","max-video-preview":"max-video-preview:-1"},"canonical":"https:\/\/coparmexjal.org.mx\/entorno-empresarial\/coparmex-jalisco-y-la-union-europea-presentan-creea\/","og_locale":"es_MX","og_type":"article","og_title":"Coparmex Jalisco y la Uni\u00f3n Europea presentan CREEA - Entorno Empresarial","og_description":"Jalisco C\u00f3mo Vamos, SEQUA, La Uni\u00f3n Europea y Coparmex Jalisco buscan disminuir la pobreza al conectar a j\u00f3venes brillantes con empresas con grandes oportunidades Por","og_url":"https:\/\/coparmexjal.org.mx\/entorno-empresarial\/coparmex-jalisco-y-la-union-europea-presentan-creea\/","og_site_name":"Entorno Empresarial","article_publisher":"https:\/\/facebook.com\/comcoparmex","article_published_time":"2021-06-25T16:34:57+00:00","article_modified_time":"2021-06-25T16:35:00+00:00","og_image":[{"width":1422,"height":800,"url":"https:\/\/coparmexjal.org.mx\/entorno-empresarial\/wp-content\/uploads\/2021\/06\/WhatsApp-Image-2021-06-24-at-4.34.12-PM.jpeg","type":"image\/jpeg"}],"author":"Coparmex Jalisco","twitter_card":"summary_large_image","twitter_creator":"@comcoparmex","twitter_site":"@comcoparmex","twitter_misc":{"Escrito por":"Coparmex Jalisco","Tiempo de lectura":"1 minuto"},"schema":{"@context":"https:\/\/schema.org","@graph":[{"@type":"Article","@id":"https:\/\/coparmexjal.org.mx\/entorno-empresarial\/coparmex-jalisco-y-la-union-europea-presentan-creea\/#article","isPartOf":{"@id":"https:\/\/coparmexjal.org.mx\/entorno-empresarial\/coparmex-jalisco-y-la-union-europea-presentan-creea\/"},"author":{"name":"Coparmex Jalisco","@id":"https:\/\/coparmexjal.org.mx\/entorno-empresarial\/#\/schema\/person\/7d1d56a9587bfb3a725cd3dbfbdb9d44"},"headline":"Coparmex Jalisco y la Uni\u00f3n Europea presentan CREEA","datePublished":"2021-06-25T16:34:57+00:00","dateModified":"2021-06-25T16:35:00+00:00","mainEntityOfPage":{"@id":"https:\/\/coparmexjal.org.mx\/entorno-empresarial\/coparmex-jalisco-y-la-union-europea-presentan-creea\/"},"wordCount":241,"commentCount":0,"publisher":{"@id":"https:\/\/coparmexjal.org.mx\/entorno-empresarial\/#organization"},"image":{"@id":"https:\/\/coparmexjal.org.mx\/entorno-empresarial\/coparmex-jalisco-y-la-union-europea-presentan-creea\/#primaryimage"},"thumbnailUrl":"https:\/\/coparmexjal.org.mx\/entorno-empresarial\/wp-content\/uploads\/2021\/06\/WhatsApp-Image-2021-06-24-at-4.34.12-PM.jpeg","keywords":["capacitaci\u00f3n","coparmex jalisco","CREEA","Jalisco","Jovenes","Soft Skills","Uni\u00f3n Europea"],"articleSection":["Noticias"],"inLanguage":"es","potentialAction":[{"@type":"CommentAction","name":"Comment","target":["https:\/\/coparmexjal.org.mx\/entorno-empresarial\/coparmex-jalisco-y-la-union-europea-presentan-creea\/#respond"]}]},{"@type":"WebPage","@id":"https:\/\/coparmexjal.org.mx\/entorno-empresarial\/coparmex-jalisco-y-la-union-europea-presentan-creea\/","url":"https:\/\/coparmexjal.org.mx\/entorno-empresarial\/coparmex-jalisco-y-la-union-europea-presentan-creea\/","name":"Coparmex Jalisco y la Uni\u00f3n Europea presentan CREEA - Entorno Empresarial","isPartOf":{"@id":"https:\/\/coparmexjal.org.mx\/entorno-empresarial\/#website"},"primaryImageOfPage":{"@id":"https:\/\/coparmexjal.org.mx\/entorno-empresarial\/coparmex-jalisco-y-la-union-europea-presentan-creea\/#primaryimage"},"image":{"@id":"https:\/\/coparmexjal.org.mx\/entorno-empresarial\/coparmex-jalisco-y-la-union-europea-presentan-creea\/#primaryimage"},"thumbnailUrl":"https:\/\/coparmexjal.org.mx\/entorno-empresarial\/wp-content\/uploads\/2021\/06\/WhatsApp-Image-2021-06-24-at-4.34.12-PM.jpeg","datePublished":"2021-06-25T16:34:57+00:00","dateModified":"2021-06-25T16:35:00+00:00","breadcrumb":{"@id":"https:\/\/coparmexjal.org.mx\/entorno-empresarial\/coparmex-jalisco-y-la-union-europea-presentan-creea\/#breadcrumb"},"inLanguage":"es","potentialAction":[{"@type":"ReadAction","target":["https:\/\/coparmexjal.org.mx\/entorno-empresarial\/coparmex-jalisco-y-la-union-europea-presentan-creea\/"]}]},{"@type":"ImageObject","inLanguage":"es","@id":"https:\/\/coparmexjal.org.mx\/entorno-empresarial\/coparmex-jalisco-y-la-union-europea-presentan-creea\/#primaryimage","url":"https:\/\/coparmexjal.org.mx\/entorno-empresarial\/wp-content\/uploads\/2021\/06\/WhatsApp-Image-2021-06-24-at-4.34.12-PM.jpeg","contentUrl":"https:\/\/coparmexjal.org.mx\/entorno-empresarial\/wp-content\/uploads\/2021\/06\/WhatsApp-Image-2021-06-24-at-4.34.12-PM.jpeg","width":1422,"height":800},{"@type":"BreadcrumbList","@id":"https:\/\/coparmexjal.org.mx\/entorno-empresarial\/coparmex-jalisco-y-la-union-europea-presentan-creea\/#breadcrumb","itemListElement":[{"@type":"ListItem","position":1,"name":"Inicio","item":"https:\/\/coparmexjal.org.mx\/entorno-empresarial\/"},{"@type":"ListItem","position":2,"name":"Coparmex Jalisco y la Uni\u00f3n Europea presentan CREEA"}]},{"@type":"WebSite","@id":"https:\/\/coparmexjal.org.mx\/entorno-empresarial\/#website","url":"https:\/\/coparmexjal.org.mx\/entorno-empresarial\/","name":"Revista Entorno Empresarial","description":"Coparmex Jalisco","publisher":{"@id":"https:\/\/coparmexjal.org.mx\/entorno-empresarial\/#organization"},"potentialAction":[{"@type":"SearchAction","target":{"@type":"EntryPoint","urlTemplate":"https:\/\/coparmexjal.org.mx\/entorno-empresarial\/?s={search_term_string}"},"query-input":{"@type":"PropertyValueSpecification","valueRequired":true,"valueName":"search_term_string"}}],"inLanguage":"es"},{"@type":"Organization","@id":"https:\/\/coparmexjal.org.mx\/entorno-empresarial\/#organization","name":"Coparmex Jalisco","url":"https:\/\/coparmexjal.org.mx\/entorno-empresarial\/","logo":{"@type":"ImageObject","inLanguage":"es","@id":"https:\/\/coparmexjal.org.mx\/entorno-empresarial\/#\/schema\/logo\/image\/","url":"https:\/\/coparmexjal.org.mx\/entorno-empresarial\/wp-content\/uploads\/2020\/02\/logo-amp.png","contentUrl":"https:\/\/coparmexjal.org.mx\/entorno-empresarial\/wp-content\/uploads\/2020\/02\/logo-amp.png","width":120,"height":90,"caption":"Coparmex Jalisco"},"image":{"@id":"https:\/\/coparmexjal.org.mx\/entorno-empresarial\/#\/schema\/logo\/image\/"},"sameAs":["https:\/\/facebook.com\/comcoparmex","https:\/\/x.com\/comcoparmex","http:\/\/instagram.com\/coparmexjalisco","https:\/\/mx.linkedin.com\/company\/coparmex-jalisco","https:\/\/www.youtube.com\/c\/CoparmexJaliscomx"]},{"@type":"Person","@id":"https:\/\/coparmexjal.org.mx\/entorno-empresarial\/#\/schema\/person\/7d1d56a9587bfb3a725cd3dbfbdb9d44","name":"Coparmex Jalisco","image":{"@type":"ImageObject","inLanguage":"es","@id":"https:\/\/coparmexjal.org.mx\/entorno-empresarial\/wp-content\/uploads\/2020\/06\/favicon-150x133.png","url":"https:\/\/coparmexjal.org.mx\/entorno-empresarial\/wp-content\/uploads\/2020\/06\/favicon-150x133.png","contentUrl":"https:\/\/coparmexjal.org.mx\/entorno-empresarial\/wp-content\/uploads\/2020\/06\/favicon-150x133.png","caption":"Coparmex Jalisco"},"url":"https:\/\/coparmexjal.org.mx\/entorno-empresarial\/author\/coparmexjalisco\/"}]}},"_links":{"self":[{"href":"https:\/\/coparmexjal.org.mx\/entorno-empresarial\/wp-json\/wp\/v2\/posts\/5301","targetHints":{"allow":["GET"]}}],"collection":[{"href":"https:\/\/coparmexjal.org.mx\/entorno-empresarial\/wp-json\/wp\/v2\/posts"}],"about":[{"href":"https:\/\/coparmexjal.org.mx\/entorno-empresarial\/wp-json\/wp\/v2\/types\/post"}],"author":[{"embeddable":true,"href":"https:\/\/coparmexjal.org.mx\/entorno-empresarial\/wp-json\/wp\/v2\/users\/2"}],"replies":[{"embeddable":true,"href":"https:\/\/coparmexjal.org.mx\/entorno-empresarial\/wp-json\/wp\/v2\/comments?post=5301"}],"version-history":[{"count":1,"href":"https:\/\/coparmexjal.org.mx\/entorno-empresarial\/wp-json\/wp\/v2\/posts\/5301\/revisions"}],"predecessor-version":[{"id":5303,"href":"https:\/\/coparmexjal.org.mx\/entorno-empresarial\/wp-json\/wp\/v2\/posts\/5301\/revisions\/5303"}],"wp:featuredmedia":[{"embeddable":true,"href":"https:\/\/coparmexjal.org.mx\/entorno-empresarial\/wp-json\/wp\/v2\/media\/5302"}],"wp:attachment":[{"href":"https:\/\/coparmexjal.org.mx\/entorno-empresarial\/wp-json\/wp\/v2\/media?parent=5301"}],"wp:term":[{"taxonomy":"category","embeddable":true,"href":"https:\/\/coparmexjal.org.mx\/entorno-empresarial\/wp-json\/wp\/v2\/categories?post=5301"},{"taxonomy":"post_tag","embeddable":true,"href":"https:\/\/coparmexjal.org.mx\/entorno-empresarial\/wp-json\/wp\/v2\/tags?post=5301"}],"curies":[{"name":"wp","href":"https:\/\/api.w.org\/{rel}","templated":true}]}}