{"id":5283,"date":"2021-06-06T15:59:56","date_gmt":"2021-06-06T20:59:56","guid":{"rendered":"https:\/\/coparmexjal.org.mx\/entorno-empresarial\/?p=5283"},"modified":"2021-06-06T16:00:22","modified_gmt":"2021-06-06T21:00:22","slug":"por-desconocimiento-en-los-procesos-atraso-logistico-en-votaciones-2021","status":"publish","type":"post","link":"https:\/\/coparmexjal.org.mx\/entorno-empresarial\/por-desconocimiento-en-los-procesos-atraso-logistico-en-votaciones-2021\/","title":{"rendered":"Por desconocimiento en los procesos, atraso log\u00edstico en votaciones 2021"},"content":{"rendered":"\n<p><em>Guadalajara, Zapopan, San Pedro Tlaquepaque, Tlajomulco, Tonal\u00e1, Zapotlanejo e Ixtlahuac\u00e1n de los Membrillos,\u00a0 son los municipios donde Coparmex Jalisco cuenta con Observadores Electorales<\/em><\/p>\n\n\n\n<p>Al corte de las 13:00 hrs y con 122 observadores se han recibido los siguientes reportes:<\/p>\n\n\n\n<ul class=\"wp-block-list\"><li>El 96% de las casillas ya se encuentran funcionando con normalidad.\u00a0<\/li><li>Solo en 17% de las casillas se ha reportado alg\u00fan tipo de altercado entre votantes, representantes de partidos y funcionarios de casilla. Siendo los municipios de Tlaquepaque y Zapopan en donde se ha identificado.\u00a0<\/li><li>En 8% de las casillas no se le ha permitido votar a las y los ciudadanos por temas de credenciales vencidas y que no coinciden su secci\u00f3n.<\/li><li>En 17% de las casillas los representantes de partidos han mostrado un tipo de inconformidad, esto como resultado de los problemas en log\u00edstica.<\/li><li>Solo en 6% de las casillas se detect\u00f3 que hab\u00eda propagando de alg\u00fan tipo de partido sin identificarse el nombre del partido.\u00a0<\/li><li>Hasta el momento no se ha identificado alguna situaci\u00f3n de discriminaci\u00f3n por condici\u00f3n f\u00edsica, sexual o social, esto recordando que en esta ocasi\u00f3n el proyecto esta focalizado en el respeto a los derechos humanos y la inclusi\u00f3n.<\/li><li>El 98% de las quejas o recomendaciones que se le han hecho a los funcionarios las han podido desahogar de forma satisfactoria.<\/li><li>En 12% de las casillas han votado personas con alg\u00fan tipo de discapacidad.\u00a0<\/li><li>En algunas casillas se les ha pedido a los representantes de partido que retiren la propaganda pol\u00edtica adicional al pin de identificaci\u00f3n.<\/li><\/ul>\n\n\n\n<p><strong>Protocolos sanitarios<\/strong><\/p>\n\n\n\n<ul class=\"wp-block-list\"><li>En 18% de las casillas se identific\u00f3 que las dimensiones no eran las adecuadas para mantener la sana distancia.&nbsp;<\/li><li>20% de las casillas no han respetado de forma adecuada los protocolos sanitarios como lo es el uso adecuado del cubreboca y las aglomeraciones de gente por el retraso en la apertura.<\/li><\/ul>\n\n\n\n<p><strong>La jornada ha transcurrido de forma lenta por los inconvenientes en la apertura y desconocimiento en los procesos.<\/strong>\u00a0<br>El cuidado a la salud es primordial, se ha detectado que en algunas casillas no se est\u00e1n cumpliendo de forma adecuada los protocolos, por lo que se hizo un llamado a las y los ciudadanos a ser responsables al igual que a las autoridades electorales y partidos pol\u00edticos.<\/p>\n\n\n\n<div class=\"wp-block-image\"><figure class=\"aligncenter size-large is-resized\"><img fetchpriority=\"high\" decoding=\"async\" src=\"https:\/\/coparmexjal.org.mx\/entorno-empresarial\/wp-content\/uploads\/2021\/06\/DSC01561-1024x576.jpg\" alt=\"\" class=\"wp-image-5287\" width=\"444\" height=\"249\" srcset=\"https:\/\/coparmexjal.org.mx\/entorno-empresarial\/wp-content\/uploads\/2021\/06\/DSC01561-1024x576.jpg 1024w, https:\/\/coparmexjal.org.mx\/entorno-empresarial\/wp-content\/uploads\/2021\/06\/DSC01561-300x169.jpg 300w, https:\/\/coparmexjal.org.mx\/entorno-empresarial\/wp-content\/uploads\/2021\/06\/DSC01561-768x432.jpg 768w, https:\/\/coparmexjal.org.mx\/entorno-empresarial\/wp-content\/uploads\/2021\/06\/DSC01561.jpg 1421w\" sizes=\"(max-width: 444px) 100vw, 444px\" \/><\/figure><\/div>\n","protected":false},"excerpt":{"rendered":"<p>La jornada ha transcurrido de forma lenta por los inconvenientes en la apertura y desconocimiento en los procesos. <\/p>\n","protected":false},"author":2,"featured_media":5286,"comment_status":"open","ping_status":"open","sticky":false,"template":"","format":"standard","meta":{"footnotes":""},"categories":[348],"tags":[899,915,916],"class_list":["post-5283","post","type-post","status-publish","format-standard","has-post-thumbnail","hentry","category-noticias","tag-casillas","tag-noticias","tag-votaciones-2021"],"yoast_head":"<!-- This site is optimized with the Yoast SEO plugin v27.5 - https:\/\/yoast.com\/product\/yoast-seo-wordpress\/ -->\n<title>Por desconocimiento en los procesos, atraso log\u00edstico en votaciones 2021 - Entorno Empresarial<\/title>\n<meta name=\"robots\" content=\"index, follow, max-snippet:-1, max-image-preview:large, max-video-preview:-1\" \/>\n<link rel=\"canonical\" href=\"https:\/\/coparmexjal.org.mx\/entorno-empresarial\/por-desconocimiento-en-los-procesos-atraso-logistico-en-votaciones-2021\/\" \/>\n<meta property=\"og:locale\" content=\"es_MX\" \/>\n<meta property=\"og:type\" content=\"article\" \/>\n<meta property=\"og:title\" content=\"Por desconocimiento en los procesos, atraso log\u00edstico en votaciones 2021 - Entorno Empresarial\" \/>\n<meta property=\"og:description\" content=\"La jornada ha transcurrido de forma lenta por los inconvenientes en la apertura y desconocimiento en los procesos.\" \/>\n<meta property=\"og:url\" content=\"https:\/\/coparmexjal.org.mx\/entorno-empresarial\/por-desconocimiento-en-los-procesos-atraso-logistico-en-votaciones-2021\/\" \/>\n<meta property=\"og:site_name\" content=\"Entorno Empresarial\" \/>\n<meta property=\"article:publisher\" content=\"https:\/\/facebook.com\/comcoparmex\" \/>\n<meta property=\"article:published_time\" content=\"2021-06-06T20:59:56+00:00\" \/>\n<meta property=\"article:modified_time\" content=\"2021-06-06T21:00:22+00:00\" \/>\n<meta property=\"og:image\" content=\"https:\/\/coparmexjal.org.mx\/entorno-empresarial\/wp-content\/uploads\/2021\/06\/DSC01599.jpg\" \/>\n\t<meta property=\"og:image:width\" content=\"1421\" \/>\n\t<meta property=\"og:image:height\" content=\"800\" \/>\n\t<meta property=\"og:image:type\" content=\"image\/jpeg\" \/>\n<meta name=\"author\" content=\"Coparmex Jalisco\" \/>\n<meta name=\"twitter:card\" content=\"summary_large_image\" \/>\n<meta name=\"twitter:creator\" content=\"@comcoparmex\" \/>\n<meta name=\"twitter:site\" content=\"@comcoparmex\" \/>\n<meta name=\"twitter:label1\" content=\"Escrito por\" \/>\n\t<meta name=\"twitter:data1\" content=\"Coparmex Jalisco\" \/>\n\t<meta name=\"twitter:label2\" content=\"Tiempo de lectura\" \/>\n\t<meta name=\"twitter:data2\" content=\"2 minutos\" \/>\n<script type=\"application\/ld+json\" class=\"yoast-schema-graph\">{\"@context\":\"https:\\\/\\\/schema.org\",\"@graph\":[{\"@type\":\"Article\",\"@id\":\"https:\\\/\\\/coparmexjal.org.mx\\\/entorno-empresarial\\\/por-desconocimiento-en-los-procesos-atraso-logistico-en-votaciones-2021\\\/#article\",\"isPartOf\":{\"@id\":\"https:\\\/\\\/coparmexjal.org.mx\\\/entorno-empresarial\\\/por-desconocimiento-en-los-procesos-atraso-logistico-en-votaciones-2021\\\/\"},\"author\":{\"name\":\"Coparmex Jalisco\",\"@id\":\"https:\\\/\\\/coparmexjal.org.mx\\\/entorno-empresarial\\\/#\\\/schema\\\/person\\\/7d1d56a9587bfb3a725cd3dbfbdb9d44\"},\"headline\":\"Por desconocimiento en los procesos, atraso log\u00edstico en votaciones 2021\",\"datePublished\":\"2021-06-06T20:59:56+00:00\",\"dateModified\":\"2021-06-06T21:00:22+00:00\",\"mainEntityOfPage\":{\"@id\":\"https:\\\/\\\/coparmexjal.org.mx\\\/entorno-empresarial\\\/por-desconocimiento-en-los-procesos-atraso-logistico-en-votaciones-2021\\\/\"},\"wordCount\":386,\"commentCount\":0,\"publisher\":{\"@id\":\"https:\\\/\\\/coparmexjal.org.mx\\\/entorno-empresarial\\\/#organization\"},\"image\":{\"@id\":\"https:\\\/\\\/coparmexjal.org.mx\\\/entorno-empresarial\\\/por-desconocimiento-en-los-procesos-atraso-logistico-en-votaciones-2021\\\/#primaryimage\"},\"thumbnailUrl\":\"https:\\\/\\\/coparmexjal.org.mx\\\/entorno-empresarial\\\/wp-content\\\/uploads\\\/2021\\\/06\\\/DSC01599.jpg\",\"keywords\":[\"Casillas\",\"Noticias\",\"Votaciones 2021\"],\"articleSection\":[\"Noticias\"],\"inLanguage\":\"es\",\"potentialAction\":[{\"@type\":\"CommentAction\",\"name\":\"Comment\",\"target\":[\"https:\\\/\\\/coparmexjal.org.mx\\\/entorno-empresarial\\\/por-desconocimiento-en-los-procesos-atraso-logistico-en-votaciones-2021\\\/#respond\"]}]},{\"@type\":\"WebPage\",\"@id\":\"https:\\\/\\\/coparmexjal.org.mx\\\/entorno-empresarial\\\/por-desconocimiento-en-los-procesos-atraso-logistico-en-votaciones-2021\\\/\",\"url\":\"https:\\\/\\\/coparmexjal.org.mx\\\/entorno-empresarial\\\/por-desconocimiento-en-los-procesos-atraso-logistico-en-votaciones-2021\\\/\",\"name\":\"Por desconocimiento en los procesos, atraso log\u00edstico en votaciones 2021 - Entorno Empresarial\",\"isPartOf\":{\"@id\":\"https:\\\/\\\/coparmexjal.org.mx\\\/entorno-empresarial\\\/#website\"},\"primaryImageOfPage\":{\"@id\":\"https:\\\/\\\/coparmexjal.org.mx\\\/entorno-empresarial\\\/por-desconocimiento-en-los-procesos-atraso-logistico-en-votaciones-2021\\\/#primaryimage\"},\"image\":{\"@id\":\"https:\\\/\\\/coparmexjal.org.mx\\\/entorno-empresarial\\\/por-desconocimiento-en-los-procesos-atraso-logistico-en-votaciones-2021\\\/#primaryimage\"},\"thumbnailUrl\":\"https:\\\/\\\/coparmexjal.org.mx\\\/entorno-empresarial\\\/wp-content\\\/uploads\\\/2021\\\/06\\\/DSC01599.jpg\",\"datePublished\":\"2021-06-06T20:59:56+00:00\",\"dateModified\":\"2021-06-06T21:00:22+00:00\",\"breadcrumb\":{\"@id\":\"https:\\\/\\\/coparmexjal.org.mx\\\/entorno-empresarial\\\/por-desconocimiento-en-los-procesos-atraso-logistico-en-votaciones-2021\\\/#breadcrumb\"},\"inLanguage\":\"es\",\"potentialAction\":[{\"@type\":\"ReadAction\",\"target\":[\"https:\\\/\\\/coparmexjal.org.mx\\\/entorno-empresarial\\\/por-desconocimiento-en-los-procesos-atraso-logistico-en-votaciones-2021\\\/\"]}]},{\"@type\":\"ImageObject\",\"inLanguage\":\"es\",\"@id\":\"https:\\\/\\\/coparmexjal.org.mx\\\/entorno-empresarial\\\/por-desconocimiento-en-los-procesos-atraso-logistico-en-votaciones-2021\\\/#primaryimage\",\"url\":\"https:\\\/\\\/coparmexjal.org.mx\\\/entorno-empresarial\\\/wp-content\\\/uploads\\\/2021\\\/06\\\/DSC01599.jpg\",\"contentUrl\":\"https:\\\/\\\/coparmexjal.org.mx\\\/entorno-empresarial\\\/wp-content\\\/uploads\\\/2021\\\/06\\\/DSC01599.jpg\",\"width\":1421,\"height\":800},{\"@type\":\"BreadcrumbList\",\"@id\":\"https:\\\/\\\/coparmexjal.org.mx\\\/entorno-empresarial\\\/por-desconocimiento-en-los-procesos-atraso-logistico-en-votaciones-2021\\\/#breadcrumb\",\"itemListElement\":[{\"@type\":\"ListItem\",\"position\":1,\"name\":\"Inicio\",\"item\":\"https:\\\/\\\/coparmexjal.org.mx\\\/entorno-empresarial\\\/\"},{\"@type\":\"ListItem\",\"position\":2,\"name\":\"Por desconocimiento en los procesos, atraso log\u00edstico en votaciones 2021\"}]},{\"@type\":\"WebSite\",\"@id\":\"https:\\\/\\\/coparmexjal.org.mx\\\/entorno-empresarial\\\/#website\",\"url\":\"https:\\\/\\\/coparmexjal.org.mx\\\/entorno-empresarial\\\/\",\"name\":\"Revista Entorno Empresarial\",\"description\":\"Coparmex Jalisco\",\"publisher\":{\"@id\":\"https:\\\/\\\/coparmexjal.org.mx\\\/entorno-empresarial\\\/#organization\"},\"potentialAction\":[{\"@type\":\"SearchAction\",\"target\":{\"@type\":\"EntryPoint\",\"urlTemplate\":\"https:\\\/\\\/coparmexjal.org.mx\\\/entorno-empresarial\\\/?s={search_term_string}\"},\"query-input\":{\"@type\":\"PropertyValueSpecification\",\"valueRequired\":true,\"valueName\":\"search_term_string\"}}],\"inLanguage\":\"es\"},{\"@type\":\"Organization\",\"@id\":\"https:\\\/\\\/coparmexjal.org.mx\\\/entorno-empresarial\\\/#organization\",\"name\":\"Coparmex Jalisco\",\"url\":\"https:\\\/\\\/coparmexjal.org.mx\\\/entorno-empresarial\\\/\",\"logo\":{\"@type\":\"ImageObject\",\"inLanguage\":\"es\",\"@id\":\"https:\\\/\\\/coparmexjal.org.mx\\\/entorno-empresarial\\\/#\\\/schema\\\/logo\\\/image\\\/\",\"url\":\"https:\\\/\\\/coparmexjal.org.mx\\\/entorno-empresarial\\\/wp-content\\\/uploads\\\/2020\\\/02\\\/logo-amp.png\",\"contentUrl\":\"https:\\\/\\\/coparmexjal.org.mx\\\/entorno-empresarial\\\/wp-content\\\/uploads\\\/2020\\\/02\\\/logo-amp.png\",\"width\":120,\"height\":90,\"caption\":\"Coparmex Jalisco\"},\"image\":{\"@id\":\"https:\\\/\\\/coparmexjal.org.mx\\\/entorno-empresarial\\\/#\\\/schema\\\/logo\\\/image\\\/\"},\"sameAs\":[\"https:\\\/\\\/facebook.com\\\/comcoparmex\",\"https:\\\/\\\/x.com\\\/comcoparmex\",\"http:\\\/\\\/instagram.com\\\/coparmexjalisco\",\"https:\\\/\\\/mx.linkedin.com\\\/company\\\/coparmex-jalisco\",\"https:\\\/\\\/www.youtube.com\\\/c\\\/CoparmexJaliscomx\"]},{\"@type\":\"Person\",\"@id\":\"https:\\\/\\\/coparmexjal.org.mx\\\/entorno-empresarial\\\/#\\\/schema\\\/person\\\/7d1d56a9587bfb3a725cd3dbfbdb9d44\",\"name\":\"Coparmex Jalisco\",\"image\":{\"@type\":\"ImageObject\",\"inLanguage\":\"es\",\"@id\":\"https:\\\/\\\/coparmexjal.org.mx\\\/entorno-empresarial\\\/wp-content\\\/uploads\\\/2020\\\/06\\\/favicon-150x133.png\",\"url\":\"https:\\\/\\\/coparmexjal.org.mx\\\/entorno-empresarial\\\/wp-content\\\/uploads\\\/2020\\\/06\\\/favicon-150x133.png\",\"contentUrl\":\"https:\\\/\\\/coparmexjal.org.mx\\\/entorno-empresarial\\\/wp-content\\\/uploads\\\/2020\\\/06\\\/favicon-150x133.png\",\"caption\":\"Coparmex Jalisco\"},\"url\":\"https:\\\/\\\/coparmexjal.org.mx\\\/entorno-empresarial\\\/author\\\/coparmexjalisco\\\/\"}]}<\/script>\n<!-- \/ Yoast SEO plugin. -->","yoast_head_json":{"title":"Por desconocimiento en los procesos, atraso log\u00edstico en votaciones 2021 - Entorno Empresarial","robots":{"index":"index","follow":"follow","max-snippet":"max-snippet:-1","max-image-preview":"max-image-preview:large","max-video-preview":"max-video-preview:-1"},"canonical":"https:\/\/coparmexjal.org.mx\/entorno-empresarial\/por-desconocimiento-en-los-procesos-atraso-logistico-en-votaciones-2021\/","og_locale":"es_MX","og_type":"article","og_title":"Por desconocimiento en los procesos, atraso log\u00edstico en votaciones 2021 - Entorno Empresarial","og_description":"La jornada ha transcurrido de forma lenta por los inconvenientes en la apertura y desconocimiento en los procesos.","og_url":"https:\/\/coparmexjal.org.mx\/entorno-empresarial\/por-desconocimiento-en-los-procesos-atraso-logistico-en-votaciones-2021\/","og_site_name":"Entorno Empresarial","article_publisher":"https:\/\/facebook.com\/comcoparmex","article_published_time":"2021-06-06T20:59:56+00:00","article_modified_time":"2021-06-06T21:00:22+00:00","og_image":[{"width":1421,"height":800,"url":"https:\/\/coparmexjal.org.mx\/entorno-empresarial\/wp-content\/uploads\/2021\/06\/DSC01599.jpg","type":"image\/jpeg"}],"author":"Coparmex Jalisco","twitter_card":"summary_large_image","twitter_creator":"@comcoparmex","twitter_site":"@comcoparmex","twitter_misc":{"Escrito por":"Coparmex Jalisco","Tiempo de lectura":"2 minutos"},"schema":{"@context":"https:\/\/schema.org","@graph":[{"@type":"Article","@id":"https:\/\/coparmexjal.org.mx\/entorno-empresarial\/por-desconocimiento-en-los-procesos-atraso-logistico-en-votaciones-2021\/#article","isPartOf":{"@id":"https:\/\/coparmexjal.org.mx\/entorno-empresarial\/por-desconocimiento-en-los-procesos-atraso-logistico-en-votaciones-2021\/"},"author":{"name":"Coparmex Jalisco","@id":"https:\/\/coparmexjal.org.mx\/entorno-empresarial\/#\/schema\/person\/7d1d56a9587bfb3a725cd3dbfbdb9d44"},"headline":"Por desconocimiento en los procesos, atraso log\u00edstico en votaciones 2021","datePublished":"2021-06-06T20:59:56+00:00","dateModified":"2021-06-06T21:00:22+00:00","mainEntityOfPage":{"@id":"https:\/\/coparmexjal.org.mx\/entorno-empresarial\/por-desconocimiento-en-los-procesos-atraso-logistico-en-votaciones-2021\/"},"wordCount":386,"commentCount":0,"publisher":{"@id":"https:\/\/coparmexjal.org.mx\/entorno-empresarial\/#organization"},"image":{"@id":"https:\/\/coparmexjal.org.mx\/entorno-empresarial\/por-desconocimiento-en-los-procesos-atraso-logistico-en-votaciones-2021\/#primaryimage"},"thumbnailUrl":"https:\/\/coparmexjal.org.mx\/entorno-empresarial\/wp-content\/uploads\/2021\/06\/DSC01599.jpg","keywords":["Casillas","Noticias","Votaciones 2021"],"articleSection":["Noticias"],"inLanguage":"es","potentialAction":[{"@type":"CommentAction","name":"Comment","target":["https:\/\/coparmexjal.org.mx\/entorno-empresarial\/por-desconocimiento-en-los-procesos-atraso-logistico-en-votaciones-2021\/#respond"]}]},{"@type":"WebPage","@id":"https:\/\/coparmexjal.org.mx\/entorno-empresarial\/por-desconocimiento-en-los-procesos-atraso-logistico-en-votaciones-2021\/","url":"https:\/\/coparmexjal.org.mx\/entorno-empresarial\/por-desconocimiento-en-los-procesos-atraso-logistico-en-votaciones-2021\/","name":"Por desconocimiento en los procesos, atraso log\u00edstico en votaciones 2021 - Entorno Empresarial","isPartOf":{"@id":"https:\/\/coparmexjal.org.mx\/entorno-empresarial\/#website"},"primaryImageOfPage":{"@id":"https:\/\/coparmexjal.org.mx\/entorno-empresarial\/por-desconocimiento-en-los-procesos-atraso-logistico-en-votaciones-2021\/#primaryimage"},"image":{"@id":"https:\/\/coparmexjal.org.mx\/entorno-empresarial\/por-desconocimiento-en-los-procesos-atraso-logistico-en-votaciones-2021\/#primaryimage"},"thumbnailUrl":"https:\/\/coparmexjal.org.mx\/entorno-empresarial\/wp-content\/uploads\/2021\/06\/DSC01599.jpg","datePublished":"2021-06-06T20:59:56+00:00","dateModified":"2021-06-06T21:00:22+00:00","breadcrumb":{"@id":"https:\/\/coparmexjal.org.mx\/entorno-empresarial\/por-desconocimiento-en-los-procesos-atraso-logistico-en-votaciones-2021\/#breadcrumb"},"inLanguage":"es","potentialAction":[{"@type":"ReadAction","target":["https:\/\/coparmexjal.org.mx\/entorno-empresarial\/por-desconocimiento-en-los-procesos-atraso-logistico-en-votaciones-2021\/"]}]},{"@type":"ImageObject","inLanguage":"es","@id":"https:\/\/coparmexjal.org.mx\/entorno-empresarial\/por-desconocimiento-en-los-procesos-atraso-logistico-en-votaciones-2021\/#primaryimage","url":"https:\/\/coparmexjal.org.mx\/entorno-empresarial\/wp-content\/uploads\/2021\/06\/DSC01599.jpg","contentUrl":"https:\/\/coparmexjal.org.mx\/entorno-empresarial\/wp-content\/uploads\/2021\/06\/DSC01599.jpg","width":1421,"height":800},{"@type":"BreadcrumbList","@id":"https:\/\/coparmexjal.org.mx\/entorno-empresarial\/por-desconocimiento-en-los-procesos-atraso-logistico-en-votaciones-2021\/#breadcrumb","itemListElement":[{"@type":"ListItem","position":1,"name":"Inicio","item":"https:\/\/coparmexjal.org.mx\/entorno-empresarial\/"},{"@type":"ListItem","position":2,"name":"Por desconocimiento en los procesos, atraso log\u00edstico en votaciones 2021"}]},{"@type":"WebSite","@id":"https:\/\/coparmexjal.org.mx\/entorno-empresarial\/#website","url":"https:\/\/coparmexjal.org.mx\/entorno-empresarial\/","name":"Revista Entorno Empresarial","description":"Coparmex Jalisco","publisher":{"@id":"https:\/\/coparmexjal.org.mx\/entorno-empresarial\/#organization"},"potentialAction":[{"@type":"SearchAction","target":{"@type":"EntryPoint","urlTemplate":"https:\/\/coparmexjal.org.mx\/entorno-empresarial\/?s={search_term_string}"},"query-input":{"@type":"PropertyValueSpecification","valueRequired":true,"valueName":"search_term_string"}}],"inLanguage":"es"},{"@type":"Organization","@id":"https:\/\/coparmexjal.org.mx\/entorno-empresarial\/#organization","name":"Coparmex Jalisco","url":"https:\/\/coparmexjal.org.mx\/entorno-empresarial\/","logo":{"@type":"ImageObject","inLanguage":"es","@id":"https:\/\/coparmexjal.org.mx\/entorno-empresarial\/#\/schema\/logo\/image\/","url":"https:\/\/coparmexjal.org.mx\/entorno-empresarial\/wp-content\/uploads\/2020\/02\/logo-amp.png","contentUrl":"https:\/\/coparmexjal.org.mx\/entorno-empresarial\/wp-content\/uploads\/2020\/02\/logo-amp.png","width":120,"height":90,"caption":"Coparmex Jalisco"},"image":{"@id":"https:\/\/coparmexjal.org.mx\/entorno-empresarial\/#\/schema\/logo\/image\/"},"sameAs":["https:\/\/facebook.com\/comcoparmex","https:\/\/x.com\/comcoparmex","http:\/\/instagram.com\/coparmexjalisco","https:\/\/mx.linkedin.com\/company\/coparmex-jalisco","https:\/\/www.youtube.com\/c\/CoparmexJaliscomx"]},{"@type":"Person","@id":"https:\/\/coparmexjal.org.mx\/entorno-empresarial\/#\/schema\/person\/7d1d56a9587bfb3a725cd3dbfbdb9d44","name":"Coparmex Jalisco","image":{"@type":"ImageObject","inLanguage":"es","@id":"https:\/\/coparmexjal.org.mx\/entorno-empresarial\/wp-content\/uploads\/2020\/06\/favicon-150x133.png","url":"https:\/\/coparmexjal.org.mx\/entorno-empresarial\/wp-content\/uploads\/2020\/06\/favicon-150x133.png","contentUrl":"https:\/\/coparmexjal.org.mx\/entorno-empresarial\/wp-content\/uploads\/2020\/06\/favicon-150x133.png","caption":"Coparmex Jalisco"},"url":"https:\/\/coparmexjal.org.mx\/entorno-empresarial\/author\/coparmexjalisco\/"}]}},"_links":{"self":[{"href":"https:\/\/coparmexjal.org.mx\/entorno-empresarial\/wp-json\/wp\/v2\/posts\/5283","targetHints":{"allow":["GET"]}}],"collection":[{"href":"https:\/\/coparmexjal.org.mx\/entorno-empresarial\/wp-json\/wp\/v2\/posts"}],"about":[{"href":"https:\/\/coparmexjal.org.mx\/entorno-empresarial\/wp-json\/wp\/v2\/types\/post"}],"author":[{"embeddable":true,"href":"https:\/\/coparmexjal.org.mx\/entorno-empresarial\/wp-json\/wp\/v2\/users\/2"}],"replies":[{"embeddable":true,"href":"https:\/\/coparmexjal.org.mx\/entorno-empresarial\/wp-json\/wp\/v2\/comments?post=5283"}],"version-history":[{"count":4,"href":"https:\/\/coparmexjal.org.mx\/entorno-empresarial\/wp-json\/wp\/v2\/posts\/5283\/revisions"}],"predecessor-version":[{"id":5289,"href":"https:\/\/coparmexjal.org.mx\/entorno-empresarial\/wp-json\/wp\/v2\/posts\/5283\/revisions\/5289"}],"wp:featuredmedia":[{"embeddable":true,"href":"https:\/\/coparmexjal.org.mx\/entorno-empresarial\/wp-json\/wp\/v2\/media\/5286"}],"wp:attachment":[{"href":"https:\/\/coparmexjal.org.mx\/entorno-empresarial\/wp-json\/wp\/v2\/media?parent=5283"}],"wp:term":[{"taxonomy":"category","embeddable":true,"href":"https:\/\/coparmexjal.org.mx\/entorno-empresarial\/wp-json\/wp\/v2\/categories?post=5283"},{"taxonomy":"post_tag","embeddable":true,"href":"https:\/\/coparmexjal.org.mx\/entorno-empresarial\/wp-json\/wp\/v2\/tags?post=5283"}],"curies":[{"name":"wp","href":"https:\/\/api.w.org\/{rel}","templated":true}]}}