{"id":5209,"date":"2021-05-27T17:34:25","date_gmt":"2021-05-27T22:34:25","guid":{"rendered":"https:\/\/coparmexjal.org.mx\/entorno-empresarial\/?p=5209"},"modified":"2021-05-27T17:34:43","modified_gmt":"2021-05-27T22:34:43","slug":"candidatas-y-candidatos-de-hagamos-dialogan-con-comunidad-de-coparmex-jalisco","status":"publish","type":"post","link":"https:\/\/coparmexjal.org.mx\/entorno-empresarial\/candidatas-y-candidatos-de-hagamos-dialogan-con-comunidad-de-coparmex-jalisco\/","title":{"rendered":"Candidatas y Candidatos de Hagamos, dialogan con comunidad de Coparmex Jalisco"},"content":{"rendered":"\n<figure class=\"wp-block-pullquote\"><blockquote><p><em>En el Foro Decide por Jalisco organizado por Coparmex, las y los candidatos presentaron sus propuestas de la zona metropolitana de Guadalajara a la alcald\u00eda<\/em><\/p><\/blockquote><\/figure>\n\n\n\n<p>Mar\u00eda G\u00f3mez Rueda, Candidata a la Presidencia Municipal de Zapopan, Mar\u00eda Del Rosario Garc\u00eda Fletes, Candidata a la Presidencia Municipal de Tlajomulco de Z\u00fa\u00f1iga, Tonatiuh Bravo Padilla, Candidato a la Presidencia Municipal de Guadalajara y Juan Carlos Villarreal Salazar, Candidato a la Presidencia Municipal de Tonal\u00e1 fueron los candidatos que cerraron los foros.<\/p>\n\n\n\n<p>Entre los temas que se dialogaron con la comunidad de Coparmex Jalisco estuvieron: seguridad, educaci\u00f3n, econom\u00eda, desarrollo urbano y servicios p\u00fablicos y medio ambiente<\/p>\n\n\n\n<p>En materia de seguridad las y los candidatos del Partido Hagamos propusieron: Coordinaci\u00f3n de forma metropolitana, fortalecimiento del estado de fuerza, rescate de espacios p\u00fablicos para evitar adicciones, transformaci\u00f3n de la academia de polic\u00eda de Guadalajara como un instituto de capacitaci\u00f3n, implementar el uso de tecnolog\u00eda en la atenci\u00f3n de los delitos, fortalecimiento del programa \u201cSenderos Seguros\u201d, salarios dignos para la polic\u00eda municipal y capacitaci\u00f3n de las polic\u00edas en derechos humanos y perspectiva de g\u00e9nero.<\/p>\n\n\n\n<p>En educaci\u00f3n propusieron programas de capacitaci\u00f3n, realizar un diagn\u00f3stico de necesidades de escuelas, implementar programas de apoyo para alumnos sobresalientes y coordinaci\u00f3n con el gobierno del estado para garantizar escuelas inclusivas.<\/p>\n\n\n\n<p>Simplificaci\u00f3n de tr\u00e1mites, impulso a la innovaci\u00f3n y digitalizaci\u00f3n, condonaci\u00f3n de pagos en mercados, capacitaci\u00f3n, mediante las academias municipales, programa de empleabilidad de j\u00f3venes, creaci\u00f3n de plataformas de venta electr\u00f3nica y promoci\u00f3n de evaluaciones de mejora regulatoria fueron las propuestas en materia econ\u00f3mica.<\/p>\n\n\n\n<p>Adem\u00e1s, las y los candidatos firmaron el compromiso de rendici\u00f3n de cuentas \u00bfQu\u00e9 has hecho Alcalde?<\/p>\n","protected":false},"excerpt":{"rendered":"<p>En el Foro Decide por Jalisco organizado por Coparmex, las y los candidatos presentaron sus propuestas de la zona metropolitana de Guadalajara a la alcald\u00eda<\/p>\n","protected":false},"author":2,"featured_media":5210,"comment_status":"open","ping_status":"open","sticky":false,"template":"","format":"standard","meta":{"footnotes":""},"categories":[348],"tags":[766,405,320,802,892],"class_list":["post-5209","post","type-post","status-publish","format-standard","has-post-thumbnail","hentry","category-noticias","tag-candidatos","tag-coparmex-jalisco","tag-elecciones","tag-elecciones-2021","tag-partido-hagamos"],"yoast_head":"<!-- This site is optimized with the Yoast SEO plugin v27.5 - https:\/\/yoast.com\/product\/yoast-seo-wordpress\/ -->\n<title>Candidatas y Candidatos de Hagamos, dialogan con comunidad de Coparmex Jalisco - Entorno Empresarial<\/title>\n<meta name=\"robots\" content=\"index, follow, max-snippet:-1, max-image-preview:large, max-video-preview:-1\" \/>\n<link rel=\"canonical\" href=\"https:\/\/coparmexjal.org.mx\/entorno-empresarial\/candidatas-y-candidatos-de-hagamos-dialogan-con-comunidad-de-coparmex-jalisco\/\" \/>\n<meta property=\"og:locale\" content=\"es_MX\" \/>\n<meta property=\"og:type\" content=\"article\" \/>\n<meta property=\"og:title\" content=\"Candidatas y Candidatos de Hagamos, dialogan con comunidad de Coparmex Jalisco - Entorno Empresarial\" \/>\n<meta property=\"og:description\" content=\"En el Foro Decide por Jalisco organizado por Coparmex, las y los candidatos presentaron sus propuestas de la zona metropolitana de Guadalajara a la alcald\u00eda\" \/>\n<meta property=\"og:url\" content=\"https:\/\/coparmexjal.org.mx\/entorno-empresarial\/candidatas-y-candidatos-de-hagamos-dialogan-con-comunidad-de-coparmex-jalisco\/\" \/>\n<meta property=\"og:site_name\" content=\"Entorno Empresarial\" \/>\n<meta property=\"article:publisher\" content=\"https:\/\/facebook.com\/comcoparmex\" \/>\n<meta property=\"article:published_time\" content=\"2021-05-27T22:34:25+00:00\" \/>\n<meta property=\"article:modified_time\" content=\"2021-05-27T22:34:43+00:00\" \/>\n<meta property=\"og:image\" content=\"https:\/\/coparmexjal.org.mx\/entorno-empresarial\/wp-content\/uploads\/2021\/05\/WhatsApp-Image-2021-05-27-at-5.33.07-PM.jpeg\" \/>\n\t<meta property=\"og:image:width\" content=\"1200\" \/>\n\t<meta property=\"og:image:height\" content=\"800\" \/>\n\t<meta property=\"og:image:type\" content=\"image\/jpeg\" \/>\n<meta name=\"author\" content=\"Coparmex Jalisco\" \/>\n<meta name=\"twitter:card\" content=\"summary_large_image\" \/>\n<meta name=\"twitter:creator\" content=\"@comcoparmex\" \/>\n<meta name=\"twitter:site\" content=\"@comcoparmex\" \/>\n<meta name=\"twitter:label1\" content=\"Escrito por\" \/>\n\t<meta name=\"twitter:data1\" content=\"Coparmex Jalisco\" \/>\n\t<meta name=\"twitter:label2\" content=\"Tiempo de lectura\" \/>\n\t<meta name=\"twitter:data2\" content=\"2 minutos\" \/>\n<script type=\"application\/ld+json\" class=\"yoast-schema-graph\">{\"@context\":\"https:\\\/\\\/schema.org\",\"@graph\":[{\"@type\":\"Article\",\"@id\":\"https:\\\/\\\/coparmexjal.org.mx\\\/entorno-empresarial\\\/candidatas-y-candidatos-de-hagamos-dialogan-con-comunidad-de-coparmex-jalisco\\\/#article\",\"isPartOf\":{\"@id\":\"https:\\\/\\\/coparmexjal.org.mx\\\/entorno-empresarial\\\/candidatas-y-candidatos-de-hagamos-dialogan-con-comunidad-de-coparmex-jalisco\\\/\"},\"author\":{\"name\":\"Coparmex Jalisco\",\"@id\":\"https:\\\/\\\/coparmexjal.org.mx\\\/entorno-empresarial\\\/#\\\/schema\\\/person\\\/7d1d56a9587bfb3a725cd3dbfbdb9d44\"},\"headline\":\"Candidatas y Candidatos de Hagamos, dialogan con comunidad de Coparmex Jalisco\",\"datePublished\":\"2021-05-27T22:34:25+00:00\",\"dateModified\":\"2021-05-27T22:34:43+00:00\",\"mainEntityOfPage\":{\"@id\":\"https:\\\/\\\/coparmexjal.org.mx\\\/entorno-empresarial\\\/candidatas-y-candidatos-de-hagamos-dialogan-con-comunidad-de-coparmex-jalisco\\\/\"},\"wordCount\":315,\"commentCount\":0,\"publisher\":{\"@id\":\"https:\\\/\\\/coparmexjal.org.mx\\\/entorno-empresarial\\\/#organization\"},\"image\":{\"@id\":\"https:\\\/\\\/coparmexjal.org.mx\\\/entorno-empresarial\\\/candidatas-y-candidatos-de-hagamos-dialogan-con-comunidad-de-coparmex-jalisco\\\/#primaryimage\"},\"thumbnailUrl\":\"https:\\\/\\\/coparmexjal.org.mx\\\/entorno-empresarial\\\/wp-content\\\/uploads\\\/2021\\\/05\\\/WhatsApp-Image-2021-05-27-at-5.33.07-PM.jpeg\",\"keywords\":[\"Candidatos\",\"coparmex jalisco\",\"elecciones\",\"Elecciones 2021\",\"Partido Hagamos\"],\"articleSection\":[\"Noticias\"],\"inLanguage\":\"es\",\"potentialAction\":[{\"@type\":\"CommentAction\",\"name\":\"Comment\",\"target\":[\"https:\\\/\\\/coparmexjal.org.mx\\\/entorno-empresarial\\\/candidatas-y-candidatos-de-hagamos-dialogan-con-comunidad-de-coparmex-jalisco\\\/#respond\"]}]},{\"@type\":\"WebPage\",\"@id\":\"https:\\\/\\\/coparmexjal.org.mx\\\/entorno-empresarial\\\/candidatas-y-candidatos-de-hagamos-dialogan-con-comunidad-de-coparmex-jalisco\\\/\",\"url\":\"https:\\\/\\\/coparmexjal.org.mx\\\/entorno-empresarial\\\/candidatas-y-candidatos-de-hagamos-dialogan-con-comunidad-de-coparmex-jalisco\\\/\",\"name\":\"Candidatas y Candidatos de Hagamos, dialogan con comunidad de Coparmex Jalisco - Entorno Empresarial\",\"isPartOf\":{\"@id\":\"https:\\\/\\\/coparmexjal.org.mx\\\/entorno-empresarial\\\/#website\"},\"primaryImageOfPage\":{\"@id\":\"https:\\\/\\\/coparmexjal.org.mx\\\/entorno-empresarial\\\/candidatas-y-candidatos-de-hagamos-dialogan-con-comunidad-de-coparmex-jalisco\\\/#primaryimage\"},\"image\":{\"@id\":\"https:\\\/\\\/coparmexjal.org.mx\\\/entorno-empresarial\\\/candidatas-y-candidatos-de-hagamos-dialogan-con-comunidad-de-coparmex-jalisco\\\/#primaryimage\"},\"thumbnailUrl\":\"https:\\\/\\\/coparmexjal.org.mx\\\/entorno-empresarial\\\/wp-content\\\/uploads\\\/2021\\\/05\\\/WhatsApp-Image-2021-05-27-at-5.33.07-PM.jpeg\",\"datePublished\":\"2021-05-27T22:34:25+00:00\",\"dateModified\":\"2021-05-27T22:34:43+00:00\",\"breadcrumb\":{\"@id\":\"https:\\\/\\\/coparmexjal.org.mx\\\/entorno-empresarial\\\/candidatas-y-candidatos-de-hagamos-dialogan-con-comunidad-de-coparmex-jalisco\\\/#breadcrumb\"},\"inLanguage\":\"es\",\"potentialAction\":[{\"@type\":\"ReadAction\",\"target\":[\"https:\\\/\\\/coparmexjal.org.mx\\\/entorno-empresarial\\\/candidatas-y-candidatos-de-hagamos-dialogan-con-comunidad-de-coparmex-jalisco\\\/\"]}]},{\"@type\":\"ImageObject\",\"inLanguage\":\"es\",\"@id\":\"https:\\\/\\\/coparmexjal.org.mx\\\/entorno-empresarial\\\/candidatas-y-candidatos-de-hagamos-dialogan-con-comunidad-de-coparmex-jalisco\\\/#primaryimage\",\"url\":\"https:\\\/\\\/coparmexjal.org.mx\\\/entorno-empresarial\\\/wp-content\\\/uploads\\\/2021\\\/05\\\/WhatsApp-Image-2021-05-27-at-5.33.07-PM.jpeg\",\"contentUrl\":\"https:\\\/\\\/coparmexjal.org.mx\\\/entorno-empresarial\\\/wp-content\\\/uploads\\\/2021\\\/05\\\/WhatsApp-Image-2021-05-27-at-5.33.07-PM.jpeg\",\"width\":1200,\"height\":800},{\"@type\":\"BreadcrumbList\",\"@id\":\"https:\\\/\\\/coparmexjal.org.mx\\\/entorno-empresarial\\\/candidatas-y-candidatos-de-hagamos-dialogan-con-comunidad-de-coparmex-jalisco\\\/#breadcrumb\",\"itemListElement\":[{\"@type\":\"ListItem\",\"position\":1,\"name\":\"Inicio\",\"item\":\"https:\\\/\\\/coparmexjal.org.mx\\\/entorno-empresarial\\\/\"},{\"@type\":\"ListItem\",\"position\":2,\"name\":\"Candidatas y Candidatos de Hagamos, dialogan con comunidad de Coparmex Jalisco\"}]},{\"@type\":\"WebSite\",\"@id\":\"https:\\\/\\\/coparmexjal.org.mx\\\/entorno-empresarial\\\/#website\",\"url\":\"https:\\\/\\\/coparmexjal.org.mx\\\/entorno-empresarial\\\/\",\"name\":\"Revista Entorno Empresarial\",\"description\":\"Coparmex Jalisco\",\"publisher\":{\"@id\":\"https:\\\/\\\/coparmexjal.org.mx\\\/entorno-empresarial\\\/#organization\"},\"potentialAction\":[{\"@type\":\"SearchAction\",\"target\":{\"@type\":\"EntryPoint\",\"urlTemplate\":\"https:\\\/\\\/coparmexjal.org.mx\\\/entorno-empresarial\\\/?s={search_term_string}\"},\"query-input\":{\"@type\":\"PropertyValueSpecification\",\"valueRequired\":true,\"valueName\":\"search_term_string\"}}],\"inLanguage\":\"es\"},{\"@type\":\"Organization\",\"@id\":\"https:\\\/\\\/coparmexjal.org.mx\\\/entorno-empresarial\\\/#organization\",\"name\":\"Coparmex Jalisco\",\"url\":\"https:\\\/\\\/coparmexjal.org.mx\\\/entorno-empresarial\\\/\",\"logo\":{\"@type\":\"ImageObject\",\"inLanguage\":\"es\",\"@id\":\"https:\\\/\\\/coparmexjal.org.mx\\\/entorno-empresarial\\\/#\\\/schema\\\/logo\\\/image\\\/\",\"url\":\"https:\\\/\\\/coparmexjal.org.mx\\\/entorno-empresarial\\\/wp-content\\\/uploads\\\/2020\\\/02\\\/logo-amp.png\",\"contentUrl\":\"https:\\\/\\\/coparmexjal.org.mx\\\/entorno-empresarial\\\/wp-content\\\/uploads\\\/2020\\\/02\\\/logo-amp.png\",\"width\":120,\"height\":90,\"caption\":\"Coparmex Jalisco\"},\"image\":{\"@id\":\"https:\\\/\\\/coparmexjal.org.mx\\\/entorno-empresarial\\\/#\\\/schema\\\/logo\\\/image\\\/\"},\"sameAs\":[\"https:\\\/\\\/facebook.com\\\/comcoparmex\",\"https:\\\/\\\/x.com\\\/comcoparmex\",\"http:\\\/\\\/instagram.com\\\/coparmexjalisco\",\"https:\\\/\\\/mx.linkedin.com\\\/company\\\/coparmex-jalisco\",\"https:\\\/\\\/www.youtube.com\\\/c\\\/CoparmexJaliscomx\"]},{\"@type\":\"Person\",\"@id\":\"https:\\\/\\\/coparmexjal.org.mx\\\/entorno-empresarial\\\/#\\\/schema\\\/person\\\/7d1d56a9587bfb3a725cd3dbfbdb9d44\",\"name\":\"Coparmex Jalisco\",\"image\":{\"@type\":\"ImageObject\",\"inLanguage\":\"es\",\"@id\":\"https:\\\/\\\/coparmexjal.org.mx\\\/entorno-empresarial\\\/wp-content\\\/uploads\\\/2020\\\/06\\\/favicon-150x133.png\",\"url\":\"https:\\\/\\\/coparmexjal.org.mx\\\/entorno-empresarial\\\/wp-content\\\/uploads\\\/2020\\\/06\\\/favicon-150x133.png\",\"contentUrl\":\"https:\\\/\\\/coparmexjal.org.mx\\\/entorno-empresarial\\\/wp-content\\\/uploads\\\/2020\\\/06\\\/favicon-150x133.png\",\"caption\":\"Coparmex Jalisco\"},\"url\":\"https:\\\/\\\/coparmexjal.org.mx\\\/entorno-empresarial\\\/author\\\/coparmexjalisco\\\/\"}]}<\/script>\n<!-- \/ Yoast SEO plugin. -->","yoast_head_json":{"title":"Candidatas y Candidatos de Hagamos, dialogan con comunidad de Coparmex Jalisco - Entorno Empresarial","robots":{"index":"index","follow":"follow","max-snippet":"max-snippet:-1","max-image-preview":"max-image-preview:large","max-video-preview":"max-video-preview:-1"},"canonical":"https:\/\/coparmexjal.org.mx\/entorno-empresarial\/candidatas-y-candidatos-de-hagamos-dialogan-con-comunidad-de-coparmex-jalisco\/","og_locale":"es_MX","og_type":"article","og_title":"Candidatas y Candidatos de Hagamos, dialogan con comunidad de Coparmex Jalisco - Entorno Empresarial","og_description":"En el Foro Decide por Jalisco organizado por Coparmex, las y los candidatos presentaron sus propuestas de la zona metropolitana de Guadalajara a la alcald\u00eda","og_url":"https:\/\/coparmexjal.org.mx\/entorno-empresarial\/candidatas-y-candidatos-de-hagamos-dialogan-con-comunidad-de-coparmex-jalisco\/","og_site_name":"Entorno Empresarial","article_publisher":"https:\/\/facebook.com\/comcoparmex","article_published_time":"2021-05-27T22:34:25+00:00","article_modified_time":"2021-05-27T22:34:43+00:00","og_image":[{"width":1200,"height":800,"url":"https:\/\/coparmexjal.org.mx\/entorno-empresarial\/wp-content\/uploads\/2021\/05\/WhatsApp-Image-2021-05-27-at-5.33.07-PM.jpeg","type":"image\/jpeg"}],"author":"Coparmex Jalisco","twitter_card":"summary_large_image","twitter_creator":"@comcoparmex","twitter_site":"@comcoparmex","twitter_misc":{"Escrito por":"Coparmex Jalisco","Tiempo de lectura":"2 minutos"},"schema":{"@context":"https:\/\/schema.org","@graph":[{"@type":"Article","@id":"https:\/\/coparmexjal.org.mx\/entorno-empresarial\/candidatas-y-candidatos-de-hagamos-dialogan-con-comunidad-de-coparmex-jalisco\/#article","isPartOf":{"@id":"https:\/\/coparmexjal.org.mx\/entorno-empresarial\/candidatas-y-candidatos-de-hagamos-dialogan-con-comunidad-de-coparmex-jalisco\/"},"author":{"name":"Coparmex Jalisco","@id":"https:\/\/coparmexjal.org.mx\/entorno-empresarial\/#\/schema\/person\/7d1d56a9587bfb3a725cd3dbfbdb9d44"},"headline":"Candidatas y Candidatos de Hagamos, dialogan con comunidad de Coparmex Jalisco","datePublished":"2021-05-27T22:34:25+00:00","dateModified":"2021-05-27T22:34:43+00:00","mainEntityOfPage":{"@id":"https:\/\/coparmexjal.org.mx\/entorno-empresarial\/candidatas-y-candidatos-de-hagamos-dialogan-con-comunidad-de-coparmex-jalisco\/"},"wordCount":315,"commentCount":0,"publisher":{"@id":"https:\/\/coparmexjal.org.mx\/entorno-empresarial\/#organization"},"image":{"@id":"https:\/\/coparmexjal.org.mx\/entorno-empresarial\/candidatas-y-candidatos-de-hagamos-dialogan-con-comunidad-de-coparmex-jalisco\/#primaryimage"},"thumbnailUrl":"https:\/\/coparmexjal.org.mx\/entorno-empresarial\/wp-content\/uploads\/2021\/05\/WhatsApp-Image-2021-05-27-at-5.33.07-PM.jpeg","keywords":["Candidatos","coparmex jalisco","elecciones","Elecciones 2021","Partido Hagamos"],"articleSection":["Noticias"],"inLanguage":"es","potentialAction":[{"@type":"CommentAction","name":"Comment","target":["https:\/\/coparmexjal.org.mx\/entorno-empresarial\/candidatas-y-candidatos-de-hagamos-dialogan-con-comunidad-de-coparmex-jalisco\/#respond"]}]},{"@type":"WebPage","@id":"https:\/\/coparmexjal.org.mx\/entorno-empresarial\/candidatas-y-candidatos-de-hagamos-dialogan-con-comunidad-de-coparmex-jalisco\/","url":"https:\/\/coparmexjal.org.mx\/entorno-empresarial\/candidatas-y-candidatos-de-hagamos-dialogan-con-comunidad-de-coparmex-jalisco\/","name":"Candidatas y Candidatos de Hagamos, dialogan con comunidad de Coparmex Jalisco - Entorno Empresarial","isPartOf":{"@id":"https:\/\/coparmexjal.org.mx\/entorno-empresarial\/#website"},"primaryImageOfPage":{"@id":"https:\/\/coparmexjal.org.mx\/entorno-empresarial\/candidatas-y-candidatos-de-hagamos-dialogan-con-comunidad-de-coparmex-jalisco\/#primaryimage"},"image":{"@id":"https:\/\/coparmexjal.org.mx\/entorno-empresarial\/candidatas-y-candidatos-de-hagamos-dialogan-con-comunidad-de-coparmex-jalisco\/#primaryimage"},"thumbnailUrl":"https:\/\/coparmexjal.org.mx\/entorno-empresarial\/wp-content\/uploads\/2021\/05\/WhatsApp-Image-2021-05-27-at-5.33.07-PM.jpeg","datePublished":"2021-05-27T22:34:25+00:00","dateModified":"2021-05-27T22:34:43+00:00","breadcrumb":{"@id":"https:\/\/coparmexjal.org.mx\/entorno-empresarial\/candidatas-y-candidatos-de-hagamos-dialogan-con-comunidad-de-coparmex-jalisco\/#breadcrumb"},"inLanguage":"es","potentialAction":[{"@type":"ReadAction","target":["https:\/\/coparmexjal.org.mx\/entorno-empresarial\/candidatas-y-candidatos-de-hagamos-dialogan-con-comunidad-de-coparmex-jalisco\/"]}]},{"@type":"ImageObject","inLanguage":"es","@id":"https:\/\/coparmexjal.org.mx\/entorno-empresarial\/candidatas-y-candidatos-de-hagamos-dialogan-con-comunidad-de-coparmex-jalisco\/#primaryimage","url":"https:\/\/coparmexjal.org.mx\/entorno-empresarial\/wp-content\/uploads\/2021\/05\/WhatsApp-Image-2021-05-27-at-5.33.07-PM.jpeg","contentUrl":"https:\/\/coparmexjal.org.mx\/entorno-empresarial\/wp-content\/uploads\/2021\/05\/WhatsApp-Image-2021-05-27-at-5.33.07-PM.jpeg","width":1200,"height":800},{"@type":"BreadcrumbList","@id":"https:\/\/coparmexjal.org.mx\/entorno-empresarial\/candidatas-y-candidatos-de-hagamos-dialogan-con-comunidad-de-coparmex-jalisco\/#breadcrumb","itemListElement":[{"@type":"ListItem","position":1,"name":"Inicio","item":"https:\/\/coparmexjal.org.mx\/entorno-empresarial\/"},{"@type":"ListItem","position":2,"name":"Candidatas y Candidatos de Hagamos, dialogan con comunidad de Coparmex Jalisco"}]},{"@type":"WebSite","@id":"https:\/\/coparmexjal.org.mx\/entorno-empresarial\/#website","url":"https:\/\/coparmexjal.org.mx\/entorno-empresarial\/","name":"Revista Entorno Empresarial","description":"Coparmex Jalisco","publisher":{"@id":"https:\/\/coparmexjal.org.mx\/entorno-empresarial\/#organization"},"potentialAction":[{"@type":"SearchAction","target":{"@type":"EntryPoint","urlTemplate":"https:\/\/coparmexjal.org.mx\/entorno-empresarial\/?s={search_term_string}"},"query-input":{"@type":"PropertyValueSpecification","valueRequired":true,"valueName":"search_term_string"}}],"inLanguage":"es"},{"@type":"Organization","@id":"https:\/\/coparmexjal.org.mx\/entorno-empresarial\/#organization","name":"Coparmex Jalisco","url":"https:\/\/coparmexjal.org.mx\/entorno-empresarial\/","logo":{"@type":"ImageObject","inLanguage":"es","@id":"https:\/\/coparmexjal.org.mx\/entorno-empresarial\/#\/schema\/logo\/image\/","url":"https:\/\/coparmexjal.org.mx\/entorno-empresarial\/wp-content\/uploads\/2020\/02\/logo-amp.png","contentUrl":"https:\/\/coparmexjal.org.mx\/entorno-empresarial\/wp-content\/uploads\/2020\/02\/logo-amp.png","width":120,"height":90,"caption":"Coparmex Jalisco"},"image":{"@id":"https:\/\/coparmexjal.org.mx\/entorno-empresarial\/#\/schema\/logo\/image\/"},"sameAs":["https:\/\/facebook.com\/comcoparmex","https:\/\/x.com\/comcoparmex","http:\/\/instagram.com\/coparmexjalisco","https:\/\/mx.linkedin.com\/company\/coparmex-jalisco","https:\/\/www.youtube.com\/c\/CoparmexJaliscomx"]},{"@type":"Person","@id":"https:\/\/coparmexjal.org.mx\/entorno-empresarial\/#\/schema\/person\/7d1d56a9587bfb3a725cd3dbfbdb9d44","name":"Coparmex Jalisco","image":{"@type":"ImageObject","inLanguage":"es","@id":"https:\/\/coparmexjal.org.mx\/entorno-empresarial\/wp-content\/uploads\/2020\/06\/favicon-150x133.png","url":"https:\/\/coparmexjal.org.mx\/entorno-empresarial\/wp-content\/uploads\/2020\/06\/favicon-150x133.png","contentUrl":"https:\/\/coparmexjal.org.mx\/entorno-empresarial\/wp-content\/uploads\/2020\/06\/favicon-150x133.png","caption":"Coparmex Jalisco"},"url":"https:\/\/coparmexjal.org.mx\/entorno-empresarial\/author\/coparmexjalisco\/"}]}},"_links":{"self":[{"href":"https:\/\/coparmexjal.org.mx\/entorno-empresarial\/wp-json\/wp\/v2\/posts\/5209","targetHints":{"allow":["GET"]}}],"collection":[{"href":"https:\/\/coparmexjal.org.mx\/entorno-empresarial\/wp-json\/wp\/v2\/posts"}],"about":[{"href":"https:\/\/coparmexjal.org.mx\/entorno-empresarial\/wp-json\/wp\/v2\/types\/post"}],"author":[{"embeddable":true,"href":"https:\/\/coparmexjal.org.mx\/entorno-empresarial\/wp-json\/wp\/v2\/users\/2"}],"replies":[{"embeddable":true,"href":"https:\/\/coparmexjal.org.mx\/entorno-empresarial\/wp-json\/wp\/v2\/comments?post=5209"}],"version-history":[{"count":1,"href":"https:\/\/coparmexjal.org.mx\/entorno-empresarial\/wp-json\/wp\/v2\/posts\/5209\/revisions"}],"predecessor-version":[{"id":5211,"href":"https:\/\/coparmexjal.org.mx\/entorno-empresarial\/wp-json\/wp\/v2\/posts\/5209\/revisions\/5211"}],"wp:featuredmedia":[{"embeddable":true,"href":"https:\/\/coparmexjal.org.mx\/entorno-empresarial\/wp-json\/wp\/v2\/media\/5210"}],"wp:attachment":[{"href":"https:\/\/coparmexjal.org.mx\/entorno-empresarial\/wp-json\/wp\/v2\/media?parent=5209"}],"wp:term":[{"taxonomy":"category","embeddable":true,"href":"https:\/\/coparmexjal.org.mx\/entorno-empresarial\/wp-json\/wp\/v2\/categories?post=5209"},{"taxonomy":"post_tag","embeddable":true,"href":"https:\/\/coparmexjal.org.mx\/entorno-empresarial\/wp-json\/wp\/v2\/tags?post=5209"}],"curies":[{"name":"wp","href":"https:\/\/api.w.org\/{rel}","templated":true}]}}