{"id":5046,"date":"2021-05-11T17:03:07","date_gmt":"2021-05-11T22:03:07","guid":{"rendered":"https:\/\/coparmexjal.org.mx\/entorno-empresarial\/?p=5046"},"modified":"2021-05-11T17:03:11","modified_gmt":"2021-05-11T22:03:11","slug":"participan-candidatas-y-candidatos-de-futuro-en-foro-decide-por-jalisco","status":"publish","type":"post","link":"https:\/\/coparmexjal.org.mx\/entorno-empresarial\/participan-candidatas-y-candidatos-de-futuro-en-foro-decide-por-jalisco\/","title":{"rendered":"Participan candidatas y candidatos de Futuro en Foro Decide por Jalisco"},"content":{"rendered":"\n<figure class=\"wp-block-pullquote\"><blockquote><p><em>La promoci\u00f3n de una agenda de participaci\u00f3n ciudadana y vinculaci\u00f3n con el sector empresarial, principal propuesta de candidatas y candidatos de Futuro<\/em><\/p><\/blockquote><\/figure>\n\n\n\n<p>Como parte de la campa\u00f1a de participaci\u00f3n ciudadana que implement\u00f3 Coparmex Jalisco, las y los candidatos de Futuro a las alcald\u00edas de Guadalajara, Zapopan, Tlajomulco, Tlaquepaque y Tonal\u00e1 participaron en el Foro Decide por&nbsp;Jalisco.<\/p>\n\n\n\n<p>Entre las principales propuestas que presentaron las candidatas y los candidatos en materia de <strong>seguridad<\/strong> est\u00e1n: Fortalecer la aproximaci\u00f3n ciudadana a trav\u00e9s de la construcci\u00f3n de redes ciudadanas con representantes por colonia, coordinaci\u00f3n con la polic\u00eda del estado y la guardia nacional, reconstrucci\u00f3n del tejido social y reconciliaci\u00f3n entre la ciudadan\u00eda, respeto pleno de los derechos humanos por las autoridades policiacas y rescate de espacios p\u00fablicos; en <strong>educaci\u00f3n:<\/strong> Incremento en la inversi\u00f3n en equipamiento e infraestructura y conectividad, vinculaci\u00f3n con los padres de familia y el sector privado para disminuir los \u00edndices de rezago educativo, espacios de convivencia para el regreso a clases, adem\u00e1s implementaci\u00f3n y vigilancia de protocolos de sanitarios para regresar de forma segura a la escuela.<\/p>\n\n\n\n<p>En materia <strong>econ\u00f3mica<\/strong> proponen la digitalizaci\u00f3n de los procesos de apertura, programas de capacitaci\u00f3n en emprendimiento y desarrollo empresarial, promover programas de innovaci\u00f3n, alianzas para generar escuelas municipales de programaci\u00f3n, impulsar los corredores comerciales en los barrios, adaptar las necesidades productivas con planes educativos y capacitaci\u00f3n y construcci\u00f3n de bancos de proyectos para reactivar el centro hist\u00f3rico de Guadalajara. Adem\u00e1s, presentaron propuestas en materia de desarrollo urbano y medio ambiente.&nbsp;<\/p>\n\n\n\n<p>La Mtra. Dolores Eugenia P\u00e9rez Lazcarro, candidata a Presidenta Municipal de Guadalajara, la Lic. Tania Romero L\u00f3pez, candidata a Presidenta Municipal de Tlajomulco, el Mtro. Jos\u00e9 Pedro Kumamoto Aguilar, candidato a Presidente Municipal de Zapopan, el Lic. Jos\u00e9 Enrique D\u00edaz Mart\u00ednez, candidato a Presidente municipal de Tonal\u00e1 y el Mtro. Jorge Montoya Orozco, candidato a Presidente municipal de Tlaquepaque, firmaron tambi\u00e9n el compromiso para la rendici\u00f3n de cuentas \u00bfQu\u00e9 has hecho, alcalde?&nbsp;<\/p>\n","protected":false},"excerpt":{"rendered":"<p>La promoci\u00f3n de una agenda de participaci\u00f3n ciudadana y vinculaci\u00f3n con el sector empresarial, principal propuesta de candidatas y candidatos de Futuro Como parte de<\/p>\n","protected":false},"author":2,"featured_media":5047,"comment_status":"open","ping_status":"open","sticky":false,"template":"","format":"standard","meta":{"footnotes":""},"categories":[348],"tags":[766,405,320,802,469,865],"class_list":["post-5046","post","type-post","status-publish","format-standard","has-post-thumbnail","hentry","category-noticias","tag-candidatos","tag-coparmex-jalisco","tag-elecciones","tag-elecciones-2021","tag-futuro","tag-partidos"],"yoast_head":"<!-- This site is optimized with the Yoast SEO plugin v27.5 - https:\/\/yoast.com\/product\/yoast-seo-wordpress\/ -->\n<title>Participan candidatas y candidatos de Futuro en Foro Decide por Jalisco - Entorno Empresarial<\/title>\n<meta name=\"robots\" content=\"index, follow, max-snippet:-1, max-image-preview:large, max-video-preview:-1\" \/>\n<link rel=\"canonical\" href=\"https:\/\/coparmexjal.org.mx\/entorno-empresarial\/participan-candidatas-y-candidatos-de-futuro-en-foro-decide-por-jalisco\/\" \/>\n<meta property=\"og:locale\" content=\"es_MX\" \/>\n<meta property=\"og:type\" content=\"article\" \/>\n<meta property=\"og:title\" content=\"Participan candidatas y candidatos de Futuro en Foro Decide por Jalisco - Entorno Empresarial\" \/>\n<meta property=\"og:description\" content=\"La promoci\u00f3n de una agenda de participaci\u00f3n ciudadana y vinculaci\u00f3n con el sector empresarial, principal propuesta de candidatas y candidatos de Futuro Como parte de\" \/>\n<meta property=\"og:url\" content=\"https:\/\/coparmexjal.org.mx\/entorno-empresarial\/participan-candidatas-y-candidatos-de-futuro-en-foro-decide-por-jalisco\/\" \/>\n<meta property=\"og:site_name\" content=\"Entorno Empresarial\" \/>\n<meta property=\"article:publisher\" content=\"https:\/\/facebook.com\/comcoparmex\" \/>\n<meta property=\"article:published_time\" content=\"2021-05-11T22:03:07+00:00\" \/>\n<meta property=\"article:modified_time\" content=\"2021-05-11T22:03:11+00:00\" \/>\n<meta property=\"og:image\" content=\"https:\/\/coparmexjal.org.mx\/entorno-empresarial\/wp-content\/uploads\/2021\/05\/WhatsApp-Image-2021-05-11-at-12.20.06-PM.jpeg\" \/>\n\t<meta property=\"og:image:width\" content=\"1422\" \/>\n\t<meta property=\"og:image:height\" content=\"800\" \/>\n\t<meta property=\"og:image:type\" content=\"image\/jpeg\" \/>\n<meta name=\"author\" content=\"Coparmex Jalisco\" \/>\n<meta name=\"twitter:card\" content=\"summary_large_image\" \/>\n<meta name=\"twitter:creator\" content=\"@comcoparmex\" \/>\n<meta name=\"twitter:site\" content=\"@comcoparmex\" \/>\n<meta name=\"twitter:label1\" content=\"Escrito por\" \/>\n\t<meta name=\"twitter:data1\" content=\"Coparmex Jalisco\" \/>\n\t<meta name=\"twitter:label2\" content=\"Tiempo de lectura\" \/>\n\t<meta name=\"twitter:data2\" content=\"2 minutos\" \/>\n<script type=\"application\/ld+json\" class=\"yoast-schema-graph\">{\"@context\":\"https:\\\/\\\/schema.org\",\"@graph\":[{\"@type\":\"Article\",\"@id\":\"https:\\\/\\\/coparmexjal.org.mx\\\/entorno-empresarial\\\/participan-candidatas-y-candidatos-de-futuro-en-foro-decide-por-jalisco\\\/#article\",\"isPartOf\":{\"@id\":\"https:\\\/\\\/coparmexjal.org.mx\\\/entorno-empresarial\\\/participan-candidatas-y-candidatos-de-futuro-en-foro-decide-por-jalisco\\\/\"},\"author\":{\"name\":\"Coparmex Jalisco\",\"@id\":\"https:\\\/\\\/coparmexjal.org.mx\\\/entorno-empresarial\\\/#\\\/schema\\\/person\\\/7d1d56a9587bfb3a725cd3dbfbdb9d44\"},\"headline\":\"Participan candidatas y candidatos de Futuro en Foro Decide por Jalisco\",\"datePublished\":\"2021-05-11T22:03:07+00:00\",\"dateModified\":\"2021-05-11T22:03:11+00:00\",\"mainEntityOfPage\":{\"@id\":\"https:\\\/\\\/coparmexjal.org.mx\\\/entorno-empresarial\\\/participan-candidatas-y-candidatos-de-futuro-en-foro-decide-por-jalisco\\\/\"},\"wordCount\":368,\"commentCount\":0,\"publisher\":{\"@id\":\"https:\\\/\\\/coparmexjal.org.mx\\\/entorno-empresarial\\\/#organization\"},\"image\":{\"@id\":\"https:\\\/\\\/coparmexjal.org.mx\\\/entorno-empresarial\\\/participan-candidatas-y-candidatos-de-futuro-en-foro-decide-por-jalisco\\\/#primaryimage\"},\"thumbnailUrl\":\"https:\\\/\\\/coparmexjal.org.mx\\\/entorno-empresarial\\\/wp-content\\\/uploads\\\/2021\\\/05\\\/WhatsApp-Image-2021-05-11-at-12.20.06-PM.jpeg\",\"keywords\":[\"Candidatos\",\"coparmex jalisco\",\"elecciones\",\"Elecciones 2021\",\"futuro\",\"Partidos\"],\"articleSection\":[\"Noticias\"],\"inLanguage\":\"es\",\"potentialAction\":[{\"@type\":\"CommentAction\",\"name\":\"Comment\",\"target\":[\"https:\\\/\\\/coparmexjal.org.mx\\\/entorno-empresarial\\\/participan-candidatas-y-candidatos-de-futuro-en-foro-decide-por-jalisco\\\/#respond\"]}]},{\"@type\":\"WebPage\",\"@id\":\"https:\\\/\\\/coparmexjal.org.mx\\\/entorno-empresarial\\\/participan-candidatas-y-candidatos-de-futuro-en-foro-decide-por-jalisco\\\/\",\"url\":\"https:\\\/\\\/coparmexjal.org.mx\\\/entorno-empresarial\\\/participan-candidatas-y-candidatos-de-futuro-en-foro-decide-por-jalisco\\\/\",\"name\":\"Participan candidatas y candidatos de Futuro en Foro Decide por Jalisco - Entorno Empresarial\",\"isPartOf\":{\"@id\":\"https:\\\/\\\/coparmexjal.org.mx\\\/entorno-empresarial\\\/#website\"},\"primaryImageOfPage\":{\"@id\":\"https:\\\/\\\/coparmexjal.org.mx\\\/entorno-empresarial\\\/participan-candidatas-y-candidatos-de-futuro-en-foro-decide-por-jalisco\\\/#primaryimage\"},\"image\":{\"@id\":\"https:\\\/\\\/coparmexjal.org.mx\\\/entorno-empresarial\\\/participan-candidatas-y-candidatos-de-futuro-en-foro-decide-por-jalisco\\\/#primaryimage\"},\"thumbnailUrl\":\"https:\\\/\\\/coparmexjal.org.mx\\\/entorno-empresarial\\\/wp-content\\\/uploads\\\/2021\\\/05\\\/WhatsApp-Image-2021-05-11-at-12.20.06-PM.jpeg\",\"datePublished\":\"2021-05-11T22:03:07+00:00\",\"dateModified\":\"2021-05-11T22:03:11+00:00\",\"breadcrumb\":{\"@id\":\"https:\\\/\\\/coparmexjal.org.mx\\\/entorno-empresarial\\\/participan-candidatas-y-candidatos-de-futuro-en-foro-decide-por-jalisco\\\/#breadcrumb\"},\"inLanguage\":\"es\",\"potentialAction\":[{\"@type\":\"ReadAction\",\"target\":[\"https:\\\/\\\/coparmexjal.org.mx\\\/entorno-empresarial\\\/participan-candidatas-y-candidatos-de-futuro-en-foro-decide-por-jalisco\\\/\"]}]},{\"@type\":\"ImageObject\",\"inLanguage\":\"es\",\"@id\":\"https:\\\/\\\/coparmexjal.org.mx\\\/entorno-empresarial\\\/participan-candidatas-y-candidatos-de-futuro-en-foro-decide-por-jalisco\\\/#primaryimage\",\"url\":\"https:\\\/\\\/coparmexjal.org.mx\\\/entorno-empresarial\\\/wp-content\\\/uploads\\\/2021\\\/05\\\/WhatsApp-Image-2021-05-11-at-12.20.06-PM.jpeg\",\"contentUrl\":\"https:\\\/\\\/coparmexjal.org.mx\\\/entorno-empresarial\\\/wp-content\\\/uploads\\\/2021\\\/05\\\/WhatsApp-Image-2021-05-11-at-12.20.06-PM.jpeg\",\"width\":1422,\"height\":800},{\"@type\":\"BreadcrumbList\",\"@id\":\"https:\\\/\\\/coparmexjal.org.mx\\\/entorno-empresarial\\\/participan-candidatas-y-candidatos-de-futuro-en-foro-decide-por-jalisco\\\/#breadcrumb\",\"itemListElement\":[{\"@type\":\"ListItem\",\"position\":1,\"name\":\"Inicio\",\"item\":\"https:\\\/\\\/coparmexjal.org.mx\\\/entorno-empresarial\\\/\"},{\"@type\":\"ListItem\",\"position\":2,\"name\":\"Participan candidatas y candidatos de Futuro en Foro Decide por Jalisco\"}]},{\"@type\":\"WebSite\",\"@id\":\"https:\\\/\\\/coparmexjal.org.mx\\\/entorno-empresarial\\\/#website\",\"url\":\"https:\\\/\\\/coparmexjal.org.mx\\\/entorno-empresarial\\\/\",\"name\":\"Revista Entorno Empresarial\",\"description\":\"Coparmex Jalisco\",\"publisher\":{\"@id\":\"https:\\\/\\\/coparmexjal.org.mx\\\/entorno-empresarial\\\/#organization\"},\"potentialAction\":[{\"@type\":\"SearchAction\",\"target\":{\"@type\":\"EntryPoint\",\"urlTemplate\":\"https:\\\/\\\/coparmexjal.org.mx\\\/entorno-empresarial\\\/?s={search_term_string}\"},\"query-input\":{\"@type\":\"PropertyValueSpecification\",\"valueRequired\":true,\"valueName\":\"search_term_string\"}}],\"inLanguage\":\"es\"},{\"@type\":\"Organization\",\"@id\":\"https:\\\/\\\/coparmexjal.org.mx\\\/entorno-empresarial\\\/#organization\",\"name\":\"Coparmex Jalisco\",\"url\":\"https:\\\/\\\/coparmexjal.org.mx\\\/entorno-empresarial\\\/\",\"logo\":{\"@type\":\"ImageObject\",\"inLanguage\":\"es\",\"@id\":\"https:\\\/\\\/coparmexjal.org.mx\\\/entorno-empresarial\\\/#\\\/schema\\\/logo\\\/image\\\/\",\"url\":\"https:\\\/\\\/coparmexjal.org.mx\\\/entorno-empresarial\\\/wp-content\\\/uploads\\\/2020\\\/02\\\/logo-amp.png\",\"contentUrl\":\"https:\\\/\\\/coparmexjal.org.mx\\\/entorno-empresarial\\\/wp-content\\\/uploads\\\/2020\\\/02\\\/logo-amp.png\",\"width\":120,\"height\":90,\"caption\":\"Coparmex Jalisco\"},\"image\":{\"@id\":\"https:\\\/\\\/coparmexjal.org.mx\\\/entorno-empresarial\\\/#\\\/schema\\\/logo\\\/image\\\/\"},\"sameAs\":[\"https:\\\/\\\/facebook.com\\\/comcoparmex\",\"https:\\\/\\\/x.com\\\/comcoparmex\",\"http:\\\/\\\/instagram.com\\\/coparmexjalisco\",\"https:\\\/\\\/mx.linkedin.com\\\/company\\\/coparmex-jalisco\",\"https:\\\/\\\/www.youtube.com\\\/c\\\/CoparmexJaliscomx\"]},{\"@type\":\"Person\",\"@id\":\"https:\\\/\\\/coparmexjal.org.mx\\\/entorno-empresarial\\\/#\\\/schema\\\/person\\\/7d1d56a9587bfb3a725cd3dbfbdb9d44\",\"name\":\"Coparmex Jalisco\",\"image\":{\"@type\":\"ImageObject\",\"inLanguage\":\"es\",\"@id\":\"https:\\\/\\\/coparmexjal.org.mx\\\/entorno-empresarial\\\/wp-content\\\/uploads\\\/2020\\\/06\\\/favicon-150x133.png\",\"url\":\"https:\\\/\\\/coparmexjal.org.mx\\\/entorno-empresarial\\\/wp-content\\\/uploads\\\/2020\\\/06\\\/favicon-150x133.png\",\"contentUrl\":\"https:\\\/\\\/coparmexjal.org.mx\\\/entorno-empresarial\\\/wp-content\\\/uploads\\\/2020\\\/06\\\/favicon-150x133.png\",\"caption\":\"Coparmex Jalisco\"},\"url\":\"https:\\\/\\\/coparmexjal.org.mx\\\/entorno-empresarial\\\/author\\\/coparmexjalisco\\\/\"}]}<\/script>\n<!-- \/ Yoast SEO plugin. -->","yoast_head_json":{"title":"Participan candidatas y candidatos de Futuro en Foro Decide por Jalisco - Entorno Empresarial","robots":{"index":"index","follow":"follow","max-snippet":"max-snippet:-1","max-image-preview":"max-image-preview:large","max-video-preview":"max-video-preview:-1"},"canonical":"https:\/\/coparmexjal.org.mx\/entorno-empresarial\/participan-candidatas-y-candidatos-de-futuro-en-foro-decide-por-jalisco\/","og_locale":"es_MX","og_type":"article","og_title":"Participan candidatas y candidatos de Futuro en Foro Decide por Jalisco - Entorno Empresarial","og_description":"La promoci\u00f3n de una agenda de participaci\u00f3n ciudadana y vinculaci\u00f3n con el sector empresarial, principal propuesta de candidatas y candidatos de Futuro Como parte de","og_url":"https:\/\/coparmexjal.org.mx\/entorno-empresarial\/participan-candidatas-y-candidatos-de-futuro-en-foro-decide-por-jalisco\/","og_site_name":"Entorno Empresarial","article_publisher":"https:\/\/facebook.com\/comcoparmex","article_published_time":"2021-05-11T22:03:07+00:00","article_modified_time":"2021-05-11T22:03:11+00:00","og_image":[{"width":1422,"height":800,"url":"https:\/\/coparmexjal.org.mx\/entorno-empresarial\/wp-content\/uploads\/2021\/05\/WhatsApp-Image-2021-05-11-at-12.20.06-PM.jpeg","type":"image\/jpeg"}],"author":"Coparmex Jalisco","twitter_card":"summary_large_image","twitter_creator":"@comcoparmex","twitter_site":"@comcoparmex","twitter_misc":{"Escrito por":"Coparmex Jalisco","Tiempo de lectura":"2 minutos"},"schema":{"@context":"https:\/\/schema.org","@graph":[{"@type":"Article","@id":"https:\/\/coparmexjal.org.mx\/entorno-empresarial\/participan-candidatas-y-candidatos-de-futuro-en-foro-decide-por-jalisco\/#article","isPartOf":{"@id":"https:\/\/coparmexjal.org.mx\/entorno-empresarial\/participan-candidatas-y-candidatos-de-futuro-en-foro-decide-por-jalisco\/"},"author":{"name":"Coparmex Jalisco","@id":"https:\/\/coparmexjal.org.mx\/entorno-empresarial\/#\/schema\/person\/7d1d56a9587bfb3a725cd3dbfbdb9d44"},"headline":"Participan candidatas y candidatos de Futuro en Foro Decide por Jalisco","datePublished":"2021-05-11T22:03:07+00:00","dateModified":"2021-05-11T22:03:11+00:00","mainEntityOfPage":{"@id":"https:\/\/coparmexjal.org.mx\/entorno-empresarial\/participan-candidatas-y-candidatos-de-futuro-en-foro-decide-por-jalisco\/"},"wordCount":368,"commentCount":0,"publisher":{"@id":"https:\/\/coparmexjal.org.mx\/entorno-empresarial\/#organization"},"image":{"@id":"https:\/\/coparmexjal.org.mx\/entorno-empresarial\/participan-candidatas-y-candidatos-de-futuro-en-foro-decide-por-jalisco\/#primaryimage"},"thumbnailUrl":"https:\/\/coparmexjal.org.mx\/entorno-empresarial\/wp-content\/uploads\/2021\/05\/WhatsApp-Image-2021-05-11-at-12.20.06-PM.jpeg","keywords":["Candidatos","coparmex jalisco","elecciones","Elecciones 2021","futuro","Partidos"],"articleSection":["Noticias"],"inLanguage":"es","potentialAction":[{"@type":"CommentAction","name":"Comment","target":["https:\/\/coparmexjal.org.mx\/entorno-empresarial\/participan-candidatas-y-candidatos-de-futuro-en-foro-decide-por-jalisco\/#respond"]}]},{"@type":"WebPage","@id":"https:\/\/coparmexjal.org.mx\/entorno-empresarial\/participan-candidatas-y-candidatos-de-futuro-en-foro-decide-por-jalisco\/","url":"https:\/\/coparmexjal.org.mx\/entorno-empresarial\/participan-candidatas-y-candidatos-de-futuro-en-foro-decide-por-jalisco\/","name":"Participan candidatas y candidatos de Futuro en Foro Decide por Jalisco - Entorno Empresarial","isPartOf":{"@id":"https:\/\/coparmexjal.org.mx\/entorno-empresarial\/#website"},"primaryImageOfPage":{"@id":"https:\/\/coparmexjal.org.mx\/entorno-empresarial\/participan-candidatas-y-candidatos-de-futuro-en-foro-decide-por-jalisco\/#primaryimage"},"image":{"@id":"https:\/\/coparmexjal.org.mx\/entorno-empresarial\/participan-candidatas-y-candidatos-de-futuro-en-foro-decide-por-jalisco\/#primaryimage"},"thumbnailUrl":"https:\/\/coparmexjal.org.mx\/entorno-empresarial\/wp-content\/uploads\/2021\/05\/WhatsApp-Image-2021-05-11-at-12.20.06-PM.jpeg","datePublished":"2021-05-11T22:03:07+00:00","dateModified":"2021-05-11T22:03:11+00:00","breadcrumb":{"@id":"https:\/\/coparmexjal.org.mx\/entorno-empresarial\/participan-candidatas-y-candidatos-de-futuro-en-foro-decide-por-jalisco\/#breadcrumb"},"inLanguage":"es","potentialAction":[{"@type":"ReadAction","target":["https:\/\/coparmexjal.org.mx\/entorno-empresarial\/participan-candidatas-y-candidatos-de-futuro-en-foro-decide-por-jalisco\/"]}]},{"@type":"ImageObject","inLanguage":"es","@id":"https:\/\/coparmexjal.org.mx\/entorno-empresarial\/participan-candidatas-y-candidatos-de-futuro-en-foro-decide-por-jalisco\/#primaryimage","url":"https:\/\/coparmexjal.org.mx\/entorno-empresarial\/wp-content\/uploads\/2021\/05\/WhatsApp-Image-2021-05-11-at-12.20.06-PM.jpeg","contentUrl":"https:\/\/coparmexjal.org.mx\/entorno-empresarial\/wp-content\/uploads\/2021\/05\/WhatsApp-Image-2021-05-11-at-12.20.06-PM.jpeg","width":1422,"height":800},{"@type":"BreadcrumbList","@id":"https:\/\/coparmexjal.org.mx\/entorno-empresarial\/participan-candidatas-y-candidatos-de-futuro-en-foro-decide-por-jalisco\/#breadcrumb","itemListElement":[{"@type":"ListItem","position":1,"name":"Inicio","item":"https:\/\/coparmexjal.org.mx\/entorno-empresarial\/"},{"@type":"ListItem","position":2,"name":"Participan candidatas y candidatos de Futuro en Foro Decide por Jalisco"}]},{"@type":"WebSite","@id":"https:\/\/coparmexjal.org.mx\/entorno-empresarial\/#website","url":"https:\/\/coparmexjal.org.mx\/entorno-empresarial\/","name":"Revista Entorno Empresarial","description":"Coparmex Jalisco","publisher":{"@id":"https:\/\/coparmexjal.org.mx\/entorno-empresarial\/#organization"},"potentialAction":[{"@type":"SearchAction","target":{"@type":"EntryPoint","urlTemplate":"https:\/\/coparmexjal.org.mx\/entorno-empresarial\/?s={search_term_string}"},"query-input":{"@type":"PropertyValueSpecification","valueRequired":true,"valueName":"search_term_string"}}],"inLanguage":"es"},{"@type":"Organization","@id":"https:\/\/coparmexjal.org.mx\/entorno-empresarial\/#organization","name":"Coparmex Jalisco","url":"https:\/\/coparmexjal.org.mx\/entorno-empresarial\/","logo":{"@type":"ImageObject","inLanguage":"es","@id":"https:\/\/coparmexjal.org.mx\/entorno-empresarial\/#\/schema\/logo\/image\/","url":"https:\/\/coparmexjal.org.mx\/entorno-empresarial\/wp-content\/uploads\/2020\/02\/logo-amp.png","contentUrl":"https:\/\/coparmexjal.org.mx\/entorno-empresarial\/wp-content\/uploads\/2020\/02\/logo-amp.png","width":120,"height":90,"caption":"Coparmex Jalisco"},"image":{"@id":"https:\/\/coparmexjal.org.mx\/entorno-empresarial\/#\/schema\/logo\/image\/"},"sameAs":["https:\/\/facebook.com\/comcoparmex","https:\/\/x.com\/comcoparmex","http:\/\/instagram.com\/coparmexjalisco","https:\/\/mx.linkedin.com\/company\/coparmex-jalisco","https:\/\/www.youtube.com\/c\/CoparmexJaliscomx"]},{"@type":"Person","@id":"https:\/\/coparmexjal.org.mx\/entorno-empresarial\/#\/schema\/person\/7d1d56a9587bfb3a725cd3dbfbdb9d44","name":"Coparmex Jalisco","image":{"@type":"ImageObject","inLanguage":"es","@id":"https:\/\/coparmexjal.org.mx\/entorno-empresarial\/wp-content\/uploads\/2020\/06\/favicon-150x133.png","url":"https:\/\/coparmexjal.org.mx\/entorno-empresarial\/wp-content\/uploads\/2020\/06\/favicon-150x133.png","contentUrl":"https:\/\/coparmexjal.org.mx\/entorno-empresarial\/wp-content\/uploads\/2020\/06\/favicon-150x133.png","caption":"Coparmex Jalisco"},"url":"https:\/\/coparmexjal.org.mx\/entorno-empresarial\/author\/coparmexjalisco\/"}]}},"_links":{"self":[{"href":"https:\/\/coparmexjal.org.mx\/entorno-empresarial\/wp-json\/wp\/v2\/posts\/5046","targetHints":{"allow":["GET"]}}],"collection":[{"href":"https:\/\/coparmexjal.org.mx\/entorno-empresarial\/wp-json\/wp\/v2\/posts"}],"about":[{"href":"https:\/\/coparmexjal.org.mx\/entorno-empresarial\/wp-json\/wp\/v2\/types\/post"}],"author":[{"embeddable":true,"href":"https:\/\/coparmexjal.org.mx\/entorno-empresarial\/wp-json\/wp\/v2\/users\/2"}],"replies":[{"embeddable":true,"href":"https:\/\/coparmexjal.org.mx\/entorno-empresarial\/wp-json\/wp\/v2\/comments?post=5046"}],"version-history":[{"count":1,"href":"https:\/\/coparmexjal.org.mx\/entorno-empresarial\/wp-json\/wp\/v2\/posts\/5046\/revisions"}],"predecessor-version":[{"id":5048,"href":"https:\/\/coparmexjal.org.mx\/entorno-empresarial\/wp-json\/wp\/v2\/posts\/5046\/revisions\/5048"}],"wp:featuredmedia":[{"embeddable":true,"href":"https:\/\/coparmexjal.org.mx\/entorno-empresarial\/wp-json\/wp\/v2\/media\/5047"}],"wp:attachment":[{"href":"https:\/\/coparmexjal.org.mx\/entorno-empresarial\/wp-json\/wp\/v2\/media?parent=5046"}],"wp:term":[{"taxonomy":"category","embeddable":true,"href":"https:\/\/coparmexjal.org.mx\/entorno-empresarial\/wp-json\/wp\/v2\/categories?post=5046"},{"taxonomy":"post_tag","embeddable":true,"href":"https:\/\/coparmexjal.org.mx\/entorno-empresarial\/wp-json\/wp\/v2\/tags?post=5046"}],"curies":[{"name":"wp","href":"https:\/\/api.w.org\/{rel}","templated":true}]}}