{"id":4929,"date":"2021-04-20T17:21:50","date_gmt":"2021-04-20T22:21:50","guid":{"rendered":"https:\/\/coparmexjal.org.mx\/entorno-empresarial\/?p=4929"},"modified":"2021-04-20T17:22:01","modified_gmt":"2021-04-20T22:22:01","slug":"puedo-emprender-sin-dejar-el-pasado-atras","status":"publish","type":"post","link":"https:\/\/coparmexjal.org.mx\/entorno-empresarial\/puedo-emprender-sin-dejar-el-pasado-atras\/","title":{"rendered":"\u00bfPuedo emprender sin dejar el pasado atr\u00e1s?"},"content":{"rendered":"\n<blockquote class=\"wp-block-quote is-layout-flow wp-block-quote-is-layout-flow\"><p>Si tienes los mismos pensamientos y sentimientos, seguir\u00e1s creando la misma realidad de siempre. Si puedes aceptar esto como una posibilidad, por l\u00f3gica tendr\u00e1s que aceptar que lo siguiente es posible:<strong> para crear en tu mundo personal algo distinto de aquello a lo que est\u00e1s acostumbrado, debes cambiar tu rutina diaria de pensar y sentir.<\/strong> <\/p><\/blockquote>\n\n\n\n<p>De lo contrario, si piensas y sientes siempre igual que el d\u00eda anterior y el otro que lo procede, <strong>seguir\u00e1s creando las mismas circunstancias en tu vida, y te generar\u00e1n las mismas emociones de siempre<\/strong>, lo cual te condicionar\u00e1 a pensar de acuerdo con esas emociones.<\/p>\n\n\n\n<p>Esta situaci\u00f3n se parece a la t\u00edpica imagen de un h\u00e1mster dando vueltas en una rueda. Mientras <strong>piensas constantemente en tus problemas<\/strong> (consiente o inconscientemente), s\u00f3lo est\u00e1s creando <strong>m\u00e1s dificultades<\/strong> de la misma clase. Tal vez piensas tanto en ellos porque fueron tus pensamientos los que los han creado. Quiz\u00e1 te parecen tan reales porque siempre te producen esos sentimientos tan conocidos que generaron tus problemas. Si insistes en pensar y sentir de acuerdo con las circunstancias de tu vida, est\u00e1s consolidando esa realidad en concreto.<\/p>\n\n\n\n<p>Para cambiar tu vida<strong>, <\/strong>cambia tus ideas sobre la realidad. <strong>Hasta que no veas tu realidad actual de otro modo, cualquier cambio que hagas en tu vida ser\u00e1 superficial y ef\u00edmero.<\/strong> Si deseas obtener los resultados deseados de forma duradera, debes cambiar tu idea del por qu\u00e9 ocurren las cosas. Para lograrlo tendr\u00e1s que abrirte a una nueva interpretaci\u00f3n de lo que es real y cierto.<\/p>\n\n\n\n<p>Tienes que <strong>abandonar las ideas limitantes que te han inculcado durante a\u00f1os <\/strong>de manera consciente o inconsciente. En cuanto adquieras una nueva forma de pensar de lo que se compone la realidad, la antigua idea que viv\u00edas en esta ya no tendr\u00e1 cabida en ti. Prep\u00e1rate para cambiar algunas ideas que llevas cargando durante a\u00f1os como:&nbsp;<\/p>\n\n\n\n<ul class=\"wp-block-list\"><li>No s\u00e9 qu\u00e9 quiero.<\/li><li>No s\u00e9 por d\u00f3nde empezar.<\/li><li>No tengo tiempo.<\/li><li>No tengo dinero.&nbsp;<\/li><li>No es el momento ideal.<\/li><li>No s\u00e9 si sea capaz.<\/li><li>Me da mucho miedo.<\/li><li>No quiero fracasar.<\/li><li>No s\u00e9 c\u00f3mo hacerlo.<\/li><li>No inicio hasta que todo sea perfecto.<\/li><\/ul>\n\n\n\n<blockquote class=\"wp-block-quote is-layout-flow wp-block-quote-is-layout-flow\"><p>Cuando empieces a aceptar esta nueva visi\u00f3n del mundo, cambiar\u00e1 incluso tu condici\u00f3n de ser humano. Espero que no sigas siendo la misma persona ahora que sabes que puedes modificar tu chip de f\u00e1brica.&nbsp;<\/p><\/blockquote>\n\n\n\n<p class=\"has-text-color\" style=\"color:#000000\"><strong>Es evidente que te estoy planteando un reto, pero quiero que sepas que te entiendo perfectamente, yo tambi\u00e9n tuve que desprenderme de lo que cre\u00eda que era cierto y lanzarme a lo desconocido.&nbsp;<\/strong><\/p>\n","protected":false},"excerpt":{"rendered":"<p>Si piensas y sientes siempre igual que el d\u00eda anterior y el otro que lo procede, seguir\u00e1s creando las mismas circunstancias en tu vida, y te generar\u00e1n las mismas emociones de siempre, lo cual te condicionar\u00e1 a pensar de acuerdo con esas emociones.<\/p>\n","protected":false},"author":93,"featured_media":4932,"comment_status":"open","ping_status":"open","sticky":false,"template":"","format":"standard","meta":{"footnotes":""},"categories":[152],"tags":[485,584,296,252,484,416],"class_list":["post-4929","post","type-post","status-publish","format-standard","has-post-thumbnail","hentry","category-empresas","tag-amor-al-emprendimiento","tag-cultura-de-emprendimiento","tag-emprendedor","tag-emprendimiento","tag-emprendimiento-en-mexico","tag-miedo"],"yoast_head":"<!-- This site is optimized with the Yoast SEO plugin v27.5 - https:\/\/yoast.com\/product\/yoast-seo-wordpress\/ -->\n<title>\u00bfPuedo emprender sin dejar el pasado atr\u00e1s? - Entorno Empresarial<\/title>\n<meta name=\"robots\" content=\"index, follow, max-snippet:-1, max-image-preview:large, max-video-preview:-1\" \/>\n<link rel=\"canonical\" href=\"https:\/\/coparmexjal.org.mx\/entorno-empresarial\/puedo-emprender-sin-dejar-el-pasado-atras\/\" \/>\n<meta property=\"og:locale\" content=\"es_MX\" \/>\n<meta property=\"og:type\" content=\"article\" \/>\n<meta property=\"og:title\" content=\"\u00bfPuedo emprender sin dejar el pasado atr\u00e1s? - Entorno Empresarial\" \/>\n<meta property=\"og:description\" content=\"Si piensas y sientes siempre igual que el d\u00eda anterior y el otro que lo procede, seguir\u00e1s creando las mismas circunstancias en tu vida, y te generar\u00e1n las mismas emociones de siempre, lo cual te condicionar\u00e1 a pensar de acuerdo con esas emociones.\" \/>\n<meta property=\"og:url\" content=\"https:\/\/coparmexjal.org.mx\/entorno-empresarial\/puedo-emprender-sin-dejar-el-pasado-atras\/\" \/>\n<meta property=\"og:site_name\" content=\"Entorno Empresarial\" \/>\n<meta property=\"article:publisher\" content=\"https:\/\/facebook.com\/comcoparmex\" \/>\n<meta property=\"article:published_time\" content=\"2021-04-20T22:21:50+00:00\" \/>\n<meta property=\"article:modified_time\" content=\"2021-04-20T22:22:01+00:00\" \/>\n<meta property=\"og:image\" content=\"https:\/\/coparmexjal.org.mx\/entorno-empresarial\/wp-content\/uploads\/2021\/04\/light-bulb-2010022_960_720.jpg\" \/>\n\t<meta property=\"og:image:width\" content=\"960\" \/>\n\t<meta property=\"og:image:height\" content=\"640\" \/>\n\t<meta property=\"og:image:type\" content=\"image\/jpeg\" \/>\n<meta name=\"author\" content=\"Diego Segura\" \/>\n<meta name=\"twitter:card\" content=\"summary_large_image\" \/>\n<meta name=\"twitter:creator\" content=\"@comcoparmex\" \/>\n<meta name=\"twitter:site\" content=\"@comcoparmex\" \/>\n<meta name=\"twitter:label1\" content=\"Escrito por\" \/>\n\t<meta name=\"twitter:data1\" content=\"Diego Segura\" \/>\n\t<meta name=\"twitter:label2\" content=\"Tiempo de lectura\" \/>\n\t<meta name=\"twitter:data2\" content=\"2 minutos\" \/>\n<script type=\"application\/ld+json\" class=\"yoast-schema-graph\">{\"@context\":\"https:\\\/\\\/schema.org\",\"@graph\":[{\"@type\":\"Article\",\"@id\":\"https:\\\/\\\/coparmexjal.org.mx\\\/entorno-empresarial\\\/puedo-emprender-sin-dejar-el-pasado-atras\\\/#article\",\"isPartOf\":{\"@id\":\"https:\\\/\\\/coparmexjal.org.mx\\\/entorno-empresarial\\\/puedo-emprender-sin-dejar-el-pasado-atras\\\/\"},\"author\":{\"name\":\"Diego Segura\",\"@id\":\"https:\\\/\\\/coparmexjal.org.mx\\\/entorno-empresarial\\\/#\\\/schema\\\/person\\\/472ee0b7733e75e069a2ef4a539aecb8\"},\"headline\":\"\u00bfPuedo emprender sin dejar el pasado atr\u00e1s?\",\"datePublished\":\"2021-04-20T22:21:50+00:00\",\"dateModified\":\"2021-04-20T22:22:01+00:00\",\"mainEntityOfPage\":{\"@id\":\"https:\\\/\\\/coparmexjal.org.mx\\\/entorno-empresarial\\\/puedo-emprender-sin-dejar-el-pasado-atras\\\/\"},\"wordCount\":459,\"commentCount\":2,\"publisher\":{\"@id\":\"https:\\\/\\\/coparmexjal.org.mx\\\/entorno-empresarial\\\/#organization\"},\"image\":{\"@id\":\"https:\\\/\\\/coparmexjal.org.mx\\\/entorno-empresarial\\\/puedo-emprender-sin-dejar-el-pasado-atras\\\/#primaryimage\"},\"thumbnailUrl\":\"https:\\\/\\\/coparmexjal.org.mx\\\/entorno-empresarial\\\/wp-content\\\/uploads\\\/2021\\\/04\\\/light-bulb-2010022_960_720.jpg\",\"keywords\":[\"amor al emprendimiento\",\"cultura de emprendimiento\",\"emprendedor\",\"emprendimiento\",\"emprendimiento en m\u00e9xico\",\"miedo\"],\"articleSection\":[\"Empresas\"],\"inLanguage\":\"es\",\"potentialAction\":[{\"@type\":\"CommentAction\",\"name\":\"Comment\",\"target\":[\"https:\\\/\\\/coparmexjal.org.mx\\\/entorno-empresarial\\\/puedo-emprender-sin-dejar-el-pasado-atras\\\/#respond\"]}]},{\"@type\":\"WebPage\",\"@id\":\"https:\\\/\\\/coparmexjal.org.mx\\\/entorno-empresarial\\\/puedo-emprender-sin-dejar-el-pasado-atras\\\/\",\"url\":\"https:\\\/\\\/coparmexjal.org.mx\\\/entorno-empresarial\\\/puedo-emprender-sin-dejar-el-pasado-atras\\\/\",\"name\":\"\u00bfPuedo emprender sin dejar el pasado atr\u00e1s? - Entorno Empresarial\",\"isPartOf\":{\"@id\":\"https:\\\/\\\/coparmexjal.org.mx\\\/entorno-empresarial\\\/#website\"},\"primaryImageOfPage\":{\"@id\":\"https:\\\/\\\/coparmexjal.org.mx\\\/entorno-empresarial\\\/puedo-emprender-sin-dejar-el-pasado-atras\\\/#primaryimage\"},\"image\":{\"@id\":\"https:\\\/\\\/coparmexjal.org.mx\\\/entorno-empresarial\\\/puedo-emprender-sin-dejar-el-pasado-atras\\\/#primaryimage\"},\"thumbnailUrl\":\"https:\\\/\\\/coparmexjal.org.mx\\\/entorno-empresarial\\\/wp-content\\\/uploads\\\/2021\\\/04\\\/light-bulb-2010022_960_720.jpg\",\"datePublished\":\"2021-04-20T22:21:50+00:00\",\"dateModified\":\"2021-04-20T22:22:01+00:00\",\"breadcrumb\":{\"@id\":\"https:\\\/\\\/coparmexjal.org.mx\\\/entorno-empresarial\\\/puedo-emprender-sin-dejar-el-pasado-atras\\\/#breadcrumb\"},\"inLanguage\":\"es\",\"potentialAction\":[{\"@type\":\"ReadAction\",\"target\":[\"https:\\\/\\\/coparmexjal.org.mx\\\/entorno-empresarial\\\/puedo-emprender-sin-dejar-el-pasado-atras\\\/\"]}]},{\"@type\":\"ImageObject\",\"inLanguage\":\"es\",\"@id\":\"https:\\\/\\\/coparmexjal.org.mx\\\/entorno-empresarial\\\/puedo-emprender-sin-dejar-el-pasado-atras\\\/#primaryimage\",\"url\":\"https:\\\/\\\/coparmexjal.org.mx\\\/entorno-empresarial\\\/wp-content\\\/uploads\\\/2021\\\/04\\\/light-bulb-2010022_960_720.jpg\",\"contentUrl\":\"https:\\\/\\\/coparmexjal.org.mx\\\/entorno-empresarial\\\/wp-content\\\/uploads\\\/2021\\\/04\\\/light-bulb-2010022_960_720.jpg\",\"width\":960,\"height\":640},{\"@type\":\"BreadcrumbList\",\"@id\":\"https:\\\/\\\/coparmexjal.org.mx\\\/entorno-empresarial\\\/puedo-emprender-sin-dejar-el-pasado-atras\\\/#breadcrumb\",\"itemListElement\":[{\"@type\":\"ListItem\",\"position\":1,\"name\":\"Inicio\",\"item\":\"https:\\\/\\\/coparmexjal.org.mx\\\/entorno-empresarial\\\/\"},{\"@type\":\"ListItem\",\"position\":2,\"name\":\"\u00bfPuedo emprender sin dejar el pasado atr\u00e1s?\"}]},{\"@type\":\"WebSite\",\"@id\":\"https:\\\/\\\/coparmexjal.org.mx\\\/entorno-empresarial\\\/#website\",\"url\":\"https:\\\/\\\/coparmexjal.org.mx\\\/entorno-empresarial\\\/\",\"name\":\"Revista Entorno Empresarial\",\"description\":\"Coparmex Jalisco\",\"publisher\":{\"@id\":\"https:\\\/\\\/coparmexjal.org.mx\\\/entorno-empresarial\\\/#organization\"},\"potentialAction\":[{\"@type\":\"SearchAction\",\"target\":{\"@type\":\"EntryPoint\",\"urlTemplate\":\"https:\\\/\\\/coparmexjal.org.mx\\\/entorno-empresarial\\\/?s={search_term_string}\"},\"query-input\":{\"@type\":\"PropertyValueSpecification\",\"valueRequired\":true,\"valueName\":\"search_term_string\"}}],\"inLanguage\":\"es\"},{\"@type\":\"Organization\",\"@id\":\"https:\\\/\\\/coparmexjal.org.mx\\\/entorno-empresarial\\\/#organization\",\"name\":\"Coparmex Jalisco\",\"url\":\"https:\\\/\\\/coparmexjal.org.mx\\\/entorno-empresarial\\\/\",\"logo\":{\"@type\":\"ImageObject\",\"inLanguage\":\"es\",\"@id\":\"https:\\\/\\\/coparmexjal.org.mx\\\/entorno-empresarial\\\/#\\\/schema\\\/logo\\\/image\\\/\",\"url\":\"https:\\\/\\\/coparmexjal.org.mx\\\/entorno-empresarial\\\/wp-content\\\/uploads\\\/2020\\\/02\\\/logo-amp.png\",\"contentUrl\":\"https:\\\/\\\/coparmexjal.org.mx\\\/entorno-empresarial\\\/wp-content\\\/uploads\\\/2020\\\/02\\\/logo-amp.png\",\"width\":120,\"height\":90,\"caption\":\"Coparmex Jalisco\"},\"image\":{\"@id\":\"https:\\\/\\\/coparmexjal.org.mx\\\/entorno-empresarial\\\/#\\\/schema\\\/logo\\\/image\\\/\"},\"sameAs\":[\"https:\\\/\\\/facebook.com\\\/comcoparmex\",\"https:\\\/\\\/x.com\\\/comcoparmex\",\"http:\\\/\\\/instagram.com\\\/coparmexjalisco\",\"https:\\\/\\\/mx.linkedin.com\\\/company\\\/coparmex-jalisco\",\"https:\\\/\\\/www.youtube.com\\\/c\\\/CoparmexJaliscomx\"]},{\"@type\":\"Person\",\"@id\":\"https:\\\/\\\/coparmexjal.org.mx\\\/entorno-empresarial\\\/#\\\/schema\\\/person\\\/472ee0b7733e75e069a2ef4a539aecb8\",\"name\":\"Diego Segura\",\"image\":{\"@type\":\"ImageObject\",\"inLanguage\":\"es\",\"@id\":\"https:\\\/\\\/coparmexjal.org.mx\\\/entorno-empresarial\\\/wp-content\\\/uploads\\\/2021\\\/04\\\/WhatsApp-Image-2021-04-20-at-5.15.20-PM-150x150.jpeg\",\"url\":\"https:\\\/\\\/coparmexjal.org.mx\\\/entorno-empresarial\\\/wp-content\\\/uploads\\\/2021\\\/04\\\/WhatsApp-Image-2021-04-20-at-5.15.20-PM-150x150.jpeg\",\"contentUrl\":\"https:\\\/\\\/coparmexjal.org.mx\\\/entorno-empresarial\\\/wp-content\\\/uploads\\\/2021\\\/04\\\/WhatsApp-Image-2021-04-20-at-5.15.20-PM-150x150.jpeg\",\"caption\":\"Diego Segura\"},\"url\":\"https:\\\/\\\/coparmexjal.org.mx\\\/entorno-empresarial\\\/author\\\/diego-segura\\\/\"}]}<\/script>\n<!-- \/ Yoast SEO plugin. -->","yoast_head_json":{"title":"\u00bfPuedo emprender sin dejar el pasado atr\u00e1s? - Entorno Empresarial","robots":{"index":"index","follow":"follow","max-snippet":"max-snippet:-1","max-image-preview":"max-image-preview:large","max-video-preview":"max-video-preview:-1"},"canonical":"https:\/\/coparmexjal.org.mx\/entorno-empresarial\/puedo-emprender-sin-dejar-el-pasado-atras\/","og_locale":"es_MX","og_type":"article","og_title":"\u00bfPuedo emprender sin dejar el pasado atr\u00e1s? - Entorno Empresarial","og_description":"Si piensas y sientes siempre igual que el d\u00eda anterior y el otro que lo procede, seguir\u00e1s creando las mismas circunstancias en tu vida, y te generar\u00e1n las mismas emociones de siempre, lo cual te condicionar\u00e1 a pensar de acuerdo con esas emociones.","og_url":"https:\/\/coparmexjal.org.mx\/entorno-empresarial\/puedo-emprender-sin-dejar-el-pasado-atras\/","og_site_name":"Entorno Empresarial","article_publisher":"https:\/\/facebook.com\/comcoparmex","article_published_time":"2021-04-20T22:21:50+00:00","article_modified_time":"2021-04-20T22:22:01+00:00","og_image":[{"width":960,"height":640,"url":"https:\/\/coparmexjal.org.mx\/entorno-empresarial\/wp-content\/uploads\/2021\/04\/light-bulb-2010022_960_720.jpg","type":"image\/jpeg"}],"author":"Diego Segura","twitter_card":"summary_large_image","twitter_creator":"@comcoparmex","twitter_site":"@comcoparmex","twitter_misc":{"Escrito por":"Diego Segura","Tiempo de lectura":"2 minutos"},"schema":{"@context":"https:\/\/schema.org","@graph":[{"@type":"Article","@id":"https:\/\/coparmexjal.org.mx\/entorno-empresarial\/puedo-emprender-sin-dejar-el-pasado-atras\/#article","isPartOf":{"@id":"https:\/\/coparmexjal.org.mx\/entorno-empresarial\/puedo-emprender-sin-dejar-el-pasado-atras\/"},"author":{"name":"Diego Segura","@id":"https:\/\/coparmexjal.org.mx\/entorno-empresarial\/#\/schema\/person\/472ee0b7733e75e069a2ef4a539aecb8"},"headline":"\u00bfPuedo emprender sin dejar el pasado atr\u00e1s?","datePublished":"2021-04-20T22:21:50+00:00","dateModified":"2021-04-20T22:22:01+00:00","mainEntityOfPage":{"@id":"https:\/\/coparmexjal.org.mx\/entorno-empresarial\/puedo-emprender-sin-dejar-el-pasado-atras\/"},"wordCount":459,"commentCount":2,"publisher":{"@id":"https:\/\/coparmexjal.org.mx\/entorno-empresarial\/#organization"},"image":{"@id":"https:\/\/coparmexjal.org.mx\/entorno-empresarial\/puedo-emprender-sin-dejar-el-pasado-atras\/#primaryimage"},"thumbnailUrl":"https:\/\/coparmexjal.org.mx\/entorno-empresarial\/wp-content\/uploads\/2021\/04\/light-bulb-2010022_960_720.jpg","keywords":["amor al emprendimiento","cultura de emprendimiento","emprendedor","emprendimiento","emprendimiento en m\u00e9xico","miedo"],"articleSection":["Empresas"],"inLanguage":"es","potentialAction":[{"@type":"CommentAction","name":"Comment","target":["https:\/\/coparmexjal.org.mx\/entorno-empresarial\/puedo-emprender-sin-dejar-el-pasado-atras\/#respond"]}]},{"@type":"WebPage","@id":"https:\/\/coparmexjal.org.mx\/entorno-empresarial\/puedo-emprender-sin-dejar-el-pasado-atras\/","url":"https:\/\/coparmexjal.org.mx\/entorno-empresarial\/puedo-emprender-sin-dejar-el-pasado-atras\/","name":"\u00bfPuedo emprender sin dejar el pasado atr\u00e1s? - Entorno Empresarial","isPartOf":{"@id":"https:\/\/coparmexjal.org.mx\/entorno-empresarial\/#website"},"primaryImageOfPage":{"@id":"https:\/\/coparmexjal.org.mx\/entorno-empresarial\/puedo-emprender-sin-dejar-el-pasado-atras\/#primaryimage"},"image":{"@id":"https:\/\/coparmexjal.org.mx\/entorno-empresarial\/puedo-emprender-sin-dejar-el-pasado-atras\/#primaryimage"},"thumbnailUrl":"https:\/\/coparmexjal.org.mx\/entorno-empresarial\/wp-content\/uploads\/2021\/04\/light-bulb-2010022_960_720.jpg","datePublished":"2021-04-20T22:21:50+00:00","dateModified":"2021-04-20T22:22:01+00:00","breadcrumb":{"@id":"https:\/\/coparmexjal.org.mx\/entorno-empresarial\/puedo-emprender-sin-dejar-el-pasado-atras\/#breadcrumb"},"inLanguage":"es","potentialAction":[{"@type":"ReadAction","target":["https:\/\/coparmexjal.org.mx\/entorno-empresarial\/puedo-emprender-sin-dejar-el-pasado-atras\/"]}]},{"@type":"ImageObject","inLanguage":"es","@id":"https:\/\/coparmexjal.org.mx\/entorno-empresarial\/puedo-emprender-sin-dejar-el-pasado-atras\/#primaryimage","url":"https:\/\/coparmexjal.org.mx\/entorno-empresarial\/wp-content\/uploads\/2021\/04\/light-bulb-2010022_960_720.jpg","contentUrl":"https:\/\/coparmexjal.org.mx\/entorno-empresarial\/wp-content\/uploads\/2021\/04\/light-bulb-2010022_960_720.jpg","width":960,"height":640},{"@type":"BreadcrumbList","@id":"https:\/\/coparmexjal.org.mx\/entorno-empresarial\/puedo-emprender-sin-dejar-el-pasado-atras\/#breadcrumb","itemListElement":[{"@type":"ListItem","position":1,"name":"Inicio","item":"https:\/\/coparmexjal.org.mx\/entorno-empresarial\/"},{"@type":"ListItem","position":2,"name":"\u00bfPuedo emprender sin dejar el pasado atr\u00e1s?"}]},{"@type":"WebSite","@id":"https:\/\/coparmexjal.org.mx\/entorno-empresarial\/#website","url":"https:\/\/coparmexjal.org.mx\/entorno-empresarial\/","name":"Revista Entorno Empresarial","description":"Coparmex Jalisco","publisher":{"@id":"https:\/\/coparmexjal.org.mx\/entorno-empresarial\/#organization"},"potentialAction":[{"@type":"SearchAction","target":{"@type":"EntryPoint","urlTemplate":"https:\/\/coparmexjal.org.mx\/entorno-empresarial\/?s={search_term_string}"},"query-input":{"@type":"PropertyValueSpecification","valueRequired":true,"valueName":"search_term_string"}}],"inLanguage":"es"},{"@type":"Organization","@id":"https:\/\/coparmexjal.org.mx\/entorno-empresarial\/#organization","name":"Coparmex Jalisco","url":"https:\/\/coparmexjal.org.mx\/entorno-empresarial\/","logo":{"@type":"ImageObject","inLanguage":"es","@id":"https:\/\/coparmexjal.org.mx\/entorno-empresarial\/#\/schema\/logo\/image\/","url":"https:\/\/coparmexjal.org.mx\/entorno-empresarial\/wp-content\/uploads\/2020\/02\/logo-amp.png","contentUrl":"https:\/\/coparmexjal.org.mx\/entorno-empresarial\/wp-content\/uploads\/2020\/02\/logo-amp.png","width":120,"height":90,"caption":"Coparmex Jalisco"},"image":{"@id":"https:\/\/coparmexjal.org.mx\/entorno-empresarial\/#\/schema\/logo\/image\/"},"sameAs":["https:\/\/facebook.com\/comcoparmex","https:\/\/x.com\/comcoparmex","http:\/\/instagram.com\/coparmexjalisco","https:\/\/mx.linkedin.com\/company\/coparmex-jalisco","https:\/\/www.youtube.com\/c\/CoparmexJaliscomx"]},{"@type":"Person","@id":"https:\/\/coparmexjal.org.mx\/entorno-empresarial\/#\/schema\/person\/472ee0b7733e75e069a2ef4a539aecb8","name":"Diego Segura","image":{"@type":"ImageObject","inLanguage":"es","@id":"https:\/\/coparmexjal.org.mx\/entorno-empresarial\/wp-content\/uploads\/2021\/04\/WhatsApp-Image-2021-04-20-at-5.15.20-PM-150x150.jpeg","url":"https:\/\/coparmexjal.org.mx\/entorno-empresarial\/wp-content\/uploads\/2021\/04\/WhatsApp-Image-2021-04-20-at-5.15.20-PM-150x150.jpeg","contentUrl":"https:\/\/coparmexjal.org.mx\/entorno-empresarial\/wp-content\/uploads\/2021\/04\/WhatsApp-Image-2021-04-20-at-5.15.20-PM-150x150.jpeg","caption":"Diego Segura"},"url":"https:\/\/coparmexjal.org.mx\/entorno-empresarial\/author\/diego-segura\/"}]}},"_links":{"self":[{"href":"https:\/\/coparmexjal.org.mx\/entorno-empresarial\/wp-json\/wp\/v2\/posts\/4929","targetHints":{"allow":["GET"]}}],"collection":[{"href":"https:\/\/coparmexjal.org.mx\/entorno-empresarial\/wp-json\/wp\/v2\/posts"}],"about":[{"href":"https:\/\/coparmexjal.org.mx\/entorno-empresarial\/wp-json\/wp\/v2\/types\/post"}],"author":[{"embeddable":true,"href":"https:\/\/coparmexjal.org.mx\/entorno-empresarial\/wp-json\/wp\/v2\/users\/93"}],"replies":[{"embeddable":true,"href":"https:\/\/coparmexjal.org.mx\/entorno-empresarial\/wp-json\/wp\/v2\/comments?post=4929"}],"version-history":[{"count":9,"href":"https:\/\/coparmexjal.org.mx\/entorno-empresarial\/wp-json\/wp\/v2\/posts\/4929\/revisions"}],"predecessor-version":[{"id":4942,"href":"https:\/\/coparmexjal.org.mx\/entorno-empresarial\/wp-json\/wp\/v2\/posts\/4929\/revisions\/4942"}],"wp:featuredmedia":[{"embeddable":true,"href":"https:\/\/coparmexjal.org.mx\/entorno-empresarial\/wp-json\/wp\/v2\/media\/4932"}],"wp:attachment":[{"href":"https:\/\/coparmexjal.org.mx\/entorno-empresarial\/wp-json\/wp\/v2\/media?parent=4929"}],"wp:term":[{"taxonomy":"category","embeddable":true,"href":"https:\/\/coparmexjal.org.mx\/entorno-empresarial\/wp-json\/wp\/v2\/categories?post=4929"},{"taxonomy":"post_tag","embeddable":true,"href":"https:\/\/coparmexjal.org.mx\/entorno-empresarial\/wp-json\/wp\/v2\/tags?post=4929"}],"curies":[{"name":"wp","href":"https:\/\/api.w.org\/{rel}","templated":true}]}}