{"id":4904,"date":"2021-03-22T09:20:00","date_gmt":"2021-03-22T15:20:00","guid":{"rendered":"https:\/\/coparmexjal.org.mx\/entorno-empresarial\/?p=4904"},"modified":"2021-04-20T09:37:08","modified_gmt":"2021-04-20T14:37:08","slug":"el-vuelo-de-bacardi","status":"publish","type":"post","link":"https:\/\/coparmexjal.org.mx\/entorno-empresarial\/el-vuelo-de-bacardi\/","title":{"rendered":"El vuelo de Bacard\u00ed"},"content":{"rendered":"\n<p>Este libro es un tratado de cultura empresarial en el que se relata la fascinante historia de Bacard\u00ed y la biograf\u00eda de Jorge del Rosal quien es miembro de la quinta generaci\u00f3n de la familia fundadora. Trabaj\u00f3 para la compa\u00f1\u00eda por m\u00e1s de 35 a\u00f1os, desde que comenz\u00f3 su trayectoria limpiando ba\u00f1os, luego fue maestro mezclador -solo muy pocos conocen la receta secreta del ron Bacard\u00ed- hasta llegar a convertirse en VP global de recursos humanos<\/p>\n\n\n\n<p>Todo comienza con la llegada de Facundo Bacard\u00ed Masso a Cuba. Un joven que migr\u00f3 desde Espa\u00f1a, en 1829, con el deseo de triunfar en las colonias caribe\u00f1as; ten\u00eda apenas quince a\u00f1os. Para mediados del siglo XIX cuatro hermanos ya hab\u00edan echado ra\u00edces en el Nuevo Mundo cuando Facundo cumpli\u00f3 un gran anhelo: crear un licor ligero y suave, el cual qued\u00f3 registrado con la marca comercial de Ron Bacard\u00ed.<\/p>\n\n\n\n<p>El gran crecimiento de la empresa fue a principios del siglo XX, ochenta a\u00f1os despu\u00e9s de que Don Facundo llegara a Cuba, cuando la compa\u00f1\u00eda se expande a Espa\u00f1a, M\u00e9xico y Estados Unidos. Bacard\u00ed logr\u00f3 mantenerse a flote a pesar de que tuvo muchos y grandes tropiezos, con terremotos en Cuba, la Ley de Prohibici\u00f3n en Estados Unidos, amenazas de Batista de confiscar la compa\u00f1\u00eda, la insurrecci\u00f3n comunista y, finalmente, la nacionalizaci\u00f3n en 1960 de todas las compa\u00f1\u00edas asociadas con el az\u00facar, los licores, las bebidas, los qu\u00edmicos, el transporte, el caf\u00e9, medicinas y m\u00e1s.<\/p>\n\n\n\n<p>As\u00ed como se mezclan los licores para ofrecer diferentes experiencias el autor entrelaza la historia de la compa\u00f1\u00eda, la marca y la familia en esta relaci\u00f3n \u00fanica: una visi\u00f3n completa de c\u00f3mo ha sido la gesti\u00f3n de Bacard\u00ed en sus diferentes \u00e9pocas para lograr el objetivo, siempre presente, de expandirse hasta llegar la globalizaci\u00f3n de la marca con el mejor ron.<\/p>\n\n\n\n<p>Amalia, la esposa, de Facundo fue la de la idea de utilizar el murci\u00e9lago como el logo de esta nueva compa\u00f1\u00eda. \u201cPara la familia Bacard\u00ed el murci\u00e9lago siempre ha sido m\u00e1s que una marca registrada o un dise\u00f1o de mercadotecnia. Ha representado los valores y los obsequios que Dios nos ha concedido: \u00e9xitos y buena fortuna, orgullo de pertenencia, lazos y tradiciones familiares, una b\u00fasqueda incansable por la calidad, compromiso y lealtad, sacrificio, trabajo arduo y reservas inagotables de fuerza y resiliencia\u201d, comenta el autor.<\/p>\n\n\n\n<p>En esta historia no todo ha sido miel sobre hojuelas; adem\u00e1s de los problemas externos han vivido rupturas familiares y traiciones por las que han perdido el control de la empresa. Sin embargo, hoy tiene un valor de mercado, estimado por el autor ya que no es empresa p\u00fablica, de 17 900 millones de d\u00f3lares; cuenta con m\u00e1s de 200 marcas registradas, vende sus productos a m\u00e1s de 170 pa\u00edses, con m\u00e1s de 20 plantas de producci\u00f3n alrededor del mundo, incluyendo, instalaciones de destilaci\u00f3n, elaboraci\u00f3n y embotellado.<\/p>\n\n\n\n<p>Este libro de lectura amena y fluida es un legado importante, tanto para lectores de grandes historias empresariales, como para aqu\u00e9llos interesados en los recursos humanos y gesti\u00f3n de negocios. Del Rosal es una persona hecha a s\u00ed misma al tomar asignaciones laborales de las que no ten\u00eda idea, pero, con tes\u00f3n, buenas intenciones y, sobre todo, con los valores familiares de los Bacard\u00ed bien arraigados ha dejado una honda huella en la empresa.<\/p>\n","protected":false},"excerpt":{"rendered":"<p>Este libro es un tratado de cultura empresarial en el que se relata la fascinante historia de Bacard\u00ed y la biograf\u00eda de Jorge del Rosal<\/p>\n","protected":false},"author":8,"featured_media":4905,"comment_status":"open","ping_status":"open","sticky":false,"template":"","format":"standard","meta":{"footnotes":""},"categories":[159],"tags":[808,661,811,809,217],"class_list":["post-4904","post","type-post","status-publish","format-standard","has-post-thumbnail","hentry","category-letras","tag-bacardi","tag-empresa-familiar","tag-gestion-de-negocios","tag-jorge-del-rosal","tag-recursos-humanos"],"yoast_head":"<!-- This site is optimized with the Yoast SEO plugin v27.5 - https:\/\/yoast.com\/product\/yoast-seo-wordpress\/ -->\n<title>El vuelo de Bacard\u00ed - Entorno Empresarial<\/title>\n<meta name=\"description\" content=\"Este libro es un tratado de cultura empresarial en el que se relata la fascinante historia de Bacard\u00ed y la biograf\u00eda de Jorge del Rosal.\" \/>\n<meta name=\"robots\" content=\"index, follow, max-snippet:-1, max-image-preview:large, max-video-preview:-1\" \/>\n<link rel=\"canonical\" href=\"https:\/\/coparmexjal.org.mx\/entorno-empresarial\/el-vuelo-de-bacardi\/\" \/>\n<meta property=\"og:locale\" content=\"es_MX\" \/>\n<meta property=\"og:type\" content=\"article\" \/>\n<meta property=\"og:title\" content=\"El vuelo de Bacard\u00ed - Entorno Empresarial\" \/>\n<meta property=\"og:description\" content=\"Este libro es un tratado de cultura empresarial en el que se relata la fascinante historia de Bacard\u00ed y la biograf\u00eda de Jorge del Rosal.\" \/>\n<meta property=\"og:url\" content=\"https:\/\/coparmexjal.org.mx\/entorno-empresarial\/el-vuelo-de-bacardi\/\" \/>\n<meta property=\"og:site_name\" content=\"Entorno Empresarial\" \/>\n<meta property=\"article:publisher\" content=\"https:\/\/facebook.com\/comcoparmex\" \/>\n<meta property=\"article:published_time\" content=\"2021-03-22T15:20:00+00:00\" \/>\n<meta property=\"article:modified_time\" content=\"2021-04-20T14:37:08+00:00\" \/>\n<meta property=\"og:image\" content=\"https:\/\/coparmexjal.org.mx\/entorno-empresarial\/wp-content\/uploads\/2021\/04\/El-vuelo-de-Bacardi-1ra.jpg\" \/>\n\t<meta property=\"og:image:width\" content=\"564\" \/>\n\t<meta property=\"og:image:height\" content=\"800\" \/>\n\t<meta property=\"og:image:type\" content=\"image\/jpeg\" \/>\n<meta name=\"author\" content=\"Bertha In\u00e9s Herrer\u00edas Franco\" \/>\n<meta name=\"twitter:card\" content=\"summary_large_image\" \/>\n<meta name=\"twitter:creator\" content=\"@comcoparmex\" \/>\n<meta name=\"twitter:site\" content=\"@comcoparmex\" \/>\n<meta name=\"twitter:label1\" content=\"Escrito por\" \/>\n\t<meta name=\"twitter:data1\" content=\"Bertha In\u00e9s Herrer\u00edas Franco\" \/>\n\t<meta name=\"twitter:label2\" content=\"Tiempo de lectura\" \/>\n\t<meta name=\"twitter:data2\" content=\"3 minutos\" \/>\n<script type=\"application\/ld+json\" class=\"yoast-schema-graph\">{\"@context\":\"https:\\\/\\\/schema.org\",\"@graph\":[{\"@type\":\"Article\",\"@id\":\"https:\\\/\\\/coparmexjal.org.mx\\\/entorno-empresarial\\\/el-vuelo-de-bacardi\\\/#article\",\"isPartOf\":{\"@id\":\"https:\\\/\\\/coparmexjal.org.mx\\\/entorno-empresarial\\\/el-vuelo-de-bacardi\\\/\"},\"author\":{\"name\":\"Bertha In\u00e9s Herrer\u00edas Franco\",\"@id\":\"https:\\\/\\\/coparmexjal.org.mx\\\/entorno-empresarial\\\/#\\\/schema\\\/person\\\/a5631197d27621bced2324279987e56a\"},\"headline\":\"El vuelo de Bacard\u00ed\",\"datePublished\":\"2021-03-22T15:20:00+00:00\",\"dateModified\":\"2021-04-20T14:37:08+00:00\",\"mainEntityOfPage\":{\"@id\":\"https:\\\/\\\/coparmexjal.org.mx\\\/entorno-empresarial\\\/el-vuelo-de-bacardi\\\/\"},\"wordCount\":596,\"commentCount\":0,\"publisher\":{\"@id\":\"https:\\\/\\\/coparmexjal.org.mx\\\/entorno-empresarial\\\/#organization\"},\"image\":{\"@id\":\"https:\\\/\\\/coparmexjal.org.mx\\\/entorno-empresarial\\\/el-vuelo-de-bacardi\\\/#primaryimage\"},\"thumbnailUrl\":\"https:\\\/\\\/coparmexjal.org.mx\\\/entorno-empresarial\\\/wp-content\\\/uploads\\\/2021\\\/04\\\/El-vuelo-de-Bacardi-1ra.jpg\",\"keywords\":[\"Bacard\u00ed\",\"Empresa Familiar\",\"Gesti\u00f3n de negocios\",\"Jorge del Rosal\",\"Recursos humanos\"],\"articleSection\":[\"Letras\"],\"inLanguage\":\"es\",\"potentialAction\":[{\"@type\":\"CommentAction\",\"name\":\"Comment\",\"target\":[\"https:\\\/\\\/coparmexjal.org.mx\\\/entorno-empresarial\\\/el-vuelo-de-bacardi\\\/#respond\"]}]},{\"@type\":\"WebPage\",\"@id\":\"https:\\\/\\\/coparmexjal.org.mx\\\/entorno-empresarial\\\/el-vuelo-de-bacardi\\\/\",\"url\":\"https:\\\/\\\/coparmexjal.org.mx\\\/entorno-empresarial\\\/el-vuelo-de-bacardi\\\/\",\"name\":\"El vuelo de Bacard\u00ed - Entorno Empresarial\",\"isPartOf\":{\"@id\":\"https:\\\/\\\/coparmexjal.org.mx\\\/entorno-empresarial\\\/#website\"},\"primaryImageOfPage\":{\"@id\":\"https:\\\/\\\/coparmexjal.org.mx\\\/entorno-empresarial\\\/el-vuelo-de-bacardi\\\/#primaryimage\"},\"image\":{\"@id\":\"https:\\\/\\\/coparmexjal.org.mx\\\/entorno-empresarial\\\/el-vuelo-de-bacardi\\\/#primaryimage\"},\"thumbnailUrl\":\"https:\\\/\\\/coparmexjal.org.mx\\\/entorno-empresarial\\\/wp-content\\\/uploads\\\/2021\\\/04\\\/El-vuelo-de-Bacardi-1ra.jpg\",\"datePublished\":\"2021-03-22T15:20:00+00:00\",\"dateModified\":\"2021-04-20T14:37:08+00:00\",\"description\":\"Este libro es un tratado de cultura empresarial en el que se relata la fascinante historia de Bacard\u00ed y la biograf\u00eda de Jorge del Rosal.\",\"breadcrumb\":{\"@id\":\"https:\\\/\\\/coparmexjal.org.mx\\\/entorno-empresarial\\\/el-vuelo-de-bacardi\\\/#breadcrumb\"},\"inLanguage\":\"es\",\"potentialAction\":[{\"@type\":\"ReadAction\",\"target\":[\"https:\\\/\\\/coparmexjal.org.mx\\\/entorno-empresarial\\\/el-vuelo-de-bacardi\\\/\"]}]},{\"@type\":\"ImageObject\",\"inLanguage\":\"es\",\"@id\":\"https:\\\/\\\/coparmexjal.org.mx\\\/entorno-empresarial\\\/el-vuelo-de-bacardi\\\/#primaryimage\",\"url\":\"https:\\\/\\\/coparmexjal.org.mx\\\/entorno-empresarial\\\/wp-content\\\/uploads\\\/2021\\\/04\\\/El-vuelo-de-Bacardi-1ra.jpg\",\"contentUrl\":\"https:\\\/\\\/coparmexjal.org.mx\\\/entorno-empresarial\\\/wp-content\\\/uploads\\\/2021\\\/04\\\/El-vuelo-de-Bacardi-1ra.jpg\",\"width\":564,\"height\":800},{\"@type\":\"BreadcrumbList\",\"@id\":\"https:\\\/\\\/coparmexjal.org.mx\\\/entorno-empresarial\\\/el-vuelo-de-bacardi\\\/#breadcrumb\",\"itemListElement\":[{\"@type\":\"ListItem\",\"position\":1,\"name\":\"Inicio\",\"item\":\"https:\\\/\\\/coparmexjal.org.mx\\\/entorno-empresarial\\\/\"},{\"@type\":\"ListItem\",\"position\":2,\"name\":\"El vuelo de Bacard\u00ed\"}]},{\"@type\":\"WebSite\",\"@id\":\"https:\\\/\\\/coparmexjal.org.mx\\\/entorno-empresarial\\\/#website\",\"url\":\"https:\\\/\\\/coparmexjal.org.mx\\\/entorno-empresarial\\\/\",\"name\":\"Revista Entorno Empresarial\",\"description\":\"Coparmex Jalisco\",\"publisher\":{\"@id\":\"https:\\\/\\\/coparmexjal.org.mx\\\/entorno-empresarial\\\/#organization\"},\"potentialAction\":[{\"@type\":\"SearchAction\",\"target\":{\"@type\":\"EntryPoint\",\"urlTemplate\":\"https:\\\/\\\/coparmexjal.org.mx\\\/entorno-empresarial\\\/?s={search_term_string}\"},\"query-input\":{\"@type\":\"PropertyValueSpecification\",\"valueRequired\":true,\"valueName\":\"search_term_string\"}}],\"inLanguage\":\"es\"},{\"@type\":\"Organization\",\"@id\":\"https:\\\/\\\/coparmexjal.org.mx\\\/entorno-empresarial\\\/#organization\",\"name\":\"Coparmex Jalisco\",\"url\":\"https:\\\/\\\/coparmexjal.org.mx\\\/entorno-empresarial\\\/\",\"logo\":{\"@type\":\"ImageObject\",\"inLanguage\":\"es\",\"@id\":\"https:\\\/\\\/coparmexjal.org.mx\\\/entorno-empresarial\\\/#\\\/schema\\\/logo\\\/image\\\/\",\"url\":\"https:\\\/\\\/coparmexjal.org.mx\\\/entorno-empresarial\\\/wp-content\\\/uploads\\\/2020\\\/02\\\/logo-amp.png\",\"contentUrl\":\"https:\\\/\\\/coparmexjal.org.mx\\\/entorno-empresarial\\\/wp-content\\\/uploads\\\/2020\\\/02\\\/logo-amp.png\",\"width\":120,\"height\":90,\"caption\":\"Coparmex Jalisco\"},\"image\":{\"@id\":\"https:\\\/\\\/coparmexjal.org.mx\\\/entorno-empresarial\\\/#\\\/schema\\\/logo\\\/image\\\/\"},\"sameAs\":[\"https:\\\/\\\/facebook.com\\\/comcoparmex\",\"https:\\\/\\\/x.com\\\/comcoparmex\",\"http:\\\/\\\/instagram.com\\\/coparmexjalisco\",\"https:\\\/\\\/mx.linkedin.com\\\/company\\\/coparmex-jalisco\",\"https:\\\/\\\/www.youtube.com\\\/c\\\/CoparmexJaliscomx\"]},{\"@type\":\"Person\",\"@id\":\"https:\\\/\\\/coparmexjal.org.mx\\\/entorno-empresarial\\\/#\\\/schema\\\/person\\\/a5631197d27621bced2324279987e56a\",\"name\":\"Bertha In\u00e9s Herrer\u00edas Franco\",\"image\":{\"@type\":\"ImageObject\",\"inLanguage\":\"es\",\"@id\":\"https:\\\/\\\/coparmexjal.org.mx\\\/entorno-empresarial\\\/wp-content\\\/uploads\\\/2020\\\/06\\\/lid-150x150.jpg\",\"url\":\"https:\\\/\\\/coparmexjal.org.mx\\\/entorno-empresarial\\\/wp-content\\\/uploads\\\/2020\\\/06\\\/lid-150x150.jpg\",\"contentUrl\":\"https:\\\/\\\/coparmexjal.org.mx\\\/entorno-empresarial\\\/wp-content\\\/uploads\\\/2020\\\/06\\\/lid-150x150.jpg\",\"caption\":\"Bertha In\u00e9s Herrer\u00edas Franco\"},\"description\":\"Gerente de comunicaci\u00f3n de LID Editorial Mexicana\",\"sameAs\":[\"https:\\\/\\\/www.lideditorial.com\"],\"url\":\"https:\\\/\\\/coparmexjal.org.mx\\\/entorno-empresarial\\\/author\\\/bertha-herrerias\\\/\"}]}<\/script>\n<!-- \/ Yoast SEO plugin. -->","yoast_head_json":{"title":"El vuelo de Bacard\u00ed - Entorno Empresarial","description":"Este libro es un tratado de cultura empresarial en el que se relata la fascinante historia de Bacard\u00ed y la biograf\u00eda de Jorge del Rosal.","robots":{"index":"index","follow":"follow","max-snippet":"max-snippet:-1","max-image-preview":"max-image-preview:large","max-video-preview":"max-video-preview:-1"},"canonical":"https:\/\/coparmexjal.org.mx\/entorno-empresarial\/el-vuelo-de-bacardi\/","og_locale":"es_MX","og_type":"article","og_title":"El vuelo de Bacard\u00ed - Entorno Empresarial","og_description":"Este libro es un tratado de cultura empresarial en el que se relata la fascinante historia de Bacard\u00ed y la biograf\u00eda de Jorge del Rosal.","og_url":"https:\/\/coparmexjal.org.mx\/entorno-empresarial\/el-vuelo-de-bacardi\/","og_site_name":"Entorno Empresarial","article_publisher":"https:\/\/facebook.com\/comcoparmex","article_published_time":"2021-03-22T15:20:00+00:00","article_modified_time":"2021-04-20T14:37:08+00:00","og_image":[{"width":564,"height":800,"url":"https:\/\/coparmexjal.org.mx\/entorno-empresarial\/wp-content\/uploads\/2021\/04\/El-vuelo-de-Bacardi-1ra.jpg","type":"image\/jpeg"}],"author":"Bertha In\u00e9s Herrer\u00edas Franco","twitter_card":"summary_large_image","twitter_creator":"@comcoparmex","twitter_site":"@comcoparmex","twitter_misc":{"Escrito por":"Bertha In\u00e9s Herrer\u00edas Franco","Tiempo de lectura":"3 minutos"},"schema":{"@context":"https:\/\/schema.org","@graph":[{"@type":"Article","@id":"https:\/\/coparmexjal.org.mx\/entorno-empresarial\/el-vuelo-de-bacardi\/#article","isPartOf":{"@id":"https:\/\/coparmexjal.org.mx\/entorno-empresarial\/el-vuelo-de-bacardi\/"},"author":{"name":"Bertha In\u00e9s Herrer\u00edas Franco","@id":"https:\/\/coparmexjal.org.mx\/entorno-empresarial\/#\/schema\/person\/a5631197d27621bced2324279987e56a"},"headline":"El vuelo de Bacard\u00ed","datePublished":"2021-03-22T15:20:00+00:00","dateModified":"2021-04-20T14:37:08+00:00","mainEntityOfPage":{"@id":"https:\/\/coparmexjal.org.mx\/entorno-empresarial\/el-vuelo-de-bacardi\/"},"wordCount":596,"commentCount":0,"publisher":{"@id":"https:\/\/coparmexjal.org.mx\/entorno-empresarial\/#organization"},"image":{"@id":"https:\/\/coparmexjal.org.mx\/entorno-empresarial\/el-vuelo-de-bacardi\/#primaryimage"},"thumbnailUrl":"https:\/\/coparmexjal.org.mx\/entorno-empresarial\/wp-content\/uploads\/2021\/04\/El-vuelo-de-Bacardi-1ra.jpg","keywords":["Bacard\u00ed","Empresa Familiar","Gesti\u00f3n de negocios","Jorge del Rosal","Recursos humanos"],"articleSection":["Letras"],"inLanguage":"es","potentialAction":[{"@type":"CommentAction","name":"Comment","target":["https:\/\/coparmexjal.org.mx\/entorno-empresarial\/el-vuelo-de-bacardi\/#respond"]}]},{"@type":"WebPage","@id":"https:\/\/coparmexjal.org.mx\/entorno-empresarial\/el-vuelo-de-bacardi\/","url":"https:\/\/coparmexjal.org.mx\/entorno-empresarial\/el-vuelo-de-bacardi\/","name":"El vuelo de Bacard\u00ed - Entorno Empresarial","isPartOf":{"@id":"https:\/\/coparmexjal.org.mx\/entorno-empresarial\/#website"},"primaryImageOfPage":{"@id":"https:\/\/coparmexjal.org.mx\/entorno-empresarial\/el-vuelo-de-bacardi\/#primaryimage"},"image":{"@id":"https:\/\/coparmexjal.org.mx\/entorno-empresarial\/el-vuelo-de-bacardi\/#primaryimage"},"thumbnailUrl":"https:\/\/coparmexjal.org.mx\/entorno-empresarial\/wp-content\/uploads\/2021\/04\/El-vuelo-de-Bacardi-1ra.jpg","datePublished":"2021-03-22T15:20:00+00:00","dateModified":"2021-04-20T14:37:08+00:00","description":"Este libro es un tratado de cultura empresarial en el que se relata la fascinante historia de Bacard\u00ed y la biograf\u00eda de Jorge del Rosal.","breadcrumb":{"@id":"https:\/\/coparmexjal.org.mx\/entorno-empresarial\/el-vuelo-de-bacardi\/#breadcrumb"},"inLanguage":"es","potentialAction":[{"@type":"ReadAction","target":["https:\/\/coparmexjal.org.mx\/entorno-empresarial\/el-vuelo-de-bacardi\/"]}]},{"@type":"ImageObject","inLanguage":"es","@id":"https:\/\/coparmexjal.org.mx\/entorno-empresarial\/el-vuelo-de-bacardi\/#primaryimage","url":"https:\/\/coparmexjal.org.mx\/entorno-empresarial\/wp-content\/uploads\/2021\/04\/El-vuelo-de-Bacardi-1ra.jpg","contentUrl":"https:\/\/coparmexjal.org.mx\/entorno-empresarial\/wp-content\/uploads\/2021\/04\/El-vuelo-de-Bacardi-1ra.jpg","width":564,"height":800},{"@type":"BreadcrumbList","@id":"https:\/\/coparmexjal.org.mx\/entorno-empresarial\/el-vuelo-de-bacardi\/#breadcrumb","itemListElement":[{"@type":"ListItem","position":1,"name":"Inicio","item":"https:\/\/coparmexjal.org.mx\/entorno-empresarial\/"},{"@type":"ListItem","position":2,"name":"El vuelo de Bacard\u00ed"}]},{"@type":"WebSite","@id":"https:\/\/coparmexjal.org.mx\/entorno-empresarial\/#website","url":"https:\/\/coparmexjal.org.mx\/entorno-empresarial\/","name":"Revista Entorno Empresarial","description":"Coparmex Jalisco","publisher":{"@id":"https:\/\/coparmexjal.org.mx\/entorno-empresarial\/#organization"},"potentialAction":[{"@type":"SearchAction","target":{"@type":"EntryPoint","urlTemplate":"https:\/\/coparmexjal.org.mx\/entorno-empresarial\/?s={search_term_string}"},"query-input":{"@type":"PropertyValueSpecification","valueRequired":true,"valueName":"search_term_string"}}],"inLanguage":"es"},{"@type":"Organization","@id":"https:\/\/coparmexjal.org.mx\/entorno-empresarial\/#organization","name":"Coparmex Jalisco","url":"https:\/\/coparmexjal.org.mx\/entorno-empresarial\/","logo":{"@type":"ImageObject","inLanguage":"es","@id":"https:\/\/coparmexjal.org.mx\/entorno-empresarial\/#\/schema\/logo\/image\/","url":"https:\/\/coparmexjal.org.mx\/entorno-empresarial\/wp-content\/uploads\/2020\/02\/logo-amp.png","contentUrl":"https:\/\/coparmexjal.org.mx\/entorno-empresarial\/wp-content\/uploads\/2020\/02\/logo-amp.png","width":120,"height":90,"caption":"Coparmex Jalisco"},"image":{"@id":"https:\/\/coparmexjal.org.mx\/entorno-empresarial\/#\/schema\/logo\/image\/"},"sameAs":["https:\/\/facebook.com\/comcoparmex","https:\/\/x.com\/comcoparmex","http:\/\/instagram.com\/coparmexjalisco","https:\/\/mx.linkedin.com\/company\/coparmex-jalisco","https:\/\/www.youtube.com\/c\/CoparmexJaliscomx"]},{"@type":"Person","@id":"https:\/\/coparmexjal.org.mx\/entorno-empresarial\/#\/schema\/person\/a5631197d27621bced2324279987e56a","name":"Bertha In\u00e9s Herrer\u00edas Franco","image":{"@type":"ImageObject","inLanguage":"es","@id":"https:\/\/coparmexjal.org.mx\/entorno-empresarial\/wp-content\/uploads\/2020\/06\/lid-150x150.jpg","url":"https:\/\/coparmexjal.org.mx\/entorno-empresarial\/wp-content\/uploads\/2020\/06\/lid-150x150.jpg","contentUrl":"https:\/\/coparmexjal.org.mx\/entorno-empresarial\/wp-content\/uploads\/2020\/06\/lid-150x150.jpg","caption":"Bertha In\u00e9s Herrer\u00edas Franco"},"description":"Gerente de comunicaci\u00f3n de LID Editorial Mexicana","sameAs":["https:\/\/www.lideditorial.com"],"url":"https:\/\/coparmexjal.org.mx\/entorno-empresarial\/author\/bertha-herrerias\/"}]}},"_links":{"self":[{"href":"https:\/\/coparmexjal.org.mx\/entorno-empresarial\/wp-json\/wp\/v2\/posts\/4904","targetHints":{"allow":["GET"]}}],"collection":[{"href":"https:\/\/coparmexjal.org.mx\/entorno-empresarial\/wp-json\/wp\/v2\/posts"}],"about":[{"href":"https:\/\/coparmexjal.org.mx\/entorno-empresarial\/wp-json\/wp\/v2\/types\/post"}],"author":[{"embeddable":true,"href":"https:\/\/coparmexjal.org.mx\/entorno-empresarial\/wp-json\/wp\/v2\/users\/8"}],"replies":[{"embeddable":true,"href":"https:\/\/coparmexjal.org.mx\/entorno-empresarial\/wp-json\/wp\/v2\/comments?post=4904"}],"version-history":[{"count":1,"href":"https:\/\/coparmexjal.org.mx\/entorno-empresarial\/wp-json\/wp\/v2\/posts\/4904\/revisions"}],"predecessor-version":[{"id":4907,"href":"https:\/\/coparmexjal.org.mx\/entorno-empresarial\/wp-json\/wp\/v2\/posts\/4904\/revisions\/4907"}],"wp:featuredmedia":[{"embeddable":true,"href":"https:\/\/coparmexjal.org.mx\/entorno-empresarial\/wp-json\/wp\/v2\/media\/4905"}],"wp:attachment":[{"href":"https:\/\/coparmexjal.org.mx\/entorno-empresarial\/wp-json\/wp\/v2\/media?parent=4904"}],"wp:term":[{"taxonomy":"category","embeddable":true,"href":"https:\/\/coparmexjal.org.mx\/entorno-empresarial\/wp-json\/wp\/v2\/categories?post=4904"},{"taxonomy":"post_tag","embeddable":true,"href":"https:\/\/coparmexjal.org.mx\/entorno-empresarial\/wp-json\/wp\/v2\/tags?post=4904"}],"curies":[{"name":"wp","href":"https:\/\/api.w.org\/{rel}","templated":true}]}}