{"id":4884,"date":"2021-04-13T14:34:47","date_gmt":"2021-04-13T19:34:47","guid":{"rendered":"https:\/\/coparmexjal.org.mx\/entorno-empresarial\/?p=4884"},"modified":"2021-04-13T19:19:21","modified_gmt":"2021-04-14T00:19:21","slug":"coparmex-jalisco-sera-observador-en-el-proceso-electoral-2021","status":"publish","type":"post","link":"https:\/\/coparmexjal.org.mx\/entorno-empresarial\/coparmex-jalisco-sera-observador-en-el-proceso-electoral-2021\/","title":{"rendered":"Coparmex Jalisco ser\u00e1 Observador en el Proceso Electoral 2021"},"content":{"rendered":"\n<figure class=\"wp-block-pullquote\"><blockquote><p><strong><em>Coparmex Jalisco tiene 20 a\u00f1os de experiencia como Observador Electoral, siendo el Proceso Electoral del a\u00f1o 2000 en el que particip\u00f3 por<\/em><\/strong><em> <strong>primera vez<\/strong><\/em><\/p><\/blockquote><\/figure>\n\n\n\n<p>Este a\u00f1o a nivel federal se elegir\u00e1n 500 cargos a la C\u00e1mara de Diputados y m\u00e1s de 20 mil 292 puestos de elecci\u00f3n popular a nivel estatal. En Jalisco lo que est\u00e1 en disputa son 125 presidencias municipales, 1479 regidur\u00edas, 38 diputados locales y 20 federales.<\/p>\n\n\n\n<p>Con el objetivo de fomentar la cultural del voto informado, incidir de manera positiva en la agenda de las y los candidatos, adem\u00e1s de participar como observadores electorales; Coparmex Jalisco implement\u00f3 las iniciativas<strong>:<\/strong> <strong>Sal a Votar, Foros Electorales: Decide por Jalisco y Observadores Electorales 2021<\/strong> con que se busca motivar a la ciudadan\u00eda para que ejerzan su derecho al voto.<\/p>\n\n\n\n<p>La instituci\u00f3n se consolida como Observador Electoral, durante 2018 fue la instituci\u00f3n que m\u00e1s observadores registro con un total de 120, por lo que en este proceso busca incrementa el n\u00famero a 150. En esta ocasi\u00f3n la instituci\u00f3n forma parte de una red internacional de observaci\u00f3n impulsada por el <strong>Instituto Interamericano de Derechos Humanos; <\/strong>con una estrategia de observaci\u00f3n antes, durante y despu\u00e9s de la jornada electoral.<\/p>\n\n\n\n<h2 class=\"wp-block-heading\"><strong>Antes de la jornada electoral<\/strong><\/h2>\n\n\n\n<ul class=\"wp-block-list\"><li>Seguimiento a las propuestas de las y los candidatos en materia de inclusi\u00f3n para mujeres, j\u00f3venes, ind\u00edgenas y comunidad LGBTTT, con un enfoque de respeto a los derechos humanos.<\/li><li>Monitoreo del uso programas sociales con fines electorales.<\/li><\/ul>\n\n\n\n<h2 class=\"wp-block-heading\"><strong>Durante la jornada electoral<\/strong><\/h2>\n\n\n\n<ul class=\"wp-block-list\"><li>Observaci\u00f3n focalizada en casillas que se encuentren en secciones electorales con mayor concentraci\u00f3n de mujeres, personas con discapacidad y antecedentes de irregularidades.<\/li><\/ul>\n\n\n\n<h2 class=\"wp-block-heading\"><strong>Despu\u00e9s de la jornada&nbsp;<\/strong>Publicaci\u00f3n de resultados<\/h2>\n\n\n\n<h2 class=\"wp-block-heading\">Reporte final de la observaci\u00f3n<\/h2>\n\n\n\n<ul class=\"wp-block-list\"><li>Publicaci\u00f3n de resultados<\/li><li>Reporte final de la observaci\u00f3n<\/li><\/ul>\n\n\n\n<p>Para lograrlo es necesario la participaci\u00f3n social por lo que lanzamos un llamado a la sociedad civil, la academia y los organismos empresariales a sumarse a esta iniciativa.<\/p>\n\n\n\n<p>Adicional se har\u00e1 uso de las redes sociales, por lo que se les invita a realizar sus reportes de las incidencias ocurridas en las campa\u00f1as por medio de la utilizaci\u00f3n del hashtag <strong>#ObservoYDecido + #F\u00edjateEnLosHechos<\/strong> y durante la jornada electoral por medio del hashtag <strong>#MiCasilla + #SalAVotar<\/strong>.<\/p>\n\n\n\n<p><br>En Jalisco se espera que estas elecciones 6 millones 132 mil jaliscienses ejerzan su derecho al voto.<br><br><strong>Dato adicional:<\/strong>&nbsp; El padr\u00f3n electoral de Jalisco est\u00e1 conformado por 1 mill\u00f3n 746 mil 316 j\u00f3venes de entre 18 y 29 a\u00f1os y de estos se espera que 247 mil 071 voten por primera vez.<\/p>\n","protected":false},"excerpt":{"rendered":"<p>Coparmex Jalisco tiene 20 a\u00f1os de experiencia como Observador Electoral, siendo el Proceso Electoral del a\u00f1o 2000 en el que particip\u00f3 por primera vez Este<\/p>\n","protected":false},"author":2,"featured_media":4886,"comment_status":"open","ping_status":"open","sticky":false,"template":"","format":"standard","meta":{"footnotes":""},"categories":[348],"tags":[405,802,257,800,801],"class_list":["post-4884","post","type-post","status-publish","format-standard","has-post-thumbnail","hentry","category-noticias","tag-coparmex-jalisco","tag-elecciones-2021","tag-jalisco","tag-observador-electoral","tag-observo-y-decido"],"yoast_head":"<!-- This site is optimized with the Yoast SEO plugin v27.5 - https:\/\/yoast.com\/product\/yoast-seo-wordpress\/ -->\n<title>Coparmex Jalisco ser\u00e1 Observador en el Proceso Electoral 2021 - Entorno Empresarial<\/title>\n<meta name=\"robots\" content=\"index, follow, max-snippet:-1, max-image-preview:large, max-video-preview:-1\" \/>\n<link rel=\"canonical\" href=\"https:\/\/coparmexjal.org.mx\/entorno-empresarial\/coparmex-jalisco-sera-observador-en-el-proceso-electoral-2021\/\" \/>\n<meta property=\"og:locale\" content=\"es_MX\" \/>\n<meta property=\"og:type\" content=\"article\" \/>\n<meta property=\"og:title\" content=\"Coparmex Jalisco ser\u00e1 Observador en el Proceso Electoral 2021 - Entorno Empresarial\" \/>\n<meta property=\"og:description\" content=\"Coparmex Jalisco tiene 20 a\u00f1os de experiencia como Observador Electoral, siendo el Proceso Electoral del a\u00f1o 2000 en el que particip\u00f3 por primera vez Este\" \/>\n<meta property=\"og:url\" content=\"https:\/\/coparmexjal.org.mx\/entorno-empresarial\/coparmex-jalisco-sera-observador-en-el-proceso-electoral-2021\/\" \/>\n<meta property=\"og:site_name\" content=\"Entorno Empresarial\" \/>\n<meta property=\"article:publisher\" content=\"https:\/\/facebook.com\/comcoparmex\" \/>\n<meta property=\"article:published_time\" content=\"2021-04-13T19:34:47+00:00\" \/>\n<meta property=\"article:modified_time\" content=\"2021-04-14T00:19:21+00:00\" \/>\n<meta property=\"og:image\" content=\"https:\/\/coparmexjal.org.mx\/entorno-empresarial\/wp-content\/uploads\/2021\/04\/element5-digital-T9CXBZLUvic-unsplash.jpg\" \/>\n\t<meta property=\"og:image:width\" content=\"1200\" \/>\n\t<meta property=\"og:image:height\" content=\"800\" \/>\n\t<meta property=\"og:image:type\" content=\"image\/jpeg\" \/>\n<meta name=\"author\" content=\"Coparmex Jalisco\" \/>\n<meta name=\"twitter:card\" content=\"summary_large_image\" \/>\n<meta name=\"twitter:creator\" content=\"@comcoparmex\" \/>\n<meta name=\"twitter:site\" content=\"@comcoparmex\" \/>\n<meta name=\"twitter:label1\" content=\"Escrito por\" \/>\n\t<meta name=\"twitter:data1\" content=\"Coparmex Jalisco\" \/>\n\t<meta name=\"twitter:label2\" content=\"Tiempo de lectura\" \/>\n\t<meta name=\"twitter:data2\" content=\"2 minutos\" \/>\n<script type=\"application\/ld+json\" class=\"yoast-schema-graph\">{\"@context\":\"https:\\\/\\\/schema.org\",\"@graph\":[{\"@type\":\"Article\",\"@id\":\"https:\\\/\\\/coparmexjal.org.mx\\\/entorno-empresarial\\\/coparmex-jalisco-sera-observador-en-el-proceso-electoral-2021\\\/#article\",\"isPartOf\":{\"@id\":\"https:\\\/\\\/coparmexjal.org.mx\\\/entorno-empresarial\\\/coparmex-jalisco-sera-observador-en-el-proceso-electoral-2021\\\/\"},\"author\":{\"name\":\"Coparmex Jalisco\",\"@id\":\"https:\\\/\\\/coparmexjal.org.mx\\\/entorno-empresarial\\\/#\\\/schema\\\/person\\\/7d1d56a9587bfb3a725cd3dbfbdb9d44\"},\"headline\":\"Coparmex Jalisco ser\u00e1 Observador en el Proceso Electoral 2021\",\"datePublished\":\"2021-04-13T19:34:47+00:00\",\"dateModified\":\"2021-04-14T00:19:21+00:00\",\"mainEntityOfPage\":{\"@id\":\"https:\\\/\\\/coparmexjal.org.mx\\\/entorno-empresarial\\\/coparmex-jalisco-sera-observador-en-el-proceso-electoral-2021\\\/\"},\"wordCount\":435,\"commentCount\":0,\"publisher\":{\"@id\":\"https:\\\/\\\/coparmexjal.org.mx\\\/entorno-empresarial\\\/#organization\"},\"image\":{\"@id\":\"https:\\\/\\\/coparmexjal.org.mx\\\/entorno-empresarial\\\/coparmex-jalisco-sera-observador-en-el-proceso-electoral-2021\\\/#primaryimage\"},\"thumbnailUrl\":\"https:\\\/\\\/coparmexjal.org.mx\\\/entorno-empresarial\\\/wp-content\\\/uploads\\\/2021\\\/04\\\/element5-digital-T9CXBZLUvic-unsplash.jpg\",\"keywords\":[\"coparmex jalisco\",\"Elecciones 2021\",\"Jalisco\",\"Observador Electoral\",\"Observo y decido\"],\"articleSection\":[\"Noticias\"],\"inLanguage\":\"es\",\"potentialAction\":[{\"@type\":\"CommentAction\",\"name\":\"Comment\",\"target\":[\"https:\\\/\\\/coparmexjal.org.mx\\\/entorno-empresarial\\\/coparmex-jalisco-sera-observador-en-el-proceso-electoral-2021\\\/#respond\"]}]},{\"@type\":\"WebPage\",\"@id\":\"https:\\\/\\\/coparmexjal.org.mx\\\/entorno-empresarial\\\/coparmex-jalisco-sera-observador-en-el-proceso-electoral-2021\\\/\",\"url\":\"https:\\\/\\\/coparmexjal.org.mx\\\/entorno-empresarial\\\/coparmex-jalisco-sera-observador-en-el-proceso-electoral-2021\\\/\",\"name\":\"Coparmex Jalisco ser\u00e1 Observador en el Proceso Electoral 2021 - Entorno Empresarial\",\"isPartOf\":{\"@id\":\"https:\\\/\\\/coparmexjal.org.mx\\\/entorno-empresarial\\\/#website\"},\"primaryImageOfPage\":{\"@id\":\"https:\\\/\\\/coparmexjal.org.mx\\\/entorno-empresarial\\\/coparmex-jalisco-sera-observador-en-el-proceso-electoral-2021\\\/#primaryimage\"},\"image\":{\"@id\":\"https:\\\/\\\/coparmexjal.org.mx\\\/entorno-empresarial\\\/coparmex-jalisco-sera-observador-en-el-proceso-electoral-2021\\\/#primaryimage\"},\"thumbnailUrl\":\"https:\\\/\\\/coparmexjal.org.mx\\\/entorno-empresarial\\\/wp-content\\\/uploads\\\/2021\\\/04\\\/element5-digital-T9CXBZLUvic-unsplash.jpg\",\"datePublished\":\"2021-04-13T19:34:47+00:00\",\"dateModified\":\"2021-04-14T00:19:21+00:00\",\"breadcrumb\":{\"@id\":\"https:\\\/\\\/coparmexjal.org.mx\\\/entorno-empresarial\\\/coparmex-jalisco-sera-observador-en-el-proceso-electoral-2021\\\/#breadcrumb\"},\"inLanguage\":\"es\",\"potentialAction\":[{\"@type\":\"ReadAction\",\"target\":[\"https:\\\/\\\/coparmexjal.org.mx\\\/entorno-empresarial\\\/coparmex-jalisco-sera-observador-en-el-proceso-electoral-2021\\\/\"]}]},{\"@type\":\"ImageObject\",\"inLanguage\":\"es\",\"@id\":\"https:\\\/\\\/coparmexjal.org.mx\\\/entorno-empresarial\\\/coparmex-jalisco-sera-observador-en-el-proceso-electoral-2021\\\/#primaryimage\",\"url\":\"https:\\\/\\\/coparmexjal.org.mx\\\/entorno-empresarial\\\/wp-content\\\/uploads\\\/2021\\\/04\\\/element5-digital-T9CXBZLUvic-unsplash.jpg\",\"contentUrl\":\"https:\\\/\\\/coparmexjal.org.mx\\\/entorno-empresarial\\\/wp-content\\\/uploads\\\/2021\\\/04\\\/element5-digital-T9CXBZLUvic-unsplash.jpg\",\"width\":1200,\"height\":800},{\"@type\":\"BreadcrumbList\",\"@id\":\"https:\\\/\\\/coparmexjal.org.mx\\\/entorno-empresarial\\\/coparmex-jalisco-sera-observador-en-el-proceso-electoral-2021\\\/#breadcrumb\",\"itemListElement\":[{\"@type\":\"ListItem\",\"position\":1,\"name\":\"Inicio\",\"item\":\"https:\\\/\\\/coparmexjal.org.mx\\\/entorno-empresarial\\\/\"},{\"@type\":\"ListItem\",\"position\":2,\"name\":\"Coparmex Jalisco ser\u00e1 Observador en el Proceso Electoral 2021\"}]},{\"@type\":\"WebSite\",\"@id\":\"https:\\\/\\\/coparmexjal.org.mx\\\/entorno-empresarial\\\/#website\",\"url\":\"https:\\\/\\\/coparmexjal.org.mx\\\/entorno-empresarial\\\/\",\"name\":\"Revista Entorno Empresarial\",\"description\":\"Coparmex Jalisco\",\"publisher\":{\"@id\":\"https:\\\/\\\/coparmexjal.org.mx\\\/entorno-empresarial\\\/#organization\"},\"potentialAction\":[{\"@type\":\"SearchAction\",\"target\":{\"@type\":\"EntryPoint\",\"urlTemplate\":\"https:\\\/\\\/coparmexjal.org.mx\\\/entorno-empresarial\\\/?s={search_term_string}\"},\"query-input\":{\"@type\":\"PropertyValueSpecification\",\"valueRequired\":true,\"valueName\":\"search_term_string\"}}],\"inLanguage\":\"es\"},{\"@type\":\"Organization\",\"@id\":\"https:\\\/\\\/coparmexjal.org.mx\\\/entorno-empresarial\\\/#organization\",\"name\":\"Coparmex Jalisco\",\"url\":\"https:\\\/\\\/coparmexjal.org.mx\\\/entorno-empresarial\\\/\",\"logo\":{\"@type\":\"ImageObject\",\"inLanguage\":\"es\",\"@id\":\"https:\\\/\\\/coparmexjal.org.mx\\\/entorno-empresarial\\\/#\\\/schema\\\/logo\\\/image\\\/\",\"url\":\"https:\\\/\\\/coparmexjal.org.mx\\\/entorno-empresarial\\\/wp-content\\\/uploads\\\/2020\\\/02\\\/logo-amp.png\",\"contentUrl\":\"https:\\\/\\\/coparmexjal.org.mx\\\/entorno-empresarial\\\/wp-content\\\/uploads\\\/2020\\\/02\\\/logo-amp.png\",\"width\":120,\"height\":90,\"caption\":\"Coparmex Jalisco\"},\"image\":{\"@id\":\"https:\\\/\\\/coparmexjal.org.mx\\\/entorno-empresarial\\\/#\\\/schema\\\/logo\\\/image\\\/\"},\"sameAs\":[\"https:\\\/\\\/facebook.com\\\/comcoparmex\",\"https:\\\/\\\/x.com\\\/comcoparmex\",\"http:\\\/\\\/instagram.com\\\/coparmexjalisco\",\"https:\\\/\\\/mx.linkedin.com\\\/company\\\/coparmex-jalisco\",\"https:\\\/\\\/www.youtube.com\\\/c\\\/CoparmexJaliscomx\"]},{\"@type\":\"Person\",\"@id\":\"https:\\\/\\\/coparmexjal.org.mx\\\/entorno-empresarial\\\/#\\\/schema\\\/person\\\/7d1d56a9587bfb3a725cd3dbfbdb9d44\",\"name\":\"Coparmex Jalisco\",\"image\":{\"@type\":\"ImageObject\",\"inLanguage\":\"es\",\"@id\":\"https:\\\/\\\/coparmexjal.org.mx\\\/entorno-empresarial\\\/wp-content\\\/uploads\\\/2020\\\/06\\\/favicon-150x133.png\",\"url\":\"https:\\\/\\\/coparmexjal.org.mx\\\/entorno-empresarial\\\/wp-content\\\/uploads\\\/2020\\\/06\\\/favicon-150x133.png\",\"contentUrl\":\"https:\\\/\\\/coparmexjal.org.mx\\\/entorno-empresarial\\\/wp-content\\\/uploads\\\/2020\\\/06\\\/favicon-150x133.png\",\"caption\":\"Coparmex Jalisco\"},\"url\":\"https:\\\/\\\/coparmexjal.org.mx\\\/entorno-empresarial\\\/author\\\/coparmexjalisco\\\/\"}]}<\/script>\n<!-- \/ Yoast SEO plugin. -->","yoast_head_json":{"title":"Coparmex Jalisco ser\u00e1 Observador en el Proceso Electoral 2021 - Entorno Empresarial","robots":{"index":"index","follow":"follow","max-snippet":"max-snippet:-1","max-image-preview":"max-image-preview:large","max-video-preview":"max-video-preview:-1"},"canonical":"https:\/\/coparmexjal.org.mx\/entorno-empresarial\/coparmex-jalisco-sera-observador-en-el-proceso-electoral-2021\/","og_locale":"es_MX","og_type":"article","og_title":"Coparmex Jalisco ser\u00e1 Observador en el Proceso Electoral 2021 - Entorno Empresarial","og_description":"Coparmex Jalisco tiene 20 a\u00f1os de experiencia como Observador Electoral, siendo el Proceso Electoral del a\u00f1o 2000 en el que particip\u00f3 por primera vez Este","og_url":"https:\/\/coparmexjal.org.mx\/entorno-empresarial\/coparmex-jalisco-sera-observador-en-el-proceso-electoral-2021\/","og_site_name":"Entorno Empresarial","article_publisher":"https:\/\/facebook.com\/comcoparmex","article_published_time":"2021-04-13T19:34:47+00:00","article_modified_time":"2021-04-14T00:19:21+00:00","og_image":[{"width":1200,"height":800,"url":"https:\/\/coparmexjal.org.mx\/entorno-empresarial\/wp-content\/uploads\/2021\/04\/element5-digital-T9CXBZLUvic-unsplash.jpg","type":"image\/jpeg"}],"author":"Coparmex Jalisco","twitter_card":"summary_large_image","twitter_creator":"@comcoparmex","twitter_site":"@comcoparmex","twitter_misc":{"Escrito por":"Coparmex Jalisco","Tiempo de lectura":"2 minutos"},"schema":{"@context":"https:\/\/schema.org","@graph":[{"@type":"Article","@id":"https:\/\/coparmexjal.org.mx\/entorno-empresarial\/coparmex-jalisco-sera-observador-en-el-proceso-electoral-2021\/#article","isPartOf":{"@id":"https:\/\/coparmexjal.org.mx\/entorno-empresarial\/coparmex-jalisco-sera-observador-en-el-proceso-electoral-2021\/"},"author":{"name":"Coparmex Jalisco","@id":"https:\/\/coparmexjal.org.mx\/entorno-empresarial\/#\/schema\/person\/7d1d56a9587bfb3a725cd3dbfbdb9d44"},"headline":"Coparmex Jalisco ser\u00e1 Observador en el Proceso Electoral 2021","datePublished":"2021-04-13T19:34:47+00:00","dateModified":"2021-04-14T00:19:21+00:00","mainEntityOfPage":{"@id":"https:\/\/coparmexjal.org.mx\/entorno-empresarial\/coparmex-jalisco-sera-observador-en-el-proceso-electoral-2021\/"},"wordCount":435,"commentCount":0,"publisher":{"@id":"https:\/\/coparmexjal.org.mx\/entorno-empresarial\/#organization"},"image":{"@id":"https:\/\/coparmexjal.org.mx\/entorno-empresarial\/coparmex-jalisco-sera-observador-en-el-proceso-electoral-2021\/#primaryimage"},"thumbnailUrl":"https:\/\/coparmexjal.org.mx\/entorno-empresarial\/wp-content\/uploads\/2021\/04\/element5-digital-T9CXBZLUvic-unsplash.jpg","keywords":["coparmex jalisco","Elecciones 2021","Jalisco","Observador Electoral","Observo y decido"],"articleSection":["Noticias"],"inLanguage":"es","potentialAction":[{"@type":"CommentAction","name":"Comment","target":["https:\/\/coparmexjal.org.mx\/entorno-empresarial\/coparmex-jalisco-sera-observador-en-el-proceso-electoral-2021\/#respond"]}]},{"@type":"WebPage","@id":"https:\/\/coparmexjal.org.mx\/entorno-empresarial\/coparmex-jalisco-sera-observador-en-el-proceso-electoral-2021\/","url":"https:\/\/coparmexjal.org.mx\/entorno-empresarial\/coparmex-jalisco-sera-observador-en-el-proceso-electoral-2021\/","name":"Coparmex Jalisco ser\u00e1 Observador en el Proceso Electoral 2021 - Entorno Empresarial","isPartOf":{"@id":"https:\/\/coparmexjal.org.mx\/entorno-empresarial\/#website"},"primaryImageOfPage":{"@id":"https:\/\/coparmexjal.org.mx\/entorno-empresarial\/coparmex-jalisco-sera-observador-en-el-proceso-electoral-2021\/#primaryimage"},"image":{"@id":"https:\/\/coparmexjal.org.mx\/entorno-empresarial\/coparmex-jalisco-sera-observador-en-el-proceso-electoral-2021\/#primaryimage"},"thumbnailUrl":"https:\/\/coparmexjal.org.mx\/entorno-empresarial\/wp-content\/uploads\/2021\/04\/element5-digital-T9CXBZLUvic-unsplash.jpg","datePublished":"2021-04-13T19:34:47+00:00","dateModified":"2021-04-14T00:19:21+00:00","breadcrumb":{"@id":"https:\/\/coparmexjal.org.mx\/entorno-empresarial\/coparmex-jalisco-sera-observador-en-el-proceso-electoral-2021\/#breadcrumb"},"inLanguage":"es","potentialAction":[{"@type":"ReadAction","target":["https:\/\/coparmexjal.org.mx\/entorno-empresarial\/coparmex-jalisco-sera-observador-en-el-proceso-electoral-2021\/"]}]},{"@type":"ImageObject","inLanguage":"es","@id":"https:\/\/coparmexjal.org.mx\/entorno-empresarial\/coparmex-jalisco-sera-observador-en-el-proceso-electoral-2021\/#primaryimage","url":"https:\/\/coparmexjal.org.mx\/entorno-empresarial\/wp-content\/uploads\/2021\/04\/element5-digital-T9CXBZLUvic-unsplash.jpg","contentUrl":"https:\/\/coparmexjal.org.mx\/entorno-empresarial\/wp-content\/uploads\/2021\/04\/element5-digital-T9CXBZLUvic-unsplash.jpg","width":1200,"height":800},{"@type":"BreadcrumbList","@id":"https:\/\/coparmexjal.org.mx\/entorno-empresarial\/coparmex-jalisco-sera-observador-en-el-proceso-electoral-2021\/#breadcrumb","itemListElement":[{"@type":"ListItem","position":1,"name":"Inicio","item":"https:\/\/coparmexjal.org.mx\/entorno-empresarial\/"},{"@type":"ListItem","position":2,"name":"Coparmex Jalisco ser\u00e1 Observador en el Proceso Electoral 2021"}]},{"@type":"WebSite","@id":"https:\/\/coparmexjal.org.mx\/entorno-empresarial\/#website","url":"https:\/\/coparmexjal.org.mx\/entorno-empresarial\/","name":"Revista Entorno Empresarial","description":"Coparmex Jalisco","publisher":{"@id":"https:\/\/coparmexjal.org.mx\/entorno-empresarial\/#organization"},"potentialAction":[{"@type":"SearchAction","target":{"@type":"EntryPoint","urlTemplate":"https:\/\/coparmexjal.org.mx\/entorno-empresarial\/?s={search_term_string}"},"query-input":{"@type":"PropertyValueSpecification","valueRequired":true,"valueName":"search_term_string"}}],"inLanguage":"es"},{"@type":"Organization","@id":"https:\/\/coparmexjal.org.mx\/entorno-empresarial\/#organization","name":"Coparmex Jalisco","url":"https:\/\/coparmexjal.org.mx\/entorno-empresarial\/","logo":{"@type":"ImageObject","inLanguage":"es","@id":"https:\/\/coparmexjal.org.mx\/entorno-empresarial\/#\/schema\/logo\/image\/","url":"https:\/\/coparmexjal.org.mx\/entorno-empresarial\/wp-content\/uploads\/2020\/02\/logo-amp.png","contentUrl":"https:\/\/coparmexjal.org.mx\/entorno-empresarial\/wp-content\/uploads\/2020\/02\/logo-amp.png","width":120,"height":90,"caption":"Coparmex Jalisco"},"image":{"@id":"https:\/\/coparmexjal.org.mx\/entorno-empresarial\/#\/schema\/logo\/image\/"},"sameAs":["https:\/\/facebook.com\/comcoparmex","https:\/\/x.com\/comcoparmex","http:\/\/instagram.com\/coparmexjalisco","https:\/\/mx.linkedin.com\/company\/coparmex-jalisco","https:\/\/www.youtube.com\/c\/CoparmexJaliscomx"]},{"@type":"Person","@id":"https:\/\/coparmexjal.org.mx\/entorno-empresarial\/#\/schema\/person\/7d1d56a9587bfb3a725cd3dbfbdb9d44","name":"Coparmex Jalisco","image":{"@type":"ImageObject","inLanguage":"es","@id":"https:\/\/coparmexjal.org.mx\/entorno-empresarial\/wp-content\/uploads\/2020\/06\/favicon-150x133.png","url":"https:\/\/coparmexjal.org.mx\/entorno-empresarial\/wp-content\/uploads\/2020\/06\/favicon-150x133.png","contentUrl":"https:\/\/coparmexjal.org.mx\/entorno-empresarial\/wp-content\/uploads\/2020\/06\/favicon-150x133.png","caption":"Coparmex Jalisco"},"url":"https:\/\/coparmexjal.org.mx\/entorno-empresarial\/author\/coparmexjalisco\/"}]}},"_links":{"self":[{"href":"https:\/\/coparmexjal.org.mx\/entorno-empresarial\/wp-json\/wp\/v2\/posts\/4884","targetHints":{"allow":["GET"]}}],"collection":[{"href":"https:\/\/coparmexjal.org.mx\/entorno-empresarial\/wp-json\/wp\/v2\/posts"}],"about":[{"href":"https:\/\/coparmexjal.org.mx\/entorno-empresarial\/wp-json\/wp\/v2\/types\/post"}],"author":[{"embeddable":true,"href":"https:\/\/coparmexjal.org.mx\/entorno-empresarial\/wp-json\/wp\/v2\/users\/2"}],"replies":[{"embeddable":true,"href":"https:\/\/coparmexjal.org.mx\/entorno-empresarial\/wp-json\/wp\/v2\/comments?post=4884"}],"version-history":[{"count":2,"href":"https:\/\/coparmexjal.org.mx\/entorno-empresarial\/wp-json\/wp\/v2\/posts\/4884\/revisions"}],"predecessor-version":[{"id":4888,"href":"https:\/\/coparmexjal.org.mx\/entorno-empresarial\/wp-json\/wp\/v2\/posts\/4884\/revisions\/4888"}],"wp:featuredmedia":[{"embeddable":true,"href":"https:\/\/coparmexjal.org.mx\/entorno-empresarial\/wp-json\/wp\/v2\/media\/4886"}],"wp:attachment":[{"href":"https:\/\/coparmexjal.org.mx\/entorno-empresarial\/wp-json\/wp\/v2\/media?parent=4884"}],"wp:term":[{"taxonomy":"category","embeddable":true,"href":"https:\/\/coparmexjal.org.mx\/entorno-empresarial\/wp-json\/wp\/v2\/categories?post=4884"},{"taxonomy":"post_tag","embeddable":true,"href":"https:\/\/coparmexjal.org.mx\/entorno-empresarial\/wp-json\/wp\/v2\/tags?post=4884"}],"curies":[{"name":"wp","href":"https:\/\/api.w.org\/{rel}","templated":true}]}}