{"id":4856,"date":"2021-03-26T11:17:49","date_gmt":"2021-03-26T17:17:49","guid":{"rendered":"https:\/\/coparmexjal.org.mx\/entorno-empresarial\/?p=4856"},"modified":"2021-03-26T11:18:03","modified_gmt":"2021-03-26T17:18:03","slug":"la-capacitacion-en-2021-transformacion-digital-para-la-nueva-normalidad","status":"publish","type":"post","link":"https:\/\/coparmexjal.org.mx\/entorno-empresarial\/la-capacitacion-en-2021-transformacion-digital-para-la-nueva-normalidad\/","title":{"rendered":"La capacitaci\u00f3n en 2021, transformaci\u00f3n digital para la nueva normalidad."},"content":{"rendered":"\n<blockquote class=\"wp-block-quote is-layout-flow wp-block-quote-is-layout-flow\"><p>Existen muchas organizaciones que a\u00fan consideran la&nbsp;capacitaci\u00f3n&nbsp;como un gasto innecesario y no como una inversi\u00f3n que beneficiar\u00e1 tanto a la empresa como a sus colaboradores. <\/p><p>La capacitaci\u00f3n es un proceso clave para el desarrollo, motivaci\u00f3n y satisfacci\u00f3n laboral de los colaboradores que forman parte de la empresa<\/p><\/blockquote>\n\n\n\n<p><strong>Las necesidades de capacitaci\u00f3n empresarial y cursos que incentiven a los empleados y jefes de una empresa, se han incrementado debido al crecimiento de la econom\u00eda mundial<\/strong>,<strong> las demandas de los clientes y el alto nivel de competitividad que la globalizaci\u00f3n va exigiendo<\/strong>, as\u00ed que es casi imperante considerar incrementar los conocimientos y habilidades para entrar de forma satisfactoria al mercado y as\u00ed cumplir de forma efectiva con los requerimientos de la industria.<br>Es por esto que deben buscarse cursos o herramientas que ayuden a fortalecer los pilares de la empresa, incrementen la visi\u00f3n y permitan&nbsp; realizar los enfoques en lo qu\u00e9 realmente es relevante para una empresa y sus empleados, ya que las exigencias del mercado van aumentando y la flexibilidad para las nuevas tendencias es fundamental.<\/p>\n\n\n\n<p>Para ello te compartimos 5 de las nuevas tendencias de capacitaci\u00f3n que podr\u00edas implementar dentro dentro de tu empresa:<\/p>\n\n\n\n<div class=\"wp-block-image\"><figure class=\"aligncenter size-large is-resized\"><img fetchpriority=\"high\" decoding=\"async\" src=\"https:\/\/coparmexjal.org.mx\/entorno-empresarial\/wp-content\/uploads\/2021\/03\/photo-1554415707-6e8cfc93fe23-1.jpg\" alt=\"\" class=\"wp-image-4866\" width=\"318\" height=\"212\" srcset=\"https:\/\/coparmexjal.org.mx\/entorno-empresarial\/wp-content\/uploads\/2021\/03\/photo-1554415707-6e8cfc93fe23-1.jpg 750w, https:\/\/coparmexjal.org.mx\/entorno-empresarial\/wp-content\/uploads\/2021\/03\/photo-1554415707-6e8cfc93fe23-1-300x200.jpg 300w\" sizes=\"(max-width: 318px) 100vw, 318px\" \/><\/figure><\/div>\n\n\n\n<h5 class=\"has-strong-magenta-color has-text-color wp-block-heading\"><strong>1. Actualizaci\u00f3n de habilidades y la recapacitaci\u00f3n<\/strong><\/h5>\n\n\n\n<p><br>Tambi\u00e9n conocidas como <strong><em>upskilling y <\/em>&nbsp;<em>reskilling,<\/em><\/strong><em> <\/em>la primera, hace referencia al proceso mediante el cual los profesionales adquieren <strong>nuevas habilidades dentro de su \u00e1mbito profesional,<\/strong> lo que les permite actualizar su rol y postularse en el mismo perfil como una persona con conocimientos m\u00e1s actuales y competitivos. La segunda, se relaciona con la <strong>formaci\u00f3n que recibe un empleado para mejorar habilidades <\/strong>que ya posee en un \u00e1rea diferente a la suya y as\u00ed alcanzar un nuevo rol de trabajo.<\/p>\n\n\n\n<h5 class=\"has-strong-magenta-color has-text-color wp-block-heading\"><strong>2. Modalidad On-line como primer aliado<\/strong><\/h5>\n\n\n\n<p><strong><br><\/strong>La formaci\u00f3n de los empleados <strong>se ha convertido de 100% presencial al formato online<\/strong>, lo que nos ha permitido, mantener una capacitaci\u00f3n constante con nuevos retos de adaptaci\u00f3n pero con mejores resultados, pues ha permitido que los colaboradores puedan estar desde la comodidad de sus hogares u oficinas. Se han eliminado los tiempos muertos de traslado a instalaciones capacitadoras y ha permitido la conectividad de personal de otras ciudades y pa\u00edses en una misma aula virtual, lo que enriquece el conocimiento a trav\u00e9s de la participaci\u00f3n y el uso de recursos digitales.<\/p>\n\n\n\n<h5 class=\"has-strong-magenta-color has-text-color wp-block-heading\"><strong>3. Plataformas de e-learning vers\u00e1tiles y microaprendizaje<\/strong><\/h5>\n\n\n\n<p><br>Las empresas se han dado cuenta de lo importante que es tener una <strong>plataforma de formaci\u00f3n online que permita satisfacer las necesidades de los profesionales,<\/strong> incluyendo los gestores de&nbsp; contenido. Dichas plataformas deben ser capaces de adaptarse a los requerimientos cambiantes de las empresas, por ende, las caracter\u00edsticas que adquieren a\u00fan m\u00e1s relevancia en el entorno actual son:<\/p>\n\n\n\n<p><strong>Multilenguaje:<\/strong> para incluir en una misma formaci\u00f3n a una mayor cantidad de empleados, de diferentes \u00e1reas y puestos dentro de la organizaci\u00f3n.<\/p>\n\n\n\n<p><strong>Precargados en la nube:<\/strong> para que lo \u00fanico necesario a la hora de acceder sea una conexi\u00f3n a Internet.<\/p>\n\n\n\n<p><strong>Autogestionable:<\/strong> que permite mayor flexibilidad a los usuarios para decidir desde d\u00f3nde utilizan la plataforma y en qu\u00e9 horarios lo utilizar\u00e1n.<\/p>\n\n\n\n<p><strong>Microaprendizaje: <\/strong>Formaci\u00f3n de consumo r\u00e1pido como videos, im\u00e1genes, notas, comics, con temas de inter\u00e9s y desarrollo para los colaboradores, que los llevar\u00e1 a una formaci\u00f3n sin invertir gran cantidad de horas.<\/p>\n\n\n\n<h5 class=\"has-strong-magenta-color has-text-color wp-block-heading\"><strong>4. Empresas propulsoras de la gamificaci\u00f3n<\/strong><\/h5>\n\n\n\n<p><strong><br><\/strong>La gamificaci\u00f3n es \u201cla <strong>aplicaci\u00f3n de elementos t\u00edpicos del juego (por ejemplo, puntuaci\u00f3n, competencia con otros, reglas de juego) <\/strong>a otras \u00e1reas de actividad, no l\u00fadicas.<\/p>\n\n\n\n<p>La gamificaci\u00f3n ha demostrado que los empleados se sienten m\u00e1s comprometidos y alentados a dar lo mejor de s\u00ed en un entorno divertido y seguro, lo que ha llevado a maximizar el desarrollo de los colaboradores, seg\u00fan investigaciones a empresas con esta pr\u00e1ctica se ha obtenido que:<\/p>\n\n\n\n<ul class=\"wp-block-list\"><li>Incrementa la ratio de conversi\u00f3n siete veces m\u00e1s que las empresas que no utilizan gamificaci\u00f3n.<\/li><li>Motivando a los usuarios, ya que el 95% de los empleados disfruta usando elementos gamificados en su trabajo.&nbsp;<\/li><li>Mejorar los resultados en las evaluaciones basadas en habilidades.<\/li><\/ul>\n\n\n\n<h5 class=\"has-strong-magenta-color has-text-color wp-block-heading\"><strong>5. La experiencia del empleado<\/strong><\/h5>\n\n\n\n<p>Retener talento es uno de los retos constantes a los que se enfrentan las compa\u00f1\u00edas hoy en d\u00eda, por lo tanto, muchas de ellas prestar\u00e1n atenci\u00f3n a los ambientes de trabajo y la cultura de empresa que presentan al mundo con lugares inclusivos, divertidos y con oportunidades para todos incluso durante el teletrabajo.<br>Estudios recientes han revelado que <strong>la flexibilidad laboral que conlleva el teletrabajo ha aumentado el compromiso y el bienestar de los empleados.<\/strong><br>Ante esta situaci\u00f3n se aconseja que los departamentos de RRHH realicen <em>checklists<\/em> emocionales para confirmar el estado de los empleados y que ofrezcan las herramientas y habilidades que necesitan los profesionales para gestionar el cambio. En este proceso, contar con itinerarios formativos es una de las buenas pr\u00e1cticas que se pueden aplicar.<\/p>\n\n\n\n<div class=\"wp-block-image\"><figure class=\"aligncenter size-large is-resized\"><a href=\"https:\/\/coparmexjal.org.mx\/incompany\/\"><img decoding=\"async\" src=\"https:\/\/coparmexjal.org.mx\/entorno-empresarial\/wp-content\/uploads\/2021\/03\/Bold-Text-Beach-Sunset-Twitter-Post-1-1024x576.png\" alt=\"\" class=\"wp-image-4861\" width=\"325\" height=\"181\"\/><\/a><\/figure><\/div>\n\n\n\n<p><\/p>\n","protected":false},"excerpt":{"rendered":"<p>Existen muchas organizaciones que a\u00fan consideran la capacitaci\u00f3n como un gasto innecesario y no como una inversi\u00f3n que beneficiar\u00e1 tanto a la empresa como a sus colaboradores. <\/p>\n<p>La capacitaci\u00f3n es un proceso clave para el desarrollo, motivaci\u00f3n y satisfacci\u00f3n laboral de los colaboradores que forman parte de la empresa<\/p>\n","protected":false},"author":92,"featured_media":4858,"comment_status":"open","ping_status":"open","sticky":false,"template":"","format":"standard","meta":{"footnotes":""},"categories":[158,152],"tags":[251,796,226,212,798,797],"class_list":["post-4856","post","type-post","status-publish","format-standard","has-post-thumbnail","hentry","category-capital-humano","category-empresas","tag-capacitacion","tag-capacitacion-in-company","tag-colaboradores","tag-habilidades","tag-reskilling","tag-upskilling"],"yoast_head":"<!-- This site is optimized with the Yoast SEO plugin v27.5 - https:\/\/yoast.com\/product\/yoast-seo-wordpress\/ -->\n<title>La capacitaci\u00f3n en 2021, transformaci\u00f3n digital para la nueva normalidad. - Entorno Empresarial<\/title>\n<meta name=\"robots\" content=\"index, follow, max-snippet:-1, max-image-preview:large, max-video-preview:-1\" \/>\n<link rel=\"canonical\" href=\"https:\/\/coparmexjal.org.mx\/entorno-empresarial\/la-capacitacion-en-2021-transformacion-digital-para-la-nueva-normalidad\/\" \/>\n<meta property=\"og:locale\" content=\"es_MX\" \/>\n<meta property=\"og:type\" content=\"article\" \/>\n<meta property=\"og:title\" content=\"La capacitaci\u00f3n en 2021, transformaci\u00f3n digital para la nueva normalidad. - Entorno Empresarial\" \/>\n<meta property=\"og:description\" content=\"Existen muchas organizaciones que a\u00fan consideran la capacitaci\u00f3n como un gasto innecesario y no como una inversi\u00f3n que beneficiar\u00e1 tanto a la empresa como a sus colaboradores.  La capacitaci\u00f3n es un proceso clave para el desarrollo, motivaci\u00f3n y satisfacci\u00f3n laboral de los colaboradores que forman parte de la empresa\" \/>\n<meta property=\"og:url\" content=\"https:\/\/coparmexjal.org.mx\/entorno-empresarial\/la-capacitacion-en-2021-transformacion-digital-para-la-nueva-normalidad\/\" \/>\n<meta property=\"og:site_name\" content=\"Entorno Empresarial\" \/>\n<meta property=\"article:publisher\" content=\"https:\/\/facebook.com\/comcoparmex\" \/>\n<meta property=\"article:published_time\" content=\"2021-03-26T17:17:49+00:00\" \/>\n<meta property=\"article:modified_time\" content=\"2021-03-26T17:18:03+00:00\" \/>\n<meta property=\"og:image\" content=\"https:\/\/coparmexjal.org.mx\/entorno-empresarial\/wp-content\/uploads\/2021\/03\/photo-1555421689-491a97ff2040.jpg\" \/>\n\t<meta property=\"og:image:width\" content=\"750\" \/>\n\t<meta property=\"og:image:height\" content=\"500\" \/>\n\t<meta property=\"og:image:type\" content=\"image\/jpeg\" \/>\n<meta name=\"author\" content=\"Roma Orozco\" \/>\n<meta name=\"twitter:card\" content=\"summary_large_image\" \/>\n<meta name=\"twitter:creator\" content=\"@comcoparmex\" \/>\n<meta name=\"twitter:site\" content=\"@comcoparmex\" \/>\n<meta name=\"twitter:label1\" content=\"Escrito por\" \/>\n\t<meta name=\"twitter:data1\" content=\"Roma Orozco\" \/>\n\t<meta name=\"twitter:label2\" content=\"Tiempo de lectura\" \/>\n\t<meta name=\"twitter:data2\" content=\"4 minutos\" \/>\n<script type=\"application\/ld+json\" class=\"yoast-schema-graph\">{\"@context\":\"https:\\\/\\\/schema.org\",\"@graph\":[{\"@type\":\"Article\",\"@id\":\"https:\\\/\\\/coparmexjal.org.mx\\\/entorno-empresarial\\\/la-capacitacion-en-2021-transformacion-digital-para-la-nueva-normalidad\\\/#article\",\"isPartOf\":{\"@id\":\"https:\\\/\\\/coparmexjal.org.mx\\\/entorno-empresarial\\\/la-capacitacion-en-2021-transformacion-digital-para-la-nueva-normalidad\\\/\"},\"author\":{\"name\":\"Roma Orozco\",\"@id\":\"https:\\\/\\\/coparmexjal.org.mx\\\/entorno-empresarial\\\/#\\\/schema\\\/person\\\/c7260c669b813edc32e56173ed03e2bd\"},\"headline\":\"La capacitaci\u00f3n en 2021, transformaci\u00f3n digital para la nueva normalidad.\",\"datePublished\":\"2021-03-26T17:17:49+00:00\",\"dateModified\":\"2021-03-26T17:18:03+00:00\",\"mainEntityOfPage\":{\"@id\":\"https:\\\/\\\/coparmexjal.org.mx\\\/entorno-empresarial\\\/la-capacitacion-en-2021-transformacion-digital-para-la-nueva-normalidad\\\/\"},\"wordCount\":857,\"commentCount\":0,\"publisher\":{\"@id\":\"https:\\\/\\\/coparmexjal.org.mx\\\/entorno-empresarial\\\/#organization\"},\"image\":{\"@id\":\"https:\\\/\\\/coparmexjal.org.mx\\\/entorno-empresarial\\\/la-capacitacion-en-2021-transformacion-digital-para-la-nueva-normalidad\\\/#primaryimage\"},\"thumbnailUrl\":\"https:\\\/\\\/coparmexjal.org.mx\\\/entorno-empresarial\\\/wp-content\\\/uploads\\\/2021\\\/03\\\/photo-1555421689-491a97ff2040.jpg\",\"keywords\":[\"capacitaci\u00f3n\",\"Capacitaci\u00f3n In Company\",\"colaboradores\",\"habilidades\",\"Reskilling\",\"Upskilling\"],\"articleSection\":[\"Capital Humano\",\"Empresas\"],\"inLanguage\":\"es\",\"potentialAction\":[{\"@type\":\"CommentAction\",\"name\":\"Comment\",\"target\":[\"https:\\\/\\\/coparmexjal.org.mx\\\/entorno-empresarial\\\/la-capacitacion-en-2021-transformacion-digital-para-la-nueva-normalidad\\\/#respond\"]}]},{\"@type\":\"WebPage\",\"@id\":\"https:\\\/\\\/coparmexjal.org.mx\\\/entorno-empresarial\\\/la-capacitacion-en-2021-transformacion-digital-para-la-nueva-normalidad\\\/\",\"url\":\"https:\\\/\\\/coparmexjal.org.mx\\\/entorno-empresarial\\\/la-capacitacion-en-2021-transformacion-digital-para-la-nueva-normalidad\\\/\",\"name\":\"La capacitaci\u00f3n en 2021, transformaci\u00f3n digital para la nueva normalidad. - Entorno Empresarial\",\"isPartOf\":{\"@id\":\"https:\\\/\\\/coparmexjal.org.mx\\\/entorno-empresarial\\\/#website\"},\"primaryImageOfPage\":{\"@id\":\"https:\\\/\\\/coparmexjal.org.mx\\\/entorno-empresarial\\\/la-capacitacion-en-2021-transformacion-digital-para-la-nueva-normalidad\\\/#primaryimage\"},\"image\":{\"@id\":\"https:\\\/\\\/coparmexjal.org.mx\\\/entorno-empresarial\\\/la-capacitacion-en-2021-transformacion-digital-para-la-nueva-normalidad\\\/#primaryimage\"},\"thumbnailUrl\":\"https:\\\/\\\/coparmexjal.org.mx\\\/entorno-empresarial\\\/wp-content\\\/uploads\\\/2021\\\/03\\\/photo-1555421689-491a97ff2040.jpg\",\"datePublished\":\"2021-03-26T17:17:49+00:00\",\"dateModified\":\"2021-03-26T17:18:03+00:00\",\"breadcrumb\":{\"@id\":\"https:\\\/\\\/coparmexjal.org.mx\\\/entorno-empresarial\\\/la-capacitacion-en-2021-transformacion-digital-para-la-nueva-normalidad\\\/#breadcrumb\"},\"inLanguage\":\"es\",\"potentialAction\":[{\"@type\":\"ReadAction\",\"target\":[\"https:\\\/\\\/coparmexjal.org.mx\\\/entorno-empresarial\\\/la-capacitacion-en-2021-transformacion-digital-para-la-nueva-normalidad\\\/\"]}]},{\"@type\":\"ImageObject\",\"inLanguage\":\"es\",\"@id\":\"https:\\\/\\\/coparmexjal.org.mx\\\/entorno-empresarial\\\/la-capacitacion-en-2021-transformacion-digital-para-la-nueva-normalidad\\\/#primaryimage\",\"url\":\"https:\\\/\\\/coparmexjal.org.mx\\\/entorno-empresarial\\\/wp-content\\\/uploads\\\/2021\\\/03\\\/photo-1555421689-491a97ff2040.jpg\",\"contentUrl\":\"https:\\\/\\\/coparmexjal.org.mx\\\/entorno-empresarial\\\/wp-content\\\/uploads\\\/2021\\\/03\\\/photo-1555421689-491a97ff2040.jpg\",\"width\":750,\"height\":500},{\"@type\":\"BreadcrumbList\",\"@id\":\"https:\\\/\\\/coparmexjal.org.mx\\\/entorno-empresarial\\\/la-capacitacion-en-2021-transformacion-digital-para-la-nueva-normalidad\\\/#breadcrumb\",\"itemListElement\":[{\"@type\":\"ListItem\",\"position\":1,\"name\":\"Inicio\",\"item\":\"https:\\\/\\\/coparmexjal.org.mx\\\/entorno-empresarial\\\/\"},{\"@type\":\"ListItem\",\"position\":2,\"name\":\"La capacitaci\u00f3n en 2021, transformaci\u00f3n digital para la nueva normalidad.\"}]},{\"@type\":\"WebSite\",\"@id\":\"https:\\\/\\\/coparmexjal.org.mx\\\/entorno-empresarial\\\/#website\",\"url\":\"https:\\\/\\\/coparmexjal.org.mx\\\/entorno-empresarial\\\/\",\"name\":\"Revista Entorno Empresarial\",\"description\":\"Coparmex Jalisco\",\"publisher\":{\"@id\":\"https:\\\/\\\/coparmexjal.org.mx\\\/entorno-empresarial\\\/#organization\"},\"potentialAction\":[{\"@type\":\"SearchAction\",\"target\":{\"@type\":\"EntryPoint\",\"urlTemplate\":\"https:\\\/\\\/coparmexjal.org.mx\\\/entorno-empresarial\\\/?s={search_term_string}\"},\"query-input\":{\"@type\":\"PropertyValueSpecification\",\"valueRequired\":true,\"valueName\":\"search_term_string\"}}],\"inLanguage\":\"es\"},{\"@type\":\"Organization\",\"@id\":\"https:\\\/\\\/coparmexjal.org.mx\\\/entorno-empresarial\\\/#organization\",\"name\":\"Coparmex Jalisco\",\"url\":\"https:\\\/\\\/coparmexjal.org.mx\\\/entorno-empresarial\\\/\",\"logo\":{\"@type\":\"ImageObject\",\"inLanguage\":\"es\",\"@id\":\"https:\\\/\\\/coparmexjal.org.mx\\\/entorno-empresarial\\\/#\\\/schema\\\/logo\\\/image\\\/\",\"url\":\"https:\\\/\\\/coparmexjal.org.mx\\\/entorno-empresarial\\\/wp-content\\\/uploads\\\/2020\\\/02\\\/logo-amp.png\",\"contentUrl\":\"https:\\\/\\\/coparmexjal.org.mx\\\/entorno-empresarial\\\/wp-content\\\/uploads\\\/2020\\\/02\\\/logo-amp.png\",\"width\":120,\"height\":90,\"caption\":\"Coparmex Jalisco\"},\"image\":{\"@id\":\"https:\\\/\\\/coparmexjal.org.mx\\\/entorno-empresarial\\\/#\\\/schema\\\/logo\\\/image\\\/\"},\"sameAs\":[\"https:\\\/\\\/facebook.com\\\/comcoparmex\",\"https:\\\/\\\/x.com\\\/comcoparmex\",\"http:\\\/\\\/instagram.com\\\/coparmexjalisco\",\"https:\\\/\\\/mx.linkedin.com\\\/company\\\/coparmex-jalisco\",\"https:\\\/\\\/www.youtube.com\\\/c\\\/CoparmexJaliscomx\"]},{\"@type\":\"Person\",\"@id\":\"https:\\\/\\\/coparmexjal.org.mx\\\/entorno-empresarial\\\/#\\\/schema\\\/person\\\/c7260c669b813edc32e56173ed03e2bd\",\"name\":\"Roma Orozco\",\"image\":{\"@type\":\"ImageObject\",\"inLanguage\":\"es\",\"@id\":\"https:\\\/\\\/coparmexjal.org.mx\\\/entorno-empresarial\\\/wp-content\\\/uploads\\\/2021\\\/03\\\/WhatsApp-Image-2021-03-26-at-11.04.33-AM-150x150.jpeg\",\"url\":\"https:\\\/\\\/coparmexjal.org.mx\\\/entorno-empresarial\\\/wp-content\\\/uploads\\\/2021\\\/03\\\/WhatsApp-Image-2021-03-26-at-11.04.33-AM-150x150.jpeg\",\"contentUrl\":\"https:\\\/\\\/coparmexjal.org.mx\\\/entorno-empresarial\\\/wp-content\\\/uploads\\\/2021\\\/03\\\/WhatsApp-Image-2021-03-26-at-11.04.33-AM-150x150.jpeg\",\"caption\":\"Roma Orozco\"},\"url\":\"https:\\\/\\\/coparmexjal.org.mx\\\/entorno-empresarial\\\/author\\\/roma-orozco\\\/\"}]}<\/script>\n<!-- \/ Yoast SEO plugin. -->","yoast_head_json":{"title":"La capacitaci\u00f3n en 2021, transformaci\u00f3n digital para la nueva normalidad. - Entorno Empresarial","robots":{"index":"index","follow":"follow","max-snippet":"max-snippet:-1","max-image-preview":"max-image-preview:large","max-video-preview":"max-video-preview:-1"},"canonical":"https:\/\/coparmexjal.org.mx\/entorno-empresarial\/la-capacitacion-en-2021-transformacion-digital-para-la-nueva-normalidad\/","og_locale":"es_MX","og_type":"article","og_title":"La capacitaci\u00f3n en 2021, transformaci\u00f3n digital para la nueva normalidad. - Entorno Empresarial","og_description":"Existen muchas organizaciones que a\u00fan consideran la capacitaci\u00f3n como un gasto innecesario y no como una inversi\u00f3n que beneficiar\u00e1 tanto a la empresa como a sus colaboradores.  La capacitaci\u00f3n es un proceso clave para el desarrollo, motivaci\u00f3n y satisfacci\u00f3n laboral de los colaboradores que forman parte de la empresa","og_url":"https:\/\/coparmexjal.org.mx\/entorno-empresarial\/la-capacitacion-en-2021-transformacion-digital-para-la-nueva-normalidad\/","og_site_name":"Entorno Empresarial","article_publisher":"https:\/\/facebook.com\/comcoparmex","article_published_time":"2021-03-26T17:17:49+00:00","article_modified_time":"2021-03-26T17:18:03+00:00","og_image":[{"width":750,"height":500,"url":"https:\/\/coparmexjal.org.mx\/entorno-empresarial\/wp-content\/uploads\/2021\/03\/photo-1555421689-491a97ff2040.jpg","type":"image\/jpeg"}],"author":"Roma Orozco","twitter_card":"summary_large_image","twitter_creator":"@comcoparmex","twitter_site":"@comcoparmex","twitter_misc":{"Escrito por":"Roma Orozco","Tiempo de lectura":"4 minutos"},"schema":{"@context":"https:\/\/schema.org","@graph":[{"@type":"Article","@id":"https:\/\/coparmexjal.org.mx\/entorno-empresarial\/la-capacitacion-en-2021-transformacion-digital-para-la-nueva-normalidad\/#article","isPartOf":{"@id":"https:\/\/coparmexjal.org.mx\/entorno-empresarial\/la-capacitacion-en-2021-transformacion-digital-para-la-nueva-normalidad\/"},"author":{"name":"Roma Orozco","@id":"https:\/\/coparmexjal.org.mx\/entorno-empresarial\/#\/schema\/person\/c7260c669b813edc32e56173ed03e2bd"},"headline":"La capacitaci\u00f3n en 2021, transformaci\u00f3n digital para la nueva normalidad.","datePublished":"2021-03-26T17:17:49+00:00","dateModified":"2021-03-26T17:18:03+00:00","mainEntityOfPage":{"@id":"https:\/\/coparmexjal.org.mx\/entorno-empresarial\/la-capacitacion-en-2021-transformacion-digital-para-la-nueva-normalidad\/"},"wordCount":857,"commentCount":0,"publisher":{"@id":"https:\/\/coparmexjal.org.mx\/entorno-empresarial\/#organization"},"image":{"@id":"https:\/\/coparmexjal.org.mx\/entorno-empresarial\/la-capacitacion-en-2021-transformacion-digital-para-la-nueva-normalidad\/#primaryimage"},"thumbnailUrl":"https:\/\/coparmexjal.org.mx\/entorno-empresarial\/wp-content\/uploads\/2021\/03\/photo-1555421689-491a97ff2040.jpg","keywords":["capacitaci\u00f3n","Capacitaci\u00f3n In Company","colaboradores","habilidades","Reskilling","Upskilling"],"articleSection":["Capital Humano","Empresas"],"inLanguage":"es","potentialAction":[{"@type":"CommentAction","name":"Comment","target":["https:\/\/coparmexjal.org.mx\/entorno-empresarial\/la-capacitacion-en-2021-transformacion-digital-para-la-nueva-normalidad\/#respond"]}]},{"@type":"WebPage","@id":"https:\/\/coparmexjal.org.mx\/entorno-empresarial\/la-capacitacion-en-2021-transformacion-digital-para-la-nueva-normalidad\/","url":"https:\/\/coparmexjal.org.mx\/entorno-empresarial\/la-capacitacion-en-2021-transformacion-digital-para-la-nueva-normalidad\/","name":"La capacitaci\u00f3n en 2021, transformaci\u00f3n digital para la nueva normalidad. - Entorno Empresarial","isPartOf":{"@id":"https:\/\/coparmexjal.org.mx\/entorno-empresarial\/#website"},"primaryImageOfPage":{"@id":"https:\/\/coparmexjal.org.mx\/entorno-empresarial\/la-capacitacion-en-2021-transformacion-digital-para-la-nueva-normalidad\/#primaryimage"},"image":{"@id":"https:\/\/coparmexjal.org.mx\/entorno-empresarial\/la-capacitacion-en-2021-transformacion-digital-para-la-nueva-normalidad\/#primaryimage"},"thumbnailUrl":"https:\/\/coparmexjal.org.mx\/entorno-empresarial\/wp-content\/uploads\/2021\/03\/photo-1555421689-491a97ff2040.jpg","datePublished":"2021-03-26T17:17:49+00:00","dateModified":"2021-03-26T17:18:03+00:00","breadcrumb":{"@id":"https:\/\/coparmexjal.org.mx\/entorno-empresarial\/la-capacitacion-en-2021-transformacion-digital-para-la-nueva-normalidad\/#breadcrumb"},"inLanguage":"es","potentialAction":[{"@type":"ReadAction","target":["https:\/\/coparmexjal.org.mx\/entorno-empresarial\/la-capacitacion-en-2021-transformacion-digital-para-la-nueva-normalidad\/"]}]},{"@type":"ImageObject","inLanguage":"es","@id":"https:\/\/coparmexjal.org.mx\/entorno-empresarial\/la-capacitacion-en-2021-transformacion-digital-para-la-nueva-normalidad\/#primaryimage","url":"https:\/\/coparmexjal.org.mx\/entorno-empresarial\/wp-content\/uploads\/2021\/03\/photo-1555421689-491a97ff2040.jpg","contentUrl":"https:\/\/coparmexjal.org.mx\/entorno-empresarial\/wp-content\/uploads\/2021\/03\/photo-1555421689-491a97ff2040.jpg","width":750,"height":500},{"@type":"BreadcrumbList","@id":"https:\/\/coparmexjal.org.mx\/entorno-empresarial\/la-capacitacion-en-2021-transformacion-digital-para-la-nueva-normalidad\/#breadcrumb","itemListElement":[{"@type":"ListItem","position":1,"name":"Inicio","item":"https:\/\/coparmexjal.org.mx\/entorno-empresarial\/"},{"@type":"ListItem","position":2,"name":"La capacitaci\u00f3n en 2021, transformaci\u00f3n digital para la nueva normalidad."}]},{"@type":"WebSite","@id":"https:\/\/coparmexjal.org.mx\/entorno-empresarial\/#website","url":"https:\/\/coparmexjal.org.mx\/entorno-empresarial\/","name":"Revista Entorno Empresarial","description":"Coparmex Jalisco","publisher":{"@id":"https:\/\/coparmexjal.org.mx\/entorno-empresarial\/#organization"},"potentialAction":[{"@type":"SearchAction","target":{"@type":"EntryPoint","urlTemplate":"https:\/\/coparmexjal.org.mx\/entorno-empresarial\/?s={search_term_string}"},"query-input":{"@type":"PropertyValueSpecification","valueRequired":true,"valueName":"search_term_string"}}],"inLanguage":"es"},{"@type":"Organization","@id":"https:\/\/coparmexjal.org.mx\/entorno-empresarial\/#organization","name":"Coparmex Jalisco","url":"https:\/\/coparmexjal.org.mx\/entorno-empresarial\/","logo":{"@type":"ImageObject","inLanguage":"es","@id":"https:\/\/coparmexjal.org.mx\/entorno-empresarial\/#\/schema\/logo\/image\/","url":"https:\/\/coparmexjal.org.mx\/entorno-empresarial\/wp-content\/uploads\/2020\/02\/logo-amp.png","contentUrl":"https:\/\/coparmexjal.org.mx\/entorno-empresarial\/wp-content\/uploads\/2020\/02\/logo-amp.png","width":120,"height":90,"caption":"Coparmex Jalisco"},"image":{"@id":"https:\/\/coparmexjal.org.mx\/entorno-empresarial\/#\/schema\/logo\/image\/"},"sameAs":["https:\/\/facebook.com\/comcoparmex","https:\/\/x.com\/comcoparmex","http:\/\/instagram.com\/coparmexjalisco","https:\/\/mx.linkedin.com\/company\/coparmex-jalisco","https:\/\/www.youtube.com\/c\/CoparmexJaliscomx"]},{"@type":"Person","@id":"https:\/\/coparmexjal.org.mx\/entorno-empresarial\/#\/schema\/person\/c7260c669b813edc32e56173ed03e2bd","name":"Roma Orozco","image":{"@type":"ImageObject","inLanguage":"es","@id":"https:\/\/coparmexjal.org.mx\/entorno-empresarial\/wp-content\/uploads\/2021\/03\/WhatsApp-Image-2021-03-26-at-11.04.33-AM-150x150.jpeg","url":"https:\/\/coparmexjal.org.mx\/entorno-empresarial\/wp-content\/uploads\/2021\/03\/WhatsApp-Image-2021-03-26-at-11.04.33-AM-150x150.jpeg","contentUrl":"https:\/\/coparmexjal.org.mx\/entorno-empresarial\/wp-content\/uploads\/2021\/03\/WhatsApp-Image-2021-03-26-at-11.04.33-AM-150x150.jpeg","caption":"Roma Orozco"},"url":"https:\/\/coparmexjal.org.mx\/entorno-empresarial\/author\/roma-orozco\/"}]}},"_links":{"self":[{"href":"https:\/\/coparmexjal.org.mx\/entorno-empresarial\/wp-json\/wp\/v2\/posts\/4856","targetHints":{"allow":["GET"]}}],"collection":[{"href":"https:\/\/coparmexjal.org.mx\/entorno-empresarial\/wp-json\/wp\/v2\/posts"}],"about":[{"href":"https:\/\/coparmexjal.org.mx\/entorno-empresarial\/wp-json\/wp\/v2\/types\/post"}],"author":[{"embeddable":true,"href":"https:\/\/coparmexjal.org.mx\/entorno-empresarial\/wp-json\/wp\/v2\/users\/92"}],"replies":[{"embeddable":true,"href":"https:\/\/coparmexjal.org.mx\/entorno-empresarial\/wp-json\/wp\/v2\/comments?post=4856"}],"version-history":[{"count":11,"href":"https:\/\/coparmexjal.org.mx\/entorno-empresarial\/wp-json\/wp\/v2\/posts\/4856\/revisions"}],"predecessor-version":[{"id":4876,"href":"https:\/\/coparmexjal.org.mx\/entorno-empresarial\/wp-json\/wp\/v2\/posts\/4856\/revisions\/4876"}],"wp:featuredmedia":[{"embeddable":true,"href":"https:\/\/coparmexjal.org.mx\/entorno-empresarial\/wp-json\/wp\/v2\/media\/4858"}],"wp:attachment":[{"href":"https:\/\/coparmexjal.org.mx\/entorno-empresarial\/wp-json\/wp\/v2\/media?parent=4856"}],"wp:term":[{"taxonomy":"category","embeddable":true,"href":"https:\/\/coparmexjal.org.mx\/entorno-empresarial\/wp-json\/wp\/v2\/categories?post=4856"},{"taxonomy":"post_tag","embeddable":true,"href":"https:\/\/coparmexjal.org.mx\/entorno-empresarial\/wp-json\/wp\/v2\/tags?post=4856"}],"curies":[{"name":"wp","href":"https:\/\/api.w.org\/{rel}","templated":true}]}}