{"id":4805,"date":"2021-03-12T09:06:05","date_gmt":"2021-03-12T15:06:05","guid":{"rendered":"https:\/\/coparmexjal.org.mx\/entorno-empresarial\/?p=4805"},"modified":"2021-03-12T09:11:34","modified_gmt":"2021-03-12T15:11:34","slug":"respaldamos-suspension-provisional-a-lie","status":"publish","type":"post","link":"https:\/\/coparmexjal.org.mx\/entorno-empresarial\/respaldamos-suspension-provisional-a-lie\/","title":{"rendered":"Respaldamos suspensi\u00f3n provisional a LIE"},"content":{"rendered":"\n<p class=\"has-text-align-center\"><em>Lo advertimos, la LIE vulnera la libre competencia y afecta los derechos adquiridos de las empresas<\/em><\/p>\n\n\n\n<p class=\"has-text-align-center\"><em>Apoyamos que M\u00e9xico cuente con un sector el\u00e9ctrico fuerte y que sea amigable con el medio ambiente<\/em><\/p>\n\n\n\n<figure class=\"wp-block-pullquote\"><blockquote><p><strong>Adem\u00e1s bogamos por la independencia del Poder Judicial<\/strong><\/p><p><\/p><cite>Coparmex<\/cite><\/blockquote><\/figure>\n\n\n\n<p>Como instituci\u00f3n respaldamos la resoluci\u00f3n emitida por un Juzgado de Distrito para suspender de manera provisional todas las consecuencias derivadas del Decreto por el que se reforman y adicionan diversas disposiciones a la Ley de la Industria El\u00e9ctrica publicada en el Diario Oficial de la Federaci\u00f3n el pasado nueve de marzo de 2021.&nbsp;<\/p>\n\n\n\n<p>Aunque la medida cautelar \u00fanicamente fue solicitada por una empresa que participa en el Mercado El\u00e9ctrico Mayorista, deber\u00e1 tener efectos generales, pues de otorgar una medida cautelar con efectos particulares se le estar\u00eda dando una ventaja competitiva frente a las dem\u00e1s participantes, que es uno de los efectos adversos de la LIE que esta medida busca evitar.<\/p>\n\n\n\n<p>Tal como lo manifestamos con oportunidad y ante los efectos negativos que trae consigo la reforma promovida por el Ejecutivo Federal, y aprobada sin modificaciones por la C\u00e1mara de Diputados y el Senado, la LIE gener\u00f3 impugnaciones desde el primer d\u00eda de su entrada en vigor, por lo que la suspensi\u00f3n otorgada el d\u00eda de ayer, protege los derechos adquiridos y garantiza la libre competencia a favor de todos los mexicanos como usuarios del Sistema El\u00e9ctrico Nacional.&nbsp;<\/p>\n\n\n\n<p>Para fortalecer al Sistema El\u00e9ctrico y garantizar la transici\u00f3n de M\u00e9xico a la producci\u00f3n de energ\u00edas m\u00e1s accesibles y limpias para toda la poblaci\u00f3n es necesario que exista libre competencia en el mercado, as\u00ed como condiciones claras para quienes deseen invertir y para quienes ya lo hicieron.&nbsp; Con la aprobaci\u00f3n de la reforma de la LIE se pretendi\u00f3 cambiar el despacho de las energ\u00edas y privilegiar al combust\u00f3leo y carb\u00f3n, lo cual atenta adem\u00e1s contra el derecho a la salud que podr\u00eda ser otro argumento por el que podr\u00edan desencadenarse litigios.&nbsp;&nbsp;<\/p>\n\n\n\n<p>Con el objetivo de frenar la iniciativa de reforma a la LIE, en su momento Coparmex impuls\u00f3 una campa\u00f1a coordinada con los 68 centros empresariales, en la cual se enviaron cartas a los diputados y senadores. En ellas se\u00f1alamos argumentos t\u00e9cnicos por los cuales no se deb\u00eda aprobar dicha iniciativa preferente, pero aun con esos elementos suficientes, los legisladores del partido oficial y sus aliados la avalaron sin mover una coma.<\/p>\n\n\n\n<p>Ante la resoluci\u00f3n emitida el d\u00eda de ayer, reconocemos la labor del Poder Judicial que confirma su independencia y que fortalece la divisi\u00f3n de poderes. Confiamos en que se confirmar\u00e1 su resoluci\u00f3n a trav\u00e9s de una suspensi\u00f3n definitiva en las pr\u00f3ximas semanas en virtud de la regresi\u00f3n que representa dicha reforma y el da\u00f1o que provoca a la libertad econ\u00f3mica, a las familias y al medio ambiente.<\/p>\n\n\n\n<p>Insistimos en la necesidad de tener un sector energ\u00e9tico moderno y con una visi\u00f3n de largo plazo; Eso solo ser\u00e1 posible si se logra el trabajo conjunto entre el sector p\u00fablico y el privado, si se fomenta la inversi\u00f3n y se respeta el Estado de Derecho.&nbsp;<\/p>\n","protected":false},"excerpt":{"rendered":"<p>Lo advertimos, la LIE vulnera la libre competencia y afecta los derechos adquiridos de las empresas Apoyamos que M\u00e9xico cuente con un sector el\u00e9ctrico fuerte<\/p>\n","protected":false},"author":2,"featured_media":4806,"comment_status":"open","ping_status":"open","sticky":false,"template":"","format":"standard","meta":{"footnotes":""},"categories":[348],"tags":[404,362,763,761,787],"class_list":["post-4805","post","type-post","status-publish","format-standard","has-post-thumbnail","hentry","category-noticias","tag-coparmex","tag-estado-de-derecho","tag-ley-de-la-industria-electrica","tag-lie","tag-poder-judicial"],"yoast_head":"<!-- This site is optimized with the Yoast SEO plugin v27.5 - https:\/\/yoast.com\/product\/yoast-seo-wordpress\/ -->\n<title>Respaldamos suspensi\u00f3n provisional a LIE - Entorno Empresarial<\/title>\n<meta name=\"robots\" content=\"index, follow, max-snippet:-1, max-image-preview:large, max-video-preview:-1\" \/>\n<link rel=\"canonical\" href=\"https:\/\/coparmexjal.org.mx\/entorno-empresarial\/respaldamos-suspension-provisional-a-lie\/\" \/>\n<meta property=\"og:locale\" content=\"es_MX\" \/>\n<meta property=\"og:type\" content=\"article\" \/>\n<meta property=\"og:title\" content=\"Respaldamos suspensi\u00f3n provisional a LIE - Entorno Empresarial\" \/>\n<meta property=\"og:description\" content=\"Lo advertimos, la LIE vulnera la libre competencia y afecta los derechos adquiridos de las empresas Apoyamos que M\u00e9xico cuente con un sector el\u00e9ctrico fuerte\" \/>\n<meta property=\"og:url\" content=\"https:\/\/coparmexjal.org.mx\/entorno-empresarial\/respaldamos-suspension-provisional-a-lie\/\" \/>\n<meta property=\"og:site_name\" content=\"Entorno Empresarial\" \/>\n<meta property=\"article:publisher\" content=\"https:\/\/facebook.com\/comcoparmex\" \/>\n<meta property=\"article:published_time\" content=\"2021-03-12T15:06:05+00:00\" \/>\n<meta property=\"article:modified_time\" content=\"2021-03-12T15:11:34+00:00\" \/>\n<meta property=\"og:image\" content=\"https:\/\/coparmexjal.org.mx\/entorno-empresarial\/wp-content\/uploads\/2021\/03\/christopher-gonzalez-_j-SqhNY1JY-unsplash.jpg\" \/>\n\t<meta property=\"og:image:width\" content=\"533\" \/>\n\t<meta property=\"og:image:height\" content=\"800\" \/>\n\t<meta property=\"og:image:type\" content=\"image\/jpeg\" \/>\n<meta name=\"author\" content=\"Coparmex Jalisco\" \/>\n<meta name=\"twitter:card\" content=\"summary_large_image\" \/>\n<meta name=\"twitter:creator\" content=\"@comcoparmex\" \/>\n<meta name=\"twitter:site\" content=\"@comcoparmex\" \/>\n<meta name=\"twitter:label1\" content=\"Escrito por\" \/>\n\t<meta name=\"twitter:data1\" content=\"Coparmex Jalisco\" \/>\n\t<meta name=\"twitter:label2\" content=\"Tiempo de lectura\" \/>\n\t<meta name=\"twitter:data2\" content=\"3 minutos\" \/>\n<script type=\"application\/ld+json\" class=\"yoast-schema-graph\">{\"@context\":\"https:\\\/\\\/schema.org\",\"@graph\":[{\"@type\":\"Article\",\"@id\":\"https:\\\/\\\/coparmexjal.org.mx\\\/entorno-empresarial\\\/respaldamos-suspension-provisional-a-lie\\\/#article\",\"isPartOf\":{\"@id\":\"https:\\\/\\\/coparmexjal.org.mx\\\/entorno-empresarial\\\/respaldamos-suspension-provisional-a-lie\\\/\"},\"author\":{\"name\":\"Coparmex Jalisco\",\"@id\":\"https:\\\/\\\/coparmexjal.org.mx\\\/entorno-empresarial\\\/#\\\/schema\\\/person\\\/7d1d56a9587bfb3a725cd3dbfbdb9d44\"},\"headline\":\"Respaldamos suspensi\u00f3n provisional a LIE\",\"datePublished\":\"2021-03-12T15:06:05+00:00\",\"dateModified\":\"2021-03-12T15:11:34+00:00\",\"mainEntityOfPage\":{\"@id\":\"https:\\\/\\\/coparmexjal.org.mx\\\/entorno-empresarial\\\/respaldamos-suspension-provisional-a-lie\\\/\"},\"wordCount\":561,\"commentCount\":0,\"publisher\":{\"@id\":\"https:\\\/\\\/coparmexjal.org.mx\\\/entorno-empresarial\\\/#organization\"},\"image\":{\"@id\":\"https:\\\/\\\/coparmexjal.org.mx\\\/entorno-empresarial\\\/respaldamos-suspension-provisional-a-lie\\\/#primaryimage\"},\"thumbnailUrl\":\"https:\\\/\\\/coparmexjal.org.mx\\\/entorno-empresarial\\\/wp-content\\\/uploads\\\/2021\\\/03\\\/christopher-gonzalez-_j-SqhNY1JY-unsplash.jpg\",\"keywords\":[\"coparmex\",\"estado de derecho\",\"Ley de la Industria El\u00e9ctrica\",\"LIE\",\"Poder Judicial\"],\"articleSection\":[\"Noticias\"],\"inLanguage\":\"es\",\"potentialAction\":[{\"@type\":\"CommentAction\",\"name\":\"Comment\",\"target\":[\"https:\\\/\\\/coparmexjal.org.mx\\\/entorno-empresarial\\\/respaldamos-suspension-provisional-a-lie\\\/#respond\"]}]},{\"@type\":\"WebPage\",\"@id\":\"https:\\\/\\\/coparmexjal.org.mx\\\/entorno-empresarial\\\/respaldamos-suspension-provisional-a-lie\\\/\",\"url\":\"https:\\\/\\\/coparmexjal.org.mx\\\/entorno-empresarial\\\/respaldamos-suspension-provisional-a-lie\\\/\",\"name\":\"Respaldamos suspensi\u00f3n provisional a LIE - Entorno Empresarial\",\"isPartOf\":{\"@id\":\"https:\\\/\\\/coparmexjal.org.mx\\\/entorno-empresarial\\\/#website\"},\"primaryImageOfPage\":{\"@id\":\"https:\\\/\\\/coparmexjal.org.mx\\\/entorno-empresarial\\\/respaldamos-suspension-provisional-a-lie\\\/#primaryimage\"},\"image\":{\"@id\":\"https:\\\/\\\/coparmexjal.org.mx\\\/entorno-empresarial\\\/respaldamos-suspension-provisional-a-lie\\\/#primaryimage\"},\"thumbnailUrl\":\"https:\\\/\\\/coparmexjal.org.mx\\\/entorno-empresarial\\\/wp-content\\\/uploads\\\/2021\\\/03\\\/christopher-gonzalez-_j-SqhNY1JY-unsplash.jpg\",\"datePublished\":\"2021-03-12T15:06:05+00:00\",\"dateModified\":\"2021-03-12T15:11:34+00:00\",\"breadcrumb\":{\"@id\":\"https:\\\/\\\/coparmexjal.org.mx\\\/entorno-empresarial\\\/respaldamos-suspension-provisional-a-lie\\\/#breadcrumb\"},\"inLanguage\":\"es\",\"potentialAction\":[{\"@type\":\"ReadAction\",\"target\":[\"https:\\\/\\\/coparmexjal.org.mx\\\/entorno-empresarial\\\/respaldamos-suspension-provisional-a-lie\\\/\"]}]},{\"@type\":\"ImageObject\",\"inLanguage\":\"es\",\"@id\":\"https:\\\/\\\/coparmexjal.org.mx\\\/entorno-empresarial\\\/respaldamos-suspension-provisional-a-lie\\\/#primaryimage\",\"url\":\"https:\\\/\\\/coparmexjal.org.mx\\\/entorno-empresarial\\\/wp-content\\\/uploads\\\/2021\\\/03\\\/christopher-gonzalez-_j-SqhNY1JY-unsplash.jpg\",\"contentUrl\":\"https:\\\/\\\/coparmexjal.org.mx\\\/entorno-empresarial\\\/wp-content\\\/uploads\\\/2021\\\/03\\\/christopher-gonzalez-_j-SqhNY1JY-unsplash.jpg\",\"width\":533,\"height\":800},{\"@type\":\"BreadcrumbList\",\"@id\":\"https:\\\/\\\/coparmexjal.org.mx\\\/entorno-empresarial\\\/respaldamos-suspension-provisional-a-lie\\\/#breadcrumb\",\"itemListElement\":[{\"@type\":\"ListItem\",\"position\":1,\"name\":\"Inicio\",\"item\":\"https:\\\/\\\/coparmexjal.org.mx\\\/entorno-empresarial\\\/\"},{\"@type\":\"ListItem\",\"position\":2,\"name\":\"Respaldamos suspensi\u00f3n provisional a LIE\"}]},{\"@type\":\"WebSite\",\"@id\":\"https:\\\/\\\/coparmexjal.org.mx\\\/entorno-empresarial\\\/#website\",\"url\":\"https:\\\/\\\/coparmexjal.org.mx\\\/entorno-empresarial\\\/\",\"name\":\"Revista Entorno Empresarial\",\"description\":\"Coparmex Jalisco\",\"publisher\":{\"@id\":\"https:\\\/\\\/coparmexjal.org.mx\\\/entorno-empresarial\\\/#organization\"},\"potentialAction\":[{\"@type\":\"SearchAction\",\"target\":{\"@type\":\"EntryPoint\",\"urlTemplate\":\"https:\\\/\\\/coparmexjal.org.mx\\\/entorno-empresarial\\\/?s={search_term_string}\"},\"query-input\":{\"@type\":\"PropertyValueSpecification\",\"valueRequired\":true,\"valueName\":\"search_term_string\"}}],\"inLanguage\":\"es\"},{\"@type\":\"Organization\",\"@id\":\"https:\\\/\\\/coparmexjal.org.mx\\\/entorno-empresarial\\\/#organization\",\"name\":\"Coparmex Jalisco\",\"url\":\"https:\\\/\\\/coparmexjal.org.mx\\\/entorno-empresarial\\\/\",\"logo\":{\"@type\":\"ImageObject\",\"inLanguage\":\"es\",\"@id\":\"https:\\\/\\\/coparmexjal.org.mx\\\/entorno-empresarial\\\/#\\\/schema\\\/logo\\\/image\\\/\",\"url\":\"https:\\\/\\\/coparmexjal.org.mx\\\/entorno-empresarial\\\/wp-content\\\/uploads\\\/2020\\\/02\\\/logo-amp.png\",\"contentUrl\":\"https:\\\/\\\/coparmexjal.org.mx\\\/entorno-empresarial\\\/wp-content\\\/uploads\\\/2020\\\/02\\\/logo-amp.png\",\"width\":120,\"height\":90,\"caption\":\"Coparmex Jalisco\"},\"image\":{\"@id\":\"https:\\\/\\\/coparmexjal.org.mx\\\/entorno-empresarial\\\/#\\\/schema\\\/logo\\\/image\\\/\"},\"sameAs\":[\"https:\\\/\\\/facebook.com\\\/comcoparmex\",\"https:\\\/\\\/x.com\\\/comcoparmex\",\"http:\\\/\\\/instagram.com\\\/coparmexjalisco\",\"https:\\\/\\\/mx.linkedin.com\\\/company\\\/coparmex-jalisco\",\"https:\\\/\\\/www.youtube.com\\\/c\\\/CoparmexJaliscomx\"]},{\"@type\":\"Person\",\"@id\":\"https:\\\/\\\/coparmexjal.org.mx\\\/entorno-empresarial\\\/#\\\/schema\\\/person\\\/7d1d56a9587bfb3a725cd3dbfbdb9d44\",\"name\":\"Coparmex Jalisco\",\"image\":{\"@type\":\"ImageObject\",\"inLanguage\":\"es\",\"@id\":\"https:\\\/\\\/coparmexjal.org.mx\\\/entorno-empresarial\\\/wp-content\\\/uploads\\\/2020\\\/06\\\/favicon-150x133.png\",\"url\":\"https:\\\/\\\/coparmexjal.org.mx\\\/entorno-empresarial\\\/wp-content\\\/uploads\\\/2020\\\/06\\\/favicon-150x133.png\",\"contentUrl\":\"https:\\\/\\\/coparmexjal.org.mx\\\/entorno-empresarial\\\/wp-content\\\/uploads\\\/2020\\\/06\\\/favicon-150x133.png\",\"caption\":\"Coparmex Jalisco\"},\"url\":\"https:\\\/\\\/coparmexjal.org.mx\\\/entorno-empresarial\\\/author\\\/coparmexjalisco\\\/\"}]}<\/script>\n<!-- \/ Yoast SEO plugin. -->","yoast_head_json":{"title":"Respaldamos suspensi\u00f3n provisional a LIE - Entorno Empresarial","robots":{"index":"index","follow":"follow","max-snippet":"max-snippet:-1","max-image-preview":"max-image-preview:large","max-video-preview":"max-video-preview:-1"},"canonical":"https:\/\/coparmexjal.org.mx\/entorno-empresarial\/respaldamos-suspension-provisional-a-lie\/","og_locale":"es_MX","og_type":"article","og_title":"Respaldamos suspensi\u00f3n provisional a LIE - Entorno Empresarial","og_description":"Lo advertimos, la LIE vulnera la libre competencia y afecta los derechos adquiridos de las empresas Apoyamos que M\u00e9xico cuente con un sector el\u00e9ctrico fuerte","og_url":"https:\/\/coparmexjal.org.mx\/entorno-empresarial\/respaldamos-suspension-provisional-a-lie\/","og_site_name":"Entorno Empresarial","article_publisher":"https:\/\/facebook.com\/comcoparmex","article_published_time":"2021-03-12T15:06:05+00:00","article_modified_time":"2021-03-12T15:11:34+00:00","og_image":[{"width":533,"height":800,"url":"https:\/\/coparmexjal.org.mx\/entorno-empresarial\/wp-content\/uploads\/2021\/03\/christopher-gonzalez-_j-SqhNY1JY-unsplash.jpg","type":"image\/jpeg"}],"author":"Coparmex Jalisco","twitter_card":"summary_large_image","twitter_creator":"@comcoparmex","twitter_site":"@comcoparmex","twitter_misc":{"Escrito por":"Coparmex Jalisco","Tiempo de lectura":"3 minutos"},"schema":{"@context":"https:\/\/schema.org","@graph":[{"@type":"Article","@id":"https:\/\/coparmexjal.org.mx\/entorno-empresarial\/respaldamos-suspension-provisional-a-lie\/#article","isPartOf":{"@id":"https:\/\/coparmexjal.org.mx\/entorno-empresarial\/respaldamos-suspension-provisional-a-lie\/"},"author":{"name":"Coparmex Jalisco","@id":"https:\/\/coparmexjal.org.mx\/entorno-empresarial\/#\/schema\/person\/7d1d56a9587bfb3a725cd3dbfbdb9d44"},"headline":"Respaldamos suspensi\u00f3n provisional a LIE","datePublished":"2021-03-12T15:06:05+00:00","dateModified":"2021-03-12T15:11:34+00:00","mainEntityOfPage":{"@id":"https:\/\/coparmexjal.org.mx\/entorno-empresarial\/respaldamos-suspension-provisional-a-lie\/"},"wordCount":561,"commentCount":0,"publisher":{"@id":"https:\/\/coparmexjal.org.mx\/entorno-empresarial\/#organization"},"image":{"@id":"https:\/\/coparmexjal.org.mx\/entorno-empresarial\/respaldamos-suspension-provisional-a-lie\/#primaryimage"},"thumbnailUrl":"https:\/\/coparmexjal.org.mx\/entorno-empresarial\/wp-content\/uploads\/2021\/03\/christopher-gonzalez-_j-SqhNY1JY-unsplash.jpg","keywords":["coparmex","estado de derecho","Ley de la Industria El\u00e9ctrica","LIE","Poder Judicial"],"articleSection":["Noticias"],"inLanguage":"es","potentialAction":[{"@type":"CommentAction","name":"Comment","target":["https:\/\/coparmexjal.org.mx\/entorno-empresarial\/respaldamos-suspension-provisional-a-lie\/#respond"]}]},{"@type":"WebPage","@id":"https:\/\/coparmexjal.org.mx\/entorno-empresarial\/respaldamos-suspension-provisional-a-lie\/","url":"https:\/\/coparmexjal.org.mx\/entorno-empresarial\/respaldamos-suspension-provisional-a-lie\/","name":"Respaldamos suspensi\u00f3n provisional a LIE - Entorno Empresarial","isPartOf":{"@id":"https:\/\/coparmexjal.org.mx\/entorno-empresarial\/#website"},"primaryImageOfPage":{"@id":"https:\/\/coparmexjal.org.mx\/entorno-empresarial\/respaldamos-suspension-provisional-a-lie\/#primaryimage"},"image":{"@id":"https:\/\/coparmexjal.org.mx\/entorno-empresarial\/respaldamos-suspension-provisional-a-lie\/#primaryimage"},"thumbnailUrl":"https:\/\/coparmexjal.org.mx\/entorno-empresarial\/wp-content\/uploads\/2021\/03\/christopher-gonzalez-_j-SqhNY1JY-unsplash.jpg","datePublished":"2021-03-12T15:06:05+00:00","dateModified":"2021-03-12T15:11:34+00:00","breadcrumb":{"@id":"https:\/\/coparmexjal.org.mx\/entorno-empresarial\/respaldamos-suspension-provisional-a-lie\/#breadcrumb"},"inLanguage":"es","potentialAction":[{"@type":"ReadAction","target":["https:\/\/coparmexjal.org.mx\/entorno-empresarial\/respaldamos-suspension-provisional-a-lie\/"]}]},{"@type":"ImageObject","inLanguage":"es","@id":"https:\/\/coparmexjal.org.mx\/entorno-empresarial\/respaldamos-suspension-provisional-a-lie\/#primaryimage","url":"https:\/\/coparmexjal.org.mx\/entorno-empresarial\/wp-content\/uploads\/2021\/03\/christopher-gonzalez-_j-SqhNY1JY-unsplash.jpg","contentUrl":"https:\/\/coparmexjal.org.mx\/entorno-empresarial\/wp-content\/uploads\/2021\/03\/christopher-gonzalez-_j-SqhNY1JY-unsplash.jpg","width":533,"height":800},{"@type":"BreadcrumbList","@id":"https:\/\/coparmexjal.org.mx\/entorno-empresarial\/respaldamos-suspension-provisional-a-lie\/#breadcrumb","itemListElement":[{"@type":"ListItem","position":1,"name":"Inicio","item":"https:\/\/coparmexjal.org.mx\/entorno-empresarial\/"},{"@type":"ListItem","position":2,"name":"Respaldamos suspensi\u00f3n provisional a LIE"}]},{"@type":"WebSite","@id":"https:\/\/coparmexjal.org.mx\/entorno-empresarial\/#website","url":"https:\/\/coparmexjal.org.mx\/entorno-empresarial\/","name":"Revista Entorno Empresarial","description":"Coparmex Jalisco","publisher":{"@id":"https:\/\/coparmexjal.org.mx\/entorno-empresarial\/#organization"},"potentialAction":[{"@type":"SearchAction","target":{"@type":"EntryPoint","urlTemplate":"https:\/\/coparmexjal.org.mx\/entorno-empresarial\/?s={search_term_string}"},"query-input":{"@type":"PropertyValueSpecification","valueRequired":true,"valueName":"search_term_string"}}],"inLanguage":"es"},{"@type":"Organization","@id":"https:\/\/coparmexjal.org.mx\/entorno-empresarial\/#organization","name":"Coparmex Jalisco","url":"https:\/\/coparmexjal.org.mx\/entorno-empresarial\/","logo":{"@type":"ImageObject","inLanguage":"es","@id":"https:\/\/coparmexjal.org.mx\/entorno-empresarial\/#\/schema\/logo\/image\/","url":"https:\/\/coparmexjal.org.mx\/entorno-empresarial\/wp-content\/uploads\/2020\/02\/logo-amp.png","contentUrl":"https:\/\/coparmexjal.org.mx\/entorno-empresarial\/wp-content\/uploads\/2020\/02\/logo-amp.png","width":120,"height":90,"caption":"Coparmex Jalisco"},"image":{"@id":"https:\/\/coparmexjal.org.mx\/entorno-empresarial\/#\/schema\/logo\/image\/"},"sameAs":["https:\/\/facebook.com\/comcoparmex","https:\/\/x.com\/comcoparmex","http:\/\/instagram.com\/coparmexjalisco","https:\/\/mx.linkedin.com\/company\/coparmex-jalisco","https:\/\/www.youtube.com\/c\/CoparmexJaliscomx"]},{"@type":"Person","@id":"https:\/\/coparmexjal.org.mx\/entorno-empresarial\/#\/schema\/person\/7d1d56a9587bfb3a725cd3dbfbdb9d44","name":"Coparmex Jalisco","image":{"@type":"ImageObject","inLanguage":"es","@id":"https:\/\/coparmexjal.org.mx\/entorno-empresarial\/wp-content\/uploads\/2020\/06\/favicon-150x133.png","url":"https:\/\/coparmexjal.org.mx\/entorno-empresarial\/wp-content\/uploads\/2020\/06\/favicon-150x133.png","contentUrl":"https:\/\/coparmexjal.org.mx\/entorno-empresarial\/wp-content\/uploads\/2020\/06\/favicon-150x133.png","caption":"Coparmex Jalisco"},"url":"https:\/\/coparmexjal.org.mx\/entorno-empresarial\/author\/coparmexjalisco\/"}]}},"_links":{"self":[{"href":"https:\/\/coparmexjal.org.mx\/entorno-empresarial\/wp-json\/wp\/v2\/posts\/4805","targetHints":{"allow":["GET"]}}],"collection":[{"href":"https:\/\/coparmexjal.org.mx\/entorno-empresarial\/wp-json\/wp\/v2\/posts"}],"about":[{"href":"https:\/\/coparmexjal.org.mx\/entorno-empresarial\/wp-json\/wp\/v2\/types\/post"}],"author":[{"embeddable":true,"href":"https:\/\/coparmexjal.org.mx\/entorno-empresarial\/wp-json\/wp\/v2\/users\/2"}],"replies":[{"embeddable":true,"href":"https:\/\/coparmexjal.org.mx\/entorno-empresarial\/wp-json\/wp\/v2\/comments?post=4805"}],"version-history":[{"count":4,"href":"https:\/\/coparmexjal.org.mx\/entorno-empresarial\/wp-json\/wp\/v2\/posts\/4805\/revisions"}],"predecessor-version":[{"id":4811,"href":"https:\/\/coparmexjal.org.mx\/entorno-empresarial\/wp-json\/wp\/v2\/posts\/4805\/revisions\/4811"}],"wp:featuredmedia":[{"embeddable":true,"href":"https:\/\/coparmexjal.org.mx\/entorno-empresarial\/wp-json\/wp\/v2\/media\/4806"}],"wp:attachment":[{"href":"https:\/\/coparmexjal.org.mx\/entorno-empresarial\/wp-json\/wp\/v2\/media?parent=4805"}],"wp:term":[{"taxonomy":"category","embeddable":true,"href":"https:\/\/coparmexjal.org.mx\/entorno-empresarial\/wp-json\/wp\/v2\/categories?post=4805"},{"taxonomy":"post_tag","embeddable":true,"href":"https:\/\/coparmexjal.org.mx\/entorno-empresarial\/wp-json\/wp\/v2\/tags?post=4805"}],"curies":[{"name":"wp","href":"https:\/\/api.w.org\/{rel}","templated":true}]}}