{"id":4747,"date":"2021-03-01T20:21:49","date_gmt":"2021-03-02T02:21:49","guid":{"rendered":"https:\/\/coparmexjal.org.mx\/entorno-empresarial\/?p=4747"},"modified":"2021-03-01T20:21:54","modified_gmt":"2021-03-02T02:21:54","slug":"mejores-personas-mejores-resultado","status":"publish","type":"post","link":"https:\/\/coparmexjal.org.mx\/entorno-empresarial\/mejores-personas-mejores-resultado\/","title":{"rendered":"Mejores personas dan mejores resultados"},"content":{"rendered":"\n<p>Dicen que fue Confucio quien dijo que si amamos lo que hacemos nunca ser\u00e1 un trabajo. Y ten\u00eda raz\u00f3n. El gusto por lo que hacemos, el amor por nuestro trabajo, es uno de los caminos m\u00e1s seguros hacia eso que imaginamos como una vida plena y, en definitiva, feliz. Sin embargo, eso que parece tan simple es uno de los grandes retos de la vida cotidiana y del trabajo productivo.<\/p>\n\n\n\n<p>A lo largo de d\u00e9cadas, la teor\u00eda de la administraci\u00f3n ha generado un gran n\u00famero de metodolog\u00edas y procedimientos laborales mediante los cuales hacer m\u00e1s eficientes los procesos gubernamentales, industriales, organizacionales, etc. y se ha logrado un alto grado de avance y perfeccionamiento en ellos. Curiosamente, muy pocos incluyen el factor humano como uno de los elementos o variables fundamentales a considerar en todo proceso que no sea meramente maquinista. Esto hace diferente a <em>Gesti\u00f3n positiva de proyectos<\/em>, de Federico Payr\u00f3, un libro que en el subt\u00edtulo encierra su clave: <em>Personas comprometidas, resultados exitosos<\/em>. &nbsp;<\/p>\n\n\n\n<p>Esta obra, publicada por Lid Editorial Mexicana, est\u00e1 llamada a incluirse entre los principales textos de consulta para organizaciones, gobiernos, negocios y, en general, todas las instituciones que quieran mejorar su trabajo en equipo. La raz\u00f3n es simple: aporta una visi\u00f3n innovadora que complementa las de los te\u00f3ricos de la administraci\u00f3n, centrada en el componente humano y positivo de los proyectos, lo que multiplica sus posibilidades de \u00e9xito.<\/p>\n\n\n\n<p>Para la realizaci\u00f3n de un proyecto conjunto o el logro de un objetivo com\u00fan son importantes la adecuada organizaci\u00f3n, la sistematizaci\u00f3n de acciones, el rigor de la ejecuci\u00f3n de tareas o la correcta integraci\u00f3n de los elementos del proyecto pero, tanto como ellos e incluso m\u00e1s, son fundamentales el bienestar personal, la satisfacci\u00f3n laboral, el disfrute de las tareas, el \u00e1mbito sano, en suma, la realizaci\u00f3n positiva. El universo laboral vive una aut\u00e9ntica revoluci\u00f3n a causa de la pandemia por el COVID-19 y en esta transformaci\u00f3n podemos lograr que el trabajo en equipo, ya sea presencial o virtual, constituya siempre una experiencia positiva, con sentido y prop\u00f3sito. <em>Gesti\u00f3n Positiva de Proyectos<\/em> nos exhorta a hacerlo, nos dice c\u00f3mo conseguirlo y as\u00ed tener un desarrollo profesional y m\u00e1s exitoso, gracias a personas que encuentran en su trabajo un camino seguro hacia su plena realizaci\u00f3n.<\/p>\n","protected":false},"excerpt":{"rendered":"<p>Dicen que fue Confucio quien dijo que si amamos lo que hacemos nunca ser\u00e1 un trabajo. Y ten\u00eda raz\u00f3n. El gusto por lo que hacemos,<\/p>\n","protected":false},"author":8,"featured_media":4751,"comment_status":"open","ping_status":"open","sticky":false,"template":"","format":"standard","meta":{"footnotes":""},"categories":[159],"tags":[759,758,757,755,319,210,217,756],"class_list":["post-4747","post","type-post","status-publish","format-standard","has-post-thumbnail","hentry","category-letras","tag-desarrollo-del-talento","tag-desarrollo-profesional","tag-gestion-positiva","tag-mejores-resultados","tag-personas","tag-productividad","tag-recursos-humanos","tag-vida-plena"],"yoast_head":"<!-- This site is optimized with the Yoast SEO plugin v27.5 - https:\/\/yoast.com\/product\/yoast-seo-wordpress\/ -->\n<title>Mejores personas dan mejores resultados - Entorno Empresarial<\/title>\n<meta name=\"description\" content=\"El universo laboral vive una transformaci\u00f3n y podemos lograr que el trabajo en equipo constituya una experiencia positiva, con sentido y prop\u00f3sito.\" \/>\n<meta name=\"robots\" content=\"index, follow, max-snippet:-1, max-image-preview:large, max-video-preview:-1\" \/>\n<link rel=\"canonical\" href=\"https:\/\/coparmexjal.org.mx\/entorno-empresarial\/mejores-personas-mejores-resultado\/\" \/>\n<meta property=\"og:locale\" content=\"es_MX\" \/>\n<meta property=\"og:type\" content=\"article\" \/>\n<meta property=\"og:title\" content=\"Mejores personas dan mejores resultados - Entorno Empresarial\" \/>\n<meta property=\"og:description\" content=\"El universo laboral vive una transformaci\u00f3n y podemos lograr que el trabajo en equipo constituya una experiencia positiva, con sentido y prop\u00f3sito.\" \/>\n<meta property=\"og:url\" content=\"https:\/\/coparmexjal.org.mx\/entorno-empresarial\/mejores-personas-mejores-resultado\/\" \/>\n<meta property=\"og:site_name\" content=\"Entorno Empresarial\" \/>\n<meta property=\"article:publisher\" content=\"https:\/\/facebook.com\/comcoparmex\" \/>\n<meta property=\"article:published_time\" content=\"2021-03-02T02:21:49+00:00\" \/>\n<meta property=\"article:modified_time\" content=\"2021-03-02T02:21:54+00:00\" \/>\n<meta property=\"og:image\" content=\"https:\/\/coparmexjal.org.mx\/entorno-empresarial\/wp-content\/uploads\/2021\/03\/Gestion-positiva-con-marco.jpg\" \/>\n\t<meta property=\"og:image:width\" content=\"538\" \/>\n\t<meta property=\"og:image:height\" content=\"800\" \/>\n\t<meta property=\"og:image:type\" content=\"image\/jpeg\" \/>\n<meta name=\"author\" content=\"Bertha In\u00e9s Herrer\u00edas Franco\" \/>\n<meta name=\"twitter:card\" content=\"summary_large_image\" \/>\n<meta name=\"twitter:creator\" content=\"@comcoparmex\" \/>\n<meta name=\"twitter:site\" content=\"@comcoparmex\" \/>\n<meta name=\"twitter:label1\" content=\"Escrito por\" \/>\n\t<meta name=\"twitter:data1\" content=\"Bertha In\u00e9s Herrer\u00edas Franco\" \/>\n\t<meta name=\"twitter:label2\" content=\"Tiempo de lectura\" \/>\n\t<meta name=\"twitter:data2\" content=\"2 minutos\" \/>\n<script type=\"application\/ld+json\" class=\"yoast-schema-graph\">{\"@context\":\"https:\\\/\\\/schema.org\",\"@graph\":[{\"@type\":\"Article\",\"@id\":\"https:\\\/\\\/coparmexjal.org.mx\\\/entorno-empresarial\\\/mejores-personas-mejores-resultado\\\/#article\",\"isPartOf\":{\"@id\":\"https:\\\/\\\/coparmexjal.org.mx\\\/entorno-empresarial\\\/mejores-personas-mejores-resultado\\\/\"},\"author\":{\"name\":\"Bertha In\u00e9s Herrer\u00edas Franco\",\"@id\":\"https:\\\/\\\/coparmexjal.org.mx\\\/entorno-empresarial\\\/#\\\/schema\\\/person\\\/a5631197d27621bced2324279987e56a\"},\"headline\":\"Mejores personas dan mejores resultados\",\"datePublished\":\"2021-03-02T02:21:49+00:00\",\"dateModified\":\"2021-03-02T02:21:54+00:00\",\"mainEntityOfPage\":{\"@id\":\"https:\\\/\\\/coparmexjal.org.mx\\\/entorno-empresarial\\\/mejores-personas-mejores-resultado\\\/\"},\"wordCount\":413,\"commentCount\":0,\"publisher\":{\"@id\":\"https:\\\/\\\/coparmexjal.org.mx\\\/entorno-empresarial\\\/#organization\"},\"image\":{\"@id\":\"https:\\\/\\\/coparmexjal.org.mx\\\/entorno-empresarial\\\/mejores-personas-mejores-resultado\\\/#primaryimage\"},\"thumbnailUrl\":\"https:\\\/\\\/coparmexjal.org.mx\\\/entorno-empresarial\\\/wp-content\\\/uploads\\\/2021\\\/03\\\/Gestion-positiva-con-marco.jpg\",\"keywords\":[\"desarrollo del talento\",\"desarrollo profesional\",\"gesti\u00f3n positiva\",\"mejores resultados\",\"personas\",\"productividad\",\"Recursos humanos\",\"vida plena\"],\"articleSection\":[\"Letras\"],\"inLanguage\":\"es\",\"potentialAction\":[{\"@type\":\"CommentAction\",\"name\":\"Comment\",\"target\":[\"https:\\\/\\\/coparmexjal.org.mx\\\/entorno-empresarial\\\/mejores-personas-mejores-resultado\\\/#respond\"]}]},{\"@type\":\"WebPage\",\"@id\":\"https:\\\/\\\/coparmexjal.org.mx\\\/entorno-empresarial\\\/mejores-personas-mejores-resultado\\\/\",\"url\":\"https:\\\/\\\/coparmexjal.org.mx\\\/entorno-empresarial\\\/mejores-personas-mejores-resultado\\\/\",\"name\":\"Mejores personas dan mejores resultados - Entorno Empresarial\",\"isPartOf\":{\"@id\":\"https:\\\/\\\/coparmexjal.org.mx\\\/entorno-empresarial\\\/#website\"},\"primaryImageOfPage\":{\"@id\":\"https:\\\/\\\/coparmexjal.org.mx\\\/entorno-empresarial\\\/mejores-personas-mejores-resultado\\\/#primaryimage\"},\"image\":{\"@id\":\"https:\\\/\\\/coparmexjal.org.mx\\\/entorno-empresarial\\\/mejores-personas-mejores-resultado\\\/#primaryimage\"},\"thumbnailUrl\":\"https:\\\/\\\/coparmexjal.org.mx\\\/entorno-empresarial\\\/wp-content\\\/uploads\\\/2021\\\/03\\\/Gestion-positiva-con-marco.jpg\",\"datePublished\":\"2021-03-02T02:21:49+00:00\",\"dateModified\":\"2021-03-02T02:21:54+00:00\",\"description\":\"El universo laboral vive una transformaci\u00f3n y podemos lograr que el trabajo en equipo constituya una experiencia positiva, con sentido y prop\u00f3sito.\",\"breadcrumb\":{\"@id\":\"https:\\\/\\\/coparmexjal.org.mx\\\/entorno-empresarial\\\/mejores-personas-mejores-resultado\\\/#breadcrumb\"},\"inLanguage\":\"es\",\"potentialAction\":[{\"@type\":\"ReadAction\",\"target\":[\"https:\\\/\\\/coparmexjal.org.mx\\\/entorno-empresarial\\\/mejores-personas-mejores-resultado\\\/\"]}]},{\"@type\":\"ImageObject\",\"inLanguage\":\"es\",\"@id\":\"https:\\\/\\\/coparmexjal.org.mx\\\/entorno-empresarial\\\/mejores-personas-mejores-resultado\\\/#primaryimage\",\"url\":\"https:\\\/\\\/coparmexjal.org.mx\\\/entorno-empresarial\\\/wp-content\\\/uploads\\\/2021\\\/03\\\/Gestion-positiva-con-marco.jpg\",\"contentUrl\":\"https:\\\/\\\/coparmexjal.org.mx\\\/entorno-empresarial\\\/wp-content\\\/uploads\\\/2021\\\/03\\\/Gestion-positiva-con-marco.jpg\",\"width\":538,\"height\":800,\"caption\":\"Gesti\u00f3n Positiva de Proyectos\"},{\"@type\":\"BreadcrumbList\",\"@id\":\"https:\\\/\\\/coparmexjal.org.mx\\\/entorno-empresarial\\\/mejores-personas-mejores-resultado\\\/#breadcrumb\",\"itemListElement\":[{\"@type\":\"ListItem\",\"position\":1,\"name\":\"Inicio\",\"item\":\"https:\\\/\\\/coparmexjal.org.mx\\\/entorno-empresarial\\\/\"},{\"@type\":\"ListItem\",\"position\":2,\"name\":\"Mejores personas dan mejores resultados\"}]},{\"@type\":\"WebSite\",\"@id\":\"https:\\\/\\\/coparmexjal.org.mx\\\/entorno-empresarial\\\/#website\",\"url\":\"https:\\\/\\\/coparmexjal.org.mx\\\/entorno-empresarial\\\/\",\"name\":\"Revista Entorno Empresarial\",\"description\":\"Coparmex Jalisco\",\"publisher\":{\"@id\":\"https:\\\/\\\/coparmexjal.org.mx\\\/entorno-empresarial\\\/#organization\"},\"potentialAction\":[{\"@type\":\"SearchAction\",\"target\":{\"@type\":\"EntryPoint\",\"urlTemplate\":\"https:\\\/\\\/coparmexjal.org.mx\\\/entorno-empresarial\\\/?s={search_term_string}\"},\"query-input\":{\"@type\":\"PropertyValueSpecification\",\"valueRequired\":true,\"valueName\":\"search_term_string\"}}],\"inLanguage\":\"es\"},{\"@type\":\"Organization\",\"@id\":\"https:\\\/\\\/coparmexjal.org.mx\\\/entorno-empresarial\\\/#organization\",\"name\":\"Coparmex Jalisco\",\"url\":\"https:\\\/\\\/coparmexjal.org.mx\\\/entorno-empresarial\\\/\",\"logo\":{\"@type\":\"ImageObject\",\"inLanguage\":\"es\",\"@id\":\"https:\\\/\\\/coparmexjal.org.mx\\\/entorno-empresarial\\\/#\\\/schema\\\/logo\\\/image\\\/\",\"url\":\"https:\\\/\\\/coparmexjal.org.mx\\\/entorno-empresarial\\\/wp-content\\\/uploads\\\/2020\\\/02\\\/logo-amp.png\",\"contentUrl\":\"https:\\\/\\\/coparmexjal.org.mx\\\/entorno-empresarial\\\/wp-content\\\/uploads\\\/2020\\\/02\\\/logo-amp.png\",\"width\":120,\"height\":90,\"caption\":\"Coparmex Jalisco\"},\"image\":{\"@id\":\"https:\\\/\\\/coparmexjal.org.mx\\\/entorno-empresarial\\\/#\\\/schema\\\/logo\\\/image\\\/\"},\"sameAs\":[\"https:\\\/\\\/facebook.com\\\/comcoparmex\",\"https:\\\/\\\/x.com\\\/comcoparmex\",\"http:\\\/\\\/instagram.com\\\/coparmexjalisco\",\"https:\\\/\\\/mx.linkedin.com\\\/company\\\/coparmex-jalisco\",\"https:\\\/\\\/www.youtube.com\\\/c\\\/CoparmexJaliscomx\"]},{\"@type\":\"Person\",\"@id\":\"https:\\\/\\\/coparmexjal.org.mx\\\/entorno-empresarial\\\/#\\\/schema\\\/person\\\/a5631197d27621bced2324279987e56a\",\"name\":\"Bertha In\u00e9s Herrer\u00edas Franco\",\"image\":{\"@type\":\"ImageObject\",\"inLanguage\":\"es\",\"@id\":\"https:\\\/\\\/coparmexjal.org.mx\\\/entorno-empresarial\\\/wp-content\\\/uploads\\\/2020\\\/06\\\/lid-150x150.jpg\",\"url\":\"https:\\\/\\\/coparmexjal.org.mx\\\/entorno-empresarial\\\/wp-content\\\/uploads\\\/2020\\\/06\\\/lid-150x150.jpg\",\"contentUrl\":\"https:\\\/\\\/coparmexjal.org.mx\\\/entorno-empresarial\\\/wp-content\\\/uploads\\\/2020\\\/06\\\/lid-150x150.jpg\",\"caption\":\"Bertha In\u00e9s Herrer\u00edas Franco\"},\"description\":\"Gerente de comunicaci\u00f3n de LID Editorial Mexicana\",\"sameAs\":[\"https:\\\/\\\/www.lideditorial.com\"],\"url\":\"https:\\\/\\\/coparmexjal.org.mx\\\/entorno-empresarial\\\/author\\\/bertha-herrerias\\\/\"}]}<\/script>\n<!-- \/ Yoast SEO plugin. -->","yoast_head_json":{"title":"Mejores personas dan mejores resultados - Entorno Empresarial","description":"El universo laboral vive una transformaci\u00f3n y podemos lograr que el trabajo en equipo constituya una experiencia positiva, con sentido y prop\u00f3sito.","robots":{"index":"index","follow":"follow","max-snippet":"max-snippet:-1","max-image-preview":"max-image-preview:large","max-video-preview":"max-video-preview:-1"},"canonical":"https:\/\/coparmexjal.org.mx\/entorno-empresarial\/mejores-personas-mejores-resultado\/","og_locale":"es_MX","og_type":"article","og_title":"Mejores personas dan mejores resultados - Entorno Empresarial","og_description":"El universo laboral vive una transformaci\u00f3n y podemos lograr que el trabajo en equipo constituya una experiencia positiva, con sentido y prop\u00f3sito.","og_url":"https:\/\/coparmexjal.org.mx\/entorno-empresarial\/mejores-personas-mejores-resultado\/","og_site_name":"Entorno Empresarial","article_publisher":"https:\/\/facebook.com\/comcoparmex","article_published_time":"2021-03-02T02:21:49+00:00","article_modified_time":"2021-03-02T02:21:54+00:00","og_image":[{"width":538,"height":800,"url":"https:\/\/coparmexjal.org.mx\/entorno-empresarial\/wp-content\/uploads\/2021\/03\/Gestion-positiva-con-marco.jpg","type":"image\/jpeg"}],"author":"Bertha In\u00e9s Herrer\u00edas Franco","twitter_card":"summary_large_image","twitter_creator":"@comcoparmex","twitter_site":"@comcoparmex","twitter_misc":{"Escrito por":"Bertha In\u00e9s Herrer\u00edas Franco","Tiempo de lectura":"2 minutos"},"schema":{"@context":"https:\/\/schema.org","@graph":[{"@type":"Article","@id":"https:\/\/coparmexjal.org.mx\/entorno-empresarial\/mejores-personas-mejores-resultado\/#article","isPartOf":{"@id":"https:\/\/coparmexjal.org.mx\/entorno-empresarial\/mejores-personas-mejores-resultado\/"},"author":{"name":"Bertha In\u00e9s Herrer\u00edas Franco","@id":"https:\/\/coparmexjal.org.mx\/entorno-empresarial\/#\/schema\/person\/a5631197d27621bced2324279987e56a"},"headline":"Mejores personas dan mejores resultados","datePublished":"2021-03-02T02:21:49+00:00","dateModified":"2021-03-02T02:21:54+00:00","mainEntityOfPage":{"@id":"https:\/\/coparmexjal.org.mx\/entorno-empresarial\/mejores-personas-mejores-resultado\/"},"wordCount":413,"commentCount":0,"publisher":{"@id":"https:\/\/coparmexjal.org.mx\/entorno-empresarial\/#organization"},"image":{"@id":"https:\/\/coparmexjal.org.mx\/entorno-empresarial\/mejores-personas-mejores-resultado\/#primaryimage"},"thumbnailUrl":"https:\/\/coparmexjal.org.mx\/entorno-empresarial\/wp-content\/uploads\/2021\/03\/Gestion-positiva-con-marco.jpg","keywords":["desarrollo del talento","desarrollo profesional","gesti\u00f3n positiva","mejores resultados","personas","productividad","Recursos humanos","vida plena"],"articleSection":["Letras"],"inLanguage":"es","potentialAction":[{"@type":"CommentAction","name":"Comment","target":["https:\/\/coparmexjal.org.mx\/entorno-empresarial\/mejores-personas-mejores-resultado\/#respond"]}]},{"@type":"WebPage","@id":"https:\/\/coparmexjal.org.mx\/entorno-empresarial\/mejores-personas-mejores-resultado\/","url":"https:\/\/coparmexjal.org.mx\/entorno-empresarial\/mejores-personas-mejores-resultado\/","name":"Mejores personas dan mejores resultados - Entorno Empresarial","isPartOf":{"@id":"https:\/\/coparmexjal.org.mx\/entorno-empresarial\/#website"},"primaryImageOfPage":{"@id":"https:\/\/coparmexjal.org.mx\/entorno-empresarial\/mejores-personas-mejores-resultado\/#primaryimage"},"image":{"@id":"https:\/\/coparmexjal.org.mx\/entorno-empresarial\/mejores-personas-mejores-resultado\/#primaryimage"},"thumbnailUrl":"https:\/\/coparmexjal.org.mx\/entorno-empresarial\/wp-content\/uploads\/2021\/03\/Gestion-positiva-con-marco.jpg","datePublished":"2021-03-02T02:21:49+00:00","dateModified":"2021-03-02T02:21:54+00:00","description":"El universo laboral vive una transformaci\u00f3n y podemos lograr que el trabajo en equipo constituya una experiencia positiva, con sentido y prop\u00f3sito.","breadcrumb":{"@id":"https:\/\/coparmexjal.org.mx\/entorno-empresarial\/mejores-personas-mejores-resultado\/#breadcrumb"},"inLanguage":"es","potentialAction":[{"@type":"ReadAction","target":["https:\/\/coparmexjal.org.mx\/entorno-empresarial\/mejores-personas-mejores-resultado\/"]}]},{"@type":"ImageObject","inLanguage":"es","@id":"https:\/\/coparmexjal.org.mx\/entorno-empresarial\/mejores-personas-mejores-resultado\/#primaryimage","url":"https:\/\/coparmexjal.org.mx\/entorno-empresarial\/wp-content\/uploads\/2021\/03\/Gestion-positiva-con-marco.jpg","contentUrl":"https:\/\/coparmexjal.org.mx\/entorno-empresarial\/wp-content\/uploads\/2021\/03\/Gestion-positiva-con-marco.jpg","width":538,"height":800,"caption":"Gesti\u00f3n Positiva de Proyectos"},{"@type":"BreadcrumbList","@id":"https:\/\/coparmexjal.org.mx\/entorno-empresarial\/mejores-personas-mejores-resultado\/#breadcrumb","itemListElement":[{"@type":"ListItem","position":1,"name":"Inicio","item":"https:\/\/coparmexjal.org.mx\/entorno-empresarial\/"},{"@type":"ListItem","position":2,"name":"Mejores personas dan mejores resultados"}]},{"@type":"WebSite","@id":"https:\/\/coparmexjal.org.mx\/entorno-empresarial\/#website","url":"https:\/\/coparmexjal.org.mx\/entorno-empresarial\/","name":"Revista Entorno Empresarial","description":"Coparmex Jalisco","publisher":{"@id":"https:\/\/coparmexjal.org.mx\/entorno-empresarial\/#organization"},"potentialAction":[{"@type":"SearchAction","target":{"@type":"EntryPoint","urlTemplate":"https:\/\/coparmexjal.org.mx\/entorno-empresarial\/?s={search_term_string}"},"query-input":{"@type":"PropertyValueSpecification","valueRequired":true,"valueName":"search_term_string"}}],"inLanguage":"es"},{"@type":"Organization","@id":"https:\/\/coparmexjal.org.mx\/entorno-empresarial\/#organization","name":"Coparmex Jalisco","url":"https:\/\/coparmexjal.org.mx\/entorno-empresarial\/","logo":{"@type":"ImageObject","inLanguage":"es","@id":"https:\/\/coparmexjal.org.mx\/entorno-empresarial\/#\/schema\/logo\/image\/","url":"https:\/\/coparmexjal.org.mx\/entorno-empresarial\/wp-content\/uploads\/2020\/02\/logo-amp.png","contentUrl":"https:\/\/coparmexjal.org.mx\/entorno-empresarial\/wp-content\/uploads\/2020\/02\/logo-amp.png","width":120,"height":90,"caption":"Coparmex Jalisco"},"image":{"@id":"https:\/\/coparmexjal.org.mx\/entorno-empresarial\/#\/schema\/logo\/image\/"},"sameAs":["https:\/\/facebook.com\/comcoparmex","https:\/\/x.com\/comcoparmex","http:\/\/instagram.com\/coparmexjalisco","https:\/\/mx.linkedin.com\/company\/coparmex-jalisco","https:\/\/www.youtube.com\/c\/CoparmexJaliscomx"]},{"@type":"Person","@id":"https:\/\/coparmexjal.org.mx\/entorno-empresarial\/#\/schema\/person\/a5631197d27621bced2324279987e56a","name":"Bertha In\u00e9s Herrer\u00edas Franco","image":{"@type":"ImageObject","inLanguage":"es","@id":"https:\/\/coparmexjal.org.mx\/entorno-empresarial\/wp-content\/uploads\/2020\/06\/lid-150x150.jpg","url":"https:\/\/coparmexjal.org.mx\/entorno-empresarial\/wp-content\/uploads\/2020\/06\/lid-150x150.jpg","contentUrl":"https:\/\/coparmexjal.org.mx\/entorno-empresarial\/wp-content\/uploads\/2020\/06\/lid-150x150.jpg","caption":"Bertha In\u00e9s Herrer\u00edas Franco"},"description":"Gerente de comunicaci\u00f3n de LID Editorial Mexicana","sameAs":["https:\/\/www.lideditorial.com"],"url":"https:\/\/coparmexjal.org.mx\/entorno-empresarial\/author\/bertha-herrerias\/"}]}},"_links":{"self":[{"href":"https:\/\/coparmexjal.org.mx\/entorno-empresarial\/wp-json\/wp\/v2\/posts\/4747","targetHints":{"allow":["GET"]}}],"collection":[{"href":"https:\/\/coparmexjal.org.mx\/entorno-empresarial\/wp-json\/wp\/v2\/posts"}],"about":[{"href":"https:\/\/coparmexjal.org.mx\/entorno-empresarial\/wp-json\/wp\/v2\/types\/post"}],"author":[{"embeddable":true,"href":"https:\/\/coparmexjal.org.mx\/entorno-empresarial\/wp-json\/wp\/v2\/users\/8"}],"replies":[{"embeddable":true,"href":"https:\/\/coparmexjal.org.mx\/entorno-empresarial\/wp-json\/wp\/v2\/comments?post=4747"}],"version-history":[{"count":1,"href":"https:\/\/coparmexjal.org.mx\/entorno-empresarial\/wp-json\/wp\/v2\/posts\/4747\/revisions"}],"predecessor-version":[{"id":4752,"href":"https:\/\/coparmexjal.org.mx\/entorno-empresarial\/wp-json\/wp\/v2\/posts\/4747\/revisions\/4752"}],"wp:featuredmedia":[{"embeddable":true,"href":"https:\/\/coparmexjal.org.mx\/entorno-empresarial\/wp-json\/wp\/v2\/media\/4751"}],"wp:attachment":[{"href":"https:\/\/coparmexjal.org.mx\/entorno-empresarial\/wp-json\/wp\/v2\/media?parent=4747"}],"wp:term":[{"taxonomy":"category","embeddable":true,"href":"https:\/\/coparmexjal.org.mx\/entorno-empresarial\/wp-json\/wp\/v2\/categories?post=4747"},{"taxonomy":"post_tag","embeddable":true,"href":"https:\/\/coparmexjal.org.mx\/entorno-empresarial\/wp-json\/wp\/v2\/tags?post=4747"}],"curies":[{"name":"wp","href":"https:\/\/api.w.org\/{rel}","templated":true}]}}