{"id":4745,"date":"2021-02-18T14:58:00","date_gmt":"2021-02-18T20:58:00","guid":{"rendered":"https:\/\/coparmexjal.org.mx\/entorno-empresarial\/?p=4745"},"modified":"2022-03-22T11:47:18","modified_gmt":"2022-03-22T17:47:18","slug":"determinacion-de-la-prima-anual-de-grado-de-riesgos-de-trabajo-para-el-imss","status":"publish","type":"post","link":"https:\/\/coparmexjal.org.mx\/entorno-empresarial\/determinacion-de-la-prima-anual-de-grado-de-riesgos-de-trabajo-para-el-imss\/","title":{"rendered":"Determinaci\u00f3n de la Prima Anual de Grado de Riesgos de Trabajo para el IMSS"},"content":{"rendered":"\n<p>En el periodo del 1 de febrero al 1 de marzo de 2021, se debe presentar ante el IMSS la determinaci\u00f3n de la prima anual del grado de riesgos de trabajo, con la que los patrones deber\u00e1n cubrir sus cuotas por esta rama de seguro durante el a\u00f1o 2021 y parte del 2022.<\/p>\n\n\n\n<p>Es importante se\u00f1alar que en la Ley del Seguro Social se establece esta obligaci\u00f3n a cargo de los patrones, para de alguna forma \u201cactualizar\u201d la siniestralidad que tienen en lo particular, respecto a los porcentajes que la Ley indica, considerando el giro o actividad que llevan a cabo las empresas y las incidencias que hubieren tenido en el ejercicio inmediato anterior.<\/p>\n\n\n\n<p>La presentaci\u00f3n de esta declaraci\u00f3n es muy importante para las empresas, debido a que puede originarles consecuencias econ\u00f3micas, ya sea por pagos en exceso o por que no se cubran las cuotas de manera correcta.<\/p>\n\n\n\n<p>La Ley dispone que independientemente de la siniestralidad que haya tenido el patr\u00f3n en el a\u00f1o, los porcentajes a utilizar no podr\u00e1n variar en m\u00e1s de un punto porcentual de incremento o reducci\u00f3n en cada ejercicio transcurrido, lo que puede ser bueno, si en cierto a\u00f1o se hubiera tenido una siniestralidad alta, pero que tambi\u00e9n implica que una reducci\u00f3n sustancial tomar\u00e1 m\u00e1s tiempo, a pesar de que la entidad hubiere implementado medidas de seguridad en el trabajo eficientes y efectivas; am\u00e9n de que es necesario que se presente la declaraci\u00f3n, para poder utilizar los nuevos porcentajes.<\/p>\n\n\n\n<p>Para preparar esta declaraci\u00f3n se deben considerar los d\u00edas subsidiados por incapacidades que se hubieran otorgado en el a\u00f1o por riesgos de trabajo y las defunciones que hubieran ocurrido. En este sentido, es importante se\u00f1alar que los m\u00e9dicos de salud en el trabajo de las UMF del IMSS podr\u00edan haber determinado que trabajadores adquirieron el contagio de COVID-19 realizando sus actividades laborales, en cuyo caso se considerar\u00e1 que correspondi\u00f3 a una Enfermedad de Trabajo y en consecuencia, los d\u00edas subsidiados se deber\u00e1n tomar en cuenta para determinar el porcentaje de prima aplicable, por lo que ser\u00e1 necesario revisar bien estos casos para que s\u00f3lo se consideren los procedentes.<\/p>\n\n\n\n<p>Por \u00faltimo, vale la pena se\u00f1alar que este tr\u00e1mite puede realizarse a trav\u00e9s de Internet, utilizando el portal del IMSS, lo que constituye una facilidad importante en estas \u00e9pocas de pandemia.<\/p>\n\n\n\n<p>Si desea conocer m\u00e1s sobre este asunto, en la siguiente liga podr\u00e1 acceder para obtener mayor informaci\u00f3n <a href=\"http:\/\/www.imss.gob.mx\/patrones\/determinacionprima\">http:\/\/www.imss.gob.mx\/patrones\/determinacionprima<\/a>.<\/p>\n","protected":false},"excerpt":{"rendered":"<p>En el periodo del 1 de febrero al 1 de marzo de 2021, se debe presentar ante el IMSS la determinaci\u00f3n de la prima anual<\/p>\n","protected":false},"author":73,"featured_media":4750,"comment_status":"open","ping_status":"open","sticky":false,"template":"","format":"standard","meta":{"footnotes":""},"categories":[152,1182],"tags":[431,753,433,632,754,382,181],"class_list":["post-4745","post","type-post","status-publish","format-standard","has-post-thumbnail","hentry","category-empresas","category-fiscal","tag-covid-19","tag-cuotas-imss","tag-imss","tag-ley-del-imss","tag-prima-anual","tag-riesgo","tag-trabajo"],"yoast_head":"<!-- This site is optimized with the Yoast SEO plugin v27.5 - https:\/\/yoast.com\/product\/yoast-seo-wordpress\/ -->\n<title>Determinaci\u00f3n de la Prima Anual de Grado de Riesgos de Trabajo para el IMSS - Entorno Empresarial<\/title>\n<meta name=\"robots\" content=\"index, follow, max-snippet:-1, max-image-preview:large, max-video-preview:-1\" \/>\n<link rel=\"canonical\" href=\"https:\/\/coparmexjal.org.mx\/entorno-empresarial\/determinacion-de-la-prima-anual-de-grado-de-riesgos-de-trabajo-para-el-imss\/\" \/>\n<meta property=\"og:locale\" content=\"es_MX\" \/>\n<meta property=\"og:type\" content=\"article\" \/>\n<meta property=\"og:title\" content=\"Determinaci\u00f3n de la Prima Anual de Grado de Riesgos de Trabajo para el IMSS - Entorno Empresarial\" \/>\n<meta property=\"og:description\" content=\"En el periodo del 1 de febrero al 1 de marzo de 2021, se debe presentar ante el IMSS la determinaci\u00f3n de la prima anual\" \/>\n<meta property=\"og:url\" content=\"https:\/\/coparmexjal.org.mx\/entorno-empresarial\/determinacion-de-la-prima-anual-de-grado-de-riesgos-de-trabajo-para-el-imss\/\" \/>\n<meta property=\"og:site_name\" content=\"Entorno Empresarial\" \/>\n<meta property=\"article:publisher\" content=\"https:\/\/facebook.com\/comcoparmex\" \/>\n<meta property=\"article:published_time\" content=\"2021-02-18T20:58:00+00:00\" \/>\n<meta property=\"article:modified_time\" content=\"2022-03-22T17:47:18+00:00\" \/>\n<meta property=\"og:image\" content=\"https:\/\/coparmexjal.org.mx\/entorno-empresarial\/wp-content\/uploads\/2021\/03\/riesgos-imss.jpg\" \/>\n\t<meta property=\"og:image:width\" content=\"900\" \/>\n\t<meta property=\"og:image:height\" content=\"600\" \/>\n\t<meta property=\"og:image:type\" content=\"image\/jpeg\" \/>\n<meta name=\"author\" content=\"Comisi\u00f3n Fiscal Coparmex Jalisco\" \/>\n<meta name=\"twitter:card\" content=\"summary_large_image\" \/>\n<meta name=\"twitter:creator\" content=\"@comcoparmex\" \/>\n<meta name=\"twitter:site\" content=\"@comcoparmex\" \/>\n<meta name=\"twitter:label1\" content=\"Escrito por\" \/>\n\t<meta name=\"twitter:data1\" content=\"Comisi\u00f3n Fiscal Coparmex Jalisco\" \/>\n\t<meta name=\"twitter:label2\" content=\"Tiempo de lectura\" \/>\n\t<meta name=\"twitter:data2\" content=\"2 minutos\" \/>\n<script type=\"application\/ld+json\" class=\"yoast-schema-graph\">{\"@context\":\"https:\\\/\\\/schema.org\",\"@graph\":[{\"@type\":\"Article\",\"@id\":\"https:\\\/\\\/coparmexjal.org.mx\\\/entorno-empresarial\\\/determinacion-de-la-prima-anual-de-grado-de-riesgos-de-trabajo-para-el-imss\\\/#article\",\"isPartOf\":{\"@id\":\"https:\\\/\\\/coparmexjal.org.mx\\\/entorno-empresarial\\\/determinacion-de-la-prima-anual-de-grado-de-riesgos-de-trabajo-para-el-imss\\\/\"},\"author\":{\"name\":\"Comisi\u00f3n Fiscal Coparmex Jalisco\",\"@id\":\"https:\\\/\\\/coparmexjal.org.mx\\\/entorno-empresarial\\\/#\\\/schema\\\/person\\\/cf0f90cf182688b9e5f375498d3daed6\"},\"headline\":\"Determinaci\u00f3n de la Prima Anual de Grado de Riesgos de Trabajo para el IMSS\",\"datePublished\":\"2021-02-18T20:58:00+00:00\",\"dateModified\":\"2022-03-22T17:47:18+00:00\",\"mainEntityOfPage\":{\"@id\":\"https:\\\/\\\/coparmexjal.org.mx\\\/entorno-empresarial\\\/determinacion-de-la-prima-anual-de-grado-de-riesgos-de-trabajo-para-el-imss\\\/\"},\"wordCount\":451,\"commentCount\":1,\"publisher\":{\"@id\":\"https:\\\/\\\/coparmexjal.org.mx\\\/entorno-empresarial\\\/#organization\"},\"image\":{\"@id\":\"https:\\\/\\\/coparmexjal.org.mx\\\/entorno-empresarial\\\/determinacion-de-la-prima-anual-de-grado-de-riesgos-de-trabajo-para-el-imss\\\/#primaryimage\"},\"thumbnailUrl\":\"https:\\\/\\\/coparmexjal.org.mx\\\/entorno-empresarial\\\/wp-content\\\/uploads\\\/2021\\\/03\\\/riesgos-imss.jpg\",\"keywords\":[\"covid-19\",\"cuotas imss\",\"imss\",\"Ley del IMSS\",\"prima anual\",\"riesgo\",\"trabajo\"],\"articleSection\":[\"Empresas\",\"Fiscal\"],\"inLanguage\":\"es\",\"potentialAction\":[{\"@type\":\"CommentAction\",\"name\":\"Comment\",\"target\":[\"https:\\\/\\\/coparmexjal.org.mx\\\/entorno-empresarial\\\/determinacion-de-la-prima-anual-de-grado-de-riesgos-de-trabajo-para-el-imss\\\/#respond\"]}]},{\"@type\":\"WebPage\",\"@id\":\"https:\\\/\\\/coparmexjal.org.mx\\\/entorno-empresarial\\\/determinacion-de-la-prima-anual-de-grado-de-riesgos-de-trabajo-para-el-imss\\\/\",\"url\":\"https:\\\/\\\/coparmexjal.org.mx\\\/entorno-empresarial\\\/determinacion-de-la-prima-anual-de-grado-de-riesgos-de-trabajo-para-el-imss\\\/\",\"name\":\"Determinaci\u00f3n de la Prima Anual de Grado de Riesgos de Trabajo para el IMSS - Entorno Empresarial\",\"isPartOf\":{\"@id\":\"https:\\\/\\\/coparmexjal.org.mx\\\/entorno-empresarial\\\/#website\"},\"primaryImageOfPage\":{\"@id\":\"https:\\\/\\\/coparmexjal.org.mx\\\/entorno-empresarial\\\/determinacion-de-la-prima-anual-de-grado-de-riesgos-de-trabajo-para-el-imss\\\/#primaryimage\"},\"image\":{\"@id\":\"https:\\\/\\\/coparmexjal.org.mx\\\/entorno-empresarial\\\/determinacion-de-la-prima-anual-de-grado-de-riesgos-de-trabajo-para-el-imss\\\/#primaryimage\"},\"thumbnailUrl\":\"https:\\\/\\\/coparmexjal.org.mx\\\/entorno-empresarial\\\/wp-content\\\/uploads\\\/2021\\\/03\\\/riesgos-imss.jpg\",\"datePublished\":\"2021-02-18T20:58:00+00:00\",\"dateModified\":\"2022-03-22T17:47:18+00:00\",\"breadcrumb\":{\"@id\":\"https:\\\/\\\/coparmexjal.org.mx\\\/entorno-empresarial\\\/determinacion-de-la-prima-anual-de-grado-de-riesgos-de-trabajo-para-el-imss\\\/#breadcrumb\"},\"inLanguage\":\"es\",\"potentialAction\":[{\"@type\":\"ReadAction\",\"target\":[\"https:\\\/\\\/coparmexjal.org.mx\\\/entorno-empresarial\\\/determinacion-de-la-prima-anual-de-grado-de-riesgos-de-trabajo-para-el-imss\\\/\"]}]},{\"@type\":\"ImageObject\",\"inLanguage\":\"es\",\"@id\":\"https:\\\/\\\/coparmexjal.org.mx\\\/entorno-empresarial\\\/determinacion-de-la-prima-anual-de-grado-de-riesgos-de-trabajo-para-el-imss\\\/#primaryimage\",\"url\":\"https:\\\/\\\/coparmexjal.org.mx\\\/entorno-empresarial\\\/wp-content\\\/uploads\\\/2021\\\/03\\\/riesgos-imss.jpg\",\"contentUrl\":\"https:\\\/\\\/coparmexjal.org.mx\\\/entorno-empresarial\\\/wp-content\\\/uploads\\\/2021\\\/03\\\/riesgos-imss.jpg\",\"width\":900,\"height\":600},{\"@type\":\"BreadcrumbList\",\"@id\":\"https:\\\/\\\/coparmexjal.org.mx\\\/entorno-empresarial\\\/determinacion-de-la-prima-anual-de-grado-de-riesgos-de-trabajo-para-el-imss\\\/#breadcrumb\",\"itemListElement\":[{\"@type\":\"ListItem\",\"position\":1,\"name\":\"Inicio\",\"item\":\"https:\\\/\\\/coparmexjal.org.mx\\\/entorno-empresarial\\\/\"},{\"@type\":\"ListItem\",\"position\":2,\"name\":\"Determinaci\u00f3n de la Prima Anual de Grado de Riesgos de Trabajo para el IMSS\"}]},{\"@type\":\"WebSite\",\"@id\":\"https:\\\/\\\/coparmexjal.org.mx\\\/entorno-empresarial\\\/#website\",\"url\":\"https:\\\/\\\/coparmexjal.org.mx\\\/entorno-empresarial\\\/\",\"name\":\"Revista Entorno Empresarial\",\"description\":\"Coparmex Jalisco\",\"publisher\":{\"@id\":\"https:\\\/\\\/coparmexjal.org.mx\\\/entorno-empresarial\\\/#organization\"},\"potentialAction\":[{\"@type\":\"SearchAction\",\"target\":{\"@type\":\"EntryPoint\",\"urlTemplate\":\"https:\\\/\\\/coparmexjal.org.mx\\\/entorno-empresarial\\\/?s={search_term_string}\"},\"query-input\":{\"@type\":\"PropertyValueSpecification\",\"valueRequired\":true,\"valueName\":\"search_term_string\"}}],\"inLanguage\":\"es\"},{\"@type\":\"Organization\",\"@id\":\"https:\\\/\\\/coparmexjal.org.mx\\\/entorno-empresarial\\\/#organization\",\"name\":\"Coparmex Jalisco\",\"url\":\"https:\\\/\\\/coparmexjal.org.mx\\\/entorno-empresarial\\\/\",\"logo\":{\"@type\":\"ImageObject\",\"inLanguage\":\"es\",\"@id\":\"https:\\\/\\\/coparmexjal.org.mx\\\/entorno-empresarial\\\/#\\\/schema\\\/logo\\\/image\\\/\",\"url\":\"https:\\\/\\\/coparmexjal.org.mx\\\/entorno-empresarial\\\/wp-content\\\/uploads\\\/2020\\\/02\\\/logo-amp.png\",\"contentUrl\":\"https:\\\/\\\/coparmexjal.org.mx\\\/entorno-empresarial\\\/wp-content\\\/uploads\\\/2020\\\/02\\\/logo-amp.png\",\"width\":120,\"height\":90,\"caption\":\"Coparmex Jalisco\"},\"image\":{\"@id\":\"https:\\\/\\\/coparmexjal.org.mx\\\/entorno-empresarial\\\/#\\\/schema\\\/logo\\\/image\\\/\"},\"sameAs\":[\"https:\\\/\\\/facebook.com\\\/comcoparmex\",\"https:\\\/\\\/x.com\\\/comcoparmex\",\"http:\\\/\\\/instagram.com\\\/coparmexjalisco\",\"https:\\\/\\\/mx.linkedin.com\\\/company\\\/coparmex-jalisco\",\"https:\\\/\\\/www.youtube.com\\\/c\\\/CoparmexJaliscomx\"]},{\"@type\":\"Person\",\"@id\":\"https:\\\/\\\/coparmexjal.org.mx\\\/entorno-empresarial\\\/#\\\/schema\\\/person\\\/cf0f90cf182688b9e5f375498d3daed6\",\"name\":\"Comisi\u00f3n Fiscal Coparmex Jalisco\",\"image\":{\"@type\":\"ImageObject\",\"inLanguage\":\"es\",\"@id\":\"https:\\\/\\\/secure.gravatar.com\\\/avatar\\\/5d4c0683dbd1753d9b0ac4e80522437c91772ff63bb609de35657468240628a0?s=96&d=mm&r=g\",\"url\":\"https:\\\/\\\/secure.gravatar.com\\\/avatar\\\/5d4c0683dbd1753d9b0ac4e80522437c91772ff63bb609de35657468240628a0?s=96&d=mm&r=g\",\"contentUrl\":\"https:\\\/\\\/secure.gravatar.com\\\/avatar\\\/5d4c0683dbd1753d9b0ac4e80522437c91772ff63bb609de35657468240628a0?s=96&d=mm&r=g\",\"caption\":\"Comisi\u00f3n Fiscal Coparmex Jalisco\"},\"url\":\"https:\\\/\\\/coparmexjal.org.mx\\\/entorno-empresarial\\\/author\\\/comision-fiscal\\\/\"}]}<\/script>\n<!-- \/ Yoast SEO plugin. -->","yoast_head_json":{"title":"Determinaci\u00f3n de la Prima Anual de Grado de Riesgos de Trabajo para el IMSS - Entorno Empresarial","robots":{"index":"index","follow":"follow","max-snippet":"max-snippet:-1","max-image-preview":"max-image-preview:large","max-video-preview":"max-video-preview:-1"},"canonical":"https:\/\/coparmexjal.org.mx\/entorno-empresarial\/determinacion-de-la-prima-anual-de-grado-de-riesgos-de-trabajo-para-el-imss\/","og_locale":"es_MX","og_type":"article","og_title":"Determinaci\u00f3n de la Prima Anual de Grado de Riesgos de Trabajo para el IMSS - Entorno Empresarial","og_description":"En el periodo del 1 de febrero al 1 de marzo de 2021, se debe presentar ante el IMSS la determinaci\u00f3n de la prima anual","og_url":"https:\/\/coparmexjal.org.mx\/entorno-empresarial\/determinacion-de-la-prima-anual-de-grado-de-riesgos-de-trabajo-para-el-imss\/","og_site_name":"Entorno Empresarial","article_publisher":"https:\/\/facebook.com\/comcoparmex","article_published_time":"2021-02-18T20:58:00+00:00","article_modified_time":"2022-03-22T17:47:18+00:00","og_image":[{"width":900,"height":600,"url":"https:\/\/coparmexjal.org.mx\/entorno-empresarial\/wp-content\/uploads\/2021\/03\/riesgos-imss.jpg","type":"image\/jpeg"}],"author":"Comisi\u00f3n Fiscal Coparmex Jalisco","twitter_card":"summary_large_image","twitter_creator":"@comcoparmex","twitter_site":"@comcoparmex","twitter_misc":{"Escrito por":"Comisi\u00f3n Fiscal Coparmex Jalisco","Tiempo de lectura":"2 minutos"},"schema":{"@context":"https:\/\/schema.org","@graph":[{"@type":"Article","@id":"https:\/\/coparmexjal.org.mx\/entorno-empresarial\/determinacion-de-la-prima-anual-de-grado-de-riesgos-de-trabajo-para-el-imss\/#article","isPartOf":{"@id":"https:\/\/coparmexjal.org.mx\/entorno-empresarial\/determinacion-de-la-prima-anual-de-grado-de-riesgos-de-trabajo-para-el-imss\/"},"author":{"name":"Comisi\u00f3n Fiscal Coparmex Jalisco","@id":"https:\/\/coparmexjal.org.mx\/entorno-empresarial\/#\/schema\/person\/cf0f90cf182688b9e5f375498d3daed6"},"headline":"Determinaci\u00f3n de la Prima Anual de Grado de Riesgos de Trabajo para el IMSS","datePublished":"2021-02-18T20:58:00+00:00","dateModified":"2022-03-22T17:47:18+00:00","mainEntityOfPage":{"@id":"https:\/\/coparmexjal.org.mx\/entorno-empresarial\/determinacion-de-la-prima-anual-de-grado-de-riesgos-de-trabajo-para-el-imss\/"},"wordCount":451,"commentCount":1,"publisher":{"@id":"https:\/\/coparmexjal.org.mx\/entorno-empresarial\/#organization"},"image":{"@id":"https:\/\/coparmexjal.org.mx\/entorno-empresarial\/determinacion-de-la-prima-anual-de-grado-de-riesgos-de-trabajo-para-el-imss\/#primaryimage"},"thumbnailUrl":"https:\/\/coparmexjal.org.mx\/entorno-empresarial\/wp-content\/uploads\/2021\/03\/riesgos-imss.jpg","keywords":["covid-19","cuotas imss","imss","Ley del IMSS","prima anual","riesgo","trabajo"],"articleSection":["Empresas","Fiscal"],"inLanguage":"es","potentialAction":[{"@type":"CommentAction","name":"Comment","target":["https:\/\/coparmexjal.org.mx\/entorno-empresarial\/determinacion-de-la-prima-anual-de-grado-de-riesgos-de-trabajo-para-el-imss\/#respond"]}]},{"@type":"WebPage","@id":"https:\/\/coparmexjal.org.mx\/entorno-empresarial\/determinacion-de-la-prima-anual-de-grado-de-riesgos-de-trabajo-para-el-imss\/","url":"https:\/\/coparmexjal.org.mx\/entorno-empresarial\/determinacion-de-la-prima-anual-de-grado-de-riesgos-de-trabajo-para-el-imss\/","name":"Determinaci\u00f3n de la Prima Anual de Grado de Riesgos de Trabajo para el IMSS - Entorno Empresarial","isPartOf":{"@id":"https:\/\/coparmexjal.org.mx\/entorno-empresarial\/#website"},"primaryImageOfPage":{"@id":"https:\/\/coparmexjal.org.mx\/entorno-empresarial\/determinacion-de-la-prima-anual-de-grado-de-riesgos-de-trabajo-para-el-imss\/#primaryimage"},"image":{"@id":"https:\/\/coparmexjal.org.mx\/entorno-empresarial\/determinacion-de-la-prima-anual-de-grado-de-riesgos-de-trabajo-para-el-imss\/#primaryimage"},"thumbnailUrl":"https:\/\/coparmexjal.org.mx\/entorno-empresarial\/wp-content\/uploads\/2021\/03\/riesgos-imss.jpg","datePublished":"2021-02-18T20:58:00+00:00","dateModified":"2022-03-22T17:47:18+00:00","breadcrumb":{"@id":"https:\/\/coparmexjal.org.mx\/entorno-empresarial\/determinacion-de-la-prima-anual-de-grado-de-riesgos-de-trabajo-para-el-imss\/#breadcrumb"},"inLanguage":"es","potentialAction":[{"@type":"ReadAction","target":["https:\/\/coparmexjal.org.mx\/entorno-empresarial\/determinacion-de-la-prima-anual-de-grado-de-riesgos-de-trabajo-para-el-imss\/"]}]},{"@type":"ImageObject","inLanguage":"es","@id":"https:\/\/coparmexjal.org.mx\/entorno-empresarial\/determinacion-de-la-prima-anual-de-grado-de-riesgos-de-trabajo-para-el-imss\/#primaryimage","url":"https:\/\/coparmexjal.org.mx\/entorno-empresarial\/wp-content\/uploads\/2021\/03\/riesgos-imss.jpg","contentUrl":"https:\/\/coparmexjal.org.mx\/entorno-empresarial\/wp-content\/uploads\/2021\/03\/riesgos-imss.jpg","width":900,"height":600},{"@type":"BreadcrumbList","@id":"https:\/\/coparmexjal.org.mx\/entorno-empresarial\/determinacion-de-la-prima-anual-de-grado-de-riesgos-de-trabajo-para-el-imss\/#breadcrumb","itemListElement":[{"@type":"ListItem","position":1,"name":"Inicio","item":"https:\/\/coparmexjal.org.mx\/entorno-empresarial\/"},{"@type":"ListItem","position":2,"name":"Determinaci\u00f3n de la Prima Anual de Grado de Riesgos de Trabajo para el IMSS"}]},{"@type":"WebSite","@id":"https:\/\/coparmexjal.org.mx\/entorno-empresarial\/#website","url":"https:\/\/coparmexjal.org.mx\/entorno-empresarial\/","name":"Revista Entorno Empresarial","description":"Coparmex Jalisco","publisher":{"@id":"https:\/\/coparmexjal.org.mx\/entorno-empresarial\/#organization"},"potentialAction":[{"@type":"SearchAction","target":{"@type":"EntryPoint","urlTemplate":"https:\/\/coparmexjal.org.mx\/entorno-empresarial\/?s={search_term_string}"},"query-input":{"@type":"PropertyValueSpecification","valueRequired":true,"valueName":"search_term_string"}}],"inLanguage":"es"},{"@type":"Organization","@id":"https:\/\/coparmexjal.org.mx\/entorno-empresarial\/#organization","name":"Coparmex Jalisco","url":"https:\/\/coparmexjal.org.mx\/entorno-empresarial\/","logo":{"@type":"ImageObject","inLanguage":"es","@id":"https:\/\/coparmexjal.org.mx\/entorno-empresarial\/#\/schema\/logo\/image\/","url":"https:\/\/coparmexjal.org.mx\/entorno-empresarial\/wp-content\/uploads\/2020\/02\/logo-amp.png","contentUrl":"https:\/\/coparmexjal.org.mx\/entorno-empresarial\/wp-content\/uploads\/2020\/02\/logo-amp.png","width":120,"height":90,"caption":"Coparmex Jalisco"},"image":{"@id":"https:\/\/coparmexjal.org.mx\/entorno-empresarial\/#\/schema\/logo\/image\/"},"sameAs":["https:\/\/facebook.com\/comcoparmex","https:\/\/x.com\/comcoparmex","http:\/\/instagram.com\/coparmexjalisco","https:\/\/mx.linkedin.com\/company\/coparmex-jalisco","https:\/\/www.youtube.com\/c\/CoparmexJaliscomx"]},{"@type":"Person","@id":"https:\/\/coparmexjal.org.mx\/entorno-empresarial\/#\/schema\/person\/cf0f90cf182688b9e5f375498d3daed6","name":"Comisi\u00f3n Fiscal Coparmex Jalisco","image":{"@type":"ImageObject","inLanguage":"es","@id":"https:\/\/secure.gravatar.com\/avatar\/5d4c0683dbd1753d9b0ac4e80522437c91772ff63bb609de35657468240628a0?s=96&d=mm&r=g","url":"https:\/\/secure.gravatar.com\/avatar\/5d4c0683dbd1753d9b0ac4e80522437c91772ff63bb609de35657468240628a0?s=96&d=mm&r=g","contentUrl":"https:\/\/secure.gravatar.com\/avatar\/5d4c0683dbd1753d9b0ac4e80522437c91772ff63bb609de35657468240628a0?s=96&d=mm&r=g","caption":"Comisi\u00f3n Fiscal Coparmex Jalisco"},"url":"https:\/\/coparmexjal.org.mx\/entorno-empresarial\/author\/comision-fiscal\/"}]}},"_links":{"self":[{"href":"https:\/\/coparmexjal.org.mx\/entorno-empresarial\/wp-json\/wp\/v2\/posts\/4745","targetHints":{"allow":["GET"]}}],"collection":[{"href":"https:\/\/coparmexjal.org.mx\/entorno-empresarial\/wp-json\/wp\/v2\/posts"}],"about":[{"href":"https:\/\/coparmexjal.org.mx\/entorno-empresarial\/wp-json\/wp\/v2\/types\/post"}],"author":[{"embeddable":true,"href":"https:\/\/coparmexjal.org.mx\/entorno-empresarial\/wp-json\/wp\/v2\/users\/73"}],"replies":[{"embeddable":true,"href":"https:\/\/coparmexjal.org.mx\/entorno-empresarial\/wp-json\/wp\/v2\/comments?post=4745"}],"version-history":[{"count":1,"href":"https:\/\/coparmexjal.org.mx\/entorno-empresarial\/wp-json\/wp\/v2\/posts\/4745\/revisions"}],"predecessor-version":[{"id":4746,"href":"https:\/\/coparmexjal.org.mx\/entorno-empresarial\/wp-json\/wp\/v2\/posts\/4745\/revisions\/4746"}],"wp:featuredmedia":[{"embeddable":true,"href":"https:\/\/coparmexjal.org.mx\/entorno-empresarial\/wp-json\/wp\/v2\/media\/4750"}],"wp:attachment":[{"href":"https:\/\/coparmexjal.org.mx\/entorno-empresarial\/wp-json\/wp\/v2\/media?parent=4745"}],"wp:term":[{"taxonomy":"category","embeddable":true,"href":"https:\/\/coparmexjal.org.mx\/entorno-empresarial\/wp-json\/wp\/v2\/categories?post=4745"},{"taxonomy":"post_tag","embeddable":true,"href":"https:\/\/coparmexjal.org.mx\/entorno-empresarial\/wp-json\/wp\/v2\/tags?post=4745"}],"curies":[{"name":"wp","href":"https:\/\/api.w.org\/{rel}","templated":true}]}}