{"id":4568,"date":"2021-01-22T16:33:51","date_gmt":"2021-01-22T22:33:51","guid":{"rendered":"https:\/\/coparmexjal.org.mx\/entorno-empresarial\/?p=4568"},"modified":"2021-01-22T16:33:56","modified_gmt":"2021-01-22T22:33:56","slug":"sumar-para-avanzar-en-la-vacunacion","status":"publish","type":"post","link":"https:\/\/coparmexjal.org.mx\/entorno-empresarial\/sumar-para-avanzar-en-la-vacunacion\/","title":{"rendered":"Dispuestos a sumar para avanzar en la vacunaci\u00f3n, mejorar el sistema de salud y la econom\u00eda"},"content":{"rendered":"\n<blockquote class=\"wp-block-quote is-layout-flow wp-block-quote-is-layout-flow\"><p><em>Nos sumamos al llamado del Presidente de la Rep\u00fablica a no utilizar la compra y aplicaci\u00f3n de vacunas con fines electorales<\/em><\/p><\/blockquote>\n\n\n\n<p>Contar con las primeras dosis de la vacuna y comenzar con la primera etapa del plan de vacunaci\u00f3n fue el primer paso para avanzar en la lucha de la contenci\u00f3n de los contagios. Sin embargo, durante las \u00faltimas semanas, hemos sido testigos del incremento exponencial en los casos activos de COVID19 en Jalisco y a lo largo de toda la rep\u00fablica mexicana.<\/p>\n\n\n\n<p><br>La pandemia no solo ha dejado p\u00e9rdidas irreparables en cientos de miles de familias mexicanas, sino adem\u00e1s ha afectado la generaci\u00f3n de empleo, tan solo durante 2020 perdimos m\u00e1s de 600 mil empleos, lo que representa que cerca de 8 mil millones de pesos est\u00e1n dejando de llegar a los hogares del pa\u00eds, han cerrado un mill\u00f3n de micro y peque\u00f1as empresas y tenemos un sistema de salud colapsado.<\/p>\n\n\n\n<p>Hoy m\u00e1s que nunca es importante que juntos, Gobierno e iniciativa privada trabajemos en una estrategia que nos permita garantizar que la vacuna llegar\u00e1 a toda la poblaci\u00f3n.&nbsp;<\/p>\n\n\n\n<p>En Coparmex Jalisco reconocemos la apertura del Gobierno Federal y nos sumamos para avanzar en la vacunaci\u00f3n, el trabajo en conjunto es esencial para la recuperaci\u00f3n de la salud y la econom\u00eda.<\/p>\n\n\n\n<p>As\u00ed mismo nos sumamos al llamado del Presidente de la Rep\u00fablica a no politizar por el lado de los estados y no lucrar por lo privados.&nbsp;<\/p>\n\n\n\n<p>En Jalisco continuaremos colaborando en todas las estrategias que nos permitan garantizar y mejorar la salud de todas y todos.&nbsp;<\/p>\n","protected":false},"excerpt":{"rendered":"<p>Nos sumamos al llamado del Presidente de la Rep\u00fablica a no utilizar la compra y aplicaci\u00f3n de vacunas con fines electorales Contar con las primeras<\/p>\n","protected":false},"author":2,"featured_media":4569,"comment_status":"open","ping_status":"open","sticky":false,"template":"","format":"standard","meta":{"footnotes":""},"categories":[348],"tags":[431,700,734],"class_list":["post-4568","post","type-post","status-publish","format-standard","has-post-thumbnail","hentry","category-noticias","tag-covid-19","tag-gobierno-federal","tag-vacunas"],"yoast_head":"<!-- This site is optimized with the Yoast SEO plugin v27.5 - https:\/\/yoast.com\/product\/yoast-seo-wordpress\/ -->\n<title>Sumar para avanzar en la vacunaci\u00f3n - Entorno Empresarial<\/title>\n<meta name=\"description\" content=\"Nos sumamos al llamado del Presidente de la Rep\u00fablica a no utilizar la compra y aplicaci\u00f3n de vacunas con fines electorales\" \/>\n<meta name=\"robots\" content=\"index, follow, max-snippet:-1, max-image-preview:large, max-video-preview:-1\" \/>\n<link rel=\"canonical\" href=\"https:\/\/coparmexjal.org.mx\/entorno-empresarial\/sumar-para-avanzar-en-la-vacunacion\/\" \/>\n<meta property=\"og:locale\" content=\"es_MX\" \/>\n<meta property=\"og:type\" content=\"article\" \/>\n<meta property=\"og:title\" content=\"Sumar para avanzar en la vacunaci\u00f3n - Entorno Empresarial\" \/>\n<meta property=\"og:description\" content=\"Nos sumamos al llamado del Presidente de la Rep\u00fablica a no utilizar la compra y aplicaci\u00f3n de vacunas con fines electorales\" \/>\n<meta property=\"og:url\" content=\"https:\/\/coparmexjal.org.mx\/entorno-empresarial\/sumar-para-avanzar-en-la-vacunacion\/\" \/>\n<meta property=\"og:site_name\" content=\"Entorno Empresarial\" \/>\n<meta property=\"article:publisher\" content=\"https:\/\/facebook.com\/comcoparmex\" \/>\n<meta property=\"article:published_time\" content=\"2021-01-22T22:33:51+00:00\" \/>\n<meta property=\"article:modified_time\" content=\"2021-01-22T22:33:56+00:00\" \/>\n<meta property=\"og:image\" content=\"https:\/\/coparmexjal.org.mx\/entorno-empresarial\/wp-content\/uploads\/2021\/01\/vacuna-covid-19.jpg\" \/>\n\t<meta property=\"og:image:width\" content=\"1414\" \/>\n\t<meta property=\"og:image:height\" content=\"800\" \/>\n\t<meta property=\"og:image:type\" content=\"image\/jpeg\" \/>\n<meta name=\"author\" content=\"Coparmex Jalisco\" \/>\n<meta name=\"twitter:card\" content=\"summary_large_image\" \/>\n<meta name=\"twitter:creator\" content=\"@comcoparmex\" \/>\n<meta name=\"twitter:site\" content=\"@comcoparmex\" \/>\n<meta name=\"twitter:label1\" content=\"Escrito por\" \/>\n\t<meta name=\"twitter:data1\" content=\"Coparmex Jalisco\" \/>\n\t<meta name=\"twitter:label2\" content=\"Tiempo de lectura\" \/>\n\t<meta name=\"twitter:data2\" content=\"2 minutos\" \/>\n<script type=\"application\/ld+json\" class=\"yoast-schema-graph\">{\"@context\":\"https:\\\/\\\/schema.org\",\"@graph\":[{\"@type\":\"Article\",\"@id\":\"https:\\\/\\\/coparmexjal.org.mx\\\/entorno-empresarial\\\/sumar-para-avanzar-en-la-vacunacion\\\/#article\",\"isPartOf\":{\"@id\":\"https:\\\/\\\/coparmexjal.org.mx\\\/entorno-empresarial\\\/sumar-para-avanzar-en-la-vacunacion\\\/\"},\"author\":{\"name\":\"Coparmex Jalisco\",\"@id\":\"https:\\\/\\\/coparmexjal.org.mx\\\/entorno-empresarial\\\/#\\\/schema\\\/person\\\/7d1d56a9587bfb3a725cd3dbfbdb9d44\"},\"headline\":\"Dispuestos a sumar para avanzar en la vacunaci\u00f3n, mejorar el sistema de salud y la econom\u00eda\",\"datePublished\":\"2021-01-22T22:33:51+00:00\",\"dateModified\":\"2021-01-22T22:33:56+00:00\",\"mainEntityOfPage\":{\"@id\":\"https:\\\/\\\/coparmexjal.org.mx\\\/entorno-empresarial\\\/sumar-para-avanzar-en-la-vacunacion\\\/\"},\"wordCount\":295,\"commentCount\":0,\"publisher\":{\"@id\":\"https:\\\/\\\/coparmexjal.org.mx\\\/entorno-empresarial\\\/#organization\"},\"image\":{\"@id\":\"https:\\\/\\\/coparmexjal.org.mx\\\/entorno-empresarial\\\/sumar-para-avanzar-en-la-vacunacion\\\/#primaryimage\"},\"thumbnailUrl\":\"https:\\\/\\\/coparmexjal.org.mx\\\/entorno-empresarial\\\/wp-content\\\/uploads\\\/2021\\\/01\\\/vacuna-covid-19.jpg\",\"keywords\":[\"covid-19\",\"Gobierno Federal\",\"vacunas\"],\"articleSection\":[\"Noticias\"],\"inLanguage\":\"es\",\"potentialAction\":[{\"@type\":\"CommentAction\",\"name\":\"Comment\",\"target\":[\"https:\\\/\\\/coparmexjal.org.mx\\\/entorno-empresarial\\\/sumar-para-avanzar-en-la-vacunacion\\\/#respond\"]}]},{\"@type\":\"WebPage\",\"@id\":\"https:\\\/\\\/coparmexjal.org.mx\\\/entorno-empresarial\\\/sumar-para-avanzar-en-la-vacunacion\\\/\",\"url\":\"https:\\\/\\\/coparmexjal.org.mx\\\/entorno-empresarial\\\/sumar-para-avanzar-en-la-vacunacion\\\/\",\"name\":\"Sumar para avanzar en la vacunaci\u00f3n - Entorno Empresarial\",\"isPartOf\":{\"@id\":\"https:\\\/\\\/coparmexjal.org.mx\\\/entorno-empresarial\\\/#website\"},\"primaryImageOfPage\":{\"@id\":\"https:\\\/\\\/coparmexjal.org.mx\\\/entorno-empresarial\\\/sumar-para-avanzar-en-la-vacunacion\\\/#primaryimage\"},\"image\":{\"@id\":\"https:\\\/\\\/coparmexjal.org.mx\\\/entorno-empresarial\\\/sumar-para-avanzar-en-la-vacunacion\\\/#primaryimage\"},\"thumbnailUrl\":\"https:\\\/\\\/coparmexjal.org.mx\\\/entorno-empresarial\\\/wp-content\\\/uploads\\\/2021\\\/01\\\/vacuna-covid-19.jpg\",\"datePublished\":\"2021-01-22T22:33:51+00:00\",\"dateModified\":\"2021-01-22T22:33:56+00:00\",\"description\":\"Nos sumamos al llamado del Presidente de la Rep\u00fablica a no utilizar la compra y aplicaci\u00f3n de vacunas con fines electorales\",\"breadcrumb\":{\"@id\":\"https:\\\/\\\/coparmexjal.org.mx\\\/entorno-empresarial\\\/sumar-para-avanzar-en-la-vacunacion\\\/#breadcrumb\"},\"inLanguage\":\"es\",\"potentialAction\":[{\"@type\":\"ReadAction\",\"target\":[\"https:\\\/\\\/coparmexjal.org.mx\\\/entorno-empresarial\\\/sumar-para-avanzar-en-la-vacunacion\\\/\"]}]},{\"@type\":\"ImageObject\",\"inLanguage\":\"es\",\"@id\":\"https:\\\/\\\/coparmexjal.org.mx\\\/entorno-empresarial\\\/sumar-para-avanzar-en-la-vacunacion\\\/#primaryimage\",\"url\":\"https:\\\/\\\/coparmexjal.org.mx\\\/entorno-empresarial\\\/wp-content\\\/uploads\\\/2021\\\/01\\\/vacuna-covid-19.jpg\",\"contentUrl\":\"https:\\\/\\\/coparmexjal.org.mx\\\/entorno-empresarial\\\/wp-content\\\/uploads\\\/2021\\\/01\\\/vacuna-covid-19.jpg\",\"width\":1414,\"height\":800,\"caption\":\"Vacunas covid 19 en Jalisco\"},{\"@type\":\"BreadcrumbList\",\"@id\":\"https:\\\/\\\/coparmexjal.org.mx\\\/entorno-empresarial\\\/sumar-para-avanzar-en-la-vacunacion\\\/#breadcrumb\",\"itemListElement\":[{\"@type\":\"ListItem\",\"position\":1,\"name\":\"Inicio\",\"item\":\"https:\\\/\\\/coparmexjal.org.mx\\\/entorno-empresarial\\\/\"},{\"@type\":\"ListItem\",\"position\":2,\"name\":\"Dispuestos a sumar para avanzar en la vacunaci\u00f3n, mejorar el sistema de salud y la econom\u00eda\"}]},{\"@type\":\"WebSite\",\"@id\":\"https:\\\/\\\/coparmexjal.org.mx\\\/entorno-empresarial\\\/#website\",\"url\":\"https:\\\/\\\/coparmexjal.org.mx\\\/entorno-empresarial\\\/\",\"name\":\"Revista Entorno Empresarial\",\"description\":\"Coparmex Jalisco\",\"publisher\":{\"@id\":\"https:\\\/\\\/coparmexjal.org.mx\\\/entorno-empresarial\\\/#organization\"},\"potentialAction\":[{\"@type\":\"SearchAction\",\"target\":{\"@type\":\"EntryPoint\",\"urlTemplate\":\"https:\\\/\\\/coparmexjal.org.mx\\\/entorno-empresarial\\\/?s={search_term_string}\"},\"query-input\":{\"@type\":\"PropertyValueSpecification\",\"valueRequired\":true,\"valueName\":\"search_term_string\"}}],\"inLanguage\":\"es\"},{\"@type\":\"Organization\",\"@id\":\"https:\\\/\\\/coparmexjal.org.mx\\\/entorno-empresarial\\\/#organization\",\"name\":\"Coparmex Jalisco\",\"url\":\"https:\\\/\\\/coparmexjal.org.mx\\\/entorno-empresarial\\\/\",\"logo\":{\"@type\":\"ImageObject\",\"inLanguage\":\"es\",\"@id\":\"https:\\\/\\\/coparmexjal.org.mx\\\/entorno-empresarial\\\/#\\\/schema\\\/logo\\\/image\\\/\",\"url\":\"https:\\\/\\\/coparmexjal.org.mx\\\/entorno-empresarial\\\/wp-content\\\/uploads\\\/2020\\\/02\\\/logo-amp.png\",\"contentUrl\":\"https:\\\/\\\/coparmexjal.org.mx\\\/entorno-empresarial\\\/wp-content\\\/uploads\\\/2020\\\/02\\\/logo-amp.png\",\"width\":120,\"height\":90,\"caption\":\"Coparmex Jalisco\"},\"image\":{\"@id\":\"https:\\\/\\\/coparmexjal.org.mx\\\/entorno-empresarial\\\/#\\\/schema\\\/logo\\\/image\\\/\"},\"sameAs\":[\"https:\\\/\\\/facebook.com\\\/comcoparmex\",\"https:\\\/\\\/x.com\\\/comcoparmex\",\"http:\\\/\\\/instagram.com\\\/coparmexjalisco\",\"https:\\\/\\\/mx.linkedin.com\\\/company\\\/coparmex-jalisco\",\"https:\\\/\\\/www.youtube.com\\\/c\\\/CoparmexJaliscomx\"]},{\"@type\":\"Person\",\"@id\":\"https:\\\/\\\/coparmexjal.org.mx\\\/entorno-empresarial\\\/#\\\/schema\\\/person\\\/7d1d56a9587bfb3a725cd3dbfbdb9d44\",\"name\":\"Coparmex Jalisco\",\"image\":{\"@type\":\"ImageObject\",\"inLanguage\":\"es\",\"@id\":\"https:\\\/\\\/coparmexjal.org.mx\\\/entorno-empresarial\\\/wp-content\\\/uploads\\\/2020\\\/06\\\/favicon-150x133.png\",\"url\":\"https:\\\/\\\/coparmexjal.org.mx\\\/entorno-empresarial\\\/wp-content\\\/uploads\\\/2020\\\/06\\\/favicon-150x133.png\",\"contentUrl\":\"https:\\\/\\\/coparmexjal.org.mx\\\/entorno-empresarial\\\/wp-content\\\/uploads\\\/2020\\\/06\\\/favicon-150x133.png\",\"caption\":\"Coparmex Jalisco\"},\"url\":\"https:\\\/\\\/coparmexjal.org.mx\\\/entorno-empresarial\\\/author\\\/coparmexjalisco\\\/\"}]}<\/script>\n<!-- \/ Yoast SEO plugin. -->","yoast_head_json":{"title":"Sumar para avanzar en la vacunaci\u00f3n - Entorno Empresarial","description":"Nos sumamos al llamado del Presidente de la Rep\u00fablica a no utilizar la compra y aplicaci\u00f3n de vacunas con fines electorales","robots":{"index":"index","follow":"follow","max-snippet":"max-snippet:-1","max-image-preview":"max-image-preview:large","max-video-preview":"max-video-preview:-1"},"canonical":"https:\/\/coparmexjal.org.mx\/entorno-empresarial\/sumar-para-avanzar-en-la-vacunacion\/","og_locale":"es_MX","og_type":"article","og_title":"Sumar para avanzar en la vacunaci\u00f3n - Entorno Empresarial","og_description":"Nos sumamos al llamado del Presidente de la Rep\u00fablica a no utilizar la compra y aplicaci\u00f3n de vacunas con fines electorales","og_url":"https:\/\/coparmexjal.org.mx\/entorno-empresarial\/sumar-para-avanzar-en-la-vacunacion\/","og_site_name":"Entorno Empresarial","article_publisher":"https:\/\/facebook.com\/comcoparmex","article_published_time":"2021-01-22T22:33:51+00:00","article_modified_time":"2021-01-22T22:33:56+00:00","og_image":[{"width":1414,"height":800,"url":"https:\/\/coparmexjal.org.mx\/entorno-empresarial\/wp-content\/uploads\/2021\/01\/vacuna-covid-19.jpg","type":"image\/jpeg"}],"author":"Coparmex Jalisco","twitter_card":"summary_large_image","twitter_creator":"@comcoparmex","twitter_site":"@comcoparmex","twitter_misc":{"Escrito por":"Coparmex Jalisco","Tiempo de lectura":"2 minutos"},"schema":{"@context":"https:\/\/schema.org","@graph":[{"@type":"Article","@id":"https:\/\/coparmexjal.org.mx\/entorno-empresarial\/sumar-para-avanzar-en-la-vacunacion\/#article","isPartOf":{"@id":"https:\/\/coparmexjal.org.mx\/entorno-empresarial\/sumar-para-avanzar-en-la-vacunacion\/"},"author":{"name":"Coparmex Jalisco","@id":"https:\/\/coparmexjal.org.mx\/entorno-empresarial\/#\/schema\/person\/7d1d56a9587bfb3a725cd3dbfbdb9d44"},"headline":"Dispuestos a sumar para avanzar en la vacunaci\u00f3n, mejorar el sistema de salud y la econom\u00eda","datePublished":"2021-01-22T22:33:51+00:00","dateModified":"2021-01-22T22:33:56+00:00","mainEntityOfPage":{"@id":"https:\/\/coparmexjal.org.mx\/entorno-empresarial\/sumar-para-avanzar-en-la-vacunacion\/"},"wordCount":295,"commentCount":0,"publisher":{"@id":"https:\/\/coparmexjal.org.mx\/entorno-empresarial\/#organization"},"image":{"@id":"https:\/\/coparmexjal.org.mx\/entorno-empresarial\/sumar-para-avanzar-en-la-vacunacion\/#primaryimage"},"thumbnailUrl":"https:\/\/coparmexjal.org.mx\/entorno-empresarial\/wp-content\/uploads\/2021\/01\/vacuna-covid-19.jpg","keywords":["covid-19","Gobierno Federal","vacunas"],"articleSection":["Noticias"],"inLanguage":"es","potentialAction":[{"@type":"CommentAction","name":"Comment","target":["https:\/\/coparmexjal.org.mx\/entorno-empresarial\/sumar-para-avanzar-en-la-vacunacion\/#respond"]}]},{"@type":"WebPage","@id":"https:\/\/coparmexjal.org.mx\/entorno-empresarial\/sumar-para-avanzar-en-la-vacunacion\/","url":"https:\/\/coparmexjal.org.mx\/entorno-empresarial\/sumar-para-avanzar-en-la-vacunacion\/","name":"Sumar para avanzar en la vacunaci\u00f3n - Entorno Empresarial","isPartOf":{"@id":"https:\/\/coparmexjal.org.mx\/entorno-empresarial\/#website"},"primaryImageOfPage":{"@id":"https:\/\/coparmexjal.org.mx\/entorno-empresarial\/sumar-para-avanzar-en-la-vacunacion\/#primaryimage"},"image":{"@id":"https:\/\/coparmexjal.org.mx\/entorno-empresarial\/sumar-para-avanzar-en-la-vacunacion\/#primaryimage"},"thumbnailUrl":"https:\/\/coparmexjal.org.mx\/entorno-empresarial\/wp-content\/uploads\/2021\/01\/vacuna-covid-19.jpg","datePublished":"2021-01-22T22:33:51+00:00","dateModified":"2021-01-22T22:33:56+00:00","description":"Nos sumamos al llamado del Presidente de la Rep\u00fablica a no utilizar la compra y aplicaci\u00f3n de vacunas con fines electorales","breadcrumb":{"@id":"https:\/\/coparmexjal.org.mx\/entorno-empresarial\/sumar-para-avanzar-en-la-vacunacion\/#breadcrumb"},"inLanguage":"es","potentialAction":[{"@type":"ReadAction","target":["https:\/\/coparmexjal.org.mx\/entorno-empresarial\/sumar-para-avanzar-en-la-vacunacion\/"]}]},{"@type":"ImageObject","inLanguage":"es","@id":"https:\/\/coparmexjal.org.mx\/entorno-empresarial\/sumar-para-avanzar-en-la-vacunacion\/#primaryimage","url":"https:\/\/coparmexjal.org.mx\/entorno-empresarial\/wp-content\/uploads\/2021\/01\/vacuna-covid-19.jpg","contentUrl":"https:\/\/coparmexjal.org.mx\/entorno-empresarial\/wp-content\/uploads\/2021\/01\/vacuna-covid-19.jpg","width":1414,"height":800,"caption":"Vacunas covid 19 en Jalisco"},{"@type":"BreadcrumbList","@id":"https:\/\/coparmexjal.org.mx\/entorno-empresarial\/sumar-para-avanzar-en-la-vacunacion\/#breadcrumb","itemListElement":[{"@type":"ListItem","position":1,"name":"Inicio","item":"https:\/\/coparmexjal.org.mx\/entorno-empresarial\/"},{"@type":"ListItem","position":2,"name":"Dispuestos a sumar para avanzar en la vacunaci\u00f3n, mejorar el sistema de salud y la econom\u00eda"}]},{"@type":"WebSite","@id":"https:\/\/coparmexjal.org.mx\/entorno-empresarial\/#website","url":"https:\/\/coparmexjal.org.mx\/entorno-empresarial\/","name":"Revista Entorno Empresarial","description":"Coparmex Jalisco","publisher":{"@id":"https:\/\/coparmexjal.org.mx\/entorno-empresarial\/#organization"},"potentialAction":[{"@type":"SearchAction","target":{"@type":"EntryPoint","urlTemplate":"https:\/\/coparmexjal.org.mx\/entorno-empresarial\/?s={search_term_string}"},"query-input":{"@type":"PropertyValueSpecification","valueRequired":true,"valueName":"search_term_string"}}],"inLanguage":"es"},{"@type":"Organization","@id":"https:\/\/coparmexjal.org.mx\/entorno-empresarial\/#organization","name":"Coparmex Jalisco","url":"https:\/\/coparmexjal.org.mx\/entorno-empresarial\/","logo":{"@type":"ImageObject","inLanguage":"es","@id":"https:\/\/coparmexjal.org.mx\/entorno-empresarial\/#\/schema\/logo\/image\/","url":"https:\/\/coparmexjal.org.mx\/entorno-empresarial\/wp-content\/uploads\/2020\/02\/logo-amp.png","contentUrl":"https:\/\/coparmexjal.org.mx\/entorno-empresarial\/wp-content\/uploads\/2020\/02\/logo-amp.png","width":120,"height":90,"caption":"Coparmex Jalisco"},"image":{"@id":"https:\/\/coparmexjal.org.mx\/entorno-empresarial\/#\/schema\/logo\/image\/"},"sameAs":["https:\/\/facebook.com\/comcoparmex","https:\/\/x.com\/comcoparmex","http:\/\/instagram.com\/coparmexjalisco","https:\/\/mx.linkedin.com\/company\/coparmex-jalisco","https:\/\/www.youtube.com\/c\/CoparmexJaliscomx"]},{"@type":"Person","@id":"https:\/\/coparmexjal.org.mx\/entorno-empresarial\/#\/schema\/person\/7d1d56a9587bfb3a725cd3dbfbdb9d44","name":"Coparmex Jalisco","image":{"@type":"ImageObject","inLanguage":"es","@id":"https:\/\/coparmexjal.org.mx\/entorno-empresarial\/wp-content\/uploads\/2020\/06\/favicon-150x133.png","url":"https:\/\/coparmexjal.org.mx\/entorno-empresarial\/wp-content\/uploads\/2020\/06\/favicon-150x133.png","contentUrl":"https:\/\/coparmexjal.org.mx\/entorno-empresarial\/wp-content\/uploads\/2020\/06\/favicon-150x133.png","caption":"Coparmex Jalisco"},"url":"https:\/\/coparmexjal.org.mx\/entorno-empresarial\/author\/coparmexjalisco\/"}]}},"_links":{"self":[{"href":"https:\/\/coparmexjal.org.mx\/entorno-empresarial\/wp-json\/wp\/v2\/posts\/4568","targetHints":{"allow":["GET"]}}],"collection":[{"href":"https:\/\/coparmexjal.org.mx\/entorno-empresarial\/wp-json\/wp\/v2\/posts"}],"about":[{"href":"https:\/\/coparmexjal.org.mx\/entorno-empresarial\/wp-json\/wp\/v2\/types\/post"}],"author":[{"embeddable":true,"href":"https:\/\/coparmexjal.org.mx\/entorno-empresarial\/wp-json\/wp\/v2\/users\/2"}],"replies":[{"embeddable":true,"href":"https:\/\/coparmexjal.org.mx\/entorno-empresarial\/wp-json\/wp\/v2\/comments?post=4568"}],"version-history":[{"count":1,"href":"https:\/\/coparmexjal.org.mx\/entorno-empresarial\/wp-json\/wp\/v2\/posts\/4568\/revisions"}],"predecessor-version":[{"id":4570,"href":"https:\/\/coparmexjal.org.mx\/entorno-empresarial\/wp-json\/wp\/v2\/posts\/4568\/revisions\/4570"}],"wp:featuredmedia":[{"embeddable":true,"href":"https:\/\/coparmexjal.org.mx\/entorno-empresarial\/wp-json\/wp\/v2\/media\/4569"}],"wp:attachment":[{"href":"https:\/\/coparmexjal.org.mx\/entorno-empresarial\/wp-json\/wp\/v2\/media?parent=4568"}],"wp:term":[{"taxonomy":"category","embeddable":true,"href":"https:\/\/coparmexjal.org.mx\/entorno-empresarial\/wp-json\/wp\/v2\/categories?post=4568"},{"taxonomy":"post_tag","embeddable":true,"href":"https:\/\/coparmexjal.org.mx\/entorno-empresarial\/wp-json\/wp\/v2\/tags?post=4568"}],"curies":[{"name":"wp","href":"https:\/\/api.w.org\/{rel}","templated":true}]}}