{"id":4566,"date":"2020-06-25T14:47:00","date_gmt":"2020-06-25T19:47:00","guid":{"rendered":"https:\/\/coparmexjal.org.mx\/entorno-empresarial\/?p=4566"},"modified":"2021-01-19T14:59:13","modified_gmt":"2021-01-19T20:59:13","slug":"anuncian-5-programas-de-apoyo-para-empresas","status":"publish","type":"post","link":"https:\/\/coparmexjal.org.mx\/entorno-empresarial\/anuncian-5-programas-de-apoyo-para-empresas\/","title":{"rendered":"Anuncian 5 programas de apoyo para empresas"},"content":{"rendered":"\n<p>Con el objetivo de proteger y recuperar empleos, inyectar liquidez, facilitar acceso a cr\u00e9dito, potencializar los recursos del gobierno, desarrollar la proveedur\u00eda local y sustituir importaciones, as\u00ed como promover las exportaciones, acceder a nuevos mercados, atraer inversiones en sectores estrat\u00e9gicos, fortalecer cadenas productivas, incrementar la autonom\u00eda econ\u00f3mica de las mujeres e impulsar una econom\u00eda verde y circular se presentaron 5 programas de apoyo a las empresas.<\/p>\n\n\n\n<p>1. <strong>Reinicia:<\/strong> Con una bolsa de <strong>300 MDP <\/strong>destinada a <strong>capital de trabajo y n\u00f3mina:<\/strong><\/p>\n\n\n\n<p>\u25cb <strong>180 MDP <\/strong>para micro y peque\u00f1as empresas con trabajadores en el IMSS<\/p>\n\n\n\n<p>\u25a0 Empresas con <strong>1-100 trabajadores en IMSS<\/strong> : Apoyo a fondo perdido de <strong>10 mil pesos por empleo hasta 100 mil pesos<\/strong> , destinado para: <strong>pago de n\u00f3mina , pago de renta de local, insumos, materia prima y compromiso de mantener su plantilla laboral.<\/strong><\/p>\n\n\n\n<p>\u25cb <strong>70 MDP <\/strong>para Empresarias de Alto Impacto: para <strong>mujeres empresarias de Jalisco<\/strong> , dando prioridad a quienes en <strong>2019 <\/strong>asistieron a las capacitaciones y que cumplan los requisitos, as\u00ed como aquellas que tengan mayor empleabilidad de mujeres; adicional se ofrecer\u00e1 formaci\u00f3n en l\u00ednea, para impulsar las capacidades de alto impacto y el acercamiento al conocimiento.<\/p>\n\n\n\n<p>\u25cb <strong>50 MDP <\/strong>de microcr\u00e9dito para emprendimiento: apoyo para acceder a cr\u00e9dito de hasta <strong>100 mil pesos con subsidio al costo financiero, <\/strong>destinado para: <strong>pago de n\u00f3mina, pago de renta de local, insumos, materia prima, como subsidio a costo financiero y con tasa 0% de inter\u00e9s.<\/strong><\/p>\n\n\n\n<ol class=\"wp-block-list\" start=\"2\"><li><strong>Reactiva:<\/strong> Bolsa de <strong>270 millones de pesos<\/strong> destinada a <strong>MIPyMES<\/strong> :<ul><li><strong>$150 Mdp <\/strong>Reconversi\u00f3n verde y equipamiento: Acceso a fondo de garant\u00edas y\/o cr\u00e9dito de Fojal para: generaci\u00f3n distribuida y eficiencia energ\u00e9tica, maquinaria y equipamiento, mantenimiento de maquinaria y equipo, flotilla de veh\u00edculos e implementaci\u00f3n digital (software y hardware).<\/li><li><strong>$50 Mdp <\/strong>Asesor\u00edas, capacitaci\u00f3n y certificaciones: consultor\u00eda para reducci\u00f3n de costos, consultor\u00eda para adecuaci\u00f3n de modelo de negocio, capacitaciones, certificaciones, estudios nutrimentales y de laboratorio, estudios de mercado, registro de marca y gesti\u00f3n de residuos s\u00f3lidos y descargas a cuerpos de agua.<\/li><li><strong>$70 Mdp<\/strong> Promoci\u00f3n y generaci\u00f3n de demanda: plataforma electr\u00f3nica (p\u00e1gina web, desarrollo de aplicaciones, almacenamiento en nube), marketing (apoyo para publicidad digital y tradicional + publicidad impresa), comercio electr\u00f3nico (ecommerce), pago de servicio de env\u00edos, expos, congresos, ferias, convenciones (B2B virtuales).<\/li><\/ul><\/li><li><strong>200 MDP en Financiamiento para el desarrollo Cr\u00e9dito o garant\u00eda Fojal para mi MIPyMES: Apoyo para acceder a cr\u00e9dito con tasas preferenciales, <\/strong>agilidad en la colocaci\u00f3n y registro de los cr\u00e9ditos otorgados, acceso a cr\u00e9ditos de la banca comercial con fondo de garant\u00eda Fojal en alianza con banca de desarrollo <strong>(hasta 5 Mdp de cr\u00e9dito simple y refraccionado)<\/strong> , impulsar las actividades econ\u00f3micas m\u00e1s productivas de las regiones estrat\u00e9gicas del Estado<\/li><\/ol>\n\n\n\n<p><strong>\u25cb Periodo de gracia de hasta 6 meses<\/strong><\/p>\n\n\n\n<p>Una empresa puede ser beneficiada seg\u00fan sus necesidades de la siguiente manera:<\/p>\n\n\n\n<ul class=\"wp-block-list\"><li>Capital de trabajo y n\u00f3mina<\/li><li>Reconversi\u00f3n verde y equipamiento<\/li><li>Asesor\u00eda, capacitaci\u00f3n y certificaciones<\/li><li>Promoci\u00f3n y generaci\u00f3n de demanda <strong>Sectores beneficiados<\/strong> : comercio y servicios Industria tradicional y de innovaci\u00f3n, artesan\u00edas y Jalisco exporta.<\/li><\/ul>\n\n\n\n<p><strong>Montos m\u00e1ximos por tama\u00f1o de la empresa:<\/strong><\/p>\n\n\n\n<p>\u25cf Micro empresa (1-15)<br>\u25cb 200 mil pesos (50 mil en incentivo verde*1)<\/p>\n\n\n\n<p>\u25cf Peque\u00f1a empresa (16-100)<br>\u25cb 400 mil pesos (100 mil en incentivo verde*)<\/p>\n\n\n\n<p>\u25cf Mediana empresa (101-250)<br>\u25cb 600 mil pesos (150 mil en incentivo verde*)<\/p>\n\n\n\n<p><strong>Programas para Grandes Empresas:<br><\/strong>4. <strong>200 MPD para Reactiva Cadenas productivas:<\/strong> subsidio al costo financiero para pago de anticipo a \u00f3rdenes de compra con plazos a 30, 60 o 90 d\u00edas, tasa del 8% anualizado hasta por 4 meses, el recurso podr\u00e1 ser revolvente de julio a noviembre 2020.<\/p>\n\n\n\n<ul class=\"wp-block-list\"><li>200 grandes empresas nacionales<\/li><li>Hasta 1 MDP de subsidio por anticipo a cada empresa tractora<\/li><li>25 MDP para anticipos de \u00f3rdenes de compra<\/li><\/ul>\n\n\n\n<p>\u25cb 5,000 empresas proveedoras 5. <strong>100 MDP para Invierte en Jalisco:<\/strong><\/p>\n\n\n\n<ul class=\"wp-block-list\"><li>Grandes empresas nacionales y extranjeras<\/li><li>De acuerdo a proyecto<ul><li>Est\u00edmulos l\u00edquidos y en especie para atraer grandes inversiones con incentivos 1 a 10<\/li><li>Naves industriales y reserva territorial<\/li><li>Apoyo para gestiones locales<\/li><li>Promoci\u00f3n a trav\u00e9s del portal \u201cInvierte en Jalisco\u201d <strong>Qu\u00e9 sigue:<\/strong><\/li><\/ul><\/li><\/ul>\n\n\n\n<p><strong>\u25cf Lanzamiento de Convocatorias<\/strong><\/p>\n\n\n\n<p>\u25cb \u00a01 de Julio Reinicia<\/p>\n\n\n\n<p>\u25cb \u00a08 de Julio Reactiva (comercio y servicios, industris y artesan\u00edas)<\/p>\n\n\n\n<p>\u25cb \u00a08 de Julio Jalisco Exporta<\/p>\n\n\n\n<p>\u25cb \u00a013 de Julio Reinicia (emprendimiento)<\/p>\n\n\n\n<p>\u25cb \u00a013 de Julio Reactiva (cadenas productivas)<\/p>\n\n\n\n<p style=\"font-size:11px\">1* Generaci\u00f3n distribuida y eficiencia energ\u00e9tica, gesti\u00f3n de residuos s\u00f3lidos, tratamiento de aguas, descargas a cuerpos de agua y biodigestores.<\/p>\n","protected":false},"excerpt":{"rendered":"<p>Con el objetivo de proteger y recuperar empleos, inyectar liquidez, facilitar acceso a cr\u00e9dito, potencializar los recursos del gobierno, desarrollar la proveedur\u00eda local y sustituir<\/p>\n","protected":false},"author":2,"featured_media":3324,"comment_status":"open","ping_status":"open","sticky":false,"template":"","format":"standard","meta":{"footnotes":""},"categories":[348],"tags":[430,432,431,173,257],"class_list":["post-4566","post","type-post","status-publish","format-standard","has-post-thumbnail","hentry","category-noticias","tag-apoyo-gobierno","tag-apoyos-economicos","tag-covid-19","tag-empresas","tag-jalisco"],"yoast_head":"<!-- This site is optimized with the Yoast SEO plugin v27.5 - https:\/\/yoast.com\/product\/yoast-seo-wordpress\/ -->\n<title>Anuncian 5 programas de apoyo para empresas - Entorno Empresarial<\/title>\n<meta name=\"robots\" content=\"index, follow, max-snippet:-1, max-image-preview:large, max-video-preview:-1\" \/>\n<link rel=\"canonical\" href=\"https:\/\/coparmexjal.org.mx\/entorno-empresarial\/anuncian-5-programas-de-apoyo-para-empresas\/\" \/>\n<meta property=\"og:locale\" content=\"es_MX\" \/>\n<meta property=\"og:type\" content=\"article\" \/>\n<meta property=\"og:title\" content=\"Anuncian 5 programas de apoyo para empresas - Entorno Empresarial\" \/>\n<meta property=\"og:description\" content=\"Con el objetivo de proteger y recuperar empleos, inyectar liquidez, facilitar acceso a cr\u00e9dito, potencializar los recursos del gobierno, desarrollar la proveedur\u00eda local y sustituir\" \/>\n<meta property=\"og:url\" content=\"https:\/\/coparmexjal.org.mx\/entorno-empresarial\/anuncian-5-programas-de-apoyo-para-empresas\/\" \/>\n<meta property=\"og:site_name\" content=\"Entorno Empresarial\" \/>\n<meta property=\"article:publisher\" content=\"https:\/\/facebook.com\/comcoparmex\" \/>\n<meta property=\"article:published_time\" content=\"2020-06-25T19:47:00+00:00\" \/>\n<meta property=\"article:modified_time\" content=\"2021-01-19T20:59:13+00:00\" \/>\n<meta property=\"og:image\" content=\"https:\/\/coparmexjal.org.mx\/entorno-empresarial\/wp-content\/uploads\/2016\/01\/photo-1580519542036-c47de6196ba5.jpg\" \/>\n\t<meta property=\"og:image:width\" content=\"751\" \/>\n\t<meta property=\"og:image:height\" content=\"501\" \/>\n\t<meta property=\"og:image:type\" content=\"image\/jpeg\" \/>\n<meta name=\"author\" content=\"Coparmex Jalisco\" \/>\n<meta name=\"twitter:card\" content=\"summary_large_image\" \/>\n<meta name=\"twitter:creator\" content=\"@comcoparmex\" \/>\n<meta name=\"twitter:site\" content=\"@comcoparmex\" \/>\n<meta name=\"twitter:label1\" content=\"Escrito por\" \/>\n\t<meta name=\"twitter:data1\" content=\"Coparmex Jalisco\" \/>\n\t<meta name=\"twitter:label2\" content=\"Tiempo de lectura\" \/>\n\t<meta name=\"twitter:data2\" content=\"4 minutos\" \/>\n<script type=\"application\/ld+json\" class=\"yoast-schema-graph\">{\"@context\":\"https:\\\/\\\/schema.org\",\"@graph\":[{\"@type\":\"Article\",\"@id\":\"https:\\\/\\\/coparmexjal.org.mx\\\/entorno-empresarial\\\/anuncian-5-programas-de-apoyo-para-empresas\\\/#article\",\"isPartOf\":{\"@id\":\"https:\\\/\\\/coparmexjal.org.mx\\\/entorno-empresarial\\\/anuncian-5-programas-de-apoyo-para-empresas\\\/\"},\"author\":{\"name\":\"Coparmex Jalisco\",\"@id\":\"https:\\\/\\\/coparmexjal.org.mx\\\/entorno-empresarial\\\/#\\\/schema\\\/person\\\/7d1d56a9587bfb3a725cd3dbfbdb9d44\"},\"headline\":\"Anuncian 5 programas de apoyo para empresas\",\"datePublished\":\"2020-06-25T19:47:00+00:00\",\"dateModified\":\"2021-01-19T20:59:13+00:00\",\"mainEntityOfPage\":{\"@id\":\"https:\\\/\\\/coparmexjal.org.mx\\\/entorno-empresarial\\\/anuncian-5-programas-de-apoyo-para-empresas\\\/\"},\"wordCount\":731,\"commentCount\":0,\"publisher\":{\"@id\":\"https:\\\/\\\/coparmexjal.org.mx\\\/entorno-empresarial\\\/#organization\"},\"image\":{\"@id\":\"https:\\\/\\\/coparmexjal.org.mx\\\/entorno-empresarial\\\/anuncian-5-programas-de-apoyo-para-empresas\\\/#primaryimage\"},\"thumbnailUrl\":\"https:\\\/\\\/coparmexjal.org.mx\\\/entorno-empresarial\\\/wp-content\\\/uploads\\\/2016\\\/01\\\/photo-1580519542036-c47de6196ba5.jpg\",\"keywords\":[\"apoyo gobierno\",\"apoyos econ\u00f3micos\",\"covid-19\",\"empresas\",\"Jalisco\"],\"articleSection\":[\"Noticias\"],\"inLanguage\":\"es\",\"potentialAction\":[{\"@type\":\"CommentAction\",\"name\":\"Comment\",\"target\":[\"https:\\\/\\\/coparmexjal.org.mx\\\/entorno-empresarial\\\/anuncian-5-programas-de-apoyo-para-empresas\\\/#respond\"]}]},{\"@type\":\"WebPage\",\"@id\":\"https:\\\/\\\/coparmexjal.org.mx\\\/entorno-empresarial\\\/anuncian-5-programas-de-apoyo-para-empresas\\\/\",\"url\":\"https:\\\/\\\/coparmexjal.org.mx\\\/entorno-empresarial\\\/anuncian-5-programas-de-apoyo-para-empresas\\\/\",\"name\":\"Anuncian 5 programas de apoyo para empresas - Entorno Empresarial\",\"isPartOf\":{\"@id\":\"https:\\\/\\\/coparmexjal.org.mx\\\/entorno-empresarial\\\/#website\"},\"primaryImageOfPage\":{\"@id\":\"https:\\\/\\\/coparmexjal.org.mx\\\/entorno-empresarial\\\/anuncian-5-programas-de-apoyo-para-empresas\\\/#primaryimage\"},\"image\":{\"@id\":\"https:\\\/\\\/coparmexjal.org.mx\\\/entorno-empresarial\\\/anuncian-5-programas-de-apoyo-para-empresas\\\/#primaryimage\"},\"thumbnailUrl\":\"https:\\\/\\\/coparmexjal.org.mx\\\/entorno-empresarial\\\/wp-content\\\/uploads\\\/2016\\\/01\\\/photo-1580519542036-c47de6196ba5.jpg\",\"datePublished\":\"2020-06-25T19:47:00+00:00\",\"dateModified\":\"2021-01-19T20:59:13+00:00\",\"breadcrumb\":{\"@id\":\"https:\\\/\\\/coparmexjal.org.mx\\\/entorno-empresarial\\\/anuncian-5-programas-de-apoyo-para-empresas\\\/#breadcrumb\"},\"inLanguage\":\"es\",\"potentialAction\":[{\"@type\":\"ReadAction\",\"target\":[\"https:\\\/\\\/coparmexjal.org.mx\\\/entorno-empresarial\\\/anuncian-5-programas-de-apoyo-para-empresas\\\/\"]}]},{\"@type\":\"ImageObject\",\"inLanguage\":\"es\",\"@id\":\"https:\\\/\\\/coparmexjal.org.mx\\\/entorno-empresarial\\\/anuncian-5-programas-de-apoyo-para-empresas\\\/#primaryimage\",\"url\":\"https:\\\/\\\/coparmexjal.org.mx\\\/entorno-empresarial\\\/wp-content\\\/uploads\\\/2016\\\/01\\\/photo-1580519542036-c47de6196ba5.jpg\",\"contentUrl\":\"https:\\\/\\\/coparmexjal.org.mx\\\/entorno-empresarial\\\/wp-content\\\/uploads\\\/2016\\\/01\\\/photo-1580519542036-c47de6196ba5.jpg\",\"width\":751,\"height\":501},{\"@type\":\"BreadcrumbList\",\"@id\":\"https:\\\/\\\/coparmexjal.org.mx\\\/entorno-empresarial\\\/anuncian-5-programas-de-apoyo-para-empresas\\\/#breadcrumb\",\"itemListElement\":[{\"@type\":\"ListItem\",\"position\":1,\"name\":\"Inicio\",\"item\":\"https:\\\/\\\/coparmexjal.org.mx\\\/entorno-empresarial\\\/\"},{\"@type\":\"ListItem\",\"position\":2,\"name\":\"Anuncian 5 programas de apoyo para empresas\"}]},{\"@type\":\"WebSite\",\"@id\":\"https:\\\/\\\/coparmexjal.org.mx\\\/entorno-empresarial\\\/#website\",\"url\":\"https:\\\/\\\/coparmexjal.org.mx\\\/entorno-empresarial\\\/\",\"name\":\"Revista Entorno Empresarial\",\"description\":\"Coparmex Jalisco\",\"publisher\":{\"@id\":\"https:\\\/\\\/coparmexjal.org.mx\\\/entorno-empresarial\\\/#organization\"},\"potentialAction\":[{\"@type\":\"SearchAction\",\"target\":{\"@type\":\"EntryPoint\",\"urlTemplate\":\"https:\\\/\\\/coparmexjal.org.mx\\\/entorno-empresarial\\\/?s={search_term_string}\"},\"query-input\":{\"@type\":\"PropertyValueSpecification\",\"valueRequired\":true,\"valueName\":\"search_term_string\"}}],\"inLanguage\":\"es\"},{\"@type\":\"Organization\",\"@id\":\"https:\\\/\\\/coparmexjal.org.mx\\\/entorno-empresarial\\\/#organization\",\"name\":\"Coparmex Jalisco\",\"url\":\"https:\\\/\\\/coparmexjal.org.mx\\\/entorno-empresarial\\\/\",\"logo\":{\"@type\":\"ImageObject\",\"inLanguage\":\"es\",\"@id\":\"https:\\\/\\\/coparmexjal.org.mx\\\/entorno-empresarial\\\/#\\\/schema\\\/logo\\\/image\\\/\",\"url\":\"https:\\\/\\\/coparmexjal.org.mx\\\/entorno-empresarial\\\/wp-content\\\/uploads\\\/2020\\\/02\\\/logo-amp.png\",\"contentUrl\":\"https:\\\/\\\/coparmexjal.org.mx\\\/entorno-empresarial\\\/wp-content\\\/uploads\\\/2020\\\/02\\\/logo-amp.png\",\"width\":120,\"height\":90,\"caption\":\"Coparmex Jalisco\"},\"image\":{\"@id\":\"https:\\\/\\\/coparmexjal.org.mx\\\/entorno-empresarial\\\/#\\\/schema\\\/logo\\\/image\\\/\"},\"sameAs\":[\"https:\\\/\\\/facebook.com\\\/comcoparmex\",\"https:\\\/\\\/x.com\\\/comcoparmex\",\"http:\\\/\\\/instagram.com\\\/coparmexjalisco\",\"https:\\\/\\\/mx.linkedin.com\\\/company\\\/coparmex-jalisco\",\"https:\\\/\\\/www.youtube.com\\\/c\\\/CoparmexJaliscomx\"]},{\"@type\":\"Person\",\"@id\":\"https:\\\/\\\/coparmexjal.org.mx\\\/entorno-empresarial\\\/#\\\/schema\\\/person\\\/7d1d56a9587bfb3a725cd3dbfbdb9d44\",\"name\":\"Coparmex Jalisco\",\"image\":{\"@type\":\"ImageObject\",\"inLanguage\":\"es\",\"@id\":\"https:\\\/\\\/coparmexjal.org.mx\\\/entorno-empresarial\\\/wp-content\\\/uploads\\\/2020\\\/06\\\/favicon-150x133.png\",\"url\":\"https:\\\/\\\/coparmexjal.org.mx\\\/entorno-empresarial\\\/wp-content\\\/uploads\\\/2020\\\/06\\\/favicon-150x133.png\",\"contentUrl\":\"https:\\\/\\\/coparmexjal.org.mx\\\/entorno-empresarial\\\/wp-content\\\/uploads\\\/2020\\\/06\\\/favicon-150x133.png\",\"caption\":\"Coparmex Jalisco\"},\"url\":\"https:\\\/\\\/coparmexjal.org.mx\\\/entorno-empresarial\\\/author\\\/coparmexjalisco\\\/\"}]}<\/script>\n<!-- \/ Yoast SEO plugin. -->","yoast_head_json":{"title":"Anuncian 5 programas de apoyo para empresas - Entorno Empresarial","robots":{"index":"index","follow":"follow","max-snippet":"max-snippet:-1","max-image-preview":"max-image-preview:large","max-video-preview":"max-video-preview:-1"},"canonical":"https:\/\/coparmexjal.org.mx\/entorno-empresarial\/anuncian-5-programas-de-apoyo-para-empresas\/","og_locale":"es_MX","og_type":"article","og_title":"Anuncian 5 programas de apoyo para empresas - Entorno Empresarial","og_description":"Con el objetivo de proteger y recuperar empleos, inyectar liquidez, facilitar acceso a cr\u00e9dito, potencializar los recursos del gobierno, desarrollar la proveedur\u00eda local y sustituir","og_url":"https:\/\/coparmexjal.org.mx\/entorno-empresarial\/anuncian-5-programas-de-apoyo-para-empresas\/","og_site_name":"Entorno Empresarial","article_publisher":"https:\/\/facebook.com\/comcoparmex","article_published_time":"2020-06-25T19:47:00+00:00","article_modified_time":"2021-01-19T20:59:13+00:00","og_image":[{"width":751,"height":501,"url":"https:\/\/coparmexjal.org.mx\/entorno-empresarial\/wp-content\/uploads\/2016\/01\/photo-1580519542036-c47de6196ba5.jpg","type":"image\/jpeg"}],"author":"Coparmex Jalisco","twitter_card":"summary_large_image","twitter_creator":"@comcoparmex","twitter_site":"@comcoparmex","twitter_misc":{"Escrito por":"Coparmex Jalisco","Tiempo de lectura":"4 minutos"},"schema":{"@context":"https:\/\/schema.org","@graph":[{"@type":"Article","@id":"https:\/\/coparmexjal.org.mx\/entorno-empresarial\/anuncian-5-programas-de-apoyo-para-empresas\/#article","isPartOf":{"@id":"https:\/\/coparmexjal.org.mx\/entorno-empresarial\/anuncian-5-programas-de-apoyo-para-empresas\/"},"author":{"name":"Coparmex Jalisco","@id":"https:\/\/coparmexjal.org.mx\/entorno-empresarial\/#\/schema\/person\/7d1d56a9587bfb3a725cd3dbfbdb9d44"},"headline":"Anuncian 5 programas de apoyo para empresas","datePublished":"2020-06-25T19:47:00+00:00","dateModified":"2021-01-19T20:59:13+00:00","mainEntityOfPage":{"@id":"https:\/\/coparmexjal.org.mx\/entorno-empresarial\/anuncian-5-programas-de-apoyo-para-empresas\/"},"wordCount":731,"commentCount":0,"publisher":{"@id":"https:\/\/coparmexjal.org.mx\/entorno-empresarial\/#organization"},"image":{"@id":"https:\/\/coparmexjal.org.mx\/entorno-empresarial\/anuncian-5-programas-de-apoyo-para-empresas\/#primaryimage"},"thumbnailUrl":"https:\/\/coparmexjal.org.mx\/entorno-empresarial\/wp-content\/uploads\/2016\/01\/photo-1580519542036-c47de6196ba5.jpg","keywords":["apoyo gobierno","apoyos econ\u00f3micos","covid-19","empresas","Jalisco"],"articleSection":["Noticias"],"inLanguage":"es","potentialAction":[{"@type":"CommentAction","name":"Comment","target":["https:\/\/coparmexjal.org.mx\/entorno-empresarial\/anuncian-5-programas-de-apoyo-para-empresas\/#respond"]}]},{"@type":"WebPage","@id":"https:\/\/coparmexjal.org.mx\/entorno-empresarial\/anuncian-5-programas-de-apoyo-para-empresas\/","url":"https:\/\/coparmexjal.org.mx\/entorno-empresarial\/anuncian-5-programas-de-apoyo-para-empresas\/","name":"Anuncian 5 programas de apoyo para empresas - Entorno Empresarial","isPartOf":{"@id":"https:\/\/coparmexjal.org.mx\/entorno-empresarial\/#website"},"primaryImageOfPage":{"@id":"https:\/\/coparmexjal.org.mx\/entorno-empresarial\/anuncian-5-programas-de-apoyo-para-empresas\/#primaryimage"},"image":{"@id":"https:\/\/coparmexjal.org.mx\/entorno-empresarial\/anuncian-5-programas-de-apoyo-para-empresas\/#primaryimage"},"thumbnailUrl":"https:\/\/coparmexjal.org.mx\/entorno-empresarial\/wp-content\/uploads\/2016\/01\/photo-1580519542036-c47de6196ba5.jpg","datePublished":"2020-06-25T19:47:00+00:00","dateModified":"2021-01-19T20:59:13+00:00","breadcrumb":{"@id":"https:\/\/coparmexjal.org.mx\/entorno-empresarial\/anuncian-5-programas-de-apoyo-para-empresas\/#breadcrumb"},"inLanguage":"es","potentialAction":[{"@type":"ReadAction","target":["https:\/\/coparmexjal.org.mx\/entorno-empresarial\/anuncian-5-programas-de-apoyo-para-empresas\/"]}]},{"@type":"ImageObject","inLanguage":"es","@id":"https:\/\/coparmexjal.org.mx\/entorno-empresarial\/anuncian-5-programas-de-apoyo-para-empresas\/#primaryimage","url":"https:\/\/coparmexjal.org.mx\/entorno-empresarial\/wp-content\/uploads\/2016\/01\/photo-1580519542036-c47de6196ba5.jpg","contentUrl":"https:\/\/coparmexjal.org.mx\/entorno-empresarial\/wp-content\/uploads\/2016\/01\/photo-1580519542036-c47de6196ba5.jpg","width":751,"height":501},{"@type":"BreadcrumbList","@id":"https:\/\/coparmexjal.org.mx\/entorno-empresarial\/anuncian-5-programas-de-apoyo-para-empresas\/#breadcrumb","itemListElement":[{"@type":"ListItem","position":1,"name":"Inicio","item":"https:\/\/coparmexjal.org.mx\/entorno-empresarial\/"},{"@type":"ListItem","position":2,"name":"Anuncian 5 programas de apoyo para empresas"}]},{"@type":"WebSite","@id":"https:\/\/coparmexjal.org.mx\/entorno-empresarial\/#website","url":"https:\/\/coparmexjal.org.mx\/entorno-empresarial\/","name":"Revista Entorno Empresarial","description":"Coparmex Jalisco","publisher":{"@id":"https:\/\/coparmexjal.org.mx\/entorno-empresarial\/#organization"},"potentialAction":[{"@type":"SearchAction","target":{"@type":"EntryPoint","urlTemplate":"https:\/\/coparmexjal.org.mx\/entorno-empresarial\/?s={search_term_string}"},"query-input":{"@type":"PropertyValueSpecification","valueRequired":true,"valueName":"search_term_string"}}],"inLanguage":"es"},{"@type":"Organization","@id":"https:\/\/coparmexjal.org.mx\/entorno-empresarial\/#organization","name":"Coparmex Jalisco","url":"https:\/\/coparmexjal.org.mx\/entorno-empresarial\/","logo":{"@type":"ImageObject","inLanguage":"es","@id":"https:\/\/coparmexjal.org.mx\/entorno-empresarial\/#\/schema\/logo\/image\/","url":"https:\/\/coparmexjal.org.mx\/entorno-empresarial\/wp-content\/uploads\/2020\/02\/logo-amp.png","contentUrl":"https:\/\/coparmexjal.org.mx\/entorno-empresarial\/wp-content\/uploads\/2020\/02\/logo-amp.png","width":120,"height":90,"caption":"Coparmex Jalisco"},"image":{"@id":"https:\/\/coparmexjal.org.mx\/entorno-empresarial\/#\/schema\/logo\/image\/"},"sameAs":["https:\/\/facebook.com\/comcoparmex","https:\/\/x.com\/comcoparmex","http:\/\/instagram.com\/coparmexjalisco","https:\/\/mx.linkedin.com\/company\/coparmex-jalisco","https:\/\/www.youtube.com\/c\/CoparmexJaliscomx"]},{"@type":"Person","@id":"https:\/\/coparmexjal.org.mx\/entorno-empresarial\/#\/schema\/person\/7d1d56a9587bfb3a725cd3dbfbdb9d44","name":"Coparmex Jalisco","image":{"@type":"ImageObject","inLanguage":"es","@id":"https:\/\/coparmexjal.org.mx\/entorno-empresarial\/wp-content\/uploads\/2020\/06\/favicon-150x133.png","url":"https:\/\/coparmexjal.org.mx\/entorno-empresarial\/wp-content\/uploads\/2020\/06\/favicon-150x133.png","contentUrl":"https:\/\/coparmexjal.org.mx\/entorno-empresarial\/wp-content\/uploads\/2020\/06\/favicon-150x133.png","caption":"Coparmex Jalisco"},"url":"https:\/\/coparmexjal.org.mx\/entorno-empresarial\/author\/coparmexjalisco\/"}]}},"_links":{"self":[{"href":"https:\/\/coparmexjal.org.mx\/entorno-empresarial\/wp-json\/wp\/v2\/posts\/4566","targetHints":{"allow":["GET"]}}],"collection":[{"href":"https:\/\/coparmexjal.org.mx\/entorno-empresarial\/wp-json\/wp\/v2\/posts"}],"about":[{"href":"https:\/\/coparmexjal.org.mx\/entorno-empresarial\/wp-json\/wp\/v2\/types\/post"}],"author":[{"embeddable":true,"href":"https:\/\/coparmexjal.org.mx\/entorno-empresarial\/wp-json\/wp\/v2\/users\/2"}],"replies":[{"embeddable":true,"href":"https:\/\/coparmexjal.org.mx\/entorno-empresarial\/wp-json\/wp\/v2\/comments?post=4566"}],"version-history":[{"count":1,"href":"https:\/\/coparmexjal.org.mx\/entorno-empresarial\/wp-json\/wp\/v2\/posts\/4566\/revisions"}],"predecessor-version":[{"id":4567,"href":"https:\/\/coparmexjal.org.mx\/entorno-empresarial\/wp-json\/wp\/v2\/posts\/4566\/revisions\/4567"}],"wp:featuredmedia":[{"embeddable":true,"href":"https:\/\/coparmexjal.org.mx\/entorno-empresarial\/wp-json\/wp\/v2\/media\/3324"}],"wp:attachment":[{"href":"https:\/\/coparmexjal.org.mx\/entorno-empresarial\/wp-json\/wp\/v2\/media?parent=4566"}],"wp:term":[{"taxonomy":"category","embeddable":true,"href":"https:\/\/coparmexjal.org.mx\/entorno-empresarial\/wp-json\/wp\/v2\/categories?post=4566"},{"taxonomy":"post_tag","embeddable":true,"href":"https:\/\/coparmexjal.org.mx\/entorno-empresarial\/wp-json\/wp\/v2\/tags?post=4566"}],"curies":[{"name":"wp","href":"https:\/\/api.w.org\/{rel}","templated":true}]}}