{"id":4562,"date":"2020-03-27T14:30:00","date_gmt":"2020-03-27T20:30:00","guid":{"rendered":"https:\/\/coparmexjal.org.mx\/entorno-empresarial\/?p=4562"},"modified":"2021-01-19T14:36:51","modified_gmt":"2021-01-19T20:36:51","slug":"segundo-estudio-de-impacto-del-covid-19-en-las-empresas-2","status":"publish","type":"post","link":"https:\/\/coparmexjal.org.mx\/entorno-empresarial\/segundo-estudio-de-impacto-del-covid-19-en-las-empresas-2\/","title":{"rendered":"Segundo estudio de impacto del COVID-19 en las empresas"},"content":{"rendered":"\n<p>Iniciativa privada, autoridades y sociedad civil debemos trabajar de forma colaborativa para contener los impactos en el desarrollo econ\u00f3mico y social, derivados del COVID-19. En ese sentido, nuestra instituci\u00f3n genera informaci\u00f3n de manera continua para que el sector empresarial y gobierno cuenten con m\u00e1s insumos para tomar mejores decisiones en el tema.<\/p>\n\n\n\n<p>Por ello, con la finalidad de conocer los retos, fortalezas y necesidades de las empresas, en particular ante esta situaci\u00f3n, se elabor\u00f3 una medici\u00f3n con una muestra representativa de nuestra membres\u00eda que nos permiti\u00f3 analizar la forma en que est\u00e1n sobrellevando la contingencia e identificar posibles medidas de contenci\u00f3n y recuperaci\u00f3n econ\u00f3mica; estos son los resultados:<\/p>\n\n\n\n<ul class=\"wp-block-list\"><li>99% de las empresas consultadas se encuentra implementando un protocolo de contenci\u00f3n sanitaria destacando:<ol><li>El aditamento de oficinas con medidas de sanidad, controlando ingresos y monitoreando constantemente la salud de sus colaboradores.<\/li><li>Trabajo desde casa.<\/li><li>Cancelaci\u00f3n de viajes de negocios.<\/li><\/ol><\/li><li>56% de la muestra ha brindado a los colaboradores un apoyo o beneficio adicional a las medidas de sanidad destacando:<ol><li>Apoyos econ\u00f3micos para evitar el menor impacto en sus familias.<\/li><li>Medios de transporte alternos al p\u00fablico para evitar aglomeraciones.<\/li><li>Apoyo tecnol\u00f3gico para realizar sus funciones desde casa.<\/li><li>Monitoreo de s\u00edntomas y apoyo m\u00e9dico.<\/li><\/ol><\/li><li>96% de las empresas consultadas aprueba las medidas emitidas por las autoridades estatales.<\/li><li>El 4% que respondi\u00f3 que no aprobaba las medidas de la autoridad estatal, considera que las medidas son muy dr\u00e1sticas y se encuentra focalizado en el sector de peque\u00f1as empresas.<\/li><li>En cuanto a las medidas de aislamiento por 5 d\u00edas, el 70% de los consultados respondi\u00f3 que su empresa implement\u00f3 la medida.<\/li><li>Las empresas se\u00f1alan que, para continuar operando sin un impacto negativo, son necesarias las siguientes medidas:<\/li><\/ul>\n\n\n\n<ol class=\"wp-block-list\"><li>Financiamiento.<\/li><li>Incentivosfiscales,deduccionesyaplazamientodeobligacionesyservicios.<\/li><li>Certidumbre y confianza a la inversi\u00f3n para la reactivaci\u00f3n del empleo.<\/li><li>Capacitaci\u00f3n e informaci\u00f3n.<\/li><li>Otras (declaratoria de contingencia nacional, mayor involucramiento del gobierno federal, etc.).<\/li><\/ol>\n\n\n\n<p>La estimaci\u00f3n de impactos con base a la respuesta de la muestra es la siguiente:<\/p>\n\n\n\n<ul class=\"wp-block-list\"><li>En este momento 56% de los consultados ya tiene identificado el o las \u00e1reas con mayor impacto al interior de sus empresas, siendo las \u00e1reas comerciales y de producci\u00f3n las de mayor afectaci\u00f3n.<\/li><li>El rango de impacto estimado que tuvo mayor n\u00famero de respuestas se encuentra de 10% a 25% en el corto plazo, seguido de 25% a 50%.<\/li><li>Por \u00faltimo, es importante destacar que el COVID-19 es el mayor obst\u00e1culo a las proyecciones de crecimiento de las empresas en 2020, seguido de la inseguridad y la corrupci\u00f3n. <br><br>Con base en los resultados del estudio, reconocemos el esfuerzo y la innovaci\u00f3n que han implementado cada una de las empresas del estado, as\u00ed como el compromiso de las autoridades estatales para hacer que esta contingencia tenga el menor impacto en la actividad productiva y, por supuesto, el bienestar de los colaboradores y sus familias. Los apoyos sin duda amortizan las afectaciones, sin embargo, es importante que los apoyos tengan continuidad, se diversifiquen seg\u00fan las necesidades de cada sector y puedan llegar a las empresas que m\u00e1s lo necesitan. El trabajo en unidad ha dado resultados importantes en Jalisco, trabajando juntos iniciativa privada, gobierno y sociedad, podremos afrontar esta situaci\u00f3n. Coparmex Jalisco continuar\u00e1 informando al sector empresarial y haciendo propuestas que abonen al desarrollo de las empresas.<\/li><\/ul>\n","protected":false},"excerpt":{"rendered":"<p>Iniciativa privada, autoridades y sociedad civil debemos trabajar de forma colaborativa para contener los impactos en el desarrollo econ\u00f3mico y social, derivados del COVID-19. En<\/p>\n","protected":false},"author":2,"featured_media":3488,"comment_status":"open","ping_status":"open","sticky":false,"template":"","format":"standard","meta":{"footnotes":""},"categories":[348],"tags":[431,173,257,699],"class_list":["post-4562","post","type-post","status-publish","format-standard","has-post-thumbnail","hentry","category-noticias","tag-covid-19","tag-empresas","tag-jalisco","tag-protocolos"],"yoast_head":"<!-- This site is optimized with the Yoast SEO plugin v27.5 - https:\/\/yoast.com\/product\/yoast-seo-wordpress\/ -->\n<title>Segundo estudio de impacto del COVID-19 en las empresas - Entorno Empresarial<\/title>\n<meta name=\"robots\" content=\"index, follow, max-snippet:-1, max-image-preview:large, max-video-preview:-1\" \/>\n<link rel=\"canonical\" href=\"https:\/\/coparmexjal.org.mx\/entorno-empresarial\/segundo-estudio-de-impacto-del-covid-19-en-las-empresas-2\/\" \/>\n<meta property=\"og:locale\" content=\"es_MX\" \/>\n<meta property=\"og:type\" content=\"article\" \/>\n<meta property=\"og:title\" content=\"Segundo estudio de impacto del COVID-19 en las empresas - Entorno Empresarial\" \/>\n<meta property=\"og:description\" content=\"Iniciativa privada, autoridades y sociedad civil debemos trabajar de forma colaborativa para contener los impactos en el desarrollo econ\u00f3mico y social, derivados del COVID-19. En\" \/>\n<meta property=\"og:url\" content=\"https:\/\/coparmexjal.org.mx\/entorno-empresarial\/segundo-estudio-de-impacto-del-covid-19-en-las-empresas-2\/\" \/>\n<meta property=\"og:site_name\" content=\"Entorno Empresarial\" \/>\n<meta property=\"article:publisher\" content=\"https:\/\/facebook.com\/comcoparmex\" \/>\n<meta property=\"article:published_time\" content=\"2020-03-27T20:30:00+00:00\" \/>\n<meta property=\"article:modified_time\" content=\"2021-01-19T20:36:51+00:00\" \/>\n<meta property=\"og:image\" content=\"https:\/\/coparmexjal.org.mx\/entorno-empresarial\/wp-content\/uploads\/2020\/06\/CPX-02-scaled.jpg\" \/>\n\t<meta property=\"og:image:width\" content=\"1910\" \/>\n\t<meta property=\"og:image:height\" content=\"1298\" \/>\n\t<meta property=\"og:image:type\" content=\"image\/jpeg\" \/>\n<meta name=\"author\" content=\"Coparmex Jalisco\" \/>\n<meta name=\"twitter:card\" content=\"summary_large_image\" \/>\n<meta name=\"twitter:creator\" content=\"@comcoparmex\" \/>\n<meta name=\"twitter:site\" content=\"@comcoparmex\" \/>\n<meta name=\"twitter:label1\" content=\"Escrito por\" \/>\n\t<meta name=\"twitter:data1\" content=\"Coparmex Jalisco\" \/>\n\t<meta name=\"twitter:label2\" content=\"Tiempo de lectura\" \/>\n\t<meta name=\"twitter:data2\" content=\"3 minutos\" \/>\n<script type=\"application\/ld+json\" class=\"yoast-schema-graph\">{\"@context\":\"https:\\\/\\\/schema.org\",\"@graph\":[{\"@type\":\"Article\",\"@id\":\"https:\\\/\\\/coparmexjal.org.mx\\\/entorno-empresarial\\\/segundo-estudio-de-impacto-del-covid-19-en-las-empresas-2\\\/#article\",\"isPartOf\":{\"@id\":\"https:\\\/\\\/coparmexjal.org.mx\\\/entorno-empresarial\\\/segundo-estudio-de-impacto-del-covid-19-en-las-empresas-2\\\/\"},\"author\":{\"name\":\"Coparmex Jalisco\",\"@id\":\"https:\\\/\\\/coparmexjal.org.mx\\\/entorno-empresarial\\\/#\\\/schema\\\/person\\\/7d1d56a9587bfb3a725cd3dbfbdb9d44\"},\"headline\":\"Segundo estudio de impacto del COVID-19 en las empresas\",\"datePublished\":\"2020-03-27T20:30:00+00:00\",\"dateModified\":\"2021-01-19T20:36:51+00:00\",\"mainEntityOfPage\":{\"@id\":\"https:\\\/\\\/coparmexjal.org.mx\\\/entorno-empresarial\\\/segundo-estudio-de-impacto-del-covid-19-en-las-empresas-2\\\/\"},\"wordCount\":573,\"commentCount\":0,\"publisher\":{\"@id\":\"https:\\\/\\\/coparmexjal.org.mx\\\/entorno-empresarial\\\/#organization\"},\"image\":{\"@id\":\"https:\\\/\\\/coparmexjal.org.mx\\\/entorno-empresarial\\\/segundo-estudio-de-impacto-del-covid-19-en-las-empresas-2\\\/#primaryimage\"},\"thumbnailUrl\":\"https:\\\/\\\/coparmexjal.org.mx\\\/entorno-empresarial\\\/wp-content\\\/uploads\\\/2020\\\/06\\\/CPX-02-scaled.jpg\",\"keywords\":[\"covid-19\",\"empresas\",\"Jalisco\",\"protocolos\"],\"articleSection\":[\"Noticias\"],\"inLanguage\":\"es\",\"potentialAction\":[{\"@type\":\"CommentAction\",\"name\":\"Comment\",\"target\":[\"https:\\\/\\\/coparmexjal.org.mx\\\/entorno-empresarial\\\/segundo-estudio-de-impacto-del-covid-19-en-las-empresas-2\\\/#respond\"]}]},{\"@type\":\"WebPage\",\"@id\":\"https:\\\/\\\/coparmexjal.org.mx\\\/entorno-empresarial\\\/segundo-estudio-de-impacto-del-covid-19-en-las-empresas-2\\\/\",\"url\":\"https:\\\/\\\/coparmexjal.org.mx\\\/entorno-empresarial\\\/segundo-estudio-de-impacto-del-covid-19-en-las-empresas-2\\\/\",\"name\":\"Segundo estudio de impacto del COVID-19 en las empresas - Entorno Empresarial\",\"isPartOf\":{\"@id\":\"https:\\\/\\\/coparmexjal.org.mx\\\/entorno-empresarial\\\/#website\"},\"primaryImageOfPage\":{\"@id\":\"https:\\\/\\\/coparmexjal.org.mx\\\/entorno-empresarial\\\/segundo-estudio-de-impacto-del-covid-19-en-las-empresas-2\\\/#primaryimage\"},\"image\":{\"@id\":\"https:\\\/\\\/coparmexjal.org.mx\\\/entorno-empresarial\\\/segundo-estudio-de-impacto-del-covid-19-en-las-empresas-2\\\/#primaryimage\"},\"thumbnailUrl\":\"https:\\\/\\\/coparmexjal.org.mx\\\/entorno-empresarial\\\/wp-content\\\/uploads\\\/2020\\\/06\\\/CPX-02-scaled.jpg\",\"datePublished\":\"2020-03-27T20:30:00+00:00\",\"dateModified\":\"2021-01-19T20:36:51+00:00\",\"breadcrumb\":{\"@id\":\"https:\\\/\\\/coparmexjal.org.mx\\\/entorno-empresarial\\\/segundo-estudio-de-impacto-del-covid-19-en-las-empresas-2\\\/#breadcrumb\"},\"inLanguage\":\"es\",\"potentialAction\":[{\"@type\":\"ReadAction\",\"target\":[\"https:\\\/\\\/coparmexjal.org.mx\\\/entorno-empresarial\\\/segundo-estudio-de-impacto-del-covid-19-en-las-empresas-2\\\/\"]}]},{\"@type\":\"ImageObject\",\"inLanguage\":\"es\",\"@id\":\"https:\\\/\\\/coparmexjal.org.mx\\\/entorno-empresarial\\\/segundo-estudio-de-impacto-del-covid-19-en-las-empresas-2\\\/#primaryimage\",\"url\":\"https:\\\/\\\/coparmexjal.org.mx\\\/entorno-empresarial\\\/wp-content\\\/uploads\\\/2020\\\/06\\\/CPX-02-scaled.jpg\",\"contentUrl\":\"https:\\\/\\\/coparmexjal.org.mx\\\/entorno-empresarial\\\/wp-content\\\/uploads\\\/2020\\\/06\\\/CPX-02-scaled.jpg\",\"width\":1910,\"height\":1298},{\"@type\":\"BreadcrumbList\",\"@id\":\"https:\\\/\\\/coparmexjal.org.mx\\\/entorno-empresarial\\\/segundo-estudio-de-impacto-del-covid-19-en-las-empresas-2\\\/#breadcrumb\",\"itemListElement\":[{\"@type\":\"ListItem\",\"position\":1,\"name\":\"Inicio\",\"item\":\"https:\\\/\\\/coparmexjal.org.mx\\\/entorno-empresarial\\\/\"},{\"@type\":\"ListItem\",\"position\":2,\"name\":\"Segundo estudio de impacto del COVID-19 en las empresas\"}]},{\"@type\":\"WebSite\",\"@id\":\"https:\\\/\\\/coparmexjal.org.mx\\\/entorno-empresarial\\\/#website\",\"url\":\"https:\\\/\\\/coparmexjal.org.mx\\\/entorno-empresarial\\\/\",\"name\":\"Revista Entorno Empresarial\",\"description\":\"Coparmex Jalisco\",\"publisher\":{\"@id\":\"https:\\\/\\\/coparmexjal.org.mx\\\/entorno-empresarial\\\/#organization\"},\"potentialAction\":[{\"@type\":\"SearchAction\",\"target\":{\"@type\":\"EntryPoint\",\"urlTemplate\":\"https:\\\/\\\/coparmexjal.org.mx\\\/entorno-empresarial\\\/?s={search_term_string}\"},\"query-input\":{\"@type\":\"PropertyValueSpecification\",\"valueRequired\":true,\"valueName\":\"search_term_string\"}}],\"inLanguage\":\"es\"},{\"@type\":\"Organization\",\"@id\":\"https:\\\/\\\/coparmexjal.org.mx\\\/entorno-empresarial\\\/#organization\",\"name\":\"Coparmex Jalisco\",\"url\":\"https:\\\/\\\/coparmexjal.org.mx\\\/entorno-empresarial\\\/\",\"logo\":{\"@type\":\"ImageObject\",\"inLanguage\":\"es\",\"@id\":\"https:\\\/\\\/coparmexjal.org.mx\\\/entorno-empresarial\\\/#\\\/schema\\\/logo\\\/image\\\/\",\"url\":\"https:\\\/\\\/coparmexjal.org.mx\\\/entorno-empresarial\\\/wp-content\\\/uploads\\\/2020\\\/02\\\/logo-amp.png\",\"contentUrl\":\"https:\\\/\\\/coparmexjal.org.mx\\\/entorno-empresarial\\\/wp-content\\\/uploads\\\/2020\\\/02\\\/logo-amp.png\",\"width\":120,\"height\":90,\"caption\":\"Coparmex Jalisco\"},\"image\":{\"@id\":\"https:\\\/\\\/coparmexjal.org.mx\\\/entorno-empresarial\\\/#\\\/schema\\\/logo\\\/image\\\/\"},\"sameAs\":[\"https:\\\/\\\/facebook.com\\\/comcoparmex\",\"https:\\\/\\\/x.com\\\/comcoparmex\",\"http:\\\/\\\/instagram.com\\\/coparmexjalisco\",\"https:\\\/\\\/mx.linkedin.com\\\/company\\\/coparmex-jalisco\",\"https:\\\/\\\/www.youtube.com\\\/c\\\/CoparmexJaliscomx\"]},{\"@type\":\"Person\",\"@id\":\"https:\\\/\\\/coparmexjal.org.mx\\\/entorno-empresarial\\\/#\\\/schema\\\/person\\\/7d1d56a9587bfb3a725cd3dbfbdb9d44\",\"name\":\"Coparmex Jalisco\",\"image\":{\"@type\":\"ImageObject\",\"inLanguage\":\"es\",\"@id\":\"https:\\\/\\\/coparmexjal.org.mx\\\/entorno-empresarial\\\/wp-content\\\/uploads\\\/2020\\\/06\\\/favicon-150x133.png\",\"url\":\"https:\\\/\\\/coparmexjal.org.mx\\\/entorno-empresarial\\\/wp-content\\\/uploads\\\/2020\\\/06\\\/favicon-150x133.png\",\"contentUrl\":\"https:\\\/\\\/coparmexjal.org.mx\\\/entorno-empresarial\\\/wp-content\\\/uploads\\\/2020\\\/06\\\/favicon-150x133.png\",\"caption\":\"Coparmex Jalisco\"},\"url\":\"https:\\\/\\\/coparmexjal.org.mx\\\/entorno-empresarial\\\/author\\\/coparmexjalisco\\\/\"}]}<\/script>\n<!-- \/ Yoast SEO plugin. -->","yoast_head_json":{"title":"Segundo estudio de impacto del COVID-19 en las empresas - Entorno Empresarial","robots":{"index":"index","follow":"follow","max-snippet":"max-snippet:-1","max-image-preview":"max-image-preview:large","max-video-preview":"max-video-preview:-1"},"canonical":"https:\/\/coparmexjal.org.mx\/entorno-empresarial\/segundo-estudio-de-impacto-del-covid-19-en-las-empresas-2\/","og_locale":"es_MX","og_type":"article","og_title":"Segundo estudio de impacto del COVID-19 en las empresas - Entorno Empresarial","og_description":"Iniciativa privada, autoridades y sociedad civil debemos trabajar de forma colaborativa para contener los impactos en el desarrollo econ\u00f3mico y social, derivados del COVID-19. En","og_url":"https:\/\/coparmexjal.org.mx\/entorno-empresarial\/segundo-estudio-de-impacto-del-covid-19-en-las-empresas-2\/","og_site_name":"Entorno Empresarial","article_publisher":"https:\/\/facebook.com\/comcoparmex","article_published_time":"2020-03-27T20:30:00+00:00","article_modified_time":"2021-01-19T20:36:51+00:00","og_image":[{"width":1910,"height":1298,"url":"https:\/\/coparmexjal.org.mx\/entorno-empresarial\/wp-content\/uploads\/2020\/06\/CPX-02-scaled.jpg","type":"image\/jpeg"}],"author":"Coparmex Jalisco","twitter_card":"summary_large_image","twitter_creator":"@comcoparmex","twitter_site":"@comcoparmex","twitter_misc":{"Escrito por":"Coparmex Jalisco","Tiempo de lectura":"3 minutos"},"schema":{"@context":"https:\/\/schema.org","@graph":[{"@type":"Article","@id":"https:\/\/coparmexjal.org.mx\/entorno-empresarial\/segundo-estudio-de-impacto-del-covid-19-en-las-empresas-2\/#article","isPartOf":{"@id":"https:\/\/coparmexjal.org.mx\/entorno-empresarial\/segundo-estudio-de-impacto-del-covid-19-en-las-empresas-2\/"},"author":{"name":"Coparmex Jalisco","@id":"https:\/\/coparmexjal.org.mx\/entorno-empresarial\/#\/schema\/person\/7d1d56a9587bfb3a725cd3dbfbdb9d44"},"headline":"Segundo estudio de impacto del COVID-19 en las empresas","datePublished":"2020-03-27T20:30:00+00:00","dateModified":"2021-01-19T20:36:51+00:00","mainEntityOfPage":{"@id":"https:\/\/coparmexjal.org.mx\/entorno-empresarial\/segundo-estudio-de-impacto-del-covid-19-en-las-empresas-2\/"},"wordCount":573,"commentCount":0,"publisher":{"@id":"https:\/\/coparmexjal.org.mx\/entorno-empresarial\/#organization"},"image":{"@id":"https:\/\/coparmexjal.org.mx\/entorno-empresarial\/segundo-estudio-de-impacto-del-covid-19-en-las-empresas-2\/#primaryimage"},"thumbnailUrl":"https:\/\/coparmexjal.org.mx\/entorno-empresarial\/wp-content\/uploads\/2020\/06\/CPX-02-scaled.jpg","keywords":["covid-19","empresas","Jalisco","protocolos"],"articleSection":["Noticias"],"inLanguage":"es","potentialAction":[{"@type":"CommentAction","name":"Comment","target":["https:\/\/coparmexjal.org.mx\/entorno-empresarial\/segundo-estudio-de-impacto-del-covid-19-en-las-empresas-2\/#respond"]}]},{"@type":"WebPage","@id":"https:\/\/coparmexjal.org.mx\/entorno-empresarial\/segundo-estudio-de-impacto-del-covid-19-en-las-empresas-2\/","url":"https:\/\/coparmexjal.org.mx\/entorno-empresarial\/segundo-estudio-de-impacto-del-covid-19-en-las-empresas-2\/","name":"Segundo estudio de impacto del COVID-19 en las empresas - Entorno Empresarial","isPartOf":{"@id":"https:\/\/coparmexjal.org.mx\/entorno-empresarial\/#website"},"primaryImageOfPage":{"@id":"https:\/\/coparmexjal.org.mx\/entorno-empresarial\/segundo-estudio-de-impacto-del-covid-19-en-las-empresas-2\/#primaryimage"},"image":{"@id":"https:\/\/coparmexjal.org.mx\/entorno-empresarial\/segundo-estudio-de-impacto-del-covid-19-en-las-empresas-2\/#primaryimage"},"thumbnailUrl":"https:\/\/coparmexjal.org.mx\/entorno-empresarial\/wp-content\/uploads\/2020\/06\/CPX-02-scaled.jpg","datePublished":"2020-03-27T20:30:00+00:00","dateModified":"2021-01-19T20:36:51+00:00","breadcrumb":{"@id":"https:\/\/coparmexjal.org.mx\/entorno-empresarial\/segundo-estudio-de-impacto-del-covid-19-en-las-empresas-2\/#breadcrumb"},"inLanguage":"es","potentialAction":[{"@type":"ReadAction","target":["https:\/\/coparmexjal.org.mx\/entorno-empresarial\/segundo-estudio-de-impacto-del-covid-19-en-las-empresas-2\/"]}]},{"@type":"ImageObject","inLanguage":"es","@id":"https:\/\/coparmexjal.org.mx\/entorno-empresarial\/segundo-estudio-de-impacto-del-covid-19-en-las-empresas-2\/#primaryimage","url":"https:\/\/coparmexjal.org.mx\/entorno-empresarial\/wp-content\/uploads\/2020\/06\/CPX-02-scaled.jpg","contentUrl":"https:\/\/coparmexjal.org.mx\/entorno-empresarial\/wp-content\/uploads\/2020\/06\/CPX-02-scaled.jpg","width":1910,"height":1298},{"@type":"BreadcrumbList","@id":"https:\/\/coparmexjal.org.mx\/entorno-empresarial\/segundo-estudio-de-impacto-del-covid-19-en-las-empresas-2\/#breadcrumb","itemListElement":[{"@type":"ListItem","position":1,"name":"Inicio","item":"https:\/\/coparmexjal.org.mx\/entorno-empresarial\/"},{"@type":"ListItem","position":2,"name":"Segundo estudio de impacto del COVID-19 en las empresas"}]},{"@type":"WebSite","@id":"https:\/\/coparmexjal.org.mx\/entorno-empresarial\/#website","url":"https:\/\/coparmexjal.org.mx\/entorno-empresarial\/","name":"Revista Entorno Empresarial","description":"Coparmex Jalisco","publisher":{"@id":"https:\/\/coparmexjal.org.mx\/entorno-empresarial\/#organization"},"potentialAction":[{"@type":"SearchAction","target":{"@type":"EntryPoint","urlTemplate":"https:\/\/coparmexjal.org.mx\/entorno-empresarial\/?s={search_term_string}"},"query-input":{"@type":"PropertyValueSpecification","valueRequired":true,"valueName":"search_term_string"}}],"inLanguage":"es"},{"@type":"Organization","@id":"https:\/\/coparmexjal.org.mx\/entorno-empresarial\/#organization","name":"Coparmex Jalisco","url":"https:\/\/coparmexjal.org.mx\/entorno-empresarial\/","logo":{"@type":"ImageObject","inLanguage":"es","@id":"https:\/\/coparmexjal.org.mx\/entorno-empresarial\/#\/schema\/logo\/image\/","url":"https:\/\/coparmexjal.org.mx\/entorno-empresarial\/wp-content\/uploads\/2020\/02\/logo-amp.png","contentUrl":"https:\/\/coparmexjal.org.mx\/entorno-empresarial\/wp-content\/uploads\/2020\/02\/logo-amp.png","width":120,"height":90,"caption":"Coparmex Jalisco"},"image":{"@id":"https:\/\/coparmexjal.org.mx\/entorno-empresarial\/#\/schema\/logo\/image\/"},"sameAs":["https:\/\/facebook.com\/comcoparmex","https:\/\/x.com\/comcoparmex","http:\/\/instagram.com\/coparmexjalisco","https:\/\/mx.linkedin.com\/company\/coparmex-jalisco","https:\/\/www.youtube.com\/c\/CoparmexJaliscomx"]},{"@type":"Person","@id":"https:\/\/coparmexjal.org.mx\/entorno-empresarial\/#\/schema\/person\/7d1d56a9587bfb3a725cd3dbfbdb9d44","name":"Coparmex Jalisco","image":{"@type":"ImageObject","inLanguage":"es","@id":"https:\/\/coparmexjal.org.mx\/entorno-empresarial\/wp-content\/uploads\/2020\/06\/favicon-150x133.png","url":"https:\/\/coparmexjal.org.mx\/entorno-empresarial\/wp-content\/uploads\/2020\/06\/favicon-150x133.png","contentUrl":"https:\/\/coparmexjal.org.mx\/entorno-empresarial\/wp-content\/uploads\/2020\/06\/favicon-150x133.png","caption":"Coparmex Jalisco"},"url":"https:\/\/coparmexjal.org.mx\/entorno-empresarial\/author\/coparmexjalisco\/"}]}},"_links":{"self":[{"href":"https:\/\/coparmexjal.org.mx\/entorno-empresarial\/wp-json\/wp\/v2\/posts\/4562","targetHints":{"allow":["GET"]}}],"collection":[{"href":"https:\/\/coparmexjal.org.mx\/entorno-empresarial\/wp-json\/wp\/v2\/posts"}],"about":[{"href":"https:\/\/coparmexjal.org.mx\/entorno-empresarial\/wp-json\/wp\/v2\/types\/post"}],"author":[{"embeddable":true,"href":"https:\/\/coparmexjal.org.mx\/entorno-empresarial\/wp-json\/wp\/v2\/users\/2"}],"replies":[{"embeddable":true,"href":"https:\/\/coparmexjal.org.mx\/entorno-empresarial\/wp-json\/wp\/v2\/comments?post=4562"}],"version-history":[{"count":1,"href":"https:\/\/coparmexjal.org.mx\/entorno-empresarial\/wp-json\/wp\/v2\/posts\/4562\/revisions"}],"predecessor-version":[{"id":4563,"href":"https:\/\/coparmexjal.org.mx\/entorno-empresarial\/wp-json\/wp\/v2\/posts\/4562\/revisions\/4563"}],"wp:featuredmedia":[{"embeddable":true,"href":"https:\/\/coparmexjal.org.mx\/entorno-empresarial\/wp-json\/wp\/v2\/media\/3488"}],"wp:attachment":[{"href":"https:\/\/coparmexjal.org.mx\/entorno-empresarial\/wp-json\/wp\/v2\/media?parent=4562"}],"wp:term":[{"taxonomy":"category","embeddable":true,"href":"https:\/\/coparmexjal.org.mx\/entorno-empresarial\/wp-json\/wp\/v2\/categories?post=4562"},{"taxonomy":"post_tag","embeddable":true,"href":"https:\/\/coparmexjal.org.mx\/entorno-empresarial\/wp-json\/wp\/v2\/tags?post=4562"}],"curies":[{"name":"wp","href":"https:\/\/api.w.org\/{rel}","templated":true}]}}