{"id":4559,"date":"2020-03-31T14:03:00","date_gmt":"2020-03-31T20:03:00","guid":{"rendered":"https:\/\/coparmexjal.org.mx\/entorno-empresarial\/?p=4559"},"modified":"2021-01-19T14:26:55","modified_gmt":"2021-01-19T20:26:55","slug":"declara-gobierno-federal-emergencia-sanitaria-por-causa-de-fuerza-mayor-por-covid-19","status":"publish","type":"post","link":"https:\/\/coparmexjal.org.mx\/entorno-empresarial\/declara-gobierno-federal-emergencia-sanitaria-por-causa-de-fuerza-mayor-por-covid-19\/","title":{"rendered":"Declara Gobierno Federal Emergencia Sanitaria por causa de fuerza mayor por COVID-19"},"content":{"rendered":"\n<p>Derivado de la declaratoria de Emergencia Sanitaria por causa de fuerza mayor emitida el d\u00eda de ayer por el Gobierno Federal, hacemos un llamado a preservar la gran mayor\u00eda de los 20 millones de empleos que genera el sector privado en nuestro pa\u00eds.<\/p>\n\n\n\n<p>Ante la falta de claridad en los decretos emitidos por el Gobierno Federal identificamos los siguientes puntos:<\/p>\n\n\n\n<ol class=\"wp-block-list\"><li>LopublicadoenelDiarioOficialdelaFederaci\u00f3nnocontemplalassancionespara las empresas*<\/li><li>Eventualmente, con base en su giro, las empresas tendr\u00e1n que ir cerrando, por lo que es importante que el gobierno garantice un periodo de al menos 72 horas para la preparaci\u00f3n de maquinaria.<\/li><li>Es importante identificar los sectores esenciales, los cuales continuar\u00e1n en operaciones y deber\u00e1n ser publicados en el Diario Oficial de la Federaci\u00f3n.<\/li><li>Dadoquelacomunicaci\u00f3nemitidaporelGobiernoFederalnoesclarasegenera un ambiente de polarizaci\u00f3n e incertidumbre en las empresas.<\/li><li>Exhortamos al Gobierno a generar las condiciones de seguridad para evitar saqueos o da\u00f1os estructurales a las instalaciones.<\/li><li>EsperamosqueelGobiernoFederalreconozcaque,enesteprocesodeenfrentar la pandemia, es necesario poner en marcha programas de apoyo, anteponiendo el cuidado de la salud de todos los mexicanos, la preservaci\u00f3n de las fuentes de trabajo, as\u00ed como la subsistencia de la micro, peque\u00f1a y mediana empresa que generan en nuestro pa\u00eds m\u00e1s del 90% del empleo.<\/li><\/ol>\n\n\n\n<p>Ante la importancia tomar las mejores decisiones a mediano y largo plazo en beneficio de empresas y colaboradores emitimos las siguientes recomendaciones:<\/p>\n\n\n\n<p>\uf0b7 Si decide la empresa el d\u00eda de hoy continuar con las labores diarias, tomar en cuenta las medidas de prevenci\u00f3n recomendadas dentro de la jornada nacional de Sana Distancia que se encuentran en el siguiente enlace: http:\/\/www.imss.gob.mx\/prensa\/archivo\/202003\/142 <\/p>\n\n\n\n<p>*<a href=\"http:\/\/dof.gob.mx\/2020\/CSG\/30032020-VES.pdf\">http:\/\/dof.gob.mx\/2020\/CSG\/30032020-VES.pdf<\/a><\/p>\n\n\n\n<p>-Estar preparados para suspender operaciones conforme a las determinaciones de la Secretar\u00eda de Salud. Mismas que podr\u00e1n ser declaradas el d\u00eda de hoy martes 31 de marzo de 2020.<\/p>\n\n\n\n<p>-En caso de que la empresa no se encuentre dentro de las actividades esenciales que se se\u00f1alaron durante la rueda de prensa del d\u00eda de ayer 30 de marzo de 2020, deber\u00e1n de determinar las medidas de seguridad patrimonial y plantillas de mantenimiento industrial para evitar robos, saqueos y\/o da\u00f1o a las instalaciones de la fuente de trabajo como pueden ser hornos, calderas, materiales peligrosos etc.<\/p>\n\n\n\n<p>-Es importante destacar que la Ley Federal del Trabajo establece que, en caso de fuerza mayor, la autoridad laboral determinar\u00e1 el monto de la indemnizaci\u00f3n a pagar por parte del empleador a sus trabajadores y esta no podr\u00e1 ser mayor a un mes de salario ordinario. Tomar en cuenta que las autoridades laborales estatales y federales se encuentran cerradas por la pandemia y por lo tanto impedidas para emitir los citados acuerdos.<\/p>\n\n\n\n<p>-Recomendamos evitar el despido de trabajadores, por lo que apelamos a la responsabilidad social del empresariado en estos tiempos de incertidumbre, para que en la medida de sus posibilidades privilegien el acuerdo de voluntades entre empleador y trabajadores para garantizar la subsistencia de las fuentes de empleo.<\/p>\n\n\n\n<p>-Debe de quedar claro que NO se est\u00e1 decretando una contingencia sanitaria donde la Ley Federal del Trabajo se\u00f1ala que la obligaci\u00f3n del empleador es pagar un salario m\u00ednimo diario como indemnizaci\u00f3n hasta por un mes.\u00a0<\/p>\n\n\n\n<p>Se trata de una declaraci\u00f3n de suspensi\u00f3n de labores por causa de fuerza mayor donde se establece que la indemnizaci\u00f3n m\u00e1xima a pagar podr\u00e1 ser hasta un mes de salario ordinario, pero esto podr\u00e1 variar de acuerdo a las caracter\u00edsticas particulares de cada empresa y sus posibilidades, por ello recomendamos se privilegie un acuerdo de voluntades entre patrones y colaboradores para proteger por igual a los colaboradores y a las fuentes de empleo.<\/p>\n\n\n\n<p>Mantendremos la solidaridad que ha sido reconocida por el Gobierno Federal, aun cuando el mismo no ha sido solidario con el sector privado.&nbsp;<\/p>\n\n\n\n<p>Refrendamos nuestro compromiso como instituci\u00f3n con las empresas y los colaboradores recordando que lo principal es conservar las fuentes de empleo y la subsistencia de las micro, peque\u00f1as y medianas empresas.<br><\/p>\n","protected":false},"excerpt":{"rendered":"<p>Derivado de la declaratoria de Emergencia Sanitaria por causa de fuerza mayor emitida el d\u00eda de ayer por el Gobierno Federal, hacemos un llamado a<\/p>\n","protected":false},"author":2,"featured_media":4560,"comment_status":"open","ping_status":"open","sticky":false,"template":"","format":"standard","meta":{"footnotes":""},"categories":[348],"tags":[405,431,173,700,257,699,674],"class_list":["post-4559","post","type-post","status-publish","format-standard","has-post-thumbnail","hentry","category-noticias","tag-coparmex-jalisco","tag-covid-19","tag-empresas","tag-gobierno-federal","tag-jalisco","tag-protocolos","tag-salud"],"yoast_head":"<!-- This site is optimized with the Yoast SEO plugin v27.5 - https:\/\/yoast.com\/product\/yoast-seo-wordpress\/ -->\n<title>Declara Gobierno Federal Emergencia Sanitaria por causa de fuerza mayor por COVID-19 - Entorno Empresarial<\/title>\n<meta name=\"robots\" content=\"index, follow, max-snippet:-1, max-image-preview:large, max-video-preview:-1\" \/>\n<link rel=\"canonical\" href=\"https:\/\/coparmexjal.org.mx\/entorno-empresarial\/declara-gobierno-federal-emergencia-sanitaria-por-causa-de-fuerza-mayor-por-covid-19\/\" \/>\n<meta property=\"og:locale\" content=\"es_MX\" \/>\n<meta property=\"og:type\" content=\"article\" \/>\n<meta property=\"og:title\" content=\"Declara Gobierno Federal Emergencia Sanitaria por causa de fuerza mayor por COVID-19 - Entorno Empresarial\" \/>\n<meta property=\"og:description\" content=\"Derivado de la declaratoria de Emergencia Sanitaria por causa de fuerza mayor emitida el d\u00eda de ayer por el Gobierno Federal, hacemos un llamado a\" \/>\n<meta property=\"og:url\" content=\"https:\/\/coparmexjal.org.mx\/entorno-empresarial\/declara-gobierno-federal-emergencia-sanitaria-por-causa-de-fuerza-mayor-por-covid-19\/\" \/>\n<meta property=\"og:site_name\" content=\"Entorno Empresarial\" \/>\n<meta property=\"article:publisher\" content=\"https:\/\/facebook.com\/comcoparmex\" \/>\n<meta property=\"article:published_time\" content=\"2020-03-31T20:03:00+00:00\" \/>\n<meta property=\"article:modified_time\" content=\"2021-01-19T20:26:55+00:00\" \/>\n<meta property=\"og:image\" content=\"https:\/\/coparmexjal.org.mx\/entorno-empresarial\/wp-content\/uploads\/2021\/01\/jorge-aguilar-vZ9TqSm9ZsQ-unsplash.jpg\" \/>\n\t<meta property=\"og:image:width\" content=\"1200\" \/>\n\t<meta property=\"og:image:height\" content=\"800\" \/>\n\t<meta property=\"og:image:type\" content=\"image\/jpeg\" \/>\n<meta name=\"author\" content=\"Coparmex Jalisco\" \/>\n<meta name=\"twitter:card\" content=\"summary_large_image\" \/>\n<meta name=\"twitter:creator\" content=\"@comcoparmex\" \/>\n<meta name=\"twitter:site\" content=\"@comcoparmex\" \/>\n<meta name=\"twitter:label1\" content=\"Escrito por\" \/>\n\t<meta name=\"twitter:data1\" content=\"Coparmex Jalisco\" \/>\n\t<meta name=\"twitter:label2\" content=\"Tiempo de lectura\" \/>\n\t<meta name=\"twitter:data2\" content=\"3 minutos\" \/>\n<script type=\"application\/ld+json\" class=\"yoast-schema-graph\">{\"@context\":\"https:\\\/\\\/schema.org\",\"@graph\":[{\"@type\":\"Article\",\"@id\":\"https:\\\/\\\/coparmexjal.org.mx\\\/entorno-empresarial\\\/declara-gobierno-federal-emergencia-sanitaria-por-causa-de-fuerza-mayor-por-covid-19\\\/#article\",\"isPartOf\":{\"@id\":\"https:\\\/\\\/coparmexjal.org.mx\\\/entorno-empresarial\\\/declara-gobierno-federal-emergencia-sanitaria-por-causa-de-fuerza-mayor-por-covid-19\\\/\"},\"author\":{\"name\":\"Coparmex Jalisco\",\"@id\":\"https:\\\/\\\/coparmexjal.org.mx\\\/entorno-empresarial\\\/#\\\/schema\\\/person\\\/7d1d56a9587bfb3a725cd3dbfbdb9d44\"},\"headline\":\"Declara Gobierno Federal Emergencia Sanitaria por causa de fuerza mayor por COVID-19\",\"datePublished\":\"2020-03-31T20:03:00+00:00\",\"dateModified\":\"2021-01-19T20:26:55+00:00\",\"mainEntityOfPage\":{\"@id\":\"https:\\\/\\\/coparmexjal.org.mx\\\/entorno-empresarial\\\/declara-gobierno-federal-emergencia-sanitaria-por-causa-de-fuerza-mayor-por-covid-19\\\/\"},\"wordCount\":689,\"commentCount\":0,\"publisher\":{\"@id\":\"https:\\\/\\\/coparmexjal.org.mx\\\/entorno-empresarial\\\/#organization\"},\"image\":{\"@id\":\"https:\\\/\\\/coparmexjal.org.mx\\\/entorno-empresarial\\\/declara-gobierno-federal-emergencia-sanitaria-por-causa-de-fuerza-mayor-por-covid-19\\\/#primaryimage\"},\"thumbnailUrl\":\"https:\\\/\\\/coparmexjal.org.mx\\\/entorno-empresarial\\\/wp-content\\\/uploads\\\/2021\\\/01\\\/jorge-aguilar-vZ9TqSm9ZsQ-unsplash.jpg\",\"keywords\":[\"coparmex jalisco\",\"covid-19\",\"empresas\",\"Gobierno Federal\",\"Jalisco\",\"protocolos\",\"salud\"],\"articleSection\":[\"Noticias\"],\"inLanguage\":\"es\",\"potentialAction\":[{\"@type\":\"CommentAction\",\"name\":\"Comment\",\"target\":[\"https:\\\/\\\/coparmexjal.org.mx\\\/entorno-empresarial\\\/declara-gobierno-federal-emergencia-sanitaria-por-causa-de-fuerza-mayor-por-covid-19\\\/#respond\"]}]},{\"@type\":\"WebPage\",\"@id\":\"https:\\\/\\\/coparmexjal.org.mx\\\/entorno-empresarial\\\/declara-gobierno-federal-emergencia-sanitaria-por-causa-de-fuerza-mayor-por-covid-19\\\/\",\"url\":\"https:\\\/\\\/coparmexjal.org.mx\\\/entorno-empresarial\\\/declara-gobierno-federal-emergencia-sanitaria-por-causa-de-fuerza-mayor-por-covid-19\\\/\",\"name\":\"Declara Gobierno Federal Emergencia Sanitaria por causa de fuerza mayor por COVID-19 - Entorno Empresarial\",\"isPartOf\":{\"@id\":\"https:\\\/\\\/coparmexjal.org.mx\\\/entorno-empresarial\\\/#website\"},\"primaryImageOfPage\":{\"@id\":\"https:\\\/\\\/coparmexjal.org.mx\\\/entorno-empresarial\\\/declara-gobierno-federal-emergencia-sanitaria-por-causa-de-fuerza-mayor-por-covid-19\\\/#primaryimage\"},\"image\":{\"@id\":\"https:\\\/\\\/coparmexjal.org.mx\\\/entorno-empresarial\\\/declara-gobierno-federal-emergencia-sanitaria-por-causa-de-fuerza-mayor-por-covid-19\\\/#primaryimage\"},\"thumbnailUrl\":\"https:\\\/\\\/coparmexjal.org.mx\\\/entorno-empresarial\\\/wp-content\\\/uploads\\\/2021\\\/01\\\/jorge-aguilar-vZ9TqSm9ZsQ-unsplash.jpg\",\"datePublished\":\"2020-03-31T20:03:00+00:00\",\"dateModified\":\"2021-01-19T20:26:55+00:00\",\"breadcrumb\":{\"@id\":\"https:\\\/\\\/coparmexjal.org.mx\\\/entorno-empresarial\\\/declara-gobierno-federal-emergencia-sanitaria-por-causa-de-fuerza-mayor-por-covid-19\\\/#breadcrumb\"},\"inLanguage\":\"es\",\"potentialAction\":[{\"@type\":\"ReadAction\",\"target\":[\"https:\\\/\\\/coparmexjal.org.mx\\\/entorno-empresarial\\\/declara-gobierno-federal-emergencia-sanitaria-por-causa-de-fuerza-mayor-por-covid-19\\\/\"]}]},{\"@type\":\"ImageObject\",\"inLanguage\":\"es\",\"@id\":\"https:\\\/\\\/coparmexjal.org.mx\\\/entorno-empresarial\\\/declara-gobierno-federal-emergencia-sanitaria-por-causa-de-fuerza-mayor-por-covid-19\\\/#primaryimage\",\"url\":\"https:\\\/\\\/coparmexjal.org.mx\\\/entorno-empresarial\\\/wp-content\\\/uploads\\\/2021\\\/01\\\/jorge-aguilar-vZ9TqSm9ZsQ-unsplash.jpg\",\"contentUrl\":\"https:\\\/\\\/coparmexjal.org.mx\\\/entorno-empresarial\\\/wp-content\\\/uploads\\\/2021\\\/01\\\/jorge-aguilar-vZ9TqSm9ZsQ-unsplash.jpg\",\"width\":1200,\"height\":800},{\"@type\":\"BreadcrumbList\",\"@id\":\"https:\\\/\\\/coparmexjal.org.mx\\\/entorno-empresarial\\\/declara-gobierno-federal-emergencia-sanitaria-por-causa-de-fuerza-mayor-por-covid-19\\\/#breadcrumb\",\"itemListElement\":[{\"@type\":\"ListItem\",\"position\":1,\"name\":\"Inicio\",\"item\":\"https:\\\/\\\/coparmexjal.org.mx\\\/entorno-empresarial\\\/\"},{\"@type\":\"ListItem\",\"position\":2,\"name\":\"Declara Gobierno Federal Emergencia Sanitaria por causa de fuerza mayor por COVID-19\"}]},{\"@type\":\"WebSite\",\"@id\":\"https:\\\/\\\/coparmexjal.org.mx\\\/entorno-empresarial\\\/#website\",\"url\":\"https:\\\/\\\/coparmexjal.org.mx\\\/entorno-empresarial\\\/\",\"name\":\"Revista Entorno Empresarial\",\"description\":\"Coparmex Jalisco\",\"publisher\":{\"@id\":\"https:\\\/\\\/coparmexjal.org.mx\\\/entorno-empresarial\\\/#organization\"},\"potentialAction\":[{\"@type\":\"SearchAction\",\"target\":{\"@type\":\"EntryPoint\",\"urlTemplate\":\"https:\\\/\\\/coparmexjal.org.mx\\\/entorno-empresarial\\\/?s={search_term_string}\"},\"query-input\":{\"@type\":\"PropertyValueSpecification\",\"valueRequired\":true,\"valueName\":\"search_term_string\"}}],\"inLanguage\":\"es\"},{\"@type\":\"Organization\",\"@id\":\"https:\\\/\\\/coparmexjal.org.mx\\\/entorno-empresarial\\\/#organization\",\"name\":\"Coparmex Jalisco\",\"url\":\"https:\\\/\\\/coparmexjal.org.mx\\\/entorno-empresarial\\\/\",\"logo\":{\"@type\":\"ImageObject\",\"inLanguage\":\"es\",\"@id\":\"https:\\\/\\\/coparmexjal.org.mx\\\/entorno-empresarial\\\/#\\\/schema\\\/logo\\\/image\\\/\",\"url\":\"https:\\\/\\\/coparmexjal.org.mx\\\/entorno-empresarial\\\/wp-content\\\/uploads\\\/2020\\\/02\\\/logo-amp.png\",\"contentUrl\":\"https:\\\/\\\/coparmexjal.org.mx\\\/entorno-empresarial\\\/wp-content\\\/uploads\\\/2020\\\/02\\\/logo-amp.png\",\"width\":120,\"height\":90,\"caption\":\"Coparmex Jalisco\"},\"image\":{\"@id\":\"https:\\\/\\\/coparmexjal.org.mx\\\/entorno-empresarial\\\/#\\\/schema\\\/logo\\\/image\\\/\"},\"sameAs\":[\"https:\\\/\\\/facebook.com\\\/comcoparmex\",\"https:\\\/\\\/x.com\\\/comcoparmex\",\"http:\\\/\\\/instagram.com\\\/coparmexjalisco\",\"https:\\\/\\\/mx.linkedin.com\\\/company\\\/coparmex-jalisco\",\"https:\\\/\\\/www.youtube.com\\\/c\\\/CoparmexJaliscomx\"]},{\"@type\":\"Person\",\"@id\":\"https:\\\/\\\/coparmexjal.org.mx\\\/entorno-empresarial\\\/#\\\/schema\\\/person\\\/7d1d56a9587bfb3a725cd3dbfbdb9d44\",\"name\":\"Coparmex Jalisco\",\"image\":{\"@type\":\"ImageObject\",\"inLanguage\":\"es\",\"@id\":\"https:\\\/\\\/coparmexjal.org.mx\\\/entorno-empresarial\\\/wp-content\\\/uploads\\\/2020\\\/06\\\/favicon-150x133.png\",\"url\":\"https:\\\/\\\/coparmexjal.org.mx\\\/entorno-empresarial\\\/wp-content\\\/uploads\\\/2020\\\/06\\\/favicon-150x133.png\",\"contentUrl\":\"https:\\\/\\\/coparmexjal.org.mx\\\/entorno-empresarial\\\/wp-content\\\/uploads\\\/2020\\\/06\\\/favicon-150x133.png\",\"caption\":\"Coparmex Jalisco\"},\"url\":\"https:\\\/\\\/coparmexjal.org.mx\\\/entorno-empresarial\\\/author\\\/coparmexjalisco\\\/\"}]}<\/script>\n<!-- \/ Yoast SEO plugin. -->","yoast_head_json":{"title":"Declara Gobierno Federal Emergencia Sanitaria por causa de fuerza mayor por COVID-19 - Entorno Empresarial","robots":{"index":"index","follow":"follow","max-snippet":"max-snippet:-1","max-image-preview":"max-image-preview:large","max-video-preview":"max-video-preview:-1"},"canonical":"https:\/\/coparmexjal.org.mx\/entorno-empresarial\/declara-gobierno-federal-emergencia-sanitaria-por-causa-de-fuerza-mayor-por-covid-19\/","og_locale":"es_MX","og_type":"article","og_title":"Declara Gobierno Federal Emergencia Sanitaria por causa de fuerza mayor por COVID-19 - Entorno Empresarial","og_description":"Derivado de la declaratoria de Emergencia Sanitaria por causa de fuerza mayor emitida el d\u00eda de ayer por el Gobierno Federal, hacemos un llamado a","og_url":"https:\/\/coparmexjal.org.mx\/entorno-empresarial\/declara-gobierno-federal-emergencia-sanitaria-por-causa-de-fuerza-mayor-por-covid-19\/","og_site_name":"Entorno Empresarial","article_publisher":"https:\/\/facebook.com\/comcoparmex","article_published_time":"2020-03-31T20:03:00+00:00","article_modified_time":"2021-01-19T20:26:55+00:00","og_image":[{"width":1200,"height":800,"url":"https:\/\/coparmexjal.org.mx\/entorno-empresarial\/wp-content\/uploads\/2021\/01\/jorge-aguilar-vZ9TqSm9ZsQ-unsplash.jpg","type":"image\/jpeg"}],"author":"Coparmex Jalisco","twitter_card":"summary_large_image","twitter_creator":"@comcoparmex","twitter_site":"@comcoparmex","twitter_misc":{"Escrito por":"Coparmex Jalisco","Tiempo de lectura":"3 minutos"},"schema":{"@context":"https:\/\/schema.org","@graph":[{"@type":"Article","@id":"https:\/\/coparmexjal.org.mx\/entorno-empresarial\/declara-gobierno-federal-emergencia-sanitaria-por-causa-de-fuerza-mayor-por-covid-19\/#article","isPartOf":{"@id":"https:\/\/coparmexjal.org.mx\/entorno-empresarial\/declara-gobierno-federal-emergencia-sanitaria-por-causa-de-fuerza-mayor-por-covid-19\/"},"author":{"name":"Coparmex Jalisco","@id":"https:\/\/coparmexjal.org.mx\/entorno-empresarial\/#\/schema\/person\/7d1d56a9587bfb3a725cd3dbfbdb9d44"},"headline":"Declara Gobierno Federal Emergencia Sanitaria por causa de fuerza mayor por COVID-19","datePublished":"2020-03-31T20:03:00+00:00","dateModified":"2021-01-19T20:26:55+00:00","mainEntityOfPage":{"@id":"https:\/\/coparmexjal.org.mx\/entorno-empresarial\/declara-gobierno-federal-emergencia-sanitaria-por-causa-de-fuerza-mayor-por-covid-19\/"},"wordCount":689,"commentCount":0,"publisher":{"@id":"https:\/\/coparmexjal.org.mx\/entorno-empresarial\/#organization"},"image":{"@id":"https:\/\/coparmexjal.org.mx\/entorno-empresarial\/declara-gobierno-federal-emergencia-sanitaria-por-causa-de-fuerza-mayor-por-covid-19\/#primaryimage"},"thumbnailUrl":"https:\/\/coparmexjal.org.mx\/entorno-empresarial\/wp-content\/uploads\/2021\/01\/jorge-aguilar-vZ9TqSm9ZsQ-unsplash.jpg","keywords":["coparmex jalisco","covid-19","empresas","Gobierno Federal","Jalisco","protocolos","salud"],"articleSection":["Noticias"],"inLanguage":"es","potentialAction":[{"@type":"CommentAction","name":"Comment","target":["https:\/\/coparmexjal.org.mx\/entorno-empresarial\/declara-gobierno-federal-emergencia-sanitaria-por-causa-de-fuerza-mayor-por-covid-19\/#respond"]}]},{"@type":"WebPage","@id":"https:\/\/coparmexjal.org.mx\/entorno-empresarial\/declara-gobierno-federal-emergencia-sanitaria-por-causa-de-fuerza-mayor-por-covid-19\/","url":"https:\/\/coparmexjal.org.mx\/entorno-empresarial\/declara-gobierno-federal-emergencia-sanitaria-por-causa-de-fuerza-mayor-por-covid-19\/","name":"Declara Gobierno Federal Emergencia Sanitaria por causa de fuerza mayor por COVID-19 - Entorno Empresarial","isPartOf":{"@id":"https:\/\/coparmexjal.org.mx\/entorno-empresarial\/#website"},"primaryImageOfPage":{"@id":"https:\/\/coparmexjal.org.mx\/entorno-empresarial\/declara-gobierno-federal-emergencia-sanitaria-por-causa-de-fuerza-mayor-por-covid-19\/#primaryimage"},"image":{"@id":"https:\/\/coparmexjal.org.mx\/entorno-empresarial\/declara-gobierno-federal-emergencia-sanitaria-por-causa-de-fuerza-mayor-por-covid-19\/#primaryimage"},"thumbnailUrl":"https:\/\/coparmexjal.org.mx\/entorno-empresarial\/wp-content\/uploads\/2021\/01\/jorge-aguilar-vZ9TqSm9ZsQ-unsplash.jpg","datePublished":"2020-03-31T20:03:00+00:00","dateModified":"2021-01-19T20:26:55+00:00","breadcrumb":{"@id":"https:\/\/coparmexjal.org.mx\/entorno-empresarial\/declara-gobierno-federal-emergencia-sanitaria-por-causa-de-fuerza-mayor-por-covid-19\/#breadcrumb"},"inLanguage":"es","potentialAction":[{"@type":"ReadAction","target":["https:\/\/coparmexjal.org.mx\/entorno-empresarial\/declara-gobierno-federal-emergencia-sanitaria-por-causa-de-fuerza-mayor-por-covid-19\/"]}]},{"@type":"ImageObject","inLanguage":"es","@id":"https:\/\/coparmexjal.org.mx\/entorno-empresarial\/declara-gobierno-federal-emergencia-sanitaria-por-causa-de-fuerza-mayor-por-covid-19\/#primaryimage","url":"https:\/\/coparmexjal.org.mx\/entorno-empresarial\/wp-content\/uploads\/2021\/01\/jorge-aguilar-vZ9TqSm9ZsQ-unsplash.jpg","contentUrl":"https:\/\/coparmexjal.org.mx\/entorno-empresarial\/wp-content\/uploads\/2021\/01\/jorge-aguilar-vZ9TqSm9ZsQ-unsplash.jpg","width":1200,"height":800},{"@type":"BreadcrumbList","@id":"https:\/\/coparmexjal.org.mx\/entorno-empresarial\/declara-gobierno-federal-emergencia-sanitaria-por-causa-de-fuerza-mayor-por-covid-19\/#breadcrumb","itemListElement":[{"@type":"ListItem","position":1,"name":"Inicio","item":"https:\/\/coparmexjal.org.mx\/entorno-empresarial\/"},{"@type":"ListItem","position":2,"name":"Declara Gobierno Federal Emergencia Sanitaria por causa de fuerza mayor por COVID-19"}]},{"@type":"WebSite","@id":"https:\/\/coparmexjal.org.mx\/entorno-empresarial\/#website","url":"https:\/\/coparmexjal.org.mx\/entorno-empresarial\/","name":"Revista Entorno Empresarial","description":"Coparmex Jalisco","publisher":{"@id":"https:\/\/coparmexjal.org.mx\/entorno-empresarial\/#organization"},"potentialAction":[{"@type":"SearchAction","target":{"@type":"EntryPoint","urlTemplate":"https:\/\/coparmexjal.org.mx\/entorno-empresarial\/?s={search_term_string}"},"query-input":{"@type":"PropertyValueSpecification","valueRequired":true,"valueName":"search_term_string"}}],"inLanguage":"es"},{"@type":"Organization","@id":"https:\/\/coparmexjal.org.mx\/entorno-empresarial\/#organization","name":"Coparmex Jalisco","url":"https:\/\/coparmexjal.org.mx\/entorno-empresarial\/","logo":{"@type":"ImageObject","inLanguage":"es","@id":"https:\/\/coparmexjal.org.mx\/entorno-empresarial\/#\/schema\/logo\/image\/","url":"https:\/\/coparmexjal.org.mx\/entorno-empresarial\/wp-content\/uploads\/2020\/02\/logo-amp.png","contentUrl":"https:\/\/coparmexjal.org.mx\/entorno-empresarial\/wp-content\/uploads\/2020\/02\/logo-amp.png","width":120,"height":90,"caption":"Coparmex Jalisco"},"image":{"@id":"https:\/\/coparmexjal.org.mx\/entorno-empresarial\/#\/schema\/logo\/image\/"},"sameAs":["https:\/\/facebook.com\/comcoparmex","https:\/\/x.com\/comcoparmex","http:\/\/instagram.com\/coparmexjalisco","https:\/\/mx.linkedin.com\/company\/coparmex-jalisco","https:\/\/www.youtube.com\/c\/CoparmexJaliscomx"]},{"@type":"Person","@id":"https:\/\/coparmexjal.org.mx\/entorno-empresarial\/#\/schema\/person\/7d1d56a9587bfb3a725cd3dbfbdb9d44","name":"Coparmex Jalisco","image":{"@type":"ImageObject","inLanguage":"es","@id":"https:\/\/coparmexjal.org.mx\/entorno-empresarial\/wp-content\/uploads\/2020\/06\/favicon-150x133.png","url":"https:\/\/coparmexjal.org.mx\/entorno-empresarial\/wp-content\/uploads\/2020\/06\/favicon-150x133.png","contentUrl":"https:\/\/coparmexjal.org.mx\/entorno-empresarial\/wp-content\/uploads\/2020\/06\/favicon-150x133.png","caption":"Coparmex Jalisco"},"url":"https:\/\/coparmexjal.org.mx\/entorno-empresarial\/author\/coparmexjalisco\/"}]}},"_links":{"self":[{"href":"https:\/\/coparmexjal.org.mx\/entorno-empresarial\/wp-json\/wp\/v2\/posts\/4559","targetHints":{"allow":["GET"]}}],"collection":[{"href":"https:\/\/coparmexjal.org.mx\/entorno-empresarial\/wp-json\/wp\/v2\/posts"}],"about":[{"href":"https:\/\/coparmexjal.org.mx\/entorno-empresarial\/wp-json\/wp\/v2\/types\/post"}],"author":[{"embeddable":true,"href":"https:\/\/coparmexjal.org.mx\/entorno-empresarial\/wp-json\/wp\/v2\/users\/2"}],"replies":[{"embeddable":true,"href":"https:\/\/coparmexjal.org.mx\/entorno-empresarial\/wp-json\/wp\/v2\/comments?post=4559"}],"version-history":[{"count":1,"href":"https:\/\/coparmexjal.org.mx\/entorno-empresarial\/wp-json\/wp\/v2\/posts\/4559\/revisions"}],"predecessor-version":[{"id":4561,"href":"https:\/\/coparmexjal.org.mx\/entorno-empresarial\/wp-json\/wp\/v2\/posts\/4559\/revisions\/4561"}],"wp:featuredmedia":[{"embeddable":true,"href":"https:\/\/coparmexjal.org.mx\/entorno-empresarial\/wp-json\/wp\/v2\/media\/4560"}],"wp:attachment":[{"href":"https:\/\/coparmexjal.org.mx\/entorno-empresarial\/wp-json\/wp\/v2\/media?parent=4559"}],"wp:term":[{"taxonomy":"category","embeddable":true,"href":"https:\/\/coparmexjal.org.mx\/entorno-empresarial\/wp-json\/wp\/v2\/categories?post=4559"},{"taxonomy":"post_tag","embeddable":true,"href":"https:\/\/coparmexjal.org.mx\/entorno-empresarial\/wp-json\/wp\/v2\/tags?post=4559"}],"curies":[{"name":"wp","href":"https:\/\/api.w.org\/{rel}","templated":true}]}}