{"id":4550,"date":"2020-03-23T13:22:00","date_gmt":"2020-03-23T19:22:00","guid":{"rendered":"https:\/\/coparmexjal.org.mx\/entorno-empresarial\/?p=4550"},"modified":"2021-01-19T13:28:42","modified_gmt":"2021-01-19T19:28:42","slug":"presenta-gobernador-de-jalisco-etapa-4-de-prevencion-al-covid-19","status":"publish","type":"post","link":"https:\/\/coparmexjal.org.mx\/entorno-empresarial\/presenta-gobernador-de-jalisco-etapa-4-de-prevencion-al-covid-19\/","title":{"rendered":"Presenta Gobernador de Jalisco etapa 4 de prevencio\u0301n al COVID-19"},"content":{"rendered":"\n<p>Garantizar la salud de los jaliscienses, as\u00ed como blindar la econom\u00eda del Estado es el mensaje que emite el d\u00eda de hoy Enrique Alfaro, gobernador de Jalisco.<\/p>\n\n\n\n<p>Con un programa de prevenci\u00f3n de contagios por COVID-19 dividido en etapas, el gobierno de Jalisco present\u00f3 la etapa 4.<\/p>\n\n\n\n<p>Restricci\u00f3n de vuelos comerciales, aplicaci\u00f3n de pruebas r\u00e1pidas y la creaci\u00f3n de una estrategia de prevenci\u00f3n conjunta con la Alianza Centro, Baj\u00edo, Occidente; as\u00ed como con los estados de Michoac\u00e1n, Nayarit y Colima, son las acciones preventivas que comenzar\u00e1n a partir de este pr\u00f3ximo jueves.<\/p>\n\n\n\n<p><strong>\u00bfQu\u00e9 sucede con los vuelos de carga?<\/strong><\/p>\n\n\n\n<p>Por medio de una carta petici\u00f3n el gobierno del estado solicitar\u00e1 al Grupo Aeroportuario del Pacifico (GAP), la suspensi\u00f3n de vuelos comerciales provenientes de ciudades con cercos sanitarios ya establecidos por las autoridades, instando se except\u00faen los vuelos de carga y de ayuda humanitaria. Falta que el GAP de respuesta a la carta petici\u00f3n y se establezca a partir de cu\u00e1ndo se comenzar\u00eda a establecer esta medida.<\/p>\n\n\n\n<p><strong>\u00bfC\u00f3mo ser\u00e1 la aplicaci\u00f3n de las pruebas de COVID-19 y en qu\u00e9 consisten?<\/strong><\/p>\n\n\n\n<p>Actualmente el Gobierno del estado recibe 400 pruebas diarias de las denominadas PCR, sin embargo, a partir del d\u00eda jueves se comenzar\u00e1n a aplicar pruebas EXPERT y Ant\u00edgenos Anticuerpos, pruebas r\u00e1pidas de detecci\u00f3n de COVID-19, el mismo jueves a las 10 de la ma\u00f1ana se dar\u00e1n a conocer los protocolos para la aplicaci\u00f3n de estas pruebas. Lo que se busca es la identificaci\u00f3n de pacientes asintom\u00e1ticos para evitar contagios.<\/p>\n\n\n\n<p><strong>Referente a la alianza centro, baj\u00edo, occidente \u00bfqu\u00e9 se har\u00e1?<\/strong><\/p>\n\n\n\n<p>Los gobernadores que integran esta alianza: Guanajuato, Aguascalientes, San Luis Potos\u00ed, Quer\u00e9taro y Jalisco en conjunto con los gobernadores de Nayarit, Colima y Michoac\u00e1n trabajar\u00e1n de manera conjunta para establecer medidas en la regi\u00f3n<\/p>\n","protected":false},"excerpt":{"rendered":"<p>Garantizar la salud de los jaliscienses, as\u00ed como blindar la econom\u00eda del Estado es el mensaje que emite el d\u00eda de hoy Enrique Alfaro, gobernador<\/p>\n","protected":false},"author":2,"featured_media":4551,"comment_status":"open","ping_status":"open","sticky":false,"template":"","format":"standard","meta":{"footnotes":""},"categories":[348],"tags":[431,173,257,674],"class_list":["post-4550","post","type-post","status-publish","format-standard","has-post-thumbnail","hentry","category-noticias","tag-covid-19","tag-empresas","tag-jalisco","tag-salud"],"yoast_head":"<!-- This site is optimized with the Yoast SEO plugin v27.5 - https:\/\/yoast.com\/product\/yoast-seo-wordpress\/ -->\n<title>Presenta Gobernador de Jalisco etapa 4 de prevencio\u0301n al COVID-19 - Entorno Empresarial<\/title>\n<meta name=\"robots\" content=\"index, follow, max-snippet:-1, max-image-preview:large, max-video-preview:-1\" \/>\n<link rel=\"canonical\" href=\"https:\/\/coparmexjal.org.mx\/entorno-empresarial\/presenta-gobernador-de-jalisco-etapa-4-de-prevencion-al-covid-19\/\" \/>\n<meta property=\"og:locale\" content=\"es_MX\" \/>\n<meta property=\"og:type\" content=\"article\" \/>\n<meta property=\"og:title\" content=\"Presenta Gobernador de Jalisco etapa 4 de prevencio\u0301n al COVID-19 - Entorno Empresarial\" \/>\n<meta property=\"og:description\" content=\"Garantizar la salud de los jaliscienses, as\u00ed como blindar la econom\u00eda del Estado es el mensaje que emite el d\u00eda de hoy Enrique Alfaro, gobernador\" \/>\n<meta property=\"og:url\" content=\"https:\/\/coparmexjal.org.mx\/entorno-empresarial\/presenta-gobernador-de-jalisco-etapa-4-de-prevencion-al-covid-19\/\" \/>\n<meta property=\"og:site_name\" content=\"Entorno Empresarial\" \/>\n<meta property=\"article:publisher\" content=\"https:\/\/facebook.com\/comcoparmex\" \/>\n<meta property=\"article:published_time\" content=\"2020-03-23T19:22:00+00:00\" \/>\n<meta property=\"article:modified_time\" content=\"2021-01-19T19:28:42+00:00\" \/>\n<meta property=\"og:image\" content=\"https:\/\/coparmexjal.org.mx\/entorno-empresarial\/wp-content\/uploads\/2021\/01\/markus-spiske-wkvAd1cAqsE-unsplash.jpg\" \/>\n\t<meta property=\"og:image:width\" content=\"1200\" \/>\n\t<meta property=\"og:image:height\" content=\"800\" \/>\n\t<meta property=\"og:image:type\" content=\"image\/jpeg\" \/>\n<meta name=\"author\" content=\"Coparmex Jalisco\" \/>\n<meta name=\"twitter:card\" content=\"summary_large_image\" \/>\n<meta name=\"twitter:creator\" content=\"@comcoparmex\" \/>\n<meta name=\"twitter:site\" content=\"@comcoparmex\" \/>\n<meta name=\"twitter:label1\" content=\"Escrito por\" \/>\n\t<meta name=\"twitter:data1\" content=\"Coparmex Jalisco\" \/>\n\t<meta name=\"twitter:label2\" content=\"Tiempo de lectura\" \/>\n\t<meta name=\"twitter:data2\" content=\"2 minutos\" \/>\n<script type=\"application\/ld+json\" class=\"yoast-schema-graph\">{\"@context\":\"https:\\\/\\\/schema.org\",\"@graph\":[{\"@type\":\"Article\",\"@id\":\"https:\\\/\\\/coparmexjal.org.mx\\\/entorno-empresarial\\\/presenta-gobernador-de-jalisco-etapa-4-de-prevencion-al-covid-19\\\/#article\",\"isPartOf\":{\"@id\":\"https:\\\/\\\/coparmexjal.org.mx\\\/entorno-empresarial\\\/presenta-gobernador-de-jalisco-etapa-4-de-prevencion-al-covid-19\\\/\"},\"author\":{\"name\":\"Coparmex Jalisco\",\"@id\":\"https:\\\/\\\/coparmexjal.org.mx\\\/entorno-empresarial\\\/#\\\/schema\\\/person\\\/7d1d56a9587bfb3a725cd3dbfbdb9d44\"},\"headline\":\"Presenta Gobernador de Jalisco etapa 4 de prevencio\u0301n al COVID-19\",\"datePublished\":\"2020-03-23T19:22:00+00:00\",\"dateModified\":\"2021-01-19T19:28:42+00:00\",\"mainEntityOfPage\":{\"@id\":\"https:\\\/\\\/coparmexjal.org.mx\\\/entorno-empresarial\\\/presenta-gobernador-de-jalisco-etapa-4-de-prevencion-al-covid-19\\\/\"},\"wordCount\":334,\"commentCount\":0,\"publisher\":{\"@id\":\"https:\\\/\\\/coparmexjal.org.mx\\\/entorno-empresarial\\\/#organization\"},\"image\":{\"@id\":\"https:\\\/\\\/coparmexjal.org.mx\\\/entorno-empresarial\\\/presenta-gobernador-de-jalisco-etapa-4-de-prevencion-al-covid-19\\\/#primaryimage\"},\"thumbnailUrl\":\"https:\\\/\\\/coparmexjal.org.mx\\\/entorno-empresarial\\\/wp-content\\\/uploads\\\/2021\\\/01\\\/markus-spiske-wkvAd1cAqsE-unsplash.jpg\",\"keywords\":[\"covid-19\",\"empresas\",\"Jalisco\",\"salud\"],\"articleSection\":[\"Noticias\"],\"inLanguage\":\"es\",\"potentialAction\":[{\"@type\":\"CommentAction\",\"name\":\"Comment\",\"target\":[\"https:\\\/\\\/coparmexjal.org.mx\\\/entorno-empresarial\\\/presenta-gobernador-de-jalisco-etapa-4-de-prevencion-al-covid-19\\\/#respond\"]}]},{\"@type\":\"WebPage\",\"@id\":\"https:\\\/\\\/coparmexjal.org.mx\\\/entorno-empresarial\\\/presenta-gobernador-de-jalisco-etapa-4-de-prevencion-al-covid-19\\\/\",\"url\":\"https:\\\/\\\/coparmexjal.org.mx\\\/entorno-empresarial\\\/presenta-gobernador-de-jalisco-etapa-4-de-prevencion-al-covid-19\\\/\",\"name\":\"Presenta Gobernador de Jalisco etapa 4 de prevencio\u0301n al COVID-19 - Entorno Empresarial\",\"isPartOf\":{\"@id\":\"https:\\\/\\\/coparmexjal.org.mx\\\/entorno-empresarial\\\/#website\"},\"primaryImageOfPage\":{\"@id\":\"https:\\\/\\\/coparmexjal.org.mx\\\/entorno-empresarial\\\/presenta-gobernador-de-jalisco-etapa-4-de-prevencion-al-covid-19\\\/#primaryimage\"},\"image\":{\"@id\":\"https:\\\/\\\/coparmexjal.org.mx\\\/entorno-empresarial\\\/presenta-gobernador-de-jalisco-etapa-4-de-prevencion-al-covid-19\\\/#primaryimage\"},\"thumbnailUrl\":\"https:\\\/\\\/coparmexjal.org.mx\\\/entorno-empresarial\\\/wp-content\\\/uploads\\\/2021\\\/01\\\/markus-spiske-wkvAd1cAqsE-unsplash.jpg\",\"datePublished\":\"2020-03-23T19:22:00+00:00\",\"dateModified\":\"2021-01-19T19:28:42+00:00\",\"breadcrumb\":{\"@id\":\"https:\\\/\\\/coparmexjal.org.mx\\\/entorno-empresarial\\\/presenta-gobernador-de-jalisco-etapa-4-de-prevencion-al-covid-19\\\/#breadcrumb\"},\"inLanguage\":\"es\",\"potentialAction\":[{\"@type\":\"ReadAction\",\"target\":[\"https:\\\/\\\/coparmexjal.org.mx\\\/entorno-empresarial\\\/presenta-gobernador-de-jalisco-etapa-4-de-prevencion-al-covid-19\\\/\"]}]},{\"@type\":\"ImageObject\",\"inLanguage\":\"es\",\"@id\":\"https:\\\/\\\/coparmexjal.org.mx\\\/entorno-empresarial\\\/presenta-gobernador-de-jalisco-etapa-4-de-prevencion-al-covid-19\\\/#primaryimage\",\"url\":\"https:\\\/\\\/coparmexjal.org.mx\\\/entorno-empresarial\\\/wp-content\\\/uploads\\\/2021\\\/01\\\/markus-spiske-wkvAd1cAqsE-unsplash.jpg\",\"contentUrl\":\"https:\\\/\\\/coparmexjal.org.mx\\\/entorno-empresarial\\\/wp-content\\\/uploads\\\/2021\\\/01\\\/markus-spiske-wkvAd1cAqsE-unsplash.jpg\",\"width\":1200,\"height\":800},{\"@type\":\"BreadcrumbList\",\"@id\":\"https:\\\/\\\/coparmexjal.org.mx\\\/entorno-empresarial\\\/presenta-gobernador-de-jalisco-etapa-4-de-prevencion-al-covid-19\\\/#breadcrumb\",\"itemListElement\":[{\"@type\":\"ListItem\",\"position\":1,\"name\":\"Inicio\",\"item\":\"https:\\\/\\\/coparmexjal.org.mx\\\/entorno-empresarial\\\/\"},{\"@type\":\"ListItem\",\"position\":2,\"name\":\"Presenta Gobernador de Jalisco etapa 4 de prevencio\u0301n al COVID-19\"}]},{\"@type\":\"WebSite\",\"@id\":\"https:\\\/\\\/coparmexjal.org.mx\\\/entorno-empresarial\\\/#website\",\"url\":\"https:\\\/\\\/coparmexjal.org.mx\\\/entorno-empresarial\\\/\",\"name\":\"Revista Entorno Empresarial\",\"description\":\"Coparmex Jalisco\",\"publisher\":{\"@id\":\"https:\\\/\\\/coparmexjal.org.mx\\\/entorno-empresarial\\\/#organization\"},\"potentialAction\":[{\"@type\":\"SearchAction\",\"target\":{\"@type\":\"EntryPoint\",\"urlTemplate\":\"https:\\\/\\\/coparmexjal.org.mx\\\/entorno-empresarial\\\/?s={search_term_string}\"},\"query-input\":{\"@type\":\"PropertyValueSpecification\",\"valueRequired\":true,\"valueName\":\"search_term_string\"}}],\"inLanguage\":\"es\"},{\"@type\":\"Organization\",\"@id\":\"https:\\\/\\\/coparmexjal.org.mx\\\/entorno-empresarial\\\/#organization\",\"name\":\"Coparmex Jalisco\",\"url\":\"https:\\\/\\\/coparmexjal.org.mx\\\/entorno-empresarial\\\/\",\"logo\":{\"@type\":\"ImageObject\",\"inLanguage\":\"es\",\"@id\":\"https:\\\/\\\/coparmexjal.org.mx\\\/entorno-empresarial\\\/#\\\/schema\\\/logo\\\/image\\\/\",\"url\":\"https:\\\/\\\/coparmexjal.org.mx\\\/entorno-empresarial\\\/wp-content\\\/uploads\\\/2020\\\/02\\\/logo-amp.png\",\"contentUrl\":\"https:\\\/\\\/coparmexjal.org.mx\\\/entorno-empresarial\\\/wp-content\\\/uploads\\\/2020\\\/02\\\/logo-amp.png\",\"width\":120,\"height\":90,\"caption\":\"Coparmex Jalisco\"},\"image\":{\"@id\":\"https:\\\/\\\/coparmexjal.org.mx\\\/entorno-empresarial\\\/#\\\/schema\\\/logo\\\/image\\\/\"},\"sameAs\":[\"https:\\\/\\\/facebook.com\\\/comcoparmex\",\"https:\\\/\\\/x.com\\\/comcoparmex\",\"http:\\\/\\\/instagram.com\\\/coparmexjalisco\",\"https:\\\/\\\/mx.linkedin.com\\\/company\\\/coparmex-jalisco\",\"https:\\\/\\\/www.youtube.com\\\/c\\\/CoparmexJaliscomx\"]},{\"@type\":\"Person\",\"@id\":\"https:\\\/\\\/coparmexjal.org.mx\\\/entorno-empresarial\\\/#\\\/schema\\\/person\\\/7d1d56a9587bfb3a725cd3dbfbdb9d44\",\"name\":\"Coparmex Jalisco\",\"image\":{\"@type\":\"ImageObject\",\"inLanguage\":\"es\",\"@id\":\"https:\\\/\\\/coparmexjal.org.mx\\\/entorno-empresarial\\\/wp-content\\\/uploads\\\/2020\\\/06\\\/favicon-150x133.png\",\"url\":\"https:\\\/\\\/coparmexjal.org.mx\\\/entorno-empresarial\\\/wp-content\\\/uploads\\\/2020\\\/06\\\/favicon-150x133.png\",\"contentUrl\":\"https:\\\/\\\/coparmexjal.org.mx\\\/entorno-empresarial\\\/wp-content\\\/uploads\\\/2020\\\/06\\\/favicon-150x133.png\",\"caption\":\"Coparmex Jalisco\"},\"url\":\"https:\\\/\\\/coparmexjal.org.mx\\\/entorno-empresarial\\\/author\\\/coparmexjalisco\\\/\"}]}<\/script>\n<!-- \/ Yoast SEO plugin. -->","yoast_head_json":{"title":"Presenta Gobernador de Jalisco etapa 4 de prevencio\u0301n al COVID-19 - Entorno Empresarial","robots":{"index":"index","follow":"follow","max-snippet":"max-snippet:-1","max-image-preview":"max-image-preview:large","max-video-preview":"max-video-preview:-1"},"canonical":"https:\/\/coparmexjal.org.mx\/entorno-empresarial\/presenta-gobernador-de-jalisco-etapa-4-de-prevencion-al-covid-19\/","og_locale":"es_MX","og_type":"article","og_title":"Presenta Gobernador de Jalisco etapa 4 de prevencio\u0301n al COVID-19 - Entorno Empresarial","og_description":"Garantizar la salud de los jaliscienses, as\u00ed como blindar la econom\u00eda del Estado es el mensaje que emite el d\u00eda de hoy Enrique Alfaro, gobernador","og_url":"https:\/\/coparmexjal.org.mx\/entorno-empresarial\/presenta-gobernador-de-jalisco-etapa-4-de-prevencion-al-covid-19\/","og_site_name":"Entorno Empresarial","article_publisher":"https:\/\/facebook.com\/comcoparmex","article_published_time":"2020-03-23T19:22:00+00:00","article_modified_time":"2021-01-19T19:28:42+00:00","og_image":[{"width":1200,"height":800,"url":"https:\/\/coparmexjal.org.mx\/entorno-empresarial\/wp-content\/uploads\/2021\/01\/markus-spiske-wkvAd1cAqsE-unsplash.jpg","type":"image\/jpeg"}],"author":"Coparmex Jalisco","twitter_card":"summary_large_image","twitter_creator":"@comcoparmex","twitter_site":"@comcoparmex","twitter_misc":{"Escrito por":"Coparmex Jalisco","Tiempo de lectura":"2 minutos"},"schema":{"@context":"https:\/\/schema.org","@graph":[{"@type":"Article","@id":"https:\/\/coparmexjal.org.mx\/entorno-empresarial\/presenta-gobernador-de-jalisco-etapa-4-de-prevencion-al-covid-19\/#article","isPartOf":{"@id":"https:\/\/coparmexjal.org.mx\/entorno-empresarial\/presenta-gobernador-de-jalisco-etapa-4-de-prevencion-al-covid-19\/"},"author":{"name":"Coparmex Jalisco","@id":"https:\/\/coparmexjal.org.mx\/entorno-empresarial\/#\/schema\/person\/7d1d56a9587bfb3a725cd3dbfbdb9d44"},"headline":"Presenta Gobernador de Jalisco etapa 4 de prevencio\u0301n al COVID-19","datePublished":"2020-03-23T19:22:00+00:00","dateModified":"2021-01-19T19:28:42+00:00","mainEntityOfPage":{"@id":"https:\/\/coparmexjal.org.mx\/entorno-empresarial\/presenta-gobernador-de-jalisco-etapa-4-de-prevencion-al-covid-19\/"},"wordCount":334,"commentCount":0,"publisher":{"@id":"https:\/\/coparmexjal.org.mx\/entorno-empresarial\/#organization"},"image":{"@id":"https:\/\/coparmexjal.org.mx\/entorno-empresarial\/presenta-gobernador-de-jalisco-etapa-4-de-prevencion-al-covid-19\/#primaryimage"},"thumbnailUrl":"https:\/\/coparmexjal.org.mx\/entorno-empresarial\/wp-content\/uploads\/2021\/01\/markus-spiske-wkvAd1cAqsE-unsplash.jpg","keywords":["covid-19","empresas","Jalisco","salud"],"articleSection":["Noticias"],"inLanguage":"es","potentialAction":[{"@type":"CommentAction","name":"Comment","target":["https:\/\/coparmexjal.org.mx\/entorno-empresarial\/presenta-gobernador-de-jalisco-etapa-4-de-prevencion-al-covid-19\/#respond"]}]},{"@type":"WebPage","@id":"https:\/\/coparmexjal.org.mx\/entorno-empresarial\/presenta-gobernador-de-jalisco-etapa-4-de-prevencion-al-covid-19\/","url":"https:\/\/coparmexjal.org.mx\/entorno-empresarial\/presenta-gobernador-de-jalisco-etapa-4-de-prevencion-al-covid-19\/","name":"Presenta Gobernador de Jalisco etapa 4 de prevencio\u0301n al COVID-19 - Entorno Empresarial","isPartOf":{"@id":"https:\/\/coparmexjal.org.mx\/entorno-empresarial\/#website"},"primaryImageOfPage":{"@id":"https:\/\/coparmexjal.org.mx\/entorno-empresarial\/presenta-gobernador-de-jalisco-etapa-4-de-prevencion-al-covid-19\/#primaryimage"},"image":{"@id":"https:\/\/coparmexjal.org.mx\/entorno-empresarial\/presenta-gobernador-de-jalisco-etapa-4-de-prevencion-al-covid-19\/#primaryimage"},"thumbnailUrl":"https:\/\/coparmexjal.org.mx\/entorno-empresarial\/wp-content\/uploads\/2021\/01\/markus-spiske-wkvAd1cAqsE-unsplash.jpg","datePublished":"2020-03-23T19:22:00+00:00","dateModified":"2021-01-19T19:28:42+00:00","breadcrumb":{"@id":"https:\/\/coparmexjal.org.mx\/entorno-empresarial\/presenta-gobernador-de-jalisco-etapa-4-de-prevencion-al-covid-19\/#breadcrumb"},"inLanguage":"es","potentialAction":[{"@type":"ReadAction","target":["https:\/\/coparmexjal.org.mx\/entorno-empresarial\/presenta-gobernador-de-jalisco-etapa-4-de-prevencion-al-covid-19\/"]}]},{"@type":"ImageObject","inLanguage":"es","@id":"https:\/\/coparmexjal.org.mx\/entorno-empresarial\/presenta-gobernador-de-jalisco-etapa-4-de-prevencion-al-covid-19\/#primaryimage","url":"https:\/\/coparmexjal.org.mx\/entorno-empresarial\/wp-content\/uploads\/2021\/01\/markus-spiske-wkvAd1cAqsE-unsplash.jpg","contentUrl":"https:\/\/coparmexjal.org.mx\/entorno-empresarial\/wp-content\/uploads\/2021\/01\/markus-spiske-wkvAd1cAqsE-unsplash.jpg","width":1200,"height":800},{"@type":"BreadcrumbList","@id":"https:\/\/coparmexjal.org.mx\/entorno-empresarial\/presenta-gobernador-de-jalisco-etapa-4-de-prevencion-al-covid-19\/#breadcrumb","itemListElement":[{"@type":"ListItem","position":1,"name":"Inicio","item":"https:\/\/coparmexjal.org.mx\/entorno-empresarial\/"},{"@type":"ListItem","position":2,"name":"Presenta Gobernador de Jalisco etapa 4 de prevencio\u0301n al COVID-19"}]},{"@type":"WebSite","@id":"https:\/\/coparmexjal.org.mx\/entorno-empresarial\/#website","url":"https:\/\/coparmexjal.org.mx\/entorno-empresarial\/","name":"Revista Entorno Empresarial","description":"Coparmex Jalisco","publisher":{"@id":"https:\/\/coparmexjal.org.mx\/entorno-empresarial\/#organization"},"potentialAction":[{"@type":"SearchAction","target":{"@type":"EntryPoint","urlTemplate":"https:\/\/coparmexjal.org.mx\/entorno-empresarial\/?s={search_term_string}"},"query-input":{"@type":"PropertyValueSpecification","valueRequired":true,"valueName":"search_term_string"}}],"inLanguage":"es"},{"@type":"Organization","@id":"https:\/\/coparmexjal.org.mx\/entorno-empresarial\/#organization","name":"Coparmex Jalisco","url":"https:\/\/coparmexjal.org.mx\/entorno-empresarial\/","logo":{"@type":"ImageObject","inLanguage":"es","@id":"https:\/\/coparmexjal.org.mx\/entorno-empresarial\/#\/schema\/logo\/image\/","url":"https:\/\/coparmexjal.org.mx\/entorno-empresarial\/wp-content\/uploads\/2020\/02\/logo-amp.png","contentUrl":"https:\/\/coparmexjal.org.mx\/entorno-empresarial\/wp-content\/uploads\/2020\/02\/logo-amp.png","width":120,"height":90,"caption":"Coparmex Jalisco"},"image":{"@id":"https:\/\/coparmexjal.org.mx\/entorno-empresarial\/#\/schema\/logo\/image\/"},"sameAs":["https:\/\/facebook.com\/comcoparmex","https:\/\/x.com\/comcoparmex","http:\/\/instagram.com\/coparmexjalisco","https:\/\/mx.linkedin.com\/company\/coparmex-jalisco","https:\/\/www.youtube.com\/c\/CoparmexJaliscomx"]},{"@type":"Person","@id":"https:\/\/coparmexjal.org.mx\/entorno-empresarial\/#\/schema\/person\/7d1d56a9587bfb3a725cd3dbfbdb9d44","name":"Coparmex Jalisco","image":{"@type":"ImageObject","inLanguage":"es","@id":"https:\/\/coparmexjal.org.mx\/entorno-empresarial\/wp-content\/uploads\/2020\/06\/favicon-150x133.png","url":"https:\/\/coparmexjal.org.mx\/entorno-empresarial\/wp-content\/uploads\/2020\/06\/favicon-150x133.png","contentUrl":"https:\/\/coparmexjal.org.mx\/entorno-empresarial\/wp-content\/uploads\/2020\/06\/favicon-150x133.png","caption":"Coparmex Jalisco"},"url":"https:\/\/coparmexjal.org.mx\/entorno-empresarial\/author\/coparmexjalisco\/"}]}},"_links":{"self":[{"href":"https:\/\/coparmexjal.org.mx\/entorno-empresarial\/wp-json\/wp\/v2\/posts\/4550","targetHints":{"allow":["GET"]}}],"collection":[{"href":"https:\/\/coparmexjal.org.mx\/entorno-empresarial\/wp-json\/wp\/v2\/posts"}],"about":[{"href":"https:\/\/coparmexjal.org.mx\/entorno-empresarial\/wp-json\/wp\/v2\/types\/post"}],"author":[{"embeddable":true,"href":"https:\/\/coparmexjal.org.mx\/entorno-empresarial\/wp-json\/wp\/v2\/users\/2"}],"replies":[{"embeddable":true,"href":"https:\/\/coparmexjal.org.mx\/entorno-empresarial\/wp-json\/wp\/v2\/comments?post=4550"}],"version-history":[{"count":1,"href":"https:\/\/coparmexjal.org.mx\/entorno-empresarial\/wp-json\/wp\/v2\/posts\/4550\/revisions"}],"predecessor-version":[{"id":4552,"href":"https:\/\/coparmexjal.org.mx\/entorno-empresarial\/wp-json\/wp\/v2\/posts\/4550\/revisions\/4552"}],"wp:featuredmedia":[{"embeddable":true,"href":"https:\/\/coparmexjal.org.mx\/entorno-empresarial\/wp-json\/wp\/v2\/media\/4551"}],"wp:attachment":[{"href":"https:\/\/coparmexjal.org.mx\/entorno-empresarial\/wp-json\/wp\/v2\/media?parent=4550"}],"wp:term":[{"taxonomy":"category","embeddable":true,"href":"https:\/\/coparmexjal.org.mx\/entorno-empresarial\/wp-json\/wp\/v2\/categories?post=4550"},{"taxonomy":"post_tag","embeddable":true,"href":"https:\/\/coparmexjal.org.mx\/entorno-empresarial\/wp-json\/wp\/v2\/tags?post=4550"}],"curies":[{"name":"wp","href":"https:\/\/api.w.org\/{rel}","templated":true}]}}