{"id":4547,"date":"2020-11-02T13:05:00","date_gmt":"2020-11-02T19:05:00","guid":{"rendered":"https:\/\/coparmexjal.org.mx\/entorno-empresarial\/?p=4547"},"modified":"2021-01-19T13:17:37","modified_gmt":"2021-01-19T19:17:37","slug":"sugieren-horarios-escalonados-a-empresas-para-evitar-acumulaciones-en-el-transporte-publico","status":"publish","type":"post","link":"https:\/\/coparmexjal.org.mx\/entorno-empresarial\/sugieren-horarios-escalonados-a-empresas-para-evitar-acumulaciones-en-el-transporte-publico\/","title":{"rendered":"Sugieren horarios escalonados a empresas para evitar acumulaciones en el transporte pu\u0301blico"},"content":{"rendered":"\n<p>Derivado de las restricciones de horario por la activaci\u00f3n del bot\u00f3n de emergencia, el Gobierno del Estado public\u00f3 un decreto mediante el cual sugiere que a partir de este lunes se apliquen horarios escalonados en los sectores p\u00fablicos y privados para evitar aglomeraciones en el transporte p\u00fablico, haciendo las siguientes modificaciones:<\/p>\n\n\n\n<p>\u25cf Los servicios de <strong>Empresas de Redes de Transporte o plataformas<\/strong> solo podr\u00e1n aceptar servicios de <strong>lunes a viernes entre las 5:30 y las 21:00 horas<\/strong> . No podr\u00e1n operar a partir del <strong>viernes a las 21:00 horas y hasta las 5:30 del lunes siguiente.<\/strong><\/p>\n\n\n\n<p>De acuerdo a la informaci\u00f3n publicada por el Gobierno del Estado de Jalisco los escalonamientos de horario quedar\u00edan de la siguiente manera:<\/p>\n\n\n\n<ul class=\"wp-block-list\"><li><strong>Las dependencias municipales y del Gobierno de Jalisco <\/strong>tendr\u00e1n un horario de salir a las 4 <strong>de la tarde a excepci\u00f3n de su personal operativo<\/strong><\/li><li>El <strong>sector servicios y oficinas corporativas<\/strong> deber\u00e1n finalizar su jornada a las <strong>5 de la tarde, excepto restaurantes<\/strong><\/li><li>El s<strong>ector de la construcci\u00f3n <\/strong>tendr\u00e1 un horario de salida entre las <strong>5 y las 6 de la tarde<\/strong><\/li><li><strong>Los<\/strong> <strong>comercios<\/strong> deber\u00e1n finiquitar sus labores entre las <strong>5 y 7 de la tarde<\/strong><\/li><li>El <strong>sector industrial<\/strong> deber\u00e1 concluir la jornada en forma escalonada entre las <strong>6<\/strong> <strong>de la tarde y 8 de la noche<\/strong><\/li><\/ul>\n\n\n\n<p>Esto con el fin de evitar los problemas que se presentaron el d\u00eda el viernes ante las medidas de restricci\u00f3n del transporte p\u00fablico.<\/p>\n\n\n\n<p>La secretar\u00eda de transporte garantizar\u00e1 el servicio con unidades de transporte p\u00fablico para los siguientes grupos de usuarios, quienes deber\u00e1n presentar obligatoriamente una identificaci\u00f3n vigente de su centro de trabajo al abordar la unidad:<\/p>\n\n\n\n<ul class=\"wp-block-list\"><li>Personal de todos los servicios hospitalarios y equipos m\u00e9dicos privados o p\u00fablicos.<\/li><li>Personal de farmacias<\/li><li>Servicio de seguridad p\u00fablica y privada que porten uniforme<\/li><li>Equipos de auxilio y protecci\u00f3n civil<\/li><li>Servicios y equipos de soporte de servicios b\u00e1sicos p\u00fablicos y privados (energ\u00eda, agua, telecomunicaciones)<\/li><li>Servicio Postal Gasolineras<\/li><li>Servicios funerarios <\/li><\/ul>\n\n\n\n<p>Para consultar el decreto oficial puede hacerlo en la siguiente liga: <a href=\"https:\/\/periodicooficial.jalisco.gob.mx\/sites\/periodicooficial.jalisco.gob.mx\/files\/11-01-2 0-bis.pdf\">https:\/\/periodicooficial.jalisco.gob.mx\/sites\/periodicooficial.jalisco.gob.mx\/files\/11-01-2 0-bis.pdf<\/a><\/p>\n","protected":false},"excerpt":{"rendered":"<p>Derivado de las restricciones de horario por la activaci\u00f3n del bot\u00f3n de emergencia, el Gobierno del Estado public\u00f3 un decreto mediante el cual sugiere que<\/p>\n","protected":false},"author":2,"featured_media":4548,"comment_status":"open","ping_status":"open","sticky":false,"template":"","format":"standard","meta":{"footnotes":""},"categories":[348],"tags":[405,173,733,257],"class_list":["post-4547","post","type-post","status-publish","format-standard","has-post-thumbnail","hentry","category-noticias","tag-coparmex-jalisco","tag-empresas","tag-horarios-escalonados","tag-jalisco"],"yoast_head":"<!-- This site is optimized with the Yoast SEO plugin v27.5 - https:\/\/yoast.com\/product\/yoast-seo-wordpress\/ -->\n<title>Sugieren horarios escalonados a empresas para evitar acumulaciones en el transporte pu\u0301blico - Entorno Empresarial<\/title>\n<meta name=\"robots\" content=\"index, follow, max-snippet:-1, max-image-preview:large, max-video-preview:-1\" \/>\n<link rel=\"canonical\" href=\"https:\/\/coparmexjal.org.mx\/entorno-empresarial\/sugieren-horarios-escalonados-a-empresas-para-evitar-acumulaciones-en-el-transporte-publico\/\" \/>\n<meta property=\"og:locale\" content=\"es_MX\" \/>\n<meta property=\"og:type\" content=\"article\" \/>\n<meta property=\"og:title\" content=\"Sugieren horarios escalonados a empresas para evitar acumulaciones en el transporte pu\u0301blico - Entorno Empresarial\" \/>\n<meta property=\"og:description\" content=\"Derivado de las restricciones de horario por la activaci\u00f3n del bot\u00f3n de emergencia, el Gobierno del Estado public\u00f3 un decreto mediante el cual sugiere que\" \/>\n<meta property=\"og:url\" content=\"https:\/\/coparmexjal.org.mx\/entorno-empresarial\/sugieren-horarios-escalonados-a-empresas-para-evitar-acumulaciones-en-el-transporte-publico\/\" \/>\n<meta property=\"og:site_name\" content=\"Entorno Empresarial\" \/>\n<meta property=\"article:publisher\" content=\"https:\/\/facebook.com\/comcoparmex\" \/>\n<meta property=\"article:published_time\" content=\"2020-11-02T19:05:00+00:00\" \/>\n<meta property=\"article:modified_time\" content=\"2021-01-19T19:17:37+00:00\" \/>\n<meta property=\"og:image\" content=\"https:\/\/coparmexjal.org.mx\/entorno-empresarial\/wp-content\/uploads\/2021\/01\/ant-rozetsky-lr9vo8mNvrc-unsplash.jpg\" \/>\n\t<meta property=\"og:image:width\" content=\"1422\" \/>\n\t<meta property=\"og:image:height\" content=\"800\" \/>\n\t<meta property=\"og:image:type\" content=\"image\/jpeg\" \/>\n<meta name=\"author\" content=\"Coparmex Jalisco\" \/>\n<meta name=\"twitter:card\" content=\"summary_large_image\" \/>\n<meta name=\"twitter:creator\" content=\"@comcoparmex\" \/>\n<meta name=\"twitter:site\" content=\"@comcoparmex\" \/>\n<meta name=\"twitter:label1\" content=\"Escrito por\" \/>\n\t<meta name=\"twitter:data1\" content=\"Coparmex Jalisco\" \/>\n\t<meta name=\"twitter:label2\" content=\"Tiempo de lectura\" \/>\n\t<meta name=\"twitter:data2\" content=\"2 minutos\" \/>\n<script type=\"application\/ld+json\" class=\"yoast-schema-graph\">{\"@context\":\"https:\\\/\\\/schema.org\",\"@graph\":[{\"@type\":\"Article\",\"@id\":\"https:\\\/\\\/coparmexjal.org.mx\\\/entorno-empresarial\\\/sugieren-horarios-escalonados-a-empresas-para-evitar-acumulaciones-en-el-transporte-publico\\\/#article\",\"isPartOf\":{\"@id\":\"https:\\\/\\\/coparmexjal.org.mx\\\/entorno-empresarial\\\/sugieren-horarios-escalonados-a-empresas-para-evitar-acumulaciones-en-el-transporte-publico\\\/\"},\"author\":{\"name\":\"Coparmex Jalisco\",\"@id\":\"https:\\\/\\\/coparmexjal.org.mx\\\/entorno-empresarial\\\/#\\\/schema\\\/person\\\/7d1d56a9587bfb3a725cd3dbfbdb9d44\"},\"headline\":\"Sugieren horarios escalonados a empresas para evitar acumulaciones en el transporte pu\u0301blico\",\"datePublished\":\"2020-11-02T19:05:00+00:00\",\"dateModified\":\"2021-01-19T19:17:37+00:00\",\"mainEntityOfPage\":{\"@id\":\"https:\\\/\\\/coparmexjal.org.mx\\\/entorno-empresarial\\\/sugieren-horarios-escalonados-a-empresas-para-evitar-acumulaciones-en-el-transporte-publico\\\/\"},\"wordCount\":373,\"commentCount\":0,\"publisher\":{\"@id\":\"https:\\\/\\\/coparmexjal.org.mx\\\/entorno-empresarial\\\/#organization\"},\"image\":{\"@id\":\"https:\\\/\\\/coparmexjal.org.mx\\\/entorno-empresarial\\\/sugieren-horarios-escalonados-a-empresas-para-evitar-acumulaciones-en-el-transporte-publico\\\/#primaryimage\"},\"thumbnailUrl\":\"https:\\\/\\\/coparmexjal.org.mx\\\/entorno-empresarial\\\/wp-content\\\/uploads\\\/2021\\\/01\\\/ant-rozetsky-lr9vo8mNvrc-unsplash.jpg\",\"keywords\":[\"coparmex jalisco\",\"empresas\",\"horarios escalonados\",\"Jalisco\"],\"articleSection\":[\"Noticias\"],\"inLanguage\":\"es\",\"potentialAction\":[{\"@type\":\"CommentAction\",\"name\":\"Comment\",\"target\":[\"https:\\\/\\\/coparmexjal.org.mx\\\/entorno-empresarial\\\/sugieren-horarios-escalonados-a-empresas-para-evitar-acumulaciones-en-el-transporte-publico\\\/#respond\"]}]},{\"@type\":\"WebPage\",\"@id\":\"https:\\\/\\\/coparmexjal.org.mx\\\/entorno-empresarial\\\/sugieren-horarios-escalonados-a-empresas-para-evitar-acumulaciones-en-el-transporte-publico\\\/\",\"url\":\"https:\\\/\\\/coparmexjal.org.mx\\\/entorno-empresarial\\\/sugieren-horarios-escalonados-a-empresas-para-evitar-acumulaciones-en-el-transporte-publico\\\/\",\"name\":\"Sugieren horarios escalonados a empresas para evitar acumulaciones en el transporte pu\u0301blico - Entorno Empresarial\",\"isPartOf\":{\"@id\":\"https:\\\/\\\/coparmexjal.org.mx\\\/entorno-empresarial\\\/#website\"},\"primaryImageOfPage\":{\"@id\":\"https:\\\/\\\/coparmexjal.org.mx\\\/entorno-empresarial\\\/sugieren-horarios-escalonados-a-empresas-para-evitar-acumulaciones-en-el-transporte-publico\\\/#primaryimage\"},\"image\":{\"@id\":\"https:\\\/\\\/coparmexjal.org.mx\\\/entorno-empresarial\\\/sugieren-horarios-escalonados-a-empresas-para-evitar-acumulaciones-en-el-transporte-publico\\\/#primaryimage\"},\"thumbnailUrl\":\"https:\\\/\\\/coparmexjal.org.mx\\\/entorno-empresarial\\\/wp-content\\\/uploads\\\/2021\\\/01\\\/ant-rozetsky-lr9vo8mNvrc-unsplash.jpg\",\"datePublished\":\"2020-11-02T19:05:00+00:00\",\"dateModified\":\"2021-01-19T19:17:37+00:00\",\"breadcrumb\":{\"@id\":\"https:\\\/\\\/coparmexjal.org.mx\\\/entorno-empresarial\\\/sugieren-horarios-escalonados-a-empresas-para-evitar-acumulaciones-en-el-transporte-publico\\\/#breadcrumb\"},\"inLanguage\":\"es\",\"potentialAction\":[{\"@type\":\"ReadAction\",\"target\":[\"https:\\\/\\\/coparmexjal.org.mx\\\/entorno-empresarial\\\/sugieren-horarios-escalonados-a-empresas-para-evitar-acumulaciones-en-el-transporte-publico\\\/\"]}]},{\"@type\":\"ImageObject\",\"inLanguage\":\"es\",\"@id\":\"https:\\\/\\\/coparmexjal.org.mx\\\/entorno-empresarial\\\/sugieren-horarios-escalonados-a-empresas-para-evitar-acumulaciones-en-el-transporte-publico\\\/#primaryimage\",\"url\":\"https:\\\/\\\/coparmexjal.org.mx\\\/entorno-empresarial\\\/wp-content\\\/uploads\\\/2021\\\/01\\\/ant-rozetsky-lr9vo8mNvrc-unsplash.jpg\",\"contentUrl\":\"https:\\\/\\\/coparmexjal.org.mx\\\/entorno-empresarial\\\/wp-content\\\/uploads\\\/2021\\\/01\\\/ant-rozetsky-lr9vo8mNvrc-unsplash.jpg\",\"width\":1422,\"height\":800},{\"@type\":\"BreadcrumbList\",\"@id\":\"https:\\\/\\\/coparmexjal.org.mx\\\/entorno-empresarial\\\/sugieren-horarios-escalonados-a-empresas-para-evitar-acumulaciones-en-el-transporte-publico\\\/#breadcrumb\",\"itemListElement\":[{\"@type\":\"ListItem\",\"position\":1,\"name\":\"Inicio\",\"item\":\"https:\\\/\\\/coparmexjal.org.mx\\\/entorno-empresarial\\\/\"},{\"@type\":\"ListItem\",\"position\":2,\"name\":\"Sugieren horarios escalonados a empresas para evitar acumulaciones en el transporte pu\u0301blico\"}]},{\"@type\":\"WebSite\",\"@id\":\"https:\\\/\\\/coparmexjal.org.mx\\\/entorno-empresarial\\\/#website\",\"url\":\"https:\\\/\\\/coparmexjal.org.mx\\\/entorno-empresarial\\\/\",\"name\":\"Revista Entorno Empresarial\",\"description\":\"Coparmex Jalisco\",\"publisher\":{\"@id\":\"https:\\\/\\\/coparmexjal.org.mx\\\/entorno-empresarial\\\/#organization\"},\"potentialAction\":[{\"@type\":\"SearchAction\",\"target\":{\"@type\":\"EntryPoint\",\"urlTemplate\":\"https:\\\/\\\/coparmexjal.org.mx\\\/entorno-empresarial\\\/?s={search_term_string}\"},\"query-input\":{\"@type\":\"PropertyValueSpecification\",\"valueRequired\":true,\"valueName\":\"search_term_string\"}}],\"inLanguage\":\"es\"},{\"@type\":\"Organization\",\"@id\":\"https:\\\/\\\/coparmexjal.org.mx\\\/entorno-empresarial\\\/#organization\",\"name\":\"Coparmex Jalisco\",\"url\":\"https:\\\/\\\/coparmexjal.org.mx\\\/entorno-empresarial\\\/\",\"logo\":{\"@type\":\"ImageObject\",\"inLanguage\":\"es\",\"@id\":\"https:\\\/\\\/coparmexjal.org.mx\\\/entorno-empresarial\\\/#\\\/schema\\\/logo\\\/image\\\/\",\"url\":\"https:\\\/\\\/coparmexjal.org.mx\\\/entorno-empresarial\\\/wp-content\\\/uploads\\\/2020\\\/02\\\/logo-amp.png\",\"contentUrl\":\"https:\\\/\\\/coparmexjal.org.mx\\\/entorno-empresarial\\\/wp-content\\\/uploads\\\/2020\\\/02\\\/logo-amp.png\",\"width\":120,\"height\":90,\"caption\":\"Coparmex Jalisco\"},\"image\":{\"@id\":\"https:\\\/\\\/coparmexjal.org.mx\\\/entorno-empresarial\\\/#\\\/schema\\\/logo\\\/image\\\/\"},\"sameAs\":[\"https:\\\/\\\/facebook.com\\\/comcoparmex\",\"https:\\\/\\\/x.com\\\/comcoparmex\",\"http:\\\/\\\/instagram.com\\\/coparmexjalisco\",\"https:\\\/\\\/mx.linkedin.com\\\/company\\\/coparmex-jalisco\",\"https:\\\/\\\/www.youtube.com\\\/c\\\/CoparmexJaliscomx\"]},{\"@type\":\"Person\",\"@id\":\"https:\\\/\\\/coparmexjal.org.mx\\\/entorno-empresarial\\\/#\\\/schema\\\/person\\\/7d1d56a9587bfb3a725cd3dbfbdb9d44\",\"name\":\"Coparmex Jalisco\",\"image\":{\"@type\":\"ImageObject\",\"inLanguage\":\"es\",\"@id\":\"https:\\\/\\\/coparmexjal.org.mx\\\/entorno-empresarial\\\/wp-content\\\/uploads\\\/2020\\\/06\\\/favicon-150x133.png\",\"url\":\"https:\\\/\\\/coparmexjal.org.mx\\\/entorno-empresarial\\\/wp-content\\\/uploads\\\/2020\\\/06\\\/favicon-150x133.png\",\"contentUrl\":\"https:\\\/\\\/coparmexjal.org.mx\\\/entorno-empresarial\\\/wp-content\\\/uploads\\\/2020\\\/06\\\/favicon-150x133.png\",\"caption\":\"Coparmex Jalisco\"},\"url\":\"https:\\\/\\\/coparmexjal.org.mx\\\/entorno-empresarial\\\/author\\\/coparmexjalisco\\\/\"}]}<\/script>\n<!-- \/ Yoast SEO plugin. -->","yoast_head_json":{"title":"Sugieren horarios escalonados a empresas para evitar acumulaciones en el transporte pu\u0301blico - Entorno Empresarial","robots":{"index":"index","follow":"follow","max-snippet":"max-snippet:-1","max-image-preview":"max-image-preview:large","max-video-preview":"max-video-preview:-1"},"canonical":"https:\/\/coparmexjal.org.mx\/entorno-empresarial\/sugieren-horarios-escalonados-a-empresas-para-evitar-acumulaciones-en-el-transporte-publico\/","og_locale":"es_MX","og_type":"article","og_title":"Sugieren horarios escalonados a empresas para evitar acumulaciones en el transporte pu\u0301blico - Entorno Empresarial","og_description":"Derivado de las restricciones de horario por la activaci\u00f3n del bot\u00f3n de emergencia, el Gobierno del Estado public\u00f3 un decreto mediante el cual sugiere que","og_url":"https:\/\/coparmexjal.org.mx\/entorno-empresarial\/sugieren-horarios-escalonados-a-empresas-para-evitar-acumulaciones-en-el-transporte-publico\/","og_site_name":"Entorno Empresarial","article_publisher":"https:\/\/facebook.com\/comcoparmex","article_published_time":"2020-11-02T19:05:00+00:00","article_modified_time":"2021-01-19T19:17:37+00:00","og_image":[{"width":1422,"height":800,"url":"https:\/\/coparmexjal.org.mx\/entorno-empresarial\/wp-content\/uploads\/2021\/01\/ant-rozetsky-lr9vo8mNvrc-unsplash.jpg","type":"image\/jpeg"}],"author":"Coparmex Jalisco","twitter_card":"summary_large_image","twitter_creator":"@comcoparmex","twitter_site":"@comcoparmex","twitter_misc":{"Escrito por":"Coparmex Jalisco","Tiempo de lectura":"2 minutos"},"schema":{"@context":"https:\/\/schema.org","@graph":[{"@type":"Article","@id":"https:\/\/coparmexjal.org.mx\/entorno-empresarial\/sugieren-horarios-escalonados-a-empresas-para-evitar-acumulaciones-en-el-transporte-publico\/#article","isPartOf":{"@id":"https:\/\/coparmexjal.org.mx\/entorno-empresarial\/sugieren-horarios-escalonados-a-empresas-para-evitar-acumulaciones-en-el-transporte-publico\/"},"author":{"name":"Coparmex Jalisco","@id":"https:\/\/coparmexjal.org.mx\/entorno-empresarial\/#\/schema\/person\/7d1d56a9587bfb3a725cd3dbfbdb9d44"},"headline":"Sugieren horarios escalonados a empresas para evitar acumulaciones en el transporte pu\u0301blico","datePublished":"2020-11-02T19:05:00+00:00","dateModified":"2021-01-19T19:17:37+00:00","mainEntityOfPage":{"@id":"https:\/\/coparmexjal.org.mx\/entorno-empresarial\/sugieren-horarios-escalonados-a-empresas-para-evitar-acumulaciones-en-el-transporte-publico\/"},"wordCount":373,"commentCount":0,"publisher":{"@id":"https:\/\/coparmexjal.org.mx\/entorno-empresarial\/#organization"},"image":{"@id":"https:\/\/coparmexjal.org.mx\/entorno-empresarial\/sugieren-horarios-escalonados-a-empresas-para-evitar-acumulaciones-en-el-transporte-publico\/#primaryimage"},"thumbnailUrl":"https:\/\/coparmexjal.org.mx\/entorno-empresarial\/wp-content\/uploads\/2021\/01\/ant-rozetsky-lr9vo8mNvrc-unsplash.jpg","keywords":["coparmex jalisco","empresas","horarios escalonados","Jalisco"],"articleSection":["Noticias"],"inLanguage":"es","potentialAction":[{"@type":"CommentAction","name":"Comment","target":["https:\/\/coparmexjal.org.mx\/entorno-empresarial\/sugieren-horarios-escalonados-a-empresas-para-evitar-acumulaciones-en-el-transporte-publico\/#respond"]}]},{"@type":"WebPage","@id":"https:\/\/coparmexjal.org.mx\/entorno-empresarial\/sugieren-horarios-escalonados-a-empresas-para-evitar-acumulaciones-en-el-transporte-publico\/","url":"https:\/\/coparmexjal.org.mx\/entorno-empresarial\/sugieren-horarios-escalonados-a-empresas-para-evitar-acumulaciones-en-el-transporte-publico\/","name":"Sugieren horarios escalonados a empresas para evitar acumulaciones en el transporte pu\u0301blico - Entorno Empresarial","isPartOf":{"@id":"https:\/\/coparmexjal.org.mx\/entorno-empresarial\/#website"},"primaryImageOfPage":{"@id":"https:\/\/coparmexjal.org.mx\/entorno-empresarial\/sugieren-horarios-escalonados-a-empresas-para-evitar-acumulaciones-en-el-transporte-publico\/#primaryimage"},"image":{"@id":"https:\/\/coparmexjal.org.mx\/entorno-empresarial\/sugieren-horarios-escalonados-a-empresas-para-evitar-acumulaciones-en-el-transporte-publico\/#primaryimage"},"thumbnailUrl":"https:\/\/coparmexjal.org.mx\/entorno-empresarial\/wp-content\/uploads\/2021\/01\/ant-rozetsky-lr9vo8mNvrc-unsplash.jpg","datePublished":"2020-11-02T19:05:00+00:00","dateModified":"2021-01-19T19:17:37+00:00","breadcrumb":{"@id":"https:\/\/coparmexjal.org.mx\/entorno-empresarial\/sugieren-horarios-escalonados-a-empresas-para-evitar-acumulaciones-en-el-transporte-publico\/#breadcrumb"},"inLanguage":"es","potentialAction":[{"@type":"ReadAction","target":["https:\/\/coparmexjal.org.mx\/entorno-empresarial\/sugieren-horarios-escalonados-a-empresas-para-evitar-acumulaciones-en-el-transporte-publico\/"]}]},{"@type":"ImageObject","inLanguage":"es","@id":"https:\/\/coparmexjal.org.mx\/entorno-empresarial\/sugieren-horarios-escalonados-a-empresas-para-evitar-acumulaciones-en-el-transporte-publico\/#primaryimage","url":"https:\/\/coparmexjal.org.mx\/entorno-empresarial\/wp-content\/uploads\/2021\/01\/ant-rozetsky-lr9vo8mNvrc-unsplash.jpg","contentUrl":"https:\/\/coparmexjal.org.mx\/entorno-empresarial\/wp-content\/uploads\/2021\/01\/ant-rozetsky-lr9vo8mNvrc-unsplash.jpg","width":1422,"height":800},{"@type":"BreadcrumbList","@id":"https:\/\/coparmexjal.org.mx\/entorno-empresarial\/sugieren-horarios-escalonados-a-empresas-para-evitar-acumulaciones-en-el-transporte-publico\/#breadcrumb","itemListElement":[{"@type":"ListItem","position":1,"name":"Inicio","item":"https:\/\/coparmexjal.org.mx\/entorno-empresarial\/"},{"@type":"ListItem","position":2,"name":"Sugieren horarios escalonados a empresas para evitar acumulaciones en el transporte pu\u0301blico"}]},{"@type":"WebSite","@id":"https:\/\/coparmexjal.org.mx\/entorno-empresarial\/#website","url":"https:\/\/coparmexjal.org.mx\/entorno-empresarial\/","name":"Revista Entorno Empresarial","description":"Coparmex Jalisco","publisher":{"@id":"https:\/\/coparmexjal.org.mx\/entorno-empresarial\/#organization"},"potentialAction":[{"@type":"SearchAction","target":{"@type":"EntryPoint","urlTemplate":"https:\/\/coparmexjal.org.mx\/entorno-empresarial\/?s={search_term_string}"},"query-input":{"@type":"PropertyValueSpecification","valueRequired":true,"valueName":"search_term_string"}}],"inLanguage":"es"},{"@type":"Organization","@id":"https:\/\/coparmexjal.org.mx\/entorno-empresarial\/#organization","name":"Coparmex Jalisco","url":"https:\/\/coparmexjal.org.mx\/entorno-empresarial\/","logo":{"@type":"ImageObject","inLanguage":"es","@id":"https:\/\/coparmexjal.org.mx\/entorno-empresarial\/#\/schema\/logo\/image\/","url":"https:\/\/coparmexjal.org.mx\/entorno-empresarial\/wp-content\/uploads\/2020\/02\/logo-amp.png","contentUrl":"https:\/\/coparmexjal.org.mx\/entorno-empresarial\/wp-content\/uploads\/2020\/02\/logo-amp.png","width":120,"height":90,"caption":"Coparmex Jalisco"},"image":{"@id":"https:\/\/coparmexjal.org.mx\/entorno-empresarial\/#\/schema\/logo\/image\/"},"sameAs":["https:\/\/facebook.com\/comcoparmex","https:\/\/x.com\/comcoparmex","http:\/\/instagram.com\/coparmexjalisco","https:\/\/mx.linkedin.com\/company\/coparmex-jalisco","https:\/\/www.youtube.com\/c\/CoparmexJaliscomx"]},{"@type":"Person","@id":"https:\/\/coparmexjal.org.mx\/entorno-empresarial\/#\/schema\/person\/7d1d56a9587bfb3a725cd3dbfbdb9d44","name":"Coparmex Jalisco","image":{"@type":"ImageObject","inLanguage":"es","@id":"https:\/\/coparmexjal.org.mx\/entorno-empresarial\/wp-content\/uploads\/2020\/06\/favicon-150x133.png","url":"https:\/\/coparmexjal.org.mx\/entorno-empresarial\/wp-content\/uploads\/2020\/06\/favicon-150x133.png","contentUrl":"https:\/\/coparmexjal.org.mx\/entorno-empresarial\/wp-content\/uploads\/2020\/06\/favicon-150x133.png","caption":"Coparmex Jalisco"},"url":"https:\/\/coparmexjal.org.mx\/entorno-empresarial\/author\/coparmexjalisco\/"}]}},"_links":{"self":[{"href":"https:\/\/coparmexjal.org.mx\/entorno-empresarial\/wp-json\/wp\/v2\/posts\/4547","targetHints":{"allow":["GET"]}}],"collection":[{"href":"https:\/\/coparmexjal.org.mx\/entorno-empresarial\/wp-json\/wp\/v2\/posts"}],"about":[{"href":"https:\/\/coparmexjal.org.mx\/entorno-empresarial\/wp-json\/wp\/v2\/types\/post"}],"author":[{"embeddable":true,"href":"https:\/\/coparmexjal.org.mx\/entorno-empresarial\/wp-json\/wp\/v2\/users\/2"}],"replies":[{"embeddable":true,"href":"https:\/\/coparmexjal.org.mx\/entorno-empresarial\/wp-json\/wp\/v2\/comments?post=4547"}],"version-history":[{"count":1,"href":"https:\/\/coparmexjal.org.mx\/entorno-empresarial\/wp-json\/wp\/v2\/posts\/4547\/revisions"}],"predecessor-version":[{"id":4549,"href":"https:\/\/coparmexjal.org.mx\/entorno-empresarial\/wp-json\/wp\/v2\/posts\/4547\/revisions\/4549"}],"wp:featuredmedia":[{"embeddable":true,"href":"https:\/\/coparmexjal.org.mx\/entorno-empresarial\/wp-json\/wp\/v2\/media\/4548"}],"wp:attachment":[{"href":"https:\/\/coparmexjal.org.mx\/entorno-empresarial\/wp-json\/wp\/v2\/media?parent=4547"}],"wp:term":[{"taxonomy":"category","embeddable":true,"href":"https:\/\/coparmexjal.org.mx\/entorno-empresarial\/wp-json\/wp\/v2\/categories?post=4547"},{"taxonomy":"post_tag","embeddable":true,"href":"https:\/\/coparmexjal.org.mx\/entorno-empresarial\/wp-json\/wp\/v2\/tags?post=4547"}],"curies":[{"name":"wp","href":"https:\/\/api.w.org\/{rel}","templated":true}]}}