{"id":4538,"date":"2020-11-12T11:40:00","date_gmt":"2020-11-12T17:40:00","guid":{"rendered":"https:\/\/coparmexjal.org.mx\/entorno-empresarial\/?p=4538"},"modified":"2021-01-19T11:46:39","modified_gmt":"2021-01-19T17:46:39","slug":"anuncian-nuevas-medidas-posteriores-al-boton-de-emergencia","status":"publish","type":"post","link":"https:\/\/coparmexjal.org.mx\/entorno-empresarial\/anuncian-nuevas-medidas-posteriores-al-boton-de-emergencia\/","title":{"rendered":"Anuncian nuevas medidas posteriores al Boto\u0301n de Emergencia"},"content":{"rendered":"\n<p>De acuerdo a la informaci\u00f3n presentada por el Gobierno del Estado de Jalisco a partir de este viernes 13 de noviembre las medidas restrictivas del Bot\u00f3n de emergencia ya no estar\u00e1n en vigor.<\/p>\n\n\n\n<p>Es decir que las actividades econ\u00f3micas regresar\u00e1n a su operaci\u00f3n conforme se encontraban antes de la activaci\u00f3n de Bot\u00f3n de Emergencia por lo cual continuar\u00e1n operando con los mismo protocolos establecidos anteriormente por las autoridades de salud.<\/p>\n\n\n\n<ul class=\"wp-block-list\"><li>\u25cf &nbsp;Bares, cantinas y antros permanecer\u00e1n cerrados.<\/li><li>\u25cf &nbsp;Iglesias y centros de culto permanecer\u00e1n con las restricciones de aforo al 50%<\/li><li>\u25cf &nbsp;Parques y espacios p\u00fablicos ser\u00e1n \u00fanicamente para realizar actividades individuales y con restricci\u00f3n de aforo.<\/li><li>\u25cf &nbsp;Contin\u00faan restringidas las celebraciones como fiestas patronales, c\u00edvicas o comunitarias, de regi\u00f3n, municipio o localidad.<\/li><li>\u25cf &nbsp;Los restaurantes continuar\u00e1n operando en el horario con el que estaban antes del bot\u00f3n y con control de aforo y mesas.<\/li><li>\u25cf &nbsp;Es importante garantizar que la espera para entrar a restaurantes sea controlada. <strong>Medidas preventivas de salud: Buen Fin<\/strong><\/li><\/ul>\n\n\n\n<ul class=\"wp-block-list\"><li>\u25cf &nbsp;Acudir 1 sola persona por familia a realizar las compras.<\/li><li>\u25cf &nbsp;No acudir si est\u00e1s enfermo.<\/li><li>\u25cf &nbsp;Utilizar todo el tiempo el cubrebocas, mantener la sana distancia y lavar constantemente las manos o utilizar alcohol en gel.<\/li><li>\u25cf &nbsp;Al interior de las tiendas se sugiere permanecer en silencio el mayor tiempo posible.<\/li><li><strong>\u25cf &nbsp;<\/strong>Evitar las 3 C; Espacios <strong>cerrados, <\/strong>lugares <strong>congestionados y contactos<\/strong> <strong>cercanos.<\/strong> Con <strong>motivo del buen fin <\/strong>los centros comerciales podr\u00e1n cerrar hasta las 23:00 hrs., continuando con las medidas que dictan los protocolos y solo se permitir\u00e1 hasta un menor por familia.<\/li><\/ul>\n\n\n\n<p>El efecto econ\u00f3mico ha sido devastador para la empresa, empleo e ingresos de los colaboradores. Hasta el momento no se tiene previsto una ampliaci\u00f3n del bot\u00f3n, pero debemos de evitar el crecimiento de contagios para no continuar afectando la actividad productiva.<\/p>\n\n\n\n<p>Continuaremos en coordinaci\u00f3n con el Gobierno del Estado para generar estrategias que sumen al cuidado de la salud de la mano del cuidado a la econom\u00eda.<\/p>\n\n\n\n<p>Si tienes dudas sobre los protocolos sanitarios que se ten\u00edan hasta antes del Bot\u00f3n de emergencia consulta:<br><strong>Sector Servicios: <\/strong>https:\/\/coronavirus.jalisco.gob.mx\/wp-content\/uploads\/2020\/05\/200525-Jalisco-Servici os-protocolo-de-accion-ante-Covid19-1.pdf<\/p>\n\n\n\n<p><strong>Sector comercio:<\/strong><\/p>\n\n\n\n<p>https:\/\/reactivacioneconomica.jalisco.gob.mx\/wp-content\/uploads\/2020\/06\/13.08.20-Ja lisco-Comercio-Protocolo-de-accion.pdf<\/p>\n\n\n\n<p><strong>Sector Industria:<\/strong><\/p>\n\n\n\n<p>https:\/\/coronavirus.jalisco.gob.mx\/wp-content\/uploads\/2020\/05\/200525-Jalisco-Industri a-protocolo-de-accion-ante-Covid19.pdf<\/p>\n\n\n\n<p><strong>Sector Turismo:<\/strong><\/p>\n\n\n\n<p>https:\/\/coronavirus.jalisco.gob.mx\/wp-content\/uploads\/2020\/05\/200525-Jalisco-Turism o-protocolo-de-accion-ante-Covid19.pdf<\/p>\n","protected":false},"excerpt":{"rendered":"<p>De acuerdo a la informaci\u00f3n presentada por el Gobierno del Estado de Jalisco a partir de este viernes 13 de noviembre las medidas restrictivas del<\/p>\n","protected":false},"author":2,"featured_media":4539,"comment_status":"open","ping_status":"open","sticky":false,"template":"","format":"standard","meta":{"footnotes":""},"categories":[348],"tags":[654,431,257,674],"class_list":["post-4538","post","type-post","status-publish","format-standard","has-post-thumbnail","hentry","category-noticias","tag-boton-emergencia","tag-covid-19","tag-jalisco","tag-salud"],"yoast_head":"<!-- This site is optimized with the Yoast SEO plugin v27.5 - https:\/\/yoast.com\/product\/yoast-seo-wordpress\/ -->\n<title>Anuncian nuevas medidas posteriores al Boto\u0301n de Emergencia - Entorno Empresarial<\/title>\n<meta name=\"robots\" content=\"index, follow, max-snippet:-1, max-image-preview:large, max-video-preview:-1\" \/>\n<link rel=\"canonical\" href=\"https:\/\/coparmexjal.org.mx\/entorno-empresarial\/anuncian-nuevas-medidas-posteriores-al-boton-de-emergencia\/\" \/>\n<meta property=\"og:locale\" content=\"es_MX\" \/>\n<meta property=\"og:type\" content=\"article\" \/>\n<meta property=\"og:title\" content=\"Anuncian nuevas medidas posteriores al Boto\u0301n de Emergencia - Entorno Empresarial\" \/>\n<meta property=\"og:description\" content=\"De acuerdo a la informaci\u00f3n presentada por el Gobierno del Estado de Jalisco a partir de este viernes 13 de noviembre las medidas restrictivas del\" \/>\n<meta property=\"og:url\" content=\"https:\/\/coparmexjal.org.mx\/entorno-empresarial\/anuncian-nuevas-medidas-posteriores-al-boton-de-emergencia\/\" \/>\n<meta property=\"og:site_name\" content=\"Entorno Empresarial\" \/>\n<meta property=\"article:publisher\" content=\"https:\/\/facebook.com\/comcoparmex\" \/>\n<meta property=\"article:published_time\" content=\"2020-11-12T17:40:00+00:00\" \/>\n<meta property=\"article:modified_time\" content=\"2021-01-19T17:46:39+00:00\" \/>\n<meta property=\"og:image\" content=\"https:\/\/coparmexjal.org.mx\/entorno-empresarial\/wp-content\/uploads\/2021\/01\/quino-al-Ybo48usvnaE-unsplash.jpg\" \/>\n\t<meta property=\"og:image:width\" content=\"1200\" \/>\n\t<meta property=\"og:image:height\" content=\"800\" \/>\n\t<meta property=\"og:image:type\" content=\"image\/jpeg\" \/>\n<meta name=\"author\" content=\"Coparmex Jalisco\" \/>\n<meta name=\"twitter:card\" content=\"summary_large_image\" \/>\n<meta name=\"twitter:creator\" content=\"@comcoparmex\" \/>\n<meta name=\"twitter:site\" content=\"@comcoparmex\" \/>\n<meta name=\"twitter:label1\" content=\"Escrito por\" \/>\n\t<meta name=\"twitter:data1\" content=\"Coparmex Jalisco\" \/>\n\t<meta name=\"twitter:label2\" content=\"Tiempo de lectura\" \/>\n\t<meta name=\"twitter:data2\" content=\"2 minutos\" \/>\n<script type=\"application\/ld+json\" class=\"yoast-schema-graph\">{\"@context\":\"https:\\\/\\\/schema.org\",\"@graph\":[{\"@type\":\"Article\",\"@id\":\"https:\\\/\\\/coparmexjal.org.mx\\\/entorno-empresarial\\\/anuncian-nuevas-medidas-posteriores-al-boton-de-emergencia\\\/#article\",\"isPartOf\":{\"@id\":\"https:\\\/\\\/coparmexjal.org.mx\\\/entorno-empresarial\\\/anuncian-nuevas-medidas-posteriores-al-boton-de-emergencia\\\/\"},\"author\":{\"name\":\"Coparmex Jalisco\",\"@id\":\"https:\\\/\\\/coparmexjal.org.mx\\\/entorno-empresarial\\\/#\\\/schema\\\/person\\\/7d1d56a9587bfb3a725cd3dbfbdb9d44\"},\"headline\":\"Anuncian nuevas medidas posteriores al Boto\u0301n de Emergencia\",\"datePublished\":\"2020-11-12T17:40:00+00:00\",\"dateModified\":\"2021-01-19T17:46:39+00:00\",\"mainEntityOfPage\":{\"@id\":\"https:\\\/\\\/coparmexjal.org.mx\\\/entorno-empresarial\\\/anuncian-nuevas-medidas-posteriores-al-boton-de-emergencia\\\/\"},\"wordCount\":425,\"commentCount\":0,\"publisher\":{\"@id\":\"https:\\\/\\\/coparmexjal.org.mx\\\/entorno-empresarial\\\/#organization\"},\"image\":{\"@id\":\"https:\\\/\\\/coparmexjal.org.mx\\\/entorno-empresarial\\\/anuncian-nuevas-medidas-posteriores-al-boton-de-emergencia\\\/#primaryimage\"},\"thumbnailUrl\":\"https:\\\/\\\/coparmexjal.org.mx\\\/entorno-empresarial\\\/wp-content\\\/uploads\\\/2021\\\/01\\\/quino-al-Ybo48usvnaE-unsplash.jpg\",\"keywords\":[\"bot\u00f3n emergencia\",\"covid-19\",\"Jalisco\",\"salud\"],\"articleSection\":[\"Noticias\"],\"inLanguage\":\"es\",\"potentialAction\":[{\"@type\":\"CommentAction\",\"name\":\"Comment\",\"target\":[\"https:\\\/\\\/coparmexjal.org.mx\\\/entorno-empresarial\\\/anuncian-nuevas-medidas-posteriores-al-boton-de-emergencia\\\/#respond\"]}]},{\"@type\":\"WebPage\",\"@id\":\"https:\\\/\\\/coparmexjal.org.mx\\\/entorno-empresarial\\\/anuncian-nuevas-medidas-posteriores-al-boton-de-emergencia\\\/\",\"url\":\"https:\\\/\\\/coparmexjal.org.mx\\\/entorno-empresarial\\\/anuncian-nuevas-medidas-posteriores-al-boton-de-emergencia\\\/\",\"name\":\"Anuncian nuevas medidas posteriores al Boto\u0301n de Emergencia - Entorno Empresarial\",\"isPartOf\":{\"@id\":\"https:\\\/\\\/coparmexjal.org.mx\\\/entorno-empresarial\\\/#website\"},\"primaryImageOfPage\":{\"@id\":\"https:\\\/\\\/coparmexjal.org.mx\\\/entorno-empresarial\\\/anuncian-nuevas-medidas-posteriores-al-boton-de-emergencia\\\/#primaryimage\"},\"image\":{\"@id\":\"https:\\\/\\\/coparmexjal.org.mx\\\/entorno-empresarial\\\/anuncian-nuevas-medidas-posteriores-al-boton-de-emergencia\\\/#primaryimage\"},\"thumbnailUrl\":\"https:\\\/\\\/coparmexjal.org.mx\\\/entorno-empresarial\\\/wp-content\\\/uploads\\\/2021\\\/01\\\/quino-al-Ybo48usvnaE-unsplash.jpg\",\"datePublished\":\"2020-11-12T17:40:00+00:00\",\"dateModified\":\"2021-01-19T17:46:39+00:00\",\"breadcrumb\":{\"@id\":\"https:\\\/\\\/coparmexjal.org.mx\\\/entorno-empresarial\\\/anuncian-nuevas-medidas-posteriores-al-boton-de-emergencia\\\/#breadcrumb\"},\"inLanguage\":\"es\",\"potentialAction\":[{\"@type\":\"ReadAction\",\"target\":[\"https:\\\/\\\/coparmexjal.org.mx\\\/entorno-empresarial\\\/anuncian-nuevas-medidas-posteriores-al-boton-de-emergencia\\\/\"]}]},{\"@type\":\"ImageObject\",\"inLanguage\":\"es\",\"@id\":\"https:\\\/\\\/coparmexjal.org.mx\\\/entorno-empresarial\\\/anuncian-nuevas-medidas-posteriores-al-boton-de-emergencia\\\/#primaryimage\",\"url\":\"https:\\\/\\\/coparmexjal.org.mx\\\/entorno-empresarial\\\/wp-content\\\/uploads\\\/2021\\\/01\\\/quino-al-Ybo48usvnaE-unsplash.jpg\",\"contentUrl\":\"https:\\\/\\\/coparmexjal.org.mx\\\/entorno-empresarial\\\/wp-content\\\/uploads\\\/2021\\\/01\\\/quino-al-Ybo48usvnaE-unsplash.jpg\",\"width\":1200,\"height\":800},{\"@type\":\"BreadcrumbList\",\"@id\":\"https:\\\/\\\/coparmexjal.org.mx\\\/entorno-empresarial\\\/anuncian-nuevas-medidas-posteriores-al-boton-de-emergencia\\\/#breadcrumb\",\"itemListElement\":[{\"@type\":\"ListItem\",\"position\":1,\"name\":\"Inicio\",\"item\":\"https:\\\/\\\/coparmexjal.org.mx\\\/entorno-empresarial\\\/\"},{\"@type\":\"ListItem\",\"position\":2,\"name\":\"Anuncian nuevas medidas posteriores al Boto\u0301n de Emergencia\"}]},{\"@type\":\"WebSite\",\"@id\":\"https:\\\/\\\/coparmexjal.org.mx\\\/entorno-empresarial\\\/#website\",\"url\":\"https:\\\/\\\/coparmexjal.org.mx\\\/entorno-empresarial\\\/\",\"name\":\"Revista Entorno Empresarial\",\"description\":\"Coparmex Jalisco\",\"publisher\":{\"@id\":\"https:\\\/\\\/coparmexjal.org.mx\\\/entorno-empresarial\\\/#organization\"},\"potentialAction\":[{\"@type\":\"SearchAction\",\"target\":{\"@type\":\"EntryPoint\",\"urlTemplate\":\"https:\\\/\\\/coparmexjal.org.mx\\\/entorno-empresarial\\\/?s={search_term_string}\"},\"query-input\":{\"@type\":\"PropertyValueSpecification\",\"valueRequired\":true,\"valueName\":\"search_term_string\"}}],\"inLanguage\":\"es\"},{\"@type\":\"Organization\",\"@id\":\"https:\\\/\\\/coparmexjal.org.mx\\\/entorno-empresarial\\\/#organization\",\"name\":\"Coparmex Jalisco\",\"url\":\"https:\\\/\\\/coparmexjal.org.mx\\\/entorno-empresarial\\\/\",\"logo\":{\"@type\":\"ImageObject\",\"inLanguage\":\"es\",\"@id\":\"https:\\\/\\\/coparmexjal.org.mx\\\/entorno-empresarial\\\/#\\\/schema\\\/logo\\\/image\\\/\",\"url\":\"https:\\\/\\\/coparmexjal.org.mx\\\/entorno-empresarial\\\/wp-content\\\/uploads\\\/2020\\\/02\\\/logo-amp.png\",\"contentUrl\":\"https:\\\/\\\/coparmexjal.org.mx\\\/entorno-empresarial\\\/wp-content\\\/uploads\\\/2020\\\/02\\\/logo-amp.png\",\"width\":120,\"height\":90,\"caption\":\"Coparmex Jalisco\"},\"image\":{\"@id\":\"https:\\\/\\\/coparmexjal.org.mx\\\/entorno-empresarial\\\/#\\\/schema\\\/logo\\\/image\\\/\"},\"sameAs\":[\"https:\\\/\\\/facebook.com\\\/comcoparmex\",\"https:\\\/\\\/x.com\\\/comcoparmex\",\"http:\\\/\\\/instagram.com\\\/coparmexjalisco\",\"https:\\\/\\\/mx.linkedin.com\\\/company\\\/coparmex-jalisco\",\"https:\\\/\\\/www.youtube.com\\\/c\\\/CoparmexJaliscomx\"]},{\"@type\":\"Person\",\"@id\":\"https:\\\/\\\/coparmexjal.org.mx\\\/entorno-empresarial\\\/#\\\/schema\\\/person\\\/7d1d56a9587bfb3a725cd3dbfbdb9d44\",\"name\":\"Coparmex Jalisco\",\"image\":{\"@type\":\"ImageObject\",\"inLanguage\":\"es\",\"@id\":\"https:\\\/\\\/coparmexjal.org.mx\\\/entorno-empresarial\\\/wp-content\\\/uploads\\\/2020\\\/06\\\/favicon-150x133.png\",\"url\":\"https:\\\/\\\/coparmexjal.org.mx\\\/entorno-empresarial\\\/wp-content\\\/uploads\\\/2020\\\/06\\\/favicon-150x133.png\",\"contentUrl\":\"https:\\\/\\\/coparmexjal.org.mx\\\/entorno-empresarial\\\/wp-content\\\/uploads\\\/2020\\\/06\\\/favicon-150x133.png\",\"caption\":\"Coparmex Jalisco\"},\"url\":\"https:\\\/\\\/coparmexjal.org.mx\\\/entorno-empresarial\\\/author\\\/coparmexjalisco\\\/\"}]}<\/script>\n<!-- \/ Yoast SEO plugin. -->","yoast_head_json":{"title":"Anuncian nuevas medidas posteriores al Boto\u0301n de Emergencia - Entorno Empresarial","robots":{"index":"index","follow":"follow","max-snippet":"max-snippet:-1","max-image-preview":"max-image-preview:large","max-video-preview":"max-video-preview:-1"},"canonical":"https:\/\/coparmexjal.org.mx\/entorno-empresarial\/anuncian-nuevas-medidas-posteriores-al-boton-de-emergencia\/","og_locale":"es_MX","og_type":"article","og_title":"Anuncian nuevas medidas posteriores al Boto\u0301n de Emergencia - Entorno Empresarial","og_description":"De acuerdo a la informaci\u00f3n presentada por el Gobierno del Estado de Jalisco a partir de este viernes 13 de noviembre las medidas restrictivas del","og_url":"https:\/\/coparmexjal.org.mx\/entorno-empresarial\/anuncian-nuevas-medidas-posteriores-al-boton-de-emergencia\/","og_site_name":"Entorno Empresarial","article_publisher":"https:\/\/facebook.com\/comcoparmex","article_published_time":"2020-11-12T17:40:00+00:00","article_modified_time":"2021-01-19T17:46:39+00:00","og_image":[{"width":1200,"height":800,"url":"https:\/\/coparmexjal.org.mx\/entorno-empresarial\/wp-content\/uploads\/2021\/01\/quino-al-Ybo48usvnaE-unsplash.jpg","type":"image\/jpeg"}],"author":"Coparmex Jalisco","twitter_card":"summary_large_image","twitter_creator":"@comcoparmex","twitter_site":"@comcoparmex","twitter_misc":{"Escrito por":"Coparmex Jalisco","Tiempo de lectura":"2 minutos"},"schema":{"@context":"https:\/\/schema.org","@graph":[{"@type":"Article","@id":"https:\/\/coparmexjal.org.mx\/entorno-empresarial\/anuncian-nuevas-medidas-posteriores-al-boton-de-emergencia\/#article","isPartOf":{"@id":"https:\/\/coparmexjal.org.mx\/entorno-empresarial\/anuncian-nuevas-medidas-posteriores-al-boton-de-emergencia\/"},"author":{"name":"Coparmex Jalisco","@id":"https:\/\/coparmexjal.org.mx\/entorno-empresarial\/#\/schema\/person\/7d1d56a9587bfb3a725cd3dbfbdb9d44"},"headline":"Anuncian nuevas medidas posteriores al Boto\u0301n de Emergencia","datePublished":"2020-11-12T17:40:00+00:00","dateModified":"2021-01-19T17:46:39+00:00","mainEntityOfPage":{"@id":"https:\/\/coparmexjal.org.mx\/entorno-empresarial\/anuncian-nuevas-medidas-posteriores-al-boton-de-emergencia\/"},"wordCount":425,"commentCount":0,"publisher":{"@id":"https:\/\/coparmexjal.org.mx\/entorno-empresarial\/#organization"},"image":{"@id":"https:\/\/coparmexjal.org.mx\/entorno-empresarial\/anuncian-nuevas-medidas-posteriores-al-boton-de-emergencia\/#primaryimage"},"thumbnailUrl":"https:\/\/coparmexjal.org.mx\/entorno-empresarial\/wp-content\/uploads\/2021\/01\/quino-al-Ybo48usvnaE-unsplash.jpg","keywords":["bot\u00f3n emergencia","covid-19","Jalisco","salud"],"articleSection":["Noticias"],"inLanguage":"es","potentialAction":[{"@type":"CommentAction","name":"Comment","target":["https:\/\/coparmexjal.org.mx\/entorno-empresarial\/anuncian-nuevas-medidas-posteriores-al-boton-de-emergencia\/#respond"]}]},{"@type":"WebPage","@id":"https:\/\/coparmexjal.org.mx\/entorno-empresarial\/anuncian-nuevas-medidas-posteriores-al-boton-de-emergencia\/","url":"https:\/\/coparmexjal.org.mx\/entorno-empresarial\/anuncian-nuevas-medidas-posteriores-al-boton-de-emergencia\/","name":"Anuncian nuevas medidas posteriores al Boto\u0301n de Emergencia - Entorno Empresarial","isPartOf":{"@id":"https:\/\/coparmexjal.org.mx\/entorno-empresarial\/#website"},"primaryImageOfPage":{"@id":"https:\/\/coparmexjal.org.mx\/entorno-empresarial\/anuncian-nuevas-medidas-posteriores-al-boton-de-emergencia\/#primaryimage"},"image":{"@id":"https:\/\/coparmexjal.org.mx\/entorno-empresarial\/anuncian-nuevas-medidas-posteriores-al-boton-de-emergencia\/#primaryimage"},"thumbnailUrl":"https:\/\/coparmexjal.org.mx\/entorno-empresarial\/wp-content\/uploads\/2021\/01\/quino-al-Ybo48usvnaE-unsplash.jpg","datePublished":"2020-11-12T17:40:00+00:00","dateModified":"2021-01-19T17:46:39+00:00","breadcrumb":{"@id":"https:\/\/coparmexjal.org.mx\/entorno-empresarial\/anuncian-nuevas-medidas-posteriores-al-boton-de-emergencia\/#breadcrumb"},"inLanguage":"es","potentialAction":[{"@type":"ReadAction","target":["https:\/\/coparmexjal.org.mx\/entorno-empresarial\/anuncian-nuevas-medidas-posteriores-al-boton-de-emergencia\/"]}]},{"@type":"ImageObject","inLanguage":"es","@id":"https:\/\/coparmexjal.org.mx\/entorno-empresarial\/anuncian-nuevas-medidas-posteriores-al-boton-de-emergencia\/#primaryimage","url":"https:\/\/coparmexjal.org.mx\/entorno-empresarial\/wp-content\/uploads\/2021\/01\/quino-al-Ybo48usvnaE-unsplash.jpg","contentUrl":"https:\/\/coparmexjal.org.mx\/entorno-empresarial\/wp-content\/uploads\/2021\/01\/quino-al-Ybo48usvnaE-unsplash.jpg","width":1200,"height":800},{"@type":"BreadcrumbList","@id":"https:\/\/coparmexjal.org.mx\/entorno-empresarial\/anuncian-nuevas-medidas-posteriores-al-boton-de-emergencia\/#breadcrumb","itemListElement":[{"@type":"ListItem","position":1,"name":"Inicio","item":"https:\/\/coparmexjal.org.mx\/entorno-empresarial\/"},{"@type":"ListItem","position":2,"name":"Anuncian nuevas medidas posteriores al Boto\u0301n de Emergencia"}]},{"@type":"WebSite","@id":"https:\/\/coparmexjal.org.mx\/entorno-empresarial\/#website","url":"https:\/\/coparmexjal.org.mx\/entorno-empresarial\/","name":"Revista Entorno Empresarial","description":"Coparmex Jalisco","publisher":{"@id":"https:\/\/coparmexjal.org.mx\/entorno-empresarial\/#organization"},"potentialAction":[{"@type":"SearchAction","target":{"@type":"EntryPoint","urlTemplate":"https:\/\/coparmexjal.org.mx\/entorno-empresarial\/?s={search_term_string}"},"query-input":{"@type":"PropertyValueSpecification","valueRequired":true,"valueName":"search_term_string"}}],"inLanguage":"es"},{"@type":"Organization","@id":"https:\/\/coparmexjal.org.mx\/entorno-empresarial\/#organization","name":"Coparmex Jalisco","url":"https:\/\/coparmexjal.org.mx\/entorno-empresarial\/","logo":{"@type":"ImageObject","inLanguage":"es","@id":"https:\/\/coparmexjal.org.mx\/entorno-empresarial\/#\/schema\/logo\/image\/","url":"https:\/\/coparmexjal.org.mx\/entorno-empresarial\/wp-content\/uploads\/2020\/02\/logo-amp.png","contentUrl":"https:\/\/coparmexjal.org.mx\/entorno-empresarial\/wp-content\/uploads\/2020\/02\/logo-amp.png","width":120,"height":90,"caption":"Coparmex Jalisco"},"image":{"@id":"https:\/\/coparmexjal.org.mx\/entorno-empresarial\/#\/schema\/logo\/image\/"},"sameAs":["https:\/\/facebook.com\/comcoparmex","https:\/\/x.com\/comcoparmex","http:\/\/instagram.com\/coparmexjalisco","https:\/\/mx.linkedin.com\/company\/coparmex-jalisco","https:\/\/www.youtube.com\/c\/CoparmexJaliscomx"]},{"@type":"Person","@id":"https:\/\/coparmexjal.org.mx\/entorno-empresarial\/#\/schema\/person\/7d1d56a9587bfb3a725cd3dbfbdb9d44","name":"Coparmex Jalisco","image":{"@type":"ImageObject","inLanguage":"es","@id":"https:\/\/coparmexjal.org.mx\/entorno-empresarial\/wp-content\/uploads\/2020\/06\/favicon-150x133.png","url":"https:\/\/coparmexjal.org.mx\/entorno-empresarial\/wp-content\/uploads\/2020\/06\/favicon-150x133.png","contentUrl":"https:\/\/coparmexjal.org.mx\/entorno-empresarial\/wp-content\/uploads\/2020\/06\/favicon-150x133.png","caption":"Coparmex Jalisco"},"url":"https:\/\/coparmexjal.org.mx\/entorno-empresarial\/author\/coparmexjalisco\/"}]}},"_links":{"self":[{"href":"https:\/\/coparmexjal.org.mx\/entorno-empresarial\/wp-json\/wp\/v2\/posts\/4538","targetHints":{"allow":["GET"]}}],"collection":[{"href":"https:\/\/coparmexjal.org.mx\/entorno-empresarial\/wp-json\/wp\/v2\/posts"}],"about":[{"href":"https:\/\/coparmexjal.org.mx\/entorno-empresarial\/wp-json\/wp\/v2\/types\/post"}],"author":[{"embeddable":true,"href":"https:\/\/coparmexjal.org.mx\/entorno-empresarial\/wp-json\/wp\/v2\/users\/2"}],"replies":[{"embeddable":true,"href":"https:\/\/coparmexjal.org.mx\/entorno-empresarial\/wp-json\/wp\/v2\/comments?post=4538"}],"version-history":[{"count":1,"href":"https:\/\/coparmexjal.org.mx\/entorno-empresarial\/wp-json\/wp\/v2\/posts\/4538\/revisions"}],"predecessor-version":[{"id":4540,"href":"https:\/\/coparmexjal.org.mx\/entorno-empresarial\/wp-json\/wp\/v2\/posts\/4538\/revisions\/4540"}],"wp:featuredmedia":[{"embeddable":true,"href":"https:\/\/coparmexjal.org.mx\/entorno-empresarial\/wp-json\/wp\/v2\/media\/4539"}],"wp:attachment":[{"href":"https:\/\/coparmexjal.org.mx\/entorno-empresarial\/wp-json\/wp\/v2\/media?parent=4538"}],"wp:term":[{"taxonomy":"category","embeddable":true,"href":"https:\/\/coparmexjal.org.mx\/entorno-empresarial\/wp-json\/wp\/v2\/categories?post=4538"},{"taxonomy":"post_tag","embeddable":true,"href":"https:\/\/coparmexjal.org.mx\/entorno-empresarial\/wp-json\/wp\/v2\/tags?post=4538"}],"curies":[{"name":"wp","href":"https:\/\/api.w.org\/{rel}","templated":true}]}}