{"id":4510,"date":"2021-01-13T19:11:52","date_gmt":"2021-01-14T01:11:52","guid":{"rendered":"https:\/\/coparmexjal.org.mx\/entorno-empresarial\/?p=4510"},"modified":"2021-01-13T19:15:13","modified_gmt":"2021-01-14T01:15:13","slug":"toma-compromiso-jose-medina","status":"publish","type":"post","link":"https:\/\/coparmexjal.org.mx\/entorno-empresarial\/toma-compromiso-jose-medina\/","title":{"rendered":"Toma de compromiso Jos\u00e9 Medina Mora. Presidente nacional COPARMEX"},"content":{"rendered":"\n<blockquote class=\"wp-block-quote has-text-align-center is-style-large is-layout-flow wp-block-quote-is-layout-flow\"><p>No podemos dejarle todo el peso al gobierno; COPARMEX pondr\u00e1 su granito de arena para superar la crisis.<\/p><cite>JOS\u00c9 MEDINA MORA<\/cite><\/blockquote>\n\n\n\n<ul class=\"wp-block-list\"><li><em>Con el Gobierno de M\u00e9xico habr\u00e1 respeto, di\u00e1logo, reconocimiento y colaboraci\u00f3n en todo lo que aporte al pa\u00eds, siempre con propuestas.<\/em><\/li><li><em>\u201cPorque nadie es mejor que todos juntos, trabajemos unidos por un Mejor M\u00e9xico\u201d, insisti\u00f3<\/em><\/li><\/ul>\n\n\n\n<div class=\"wp-block-image\"><figure class=\"alignleft size-large is-resized\"><img fetchpriority=\"high\" decoding=\"async\" src=\"https:\/\/coparmexjal.org.mx\/entorno-empresarial\/wp-content\/uploads\/2021\/01\/jmm.jpeg\" alt=\"\" class=\"wp-image-4511\" width=\"246\" height=\"369\" srcset=\"https:\/\/coparmexjal.org.mx\/entorno-empresarial\/wp-content\/uploads\/2021\/01\/jmm.jpeg 533w, https:\/\/coparmexjal.org.mx\/entorno-empresarial\/wp-content\/uploads\/2021\/01\/jmm-200x300.jpeg 200w\" sizes=\"(max-width: 246px) 100vw, 246px\" \/><\/figure><\/div>\n\n\n\n<p>Es momento de unidad y de trabajo conjunto para sacar a M\u00e9xico de las diversas crisis que enfrenta, pues no podemos dejarle todo el peso al Gobierno, asegur\u00f3 Jos\u00e9 Medina Mora Icaza en su Toma de Compromiso como Presidente Nacional de la Confederaci\u00f3n Patronal de la Rep\u00fablica Mexicana (COPARMEX) para el per\u00edodo 2021-2022.<\/p>\n\n\n\n<p>\u201cDesde Coparmex ofrecemos el di\u00e1logo para colaborar, encontrar esos consensos y con esto resolver los grandes desaf\u00edos que tenemos como pa\u00eds\u201d, se\u00f1al\u00f3 al enfatizar que la organizaci\u00f3n quiere poner su granito de arena en la b\u00fasqueda de soluciones a las crisis de salud, econ\u00f3mica, social, de seguridad p\u00fablica, pol\u00edtica, moral y de valores.<\/p>\n\n\n\n<p>Resalt\u00f3 que la crisis derivada de la pandemia del Covid-19, con m\u00e1s de 135 mil mexicanos fallecidos y m\u00e1s de un mill\u00f3n y medio contagiados, ha generado una crisis econ\u00f3mica con una p\u00e9rdida de alrededor de un mill\u00f3n cien mil empleos formales en s\u00f3lo 5 meses que no se han recuperado en su totalidad y tambi\u00e9n la p\u00e9rdida de m\u00e1s de un mill\u00f3n de empresas sobre todo micro y peque\u00f1as.<\/p>\n\n\n\n<p>El nuevo Presidente Nacional de la COPARMEX se\u00f1al\u00f3 que, para atender y superar estas fuertes crisis, el gran reto es unir fuerzas y voluntades para trabajar juntos: sector empresarial, gobierno, academia y sociedad.<\/p>\n\n\n\n<p>\u201cDesde Coparmex le ofrecemos a las empresas la confianza y acompa\u00f1amiento; al Gobierno la colaboraci\u00f3n y la cr\u00edtica, se\u00f1alaremos aquellas acciones que nos parezca que no van en la l\u00ednea que debe de ir el gobierno, pero tambi\u00e9n reconoceremos aquellos aciertos que nos lleven hac\u00eda el mejor M\u00e9xico que todos queremos\u201d, enfatiz\u00f3.<\/p>\n\n\n\n<p>\u201cA la sociedad en general ofrecemos este compromiso de trabajar todos unidos, no nada m\u00e1s desde Coparmex, sino todos los organismos del sector empresarial, colaborando con el sector acad\u00e9mico, colaborando con organismos de la sociedad civil, con la ciudadan\u00eda y desde luego con el Gobierno. Dado que nadie es mejor que todos juntos trabajemos unidos todos por ese mejor M\u00e9xico que todos queremos\u201d.<\/p>\n\n\n\n<p>A Tatiana Clouthier, la Secretar\u00eda de Econom\u00eda presente en el evento de forma virtual, le propuso colaborar para lograr la reactivaci\u00f3n de la econom\u00eda y la recuperaci\u00f3n del empleo.<\/p>\n\n\n\n<p>Mientras que a la Secretar\u00eda del Trabajo, Luisa Mar\u00eda Alcalde, le ofreci\u00f3 seguir impulsando el aumento del salario m\u00ednimo para llegar a la l\u00ednea del bienestar y tambi\u00e9n encontrar consensos para que haya una subcontrataci\u00f3n regulada y permitida, que respete todos los derechos de los trabajadores, pero al mismo tiempo conserve la competitividad que requiere el Pa\u00eds.<\/p>\n\n\n\n<p>Medina Mora dijo estar convencido de que la empresa es un veh\u00edculo de transformaci\u00f3n.<\/p>\n\n\n\n<div class=\"wp-block-image\"><figure class=\"alignright size-large is-resized\"><img decoding=\"async\" src=\"https:\/\/coparmexjal.org.mx\/entorno-empresarial\/wp-content\/uploads\/2021\/01\/jmm2-1024x683.jpeg\" alt=\"Toma de compromiso Jos\u00e9 Medina Mora\" class=\"wp-image-4512\" width=\"512\" height=\"342\" srcset=\"https:\/\/coparmexjal.org.mx\/entorno-empresarial\/wp-content\/uploads\/2021\/01\/jmm2-1024x683.jpeg 1024w, https:\/\/coparmexjal.org.mx\/entorno-empresarial\/wp-content\/uploads\/2021\/01\/jmm2-300x200.jpeg 300w, https:\/\/coparmexjal.org.mx\/entorno-empresarial\/wp-content\/uploads\/2021\/01\/jmm2-768x512.jpeg 768w, https:\/\/coparmexjal.org.mx\/entorno-empresarial\/wp-content\/uploads\/2021\/01\/jmm2.jpeg 1200w\" sizes=\"(max-width: 512px) 100vw, 512px\" \/><\/figure><\/div>\n\n\n\n<p>\u201cDesde aqu\u00ed hago un llamado a todas las empresas, a todos los emprendedores para que en una visi\u00f3n micro cada uno de nosotros con nuestros colaboradores logremos avanzar, estamos convencidos desde Coparmex que podremos resolver una gran parte de los problemas nacionales como salir de la pobreza educativa, de la pobreza de salud, de la pobreza patrimonial y de la pobreza alimentaria\u201d, se\u00f1al\u00f3.<\/p>\n\n\n\n<p>Para el dirigente empresarial, la misi\u00f3n que le da sentido a la Coparmex es promover el bien com\u00fan impulsando la innovaci\u00f3n y el emprendimiento para lograr un desarrollo econ\u00f3mico inclusivo y una econom\u00eda de mercado con responsabilidad social, lo que se aplica en las 36 mil empresas asociadas en 100 ciudades de la Rep\u00fablica.<\/p>\n\n\n\n<p>Durante su participaci\u00f3n en el evento, Tatiana Clouthier, Secretaria de Econom\u00eda del Gobierno de M\u00e9xico, expres\u00f3 que conoce a Medina Mora desde que ambos eran ni\u00f1os, por lo que confi\u00f3 en que seguir\u00e1n &#8220;tendiendo puentes&#8221; entre el Gobierno de M\u00e9xico y la Confederaci\u00f3n Patronal.<\/p>\n\n\n\n<p>\u201cMe encanta cuando dice que podr\u00e1n se\u00f1alar y criticar que se requiera las posturas, las circunstancias o las situaciones que no les gusten del Gobierno, igualmente que poder aplaudir\u201d sostuvo la funcionaria federal, quien apunt\u00f3 como coincidencias de la Administraci\u00f3n Federal con la COPARMEX, las metas de innovaci\u00f3n, de la inclusi\u00f3n y de la diversificaci\u00f3n.<\/p>\n\n\n\n<p>La Secretaria ofreci\u00f3 la mano a la COPARMEX para trabajar en conjunto. Aunado a ello destac\u00f3 que la Confederaci\u00f3n patronal ha sido capaz de caminar y ponerse a la altura de las circunstancias en muchos sentidos.<\/p>\n\n\n\n<p>Gustavo de Hoyos Walther, saliente Presidente Nacional de la COPARMEX, agradeci\u00f3 a su sucesor y resalt\u00f3 que el Sindicato Patronal es una gran organizaci\u00f3n, que tiene rumbo. \u201cNo tengan ninguna duda, que lo mejor para la COPARMEX, est\u00e1 por venir&#8221;, finaliz\u00f3.<\/p>\n\n\n\n<p>Por su parte, Jorge Arturo Zapata, Presidente de la Corporaci\u00f3n Zapata y representante de las Grandes Empresas Socias de la COPARMEX, indic\u00f3 que Medina Mora cuenta con todo el respaldo de las corporaciones, para el reto que de manera voluntaria y desinteresada asume.<\/p>\n\n\n\n<p>En su turno, Sonia Garza Gonz\u00e1lez, Presidente de la Asociaci\u00f3n Mexicana de Mujeres Jefas de Empresa (AMMJE) y representante de las Asociaciones Socias de la COPARMEX, refrend\u00f3 la visi\u00f3n de la Confederaci\u00f3n Patronal, como la conciencia del sector empresarial.<\/p>\n\n\n\n<p>Carlos Daniel Villase\u00f1or Franco, Presidente del Centro Empresarial de Jalisco y representante de los Sindicatos Patronales Socios de la COPARMEX, record\u00f3 que la fortaleza de la Confederaci\u00f3n Patronal se encuentra en cada una de las empresas que d\u00eda con d\u00eda apuestan por este gran pa\u00eds.<\/p>\n\n\n\n<p>M\u00f3nica Aspe Bernal, directora ejecutiva interina de AT&amp;T y representante de las L\u00edderes Empresarias de la COPARMEX, se dijo segura de que la propuesta de di\u00e1logo de Medina Mora Icaza, como representante del Sector Patronal, contribuir\u00e1 a acelerar este camino hacia la reactivaci\u00f3n econ\u00f3mica de nuestro pa\u00eds.<\/p>\n\n\n\n<p>F\u00e1tima Montiel Ch\u00e1vez, Presidenta de la Comisi\u00f3n de Empresarios J\u00f3venes y representante de los Emprendedores y de las MiPyMes Socias de la COPARMEX, record\u00f3 que la Confederaci\u00f3n Patronal siempre se ha caracterizado por fomentar el esp\u00edritu del emprendedor en los j\u00f3venes, as\u00ed como de desarrollar instrumentos que les animen y ayuden a proyectar y desarrollar sus iniciativas emprendedoras.<\/p>\n\n\n\n<div class=\"wp-block-image\"><figure class=\"aligncenter size-large is-resized\"><img decoding=\"async\" src=\"https:\/\/coparmexjal.org.mx\/entorno-empresarial\/wp-content\/uploads\/2021\/01\/jmm3-1024x683.jpeg\" alt=\"Jos\u00e9 Medina MOra\" class=\"wp-image-4513\" width=\"768\" height=\"512\" srcset=\"https:\/\/coparmexjal.org.mx\/entorno-empresarial\/wp-content\/uploads\/2021\/01\/jmm3-1024x683.jpeg 1024w, https:\/\/coparmexjal.org.mx\/entorno-empresarial\/wp-content\/uploads\/2021\/01\/jmm3-300x200.jpeg 300w, https:\/\/coparmexjal.org.mx\/entorno-empresarial\/wp-content\/uploads\/2021\/01\/jmm3-768x512.jpeg 768w, https:\/\/coparmexjal.org.mx\/entorno-empresarial\/wp-content\/uploads\/2021\/01\/jmm3.jpeg 1200w\" sizes=\"(max-width: 768px) 100vw, 768px\" \/><\/figure><\/div>\n\n\n\n<p>La Toma de Compromiso de Medina Mora corri\u00f3 a cargo de Marco Alfonso Santacruz Moctezuma, Presidente del Comit\u00e9 Electoral del organismo empresarial, quien destac\u00f3 que el Sindicato se ha distinguido por ser encabezado por l\u00edderes con profundo amor por M\u00e9xico, con compromiso social, por su calidad humana y por su entereza.<\/p>\n\n\n\n<p>El evento se realiz\u00f3 de manera h\u00edbrida, presencial y virtual, para cumplir con las medidas sanitarias de la Ciudad de M\u00e9xico y tuvo una convocatoria de alrededor de 2 mil 500 personas.<\/p>\n\n\n\n<p>El acto cont\u00f3 con la presencia de gran n\u00famero de invitados especiales, integrantes y representantes del gobierno, de los tres Poderes, partidos pol\u00edticos, gobernadores, legisladores, sociedad civil, academia, agrupaciones religiosas, cuerpo diplom\u00e1tico, representantes de organismos internacionales, organismos empresariales extranjeros, titulares de organismos aut\u00f3nomos, representantes sindicales y del sector empresarial, as\u00ed como empresarios de toda la Rep\u00fablica, y ciudadan\u00eda en general.<\/p>\n\n\n\n<p>Tambi\u00e9n se tuvo el acompa\u00f1amiento de integrantes y representantes de \u00f3rganos aut\u00f3nomos, organismos tripartitos y de agrupaciones religiosas. Adem\u00e1s de directivos de medios de comunicaci\u00f3n, l\u00edderes de opini\u00f3n, rectores y directivos de universidades, as\u00ed como de centros de estudio.<\/p>\n\n\n\n<p>Es de destacar la participaci\u00f3n de los 100 presidentes y directores de las ciudades donde la COPARMEX tiene presencia en la actualidad: 68 centros empresariales, 18 delegaciones y 14 representaciones; agrupados a trav\u00e9s de las federaciones de Baja California, Baj\u00edo Norte, Baj\u00edo- Centro, Centro, Chihuahua, Norte, Occidente, Pac\u00ed\ufb01co, Peninsular, Sureste, Sonora, Tamaulipas, Sur y Suroeste. Asimismo, a los consejeros nacionales, a los ex presidentes nacionales y todos los profesionales que laboran y conducen d\u00eda con d\u00eda la Confederaci\u00f3n Patronal.<\/p>\n\n\n\n<figure class=\"wp-block-embed is-type-video is-provider-youtube wp-block-embed-youtube wp-embed-aspect-16-9 wp-has-aspect-ratio\"><div class=\"wp-block-embed__wrapper\">\n<iframe title=\"#EnVivo Toma de Compromiso Jos\u00e9 Medina Mora Icaza, Presidente Nacional 2021 - 2022\" width=\"1200\" height=\"675\" src=\"https:\/\/www.youtube.com\/embed\/R6P0jYA9GAs?start=1354&#038;feature=oembed\" frameborder=\"0\" allow=\"accelerometer; autoplay; clipboard-write; encrypted-media; gyroscope; picture-in-picture\" allowfullscreen><\/iframe>\n<\/div><\/figure>\n","protected":false},"excerpt":{"rendered":"<p>No podemos dejarle todo el peso al gobierno; COPARMEX pondr\u00e1 su granito de arena para superar la crisis. JOS\u00c9 MEDINA MORA Con el Gobierno de<\/p>\n","protected":false},"author":2,"featured_media":4515,"comment_status":"open","ping_status":"open","sticky":false,"template":"","format":"standard","meta":{"footnotes":""},"categories":[348],"tags":[725,724,726],"class_list":["post-4510","post","type-post","status-publish","format-standard","has-post-thumbnail","hentry","category-noticias","tag-coparmex-nacional","tag-jose-medina-mora","tag-presidente-nacional"],"yoast_head":"<!-- This site is optimized with the Yoast SEO plugin v27.5 - https:\/\/yoast.com\/product\/yoast-seo-wordpress\/ -->\n<title>Toma de compromiso Jos\u00e9 Medina Mora - Entorno Empresarial<\/title>\n<meta name=\"description\" content=\"Es momento de unidad y de trabajo conjunto para sacar a M\u00e9xico de las diversas crisis que enfrenta\" \/>\n<meta name=\"robots\" content=\"index, follow, max-snippet:-1, max-image-preview:large, max-video-preview:-1\" \/>\n<link rel=\"canonical\" href=\"https:\/\/coparmexjal.org.mx\/entorno-empresarial\/toma-compromiso-jose-medina\/\" \/>\n<meta property=\"og:locale\" content=\"es_MX\" \/>\n<meta property=\"og:type\" content=\"article\" \/>\n<meta property=\"og:title\" content=\"Toma de compromiso Jos\u00e9 Medina Mora - Entorno Empresarial\" \/>\n<meta property=\"og:description\" content=\"Es momento de unidad y de trabajo conjunto para sacar a M\u00e9xico de las diversas crisis que enfrenta\" \/>\n<meta property=\"og:url\" content=\"https:\/\/coparmexjal.org.mx\/entorno-empresarial\/toma-compromiso-jose-medina\/\" \/>\n<meta property=\"og:site_name\" content=\"Entorno Empresarial\" \/>\n<meta property=\"article:publisher\" content=\"https:\/\/facebook.com\/comcoparmex\" \/>\n<meta property=\"article:published_time\" content=\"2021-01-14T01:11:52+00:00\" \/>\n<meta property=\"article:modified_time\" content=\"2021-01-14T01:15:13+00:00\" \/>\n<meta property=\"og:image\" content=\"https:\/\/coparmexjal.org.mx\/entorno-empresarial\/wp-content\/uploads\/2021\/01\/jose-medina-mora.jpg\" \/>\n\t<meta property=\"og:image:width\" content=\"1075\" \/>\n\t<meta property=\"og:image:height\" content=\"455\" \/>\n\t<meta property=\"og:image:type\" content=\"image\/jpeg\" \/>\n<meta name=\"author\" content=\"Coparmex Jalisco\" \/>\n<meta name=\"twitter:card\" content=\"summary_large_image\" \/>\n<meta name=\"twitter:creator\" content=\"@comcoparmex\" \/>\n<meta name=\"twitter:site\" content=\"@comcoparmex\" \/>\n<meta name=\"twitter:label1\" content=\"Escrito por\" \/>\n\t<meta name=\"twitter:data1\" content=\"Coparmex Jalisco\" \/>\n\t<meta name=\"twitter:label2\" content=\"Tiempo de lectura\" \/>\n\t<meta name=\"twitter:data2\" content=\"7 minutos\" \/>\n<script type=\"application\/ld+json\" class=\"yoast-schema-graph\">{\"@context\":\"https:\\\/\\\/schema.org\",\"@graph\":[{\"@type\":\"Article\",\"@id\":\"https:\\\/\\\/coparmexjal.org.mx\\\/entorno-empresarial\\\/toma-compromiso-jose-medina\\\/#article\",\"isPartOf\":{\"@id\":\"https:\\\/\\\/coparmexjal.org.mx\\\/entorno-empresarial\\\/toma-compromiso-jose-medina\\\/\"},\"author\":{\"name\":\"Coparmex Jalisco\",\"@id\":\"https:\\\/\\\/coparmexjal.org.mx\\\/entorno-empresarial\\\/#\\\/schema\\\/person\\\/7d1d56a9587bfb3a725cd3dbfbdb9d44\"},\"headline\":\"Toma de compromiso Jos\u00e9 Medina Mora. Presidente nacional COPARMEX\",\"datePublished\":\"2021-01-14T01:11:52+00:00\",\"dateModified\":\"2021-01-14T01:15:13+00:00\",\"mainEntityOfPage\":{\"@id\":\"https:\\\/\\\/coparmexjal.org.mx\\\/entorno-empresarial\\\/toma-compromiso-jose-medina\\\/\"},\"wordCount\":1403,\"commentCount\":0,\"publisher\":{\"@id\":\"https:\\\/\\\/coparmexjal.org.mx\\\/entorno-empresarial\\\/#organization\"},\"image\":{\"@id\":\"https:\\\/\\\/coparmexjal.org.mx\\\/entorno-empresarial\\\/toma-compromiso-jose-medina\\\/#primaryimage\"},\"thumbnailUrl\":\"https:\\\/\\\/coparmexjal.org.mx\\\/entorno-empresarial\\\/wp-content\\\/uploads\\\/2021\\\/01\\\/jose-medina-mora.jpg\",\"keywords\":[\"Coparmex Nacional\",\"Jos\u00e9 Medina Mora\",\"Presidente nacional\"],\"articleSection\":[\"Noticias\"],\"inLanguage\":\"es\",\"potentialAction\":[{\"@type\":\"CommentAction\",\"name\":\"Comment\",\"target\":[\"https:\\\/\\\/coparmexjal.org.mx\\\/entorno-empresarial\\\/toma-compromiso-jose-medina\\\/#respond\"]}]},{\"@type\":\"WebPage\",\"@id\":\"https:\\\/\\\/coparmexjal.org.mx\\\/entorno-empresarial\\\/toma-compromiso-jose-medina\\\/\",\"url\":\"https:\\\/\\\/coparmexjal.org.mx\\\/entorno-empresarial\\\/toma-compromiso-jose-medina\\\/\",\"name\":\"Toma de compromiso Jos\u00e9 Medina Mora - Entorno Empresarial\",\"isPartOf\":{\"@id\":\"https:\\\/\\\/coparmexjal.org.mx\\\/entorno-empresarial\\\/#website\"},\"primaryImageOfPage\":{\"@id\":\"https:\\\/\\\/coparmexjal.org.mx\\\/entorno-empresarial\\\/toma-compromiso-jose-medina\\\/#primaryimage\"},\"image\":{\"@id\":\"https:\\\/\\\/coparmexjal.org.mx\\\/entorno-empresarial\\\/toma-compromiso-jose-medina\\\/#primaryimage\"},\"thumbnailUrl\":\"https:\\\/\\\/coparmexjal.org.mx\\\/entorno-empresarial\\\/wp-content\\\/uploads\\\/2021\\\/01\\\/jose-medina-mora.jpg\",\"datePublished\":\"2021-01-14T01:11:52+00:00\",\"dateModified\":\"2021-01-14T01:15:13+00:00\",\"description\":\"Es momento de unidad y de trabajo conjunto para sacar a M\u00e9xico de las diversas crisis que enfrenta\",\"breadcrumb\":{\"@id\":\"https:\\\/\\\/coparmexjal.org.mx\\\/entorno-empresarial\\\/toma-compromiso-jose-medina\\\/#breadcrumb\"},\"inLanguage\":\"es\",\"potentialAction\":[{\"@type\":\"ReadAction\",\"target\":[\"https:\\\/\\\/coparmexjal.org.mx\\\/entorno-empresarial\\\/toma-compromiso-jose-medina\\\/\"]}]},{\"@type\":\"ImageObject\",\"inLanguage\":\"es\",\"@id\":\"https:\\\/\\\/coparmexjal.org.mx\\\/entorno-empresarial\\\/toma-compromiso-jose-medina\\\/#primaryimage\",\"url\":\"https:\\\/\\\/coparmexjal.org.mx\\\/entorno-empresarial\\\/wp-content\\\/uploads\\\/2021\\\/01\\\/jose-medina-mora.jpg\",\"contentUrl\":\"https:\\\/\\\/coparmexjal.org.mx\\\/entorno-empresarial\\\/wp-content\\\/uploads\\\/2021\\\/01\\\/jose-medina-mora.jpg\",\"width\":1075,\"height\":455},{\"@type\":\"BreadcrumbList\",\"@id\":\"https:\\\/\\\/coparmexjal.org.mx\\\/entorno-empresarial\\\/toma-compromiso-jose-medina\\\/#breadcrumb\",\"itemListElement\":[{\"@type\":\"ListItem\",\"position\":1,\"name\":\"Inicio\",\"item\":\"https:\\\/\\\/coparmexjal.org.mx\\\/entorno-empresarial\\\/\"},{\"@type\":\"ListItem\",\"position\":2,\"name\":\"Toma de compromiso Jos\u00e9 Medina Mora. Presidente nacional COPARMEX\"}]},{\"@type\":\"WebSite\",\"@id\":\"https:\\\/\\\/coparmexjal.org.mx\\\/entorno-empresarial\\\/#website\",\"url\":\"https:\\\/\\\/coparmexjal.org.mx\\\/entorno-empresarial\\\/\",\"name\":\"Revista Entorno Empresarial\",\"description\":\"Coparmex Jalisco\",\"publisher\":{\"@id\":\"https:\\\/\\\/coparmexjal.org.mx\\\/entorno-empresarial\\\/#organization\"},\"potentialAction\":[{\"@type\":\"SearchAction\",\"target\":{\"@type\":\"EntryPoint\",\"urlTemplate\":\"https:\\\/\\\/coparmexjal.org.mx\\\/entorno-empresarial\\\/?s={search_term_string}\"},\"query-input\":{\"@type\":\"PropertyValueSpecification\",\"valueRequired\":true,\"valueName\":\"search_term_string\"}}],\"inLanguage\":\"es\"},{\"@type\":\"Organization\",\"@id\":\"https:\\\/\\\/coparmexjal.org.mx\\\/entorno-empresarial\\\/#organization\",\"name\":\"Coparmex Jalisco\",\"url\":\"https:\\\/\\\/coparmexjal.org.mx\\\/entorno-empresarial\\\/\",\"logo\":{\"@type\":\"ImageObject\",\"inLanguage\":\"es\",\"@id\":\"https:\\\/\\\/coparmexjal.org.mx\\\/entorno-empresarial\\\/#\\\/schema\\\/logo\\\/image\\\/\",\"url\":\"https:\\\/\\\/coparmexjal.org.mx\\\/entorno-empresarial\\\/wp-content\\\/uploads\\\/2020\\\/02\\\/logo-amp.png\",\"contentUrl\":\"https:\\\/\\\/coparmexjal.org.mx\\\/entorno-empresarial\\\/wp-content\\\/uploads\\\/2020\\\/02\\\/logo-amp.png\",\"width\":120,\"height\":90,\"caption\":\"Coparmex Jalisco\"},\"image\":{\"@id\":\"https:\\\/\\\/coparmexjal.org.mx\\\/entorno-empresarial\\\/#\\\/schema\\\/logo\\\/image\\\/\"},\"sameAs\":[\"https:\\\/\\\/facebook.com\\\/comcoparmex\",\"https:\\\/\\\/x.com\\\/comcoparmex\",\"http:\\\/\\\/instagram.com\\\/coparmexjalisco\",\"https:\\\/\\\/mx.linkedin.com\\\/company\\\/coparmex-jalisco\",\"https:\\\/\\\/www.youtube.com\\\/c\\\/CoparmexJaliscomx\"]},{\"@type\":\"Person\",\"@id\":\"https:\\\/\\\/coparmexjal.org.mx\\\/entorno-empresarial\\\/#\\\/schema\\\/person\\\/7d1d56a9587bfb3a725cd3dbfbdb9d44\",\"name\":\"Coparmex Jalisco\",\"image\":{\"@type\":\"ImageObject\",\"inLanguage\":\"es\",\"@id\":\"https:\\\/\\\/coparmexjal.org.mx\\\/entorno-empresarial\\\/wp-content\\\/uploads\\\/2020\\\/06\\\/favicon-150x133.png\",\"url\":\"https:\\\/\\\/coparmexjal.org.mx\\\/entorno-empresarial\\\/wp-content\\\/uploads\\\/2020\\\/06\\\/favicon-150x133.png\",\"contentUrl\":\"https:\\\/\\\/coparmexjal.org.mx\\\/entorno-empresarial\\\/wp-content\\\/uploads\\\/2020\\\/06\\\/favicon-150x133.png\",\"caption\":\"Coparmex Jalisco\"},\"url\":\"https:\\\/\\\/coparmexjal.org.mx\\\/entorno-empresarial\\\/author\\\/coparmexjalisco\\\/\"}]}<\/script>\n<!-- \/ Yoast SEO plugin. -->","yoast_head_json":{"title":"Toma de compromiso Jos\u00e9 Medina Mora - Entorno Empresarial","description":"Es momento de unidad y de trabajo conjunto para sacar a M\u00e9xico de las diversas crisis que enfrenta","robots":{"index":"index","follow":"follow","max-snippet":"max-snippet:-1","max-image-preview":"max-image-preview:large","max-video-preview":"max-video-preview:-1"},"canonical":"https:\/\/coparmexjal.org.mx\/entorno-empresarial\/toma-compromiso-jose-medina\/","og_locale":"es_MX","og_type":"article","og_title":"Toma de compromiso Jos\u00e9 Medina Mora - Entorno Empresarial","og_description":"Es momento de unidad y de trabajo conjunto para sacar a M\u00e9xico de las diversas crisis que enfrenta","og_url":"https:\/\/coparmexjal.org.mx\/entorno-empresarial\/toma-compromiso-jose-medina\/","og_site_name":"Entorno Empresarial","article_publisher":"https:\/\/facebook.com\/comcoparmex","article_published_time":"2021-01-14T01:11:52+00:00","article_modified_time":"2021-01-14T01:15:13+00:00","og_image":[{"width":1075,"height":455,"url":"https:\/\/coparmexjal.org.mx\/entorno-empresarial\/wp-content\/uploads\/2021\/01\/jose-medina-mora.jpg","type":"image\/jpeg"}],"author":"Coparmex Jalisco","twitter_card":"summary_large_image","twitter_creator":"@comcoparmex","twitter_site":"@comcoparmex","twitter_misc":{"Escrito por":"Coparmex Jalisco","Tiempo de lectura":"7 minutos"},"schema":{"@context":"https:\/\/schema.org","@graph":[{"@type":"Article","@id":"https:\/\/coparmexjal.org.mx\/entorno-empresarial\/toma-compromiso-jose-medina\/#article","isPartOf":{"@id":"https:\/\/coparmexjal.org.mx\/entorno-empresarial\/toma-compromiso-jose-medina\/"},"author":{"name":"Coparmex Jalisco","@id":"https:\/\/coparmexjal.org.mx\/entorno-empresarial\/#\/schema\/person\/7d1d56a9587bfb3a725cd3dbfbdb9d44"},"headline":"Toma de compromiso Jos\u00e9 Medina Mora. Presidente nacional COPARMEX","datePublished":"2021-01-14T01:11:52+00:00","dateModified":"2021-01-14T01:15:13+00:00","mainEntityOfPage":{"@id":"https:\/\/coparmexjal.org.mx\/entorno-empresarial\/toma-compromiso-jose-medina\/"},"wordCount":1403,"commentCount":0,"publisher":{"@id":"https:\/\/coparmexjal.org.mx\/entorno-empresarial\/#organization"},"image":{"@id":"https:\/\/coparmexjal.org.mx\/entorno-empresarial\/toma-compromiso-jose-medina\/#primaryimage"},"thumbnailUrl":"https:\/\/coparmexjal.org.mx\/entorno-empresarial\/wp-content\/uploads\/2021\/01\/jose-medina-mora.jpg","keywords":["Coparmex Nacional","Jos\u00e9 Medina Mora","Presidente nacional"],"articleSection":["Noticias"],"inLanguage":"es","potentialAction":[{"@type":"CommentAction","name":"Comment","target":["https:\/\/coparmexjal.org.mx\/entorno-empresarial\/toma-compromiso-jose-medina\/#respond"]}]},{"@type":"WebPage","@id":"https:\/\/coparmexjal.org.mx\/entorno-empresarial\/toma-compromiso-jose-medina\/","url":"https:\/\/coparmexjal.org.mx\/entorno-empresarial\/toma-compromiso-jose-medina\/","name":"Toma de compromiso Jos\u00e9 Medina Mora - Entorno Empresarial","isPartOf":{"@id":"https:\/\/coparmexjal.org.mx\/entorno-empresarial\/#website"},"primaryImageOfPage":{"@id":"https:\/\/coparmexjal.org.mx\/entorno-empresarial\/toma-compromiso-jose-medina\/#primaryimage"},"image":{"@id":"https:\/\/coparmexjal.org.mx\/entorno-empresarial\/toma-compromiso-jose-medina\/#primaryimage"},"thumbnailUrl":"https:\/\/coparmexjal.org.mx\/entorno-empresarial\/wp-content\/uploads\/2021\/01\/jose-medina-mora.jpg","datePublished":"2021-01-14T01:11:52+00:00","dateModified":"2021-01-14T01:15:13+00:00","description":"Es momento de unidad y de trabajo conjunto para sacar a M\u00e9xico de las diversas crisis que enfrenta","breadcrumb":{"@id":"https:\/\/coparmexjal.org.mx\/entorno-empresarial\/toma-compromiso-jose-medina\/#breadcrumb"},"inLanguage":"es","potentialAction":[{"@type":"ReadAction","target":["https:\/\/coparmexjal.org.mx\/entorno-empresarial\/toma-compromiso-jose-medina\/"]}]},{"@type":"ImageObject","inLanguage":"es","@id":"https:\/\/coparmexjal.org.mx\/entorno-empresarial\/toma-compromiso-jose-medina\/#primaryimage","url":"https:\/\/coparmexjal.org.mx\/entorno-empresarial\/wp-content\/uploads\/2021\/01\/jose-medina-mora.jpg","contentUrl":"https:\/\/coparmexjal.org.mx\/entorno-empresarial\/wp-content\/uploads\/2021\/01\/jose-medina-mora.jpg","width":1075,"height":455},{"@type":"BreadcrumbList","@id":"https:\/\/coparmexjal.org.mx\/entorno-empresarial\/toma-compromiso-jose-medina\/#breadcrumb","itemListElement":[{"@type":"ListItem","position":1,"name":"Inicio","item":"https:\/\/coparmexjal.org.mx\/entorno-empresarial\/"},{"@type":"ListItem","position":2,"name":"Toma de compromiso Jos\u00e9 Medina Mora. Presidente nacional COPARMEX"}]},{"@type":"WebSite","@id":"https:\/\/coparmexjal.org.mx\/entorno-empresarial\/#website","url":"https:\/\/coparmexjal.org.mx\/entorno-empresarial\/","name":"Revista Entorno Empresarial","description":"Coparmex Jalisco","publisher":{"@id":"https:\/\/coparmexjal.org.mx\/entorno-empresarial\/#organization"},"potentialAction":[{"@type":"SearchAction","target":{"@type":"EntryPoint","urlTemplate":"https:\/\/coparmexjal.org.mx\/entorno-empresarial\/?s={search_term_string}"},"query-input":{"@type":"PropertyValueSpecification","valueRequired":true,"valueName":"search_term_string"}}],"inLanguage":"es"},{"@type":"Organization","@id":"https:\/\/coparmexjal.org.mx\/entorno-empresarial\/#organization","name":"Coparmex Jalisco","url":"https:\/\/coparmexjal.org.mx\/entorno-empresarial\/","logo":{"@type":"ImageObject","inLanguage":"es","@id":"https:\/\/coparmexjal.org.mx\/entorno-empresarial\/#\/schema\/logo\/image\/","url":"https:\/\/coparmexjal.org.mx\/entorno-empresarial\/wp-content\/uploads\/2020\/02\/logo-amp.png","contentUrl":"https:\/\/coparmexjal.org.mx\/entorno-empresarial\/wp-content\/uploads\/2020\/02\/logo-amp.png","width":120,"height":90,"caption":"Coparmex Jalisco"},"image":{"@id":"https:\/\/coparmexjal.org.mx\/entorno-empresarial\/#\/schema\/logo\/image\/"},"sameAs":["https:\/\/facebook.com\/comcoparmex","https:\/\/x.com\/comcoparmex","http:\/\/instagram.com\/coparmexjalisco","https:\/\/mx.linkedin.com\/company\/coparmex-jalisco","https:\/\/www.youtube.com\/c\/CoparmexJaliscomx"]},{"@type":"Person","@id":"https:\/\/coparmexjal.org.mx\/entorno-empresarial\/#\/schema\/person\/7d1d56a9587bfb3a725cd3dbfbdb9d44","name":"Coparmex Jalisco","image":{"@type":"ImageObject","inLanguage":"es","@id":"https:\/\/coparmexjal.org.mx\/entorno-empresarial\/wp-content\/uploads\/2020\/06\/favicon-150x133.png","url":"https:\/\/coparmexjal.org.mx\/entorno-empresarial\/wp-content\/uploads\/2020\/06\/favicon-150x133.png","contentUrl":"https:\/\/coparmexjal.org.mx\/entorno-empresarial\/wp-content\/uploads\/2020\/06\/favicon-150x133.png","caption":"Coparmex Jalisco"},"url":"https:\/\/coparmexjal.org.mx\/entorno-empresarial\/author\/coparmexjalisco\/"}]}},"_links":{"self":[{"href":"https:\/\/coparmexjal.org.mx\/entorno-empresarial\/wp-json\/wp\/v2\/posts\/4510","targetHints":{"allow":["GET"]}}],"collection":[{"href":"https:\/\/coparmexjal.org.mx\/entorno-empresarial\/wp-json\/wp\/v2\/posts"}],"about":[{"href":"https:\/\/coparmexjal.org.mx\/entorno-empresarial\/wp-json\/wp\/v2\/types\/post"}],"author":[{"embeddable":true,"href":"https:\/\/coparmexjal.org.mx\/entorno-empresarial\/wp-json\/wp\/v2\/users\/2"}],"replies":[{"embeddable":true,"href":"https:\/\/coparmexjal.org.mx\/entorno-empresarial\/wp-json\/wp\/v2\/comments?post=4510"}],"version-history":[{"count":2,"href":"https:\/\/coparmexjal.org.mx\/entorno-empresarial\/wp-json\/wp\/v2\/posts\/4510\/revisions"}],"predecessor-version":[{"id":4517,"href":"https:\/\/coparmexjal.org.mx\/entorno-empresarial\/wp-json\/wp\/v2\/posts\/4510\/revisions\/4517"}],"wp:featuredmedia":[{"embeddable":true,"href":"https:\/\/coparmexjal.org.mx\/entorno-empresarial\/wp-json\/wp\/v2\/media\/4515"}],"wp:attachment":[{"href":"https:\/\/coparmexjal.org.mx\/entorno-empresarial\/wp-json\/wp\/v2\/media?parent=4510"}],"wp:term":[{"taxonomy":"category","embeddable":true,"href":"https:\/\/coparmexjal.org.mx\/entorno-empresarial\/wp-json\/wp\/v2\/categories?post=4510"},{"taxonomy":"post_tag","embeddable":true,"href":"https:\/\/coparmexjal.org.mx\/entorno-empresarial\/wp-json\/wp\/v2\/tags?post=4510"}],"curies":[{"name":"wp","href":"https:\/\/api.w.org\/{rel}","templated":true}]}}