{"id":4509,"date":"2020-11-17T18:30:00","date_gmt":"2020-11-18T00:30:00","guid":{"rendered":"https:\/\/coparmexjal.org.mx\/entorno-empresarial\/?p=4509"},"modified":"2021-01-13T19:18:09","modified_gmt":"2021-01-14T01:18:09","slug":"nuevos-criterios-de-monitoreo-de-la-pandemia%e2%80%a8","status":"publish","type":"post","link":"https:\/\/coparmexjal.org.mx\/entorno-empresarial\/nuevos-criterios-de-monitoreo-de-la-pandemia%e2%80%a8\/","title":{"rendered":"Nuevos Criterios de Monitoreo de la Pandemia\u2028"},"content":{"rendered":"\n<p>La pandemia a\u00fan no ha terminado, evitar un efecto rebote depende de todos por lo que debemos reforzar las medidas de autocuidado, los protocolos en las empresas y as\u00ed aprender a vivir en esta nueva normalidad.&nbsp;<\/p>\n\n\n\n<p>El d\u00eda de ayer el Gobernador del estado dio a conocer nuevos criterios para monitorear la pandemia:&nbsp;<\/p>\n\n\n\n<p><strong>1.- Territorialidad: <\/strong>Los municipios tendr\u00e1n mayor control del monitoreo y las medidas para identificar qu\u00e9 sectores podr\u00e1n incrementar su actividad y cu\u00e1les reducirla.<br><strong>2.- Indicadores Base y Complementarios&nbsp;<\/strong><\/p>\n\n\n\n<p>\u25cf \u00a0<strong>Base: <\/strong>Porcentaje de ocupaci\u00f3n hospitalaria en los \u00faltimos 7 d\u00edas y porcentaje de hospitalizaci\u00f3n en Unidad de Cuidados Intensivos de los \u00faltimos 7 d\u00edas.<br>\u25cf \u00a0<strong>Complementarios: <\/strong>Tasa de positividad de los contagios y tasa de casos activos; monitoreados de manera permanente contribuyendo as\u00ed a la territorializaci\u00f3n de las medidas adicionales.<br><\/p>\n\n\n\n<p style=\"font-size:21px\"><strong>Criterios base de esta Nueva Etapa:<\/strong><\/p>\n\n\n\n<p>\u25cf \u00a0<strong>Control de aforos: <\/strong>de acuerdo a las dimensiones de los lugares: al 50% de capacidad o 1 persona cada 4 metros cuadrados en interiores y cada 2 metros cuadrados en exteriores.<br>\u25cf \u00a0<strong>Aplicar de manera estricta protocolos sanitarios: <\/strong>cubrebocas obligatorio, higiene y sanitizaci\u00f3n y aislamiento de casos sospechosos y activos.<br><strong>\u25cf \u00a0S\u00f3lido Modelo de vigilancia e inspecci\u00f3n por parte de los municipios.<\/strong><br><strong>\u25cf \u00a0Fortalecimiento del modelo de vigilancia epidemiol\u00f3gica: <\/strong>Continuar\u00e1n los m\u00f3dulos de muestras aleatorias durante los fines de semana.<\/p>\n\n\n\n<p style=\"font-size:21px\"><strong>Criterios Particulares:<\/strong><\/p>\n\n\n\n<p><strong>\u25cf \u00a0Evitar aglomeraciones y tiempos largos de exposici\u00f3n.<\/strong><br>\u25cf \u00a0Favorecer actividades al aire libre: V\u00eda Recreactiva, parques y bosques urbanos, peatonalizar corredores comerciales y gastron\u00f3micos.<br><strong>\u25cf \u00a0Evitar concentraciones de adultos mayores y personas de riesgo.<\/strong><br><strong>\u25cf \u00a0<\/strong>Se mantendr\u00e1n canceladas actividades de alta concentraci\u00f3n como: <strong>conciertos, fiestas patronales y reuniones con aglomeraci\u00f3n de personas.<\/strong><br><strong>\u25cf \u00a0<\/strong>Tener reglas estrictas de acceso a <strong>tianguis, mercados y comercios <\/strong>como: <strong>uso obligatorio de cubrebocas, manejo sanitario, pasillos y espacios<\/strong><br><strong>amplios.<\/strong><br>\u25cf \u00a0Empresas con <strong>filtros y acciones de mitigaci\u00f3n <\/strong>para romper cadenas de <strong>contagios.\u00a0<\/strong><\/p>\n\n\n\n<p>\u25cf Acciones coordinadas para <strong>incrementar el espacio al aire libre peatonal <\/strong>disponible para las actividades.\u00a0<\/p>\n\n\n\n<p><\/p>\n\n\n\n<p style=\"font-size:21px\"><strong>Reapertura de actividades adicionales\u00a0<\/strong><\/p>\n\n\n\n<figure class=\"wp-block-table is-style-stripes\"><table><tbody><tr><td><strong>Sector&nbsp;<\/strong><\/td><td><strong>Actividades*&nbsp;<\/strong><\/td><td class=\"has-text-align-center\" data-align=\"center\"><strong>Aforo**&nbsp;<\/strong><\/td><td class=\"has-text-align-center\" data-align=\"center\"><strong>Fecha de inicio<\/strong><\/td><\/tr><tr><td><strong>Recreaci\u00f3n y entretenimiento<\/strong><\/td><td>\u2022Ludotecas-Boliches y maquinitas\u00a0 <br>\u2022Guarder\u00edas ampliaci\u00f3n hasta 6 a\u00f1os\u00a0 <br>\u2022Clubes deportivos a partir de 12 a\u00f1os\u00a0 <br>\u2022V\u00eda Recreactiva\u00a0 <br>\u2022Estadios<br>\u2022 Antros, bares y salones cerrados\u00a0<br><\/td><td class=\"has-text-align-center\" data-align=\"center\">50% <br>50%<br>50%<br>100%<br>Revisi\u00f3n<br>Revisi\u00f3n<\/td><td class=\"has-text-align-center\" data-align=\"center\">17 nov <br>17 nov <br>17 nov <br>17 nov<br><br><\/td><\/tr><tr><td><strong>Turismo&nbsp;<\/strong><\/td><td>Tapat\u00edo Tour <br>Calandrias y recorridos tur\u00edsticos\u00a0 <br>Tequila Express\u00a0<\/td><td class=\"has-text-align-center\" data-align=\"center\">50% <br>50%<br>50%<\/td><td class=\"has-text-align-center\" data-align=\"center\">17 nov <br>17 nov <br>20 nov<\/td><\/tr><\/tbody><\/table><figcaption><br>*Las actividades comerciales, industriales y de servicios, contin\u00faan su operaci\u00f3n con base en los protocolos establecidos.<br>**Los aforos ser\u00e1n al 50% y\/o 1 persona por cada 4 mts2 en espacios cerrados; y\/o 2 mts2 en espacios abiertos\u00a0<\/figcaption><\/figure>\n\n\n\n<p>Continuaremos trabajando de forma coordinada con el Gobierno del Estado desde la mesa de reactivaci\u00f3n econ\u00f3mica.&nbsp;<\/p>\n\n\n\n<p>Como instituci\u00f3n comprometida con el desarrollo de las empresas, les reiteramos que ante cualquier duda pueden acercarse a su asesor para apoyarlos.&nbsp;<\/p>\n","protected":false},"excerpt":{"rendered":"<p>La pandemia a\u00fan no ha terminado, evitar un efecto rebote depende de todos por lo que debemos reforzar las medidas de autocuidado, los protocolos en<\/p>\n","protected":false},"author":2,"featured_media":4518,"comment_status":"open","ping_status":"open","sticky":false,"template":"","format":"standard","meta":{"footnotes":""},"categories":[348],"tags":[431,343,257,490,699,680],"class_list":["post-4509","post","type-post","status-publish","format-standard","has-post-thumbnail","hentry","category-noticias","tag-covid-19","tag-economia-2","tag-jalisco","tag-pandemia","tag-protocolos","tag-reactivacion-economica"],"yoast_head":"<!-- This site is optimized with the Yoast SEO plugin v27.4 - https:\/\/yoast.com\/product\/yoast-seo-wordpress\/ -->\n<title>Nuevos Criterios de Monitoreo de la Pandemia\u2028 - Entorno Empresarial<\/title>\n<meta name=\"robots\" content=\"index, follow, max-snippet:-1, max-image-preview:large, max-video-preview:-1\" \/>\n<link rel=\"canonical\" href=\"https:\/\/coparmexjal.org.mx\/entorno-empresarial\/nuevos-criterios-de-monitoreo-de-la-pandemia\u2028\/\" \/>\n<meta property=\"og:locale\" content=\"es_MX\" \/>\n<meta property=\"og:type\" content=\"article\" \/>\n<meta property=\"og:title\" content=\"Nuevos Criterios de Monitoreo de la Pandemia\u2028 - Entorno Empresarial\" \/>\n<meta property=\"og:description\" content=\"La pandemia a\u00fan no ha terminado, evitar un efecto rebote depende de todos por lo que debemos reforzar las medidas de autocuidado, los protocolos en\" \/>\n<meta property=\"og:url\" content=\"https:\/\/coparmexjal.org.mx\/entorno-empresarial\/nuevos-criterios-de-monitoreo-de-la-pandemia\u2028\/\" \/>\n<meta property=\"og:site_name\" content=\"Entorno Empresarial\" \/>\n<meta property=\"article:publisher\" content=\"https:\/\/facebook.com\/comcoparmex\" \/>\n<meta property=\"article:published_time\" content=\"2020-11-18T00:30:00+00:00\" \/>\n<meta property=\"article:modified_time\" content=\"2021-01-14T01:18:09+00:00\" \/>\n<meta property=\"og:image\" content=\"https:\/\/coparmexjal.org.mx\/entorno-empresarial\/wp-content\/uploads\/2021\/01\/waldemar-brandt-E_tGN8amoh4-unsplash.jpg\" \/>\n\t<meta property=\"og:image:width\" content=\"1193\" \/>\n\t<meta property=\"og:image:height\" content=\"800\" \/>\n\t<meta property=\"og:image:type\" content=\"image\/jpeg\" \/>\n<meta name=\"author\" content=\"Coparmex Jalisco\" \/>\n<meta name=\"twitter:card\" content=\"summary_large_image\" \/>\n<meta name=\"twitter:creator\" content=\"@comcoparmex\" \/>\n<meta name=\"twitter:site\" content=\"@comcoparmex\" \/>\n<meta name=\"twitter:label1\" content=\"Escrito por\" \/>\n\t<meta name=\"twitter:data1\" content=\"Coparmex Jalisco\" \/>\n\t<meta name=\"twitter:label2\" content=\"Tiempo de lectura\" \/>\n\t<meta name=\"twitter:data2\" content=\"3 minutos\" \/>\n<script type=\"application\/ld+json\" class=\"yoast-schema-graph\">{\"@context\":\"https:\\\/\\\/schema.org\",\"@graph\":[{\"@type\":\"Article\",\"@id\":\"https:\\\/\\\/coparmexjal.org.mx\\\/entorno-empresarial\\\/nuevos-criterios-de-monitoreo-de-la-pandemia%e2%80%a8\\\/#article\",\"isPartOf\":{\"@id\":\"https:\\\/\\\/coparmexjal.org.mx\\\/entorno-empresarial\\\/nuevos-criterios-de-monitoreo-de-la-pandemia%e2%80%a8\\\/\"},\"author\":{\"name\":\"Coparmex Jalisco\",\"@id\":\"https:\\\/\\\/coparmexjal.org.mx\\\/entorno-empresarial\\\/#\\\/schema\\\/person\\\/7d1d56a9587bfb3a725cd3dbfbdb9d44\"},\"headline\":\"Nuevos Criterios de Monitoreo de la Pandemia\\u2028\",\"datePublished\":\"2020-11-18T00:30:00+00:00\",\"dateModified\":\"2021-01-14T01:18:09+00:00\",\"mainEntityOfPage\":{\"@id\":\"https:\\\/\\\/coparmexjal.org.mx\\\/entorno-empresarial\\\/nuevos-criterios-de-monitoreo-de-la-pandemia%e2%80%a8\\\/\"},\"wordCount\":484,\"commentCount\":0,\"publisher\":{\"@id\":\"https:\\\/\\\/coparmexjal.org.mx\\\/entorno-empresarial\\\/#organization\"},\"image\":{\"@id\":\"https:\\\/\\\/coparmexjal.org.mx\\\/entorno-empresarial\\\/nuevos-criterios-de-monitoreo-de-la-pandemia%e2%80%a8\\\/#primaryimage\"},\"thumbnailUrl\":\"https:\\\/\\\/coparmexjal.org.mx\\\/entorno-empresarial\\\/wp-content\\\/uploads\\\/2021\\\/01\\\/waldemar-brandt-E_tGN8amoh4-unsplash.jpg\",\"keywords\":[\"covid-19\",\"economia\",\"Jalisco\",\"Pandemia\",\"protocolos\",\"Reactivacion economica\"],\"articleSection\":[\"Noticias\"],\"inLanguage\":\"es\",\"potentialAction\":[{\"@type\":\"CommentAction\",\"name\":\"Comment\",\"target\":[\"https:\\\/\\\/coparmexjal.org.mx\\\/entorno-empresarial\\\/nuevos-criterios-de-monitoreo-de-la-pandemia%e2%80%a8\\\/#respond\"]}]},{\"@type\":\"WebPage\",\"@id\":\"https:\\\/\\\/coparmexjal.org.mx\\\/entorno-empresarial\\\/nuevos-criterios-de-monitoreo-de-la-pandemia%e2%80%a8\\\/\",\"url\":\"https:\\\/\\\/coparmexjal.org.mx\\\/entorno-empresarial\\\/nuevos-criterios-de-monitoreo-de-la-pandemia%e2%80%a8\\\/\",\"name\":\"Nuevos Criterios de Monitoreo de la Pandemia\\u2028 - Entorno Empresarial\",\"isPartOf\":{\"@id\":\"https:\\\/\\\/coparmexjal.org.mx\\\/entorno-empresarial\\\/#website\"},\"primaryImageOfPage\":{\"@id\":\"https:\\\/\\\/coparmexjal.org.mx\\\/entorno-empresarial\\\/nuevos-criterios-de-monitoreo-de-la-pandemia%e2%80%a8\\\/#primaryimage\"},\"image\":{\"@id\":\"https:\\\/\\\/coparmexjal.org.mx\\\/entorno-empresarial\\\/nuevos-criterios-de-monitoreo-de-la-pandemia%e2%80%a8\\\/#primaryimage\"},\"thumbnailUrl\":\"https:\\\/\\\/coparmexjal.org.mx\\\/entorno-empresarial\\\/wp-content\\\/uploads\\\/2021\\\/01\\\/waldemar-brandt-E_tGN8amoh4-unsplash.jpg\",\"datePublished\":\"2020-11-18T00:30:00+00:00\",\"dateModified\":\"2021-01-14T01:18:09+00:00\",\"breadcrumb\":{\"@id\":\"https:\\\/\\\/coparmexjal.org.mx\\\/entorno-empresarial\\\/nuevos-criterios-de-monitoreo-de-la-pandemia%e2%80%a8\\\/#breadcrumb\"},\"inLanguage\":\"es\",\"potentialAction\":[{\"@type\":\"ReadAction\",\"target\":[\"https:\\\/\\\/coparmexjal.org.mx\\\/entorno-empresarial\\\/nuevos-criterios-de-monitoreo-de-la-pandemia%e2%80%a8\\\/\"]}]},{\"@type\":\"ImageObject\",\"inLanguage\":\"es\",\"@id\":\"https:\\\/\\\/coparmexjal.org.mx\\\/entorno-empresarial\\\/nuevos-criterios-de-monitoreo-de-la-pandemia%e2%80%a8\\\/#primaryimage\",\"url\":\"https:\\\/\\\/coparmexjal.org.mx\\\/entorno-empresarial\\\/wp-content\\\/uploads\\\/2021\\\/01\\\/waldemar-brandt-E_tGN8amoh4-unsplash.jpg\",\"contentUrl\":\"https:\\\/\\\/coparmexjal.org.mx\\\/entorno-empresarial\\\/wp-content\\\/uploads\\\/2021\\\/01\\\/waldemar-brandt-E_tGN8amoh4-unsplash.jpg\",\"width\":1193,\"height\":800},{\"@type\":\"BreadcrumbList\",\"@id\":\"https:\\\/\\\/coparmexjal.org.mx\\\/entorno-empresarial\\\/nuevos-criterios-de-monitoreo-de-la-pandemia%e2%80%a8\\\/#breadcrumb\",\"itemListElement\":[{\"@type\":\"ListItem\",\"position\":1,\"name\":\"Inicio\",\"item\":\"https:\\\/\\\/coparmexjal.org.mx\\\/entorno-empresarial\\\/\"},{\"@type\":\"ListItem\",\"position\":2,\"name\":\"Nuevos Criterios de Monitoreo de la Pandemia\\u2028\"}]},{\"@type\":\"WebSite\",\"@id\":\"https:\\\/\\\/coparmexjal.org.mx\\\/entorno-empresarial\\\/#website\",\"url\":\"https:\\\/\\\/coparmexjal.org.mx\\\/entorno-empresarial\\\/\",\"name\":\"Revista Entorno Empresarial\",\"description\":\"Coparmex Jalisco\",\"publisher\":{\"@id\":\"https:\\\/\\\/coparmexjal.org.mx\\\/entorno-empresarial\\\/#organization\"},\"potentialAction\":[{\"@type\":\"SearchAction\",\"target\":{\"@type\":\"EntryPoint\",\"urlTemplate\":\"https:\\\/\\\/coparmexjal.org.mx\\\/entorno-empresarial\\\/?s={search_term_string}\"},\"query-input\":{\"@type\":\"PropertyValueSpecification\",\"valueRequired\":true,\"valueName\":\"search_term_string\"}}],\"inLanguage\":\"es\"},{\"@type\":\"Organization\",\"@id\":\"https:\\\/\\\/coparmexjal.org.mx\\\/entorno-empresarial\\\/#organization\",\"name\":\"Coparmex Jalisco\",\"url\":\"https:\\\/\\\/coparmexjal.org.mx\\\/entorno-empresarial\\\/\",\"logo\":{\"@type\":\"ImageObject\",\"inLanguage\":\"es\",\"@id\":\"https:\\\/\\\/coparmexjal.org.mx\\\/entorno-empresarial\\\/#\\\/schema\\\/logo\\\/image\\\/\",\"url\":\"https:\\\/\\\/coparmexjal.org.mx\\\/entorno-empresarial\\\/wp-content\\\/uploads\\\/2020\\\/02\\\/logo-amp.png\",\"contentUrl\":\"https:\\\/\\\/coparmexjal.org.mx\\\/entorno-empresarial\\\/wp-content\\\/uploads\\\/2020\\\/02\\\/logo-amp.png\",\"width\":120,\"height\":90,\"caption\":\"Coparmex Jalisco\"},\"image\":{\"@id\":\"https:\\\/\\\/coparmexjal.org.mx\\\/entorno-empresarial\\\/#\\\/schema\\\/logo\\\/image\\\/\"},\"sameAs\":[\"https:\\\/\\\/facebook.com\\\/comcoparmex\",\"https:\\\/\\\/x.com\\\/comcoparmex\",\"http:\\\/\\\/instagram.com\\\/coparmexjalisco\",\"https:\\\/\\\/mx.linkedin.com\\\/company\\\/coparmex-jalisco\",\"https:\\\/\\\/www.youtube.com\\\/c\\\/CoparmexJaliscomx\"]},{\"@type\":\"Person\",\"@id\":\"https:\\\/\\\/coparmexjal.org.mx\\\/entorno-empresarial\\\/#\\\/schema\\\/person\\\/7d1d56a9587bfb3a725cd3dbfbdb9d44\",\"name\":\"Coparmex Jalisco\",\"image\":{\"@type\":\"ImageObject\",\"inLanguage\":\"es\",\"@id\":\"https:\\\/\\\/coparmexjal.org.mx\\\/entorno-empresarial\\\/wp-content\\\/uploads\\\/2020\\\/06\\\/favicon-150x133.png\",\"url\":\"https:\\\/\\\/coparmexjal.org.mx\\\/entorno-empresarial\\\/wp-content\\\/uploads\\\/2020\\\/06\\\/favicon-150x133.png\",\"contentUrl\":\"https:\\\/\\\/coparmexjal.org.mx\\\/entorno-empresarial\\\/wp-content\\\/uploads\\\/2020\\\/06\\\/favicon-150x133.png\",\"caption\":\"Coparmex Jalisco\"},\"url\":\"https:\\\/\\\/coparmexjal.org.mx\\\/entorno-empresarial\\\/author\\\/coparmexjalisco\\\/\"}]}<\/script>\n<!-- \/ Yoast SEO plugin. -->","yoast_head_json":{"title":"Nuevos Criterios de Monitoreo de la Pandemia\u2028 - Entorno Empresarial","robots":{"index":"index","follow":"follow","max-snippet":"max-snippet:-1","max-image-preview":"max-image-preview:large","max-video-preview":"max-video-preview:-1"},"canonical":"https:\/\/coparmexjal.org.mx\/entorno-empresarial\/nuevos-criterios-de-monitoreo-de-la-pandemia\u2028\/","og_locale":"es_MX","og_type":"article","og_title":"Nuevos Criterios de Monitoreo de la Pandemia\u2028 - Entorno Empresarial","og_description":"La pandemia a\u00fan no ha terminado, evitar un efecto rebote depende de todos por lo que debemos reforzar las medidas de autocuidado, los protocolos en","og_url":"https:\/\/coparmexjal.org.mx\/entorno-empresarial\/nuevos-criterios-de-monitoreo-de-la-pandemia\u2028\/","og_site_name":"Entorno Empresarial","article_publisher":"https:\/\/facebook.com\/comcoparmex","article_published_time":"2020-11-18T00:30:00+00:00","article_modified_time":"2021-01-14T01:18:09+00:00","og_image":[{"width":1193,"height":800,"url":"https:\/\/coparmexjal.org.mx\/entorno-empresarial\/wp-content\/uploads\/2021\/01\/waldemar-brandt-E_tGN8amoh4-unsplash.jpg","type":"image\/jpeg"}],"author":"Coparmex Jalisco","twitter_card":"summary_large_image","twitter_creator":"@comcoparmex","twitter_site":"@comcoparmex","twitter_misc":{"Escrito por":"Coparmex Jalisco","Tiempo de lectura":"3 minutos"},"schema":{"@context":"https:\/\/schema.org","@graph":[{"@type":"Article","@id":"https:\/\/coparmexjal.org.mx\/entorno-empresarial\/nuevos-criterios-de-monitoreo-de-la-pandemia%e2%80%a8\/#article","isPartOf":{"@id":"https:\/\/coparmexjal.org.mx\/entorno-empresarial\/nuevos-criterios-de-monitoreo-de-la-pandemia%e2%80%a8\/"},"author":{"name":"Coparmex Jalisco","@id":"https:\/\/coparmexjal.org.mx\/entorno-empresarial\/#\/schema\/person\/7d1d56a9587bfb3a725cd3dbfbdb9d44"},"headline":"Nuevos Criterios de Monitoreo de la Pandemia\u2028","datePublished":"2020-11-18T00:30:00+00:00","dateModified":"2021-01-14T01:18:09+00:00","mainEntityOfPage":{"@id":"https:\/\/coparmexjal.org.mx\/entorno-empresarial\/nuevos-criterios-de-monitoreo-de-la-pandemia%e2%80%a8\/"},"wordCount":484,"commentCount":0,"publisher":{"@id":"https:\/\/coparmexjal.org.mx\/entorno-empresarial\/#organization"},"image":{"@id":"https:\/\/coparmexjal.org.mx\/entorno-empresarial\/nuevos-criterios-de-monitoreo-de-la-pandemia%e2%80%a8\/#primaryimage"},"thumbnailUrl":"https:\/\/coparmexjal.org.mx\/entorno-empresarial\/wp-content\/uploads\/2021\/01\/waldemar-brandt-E_tGN8amoh4-unsplash.jpg","keywords":["covid-19","economia","Jalisco","Pandemia","protocolos","Reactivacion economica"],"articleSection":["Noticias"],"inLanguage":"es","potentialAction":[{"@type":"CommentAction","name":"Comment","target":["https:\/\/coparmexjal.org.mx\/entorno-empresarial\/nuevos-criterios-de-monitoreo-de-la-pandemia%e2%80%a8\/#respond"]}]},{"@type":"WebPage","@id":"https:\/\/coparmexjal.org.mx\/entorno-empresarial\/nuevos-criterios-de-monitoreo-de-la-pandemia%e2%80%a8\/","url":"https:\/\/coparmexjal.org.mx\/entorno-empresarial\/nuevos-criterios-de-monitoreo-de-la-pandemia%e2%80%a8\/","name":"Nuevos Criterios de Monitoreo de la Pandemia\u2028 - Entorno Empresarial","isPartOf":{"@id":"https:\/\/coparmexjal.org.mx\/entorno-empresarial\/#website"},"primaryImageOfPage":{"@id":"https:\/\/coparmexjal.org.mx\/entorno-empresarial\/nuevos-criterios-de-monitoreo-de-la-pandemia%e2%80%a8\/#primaryimage"},"image":{"@id":"https:\/\/coparmexjal.org.mx\/entorno-empresarial\/nuevos-criterios-de-monitoreo-de-la-pandemia%e2%80%a8\/#primaryimage"},"thumbnailUrl":"https:\/\/coparmexjal.org.mx\/entorno-empresarial\/wp-content\/uploads\/2021\/01\/waldemar-brandt-E_tGN8amoh4-unsplash.jpg","datePublished":"2020-11-18T00:30:00+00:00","dateModified":"2021-01-14T01:18:09+00:00","breadcrumb":{"@id":"https:\/\/coparmexjal.org.mx\/entorno-empresarial\/nuevos-criterios-de-monitoreo-de-la-pandemia%e2%80%a8\/#breadcrumb"},"inLanguage":"es","potentialAction":[{"@type":"ReadAction","target":["https:\/\/coparmexjal.org.mx\/entorno-empresarial\/nuevos-criterios-de-monitoreo-de-la-pandemia%e2%80%a8\/"]}]},{"@type":"ImageObject","inLanguage":"es","@id":"https:\/\/coparmexjal.org.mx\/entorno-empresarial\/nuevos-criterios-de-monitoreo-de-la-pandemia%e2%80%a8\/#primaryimage","url":"https:\/\/coparmexjal.org.mx\/entorno-empresarial\/wp-content\/uploads\/2021\/01\/waldemar-brandt-E_tGN8amoh4-unsplash.jpg","contentUrl":"https:\/\/coparmexjal.org.mx\/entorno-empresarial\/wp-content\/uploads\/2021\/01\/waldemar-brandt-E_tGN8amoh4-unsplash.jpg","width":1193,"height":800},{"@type":"BreadcrumbList","@id":"https:\/\/coparmexjal.org.mx\/entorno-empresarial\/nuevos-criterios-de-monitoreo-de-la-pandemia%e2%80%a8\/#breadcrumb","itemListElement":[{"@type":"ListItem","position":1,"name":"Inicio","item":"https:\/\/coparmexjal.org.mx\/entorno-empresarial\/"},{"@type":"ListItem","position":2,"name":"Nuevos Criterios de Monitoreo de la Pandemia\u2028"}]},{"@type":"WebSite","@id":"https:\/\/coparmexjal.org.mx\/entorno-empresarial\/#website","url":"https:\/\/coparmexjal.org.mx\/entorno-empresarial\/","name":"Revista Entorno Empresarial","description":"Coparmex Jalisco","publisher":{"@id":"https:\/\/coparmexjal.org.mx\/entorno-empresarial\/#organization"},"potentialAction":[{"@type":"SearchAction","target":{"@type":"EntryPoint","urlTemplate":"https:\/\/coparmexjal.org.mx\/entorno-empresarial\/?s={search_term_string}"},"query-input":{"@type":"PropertyValueSpecification","valueRequired":true,"valueName":"search_term_string"}}],"inLanguage":"es"},{"@type":"Organization","@id":"https:\/\/coparmexjal.org.mx\/entorno-empresarial\/#organization","name":"Coparmex Jalisco","url":"https:\/\/coparmexjal.org.mx\/entorno-empresarial\/","logo":{"@type":"ImageObject","inLanguage":"es","@id":"https:\/\/coparmexjal.org.mx\/entorno-empresarial\/#\/schema\/logo\/image\/","url":"https:\/\/coparmexjal.org.mx\/entorno-empresarial\/wp-content\/uploads\/2020\/02\/logo-amp.png","contentUrl":"https:\/\/coparmexjal.org.mx\/entorno-empresarial\/wp-content\/uploads\/2020\/02\/logo-amp.png","width":120,"height":90,"caption":"Coparmex Jalisco"},"image":{"@id":"https:\/\/coparmexjal.org.mx\/entorno-empresarial\/#\/schema\/logo\/image\/"},"sameAs":["https:\/\/facebook.com\/comcoparmex","https:\/\/x.com\/comcoparmex","http:\/\/instagram.com\/coparmexjalisco","https:\/\/mx.linkedin.com\/company\/coparmex-jalisco","https:\/\/www.youtube.com\/c\/CoparmexJaliscomx"]},{"@type":"Person","@id":"https:\/\/coparmexjal.org.mx\/entorno-empresarial\/#\/schema\/person\/7d1d56a9587bfb3a725cd3dbfbdb9d44","name":"Coparmex Jalisco","image":{"@type":"ImageObject","inLanguage":"es","@id":"https:\/\/coparmexjal.org.mx\/entorno-empresarial\/wp-content\/uploads\/2020\/06\/favicon-150x133.png","url":"https:\/\/coparmexjal.org.mx\/entorno-empresarial\/wp-content\/uploads\/2020\/06\/favicon-150x133.png","contentUrl":"https:\/\/coparmexjal.org.mx\/entorno-empresarial\/wp-content\/uploads\/2020\/06\/favicon-150x133.png","caption":"Coparmex Jalisco"},"url":"https:\/\/coparmexjal.org.mx\/entorno-empresarial\/author\/coparmexjalisco\/"}]}},"_links":{"self":[{"href":"https:\/\/coparmexjal.org.mx\/entorno-empresarial\/wp-json\/wp\/v2\/posts\/4509","targetHints":{"allow":["GET"]}}],"collection":[{"href":"https:\/\/coparmexjal.org.mx\/entorno-empresarial\/wp-json\/wp\/v2\/posts"}],"about":[{"href":"https:\/\/coparmexjal.org.mx\/entorno-empresarial\/wp-json\/wp\/v2\/types\/post"}],"author":[{"embeddable":true,"href":"https:\/\/coparmexjal.org.mx\/entorno-empresarial\/wp-json\/wp\/v2\/users\/2"}],"replies":[{"embeddable":true,"href":"https:\/\/coparmexjal.org.mx\/entorno-empresarial\/wp-json\/wp\/v2\/comments?post=4509"}],"version-history":[{"count":1,"href":"https:\/\/coparmexjal.org.mx\/entorno-empresarial\/wp-json\/wp\/v2\/posts\/4509\/revisions"}],"predecessor-version":[{"id":4519,"href":"https:\/\/coparmexjal.org.mx\/entorno-empresarial\/wp-json\/wp\/v2\/posts\/4509\/revisions\/4519"}],"wp:featuredmedia":[{"embeddable":true,"href":"https:\/\/coparmexjal.org.mx\/entorno-empresarial\/wp-json\/wp\/v2\/media\/4518"}],"wp:attachment":[{"href":"https:\/\/coparmexjal.org.mx\/entorno-empresarial\/wp-json\/wp\/v2\/media?parent=4509"}],"wp:term":[{"taxonomy":"category","embeddable":true,"href":"https:\/\/coparmexjal.org.mx\/entorno-empresarial\/wp-json\/wp\/v2\/categories?post=4509"},{"taxonomy":"post_tag","embeddable":true,"href":"https:\/\/coparmexjal.org.mx\/entorno-empresarial\/wp-json\/wp\/v2\/tags?post=4509"}],"curies":[{"name":"wp","href":"https:\/\/api.w.org\/{rel}","templated":true}]}}