{"id":4483,"date":"2020-11-23T15:43:00","date_gmt":"2020-11-23T21:43:00","guid":{"rendered":"https:\/\/coparmexjal.org.mx\/entorno-empresarial\/?p=4483"},"modified":"2021-01-13T15:48:56","modified_gmt":"2021-01-13T21:48:56","slug":"empresas-de-jalisco-lograron-adaptarse-a-condiciones-provocadas-por-covid-19","status":"publish","type":"post","link":"https:\/\/coparmexjal.org.mx\/entorno-empresarial\/empresas-de-jalisco-lograron-adaptarse-a-condiciones-provocadas-por-covid-19\/","title":{"rendered":"Empresas de Jalisco lograron adaptarse a condiciones provocadas por COVID-19"},"content":{"rendered":"\n<p><strong>Dan a conocer resultados de estudio de CUCEA y Coparmex Jalisco<\/strong><br><br><\/p>\n\n\n\n<p>Ante la pandemia del COVID-19 la empresa jalisciense mostr\u00f3 una gran capacidad de reacci\u00f3n, ya que la mayor parte hizo sus adecuaciones en menos de 15 d\u00edas para seguir trabajando, y fueron muy pocas las que no lo pudieron hacer, afirm\u00f3 el doctor Iv\u00e1n Alejandro Salas Durazo, Coordinador del Doctorado en Pol\u00edticas P\u00fablicas y Desarrollo, del Centro Universitario de <a href=\"http:\/\/www.cucea.udg.mx\/\">Ciencias Econ\u00f3mico Administrativas (CUCEA)<\/a>, de la UdeG.<\/p>\n\n\n\n<p>El acad\u00e9mico present\u00f3 los resultados de la investigaci\u00f3n \u201cMercado laboral: estrategias de las empresas ante la pandemia por COVID-19\u201d, resultante del trabajo conjunto entre la Confederaci\u00f3n Patronal de la Rep\u00fablica Mexicana&nbsp;(Coparmex Jalisco) y la Universidad de Guadalajara, a trav\u00e9s del CUCEA.<\/p>\n\n\n\n<p>Para el proyecto se obtuvo informaci\u00f3n de 80 empresas jaliscienses afiliadas a Coparmex. El estudio se realiz\u00f3 en octubre y noviembre, y tiene como uno de sus fines identificar cu\u00e1les han sido los cambios en las rutinas de las empresas.<\/p>\n\n\n\n<p>Salas Durazo detall\u00f3 que fueron cinco empresas \u2013medianas y peque\u00f1as\u2013 las que no pudieron hacer ning\u00fan proceso de adaptaci\u00f3n. Pero m\u00e1s de 60 hicieron adaptaciones en menos de 15 d\u00edas, lo que implica que estuvieron en las condiciones suficientes para poder operar,sin que eso afectara las medidas de distanciamiento social. El resto de las empresas estudiadas est\u00e1n en un proceso de adaptaci\u00f3n, y reconocen que apenas van a implementar acciones.<\/p>\n\n\n\n<p>La mayor\u00eda de las empresas piensa que va a salir fortalecida de la pandemia. Hay que tomar en cuenta que hubo un proceso de adaptaci\u00f3n, apropiaci\u00f3n tecnol\u00f3gica, liderazgos organizacionales, trabajo en l\u00ednea, cumplimiento de objetivos, nuevas formas de venta, y eso las benefici\u00f3. \u201cEstas empresas tendr\u00e1n mejores herramientas que probablemente en otro contexto hubiera tomado m\u00e1s tiempo poderlas apropiar\u201d, subray\u00f3 Salas Durazo.<\/p>\n\n\n\n<p>De manera previa, 80 por ciento de las empresas no ten\u00eda un modelo de trabajo en l\u00ednea, y evidentemente la pandemia volte\u00f3 la moneda y provoc\u00f3 un entorno competitivo en el que 85 por ciento tuvo la capacidad de generar trabajo en casa.<\/p>\n\n\n\n<p>Se dio un fen\u00f3meno masivo en el que las empresas, de manera forzada y s\u00f3lida, tuvieron la capacidad de tener trabajo en casa. El sector servicios fue el que mejor se adapt\u00f3, y el de la industria tuvo menor participaci\u00f3n; lo cual es entendible por los sistemas de producci\u00f3n, dijo.<\/p>\n\n\n\n<p>Entre las acciones que pusieron en marcha las empresas est\u00e1n las reuniones por videoconferencia y el cumplimiento de objetivos y metas, m\u00e1s que concentrarse en una jornada laboral. Ese puede ser uno de los grandes lineamientos en el futuro dentro del mercado laboral jalisciense.<\/p>\n\n\n\n<p>Se\u00f1al\u00f3 que muchas empresas jaliscienses ya contaban con condiciones tecnol\u00f3gicas previas a la pandemia, y lo que buscan es reorganizar la forma de trabajo.<\/p>\n\n\n\n<p>Expres\u00f3 que la empresa jalisciense tiene una alta percepci\u00f3n sobre su grado de adaptabilidad. Esto tambi\u00e9n refleja su esp\u00edritu, que lejos de ser fatalista, dio la vuelta a la crisis con una capacidad de poder reaccionar ante un entorno complicado.<\/p>\n\n\n\n<p>\u201cUn punto que destaca de este estudio es que la escolaridad tiene influencia directa en la empleabilidad. Nos dimos cuenta de que entre el personal con posgrado no hubo pr\u00e1cticamente&nbsp; desempleo, y que \u00e9ste afect\u00f3 m\u00e1s a las personas con niveles de estudio bajos\u201d, afirm\u00f3 el Rector del CUCEA, maestro Luis Gustavo Padilla Montes.<\/p>\n\n\n\n<p>Anunci\u00f3 que en pr\u00f3ximos d\u00edas se aprueba el presupuesto de dicho plantel, y el plan es destinar un fondo para investigaci\u00f3n y transferencia de conocimiento. A\u00f1adi\u00f3 que ser\u00e1 reforzada una iniciativa por la cual ser\u00e1 creado un Centro de Innovaci\u00f3n para el Aceleramiento del Desarrollo Econ\u00f3mico del Estado de Jalisco, a fin de que, desde el CUCEA, se apoye y transfiera conocimiento, y se capacite a las empresas para la reconversi\u00f3n.<\/p>\n\n\n\n<p>La Directora General de Coparmex Jalisco, maestra Virginia Romero Jim\u00e9nez, destac\u00f3 que el estudio pone de manifiesto la importancia del trabajo conjunto del sector privado y la academia.<\/p>\n\n\n\n<p>\u201cCon este estudio podemos desarrollar nuevos programas, proyectos y capacitaciones de apoyo para las empresas hacia lo que hoy se ha instalado como la nueva normalidad\u201d, dijo.<\/p>\n\n\n\n<p>Resalt\u00f3 la adaptaci\u00f3n que tuvieron muchas empresas de manera r\u00e1pida para hacer frente a la primera etapa de la pandemia. \u201cHoy, las empresas, a pesar de la adversidad, son m\u00e1s competitivas que antes de la pandemia. Se sabe que est\u00e1n listas y listos para arrancar con nuevos retos, y eso demuestra que se pueden generar nuevas oportunidades en toda crisis\u201d.<\/p>\n\n\n\n<p>\u201cCon los resultados de este estudio estaremos desarrollando programas de capacitaci\u00f3n, que es la principal herramienta, el coraz\u00f3n, para poder evolucionar y adaptarnos a esta nueva normalidad\u201d, subray\u00f3 Romero Jim\u00e9nez.<\/p>\n\n\n\n<p>El Presidente de Coparmex Jalisco, ingeniero Carlos Villase\u00f1or Franco, resalt\u00f3 que el estudio servir\u00e1 para saber qu\u00e9 est\u00e1 pasando y c\u00f3mo se est\u00e1n adaptando los empresarios ante la pandemia.<\/p>\n","protected":false},"excerpt":{"rendered":"<p>Dan a conocer resultados de estudio de CUCEA y Coparmex Jalisco Ante la pandemia del COVID-19 la empresa jalisciense mostr\u00f3 una gran capacidad de reacci\u00f3n,<\/p>\n","protected":false},"author":2,"featured_media":4484,"comment_status":"open","ping_status":"open","sticky":false,"template":"","format":"standard","meta":{"footnotes":""},"categories":[348],"tags":[405,431,721,260,173],"class_list":["post-4483","post","type-post","status-publish","format-standard","has-post-thumbnail","hentry","category-noticias","tag-coparmex-jalisco","tag-covid-19","tag-cucea","tag-economia","tag-empresas"],"yoast_head":"<!-- This site is optimized with the Yoast SEO plugin v27.5 - https:\/\/yoast.com\/product\/yoast-seo-wordpress\/ -->\n<title>Empresas de Jalisco lograron adaptarse a condiciones provocadas por COVID-19 - Entorno Empresarial<\/title>\n<meta name=\"robots\" content=\"index, follow, max-snippet:-1, max-image-preview:large, max-video-preview:-1\" \/>\n<link rel=\"canonical\" href=\"https:\/\/coparmexjal.org.mx\/entorno-empresarial\/empresas-de-jalisco-lograron-adaptarse-a-condiciones-provocadas-por-covid-19\/\" \/>\n<meta property=\"og:locale\" content=\"es_MX\" \/>\n<meta property=\"og:type\" content=\"article\" \/>\n<meta property=\"og:title\" content=\"Empresas de Jalisco lograron adaptarse a condiciones provocadas por COVID-19 - Entorno Empresarial\" \/>\n<meta property=\"og:description\" content=\"Dan a conocer resultados de estudio de CUCEA y Coparmex Jalisco Ante la pandemia del COVID-19 la empresa jalisciense mostr\u00f3 una gran capacidad de reacci\u00f3n,\" \/>\n<meta property=\"og:url\" content=\"https:\/\/coparmexjal.org.mx\/entorno-empresarial\/empresas-de-jalisco-lograron-adaptarse-a-condiciones-provocadas-por-covid-19\/\" \/>\n<meta property=\"og:site_name\" content=\"Entorno Empresarial\" \/>\n<meta property=\"article:publisher\" content=\"https:\/\/facebook.com\/comcoparmex\" \/>\n<meta property=\"article:published_time\" content=\"2020-11-23T21:43:00+00:00\" \/>\n<meta property=\"article:modified_time\" content=\"2021-01-13T21:48:56+00:00\" \/>\n<meta property=\"og:image\" content=\"https:\/\/coparmexjal.org.mx\/entorno-empresarial\/wp-content\/uploads\/2021\/01\/Enh5vI0UYAAm-4K.jpeg\" \/>\n\t<meta property=\"og:image:width\" content=\"1420\" \/>\n\t<meta property=\"og:image:height\" content=\"800\" \/>\n\t<meta property=\"og:image:type\" content=\"image\/jpeg\" \/>\n<meta name=\"author\" content=\"Coparmex Jalisco\" \/>\n<meta name=\"twitter:card\" content=\"summary_large_image\" \/>\n<meta name=\"twitter:creator\" content=\"@comcoparmex\" \/>\n<meta name=\"twitter:site\" content=\"@comcoparmex\" \/>\n<meta name=\"twitter:label1\" content=\"Escrito por\" \/>\n\t<meta name=\"twitter:data1\" content=\"Coparmex Jalisco\" \/>\n\t<meta name=\"twitter:label2\" content=\"Tiempo de lectura\" \/>\n\t<meta name=\"twitter:data2\" content=\"4 minutos\" \/>\n<script type=\"application\/ld+json\" class=\"yoast-schema-graph\">{\"@context\":\"https:\\\/\\\/schema.org\",\"@graph\":[{\"@type\":\"Article\",\"@id\":\"https:\\\/\\\/coparmexjal.org.mx\\\/entorno-empresarial\\\/empresas-de-jalisco-lograron-adaptarse-a-condiciones-provocadas-por-covid-19\\\/#article\",\"isPartOf\":{\"@id\":\"https:\\\/\\\/coparmexjal.org.mx\\\/entorno-empresarial\\\/empresas-de-jalisco-lograron-adaptarse-a-condiciones-provocadas-por-covid-19\\\/\"},\"author\":{\"name\":\"Coparmex Jalisco\",\"@id\":\"https:\\\/\\\/coparmexjal.org.mx\\\/entorno-empresarial\\\/#\\\/schema\\\/person\\\/7d1d56a9587bfb3a725cd3dbfbdb9d44\"},\"headline\":\"Empresas de Jalisco lograron adaptarse a condiciones provocadas por COVID-19\",\"datePublished\":\"2020-11-23T21:43:00+00:00\",\"dateModified\":\"2021-01-13T21:48:56+00:00\",\"mainEntityOfPage\":{\"@id\":\"https:\\\/\\\/coparmexjal.org.mx\\\/entorno-empresarial\\\/empresas-de-jalisco-lograron-adaptarse-a-condiciones-provocadas-por-covid-19\\\/\"},\"wordCount\":858,\"commentCount\":0,\"publisher\":{\"@id\":\"https:\\\/\\\/coparmexjal.org.mx\\\/entorno-empresarial\\\/#organization\"},\"image\":{\"@id\":\"https:\\\/\\\/coparmexjal.org.mx\\\/entorno-empresarial\\\/empresas-de-jalisco-lograron-adaptarse-a-condiciones-provocadas-por-covid-19\\\/#primaryimage\"},\"thumbnailUrl\":\"https:\\\/\\\/coparmexjal.org.mx\\\/entorno-empresarial\\\/wp-content\\\/uploads\\\/2021\\\/01\\\/Enh5vI0UYAAm-4K.jpeg\",\"keywords\":[\"coparmex jalisco\",\"covid-19\",\"CUCEA\",\"econom\u00eda\",\"empresas\"],\"articleSection\":[\"Noticias\"],\"inLanguage\":\"es\",\"potentialAction\":[{\"@type\":\"CommentAction\",\"name\":\"Comment\",\"target\":[\"https:\\\/\\\/coparmexjal.org.mx\\\/entorno-empresarial\\\/empresas-de-jalisco-lograron-adaptarse-a-condiciones-provocadas-por-covid-19\\\/#respond\"]}]},{\"@type\":\"WebPage\",\"@id\":\"https:\\\/\\\/coparmexjal.org.mx\\\/entorno-empresarial\\\/empresas-de-jalisco-lograron-adaptarse-a-condiciones-provocadas-por-covid-19\\\/\",\"url\":\"https:\\\/\\\/coparmexjal.org.mx\\\/entorno-empresarial\\\/empresas-de-jalisco-lograron-adaptarse-a-condiciones-provocadas-por-covid-19\\\/\",\"name\":\"Empresas de Jalisco lograron adaptarse a condiciones provocadas por COVID-19 - Entorno Empresarial\",\"isPartOf\":{\"@id\":\"https:\\\/\\\/coparmexjal.org.mx\\\/entorno-empresarial\\\/#website\"},\"primaryImageOfPage\":{\"@id\":\"https:\\\/\\\/coparmexjal.org.mx\\\/entorno-empresarial\\\/empresas-de-jalisco-lograron-adaptarse-a-condiciones-provocadas-por-covid-19\\\/#primaryimage\"},\"image\":{\"@id\":\"https:\\\/\\\/coparmexjal.org.mx\\\/entorno-empresarial\\\/empresas-de-jalisco-lograron-adaptarse-a-condiciones-provocadas-por-covid-19\\\/#primaryimage\"},\"thumbnailUrl\":\"https:\\\/\\\/coparmexjal.org.mx\\\/entorno-empresarial\\\/wp-content\\\/uploads\\\/2021\\\/01\\\/Enh5vI0UYAAm-4K.jpeg\",\"datePublished\":\"2020-11-23T21:43:00+00:00\",\"dateModified\":\"2021-01-13T21:48:56+00:00\",\"breadcrumb\":{\"@id\":\"https:\\\/\\\/coparmexjal.org.mx\\\/entorno-empresarial\\\/empresas-de-jalisco-lograron-adaptarse-a-condiciones-provocadas-por-covid-19\\\/#breadcrumb\"},\"inLanguage\":\"es\",\"potentialAction\":[{\"@type\":\"ReadAction\",\"target\":[\"https:\\\/\\\/coparmexjal.org.mx\\\/entorno-empresarial\\\/empresas-de-jalisco-lograron-adaptarse-a-condiciones-provocadas-por-covid-19\\\/\"]}]},{\"@type\":\"ImageObject\",\"inLanguage\":\"es\",\"@id\":\"https:\\\/\\\/coparmexjal.org.mx\\\/entorno-empresarial\\\/empresas-de-jalisco-lograron-adaptarse-a-condiciones-provocadas-por-covid-19\\\/#primaryimage\",\"url\":\"https:\\\/\\\/coparmexjal.org.mx\\\/entorno-empresarial\\\/wp-content\\\/uploads\\\/2021\\\/01\\\/Enh5vI0UYAAm-4K.jpeg\",\"contentUrl\":\"https:\\\/\\\/coparmexjal.org.mx\\\/entorno-empresarial\\\/wp-content\\\/uploads\\\/2021\\\/01\\\/Enh5vI0UYAAm-4K.jpeg\",\"width\":1420,\"height\":800},{\"@type\":\"BreadcrumbList\",\"@id\":\"https:\\\/\\\/coparmexjal.org.mx\\\/entorno-empresarial\\\/empresas-de-jalisco-lograron-adaptarse-a-condiciones-provocadas-por-covid-19\\\/#breadcrumb\",\"itemListElement\":[{\"@type\":\"ListItem\",\"position\":1,\"name\":\"Inicio\",\"item\":\"https:\\\/\\\/coparmexjal.org.mx\\\/entorno-empresarial\\\/\"},{\"@type\":\"ListItem\",\"position\":2,\"name\":\"Empresas de Jalisco lograron adaptarse a condiciones provocadas por COVID-19\"}]},{\"@type\":\"WebSite\",\"@id\":\"https:\\\/\\\/coparmexjal.org.mx\\\/entorno-empresarial\\\/#website\",\"url\":\"https:\\\/\\\/coparmexjal.org.mx\\\/entorno-empresarial\\\/\",\"name\":\"Revista Entorno Empresarial\",\"description\":\"Coparmex Jalisco\",\"publisher\":{\"@id\":\"https:\\\/\\\/coparmexjal.org.mx\\\/entorno-empresarial\\\/#organization\"},\"potentialAction\":[{\"@type\":\"SearchAction\",\"target\":{\"@type\":\"EntryPoint\",\"urlTemplate\":\"https:\\\/\\\/coparmexjal.org.mx\\\/entorno-empresarial\\\/?s={search_term_string}\"},\"query-input\":{\"@type\":\"PropertyValueSpecification\",\"valueRequired\":true,\"valueName\":\"search_term_string\"}}],\"inLanguage\":\"es\"},{\"@type\":\"Organization\",\"@id\":\"https:\\\/\\\/coparmexjal.org.mx\\\/entorno-empresarial\\\/#organization\",\"name\":\"Coparmex Jalisco\",\"url\":\"https:\\\/\\\/coparmexjal.org.mx\\\/entorno-empresarial\\\/\",\"logo\":{\"@type\":\"ImageObject\",\"inLanguage\":\"es\",\"@id\":\"https:\\\/\\\/coparmexjal.org.mx\\\/entorno-empresarial\\\/#\\\/schema\\\/logo\\\/image\\\/\",\"url\":\"https:\\\/\\\/coparmexjal.org.mx\\\/entorno-empresarial\\\/wp-content\\\/uploads\\\/2020\\\/02\\\/logo-amp.png\",\"contentUrl\":\"https:\\\/\\\/coparmexjal.org.mx\\\/entorno-empresarial\\\/wp-content\\\/uploads\\\/2020\\\/02\\\/logo-amp.png\",\"width\":120,\"height\":90,\"caption\":\"Coparmex Jalisco\"},\"image\":{\"@id\":\"https:\\\/\\\/coparmexjal.org.mx\\\/entorno-empresarial\\\/#\\\/schema\\\/logo\\\/image\\\/\"},\"sameAs\":[\"https:\\\/\\\/facebook.com\\\/comcoparmex\",\"https:\\\/\\\/x.com\\\/comcoparmex\",\"http:\\\/\\\/instagram.com\\\/coparmexjalisco\",\"https:\\\/\\\/mx.linkedin.com\\\/company\\\/coparmex-jalisco\",\"https:\\\/\\\/www.youtube.com\\\/c\\\/CoparmexJaliscomx\"]},{\"@type\":\"Person\",\"@id\":\"https:\\\/\\\/coparmexjal.org.mx\\\/entorno-empresarial\\\/#\\\/schema\\\/person\\\/7d1d56a9587bfb3a725cd3dbfbdb9d44\",\"name\":\"Coparmex Jalisco\",\"image\":{\"@type\":\"ImageObject\",\"inLanguage\":\"es\",\"@id\":\"https:\\\/\\\/coparmexjal.org.mx\\\/entorno-empresarial\\\/wp-content\\\/uploads\\\/2020\\\/06\\\/favicon-150x133.png\",\"url\":\"https:\\\/\\\/coparmexjal.org.mx\\\/entorno-empresarial\\\/wp-content\\\/uploads\\\/2020\\\/06\\\/favicon-150x133.png\",\"contentUrl\":\"https:\\\/\\\/coparmexjal.org.mx\\\/entorno-empresarial\\\/wp-content\\\/uploads\\\/2020\\\/06\\\/favicon-150x133.png\",\"caption\":\"Coparmex Jalisco\"},\"url\":\"https:\\\/\\\/coparmexjal.org.mx\\\/entorno-empresarial\\\/author\\\/coparmexjalisco\\\/\"}]}<\/script>\n<!-- \/ Yoast SEO plugin. -->","yoast_head_json":{"title":"Empresas de Jalisco lograron adaptarse a condiciones provocadas por COVID-19 - Entorno Empresarial","robots":{"index":"index","follow":"follow","max-snippet":"max-snippet:-1","max-image-preview":"max-image-preview:large","max-video-preview":"max-video-preview:-1"},"canonical":"https:\/\/coparmexjal.org.mx\/entorno-empresarial\/empresas-de-jalisco-lograron-adaptarse-a-condiciones-provocadas-por-covid-19\/","og_locale":"es_MX","og_type":"article","og_title":"Empresas de Jalisco lograron adaptarse a condiciones provocadas por COVID-19 - Entorno Empresarial","og_description":"Dan a conocer resultados de estudio de CUCEA y Coparmex Jalisco Ante la pandemia del COVID-19 la empresa jalisciense mostr\u00f3 una gran capacidad de reacci\u00f3n,","og_url":"https:\/\/coparmexjal.org.mx\/entorno-empresarial\/empresas-de-jalisco-lograron-adaptarse-a-condiciones-provocadas-por-covid-19\/","og_site_name":"Entorno Empresarial","article_publisher":"https:\/\/facebook.com\/comcoparmex","article_published_time":"2020-11-23T21:43:00+00:00","article_modified_time":"2021-01-13T21:48:56+00:00","og_image":[{"width":1420,"height":800,"url":"https:\/\/coparmexjal.org.mx\/entorno-empresarial\/wp-content\/uploads\/2021\/01\/Enh5vI0UYAAm-4K.jpeg","type":"image\/jpeg"}],"author":"Coparmex Jalisco","twitter_card":"summary_large_image","twitter_creator":"@comcoparmex","twitter_site":"@comcoparmex","twitter_misc":{"Escrito por":"Coparmex Jalisco","Tiempo de lectura":"4 minutos"},"schema":{"@context":"https:\/\/schema.org","@graph":[{"@type":"Article","@id":"https:\/\/coparmexjal.org.mx\/entorno-empresarial\/empresas-de-jalisco-lograron-adaptarse-a-condiciones-provocadas-por-covid-19\/#article","isPartOf":{"@id":"https:\/\/coparmexjal.org.mx\/entorno-empresarial\/empresas-de-jalisco-lograron-adaptarse-a-condiciones-provocadas-por-covid-19\/"},"author":{"name":"Coparmex Jalisco","@id":"https:\/\/coparmexjal.org.mx\/entorno-empresarial\/#\/schema\/person\/7d1d56a9587bfb3a725cd3dbfbdb9d44"},"headline":"Empresas de Jalisco lograron adaptarse a condiciones provocadas por COVID-19","datePublished":"2020-11-23T21:43:00+00:00","dateModified":"2021-01-13T21:48:56+00:00","mainEntityOfPage":{"@id":"https:\/\/coparmexjal.org.mx\/entorno-empresarial\/empresas-de-jalisco-lograron-adaptarse-a-condiciones-provocadas-por-covid-19\/"},"wordCount":858,"commentCount":0,"publisher":{"@id":"https:\/\/coparmexjal.org.mx\/entorno-empresarial\/#organization"},"image":{"@id":"https:\/\/coparmexjal.org.mx\/entorno-empresarial\/empresas-de-jalisco-lograron-adaptarse-a-condiciones-provocadas-por-covid-19\/#primaryimage"},"thumbnailUrl":"https:\/\/coparmexjal.org.mx\/entorno-empresarial\/wp-content\/uploads\/2021\/01\/Enh5vI0UYAAm-4K.jpeg","keywords":["coparmex jalisco","covid-19","CUCEA","econom\u00eda","empresas"],"articleSection":["Noticias"],"inLanguage":"es","potentialAction":[{"@type":"CommentAction","name":"Comment","target":["https:\/\/coparmexjal.org.mx\/entorno-empresarial\/empresas-de-jalisco-lograron-adaptarse-a-condiciones-provocadas-por-covid-19\/#respond"]}]},{"@type":"WebPage","@id":"https:\/\/coparmexjal.org.mx\/entorno-empresarial\/empresas-de-jalisco-lograron-adaptarse-a-condiciones-provocadas-por-covid-19\/","url":"https:\/\/coparmexjal.org.mx\/entorno-empresarial\/empresas-de-jalisco-lograron-adaptarse-a-condiciones-provocadas-por-covid-19\/","name":"Empresas de Jalisco lograron adaptarse a condiciones provocadas por COVID-19 - Entorno Empresarial","isPartOf":{"@id":"https:\/\/coparmexjal.org.mx\/entorno-empresarial\/#website"},"primaryImageOfPage":{"@id":"https:\/\/coparmexjal.org.mx\/entorno-empresarial\/empresas-de-jalisco-lograron-adaptarse-a-condiciones-provocadas-por-covid-19\/#primaryimage"},"image":{"@id":"https:\/\/coparmexjal.org.mx\/entorno-empresarial\/empresas-de-jalisco-lograron-adaptarse-a-condiciones-provocadas-por-covid-19\/#primaryimage"},"thumbnailUrl":"https:\/\/coparmexjal.org.mx\/entorno-empresarial\/wp-content\/uploads\/2021\/01\/Enh5vI0UYAAm-4K.jpeg","datePublished":"2020-11-23T21:43:00+00:00","dateModified":"2021-01-13T21:48:56+00:00","breadcrumb":{"@id":"https:\/\/coparmexjal.org.mx\/entorno-empresarial\/empresas-de-jalisco-lograron-adaptarse-a-condiciones-provocadas-por-covid-19\/#breadcrumb"},"inLanguage":"es","potentialAction":[{"@type":"ReadAction","target":["https:\/\/coparmexjal.org.mx\/entorno-empresarial\/empresas-de-jalisco-lograron-adaptarse-a-condiciones-provocadas-por-covid-19\/"]}]},{"@type":"ImageObject","inLanguage":"es","@id":"https:\/\/coparmexjal.org.mx\/entorno-empresarial\/empresas-de-jalisco-lograron-adaptarse-a-condiciones-provocadas-por-covid-19\/#primaryimage","url":"https:\/\/coparmexjal.org.mx\/entorno-empresarial\/wp-content\/uploads\/2021\/01\/Enh5vI0UYAAm-4K.jpeg","contentUrl":"https:\/\/coparmexjal.org.mx\/entorno-empresarial\/wp-content\/uploads\/2021\/01\/Enh5vI0UYAAm-4K.jpeg","width":1420,"height":800},{"@type":"BreadcrumbList","@id":"https:\/\/coparmexjal.org.mx\/entorno-empresarial\/empresas-de-jalisco-lograron-adaptarse-a-condiciones-provocadas-por-covid-19\/#breadcrumb","itemListElement":[{"@type":"ListItem","position":1,"name":"Inicio","item":"https:\/\/coparmexjal.org.mx\/entorno-empresarial\/"},{"@type":"ListItem","position":2,"name":"Empresas de Jalisco lograron adaptarse a condiciones provocadas por COVID-19"}]},{"@type":"WebSite","@id":"https:\/\/coparmexjal.org.mx\/entorno-empresarial\/#website","url":"https:\/\/coparmexjal.org.mx\/entorno-empresarial\/","name":"Revista Entorno Empresarial","description":"Coparmex Jalisco","publisher":{"@id":"https:\/\/coparmexjal.org.mx\/entorno-empresarial\/#organization"},"potentialAction":[{"@type":"SearchAction","target":{"@type":"EntryPoint","urlTemplate":"https:\/\/coparmexjal.org.mx\/entorno-empresarial\/?s={search_term_string}"},"query-input":{"@type":"PropertyValueSpecification","valueRequired":true,"valueName":"search_term_string"}}],"inLanguage":"es"},{"@type":"Organization","@id":"https:\/\/coparmexjal.org.mx\/entorno-empresarial\/#organization","name":"Coparmex Jalisco","url":"https:\/\/coparmexjal.org.mx\/entorno-empresarial\/","logo":{"@type":"ImageObject","inLanguage":"es","@id":"https:\/\/coparmexjal.org.mx\/entorno-empresarial\/#\/schema\/logo\/image\/","url":"https:\/\/coparmexjal.org.mx\/entorno-empresarial\/wp-content\/uploads\/2020\/02\/logo-amp.png","contentUrl":"https:\/\/coparmexjal.org.mx\/entorno-empresarial\/wp-content\/uploads\/2020\/02\/logo-amp.png","width":120,"height":90,"caption":"Coparmex Jalisco"},"image":{"@id":"https:\/\/coparmexjal.org.mx\/entorno-empresarial\/#\/schema\/logo\/image\/"},"sameAs":["https:\/\/facebook.com\/comcoparmex","https:\/\/x.com\/comcoparmex","http:\/\/instagram.com\/coparmexjalisco","https:\/\/mx.linkedin.com\/company\/coparmex-jalisco","https:\/\/www.youtube.com\/c\/CoparmexJaliscomx"]},{"@type":"Person","@id":"https:\/\/coparmexjal.org.mx\/entorno-empresarial\/#\/schema\/person\/7d1d56a9587bfb3a725cd3dbfbdb9d44","name":"Coparmex Jalisco","image":{"@type":"ImageObject","inLanguage":"es","@id":"https:\/\/coparmexjal.org.mx\/entorno-empresarial\/wp-content\/uploads\/2020\/06\/favicon-150x133.png","url":"https:\/\/coparmexjal.org.mx\/entorno-empresarial\/wp-content\/uploads\/2020\/06\/favicon-150x133.png","contentUrl":"https:\/\/coparmexjal.org.mx\/entorno-empresarial\/wp-content\/uploads\/2020\/06\/favicon-150x133.png","caption":"Coparmex Jalisco"},"url":"https:\/\/coparmexjal.org.mx\/entorno-empresarial\/author\/coparmexjalisco\/"}]}},"_links":{"self":[{"href":"https:\/\/coparmexjal.org.mx\/entorno-empresarial\/wp-json\/wp\/v2\/posts\/4483","targetHints":{"allow":["GET"]}}],"collection":[{"href":"https:\/\/coparmexjal.org.mx\/entorno-empresarial\/wp-json\/wp\/v2\/posts"}],"about":[{"href":"https:\/\/coparmexjal.org.mx\/entorno-empresarial\/wp-json\/wp\/v2\/types\/post"}],"author":[{"embeddable":true,"href":"https:\/\/coparmexjal.org.mx\/entorno-empresarial\/wp-json\/wp\/v2\/users\/2"}],"replies":[{"embeddable":true,"href":"https:\/\/coparmexjal.org.mx\/entorno-empresarial\/wp-json\/wp\/v2\/comments?post=4483"}],"version-history":[{"count":1,"href":"https:\/\/coparmexjal.org.mx\/entorno-empresarial\/wp-json\/wp\/v2\/posts\/4483\/revisions"}],"predecessor-version":[{"id":4485,"href":"https:\/\/coparmexjal.org.mx\/entorno-empresarial\/wp-json\/wp\/v2\/posts\/4483\/revisions\/4485"}],"wp:featuredmedia":[{"embeddable":true,"href":"https:\/\/coparmexjal.org.mx\/entorno-empresarial\/wp-json\/wp\/v2\/media\/4484"}],"wp:attachment":[{"href":"https:\/\/coparmexjal.org.mx\/entorno-empresarial\/wp-json\/wp\/v2\/media?parent=4483"}],"wp:term":[{"taxonomy":"category","embeddable":true,"href":"https:\/\/coparmexjal.org.mx\/entorno-empresarial\/wp-json\/wp\/v2\/categories?post=4483"},{"taxonomy":"post_tag","embeddable":true,"href":"https:\/\/coparmexjal.org.mx\/entorno-empresarial\/wp-json\/wp\/v2\/tags?post=4483"}],"curies":[{"name":"wp","href":"https:\/\/api.w.org\/{rel}","templated":true}]}}