{"id":4477,"date":"2020-04-13T15:19:00","date_gmt":"2020-04-13T20:19:00","guid":{"rendered":"https:\/\/coparmexjal.org.mx\/entorno-empresarial\/?p=4477"},"modified":"2021-01-13T15:22:06","modified_gmt":"2021-01-13T21:22:06","slug":"sector-productivo-del-estado-exige-respuesta-al-gobierno-federal-antes-del-1-de-mayo","status":"publish","type":"post","link":"https:\/\/coparmexjal.org.mx\/entorno-empresarial\/sector-productivo-del-estado-exige-respuesta-al-gobierno-federal-antes-del-1-de-mayo\/","title":{"rendered":"Sector Productivo del Estado exige respuesta al Gobierno Federal antes del 1 de mayo"},"content":{"rendered":"\n<p>Los miembros del Pacto por la Estabilidad del Empleo de Jalisco, exigen al Gobierno Federal una respuesta a sus peticiones antes del <strong>1 de Mayo <\/strong>para evitar un mayor impacto econ\u00f3mico derivado de la emergencia sanitaria por el COVID19.<\/p>\n\n\n\n<p>Estas solicitudes del Sector productivo de Jalisco, presentadas en conferencia de prensa, son:<\/p>\n\n\n\n<p>1.- La inmediata instalaci\u00f3n de la Mesa Nacional de Reactivaci\u00f3n Econ\u00f3mica, a la que, de manera inicial se est\u00e1 convocando a los siguientes funcionarios federales:<\/p>\n\n\n\n<p>Secretario de Relaciones Exteriores<\/p>\n\n\n\n<p>Secretaria de Econom\u00eda.<\/p>\n\n\n\n<p>Secretario de Seguridad y Protecci\u00f3n Ciudadana<\/p>\n\n\n\n<p>Secretaria del Trabajo y Previsi\u00f3n social<\/p>\n\n\n\n<p>Director General del IMSS<\/p>\n\n\n\n<p>2.- Se solicitar\u00e1 por escrito al Congreso Federal y el Ejecutivo de la Naci\u00f3n, la reasignaci\u00f3n del Presupuesto Federal de los proyectos para las refiner\u00edas, el Aeropuerto de Santa Luc\u00eda y el Tren Maya, para etiquetarlo a la atenci\u00f3n de la pandemia.<\/p>\n\n\n\n<p>3.- Al Consejo General de Salud se pedir\u00e1 la inclusi\u00f3n dentro de los sectores esenciales las actividades que pudieran desarticular la cadena de valor y poner en riesgo los compromisos internacionales de M\u00e9xico, conforme a los tratados y acuerdos de los que el pa\u00eds es parte; as\u00ed como reconocer las recomendaciones que la Organizaci\u00f3n Mundial de la Salud, la Organizaci\u00f3n Mundial del Trabajo y dem\u00e1s entidades internacionales han hecho para la atenci\u00f3n de la pandemia y la reactivaci\u00f3n de las econom\u00edas.&nbsp;<\/p>\n\n\n\n<p>Lo anterior, debido a que ya se est\u00e1n presentado afectaciones como la ca\u00edda en las ventas en un 80 por ciento, suspensi\u00f3n de operaciones en el 54 por ciento de las unidades econ\u00f3micas en Jalisco, recorte de personal en el 29 por ciento, cifras que de acuerdo a las proyecciones podr\u00edan incrementarse considerablemente de no tener medidas de apoyo del Gobierno Federal.<\/p>\n\n\n\n<p>Los l\u00edderes empresariales y representantes sindicales tambi\u00e9n expresaron su preocupaci\u00f3n por el incremento de la incidencia delictiva a nivel nacional y en el estado.<\/p>\n\n\n\n<p>Se prev\u00e9n adem\u00e1s, escenarios de disminuci\u00f3n del PIB de Jalisco y su impacto a nivel nacional, teniendo en cuenta las restricciones para las actividades no esenciales de la econom\u00eda en el estado; en la que se estar\u00eda hablando de una contracci\u00f3n al primer mes del -7.8%, al segundo mes del -10.8% y al tercero del -13.6%.<\/p>\n\n\n\n<p>Reiteraron la urgencia de que el Gobierno Federal implemente un <strong>Plan para la Protecci\u00f3n del Empleo y la Reactivaci\u00f3n Econ\u00f3mica<\/strong> que establezca como medidas:<\/p>\n\n\n\n<p>1.- Pr\u00f3rroga en el pago de impuestos para MiPyMes.<\/p>\n\n\n\n<p>2.- Aplicaci\u00f3n inmediata de fondos de Nafin y Bancomex a tasa cero a MiPyMes.<\/p>\n\n\n\n<p>3.- Evitar la desarticulaci\u00f3n de las cadenas de valor para el cumplimiento de los compromisos del TELECAN\/ T MEC.<\/p>\n\n\n\n<p>4.- Revisi\u00f3n del Pacto Fiscal en una Convenci\u00f3n Nacional Hacendaria.<\/p>\n\n\n\n<p>5.- Instalaci\u00f3n de una Mesa Nacional de Reactivaci\u00f3n Econ\u00f3mica.<\/p>\n\n\n\n<p>En cuanto a la carta enviada en d\u00edas pasados al Presidente de la Rep\u00fablica, Andr\u00e9s Manuel L\u00f3pez Obrador, por parte de los integrantes del Pacto por la Estabilidad del Empleo de Jalisco, a\u00fan no se recibe respuesta.<\/p>\n\n\n\n<p>Adem\u00e1s se impuls\u00f3 desde el Consejo T\u00e9cnico local del Instituto Mexicano del Seguro Social, la petici\u00f3n al Consejo Consultivo del IMSS para diferir las cuotas obrero patronales sin el cobro de inter\u00e9s, y se ha invitado a los distintos organismos empresariales de los estados pertenecientes a la Alianza Centro Baj\u00edo Occidente, a la conformaci\u00f3n de una estrategia de desarrollo regional.<\/p>\n","protected":false},"excerpt":{"rendered":"<p>Los miembros del Pacto por la Estabilidad del Empleo de Jalisco, exigen al Gobierno Federal una respuesta a sus peticiones antes del 1 de Mayo<\/p>\n","protected":false},"author":2,"featured_media":4389,"comment_status":"open","ping_status":"open","sticky":false,"template":"","format":"standard","meta":{"footnotes":""},"categories":[348],"tags":[260,700,433,718,257,719,456,680],"class_list":["post-4477","post","type-post","status-publish","format-standard","has-post-thumbnail","hentry","category-noticias","tag-economia","tag-gobierno-federal","tag-imss","tag-iniciativa-privada","tag-jalisco","tag-nafin","tag-pymes","tag-reactivacion-economica"],"yoast_head":"<!-- This site is optimized with the Yoast SEO plugin v27.5 - https:\/\/yoast.com\/product\/yoast-seo-wordpress\/ -->\n<title>Sector Productivo del Estado exige respuesta al Gobierno Federal antes del 1 de mayo - Entorno Empresarial<\/title>\n<meta name=\"robots\" content=\"index, follow, max-snippet:-1, max-image-preview:large, max-video-preview:-1\" \/>\n<link rel=\"canonical\" href=\"https:\/\/coparmexjal.org.mx\/entorno-empresarial\/sector-productivo-del-estado-exige-respuesta-al-gobierno-federal-antes-del-1-de-mayo\/\" \/>\n<meta property=\"og:locale\" content=\"es_MX\" \/>\n<meta property=\"og:type\" content=\"article\" \/>\n<meta property=\"og:title\" content=\"Sector Productivo del Estado exige respuesta al Gobierno Federal antes del 1 de mayo - Entorno Empresarial\" \/>\n<meta property=\"og:description\" content=\"Los miembros del Pacto por la Estabilidad del Empleo de Jalisco, exigen al Gobierno Federal una respuesta a sus peticiones antes del 1 de Mayo\" \/>\n<meta property=\"og:url\" content=\"https:\/\/coparmexjal.org.mx\/entorno-empresarial\/sector-productivo-del-estado-exige-respuesta-al-gobierno-federal-antes-del-1-de-mayo\/\" \/>\n<meta property=\"og:site_name\" content=\"Entorno Empresarial\" \/>\n<meta property=\"article:publisher\" content=\"https:\/\/facebook.com\/comcoparmex\" \/>\n<meta property=\"article:published_time\" content=\"2020-04-13T20:19:00+00:00\" \/>\n<meta property=\"article:modified_time\" content=\"2021-01-13T21:22:06+00:00\" \/>\n<meta property=\"og:image\" content=\"https:\/\/coparmexjal.org.mx\/entorno-empresarial\/wp-content\/uploads\/2021\/01\/Captura-de-pantalla-2021-01-06-a-las-5.03.28-p.m..png\" \/>\n\t<meta property=\"og:image:width\" content=\"708\" \/>\n\t<meta property=\"og:image:height\" content=\"130\" \/>\n\t<meta property=\"og:image:type\" content=\"image\/png\" \/>\n<meta name=\"author\" content=\"Coparmex Jalisco\" \/>\n<meta name=\"twitter:card\" content=\"summary_large_image\" \/>\n<meta name=\"twitter:creator\" content=\"@comcoparmex\" \/>\n<meta name=\"twitter:site\" content=\"@comcoparmex\" \/>\n<meta name=\"twitter:label1\" content=\"Escrito por\" \/>\n\t<meta name=\"twitter:data1\" content=\"Coparmex Jalisco\" \/>\n\t<meta name=\"twitter:label2\" content=\"Tiempo de lectura\" \/>\n\t<meta name=\"twitter:data2\" content=\"3 minutos\" \/>\n<script type=\"application\/ld+json\" class=\"yoast-schema-graph\">{\"@context\":\"https:\\\/\\\/schema.org\",\"@graph\":[{\"@type\":\"Article\",\"@id\":\"https:\\\/\\\/coparmexjal.org.mx\\\/entorno-empresarial\\\/sector-productivo-del-estado-exige-respuesta-al-gobierno-federal-antes-del-1-de-mayo\\\/#article\",\"isPartOf\":{\"@id\":\"https:\\\/\\\/coparmexjal.org.mx\\\/entorno-empresarial\\\/sector-productivo-del-estado-exige-respuesta-al-gobierno-federal-antes-del-1-de-mayo\\\/\"},\"author\":{\"name\":\"Coparmex Jalisco\",\"@id\":\"https:\\\/\\\/coparmexjal.org.mx\\\/entorno-empresarial\\\/#\\\/schema\\\/person\\\/7d1d56a9587bfb3a725cd3dbfbdb9d44\"},\"headline\":\"Sector Productivo del Estado exige respuesta al Gobierno Federal antes del 1 de mayo\",\"datePublished\":\"2020-04-13T20:19:00+00:00\",\"dateModified\":\"2021-01-13T21:22:06+00:00\",\"mainEntityOfPage\":{\"@id\":\"https:\\\/\\\/coparmexjal.org.mx\\\/entorno-empresarial\\\/sector-productivo-del-estado-exige-respuesta-al-gobierno-federal-antes-del-1-de-mayo\\\/\"},\"wordCount\":614,\"commentCount\":0,\"publisher\":{\"@id\":\"https:\\\/\\\/coparmexjal.org.mx\\\/entorno-empresarial\\\/#organization\"},\"image\":{\"@id\":\"https:\\\/\\\/coparmexjal.org.mx\\\/entorno-empresarial\\\/sector-productivo-del-estado-exige-respuesta-al-gobierno-federal-antes-del-1-de-mayo\\\/#primaryimage\"},\"thumbnailUrl\":\"https:\\\/\\\/coparmexjal.org.mx\\\/entorno-empresarial\\\/wp-content\\\/uploads\\\/2021\\\/01\\\/Captura-de-pantalla-2021-01-06-a-las-5.03.28-p.m..png\",\"keywords\":[\"econom\u00eda\",\"Gobierno Federal\",\"imss\",\"Iniciativa Privada\",\"Jalisco\",\"Nafin\",\"Pymes\",\"Reactivacion economica\"],\"articleSection\":[\"Noticias\"],\"inLanguage\":\"es\",\"potentialAction\":[{\"@type\":\"CommentAction\",\"name\":\"Comment\",\"target\":[\"https:\\\/\\\/coparmexjal.org.mx\\\/entorno-empresarial\\\/sector-productivo-del-estado-exige-respuesta-al-gobierno-federal-antes-del-1-de-mayo\\\/#respond\"]}]},{\"@type\":\"WebPage\",\"@id\":\"https:\\\/\\\/coparmexjal.org.mx\\\/entorno-empresarial\\\/sector-productivo-del-estado-exige-respuesta-al-gobierno-federal-antes-del-1-de-mayo\\\/\",\"url\":\"https:\\\/\\\/coparmexjal.org.mx\\\/entorno-empresarial\\\/sector-productivo-del-estado-exige-respuesta-al-gobierno-federal-antes-del-1-de-mayo\\\/\",\"name\":\"Sector Productivo del Estado exige respuesta al Gobierno Federal antes del 1 de mayo - Entorno Empresarial\",\"isPartOf\":{\"@id\":\"https:\\\/\\\/coparmexjal.org.mx\\\/entorno-empresarial\\\/#website\"},\"primaryImageOfPage\":{\"@id\":\"https:\\\/\\\/coparmexjal.org.mx\\\/entorno-empresarial\\\/sector-productivo-del-estado-exige-respuesta-al-gobierno-federal-antes-del-1-de-mayo\\\/#primaryimage\"},\"image\":{\"@id\":\"https:\\\/\\\/coparmexjal.org.mx\\\/entorno-empresarial\\\/sector-productivo-del-estado-exige-respuesta-al-gobierno-federal-antes-del-1-de-mayo\\\/#primaryimage\"},\"thumbnailUrl\":\"https:\\\/\\\/coparmexjal.org.mx\\\/entorno-empresarial\\\/wp-content\\\/uploads\\\/2021\\\/01\\\/Captura-de-pantalla-2021-01-06-a-las-5.03.28-p.m..png\",\"datePublished\":\"2020-04-13T20:19:00+00:00\",\"dateModified\":\"2021-01-13T21:22:06+00:00\",\"breadcrumb\":{\"@id\":\"https:\\\/\\\/coparmexjal.org.mx\\\/entorno-empresarial\\\/sector-productivo-del-estado-exige-respuesta-al-gobierno-federal-antes-del-1-de-mayo\\\/#breadcrumb\"},\"inLanguage\":\"es\",\"potentialAction\":[{\"@type\":\"ReadAction\",\"target\":[\"https:\\\/\\\/coparmexjal.org.mx\\\/entorno-empresarial\\\/sector-productivo-del-estado-exige-respuesta-al-gobierno-federal-antes-del-1-de-mayo\\\/\"]}]},{\"@type\":\"ImageObject\",\"inLanguage\":\"es\",\"@id\":\"https:\\\/\\\/coparmexjal.org.mx\\\/entorno-empresarial\\\/sector-productivo-del-estado-exige-respuesta-al-gobierno-federal-antes-del-1-de-mayo\\\/#primaryimage\",\"url\":\"https:\\\/\\\/coparmexjal.org.mx\\\/entorno-empresarial\\\/wp-content\\\/uploads\\\/2021\\\/01\\\/Captura-de-pantalla-2021-01-06-a-las-5.03.28-p.m..png\",\"contentUrl\":\"https:\\\/\\\/coparmexjal.org.mx\\\/entorno-empresarial\\\/wp-content\\\/uploads\\\/2021\\\/01\\\/Captura-de-pantalla-2021-01-06-a-las-5.03.28-p.m..png\",\"width\":708,\"height\":130},{\"@type\":\"BreadcrumbList\",\"@id\":\"https:\\\/\\\/coparmexjal.org.mx\\\/entorno-empresarial\\\/sector-productivo-del-estado-exige-respuesta-al-gobierno-federal-antes-del-1-de-mayo\\\/#breadcrumb\",\"itemListElement\":[{\"@type\":\"ListItem\",\"position\":1,\"name\":\"Inicio\",\"item\":\"https:\\\/\\\/coparmexjal.org.mx\\\/entorno-empresarial\\\/\"},{\"@type\":\"ListItem\",\"position\":2,\"name\":\"Sector Productivo del Estado exige respuesta al Gobierno Federal antes del 1 de mayo\"}]},{\"@type\":\"WebSite\",\"@id\":\"https:\\\/\\\/coparmexjal.org.mx\\\/entorno-empresarial\\\/#website\",\"url\":\"https:\\\/\\\/coparmexjal.org.mx\\\/entorno-empresarial\\\/\",\"name\":\"Revista Entorno Empresarial\",\"description\":\"Coparmex Jalisco\",\"publisher\":{\"@id\":\"https:\\\/\\\/coparmexjal.org.mx\\\/entorno-empresarial\\\/#organization\"},\"potentialAction\":[{\"@type\":\"SearchAction\",\"target\":{\"@type\":\"EntryPoint\",\"urlTemplate\":\"https:\\\/\\\/coparmexjal.org.mx\\\/entorno-empresarial\\\/?s={search_term_string}\"},\"query-input\":{\"@type\":\"PropertyValueSpecification\",\"valueRequired\":true,\"valueName\":\"search_term_string\"}}],\"inLanguage\":\"es\"},{\"@type\":\"Organization\",\"@id\":\"https:\\\/\\\/coparmexjal.org.mx\\\/entorno-empresarial\\\/#organization\",\"name\":\"Coparmex Jalisco\",\"url\":\"https:\\\/\\\/coparmexjal.org.mx\\\/entorno-empresarial\\\/\",\"logo\":{\"@type\":\"ImageObject\",\"inLanguage\":\"es\",\"@id\":\"https:\\\/\\\/coparmexjal.org.mx\\\/entorno-empresarial\\\/#\\\/schema\\\/logo\\\/image\\\/\",\"url\":\"https:\\\/\\\/coparmexjal.org.mx\\\/entorno-empresarial\\\/wp-content\\\/uploads\\\/2020\\\/02\\\/logo-amp.png\",\"contentUrl\":\"https:\\\/\\\/coparmexjal.org.mx\\\/entorno-empresarial\\\/wp-content\\\/uploads\\\/2020\\\/02\\\/logo-amp.png\",\"width\":120,\"height\":90,\"caption\":\"Coparmex Jalisco\"},\"image\":{\"@id\":\"https:\\\/\\\/coparmexjal.org.mx\\\/entorno-empresarial\\\/#\\\/schema\\\/logo\\\/image\\\/\"},\"sameAs\":[\"https:\\\/\\\/facebook.com\\\/comcoparmex\",\"https:\\\/\\\/x.com\\\/comcoparmex\",\"http:\\\/\\\/instagram.com\\\/coparmexjalisco\",\"https:\\\/\\\/mx.linkedin.com\\\/company\\\/coparmex-jalisco\",\"https:\\\/\\\/www.youtube.com\\\/c\\\/CoparmexJaliscomx\"]},{\"@type\":\"Person\",\"@id\":\"https:\\\/\\\/coparmexjal.org.mx\\\/entorno-empresarial\\\/#\\\/schema\\\/person\\\/7d1d56a9587bfb3a725cd3dbfbdb9d44\",\"name\":\"Coparmex Jalisco\",\"image\":{\"@type\":\"ImageObject\",\"inLanguage\":\"es\",\"@id\":\"https:\\\/\\\/coparmexjal.org.mx\\\/entorno-empresarial\\\/wp-content\\\/uploads\\\/2020\\\/06\\\/favicon-150x133.png\",\"url\":\"https:\\\/\\\/coparmexjal.org.mx\\\/entorno-empresarial\\\/wp-content\\\/uploads\\\/2020\\\/06\\\/favicon-150x133.png\",\"contentUrl\":\"https:\\\/\\\/coparmexjal.org.mx\\\/entorno-empresarial\\\/wp-content\\\/uploads\\\/2020\\\/06\\\/favicon-150x133.png\",\"caption\":\"Coparmex Jalisco\"},\"url\":\"https:\\\/\\\/coparmexjal.org.mx\\\/entorno-empresarial\\\/author\\\/coparmexjalisco\\\/\"}]}<\/script>\n<!-- \/ Yoast SEO plugin. -->","yoast_head_json":{"title":"Sector Productivo del Estado exige respuesta al Gobierno Federal antes del 1 de mayo - Entorno Empresarial","robots":{"index":"index","follow":"follow","max-snippet":"max-snippet:-1","max-image-preview":"max-image-preview:large","max-video-preview":"max-video-preview:-1"},"canonical":"https:\/\/coparmexjal.org.mx\/entorno-empresarial\/sector-productivo-del-estado-exige-respuesta-al-gobierno-federal-antes-del-1-de-mayo\/","og_locale":"es_MX","og_type":"article","og_title":"Sector Productivo del Estado exige respuesta al Gobierno Federal antes del 1 de mayo - Entorno Empresarial","og_description":"Los miembros del Pacto por la Estabilidad del Empleo de Jalisco, exigen al Gobierno Federal una respuesta a sus peticiones antes del 1 de Mayo","og_url":"https:\/\/coparmexjal.org.mx\/entorno-empresarial\/sector-productivo-del-estado-exige-respuesta-al-gobierno-federal-antes-del-1-de-mayo\/","og_site_name":"Entorno Empresarial","article_publisher":"https:\/\/facebook.com\/comcoparmex","article_published_time":"2020-04-13T20:19:00+00:00","article_modified_time":"2021-01-13T21:22:06+00:00","og_image":[{"width":708,"height":130,"url":"https:\/\/coparmexjal.org.mx\/entorno-empresarial\/wp-content\/uploads\/2021\/01\/Captura-de-pantalla-2021-01-06-a-las-5.03.28-p.m..png","type":"image\/png"}],"author":"Coparmex Jalisco","twitter_card":"summary_large_image","twitter_creator":"@comcoparmex","twitter_site":"@comcoparmex","twitter_misc":{"Escrito por":"Coparmex Jalisco","Tiempo de lectura":"3 minutos"},"schema":{"@context":"https:\/\/schema.org","@graph":[{"@type":"Article","@id":"https:\/\/coparmexjal.org.mx\/entorno-empresarial\/sector-productivo-del-estado-exige-respuesta-al-gobierno-federal-antes-del-1-de-mayo\/#article","isPartOf":{"@id":"https:\/\/coparmexjal.org.mx\/entorno-empresarial\/sector-productivo-del-estado-exige-respuesta-al-gobierno-federal-antes-del-1-de-mayo\/"},"author":{"name":"Coparmex Jalisco","@id":"https:\/\/coparmexjal.org.mx\/entorno-empresarial\/#\/schema\/person\/7d1d56a9587bfb3a725cd3dbfbdb9d44"},"headline":"Sector Productivo del Estado exige respuesta al Gobierno Federal antes del 1 de mayo","datePublished":"2020-04-13T20:19:00+00:00","dateModified":"2021-01-13T21:22:06+00:00","mainEntityOfPage":{"@id":"https:\/\/coparmexjal.org.mx\/entorno-empresarial\/sector-productivo-del-estado-exige-respuesta-al-gobierno-federal-antes-del-1-de-mayo\/"},"wordCount":614,"commentCount":0,"publisher":{"@id":"https:\/\/coparmexjal.org.mx\/entorno-empresarial\/#organization"},"image":{"@id":"https:\/\/coparmexjal.org.mx\/entorno-empresarial\/sector-productivo-del-estado-exige-respuesta-al-gobierno-federal-antes-del-1-de-mayo\/#primaryimage"},"thumbnailUrl":"https:\/\/coparmexjal.org.mx\/entorno-empresarial\/wp-content\/uploads\/2021\/01\/Captura-de-pantalla-2021-01-06-a-las-5.03.28-p.m..png","keywords":["econom\u00eda","Gobierno Federal","imss","Iniciativa Privada","Jalisco","Nafin","Pymes","Reactivacion economica"],"articleSection":["Noticias"],"inLanguage":"es","potentialAction":[{"@type":"CommentAction","name":"Comment","target":["https:\/\/coparmexjal.org.mx\/entorno-empresarial\/sector-productivo-del-estado-exige-respuesta-al-gobierno-federal-antes-del-1-de-mayo\/#respond"]}]},{"@type":"WebPage","@id":"https:\/\/coparmexjal.org.mx\/entorno-empresarial\/sector-productivo-del-estado-exige-respuesta-al-gobierno-federal-antes-del-1-de-mayo\/","url":"https:\/\/coparmexjal.org.mx\/entorno-empresarial\/sector-productivo-del-estado-exige-respuesta-al-gobierno-federal-antes-del-1-de-mayo\/","name":"Sector Productivo del Estado exige respuesta al Gobierno Federal antes del 1 de mayo - Entorno Empresarial","isPartOf":{"@id":"https:\/\/coparmexjal.org.mx\/entorno-empresarial\/#website"},"primaryImageOfPage":{"@id":"https:\/\/coparmexjal.org.mx\/entorno-empresarial\/sector-productivo-del-estado-exige-respuesta-al-gobierno-federal-antes-del-1-de-mayo\/#primaryimage"},"image":{"@id":"https:\/\/coparmexjal.org.mx\/entorno-empresarial\/sector-productivo-del-estado-exige-respuesta-al-gobierno-federal-antes-del-1-de-mayo\/#primaryimage"},"thumbnailUrl":"https:\/\/coparmexjal.org.mx\/entorno-empresarial\/wp-content\/uploads\/2021\/01\/Captura-de-pantalla-2021-01-06-a-las-5.03.28-p.m..png","datePublished":"2020-04-13T20:19:00+00:00","dateModified":"2021-01-13T21:22:06+00:00","breadcrumb":{"@id":"https:\/\/coparmexjal.org.mx\/entorno-empresarial\/sector-productivo-del-estado-exige-respuesta-al-gobierno-federal-antes-del-1-de-mayo\/#breadcrumb"},"inLanguage":"es","potentialAction":[{"@type":"ReadAction","target":["https:\/\/coparmexjal.org.mx\/entorno-empresarial\/sector-productivo-del-estado-exige-respuesta-al-gobierno-federal-antes-del-1-de-mayo\/"]}]},{"@type":"ImageObject","inLanguage":"es","@id":"https:\/\/coparmexjal.org.mx\/entorno-empresarial\/sector-productivo-del-estado-exige-respuesta-al-gobierno-federal-antes-del-1-de-mayo\/#primaryimage","url":"https:\/\/coparmexjal.org.mx\/entorno-empresarial\/wp-content\/uploads\/2021\/01\/Captura-de-pantalla-2021-01-06-a-las-5.03.28-p.m..png","contentUrl":"https:\/\/coparmexjal.org.mx\/entorno-empresarial\/wp-content\/uploads\/2021\/01\/Captura-de-pantalla-2021-01-06-a-las-5.03.28-p.m..png","width":708,"height":130},{"@type":"BreadcrumbList","@id":"https:\/\/coparmexjal.org.mx\/entorno-empresarial\/sector-productivo-del-estado-exige-respuesta-al-gobierno-federal-antes-del-1-de-mayo\/#breadcrumb","itemListElement":[{"@type":"ListItem","position":1,"name":"Inicio","item":"https:\/\/coparmexjal.org.mx\/entorno-empresarial\/"},{"@type":"ListItem","position":2,"name":"Sector Productivo del Estado exige respuesta al Gobierno Federal antes del 1 de mayo"}]},{"@type":"WebSite","@id":"https:\/\/coparmexjal.org.mx\/entorno-empresarial\/#website","url":"https:\/\/coparmexjal.org.mx\/entorno-empresarial\/","name":"Revista Entorno Empresarial","description":"Coparmex Jalisco","publisher":{"@id":"https:\/\/coparmexjal.org.mx\/entorno-empresarial\/#organization"},"potentialAction":[{"@type":"SearchAction","target":{"@type":"EntryPoint","urlTemplate":"https:\/\/coparmexjal.org.mx\/entorno-empresarial\/?s={search_term_string}"},"query-input":{"@type":"PropertyValueSpecification","valueRequired":true,"valueName":"search_term_string"}}],"inLanguage":"es"},{"@type":"Organization","@id":"https:\/\/coparmexjal.org.mx\/entorno-empresarial\/#organization","name":"Coparmex Jalisco","url":"https:\/\/coparmexjal.org.mx\/entorno-empresarial\/","logo":{"@type":"ImageObject","inLanguage":"es","@id":"https:\/\/coparmexjal.org.mx\/entorno-empresarial\/#\/schema\/logo\/image\/","url":"https:\/\/coparmexjal.org.mx\/entorno-empresarial\/wp-content\/uploads\/2020\/02\/logo-amp.png","contentUrl":"https:\/\/coparmexjal.org.mx\/entorno-empresarial\/wp-content\/uploads\/2020\/02\/logo-amp.png","width":120,"height":90,"caption":"Coparmex Jalisco"},"image":{"@id":"https:\/\/coparmexjal.org.mx\/entorno-empresarial\/#\/schema\/logo\/image\/"},"sameAs":["https:\/\/facebook.com\/comcoparmex","https:\/\/x.com\/comcoparmex","http:\/\/instagram.com\/coparmexjalisco","https:\/\/mx.linkedin.com\/company\/coparmex-jalisco","https:\/\/www.youtube.com\/c\/CoparmexJaliscomx"]},{"@type":"Person","@id":"https:\/\/coparmexjal.org.mx\/entorno-empresarial\/#\/schema\/person\/7d1d56a9587bfb3a725cd3dbfbdb9d44","name":"Coparmex Jalisco","image":{"@type":"ImageObject","inLanguage":"es","@id":"https:\/\/coparmexjal.org.mx\/entorno-empresarial\/wp-content\/uploads\/2020\/06\/favicon-150x133.png","url":"https:\/\/coparmexjal.org.mx\/entorno-empresarial\/wp-content\/uploads\/2020\/06\/favicon-150x133.png","contentUrl":"https:\/\/coparmexjal.org.mx\/entorno-empresarial\/wp-content\/uploads\/2020\/06\/favicon-150x133.png","caption":"Coparmex Jalisco"},"url":"https:\/\/coparmexjal.org.mx\/entorno-empresarial\/author\/coparmexjalisco\/"}]}},"_links":{"self":[{"href":"https:\/\/coparmexjal.org.mx\/entorno-empresarial\/wp-json\/wp\/v2\/posts\/4477","targetHints":{"allow":["GET"]}}],"collection":[{"href":"https:\/\/coparmexjal.org.mx\/entorno-empresarial\/wp-json\/wp\/v2\/posts"}],"about":[{"href":"https:\/\/coparmexjal.org.mx\/entorno-empresarial\/wp-json\/wp\/v2\/types\/post"}],"author":[{"embeddable":true,"href":"https:\/\/coparmexjal.org.mx\/entorno-empresarial\/wp-json\/wp\/v2\/users\/2"}],"replies":[{"embeddable":true,"href":"https:\/\/coparmexjal.org.mx\/entorno-empresarial\/wp-json\/wp\/v2\/comments?post=4477"}],"version-history":[{"count":1,"href":"https:\/\/coparmexjal.org.mx\/entorno-empresarial\/wp-json\/wp\/v2\/posts\/4477\/revisions"}],"predecessor-version":[{"id":4478,"href":"https:\/\/coparmexjal.org.mx\/entorno-empresarial\/wp-json\/wp\/v2\/posts\/4477\/revisions\/4478"}],"wp:featuredmedia":[{"embeddable":true,"href":"https:\/\/coparmexjal.org.mx\/entorno-empresarial\/wp-json\/wp\/v2\/media\/4389"}],"wp:attachment":[{"href":"https:\/\/coparmexjal.org.mx\/entorno-empresarial\/wp-json\/wp\/v2\/media?parent=4477"}],"wp:term":[{"taxonomy":"category","embeddable":true,"href":"https:\/\/coparmexjal.org.mx\/entorno-empresarial\/wp-json\/wp\/v2\/categories?post=4477"},{"taxonomy":"post_tag","embeddable":true,"href":"https:\/\/coparmexjal.org.mx\/entorno-empresarial\/wp-json\/wp\/v2\/tags?post=4477"}],"curies":[{"name":"wp","href":"https:\/\/api.w.org\/{rel}","templated":true}]}}