{"id":4438,"date":"2021-01-08T15:40:22","date_gmt":"2021-01-08T21:40:22","guid":{"rendered":"https:\/\/coparmexjal.org.mx\/entorno-empresarial\/?p=4438"},"modified":"2021-01-08T15:40:26","modified_gmt":"2021-01-08T21:40:26","slug":"transforma-tu-pequena-empresa","status":"publish","type":"post","link":"https:\/\/coparmexjal.org.mx\/entorno-empresarial\/transforma-tu-pequena-empresa\/","title":{"rendered":"Transforma tu peque\u00f1a empresa en una gran instituci\u00f3n"},"content":{"rendered":"\n<h2 class=\"wp-block-heading\">El manual para poner manos a la obra<\/h2>\n\n\n\n<p>La crisis econ\u00f3mica del 2020, producto de la pandemia es un asunto de vida o muerte para las empresas, principalmente para las pymes. Desgraciadamente, muchas de ellas han sucumbido y muchas m\u00e1s luchan por sobrevivir en un entorno que les es poco propicio. Por eso este libro es tan oportuno, ben\u00e9fico, necesario para los micros, peque\u00f1os y medianos empresarios de cualquier giro empresarial.<\/p>\n\n\n\n<p>En su primer libro, <em>Peque\u00f1as empresas, grandes instituciones<\/em>, Patricia Gonz\u00e1lez ya hablaba de la importancia del&nbsp; proceso de institucionalizaci\u00f3n y compart\u00eda sus conceptos, frutos de d\u00e9cadas de exitosa participaci\u00f3n en CompuSoluciones; ahora, da un paso adelante y enriquece los principios de la institucionalizaci\u00f3n empresarial con el saber de la experiencia, de los casos, de la pr\u00e1ctica cotidiana, en suma, de la forma en la que las ideas se convierten en realidad en el d\u00eda a d\u00eda de las pymes. As\u00ed, <em>Transforma tu peque\u00f1a empresa en una gran instituci\u00f3n<\/em>, se convierte en un manual de trabajo, en una gu\u00eda indispensable, \u00fatil, pr\u00e1ctica, en estos momentos de crisis.<\/p>\n\n\n\n<p>\u201cCon este libro pretendo tocar a varios de esos guerreros empresarios que cotidianamente se parten el alma para sacar su empresa adelante, sin importar las adversidades que enfrenten\u201d comenta la autora.<\/p>\n\n\n\n<p>El quehacer cotidiano de las pymes se enfrenta a dos retos permanentes: \u00bfc\u00f3mo sobrevivir? y, en el mejor de los casos, \u00bfc\u00f3mo crecer? La respuesta a ambas interrogantes es la misma: institucionalizarse, es decir, ver a la empresa con la mirada del futuro y dotarla de las herramientas para su consolidaci\u00f3n y crecimiento. Todas las empresas pueden hacerlo, no importa su tama\u00f1o ni sus limitaciones.<\/p>\n\n\n\n<p>La autora revisa adem\u00e1s de los conceptos las pr\u00e1cticas de las grandes empresas para profundizar en las herramientas, pol\u00edticas y formatos que el empresario y su equipo pueden poner en pr\u00e1ctica f\u00e1cilmente. Tambi\u00e9n a partir de la revisi\u00f3n de los modelos de estructura, muchas veces familiar, se trazan los conceptos b\u00e1sicos de la institucionalizaci\u00f3n, de la rendici\u00f3n de cuentas, los modelos de negocio y estrategias, los procesos de planeaci\u00f3n, de servicio al cliente, del control interno, de la gesti\u00f3n de efectivo, del capital de trabajo, de la gesti\u00f3n de personal o de la responsabilidad social y la forma de valuar y evaluar a la empresa. Es un recuento puntual de todos los aspectos a considerar y los pasos a seguir para que una peque\u00f1a empresa se convierta en una gran instituci\u00f3n.<\/p>\n","protected":false},"excerpt":{"rendered":"<p>El manual para poner manos a la obra La crisis econ\u00f3mica del 2020, producto de la pandemia es un asunto de vida o muerte para<\/p>\n","protected":false},"author":8,"featured_media":4439,"comment_status":"open","ping_status":"open","sticky":false,"template":"","format":"standard","meta":{"footnotes":""},"categories":[159],"tags":[704,703,318,509,456],"class_list":["post-4438","post","type-post","status-publish","format-standard","has-post-thumbnail","hentry","category-letras","tag-compusoluciones","tag-crisis-economica","tag-empresarios","tag-institucionalizacion","tag-pymes"],"yoast_head":"<!-- This site is optimized with the Yoast SEO plugin v27.5 - https:\/\/yoast.com\/product\/yoast-seo-wordpress\/ -->\n<title>Transforma tu peque\u00f1a empresa en una gran instituci\u00f3n<\/title>\n<meta name=\"description\" content=\"Un recuento puntual de todos los aspectos a considerar y los pasos a seguir para que una peque\u00f1a empresa se convierta en una gran instituci\u00f3n.\" \/>\n<meta name=\"robots\" content=\"index, follow, max-snippet:-1, max-image-preview:large, max-video-preview:-1\" \/>\n<link rel=\"canonical\" href=\"https:\/\/coparmexjal.org.mx\/entorno-empresarial\/transforma-tu-pequena-empresa\/\" \/>\n<meta property=\"og:locale\" content=\"es_MX\" \/>\n<meta property=\"og:type\" content=\"article\" \/>\n<meta property=\"og:title\" content=\"Transforma tu peque\u00f1a empresa en una gran instituci\u00f3n\" \/>\n<meta property=\"og:description\" content=\"Un recuento puntual de todos los aspectos a considerar y los pasos a seguir para que una peque\u00f1a empresa se convierta en una gran instituci\u00f3n.\" \/>\n<meta property=\"og:url\" content=\"https:\/\/coparmexjal.org.mx\/entorno-empresarial\/transforma-tu-pequena-empresa\/\" \/>\n<meta property=\"og:site_name\" content=\"Entorno Empresarial\" \/>\n<meta property=\"article:publisher\" content=\"https:\/\/facebook.com\/comcoparmex\" \/>\n<meta property=\"article:published_time\" content=\"2021-01-08T21:40:22+00:00\" \/>\n<meta property=\"article:modified_time\" content=\"2021-01-08T21:40:26+00:00\" \/>\n<meta property=\"og:image\" content=\"https:\/\/coparmexjal.org.mx\/entorno-empresarial\/wp-content\/uploads\/2021\/01\/Transforma-tu-pequena-empresa-1era.jpg\" \/>\n\t<meta property=\"og:image:width\" content=\"569\" \/>\n\t<meta property=\"og:image:height\" content=\"800\" \/>\n\t<meta property=\"og:image:type\" content=\"image\/jpeg\" \/>\n<meta name=\"author\" content=\"Bertha In\u00e9s Herrer\u00edas Franco\" \/>\n<meta name=\"twitter:card\" content=\"summary_large_image\" \/>\n<meta name=\"twitter:creator\" content=\"@comcoparmex\" \/>\n<meta name=\"twitter:site\" content=\"@comcoparmex\" \/>\n<meta name=\"twitter:label1\" content=\"Escrito por\" \/>\n\t<meta name=\"twitter:data1\" content=\"Bertha In\u00e9s Herrer\u00edas Franco\" \/>\n\t<meta name=\"twitter:label2\" content=\"Tiempo de lectura\" \/>\n\t<meta name=\"twitter:data2\" content=\"2 minutos\" \/>\n<script type=\"application\/ld+json\" class=\"yoast-schema-graph\">{\"@context\":\"https:\\\/\\\/schema.org\",\"@graph\":[{\"@type\":\"Article\",\"@id\":\"https:\\\/\\\/coparmexjal.org.mx\\\/entorno-empresarial\\\/transforma-tu-pequena-empresa\\\/#article\",\"isPartOf\":{\"@id\":\"https:\\\/\\\/coparmexjal.org.mx\\\/entorno-empresarial\\\/transforma-tu-pequena-empresa\\\/\"},\"author\":{\"name\":\"Bertha In\u00e9s Herrer\u00edas Franco\",\"@id\":\"https:\\\/\\\/coparmexjal.org.mx\\\/entorno-empresarial\\\/#\\\/schema\\\/person\\\/a5631197d27621bced2324279987e56a\"},\"headline\":\"Transforma tu peque\u00f1a empresa en una gran instituci\u00f3n\",\"datePublished\":\"2021-01-08T21:40:22+00:00\",\"dateModified\":\"2021-01-08T21:40:26+00:00\",\"mainEntityOfPage\":{\"@id\":\"https:\\\/\\\/coparmexjal.org.mx\\\/entorno-empresarial\\\/transforma-tu-pequena-empresa\\\/\"},\"wordCount\":451,\"commentCount\":1,\"publisher\":{\"@id\":\"https:\\\/\\\/coparmexjal.org.mx\\\/entorno-empresarial\\\/#organization\"},\"image\":{\"@id\":\"https:\\\/\\\/coparmexjal.org.mx\\\/entorno-empresarial\\\/transforma-tu-pequena-empresa\\\/#primaryimage\"},\"thumbnailUrl\":\"https:\\\/\\\/coparmexjal.org.mx\\\/entorno-empresarial\\\/wp-content\\\/uploads\\\/2021\\\/01\\\/Transforma-tu-pequena-empresa-1era.jpg\",\"keywords\":[\"CompuSoluciones\",\"crisis econ\u00f3mica\",\"empresarios\",\"institucionalizaci\u00f3n\",\"Pymes\"],\"articleSection\":[\"Letras\"],\"inLanguage\":\"es\",\"potentialAction\":[{\"@type\":\"CommentAction\",\"name\":\"Comment\",\"target\":[\"https:\\\/\\\/coparmexjal.org.mx\\\/entorno-empresarial\\\/transforma-tu-pequena-empresa\\\/#respond\"]}]},{\"@type\":\"WebPage\",\"@id\":\"https:\\\/\\\/coparmexjal.org.mx\\\/entorno-empresarial\\\/transforma-tu-pequena-empresa\\\/\",\"url\":\"https:\\\/\\\/coparmexjal.org.mx\\\/entorno-empresarial\\\/transforma-tu-pequena-empresa\\\/\",\"name\":\"Transforma tu peque\u00f1a empresa en una gran instituci\u00f3n\",\"isPartOf\":{\"@id\":\"https:\\\/\\\/coparmexjal.org.mx\\\/entorno-empresarial\\\/#website\"},\"primaryImageOfPage\":{\"@id\":\"https:\\\/\\\/coparmexjal.org.mx\\\/entorno-empresarial\\\/transforma-tu-pequena-empresa\\\/#primaryimage\"},\"image\":{\"@id\":\"https:\\\/\\\/coparmexjal.org.mx\\\/entorno-empresarial\\\/transforma-tu-pequena-empresa\\\/#primaryimage\"},\"thumbnailUrl\":\"https:\\\/\\\/coparmexjal.org.mx\\\/entorno-empresarial\\\/wp-content\\\/uploads\\\/2021\\\/01\\\/Transforma-tu-pequena-empresa-1era.jpg\",\"datePublished\":\"2021-01-08T21:40:22+00:00\",\"dateModified\":\"2021-01-08T21:40:26+00:00\",\"description\":\"Un recuento puntual de todos los aspectos a considerar y los pasos a seguir para que una peque\u00f1a empresa se convierta en una gran instituci\u00f3n.\",\"breadcrumb\":{\"@id\":\"https:\\\/\\\/coparmexjal.org.mx\\\/entorno-empresarial\\\/transforma-tu-pequena-empresa\\\/#breadcrumb\"},\"inLanguage\":\"es\",\"potentialAction\":[{\"@type\":\"ReadAction\",\"target\":[\"https:\\\/\\\/coparmexjal.org.mx\\\/entorno-empresarial\\\/transforma-tu-pequena-empresa\\\/\"]}]},{\"@type\":\"ImageObject\",\"inLanguage\":\"es\",\"@id\":\"https:\\\/\\\/coparmexjal.org.mx\\\/entorno-empresarial\\\/transforma-tu-pequena-empresa\\\/#primaryimage\",\"url\":\"https:\\\/\\\/coparmexjal.org.mx\\\/entorno-empresarial\\\/wp-content\\\/uploads\\\/2021\\\/01\\\/Transforma-tu-pequena-empresa-1era.jpg\",\"contentUrl\":\"https:\\\/\\\/coparmexjal.org.mx\\\/entorno-empresarial\\\/wp-content\\\/uploads\\\/2021\\\/01\\\/Transforma-tu-pequena-empresa-1era.jpg\",\"width\":569,\"height\":800},{\"@type\":\"BreadcrumbList\",\"@id\":\"https:\\\/\\\/coparmexjal.org.mx\\\/entorno-empresarial\\\/transforma-tu-pequena-empresa\\\/#breadcrumb\",\"itemListElement\":[{\"@type\":\"ListItem\",\"position\":1,\"name\":\"Inicio\",\"item\":\"https:\\\/\\\/coparmexjal.org.mx\\\/entorno-empresarial\\\/\"},{\"@type\":\"ListItem\",\"position\":2,\"name\":\"Transforma tu peque\u00f1a empresa en una gran instituci\u00f3n\"}]},{\"@type\":\"WebSite\",\"@id\":\"https:\\\/\\\/coparmexjal.org.mx\\\/entorno-empresarial\\\/#website\",\"url\":\"https:\\\/\\\/coparmexjal.org.mx\\\/entorno-empresarial\\\/\",\"name\":\"Revista Entorno Empresarial\",\"description\":\"Coparmex Jalisco\",\"publisher\":{\"@id\":\"https:\\\/\\\/coparmexjal.org.mx\\\/entorno-empresarial\\\/#organization\"},\"potentialAction\":[{\"@type\":\"SearchAction\",\"target\":{\"@type\":\"EntryPoint\",\"urlTemplate\":\"https:\\\/\\\/coparmexjal.org.mx\\\/entorno-empresarial\\\/?s={search_term_string}\"},\"query-input\":{\"@type\":\"PropertyValueSpecification\",\"valueRequired\":true,\"valueName\":\"search_term_string\"}}],\"inLanguage\":\"es\"},{\"@type\":\"Organization\",\"@id\":\"https:\\\/\\\/coparmexjal.org.mx\\\/entorno-empresarial\\\/#organization\",\"name\":\"Coparmex Jalisco\",\"url\":\"https:\\\/\\\/coparmexjal.org.mx\\\/entorno-empresarial\\\/\",\"logo\":{\"@type\":\"ImageObject\",\"inLanguage\":\"es\",\"@id\":\"https:\\\/\\\/coparmexjal.org.mx\\\/entorno-empresarial\\\/#\\\/schema\\\/logo\\\/image\\\/\",\"url\":\"https:\\\/\\\/coparmexjal.org.mx\\\/entorno-empresarial\\\/wp-content\\\/uploads\\\/2020\\\/02\\\/logo-amp.png\",\"contentUrl\":\"https:\\\/\\\/coparmexjal.org.mx\\\/entorno-empresarial\\\/wp-content\\\/uploads\\\/2020\\\/02\\\/logo-amp.png\",\"width\":120,\"height\":90,\"caption\":\"Coparmex Jalisco\"},\"image\":{\"@id\":\"https:\\\/\\\/coparmexjal.org.mx\\\/entorno-empresarial\\\/#\\\/schema\\\/logo\\\/image\\\/\"},\"sameAs\":[\"https:\\\/\\\/facebook.com\\\/comcoparmex\",\"https:\\\/\\\/x.com\\\/comcoparmex\",\"http:\\\/\\\/instagram.com\\\/coparmexjalisco\",\"https:\\\/\\\/mx.linkedin.com\\\/company\\\/coparmex-jalisco\",\"https:\\\/\\\/www.youtube.com\\\/c\\\/CoparmexJaliscomx\"]},{\"@type\":\"Person\",\"@id\":\"https:\\\/\\\/coparmexjal.org.mx\\\/entorno-empresarial\\\/#\\\/schema\\\/person\\\/a5631197d27621bced2324279987e56a\",\"name\":\"Bertha In\u00e9s Herrer\u00edas Franco\",\"image\":{\"@type\":\"ImageObject\",\"inLanguage\":\"es\",\"@id\":\"https:\\\/\\\/coparmexjal.org.mx\\\/entorno-empresarial\\\/wp-content\\\/uploads\\\/2020\\\/06\\\/lid-150x150.jpg\",\"url\":\"https:\\\/\\\/coparmexjal.org.mx\\\/entorno-empresarial\\\/wp-content\\\/uploads\\\/2020\\\/06\\\/lid-150x150.jpg\",\"contentUrl\":\"https:\\\/\\\/coparmexjal.org.mx\\\/entorno-empresarial\\\/wp-content\\\/uploads\\\/2020\\\/06\\\/lid-150x150.jpg\",\"caption\":\"Bertha In\u00e9s Herrer\u00edas Franco\"},\"description\":\"Gerente de comunicaci\u00f3n de LID Editorial Mexicana\",\"sameAs\":[\"https:\\\/\\\/www.lideditorial.com\"],\"url\":\"https:\\\/\\\/coparmexjal.org.mx\\\/entorno-empresarial\\\/author\\\/bertha-herrerias\\\/\"}]}<\/script>\n<!-- \/ Yoast SEO plugin. -->","yoast_head_json":{"title":"Transforma tu peque\u00f1a empresa en una gran instituci\u00f3n","description":"Un recuento puntual de todos los aspectos a considerar y los pasos a seguir para que una peque\u00f1a empresa se convierta en una gran instituci\u00f3n.","robots":{"index":"index","follow":"follow","max-snippet":"max-snippet:-1","max-image-preview":"max-image-preview:large","max-video-preview":"max-video-preview:-1"},"canonical":"https:\/\/coparmexjal.org.mx\/entorno-empresarial\/transforma-tu-pequena-empresa\/","og_locale":"es_MX","og_type":"article","og_title":"Transforma tu peque\u00f1a empresa en una gran instituci\u00f3n","og_description":"Un recuento puntual de todos los aspectos a considerar y los pasos a seguir para que una peque\u00f1a empresa se convierta en una gran instituci\u00f3n.","og_url":"https:\/\/coparmexjal.org.mx\/entorno-empresarial\/transforma-tu-pequena-empresa\/","og_site_name":"Entorno Empresarial","article_publisher":"https:\/\/facebook.com\/comcoparmex","article_published_time":"2021-01-08T21:40:22+00:00","article_modified_time":"2021-01-08T21:40:26+00:00","og_image":[{"width":569,"height":800,"url":"https:\/\/coparmexjal.org.mx\/entorno-empresarial\/wp-content\/uploads\/2021\/01\/Transforma-tu-pequena-empresa-1era.jpg","type":"image\/jpeg"}],"author":"Bertha In\u00e9s Herrer\u00edas Franco","twitter_card":"summary_large_image","twitter_creator":"@comcoparmex","twitter_site":"@comcoparmex","twitter_misc":{"Escrito por":"Bertha In\u00e9s Herrer\u00edas Franco","Tiempo de lectura":"2 minutos"},"schema":{"@context":"https:\/\/schema.org","@graph":[{"@type":"Article","@id":"https:\/\/coparmexjal.org.mx\/entorno-empresarial\/transforma-tu-pequena-empresa\/#article","isPartOf":{"@id":"https:\/\/coparmexjal.org.mx\/entorno-empresarial\/transforma-tu-pequena-empresa\/"},"author":{"name":"Bertha In\u00e9s Herrer\u00edas Franco","@id":"https:\/\/coparmexjal.org.mx\/entorno-empresarial\/#\/schema\/person\/a5631197d27621bced2324279987e56a"},"headline":"Transforma tu peque\u00f1a empresa en una gran instituci\u00f3n","datePublished":"2021-01-08T21:40:22+00:00","dateModified":"2021-01-08T21:40:26+00:00","mainEntityOfPage":{"@id":"https:\/\/coparmexjal.org.mx\/entorno-empresarial\/transforma-tu-pequena-empresa\/"},"wordCount":451,"commentCount":1,"publisher":{"@id":"https:\/\/coparmexjal.org.mx\/entorno-empresarial\/#organization"},"image":{"@id":"https:\/\/coparmexjal.org.mx\/entorno-empresarial\/transforma-tu-pequena-empresa\/#primaryimage"},"thumbnailUrl":"https:\/\/coparmexjal.org.mx\/entorno-empresarial\/wp-content\/uploads\/2021\/01\/Transforma-tu-pequena-empresa-1era.jpg","keywords":["CompuSoluciones","crisis econ\u00f3mica","empresarios","institucionalizaci\u00f3n","Pymes"],"articleSection":["Letras"],"inLanguage":"es","potentialAction":[{"@type":"CommentAction","name":"Comment","target":["https:\/\/coparmexjal.org.mx\/entorno-empresarial\/transforma-tu-pequena-empresa\/#respond"]}]},{"@type":"WebPage","@id":"https:\/\/coparmexjal.org.mx\/entorno-empresarial\/transforma-tu-pequena-empresa\/","url":"https:\/\/coparmexjal.org.mx\/entorno-empresarial\/transforma-tu-pequena-empresa\/","name":"Transforma tu peque\u00f1a empresa en una gran instituci\u00f3n","isPartOf":{"@id":"https:\/\/coparmexjal.org.mx\/entorno-empresarial\/#website"},"primaryImageOfPage":{"@id":"https:\/\/coparmexjal.org.mx\/entorno-empresarial\/transforma-tu-pequena-empresa\/#primaryimage"},"image":{"@id":"https:\/\/coparmexjal.org.mx\/entorno-empresarial\/transforma-tu-pequena-empresa\/#primaryimage"},"thumbnailUrl":"https:\/\/coparmexjal.org.mx\/entorno-empresarial\/wp-content\/uploads\/2021\/01\/Transforma-tu-pequena-empresa-1era.jpg","datePublished":"2021-01-08T21:40:22+00:00","dateModified":"2021-01-08T21:40:26+00:00","description":"Un recuento puntual de todos los aspectos a considerar y los pasos a seguir para que una peque\u00f1a empresa se convierta en una gran instituci\u00f3n.","breadcrumb":{"@id":"https:\/\/coparmexjal.org.mx\/entorno-empresarial\/transforma-tu-pequena-empresa\/#breadcrumb"},"inLanguage":"es","potentialAction":[{"@type":"ReadAction","target":["https:\/\/coparmexjal.org.mx\/entorno-empresarial\/transforma-tu-pequena-empresa\/"]}]},{"@type":"ImageObject","inLanguage":"es","@id":"https:\/\/coparmexjal.org.mx\/entorno-empresarial\/transforma-tu-pequena-empresa\/#primaryimage","url":"https:\/\/coparmexjal.org.mx\/entorno-empresarial\/wp-content\/uploads\/2021\/01\/Transforma-tu-pequena-empresa-1era.jpg","contentUrl":"https:\/\/coparmexjal.org.mx\/entorno-empresarial\/wp-content\/uploads\/2021\/01\/Transforma-tu-pequena-empresa-1era.jpg","width":569,"height":800},{"@type":"BreadcrumbList","@id":"https:\/\/coparmexjal.org.mx\/entorno-empresarial\/transforma-tu-pequena-empresa\/#breadcrumb","itemListElement":[{"@type":"ListItem","position":1,"name":"Inicio","item":"https:\/\/coparmexjal.org.mx\/entorno-empresarial\/"},{"@type":"ListItem","position":2,"name":"Transforma tu peque\u00f1a empresa en una gran instituci\u00f3n"}]},{"@type":"WebSite","@id":"https:\/\/coparmexjal.org.mx\/entorno-empresarial\/#website","url":"https:\/\/coparmexjal.org.mx\/entorno-empresarial\/","name":"Revista Entorno Empresarial","description":"Coparmex Jalisco","publisher":{"@id":"https:\/\/coparmexjal.org.mx\/entorno-empresarial\/#organization"},"potentialAction":[{"@type":"SearchAction","target":{"@type":"EntryPoint","urlTemplate":"https:\/\/coparmexjal.org.mx\/entorno-empresarial\/?s={search_term_string}"},"query-input":{"@type":"PropertyValueSpecification","valueRequired":true,"valueName":"search_term_string"}}],"inLanguage":"es"},{"@type":"Organization","@id":"https:\/\/coparmexjal.org.mx\/entorno-empresarial\/#organization","name":"Coparmex Jalisco","url":"https:\/\/coparmexjal.org.mx\/entorno-empresarial\/","logo":{"@type":"ImageObject","inLanguage":"es","@id":"https:\/\/coparmexjal.org.mx\/entorno-empresarial\/#\/schema\/logo\/image\/","url":"https:\/\/coparmexjal.org.mx\/entorno-empresarial\/wp-content\/uploads\/2020\/02\/logo-amp.png","contentUrl":"https:\/\/coparmexjal.org.mx\/entorno-empresarial\/wp-content\/uploads\/2020\/02\/logo-amp.png","width":120,"height":90,"caption":"Coparmex Jalisco"},"image":{"@id":"https:\/\/coparmexjal.org.mx\/entorno-empresarial\/#\/schema\/logo\/image\/"},"sameAs":["https:\/\/facebook.com\/comcoparmex","https:\/\/x.com\/comcoparmex","http:\/\/instagram.com\/coparmexjalisco","https:\/\/mx.linkedin.com\/company\/coparmex-jalisco","https:\/\/www.youtube.com\/c\/CoparmexJaliscomx"]},{"@type":"Person","@id":"https:\/\/coparmexjal.org.mx\/entorno-empresarial\/#\/schema\/person\/a5631197d27621bced2324279987e56a","name":"Bertha In\u00e9s Herrer\u00edas Franco","image":{"@type":"ImageObject","inLanguage":"es","@id":"https:\/\/coparmexjal.org.mx\/entorno-empresarial\/wp-content\/uploads\/2020\/06\/lid-150x150.jpg","url":"https:\/\/coparmexjal.org.mx\/entorno-empresarial\/wp-content\/uploads\/2020\/06\/lid-150x150.jpg","contentUrl":"https:\/\/coparmexjal.org.mx\/entorno-empresarial\/wp-content\/uploads\/2020\/06\/lid-150x150.jpg","caption":"Bertha In\u00e9s Herrer\u00edas Franco"},"description":"Gerente de comunicaci\u00f3n de LID Editorial Mexicana","sameAs":["https:\/\/www.lideditorial.com"],"url":"https:\/\/coparmexjal.org.mx\/entorno-empresarial\/author\/bertha-herrerias\/"}]}},"_links":{"self":[{"href":"https:\/\/coparmexjal.org.mx\/entorno-empresarial\/wp-json\/wp\/v2\/posts\/4438","targetHints":{"allow":["GET"]}}],"collection":[{"href":"https:\/\/coparmexjal.org.mx\/entorno-empresarial\/wp-json\/wp\/v2\/posts"}],"about":[{"href":"https:\/\/coparmexjal.org.mx\/entorno-empresarial\/wp-json\/wp\/v2\/types\/post"}],"author":[{"embeddable":true,"href":"https:\/\/coparmexjal.org.mx\/entorno-empresarial\/wp-json\/wp\/v2\/users\/8"}],"replies":[{"embeddable":true,"href":"https:\/\/coparmexjal.org.mx\/entorno-empresarial\/wp-json\/wp\/v2\/comments?post=4438"}],"version-history":[{"count":1,"href":"https:\/\/coparmexjal.org.mx\/entorno-empresarial\/wp-json\/wp\/v2\/posts\/4438\/revisions"}],"predecessor-version":[{"id":4440,"href":"https:\/\/coparmexjal.org.mx\/entorno-empresarial\/wp-json\/wp\/v2\/posts\/4438\/revisions\/4440"}],"wp:featuredmedia":[{"embeddable":true,"href":"https:\/\/coparmexjal.org.mx\/entorno-empresarial\/wp-json\/wp\/v2\/media\/4439"}],"wp:attachment":[{"href":"https:\/\/coparmexjal.org.mx\/entorno-empresarial\/wp-json\/wp\/v2\/media?parent=4438"}],"wp:term":[{"taxonomy":"category","embeddable":true,"href":"https:\/\/coparmexjal.org.mx\/entorno-empresarial\/wp-json\/wp\/v2\/categories?post=4438"},{"taxonomy":"post_tag","embeddable":true,"href":"https:\/\/coparmexjal.org.mx\/entorno-empresarial\/wp-json\/wp\/v2\/tags?post=4438"}],"curies":[{"name":"wp","href":"https:\/\/api.w.org\/{rel}","templated":true}]}}