{"id":4429,"date":"2020-07-30T14:19:00","date_gmt":"2020-07-30T19:19:00","guid":{"rendered":"https:\/\/coparmexjal.org.mx\/entorno-empresarial\/?p=4429"},"modified":"2021-01-07T14:35:01","modified_gmt":"2021-01-07T20:35:01","slug":"demostremos-en-jalisco-que-el-equilibrio-entre-salud-y-economia-si-es-posible","status":"publish","type":"post","link":"https:\/\/coparmexjal.org.mx\/entorno-empresarial\/demostremos-en-jalisco-que-el-equilibrio-entre-salud-y-economia-si-es-posible\/","title":{"rendered":"Demostremos en Jalisco, que el equilibrio entre salud y econom\u00eda s\u00ed es  posible"},"content":{"rendered":"\n<p>Hace unos momentos el Gobernador del estado anunci\u00f3 los ajustes al Bot\u00f3n de emergencia para aplicarlo de ser necesario de forma parcial con el \u00fanico objetivo de continuar en la protecci\u00f3n al empleo, pero de manera responsable y ordenada.&nbsp;<\/p>\n\n\n\n<p>Con este anuncio los empresarios reafirmamos nuestro compromiso con la salud, pero tambi\u00e9n con el cuidado del empleo, al estar cumpliendo con los protocolos establecidos por las autoridades hemos logrado evitar los contagios en los centros de trabajo, cuidando el empleo y el ingreso de las familias jaliscienses y as\u00ed no afectar la capacidad de hacer frente a las familias en temas de salud, alimentaci\u00f3n y educaci\u00f3n, pilares para el desarrollo de cualquier sociedad.<\/p>\n\n\n\n<p>Es momento de enfrentar esta contingencia juntos y de manera responsable, hoy m\u00e1s que nunca todos debemos de entender que la \u00fanica forma en que lograremos salir de esto es siendo solidarios, emp\u00e1ticos.&nbsp;<\/p>\n\n\n\n<p>El reto y la emergencia a\u00fan no terminan, es momento de cuidarnos todos. Continuemos con el uso del cubrebocas y el lavado frecuente de manos, evitemos lugares muy concurridos y salgamos solo a lo esencial.&nbsp;<\/p>\n\n\n\n<p>Reconocemos la apertura y compromiso del gobierno del estado por salvaguardar la salud, pero tambi\u00e9n la econom\u00eda de los habitantes del estado que ha sido muy golpeada en los \u00faltimos meses.&nbsp;<\/p>\n\n\n\n<p>Por parte del sector empresarial continuaremos acatando las medidas dictadas por el gobierno del estado y nos mantendremos abiertos al di\u00e1logo y cooperaci\u00f3n, recordemos que solo unidos haremos frente a este virus.<\/p>\n","protected":false},"excerpt":{"rendered":"<p>Hace unos momentos el Gobernador del estado anunci\u00f3 los ajustes al Bot\u00f3n de emergencia para aplicarlo de ser necesario de forma parcial con el \u00fanico<\/p>\n","protected":false},"author":2,"featured_media":4430,"comment_status":"open","ping_status":"open","sticky":false,"template":"","format":"standard","meta":{"footnotes":""},"categories":[348],"tags":[431,343,257,674],"class_list":["post-4429","post","type-post","status-publish","format-standard","has-post-thumbnail","hentry","category-noticias","tag-covid-19","tag-economia-2","tag-jalisco","tag-salud"],"yoast_head":"<!-- This site is optimized with the Yoast SEO plugin v27.4 - https:\/\/yoast.com\/product\/yoast-seo-wordpress\/ -->\n<title>Demostremos en Jalisco, que el equilibrio entre salud y econom\u00eda s\u00ed es posible - Entorno Empresarial<\/title>\n<meta name=\"robots\" content=\"index, follow, max-snippet:-1, max-image-preview:large, max-video-preview:-1\" \/>\n<link rel=\"canonical\" href=\"https:\/\/coparmexjal.org.mx\/entorno-empresarial\/demostremos-en-jalisco-que-el-equilibrio-entre-salud-y-economia-si-es-posible\/\" \/>\n<meta property=\"og:locale\" content=\"es_MX\" \/>\n<meta property=\"og:type\" content=\"article\" \/>\n<meta property=\"og:title\" content=\"Demostremos en Jalisco, que el equilibrio entre salud y econom\u00eda s\u00ed es posible - Entorno Empresarial\" \/>\n<meta property=\"og:description\" content=\"Hace unos momentos el Gobernador del estado anunci\u00f3 los ajustes al Bot\u00f3n de emergencia para aplicarlo de ser necesario de forma parcial con el \u00fanico\" \/>\n<meta property=\"og:url\" content=\"https:\/\/coparmexjal.org.mx\/entorno-empresarial\/demostremos-en-jalisco-que-el-equilibrio-entre-salud-y-economia-si-es-posible\/\" \/>\n<meta property=\"og:site_name\" content=\"Entorno Empresarial\" \/>\n<meta property=\"article:publisher\" content=\"https:\/\/facebook.com\/comcoparmex\" \/>\n<meta property=\"article:published_time\" content=\"2020-07-30T19:19:00+00:00\" \/>\n<meta property=\"article:modified_time\" content=\"2021-01-07T20:35:01+00:00\" \/>\n<meta property=\"og:image\" content=\"https:\/\/coparmexjal.org.mx\/entorno-empresarial\/wp-content\/uploads\/2021\/01\/atoms-aqvLznp9MxI-unsplash.jpg\" \/>\n\t<meta property=\"og:image:width\" content=\"534\" \/>\n\t<meta property=\"og:image:height\" content=\"800\" \/>\n\t<meta property=\"og:image:type\" content=\"image\/jpeg\" \/>\n<meta name=\"author\" content=\"Coparmex Jalisco\" \/>\n<meta name=\"twitter:card\" content=\"summary_large_image\" \/>\n<meta name=\"twitter:creator\" content=\"@comcoparmex\" \/>\n<meta name=\"twitter:site\" content=\"@comcoparmex\" \/>\n<meta name=\"twitter:label1\" content=\"Escrito por\" \/>\n\t<meta name=\"twitter:data1\" content=\"Coparmex Jalisco\" \/>\n\t<meta name=\"twitter:label2\" content=\"Tiempo de lectura\" \/>\n\t<meta name=\"twitter:data2\" content=\"1 minuto\" \/>\n<script type=\"application\/ld+json\" class=\"yoast-schema-graph\">{\"@context\":\"https:\\\/\\\/schema.org\",\"@graph\":[{\"@type\":\"Article\",\"@id\":\"https:\\\/\\\/coparmexjal.org.mx\\\/entorno-empresarial\\\/demostremos-en-jalisco-que-el-equilibrio-entre-salud-y-economia-si-es-posible\\\/#article\",\"isPartOf\":{\"@id\":\"https:\\\/\\\/coparmexjal.org.mx\\\/entorno-empresarial\\\/demostremos-en-jalisco-que-el-equilibrio-entre-salud-y-economia-si-es-posible\\\/\"},\"author\":{\"name\":\"Coparmex Jalisco\",\"@id\":\"https:\\\/\\\/coparmexjal.org.mx\\\/entorno-empresarial\\\/#\\\/schema\\\/person\\\/7d1d56a9587bfb3a725cd3dbfbdb9d44\"},\"headline\":\"Demostremos en Jalisco, que el equilibrio entre salud y econom\u00eda s\u00ed es posible\",\"datePublished\":\"2020-07-30T19:19:00+00:00\",\"dateModified\":\"2021-01-07T20:35:01+00:00\",\"mainEntityOfPage\":{\"@id\":\"https:\\\/\\\/coparmexjal.org.mx\\\/entorno-empresarial\\\/demostremos-en-jalisco-que-el-equilibrio-entre-salud-y-economia-si-es-posible\\\/\"},\"wordCount\":274,\"commentCount\":0,\"publisher\":{\"@id\":\"https:\\\/\\\/coparmexjal.org.mx\\\/entorno-empresarial\\\/#organization\"},\"image\":{\"@id\":\"https:\\\/\\\/coparmexjal.org.mx\\\/entorno-empresarial\\\/demostremos-en-jalisco-que-el-equilibrio-entre-salud-y-economia-si-es-posible\\\/#primaryimage\"},\"thumbnailUrl\":\"https:\\\/\\\/coparmexjal.org.mx\\\/entorno-empresarial\\\/wp-content\\\/uploads\\\/2021\\\/01\\\/atoms-aqvLznp9MxI-unsplash.jpg\",\"keywords\":[\"covid-19\",\"economia\",\"Jalisco\",\"salud\"],\"articleSection\":[\"Noticias\"],\"inLanguage\":\"es\",\"potentialAction\":[{\"@type\":\"CommentAction\",\"name\":\"Comment\",\"target\":[\"https:\\\/\\\/coparmexjal.org.mx\\\/entorno-empresarial\\\/demostremos-en-jalisco-que-el-equilibrio-entre-salud-y-economia-si-es-posible\\\/#respond\"]}]},{\"@type\":\"WebPage\",\"@id\":\"https:\\\/\\\/coparmexjal.org.mx\\\/entorno-empresarial\\\/demostremos-en-jalisco-que-el-equilibrio-entre-salud-y-economia-si-es-posible\\\/\",\"url\":\"https:\\\/\\\/coparmexjal.org.mx\\\/entorno-empresarial\\\/demostremos-en-jalisco-que-el-equilibrio-entre-salud-y-economia-si-es-posible\\\/\",\"name\":\"Demostremos en Jalisco, que el equilibrio entre salud y econom\u00eda s\u00ed es posible - Entorno Empresarial\",\"isPartOf\":{\"@id\":\"https:\\\/\\\/coparmexjal.org.mx\\\/entorno-empresarial\\\/#website\"},\"primaryImageOfPage\":{\"@id\":\"https:\\\/\\\/coparmexjal.org.mx\\\/entorno-empresarial\\\/demostremos-en-jalisco-que-el-equilibrio-entre-salud-y-economia-si-es-posible\\\/#primaryimage\"},\"image\":{\"@id\":\"https:\\\/\\\/coparmexjal.org.mx\\\/entorno-empresarial\\\/demostremos-en-jalisco-que-el-equilibrio-entre-salud-y-economia-si-es-posible\\\/#primaryimage\"},\"thumbnailUrl\":\"https:\\\/\\\/coparmexjal.org.mx\\\/entorno-empresarial\\\/wp-content\\\/uploads\\\/2021\\\/01\\\/atoms-aqvLznp9MxI-unsplash.jpg\",\"datePublished\":\"2020-07-30T19:19:00+00:00\",\"dateModified\":\"2021-01-07T20:35:01+00:00\",\"breadcrumb\":{\"@id\":\"https:\\\/\\\/coparmexjal.org.mx\\\/entorno-empresarial\\\/demostremos-en-jalisco-que-el-equilibrio-entre-salud-y-economia-si-es-posible\\\/#breadcrumb\"},\"inLanguage\":\"es\",\"potentialAction\":[{\"@type\":\"ReadAction\",\"target\":[\"https:\\\/\\\/coparmexjal.org.mx\\\/entorno-empresarial\\\/demostremos-en-jalisco-que-el-equilibrio-entre-salud-y-economia-si-es-posible\\\/\"]}]},{\"@type\":\"ImageObject\",\"inLanguage\":\"es\",\"@id\":\"https:\\\/\\\/coparmexjal.org.mx\\\/entorno-empresarial\\\/demostremos-en-jalisco-que-el-equilibrio-entre-salud-y-economia-si-es-posible\\\/#primaryimage\",\"url\":\"https:\\\/\\\/coparmexjal.org.mx\\\/entorno-empresarial\\\/wp-content\\\/uploads\\\/2021\\\/01\\\/atoms-aqvLznp9MxI-unsplash.jpg\",\"contentUrl\":\"https:\\\/\\\/coparmexjal.org.mx\\\/entorno-empresarial\\\/wp-content\\\/uploads\\\/2021\\\/01\\\/atoms-aqvLznp9MxI-unsplash.jpg\",\"width\":534,\"height\":800},{\"@type\":\"BreadcrumbList\",\"@id\":\"https:\\\/\\\/coparmexjal.org.mx\\\/entorno-empresarial\\\/demostremos-en-jalisco-que-el-equilibrio-entre-salud-y-economia-si-es-posible\\\/#breadcrumb\",\"itemListElement\":[{\"@type\":\"ListItem\",\"position\":1,\"name\":\"Inicio\",\"item\":\"https:\\\/\\\/coparmexjal.org.mx\\\/entorno-empresarial\\\/\"},{\"@type\":\"ListItem\",\"position\":2,\"name\":\"Demostremos en Jalisco, que el equilibrio entre salud y econom\u00eda s\u00ed es posible\"}]},{\"@type\":\"WebSite\",\"@id\":\"https:\\\/\\\/coparmexjal.org.mx\\\/entorno-empresarial\\\/#website\",\"url\":\"https:\\\/\\\/coparmexjal.org.mx\\\/entorno-empresarial\\\/\",\"name\":\"Revista Entorno Empresarial\",\"description\":\"Coparmex Jalisco\",\"publisher\":{\"@id\":\"https:\\\/\\\/coparmexjal.org.mx\\\/entorno-empresarial\\\/#organization\"},\"potentialAction\":[{\"@type\":\"SearchAction\",\"target\":{\"@type\":\"EntryPoint\",\"urlTemplate\":\"https:\\\/\\\/coparmexjal.org.mx\\\/entorno-empresarial\\\/?s={search_term_string}\"},\"query-input\":{\"@type\":\"PropertyValueSpecification\",\"valueRequired\":true,\"valueName\":\"search_term_string\"}}],\"inLanguage\":\"es\"},{\"@type\":\"Organization\",\"@id\":\"https:\\\/\\\/coparmexjal.org.mx\\\/entorno-empresarial\\\/#organization\",\"name\":\"Coparmex Jalisco\",\"url\":\"https:\\\/\\\/coparmexjal.org.mx\\\/entorno-empresarial\\\/\",\"logo\":{\"@type\":\"ImageObject\",\"inLanguage\":\"es\",\"@id\":\"https:\\\/\\\/coparmexjal.org.mx\\\/entorno-empresarial\\\/#\\\/schema\\\/logo\\\/image\\\/\",\"url\":\"https:\\\/\\\/coparmexjal.org.mx\\\/entorno-empresarial\\\/wp-content\\\/uploads\\\/2020\\\/02\\\/logo-amp.png\",\"contentUrl\":\"https:\\\/\\\/coparmexjal.org.mx\\\/entorno-empresarial\\\/wp-content\\\/uploads\\\/2020\\\/02\\\/logo-amp.png\",\"width\":120,\"height\":90,\"caption\":\"Coparmex Jalisco\"},\"image\":{\"@id\":\"https:\\\/\\\/coparmexjal.org.mx\\\/entorno-empresarial\\\/#\\\/schema\\\/logo\\\/image\\\/\"},\"sameAs\":[\"https:\\\/\\\/facebook.com\\\/comcoparmex\",\"https:\\\/\\\/x.com\\\/comcoparmex\",\"http:\\\/\\\/instagram.com\\\/coparmexjalisco\",\"https:\\\/\\\/mx.linkedin.com\\\/company\\\/coparmex-jalisco\",\"https:\\\/\\\/www.youtube.com\\\/c\\\/CoparmexJaliscomx\"]},{\"@type\":\"Person\",\"@id\":\"https:\\\/\\\/coparmexjal.org.mx\\\/entorno-empresarial\\\/#\\\/schema\\\/person\\\/7d1d56a9587bfb3a725cd3dbfbdb9d44\",\"name\":\"Coparmex Jalisco\",\"image\":{\"@type\":\"ImageObject\",\"inLanguage\":\"es\",\"@id\":\"https:\\\/\\\/coparmexjal.org.mx\\\/entorno-empresarial\\\/wp-content\\\/uploads\\\/2020\\\/06\\\/favicon-150x133.png\",\"url\":\"https:\\\/\\\/coparmexjal.org.mx\\\/entorno-empresarial\\\/wp-content\\\/uploads\\\/2020\\\/06\\\/favicon-150x133.png\",\"contentUrl\":\"https:\\\/\\\/coparmexjal.org.mx\\\/entorno-empresarial\\\/wp-content\\\/uploads\\\/2020\\\/06\\\/favicon-150x133.png\",\"caption\":\"Coparmex Jalisco\"},\"url\":\"https:\\\/\\\/coparmexjal.org.mx\\\/entorno-empresarial\\\/author\\\/coparmexjalisco\\\/\"}]}<\/script>\n<!-- \/ Yoast SEO plugin. -->","yoast_head_json":{"title":"Demostremos en Jalisco, que el equilibrio entre salud y econom\u00eda s\u00ed es posible - Entorno Empresarial","robots":{"index":"index","follow":"follow","max-snippet":"max-snippet:-1","max-image-preview":"max-image-preview:large","max-video-preview":"max-video-preview:-1"},"canonical":"https:\/\/coparmexjal.org.mx\/entorno-empresarial\/demostremos-en-jalisco-que-el-equilibrio-entre-salud-y-economia-si-es-posible\/","og_locale":"es_MX","og_type":"article","og_title":"Demostremos en Jalisco, que el equilibrio entre salud y econom\u00eda s\u00ed es posible - Entorno Empresarial","og_description":"Hace unos momentos el Gobernador del estado anunci\u00f3 los ajustes al Bot\u00f3n de emergencia para aplicarlo de ser necesario de forma parcial con el \u00fanico","og_url":"https:\/\/coparmexjal.org.mx\/entorno-empresarial\/demostremos-en-jalisco-que-el-equilibrio-entre-salud-y-economia-si-es-posible\/","og_site_name":"Entorno Empresarial","article_publisher":"https:\/\/facebook.com\/comcoparmex","article_published_time":"2020-07-30T19:19:00+00:00","article_modified_time":"2021-01-07T20:35:01+00:00","og_image":[{"width":534,"height":800,"url":"https:\/\/coparmexjal.org.mx\/entorno-empresarial\/wp-content\/uploads\/2021\/01\/atoms-aqvLznp9MxI-unsplash.jpg","type":"image\/jpeg"}],"author":"Coparmex Jalisco","twitter_card":"summary_large_image","twitter_creator":"@comcoparmex","twitter_site":"@comcoparmex","twitter_misc":{"Escrito por":"Coparmex Jalisco","Tiempo de lectura":"1 minuto"},"schema":{"@context":"https:\/\/schema.org","@graph":[{"@type":"Article","@id":"https:\/\/coparmexjal.org.mx\/entorno-empresarial\/demostremos-en-jalisco-que-el-equilibrio-entre-salud-y-economia-si-es-posible\/#article","isPartOf":{"@id":"https:\/\/coparmexjal.org.mx\/entorno-empresarial\/demostremos-en-jalisco-que-el-equilibrio-entre-salud-y-economia-si-es-posible\/"},"author":{"name":"Coparmex Jalisco","@id":"https:\/\/coparmexjal.org.mx\/entorno-empresarial\/#\/schema\/person\/7d1d56a9587bfb3a725cd3dbfbdb9d44"},"headline":"Demostremos en Jalisco, que el equilibrio entre salud y econom\u00eda s\u00ed es posible","datePublished":"2020-07-30T19:19:00+00:00","dateModified":"2021-01-07T20:35:01+00:00","mainEntityOfPage":{"@id":"https:\/\/coparmexjal.org.mx\/entorno-empresarial\/demostremos-en-jalisco-que-el-equilibrio-entre-salud-y-economia-si-es-posible\/"},"wordCount":274,"commentCount":0,"publisher":{"@id":"https:\/\/coparmexjal.org.mx\/entorno-empresarial\/#organization"},"image":{"@id":"https:\/\/coparmexjal.org.mx\/entorno-empresarial\/demostremos-en-jalisco-que-el-equilibrio-entre-salud-y-economia-si-es-posible\/#primaryimage"},"thumbnailUrl":"https:\/\/coparmexjal.org.mx\/entorno-empresarial\/wp-content\/uploads\/2021\/01\/atoms-aqvLznp9MxI-unsplash.jpg","keywords":["covid-19","economia","Jalisco","salud"],"articleSection":["Noticias"],"inLanguage":"es","potentialAction":[{"@type":"CommentAction","name":"Comment","target":["https:\/\/coparmexjal.org.mx\/entorno-empresarial\/demostremos-en-jalisco-que-el-equilibrio-entre-salud-y-economia-si-es-posible\/#respond"]}]},{"@type":"WebPage","@id":"https:\/\/coparmexjal.org.mx\/entorno-empresarial\/demostremos-en-jalisco-que-el-equilibrio-entre-salud-y-economia-si-es-posible\/","url":"https:\/\/coparmexjal.org.mx\/entorno-empresarial\/demostremos-en-jalisco-que-el-equilibrio-entre-salud-y-economia-si-es-posible\/","name":"Demostremos en Jalisco, que el equilibrio entre salud y econom\u00eda s\u00ed es posible - Entorno Empresarial","isPartOf":{"@id":"https:\/\/coparmexjal.org.mx\/entorno-empresarial\/#website"},"primaryImageOfPage":{"@id":"https:\/\/coparmexjal.org.mx\/entorno-empresarial\/demostremos-en-jalisco-que-el-equilibrio-entre-salud-y-economia-si-es-posible\/#primaryimage"},"image":{"@id":"https:\/\/coparmexjal.org.mx\/entorno-empresarial\/demostremos-en-jalisco-que-el-equilibrio-entre-salud-y-economia-si-es-posible\/#primaryimage"},"thumbnailUrl":"https:\/\/coparmexjal.org.mx\/entorno-empresarial\/wp-content\/uploads\/2021\/01\/atoms-aqvLznp9MxI-unsplash.jpg","datePublished":"2020-07-30T19:19:00+00:00","dateModified":"2021-01-07T20:35:01+00:00","breadcrumb":{"@id":"https:\/\/coparmexjal.org.mx\/entorno-empresarial\/demostremos-en-jalisco-que-el-equilibrio-entre-salud-y-economia-si-es-posible\/#breadcrumb"},"inLanguage":"es","potentialAction":[{"@type":"ReadAction","target":["https:\/\/coparmexjal.org.mx\/entorno-empresarial\/demostremos-en-jalisco-que-el-equilibrio-entre-salud-y-economia-si-es-posible\/"]}]},{"@type":"ImageObject","inLanguage":"es","@id":"https:\/\/coparmexjal.org.mx\/entorno-empresarial\/demostremos-en-jalisco-que-el-equilibrio-entre-salud-y-economia-si-es-posible\/#primaryimage","url":"https:\/\/coparmexjal.org.mx\/entorno-empresarial\/wp-content\/uploads\/2021\/01\/atoms-aqvLznp9MxI-unsplash.jpg","contentUrl":"https:\/\/coparmexjal.org.mx\/entorno-empresarial\/wp-content\/uploads\/2021\/01\/atoms-aqvLznp9MxI-unsplash.jpg","width":534,"height":800},{"@type":"BreadcrumbList","@id":"https:\/\/coparmexjal.org.mx\/entorno-empresarial\/demostremos-en-jalisco-que-el-equilibrio-entre-salud-y-economia-si-es-posible\/#breadcrumb","itemListElement":[{"@type":"ListItem","position":1,"name":"Inicio","item":"https:\/\/coparmexjal.org.mx\/entorno-empresarial\/"},{"@type":"ListItem","position":2,"name":"Demostremos en Jalisco, que el equilibrio entre salud y econom\u00eda s\u00ed es posible"}]},{"@type":"WebSite","@id":"https:\/\/coparmexjal.org.mx\/entorno-empresarial\/#website","url":"https:\/\/coparmexjal.org.mx\/entorno-empresarial\/","name":"Revista Entorno Empresarial","description":"Coparmex Jalisco","publisher":{"@id":"https:\/\/coparmexjal.org.mx\/entorno-empresarial\/#organization"},"potentialAction":[{"@type":"SearchAction","target":{"@type":"EntryPoint","urlTemplate":"https:\/\/coparmexjal.org.mx\/entorno-empresarial\/?s={search_term_string}"},"query-input":{"@type":"PropertyValueSpecification","valueRequired":true,"valueName":"search_term_string"}}],"inLanguage":"es"},{"@type":"Organization","@id":"https:\/\/coparmexjal.org.mx\/entorno-empresarial\/#organization","name":"Coparmex Jalisco","url":"https:\/\/coparmexjal.org.mx\/entorno-empresarial\/","logo":{"@type":"ImageObject","inLanguage":"es","@id":"https:\/\/coparmexjal.org.mx\/entorno-empresarial\/#\/schema\/logo\/image\/","url":"https:\/\/coparmexjal.org.mx\/entorno-empresarial\/wp-content\/uploads\/2020\/02\/logo-amp.png","contentUrl":"https:\/\/coparmexjal.org.mx\/entorno-empresarial\/wp-content\/uploads\/2020\/02\/logo-amp.png","width":120,"height":90,"caption":"Coparmex Jalisco"},"image":{"@id":"https:\/\/coparmexjal.org.mx\/entorno-empresarial\/#\/schema\/logo\/image\/"},"sameAs":["https:\/\/facebook.com\/comcoparmex","https:\/\/x.com\/comcoparmex","http:\/\/instagram.com\/coparmexjalisco","https:\/\/mx.linkedin.com\/company\/coparmex-jalisco","https:\/\/www.youtube.com\/c\/CoparmexJaliscomx"]},{"@type":"Person","@id":"https:\/\/coparmexjal.org.mx\/entorno-empresarial\/#\/schema\/person\/7d1d56a9587bfb3a725cd3dbfbdb9d44","name":"Coparmex Jalisco","image":{"@type":"ImageObject","inLanguage":"es","@id":"https:\/\/coparmexjal.org.mx\/entorno-empresarial\/wp-content\/uploads\/2020\/06\/favicon-150x133.png","url":"https:\/\/coparmexjal.org.mx\/entorno-empresarial\/wp-content\/uploads\/2020\/06\/favicon-150x133.png","contentUrl":"https:\/\/coparmexjal.org.mx\/entorno-empresarial\/wp-content\/uploads\/2020\/06\/favicon-150x133.png","caption":"Coparmex Jalisco"},"url":"https:\/\/coparmexjal.org.mx\/entorno-empresarial\/author\/coparmexjalisco\/"}]}},"_links":{"self":[{"href":"https:\/\/coparmexjal.org.mx\/entorno-empresarial\/wp-json\/wp\/v2\/posts\/4429","targetHints":{"allow":["GET"]}}],"collection":[{"href":"https:\/\/coparmexjal.org.mx\/entorno-empresarial\/wp-json\/wp\/v2\/posts"}],"about":[{"href":"https:\/\/coparmexjal.org.mx\/entorno-empresarial\/wp-json\/wp\/v2\/types\/post"}],"author":[{"embeddable":true,"href":"https:\/\/coparmexjal.org.mx\/entorno-empresarial\/wp-json\/wp\/v2\/users\/2"}],"replies":[{"embeddable":true,"href":"https:\/\/coparmexjal.org.mx\/entorno-empresarial\/wp-json\/wp\/v2\/comments?post=4429"}],"version-history":[{"count":1,"href":"https:\/\/coparmexjal.org.mx\/entorno-empresarial\/wp-json\/wp\/v2\/posts\/4429\/revisions"}],"predecessor-version":[{"id":4431,"href":"https:\/\/coparmexjal.org.mx\/entorno-empresarial\/wp-json\/wp\/v2\/posts\/4429\/revisions\/4431"}],"wp:featuredmedia":[{"embeddable":true,"href":"https:\/\/coparmexjal.org.mx\/entorno-empresarial\/wp-json\/wp\/v2\/media\/4430"}],"wp:attachment":[{"href":"https:\/\/coparmexjal.org.mx\/entorno-empresarial\/wp-json\/wp\/v2\/media?parent=4429"}],"wp:term":[{"taxonomy":"category","embeddable":true,"href":"https:\/\/coparmexjal.org.mx\/entorno-empresarial\/wp-json\/wp\/v2\/categories?post=4429"},{"taxonomy":"post_tag","embeddable":true,"href":"https:\/\/coparmexjal.org.mx\/entorno-empresarial\/wp-json\/wp\/v2\/tags?post=4429"}],"curies":[{"name":"wp","href":"https:\/\/api.w.org\/{rel}","templated":true}]}}