{"id":4425,"date":"2020-07-22T14:13:00","date_gmt":"2020-07-22T19:13:00","guid":{"rendered":"https:\/\/coparmexjal.org.mx\/entorno-empresarial\/?p=4425"},"modified":"2021-01-07T14:18:04","modified_gmt":"2021-01-07T20:18:04","slug":"celebramos-que-el-dialogo-entre-trabajadores-y-empleadores-culmine-con-una-iniciativa-de-reforma-al-sistema-de-pensiones-apoyada-por-el-gobierno-federal","status":"publish","type":"post","link":"https:\/\/coparmexjal.org.mx\/entorno-empresarial\/celebramos-que-el-dialogo-entre-trabajadores-y-empleadores-culmine-con-una-iniciativa-de-reforma-al-sistema-de-pensiones-apoyada-por-el-gobierno-federal\/","title":{"rendered":"Celebramos que el  di\u00e1logo entre trabajadores y empleadores culmine con una iniciativa de reforma al Sistema de Pensiones Apoyada por el Gobierno Federal"},"content":{"rendered":"\n<p><em>Desde 2019, la Coparmex ha postulado la necesidad de una reforma pensionaria que garantice un pensi\u00f3n digna para los mexicanos.<\/em>&nbsp;<\/p>\n\n\n\n<p>En la Confederaci\u00f3n Patronal de la Rep\u00fablica Mexicana (COPARMEX) celebramos el consenso de trabajadores, gobierno y patrones, para reformar el sistema pensionario de M\u00e9xico, un tema prioritario en la agenda nacional pues tiene que ver con el futuro de los trabajadores, con su vejez y su acceso a un retiro digno.<\/p>\n\n\n\n<p>Desde 2019, la COPARMEX ha impulsado en su agenda estrat\u00e9gica, una reforma al sistema de pensiones centrada en el trabajador que permita garantizar un retiro digno a los mexicanos.<\/p>\n\n\n\n<p>Durante varios meses trabajamos de cerca con los distintos organismos empresariales que integran el Consejo Coordinador Empresarial (CCE), a fin de concretar un consenso en el sector privado que pudiera ser respaldado tambi\u00e9n por el sector obrero y por el Gobierno Federal. Reconocemos la apertura al di\u00e1logo que permiti\u00f3 hoy este acuerdo sea una realidad.<\/p>\n\n\n\n<p>En el Sector Empresarial estamos convencidos de que uno de los principales patrimonios que tienen los trabajadores es su fondo de ahorro para el retiro, por ello la importancia de que lo fortalezcamos y lo cuidemos, todos.<\/p>\n\n\n\n<p>La nueva reforma al sistema de pensiones tiene como meta garantizar 4 principios b\u00e1sicos: que llegue a m\u00e1s mexicanos (ALCANCE); que la pensi\u00f3n sea suficientemente parecida al \u00faltimo ingreso (SUFICIENCIA); que el sistema cuente con el recurso reservado y listo para destinarlo (SOLVENCIA); y finalmente, que reconozca a todos los trabajadores con una vejez digna (JUSTICIA).<\/p>\n\n\n\n<p>En COPARMEX siempre hemos apoyado una econom\u00eda centrada en el trabajador, por lo que seguiremos impulsando iniciativas como la Nueva Cultura Salarial, que buscan el fortalecimiento del bienestar de los mexicanos que participan en la econom\u00eda formal y el de sus familias. Estamos convencidos que, fortalecer al trabajador, es impulsar el crecimiento de M\u00e9xico.<\/p>\n","protected":false},"excerpt":{"rendered":"<p>Desde 2019, la Coparmex ha postulado la necesidad de una reforma pensionaria que garantice un pensi\u00f3n digna para los mexicanos.&nbsp; En la Confederaci\u00f3n Patronal de<\/p>\n","protected":false},"author":2,"featured_media":4426,"comment_status":"open","ping_status":"open","sticky":false,"template":"","format":"standard","meta":{"footnotes":""},"categories":[348],"tags":[404,700,690,629,630],"class_list":["post-4425","post","type-post","status-publish","format-standard","has-post-thumbnail","hentry","category-noticias","tag-coparmex","tag-gobierno-federal","tag-mexico-2","tag-pensiones","tag-reforma-al-sistema-de-pensiones"],"yoast_head":"<!-- This site is optimized with the Yoast SEO plugin v27.5 - https:\/\/yoast.com\/product\/yoast-seo-wordpress\/ -->\n<title>Celebramos que el di\u00e1logo entre trabajadores y empleadores culmine con una iniciativa de reforma al Sistema de Pensiones Apoyada por el Gobierno Federal - Entorno Empresarial<\/title>\n<meta name=\"robots\" content=\"index, follow, max-snippet:-1, max-image-preview:large, max-video-preview:-1\" \/>\n<link rel=\"canonical\" href=\"https:\/\/coparmexjal.org.mx\/entorno-empresarial\/celebramos-que-el-dialogo-entre-trabajadores-y-empleadores-culmine-con-una-iniciativa-de-reforma-al-sistema-de-pensiones-apoyada-por-el-gobierno-federal\/\" \/>\n<meta property=\"og:locale\" content=\"es_MX\" \/>\n<meta property=\"og:type\" content=\"article\" \/>\n<meta property=\"og:title\" content=\"Celebramos que el di\u00e1logo entre trabajadores y empleadores culmine con una iniciativa de reforma al Sistema de Pensiones Apoyada por el Gobierno Federal - Entorno Empresarial\" \/>\n<meta property=\"og:description\" content=\"Desde 2019, la Coparmex ha postulado la necesidad de una reforma pensionaria que garantice un pensi\u00f3n digna para los mexicanos.&nbsp; En la Confederaci\u00f3n Patronal de\" \/>\n<meta property=\"og:url\" content=\"https:\/\/coparmexjal.org.mx\/entorno-empresarial\/celebramos-que-el-dialogo-entre-trabajadores-y-empleadores-culmine-con-una-iniciativa-de-reforma-al-sistema-de-pensiones-apoyada-por-el-gobierno-federal\/\" \/>\n<meta property=\"og:site_name\" content=\"Entorno Empresarial\" \/>\n<meta property=\"article:publisher\" content=\"https:\/\/facebook.com\/comcoparmex\" \/>\n<meta property=\"article:published_time\" content=\"2020-07-22T19:13:00+00:00\" \/>\n<meta property=\"article:modified_time\" content=\"2021-01-07T20:18:04+00:00\" \/>\n<meta property=\"og:image\" content=\"https:\/\/coparmexjal.org.mx\/entorno-empresarial\/wp-content\/uploads\/2021\/01\/myriam-jessier-eveI7MOcSmw-unsplash.jpg\" \/>\n\t<meta property=\"og:image:width\" content=\"1200\" \/>\n\t<meta property=\"og:image:height\" content=\"800\" \/>\n\t<meta property=\"og:image:type\" content=\"image\/jpeg\" \/>\n<meta name=\"author\" content=\"Coparmex Jalisco\" \/>\n<meta name=\"twitter:card\" content=\"summary_large_image\" \/>\n<meta name=\"twitter:creator\" content=\"@comcoparmex\" \/>\n<meta name=\"twitter:site\" content=\"@comcoparmex\" \/>\n<meta name=\"twitter:label1\" content=\"Escrito por\" \/>\n\t<meta name=\"twitter:data1\" content=\"Coparmex Jalisco\" \/>\n\t<meta name=\"twitter:label2\" content=\"Tiempo de lectura\" \/>\n\t<meta name=\"twitter:data2\" content=\"2 minutos\" \/>\n<script type=\"application\/ld+json\" class=\"yoast-schema-graph\">{\"@context\":\"https:\\\/\\\/schema.org\",\"@graph\":[{\"@type\":\"Article\",\"@id\":\"https:\\\/\\\/coparmexjal.org.mx\\\/entorno-empresarial\\\/celebramos-que-el-dialogo-entre-trabajadores-y-empleadores-culmine-con-una-iniciativa-de-reforma-al-sistema-de-pensiones-apoyada-por-el-gobierno-federal\\\/#article\",\"isPartOf\":{\"@id\":\"https:\\\/\\\/coparmexjal.org.mx\\\/entorno-empresarial\\\/celebramos-que-el-dialogo-entre-trabajadores-y-empleadores-culmine-con-una-iniciativa-de-reforma-al-sistema-de-pensiones-apoyada-por-el-gobierno-federal\\\/\"},\"author\":{\"name\":\"Coparmex Jalisco\",\"@id\":\"https:\\\/\\\/coparmexjal.org.mx\\\/entorno-empresarial\\\/#\\\/schema\\\/person\\\/7d1d56a9587bfb3a725cd3dbfbdb9d44\"},\"headline\":\"Celebramos que el di\u00e1logo entre trabajadores y empleadores culmine con una iniciativa de reforma al Sistema de Pensiones Apoyada por el Gobierno Federal\",\"datePublished\":\"2020-07-22T19:13:00+00:00\",\"dateModified\":\"2021-01-07T20:18:04+00:00\",\"mainEntityOfPage\":{\"@id\":\"https:\\\/\\\/coparmexjal.org.mx\\\/entorno-empresarial\\\/celebramos-que-el-dialogo-entre-trabajadores-y-empleadores-culmine-con-una-iniciativa-de-reforma-al-sistema-de-pensiones-apoyada-por-el-gobierno-federal\\\/\"},\"wordCount\":337,\"commentCount\":0,\"publisher\":{\"@id\":\"https:\\\/\\\/coparmexjal.org.mx\\\/entorno-empresarial\\\/#organization\"},\"image\":{\"@id\":\"https:\\\/\\\/coparmexjal.org.mx\\\/entorno-empresarial\\\/celebramos-que-el-dialogo-entre-trabajadores-y-empleadores-culmine-con-una-iniciativa-de-reforma-al-sistema-de-pensiones-apoyada-por-el-gobierno-federal\\\/#primaryimage\"},\"thumbnailUrl\":\"https:\\\/\\\/coparmexjal.org.mx\\\/entorno-empresarial\\\/wp-content\\\/uploads\\\/2021\\\/01\\\/myriam-jessier-eveI7MOcSmw-unsplash.jpg\",\"keywords\":[\"coparmex\",\"Gobierno Federal\",\"Mexico\",\"pensiones\",\"Reforma al Sistema de Pensiones\"],\"articleSection\":[\"Noticias\"],\"inLanguage\":\"es\",\"potentialAction\":[{\"@type\":\"CommentAction\",\"name\":\"Comment\",\"target\":[\"https:\\\/\\\/coparmexjal.org.mx\\\/entorno-empresarial\\\/celebramos-que-el-dialogo-entre-trabajadores-y-empleadores-culmine-con-una-iniciativa-de-reforma-al-sistema-de-pensiones-apoyada-por-el-gobierno-federal\\\/#respond\"]}]},{\"@type\":\"WebPage\",\"@id\":\"https:\\\/\\\/coparmexjal.org.mx\\\/entorno-empresarial\\\/celebramos-que-el-dialogo-entre-trabajadores-y-empleadores-culmine-con-una-iniciativa-de-reforma-al-sistema-de-pensiones-apoyada-por-el-gobierno-federal\\\/\",\"url\":\"https:\\\/\\\/coparmexjal.org.mx\\\/entorno-empresarial\\\/celebramos-que-el-dialogo-entre-trabajadores-y-empleadores-culmine-con-una-iniciativa-de-reforma-al-sistema-de-pensiones-apoyada-por-el-gobierno-federal\\\/\",\"name\":\"Celebramos que el di\u00e1logo entre trabajadores y empleadores culmine con una iniciativa de reforma al Sistema de Pensiones Apoyada por el Gobierno Federal - Entorno Empresarial\",\"isPartOf\":{\"@id\":\"https:\\\/\\\/coparmexjal.org.mx\\\/entorno-empresarial\\\/#website\"},\"primaryImageOfPage\":{\"@id\":\"https:\\\/\\\/coparmexjal.org.mx\\\/entorno-empresarial\\\/celebramos-que-el-dialogo-entre-trabajadores-y-empleadores-culmine-con-una-iniciativa-de-reforma-al-sistema-de-pensiones-apoyada-por-el-gobierno-federal\\\/#primaryimage\"},\"image\":{\"@id\":\"https:\\\/\\\/coparmexjal.org.mx\\\/entorno-empresarial\\\/celebramos-que-el-dialogo-entre-trabajadores-y-empleadores-culmine-con-una-iniciativa-de-reforma-al-sistema-de-pensiones-apoyada-por-el-gobierno-federal\\\/#primaryimage\"},\"thumbnailUrl\":\"https:\\\/\\\/coparmexjal.org.mx\\\/entorno-empresarial\\\/wp-content\\\/uploads\\\/2021\\\/01\\\/myriam-jessier-eveI7MOcSmw-unsplash.jpg\",\"datePublished\":\"2020-07-22T19:13:00+00:00\",\"dateModified\":\"2021-01-07T20:18:04+00:00\",\"breadcrumb\":{\"@id\":\"https:\\\/\\\/coparmexjal.org.mx\\\/entorno-empresarial\\\/celebramos-que-el-dialogo-entre-trabajadores-y-empleadores-culmine-con-una-iniciativa-de-reforma-al-sistema-de-pensiones-apoyada-por-el-gobierno-federal\\\/#breadcrumb\"},\"inLanguage\":\"es\",\"potentialAction\":[{\"@type\":\"ReadAction\",\"target\":[\"https:\\\/\\\/coparmexjal.org.mx\\\/entorno-empresarial\\\/celebramos-que-el-dialogo-entre-trabajadores-y-empleadores-culmine-con-una-iniciativa-de-reforma-al-sistema-de-pensiones-apoyada-por-el-gobierno-federal\\\/\"]}]},{\"@type\":\"ImageObject\",\"inLanguage\":\"es\",\"@id\":\"https:\\\/\\\/coparmexjal.org.mx\\\/entorno-empresarial\\\/celebramos-que-el-dialogo-entre-trabajadores-y-empleadores-culmine-con-una-iniciativa-de-reforma-al-sistema-de-pensiones-apoyada-por-el-gobierno-federal\\\/#primaryimage\",\"url\":\"https:\\\/\\\/coparmexjal.org.mx\\\/entorno-empresarial\\\/wp-content\\\/uploads\\\/2021\\\/01\\\/myriam-jessier-eveI7MOcSmw-unsplash.jpg\",\"contentUrl\":\"https:\\\/\\\/coparmexjal.org.mx\\\/entorno-empresarial\\\/wp-content\\\/uploads\\\/2021\\\/01\\\/myriam-jessier-eveI7MOcSmw-unsplash.jpg\",\"width\":1200,\"height\":800},{\"@type\":\"BreadcrumbList\",\"@id\":\"https:\\\/\\\/coparmexjal.org.mx\\\/entorno-empresarial\\\/celebramos-que-el-dialogo-entre-trabajadores-y-empleadores-culmine-con-una-iniciativa-de-reforma-al-sistema-de-pensiones-apoyada-por-el-gobierno-federal\\\/#breadcrumb\",\"itemListElement\":[{\"@type\":\"ListItem\",\"position\":1,\"name\":\"Inicio\",\"item\":\"https:\\\/\\\/coparmexjal.org.mx\\\/entorno-empresarial\\\/\"},{\"@type\":\"ListItem\",\"position\":2,\"name\":\"Celebramos que el di\u00e1logo entre trabajadores y empleadores culmine con una iniciativa de reforma al Sistema de Pensiones Apoyada por el Gobierno Federal\"}]},{\"@type\":\"WebSite\",\"@id\":\"https:\\\/\\\/coparmexjal.org.mx\\\/entorno-empresarial\\\/#website\",\"url\":\"https:\\\/\\\/coparmexjal.org.mx\\\/entorno-empresarial\\\/\",\"name\":\"Revista Entorno Empresarial\",\"description\":\"Coparmex Jalisco\",\"publisher\":{\"@id\":\"https:\\\/\\\/coparmexjal.org.mx\\\/entorno-empresarial\\\/#organization\"},\"potentialAction\":[{\"@type\":\"SearchAction\",\"target\":{\"@type\":\"EntryPoint\",\"urlTemplate\":\"https:\\\/\\\/coparmexjal.org.mx\\\/entorno-empresarial\\\/?s={search_term_string}\"},\"query-input\":{\"@type\":\"PropertyValueSpecification\",\"valueRequired\":true,\"valueName\":\"search_term_string\"}}],\"inLanguage\":\"es\"},{\"@type\":\"Organization\",\"@id\":\"https:\\\/\\\/coparmexjal.org.mx\\\/entorno-empresarial\\\/#organization\",\"name\":\"Coparmex Jalisco\",\"url\":\"https:\\\/\\\/coparmexjal.org.mx\\\/entorno-empresarial\\\/\",\"logo\":{\"@type\":\"ImageObject\",\"inLanguage\":\"es\",\"@id\":\"https:\\\/\\\/coparmexjal.org.mx\\\/entorno-empresarial\\\/#\\\/schema\\\/logo\\\/image\\\/\",\"url\":\"https:\\\/\\\/coparmexjal.org.mx\\\/entorno-empresarial\\\/wp-content\\\/uploads\\\/2020\\\/02\\\/logo-amp.png\",\"contentUrl\":\"https:\\\/\\\/coparmexjal.org.mx\\\/entorno-empresarial\\\/wp-content\\\/uploads\\\/2020\\\/02\\\/logo-amp.png\",\"width\":120,\"height\":90,\"caption\":\"Coparmex Jalisco\"},\"image\":{\"@id\":\"https:\\\/\\\/coparmexjal.org.mx\\\/entorno-empresarial\\\/#\\\/schema\\\/logo\\\/image\\\/\"},\"sameAs\":[\"https:\\\/\\\/facebook.com\\\/comcoparmex\",\"https:\\\/\\\/x.com\\\/comcoparmex\",\"http:\\\/\\\/instagram.com\\\/coparmexjalisco\",\"https:\\\/\\\/mx.linkedin.com\\\/company\\\/coparmex-jalisco\",\"https:\\\/\\\/www.youtube.com\\\/c\\\/CoparmexJaliscomx\"]},{\"@type\":\"Person\",\"@id\":\"https:\\\/\\\/coparmexjal.org.mx\\\/entorno-empresarial\\\/#\\\/schema\\\/person\\\/7d1d56a9587bfb3a725cd3dbfbdb9d44\",\"name\":\"Coparmex Jalisco\",\"image\":{\"@type\":\"ImageObject\",\"inLanguage\":\"es\",\"@id\":\"https:\\\/\\\/coparmexjal.org.mx\\\/entorno-empresarial\\\/wp-content\\\/uploads\\\/2020\\\/06\\\/favicon-150x133.png\",\"url\":\"https:\\\/\\\/coparmexjal.org.mx\\\/entorno-empresarial\\\/wp-content\\\/uploads\\\/2020\\\/06\\\/favicon-150x133.png\",\"contentUrl\":\"https:\\\/\\\/coparmexjal.org.mx\\\/entorno-empresarial\\\/wp-content\\\/uploads\\\/2020\\\/06\\\/favicon-150x133.png\",\"caption\":\"Coparmex Jalisco\"},\"url\":\"https:\\\/\\\/coparmexjal.org.mx\\\/entorno-empresarial\\\/author\\\/coparmexjalisco\\\/\"}]}<\/script>\n<!-- \/ Yoast SEO plugin. -->","yoast_head_json":{"title":"Celebramos que el di\u00e1logo entre trabajadores y empleadores culmine con una iniciativa de reforma al Sistema de Pensiones Apoyada por el Gobierno Federal - Entorno Empresarial","robots":{"index":"index","follow":"follow","max-snippet":"max-snippet:-1","max-image-preview":"max-image-preview:large","max-video-preview":"max-video-preview:-1"},"canonical":"https:\/\/coparmexjal.org.mx\/entorno-empresarial\/celebramos-que-el-dialogo-entre-trabajadores-y-empleadores-culmine-con-una-iniciativa-de-reforma-al-sistema-de-pensiones-apoyada-por-el-gobierno-federal\/","og_locale":"es_MX","og_type":"article","og_title":"Celebramos que el di\u00e1logo entre trabajadores y empleadores culmine con una iniciativa de reforma al Sistema de Pensiones Apoyada por el Gobierno Federal - Entorno Empresarial","og_description":"Desde 2019, la Coparmex ha postulado la necesidad de una reforma pensionaria que garantice un pensi\u00f3n digna para los mexicanos.&nbsp; En la Confederaci\u00f3n Patronal de","og_url":"https:\/\/coparmexjal.org.mx\/entorno-empresarial\/celebramos-que-el-dialogo-entre-trabajadores-y-empleadores-culmine-con-una-iniciativa-de-reforma-al-sistema-de-pensiones-apoyada-por-el-gobierno-federal\/","og_site_name":"Entorno Empresarial","article_publisher":"https:\/\/facebook.com\/comcoparmex","article_published_time":"2020-07-22T19:13:00+00:00","article_modified_time":"2021-01-07T20:18:04+00:00","og_image":[{"width":1200,"height":800,"url":"https:\/\/coparmexjal.org.mx\/entorno-empresarial\/wp-content\/uploads\/2021\/01\/myriam-jessier-eveI7MOcSmw-unsplash.jpg","type":"image\/jpeg"}],"author":"Coparmex Jalisco","twitter_card":"summary_large_image","twitter_creator":"@comcoparmex","twitter_site":"@comcoparmex","twitter_misc":{"Escrito por":"Coparmex Jalisco","Tiempo de lectura":"2 minutos"},"schema":{"@context":"https:\/\/schema.org","@graph":[{"@type":"Article","@id":"https:\/\/coparmexjal.org.mx\/entorno-empresarial\/celebramos-que-el-dialogo-entre-trabajadores-y-empleadores-culmine-con-una-iniciativa-de-reforma-al-sistema-de-pensiones-apoyada-por-el-gobierno-federal\/#article","isPartOf":{"@id":"https:\/\/coparmexjal.org.mx\/entorno-empresarial\/celebramos-que-el-dialogo-entre-trabajadores-y-empleadores-culmine-con-una-iniciativa-de-reforma-al-sistema-de-pensiones-apoyada-por-el-gobierno-federal\/"},"author":{"name":"Coparmex Jalisco","@id":"https:\/\/coparmexjal.org.mx\/entorno-empresarial\/#\/schema\/person\/7d1d56a9587bfb3a725cd3dbfbdb9d44"},"headline":"Celebramos que el di\u00e1logo entre trabajadores y empleadores culmine con una iniciativa de reforma al Sistema de Pensiones Apoyada por el Gobierno Federal","datePublished":"2020-07-22T19:13:00+00:00","dateModified":"2021-01-07T20:18:04+00:00","mainEntityOfPage":{"@id":"https:\/\/coparmexjal.org.mx\/entorno-empresarial\/celebramos-que-el-dialogo-entre-trabajadores-y-empleadores-culmine-con-una-iniciativa-de-reforma-al-sistema-de-pensiones-apoyada-por-el-gobierno-federal\/"},"wordCount":337,"commentCount":0,"publisher":{"@id":"https:\/\/coparmexjal.org.mx\/entorno-empresarial\/#organization"},"image":{"@id":"https:\/\/coparmexjal.org.mx\/entorno-empresarial\/celebramos-que-el-dialogo-entre-trabajadores-y-empleadores-culmine-con-una-iniciativa-de-reforma-al-sistema-de-pensiones-apoyada-por-el-gobierno-federal\/#primaryimage"},"thumbnailUrl":"https:\/\/coparmexjal.org.mx\/entorno-empresarial\/wp-content\/uploads\/2021\/01\/myriam-jessier-eveI7MOcSmw-unsplash.jpg","keywords":["coparmex","Gobierno Federal","Mexico","pensiones","Reforma al Sistema de Pensiones"],"articleSection":["Noticias"],"inLanguage":"es","potentialAction":[{"@type":"CommentAction","name":"Comment","target":["https:\/\/coparmexjal.org.mx\/entorno-empresarial\/celebramos-que-el-dialogo-entre-trabajadores-y-empleadores-culmine-con-una-iniciativa-de-reforma-al-sistema-de-pensiones-apoyada-por-el-gobierno-federal\/#respond"]}]},{"@type":"WebPage","@id":"https:\/\/coparmexjal.org.mx\/entorno-empresarial\/celebramos-que-el-dialogo-entre-trabajadores-y-empleadores-culmine-con-una-iniciativa-de-reforma-al-sistema-de-pensiones-apoyada-por-el-gobierno-federal\/","url":"https:\/\/coparmexjal.org.mx\/entorno-empresarial\/celebramos-que-el-dialogo-entre-trabajadores-y-empleadores-culmine-con-una-iniciativa-de-reforma-al-sistema-de-pensiones-apoyada-por-el-gobierno-federal\/","name":"Celebramos que el di\u00e1logo entre trabajadores y empleadores culmine con una iniciativa de reforma al Sistema de Pensiones Apoyada por el Gobierno Federal - Entorno Empresarial","isPartOf":{"@id":"https:\/\/coparmexjal.org.mx\/entorno-empresarial\/#website"},"primaryImageOfPage":{"@id":"https:\/\/coparmexjal.org.mx\/entorno-empresarial\/celebramos-que-el-dialogo-entre-trabajadores-y-empleadores-culmine-con-una-iniciativa-de-reforma-al-sistema-de-pensiones-apoyada-por-el-gobierno-federal\/#primaryimage"},"image":{"@id":"https:\/\/coparmexjal.org.mx\/entorno-empresarial\/celebramos-que-el-dialogo-entre-trabajadores-y-empleadores-culmine-con-una-iniciativa-de-reforma-al-sistema-de-pensiones-apoyada-por-el-gobierno-federal\/#primaryimage"},"thumbnailUrl":"https:\/\/coparmexjal.org.mx\/entorno-empresarial\/wp-content\/uploads\/2021\/01\/myriam-jessier-eveI7MOcSmw-unsplash.jpg","datePublished":"2020-07-22T19:13:00+00:00","dateModified":"2021-01-07T20:18:04+00:00","breadcrumb":{"@id":"https:\/\/coparmexjal.org.mx\/entorno-empresarial\/celebramos-que-el-dialogo-entre-trabajadores-y-empleadores-culmine-con-una-iniciativa-de-reforma-al-sistema-de-pensiones-apoyada-por-el-gobierno-federal\/#breadcrumb"},"inLanguage":"es","potentialAction":[{"@type":"ReadAction","target":["https:\/\/coparmexjal.org.mx\/entorno-empresarial\/celebramos-que-el-dialogo-entre-trabajadores-y-empleadores-culmine-con-una-iniciativa-de-reforma-al-sistema-de-pensiones-apoyada-por-el-gobierno-federal\/"]}]},{"@type":"ImageObject","inLanguage":"es","@id":"https:\/\/coparmexjal.org.mx\/entorno-empresarial\/celebramos-que-el-dialogo-entre-trabajadores-y-empleadores-culmine-con-una-iniciativa-de-reforma-al-sistema-de-pensiones-apoyada-por-el-gobierno-federal\/#primaryimage","url":"https:\/\/coparmexjal.org.mx\/entorno-empresarial\/wp-content\/uploads\/2021\/01\/myriam-jessier-eveI7MOcSmw-unsplash.jpg","contentUrl":"https:\/\/coparmexjal.org.mx\/entorno-empresarial\/wp-content\/uploads\/2021\/01\/myriam-jessier-eveI7MOcSmw-unsplash.jpg","width":1200,"height":800},{"@type":"BreadcrumbList","@id":"https:\/\/coparmexjal.org.mx\/entorno-empresarial\/celebramos-que-el-dialogo-entre-trabajadores-y-empleadores-culmine-con-una-iniciativa-de-reforma-al-sistema-de-pensiones-apoyada-por-el-gobierno-federal\/#breadcrumb","itemListElement":[{"@type":"ListItem","position":1,"name":"Inicio","item":"https:\/\/coparmexjal.org.mx\/entorno-empresarial\/"},{"@type":"ListItem","position":2,"name":"Celebramos que el di\u00e1logo entre trabajadores y empleadores culmine con una iniciativa de reforma al Sistema de Pensiones Apoyada por el Gobierno Federal"}]},{"@type":"WebSite","@id":"https:\/\/coparmexjal.org.mx\/entorno-empresarial\/#website","url":"https:\/\/coparmexjal.org.mx\/entorno-empresarial\/","name":"Revista Entorno Empresarial","description":"Coparmex Jalisco","publisher":{"@id":"https:\/\/coparmexjal.org.mx\/entorno-empresarial\/#organization"},"potentialAction":[{"@type":"SearchAction","target":{"@type":"EntryPoint","urlTemplate":"https:\/\/coparmexjal.org.mx\/entorno-empresarial\/?s={search_term_string}"},"query-input":{"@type":"PropertyValueSpecification","valueRequired":true,"valueName":"search_term_string"}}],"inLanguage":"es"},{"@type":"Organization","@id":"https:\/\/coparmexjal.org.mx\/entorno-empresarial\/#organization","name":"Coparmex Jalisco","url":"https:\/\/coparmexjal.org.mx\/entorno-empresarial\/","logo":{"@type":"ImageObject","inLanguage":"es","@id":"https:\/\/coparmexjal.org.mx\/entorno-empresarial\/#\/schema\/logo\/image\/","url":"https:\/\/coparmexjal.org.mx\/entorno-empresarial\/wp-content\/uploads\/2020\/02\/logo-amp.png","contentUrl":"https:\/\/coparmexjal.org.mx\/entorno-empresarial\/wp-content\/uploads\/2020\/02\/logo-amp.png","width":120,"height":90,"caption":"Coparmex Jalisco"},"image":{"@id":"https:\/\/coparmexjal.org.mx\/entorno-empresarial\/#\/schema\/logo\/image\/"},"sameAs":["https:\/\/facebook.com\/comcoparmex","https:\/\/x.com\/comcoparmex","http:\/\/instagram.com\/coparmexjalisco","https:\/\/mx.linkedin.com\/company\/coparmex-jalisco","https:\/\/www.youtube.com\/c\/CoparmexJaliscomx"]},{"@type":"Person","@id":"https:\/\/coparmexjal.org.mx\/entorno-empresarial\/#\/schema\/person\/7d1d56a9587bfb3a725cd3dbfbdb9d44","name":"Coparmex Jalisco","image":{"@type":"ImageObject","inLanguage":"es","@id":"https:\/\/coparmexjal.org.mx\/entorno-empresarial\/wp-content\/uploads\/2020\/06\/favicon-150x133.png","url":"https:\/\/coparmexjal.org.mx\/entorno-empresarial\/wp-content\/uploads\/2020\/06\/favicon-150x133.png","contentUrl":"https:\/\/coparmexjal.org.mx\/entorno-empresarial\/wp-content\/uploads\/2020\/06\/favicon-150x133.png","caption":"Coparmex Jalisco"},"url":"https:\/\/coparmexjal.org.mx\/entorno-empresarial\/author\/coparmexjalisco\/"}]}},"_links":{"self":[{"href":"https:\/\/coparmexjal.org.mx\/entorno-empresarial\/wp-json\/wp\/v2\/posts\/4425","targetHints":{"allow":["GET"]}}],"collection":[{"href":"https:\/\/coparmexjal.org.mx\/entorno-empresarial\/wp-json\/wp\/v2\/posts"}],"about":[{"href":"https:\/\/coparmexjal.org.mx\/entorno-empresarial\/wp-json\/wp\/v2\/types\/post"}],"author":[{"embeddable":true,"href":"https:\/\/coparmexjal.org.mx\/entorno-empresarial\/wp-json\/wp\/v2\/users\/2"}],"replies":[{"embeddable":true,"href":"https:\/\/coparmexjal.org.mx\/entorno-empresarial\/wp-json\/wp\/v2\/comments?post=4425"}],"version-history":[{"count":1,"href":"https:\/\/coparmexjal.org.mx\/entorno-empresarial\/wp-json\/wp\/v2\/posts\/4425\/revisions"}],"predecessor-version":[{"id":4427,"href":"https:\/\/coparmexjal.org.mx\/entorno-empresarial\/wp-json\/wp\/v2\/posts\/4425\/revisions\/4427"}],"wp:featuredmedia":[{"embeddable":true,"href":"https:\/\/coparmexjal.org.mx\/entorno-empresarial\/wp-json\/wp\/v2\/media\/4426"}],"wp:attachment":[{"href":"https:\/\/coparmexjal.org.mx\/entorno-empresarial\/wp-json\/wp\/v2\/media?parent=4425"}],"wp:term":[{"taxonomy":"category","embeddable":true,"href":"https:\/\/coparmexjal.org.mx\/entorno-empresarial\/wp-json\/wp\/v2\/categories?post=4425"},{"taxonomy":"post_tag","embeddable":true,"href":"https:\/\/coparmexjal.org.mx\/entorno-empresarial\/wp-json\/wp\/v2\/tags?post=4425"}],"curies":[{"name":"wp","href":"https:\/\/api.w.org\/{rel}","templated":true}]}}