{"id":4422,"date":"2020-07-08T14:04:00","date_gmt":"2020-07-08T19:04:00","guid":{"rendered":"https:\/\/coparmexjal.org.mx\/entorno-empresarial\/?p=4422"},"modified":"2021-01-07T14:10:27","modified_gmt":"2021-01-07T20:10:27","slug":"hacemos-un-llamado-a-la-conciencia-solo-juntos-lograremos-salir-adelante-coparmex-jalisco","status":"publish","type":"post","link":"https:\/\/coparmexjal.org.mx\/entorno-empresarial\/hacemos-un-llamado-a-la-conciencia-solo-juntos-lograremos-salir-adelante-coparmex-jalisco\/","title":{"rendered":"Hacemos un llamado a la conciencia, solo juntos lograremos salir adelante: Coparmex Jalisco"},"content":{"rendered":"\n<p>Tras el anuncio realizado el d\u00eda de ayer por el Gobernador del estado del cambio en la estrategia de contenci\u00f3n de pandemia, realizamos un llamado a la conciencia de los jaliscienses para no llegar a tomar medidas que no beneficiar\u00edan a nadie.&nbsp;<\/p>\n\n\n\n<p>Desde el inicio de la pandemia las y los empresarios hemos privilegiado la salud de&nbsp; colaboradores, clientes y proveedores y continuaremos en la misma l\u00ednea.&nbsp; En los \u00faltimos d\u00edas las medias de distanciamiento se han relajado en las calles lo que a tra\u00eddo un incremento de los casos, por ello hacemos un llamado a la responsabilidad.&nbsp;<\/p>\n\n\n\n<p>Como empresarios estaremos haciendo un an\u00e1lisis de nuestras empresas con el objetivo de cumplir los protocolos, por otro lado, hacemos un llamado al gobierno para que se haga una inspecci\u00f3n al transporte para garantizar un adecuado servicio, de nada servir\u00e1 un escalonamiento de horarios si el transporte p\u00fablico no funciona de manera adecuada, desde la higiene de los veh\u00edculos, el uso de cubrerbocas por parte de&nbsp; choferes y usuarios, hasta la frecuencia de paso, as\u00ed como el que se respete la ruta establecida.&nbsp;<\/p>\n\n\n\n<p>En Coparmex continuaremos trabajando de la mano con el Gobierno,&nbsp; pero pedimos garantizar que exista coordinaci\u00f3n y claridad en los elementos que se ponen a consideraci\u00f3n para la medici\u00f3n para evitar confusiones al interior de las empresas. &nbsp;<\/p>\n\n\n\n<p>Los empresarios han hecho todo lo que esta en sus manos, pero esto no es trabajo de una sola persona, nos necesitamos todos para salir adelante, salvar los empleos y hacer frente a esta crisis que no es culpa de nadie pero nos afect\u00f3 a todos.&nbsp;<\/p>\n","protected":false},"excerpt":{"rendered":"<p>Tras el anuncio realizado el d\u00eda de ayer por el Gobernador del estado del cambio en la estrategia de contenci\u00f3n de pandemia, realizamos un llamado<\/p>\n","protected":false},"author":2,"featured_media":4423,"comment_status":"open","ping_status":"open","sticky":false,"template":"","format":"standard","meta":{"footnotes":""},"categories":[348],"tags":[405,431,173,689,257,699,674],"class_list":["post-4422","post","type-post","status-publish","format-standard","has-post-thumbnail","hentry","category-noticias","tag-coparmex-jalisco","tag-covid-19","tag-empresas","tag-gobierno-de-jalisco","tag-jalisco","tag-protocolos","tag-salud"],"yoast_head":"<!-- This site is optimized with the Yoast SEO plugin v27.5 - https:\/\/yoast.com\/product\/yoast-seo-wordpress\/ -->\n<title>Hacemos un llamado a la conciencia, solo juntos lograremos salir adelante: Coparmex Jalisco - Entorno Empresarial<\/title>\n<meta name=\"robots\" content=\"index, follow, max-snippet:-1, max-image-preview:large, max-video-preview:-1\" \/>\n<link rel=\"canonical\" href=\"https:\/\/coparmexjal.org.mx\/entorno-empresarial\/hacemos-un-llamado-a-la-conciencia-solo-juntos-lograremos-salir-adelante-coparmex-jalisco\/\" \/>\n<meta property=\"og:locale\" content=\"es_MX\" \/>\n<meta property=\"og:type\" content=\"article\" \/>\n<meta property=\"og:title\" content=\"Hacemos un llamado a la conciencia, solo juntos lograremos salir adelante: Coparmex Jalisco - Entorno Empresarial\" \/>\n<meta property=\"og:description\" content=\"Tras el anuncio realizado el d\u00eda de ayer por el Gobernador del estado del cambio en la estrategia de contenci\u00f3n de pandemia, realizamos un llamado\" \/>\n<meta property=\"og:url\" content=\"https:\/\/coparmexjal.org.mx\/entorno-empresarial\/hacemos-un-llamado-a-la-conciencia-solo-juntos-lograremos-salir-adelante-coparmex-jalisco\/\" \/>\n<meta property=\"og:site_name\" content=\"Entorno Empresarial\" \/>\n<meta property=\"article:publisher\" content=\"https:\/\/facebook.com\/comcoparmex\" \/>\n<meta property=\"article:published_time\" content=\"2020-07-08T19:04:00+00:00\" \/>\n<meta property=\"article:modified_time\" content=\"2021-01-07T20:10:27+00:00\" \/>\n<meta property=\"og:image\" content=\"https:\/\/coparmexjal.org.mx\/entorno-empresarial\/wp-content\/uploads\/2021\/01\/mika-baumeister-6jI4JwI64JI-unsplash.jpg\" \/>\n\t<meta property=\"og:image:width\" content=\"1198\" \/>\n\t<meta property=\"og:image:height\" content=\"800\" \/>\n\t<meta property=\"og:image:type\" content=\"image\/jpeg\" \/>\n<meta name=\"author\" content=\"Coparmex Jalisco\" \/>\n<meta name=\"twitter:card\" content=\"summary_large_image\" \/>\n<meta name=\"twitter:creator\" content=\"@comcoparmex\" \/>\n<meta name=\"twitter:site\" content=\"@comcoparmex\" \/>\n<meta name=\"twitter:label1\" content=\"Escrito por\" \/>\n\t<meta name=\"twitter:data1\" content=\"Coparmex Jalisco\" \/>\n\t<meta name=\"twitter:label2\" content=\"Tiempo de lectura\" \/>\n\t<meta name=\"twitter:data2\" content=\"1 minuto\" \/>\n<script type=\"application\/ld+json\" class=\"yoast-schema-graph\">{\"@context\":\"https:\\\/\\\/schema.org\",\"@graph\":[{\"@type\":\"Article\",\"@id\":\"https:\\\/\\\/coparmexjal.org.mx\\\/entorno-empresarial\\\/hacemos-un-llamado-a-la-conciencia-solo-juntos-lograremos-salir-adelante-coparmex-jalisco\\\/#article\",\"isPartOf\":{\"@id\":\"https:\\\/\\\/coparmexjal.org.mx\\\/entorno-empresarial\\\/hacemos-un-llamado-a-la-conciencia-solo-juntos-lograremos-salir-adelante-coparmex-jalisco\\\/\"},\"author\":{\"name\":\"Coparmex Jalisco\",\"@id\":\"https:\\\/\\\/coparmexjal.org.mx\\\/entorno-empresarial\\\/#\\\/schema\\\/person\\\/7d1d56a9587bfb3a725cd3dbfbdb9d44\"},\"headline\":\"Hacemos un llamado a la conciencia, solo juntos lograremos salir adelante: Coparmex Jalisco\",\"datePublished\":\"2020-07-08T19:04:00+00:00\",\"dateModified\":\"2021-01-07T20:10:27+00:00\",\"mainEntityOfPage\":{\"@id\":\"https:\\\/\\\/coparmexjal.org.mx\\\/entorno-empresarial\\\/hacemos-un-llamado-a-la-conciencia-solo-juntos-lograremos-salir-adelante-coparmex-jalisco\\\/\"},\"wordCount\":299,\"commentCount\":0,\"publisher\":{\"@id\":\"https:\\\/\\\/coparmexjal.org.mx\\\/entorno-empresarial\\\/#organization\"},\"image\":{\"@id\":\"https:\\\/\\\/coparmexjal.org.mx\\\/entorno-empresarial\\\/hacemos-un-llamado-a-la-conciencia-solo-juntos-lograremos-salir-adelante-coparmex-jalisco\\\/#primaryimage\"},\"thumbnailUrl\":\"https:\\\/\\\/coparmexjal.org.mx\\\/entorno-empresarial\\\/wp-content\\\/uploads\\\/2021\\\/01\\\/mika-baumeister-6jI4JwI64JI-unsplash.jpg\",\"keywords\":[\"coparmex jalisco\",\"covid-19\",\"empresas\",\"Gobierno de Jalisco\",\"Jalisco\",\"protocolos\",\"salud\"],\"articleSection\":[\"Noticias\"],\"inLanguage\":\"es\",\"potentialAction\":[{\"@type\":\"CommentAction\",\"name\":\"Comment\",\"target\":[\"https:\\\/\\\/coparmexjal.org.mx\\\/entorno-empresarial\\\/hacemos-un-llamado-a-la-conciencia-solo-juntos-lograremos-salir-adelante-coparmex-jalisco\\\/#respond\"]}]},{\"@type\":\"WebPage\",\"@id\":\"https:\\\/\\\/coparmexjal.org.mx\\\/entorno-empresarial\\\/hacemos-un-llamado-a-la-conciencia-solo-juntos-lograremos-salir-adelante-coparmex-jalisco\\\/\",\"url\":\"https:\\\/\\\/coparmexjal.org.mx\\\/entorno-empresarial\\\/hacemos-un-llamado-a-la-conciencia-solo-juntos-lograremos-salir-adelante-coparmex-jalisco\\\/\",\"name\":\"Hacemos un llamado a la conciencia, solo juntos lograremos salir adelante: Coparmex Jalisco - Entorno Empresarial\",\"isPartOf\":{\"@id\":\"https:\\\/\\\/coparmexjal.org.mx\\\/entorno-empresarial\\\/#website\"},\"primaryImageOfPage\":{\"@id\":\"https:\\\/\\\/coparmexjal.org.mx\\\/entorno-empresarial\\\/hacemos-un-llamado-a-la-conciencia-solo-juntos-lograremos-salir-adelante-coparmex-jalisco\\\/#primaryimage\"},\"image\":{\"@id\":\"https:\\\/\\\/coparmexjal.org.mx\\\/entorno-empresarial\\\/hacemos-un-llamado-a-la-conciencia-solo-juntos-lograremos-salir-adelante-coparmex-jalisco\\\/#primaryimage\"},\"thumbnailUrl\":\"https:\\\/\\\/coparmexjal.org.mx\\\/entorno-empresarial\\\/wp-content\\\/uploads\\\/2021\\\/01\\\/mika-baumeister-6jI4JwI64JI-unsplash.jpg\",\"datePublished\":\"2020-07-08T19:04:00+00:00\",\"dateModified\":\"2021-01-07T20:10:27+00:00\",\"breadcrumb\":{\"@id\":\"https:\\\/\\\/coparmexjal.org.mx\\\/entorno-empresarial\\\/hacemos-un-llamado-a-la-conciencia-solo-juntos-lograremos-salir-adelante-coparmex-jalisco\\\/#breadcrumb\"},\"inLanguage\":\"es\",\"potentialAction\":[{\"@type\":\"ReadAction\",\"target\":[\"https:\\\/\\\/coparmexjal.org.mx\\\/entorno-empresarial\\\/hacemos-un-llamado-a-la-conciencia-solo-juntos-lograremos-salir-adelante-coparmex-jalisco\\\/\"]}]},{\"@type\":\"ImageObject\",\"inLanguage\":\"es\",\"@id\":\"https:\\\/\\\/coparmexjal.org.mx\\\/entorno-empresarial\\\/hacemos-un-llamado-a-la-conciencia-solo-juntos-lograremos-salir-adelante-coparmex-jalisco\\\/#primaryimage\",\"url\":\"https:\\\/\\\/coparmexjal.org.mx\\\/entorno-empresarial\\\/wp-content\\\/uploads\\\/2021\\\/01\\\/mika-baumeister-6jI4JwI64JI-unsplash.jpg\",\"contentUrl\":\"https:\\\/\\\/coparmexjal.org.mx\\\/entorno-empresarial\\\/wp-content\\\/uploads\\\/2021\\\/01\\\/mika-baumeister-6jI4JwI64JI-unsplash.jpg\",\"width\":1198,\"height\":800},{\"@type\":\"BreadcrumbList\",\"@id\":\"https:\\\/\\\/coparmexjal.org.mx\\\/entorno-empresarial\\\/hacemos-un-llamado-a-la-conciencia-solo-juntos-lograremos-salir-adelante-coparmex-jalisco\\\/#breadcrumb\",\"itemListElement\":[{\"@type\":\"ListItem\",\"position\":1,\"name\":\"Inicio\",\"item\":\"https:\\\/\\\/coparmexjal.org.mx\\\/entorno-empresarial\\\/\"},{\"@type\":\"ListItem\",\"position\":2,\"name\":\"Hacemos un llamado a la conciencia, solo juntos lograremos salir adelante: Coparmex Jalisco\"}]},{\"@type\":\"WebSite\",\"@id\":\"https:\\\/\\\/coparmexjal.org.mx\\\/entorno-empresarial\\\/#website\",\"url\":\"https:\\\/\\\/coparmexjal.org.mx\\\/entorno-empresarial\\\/\",\"name\":\"Revista Entorno Empresarial\",\"description\":\"Coparmex Jalisco\",\"publisher\":{\"@id\":\"https:\\\/\\\/coparmexjal.org.mx\\\/entorno-empresarial\\\/#organization\"},\"potentialAction\":[{\"@type\":\"SearchAction\",\"target\":{\"@type\":\"EntryPoint\",\"urlTemplate\":\"https:\\\/\\\/coparmexjal.org.mx\\\/entorno-empresarial\\\/?s={search_term_string}\"},\"query-input\":{\"@type\":\"PropertyValueSpecification\",\"valueRequired\":true,\"valueName\":\"search_term_string\"}}],\"inLanguage\":\"es\"},{\"@type\":\"Organization\",\"@id\":\"https:\\\/\\\/coparmexjal.org.mx\\\/entorno-empresarial\\\/#organization\",\"name\":\"Coparmex Jalisco\",\"url\":\"https:\\\/\\\/coparmexjal.org.mx\\\/entorno-empresarial\\\/\",\"logo\":{\"@type\":\"ImageObject\",\"inLanguage\":\"es\",\"@id\":\"https:\\\/\\\/coparmexjal.org.mx\\\/entorno-empresarial\\\/#\\\/schema\\\/logo\\\/image\\\/\",\"url\":\"https:\\\/\\\/coparmexjal.org.mx\\\/entorno-empresarial\\\/wp-content\\\/uploads\\\/2020\\\/02\\\/logo-amp.png\",\"contentUrl\":\"https:\\\/\\\/coparmexjal.org.mx\\\/entorno-empresarial\\\/wp-content\\\/uploads\\\/2020\\\/02\\\/logo-amp.png\",\"width\":120,\"height\":90,\"caption\":\"Coparmex Jalisco\"},\"image\":{\"@id\":\"https:\\\/\\\/coparmexjal.org.mx\\\/entorno-empresarial\\\/#\\\/schema\\\/logo\\\/image\\\/\"},\"sameAs\":[\"https:\\\/\\\/facebook.com\\\/comcoparmex\",\"https:\\\/\\\/x.com\\\/comcoparmex\",\"http:\\\/\\\/instagram.com\\\/coparmexjalisco\",\"https:\\\/\\\/mx.linkedin.com\\\/company\\\/coparmex-jalisco\",\"https:\\\/\\\/www.youtube.com\\\/c\\\/CoparmexJaliscomx\"]},{\"@type\":\"Person\",\"@id\":\"https:\\\/\\\/coparmexjal.org.mx\\\/entorno-empresarial\\\/#\\\/schema\\\/person\\\/7d1d56a9587bfb3a725cd3dbfbdb9d44\",\"name\":\"Coparmex Jalisco\",\"image\":{\"@type\":\"ImageObject\",\"inLanguage\":\"es\",\"@id\":\"https:\\\/\\\/coparmexjal.org.mx\\\/entorno-empresarial\\\/wp-content\\\/uploads\\\/2020\\\/06\\\/favicon-150x133.png\",\"url\":\"https:\\\/\\\/coparmexjal.org.mx\\\/entorno-empresarial\\\/wp-content\\\/uploads\\\/2020\\\/06\\\/favicon-150x133.png\",\"contentUrl\":\"https:\\\/\\\/coparmexjal.org.mx\\\/entorno-empresarial\\\/wp-content\\\/uploads\\\/2020\\\/06\\\/favicon-150x133.png\",\"caption\":\"Coparmex Jalisco\"},\"url\":\"https:\\\/\\\/coparmexjal.org.mx\\\/entorno-empresarial\\\/author\\\/coparmexjalisco\\\/\"}]}<\/script>\n<!-- \/ Yoast SEO plugin. -->","yoast_head_json":{"title":"Hacemos un llamado a la conciencia, solo juntos lograremos salir adelante: Coparmex Jalisco - Entorno Empresarial","robots":{"index":"index","follow":"follow","max-snippet":"max-snippet:-1","max-image-preview":"max-image-preview:large","max-video-preview":"max-video-preview:-1"},"canonical":"https:\/\/coparmexjal.org.mx\/entorno-empresarial\/hacemos-un-llamado-a-la-conciencia-solo-juntos-lograremos-salir-adelante-coparmex-jalisco\/","og_locale":"es_MX","og_type":"article","og_title":"Hacemos un llamado a la conciencia, solo juntos lograremos salir adelante: Coparmex Jalisco - Entorno Empresarial","og_description":"Tras el anuncio realizado el d\u00eda de ayer por el Gobernador del estado del cambio en la estrategia de contenci\u00f3n de pandemia, realizamos un llamado","og_url":"https:\/\/coparmexjal.org.mx\/entorno-empresarial\/hacemos-un-llamado-a-la-conciencia-solo-juntos-lograremos-salir-adelante-coparmex-jalisco\/","og_site_name":"Entorno Empresarial","article_publisher":"https:\/\/facebook.com\/comcoparmex","article_published_time":"2020-07-08T19:04:00+00:00","article_modified_time":"2021-01-07T20:10:27+00:00","og_image":[{"width":1198,"height":800,"url":"https:\/\/coparmexjal.org.mx\/entorno-empresarial\/wp-content\/uploads\/2021\/01\/mika-baumeister-6jI4JwI64JI-unsplash.jpg","type":"image\/jpeg"}],"author":"Coparmex Jalisco","twitter_card":"summary_large_image","twitter_creator":"@comcoparmex","twitter_site":"@comcoparmex","twitter_misc":{"Escrito por":"Coparmex Jalisco","Tiempo de lectura":"1 minuto"},"schema":{"@context":"https:\/\/schema.org","@graph":[{"@type":"Article","@id":"https:\/\/coparmexjal.org.mx\/entorno-empresarial\/hacemos-un-llamado-a-la-conciencia-solo-juntos-lograremos-salir-adelante-coparmex-jalisco\/#article","isPartOf":{"@id":"https:\/\/coparmexjal.org.mx\/entorno-empresarial\/hacemos-un-llamado-a-la-conciencia-solo-juntos-lograremos-salir-adelante-coparmex-jalisco\/"},"author":{"name":"Coparmex Jalisco","@id":"https:\/\/coparmexjal.org.mx\/entorno-empresarial\/#\/schema\/person\/7d1d56a9587bfb3a725cd3dbfbdb9d44"},"headline":"Hacemos un llamado a la conciencia, solo juntos lograremos salir adelante: Coparmex Jalisco","datePublished":"2020-07-08T19:04:00+00:00","dateModified":"2021-01-07T20:10:27+00:00","mainEntityOfPage":{"@id":"https:\/\/coparmexjal.org.mx\/entorno-empresarial\/hacemos-un-llamado-a-la-conciencia-solo-juntos-lograremos-salir-adelante-coparmex-jalisco\/"},"wordCount":299,"commentCount":0,"publisher":{"@id":"https:\/\/coparmexjal.org.mx\/entorno-empresarial\/#organization"},"image":{"@id":"https:\/\/coparmexjal.org.mx\/entorno-empresarial\/hacemos-un-llamado-a-la-conciencia-solo-juntos-lograremos-salir-adelante-coparmex-jalisco\/#primaryimage"},"thumbnailUrl":"https:\/\/coparmexjal.org.mx\/entorno-empresarial\/wp-content\/uploads\/2021\/01\/mika-baumeister-6jI4JwI64JI-unsplash.jpg","keywords":["coparmex jalisco","covid-19","empresas","Gobierno de Jalisco","Jalisco","protocolos","salud"],"articleSection":["Noticias"],"inLanguage":"es","potentialAction":[{"@type":"CommentAction","name":"Comment","target":["https:\/\/coparmexjal.org.mx\/entorno-empresarial\/hacemos-un-llamado-a-la-conciencia-solo-juntos-lograremos-salir-adelante-coparmex-jalisco\/#respond"]}]},{"@type":"WebPage","@id":"https:\/\/coparmexjal.org.mx\/entorno-empresarial\/hacemos-un-llamado-a-la-conciencia-solo-juntos-lograremos-salir-adelante-coparmex-jalisco\/","url":"https:\/\/coparmexjal.org.mx\/entorno-empresarial\/hacemos-un-llamado-a-la-conciencia-solo-juntos-lograremos-salir-adelante-coparmex-jalisco\/","name":"Hacemos un llamado a la conciencia, solo juntos lograremos salir adelante: Coparmex Jalisco - Entorno Empresarial","isPartOf":{"@id":"https:\/\/coparmexjal.org.mx\/entorno-empresarial\/#website"},"primaryImageOfPage":{"@id":"https:\/\/coparmexjal.org.mx\/entorno-empresarial\/hacemos-un-llamado-a-la-conciencia-solo-juntos-lograremos-salir-adelante-coparmex-jalisco\/#primaryimage"},"image":{"@id":"https:\/\/coparmexjal.org.mx\/entorno-empresarial\/hacemos-un-llamado-a-la-conciencia-solo-juntos-lograremos-salir-adelante-coparmex-jalisco\/#primaryimage"},"thumbnailUrl":"https:\/\/coparmexjal.org.mx\/entorno-empresarial\/wp-content\/uploads\/2021\/01\/mika-baumeister-6jI4JwI64JI-unsplash.jpg","datePublished":"2020-07-08T19:04:00+00:00","dateModified":"2021-01-07T20:10:27+00:00","breadcrumb":{"@id":"https:\/\/coparmexjal.org.mx\/entorno-empresarial\/hacemos-un-llamado-a-la-conciencia-solo-juntos-lograremos-salir-adelante-coparmex-jalisco\/#breadcrumb"},"inLanguage":"es","potentialAction":[{"@type":"ReadAction","target":["https:\/\/coparmexjal.org.mx\/entorno-empresarial\/hacemos-un-llamado-a-la-conciencia-solo-juntos-lograremos-salir-adelante-coparmex-jalisco\/"]}]},{"@type":"ImageObject","inLanguage":"es","@id":"https:\/\/coparmexjal.org.mx\/entorno-empresarial\/hacemos-un-llamado-a-la-conciencia-solo-juntos-lograremos-salir-adelante-coparmex-jalisco\/#primaryimage","url":"https:\/\/coparmexjal.org.mx\/entorno-empresarial\/wp-content\/uploads\/2021\/01\/mika-baumeister-6jI4JwI64JI-unsplash.jpg","contentUrl":"https:\/\/coparmexjal.org.mx\/entorno-empresarial\/wp-content\/uploads\/2021\/01\/mika-baumeister-6jI4JwI64JI-unsplash.jpg","width":1198,"height":800},{"@type":"BreadcrumbList","@id":"https:\/\/coparmexjal.org.mx\/entorno-empresarial\/hacemos-un-llamado-a-la-conciencia-solo-juntos-lograremos-salir-adelante-coparmex-jalisco\/#breadcrumb","itemListElement":[{"@type":"ListItem","position":1,"name":"Inicio","item":"https:\/\/coparmexjal.org.mx\/entorno-empresarial\/"},{"@type":"ListItem","position":2,"name":"Hacemos un llamado a la conciencia, solo juntos lograremos salir adelante: Coparmex Jalisco"}]},{"@type":"WebSite","@id":"https:\/\/coparmexjal.org.mx\/entorno-empresarial\/#website","url":"https:\/\/coparmexjal.org.mx\/entorno-empresarial\/","name":"Revista Entorno Empresarial","description":"Coparmex Jalisco","publisher":{"@id":"https:\/\/coparmexjal.org.mx\/entorno-empresarial\/#organization"},"potentialAction":[{"@type":"SearchAction","target":{"@type":"EntryPoint","urlTemplate":"https:\/\/coparmexjal.org.mx\/entorno-empresarial\/?s={search_term_string}"},"query-input":{"@type":"PropertyValueSpecification","valueRequired":true,"valueName":"search_term_string"}}],"inLanguage":"es"},{"@type":"Organization","@id":"https:\/\/coparmexjal.org.mx\/entorno-empresarial\/#organization","name":"Coparmex Jalisco","url":"https:\/\/coparmexjal.org.mx\/entorno-empresarial\/","logo":{"@type":"ImageObject","inLanguage":"es","@id":"https:\/\/coparmexjal.org.mx\/entorno-empresarial\/#\/schema\/logo\/image\/","url":"https:\/\/coparmexjal.org.mx\/entorno-empresarial\/wp-content\/uploads\/2020\/02\/logo-amp.png","contentUrl":"https:\/\/coparmexjal.org.mx\/entorno-empresarial\/wp-content\/uploads\/2020\/02\/logo-amp.png","width":120,"height":90,"caption":"Coparmex Jalisco"},"image":{"@id":"https:\/\/coparmexjal.org.mx\/entorno-empresarial\/#\/schema\/logo\/image\/"},"sameAs":["https:\/\/facebook.com\/comcoparmex","https:\/\/x.com\/comcoparmex","http:\/\/instagram.com\/coparmexjalisco","https:\/\/mx.linkedin.com\/company\/coparmex-jalisco","https:\/\/www.youtube.com\/c\/CoparmexJaliscomx"]},{"@type":"Person","@id":"https:\/\/coparmexjal.org.mx\/entorno-empresarial\/#\/schema\/person\/7d1d56a9587bfb3a725cd3dbfbdb9d44","name":"Coparmex Jalisco","image":{"@type":"ImageObject","inLanguage":"es","@id":"https:\/\/coparmexjal.org.mx\/entorno-empresarial\/wp-content\/uploads\/2020\/06\/favicon-150x133.png","url":"https:\/\/coparmexjal.org.mx\/entorno-empresarial\/wp-content\/uploads\/2020\/06\/favicon-150x133.png","contentUrl":"https:\/\/coparmexjal.org.mx\/entorno-empresarial\/wp-content\/uploads\/2020\/06\/favicon-150x133.png","caption":"Coparmex Jalisco"},"url":"https:\/\/coparmexjal.org.mx\/entorno-empresarial\/author\/coparmexjalisco\/"}]}},"_links":{"self":[{"href":"https:\/\/coparmexjal.org.mx\/entorno-empresarial\/wp-json\/wp\/v2\/posts\/4422","targetHints":{"allow":["GET"]}}],"collection":[{"href":"https:\/\/coparmexjal.org.mx\/entorno-empresarial\/wp-json\/wp\/v2\/posts"}],"about":[{"href":"https:\/\/coparmexjal.org.mx\/entorno-empresarial\/wp-json\/wp\/v2\/types\/post"}],"author":[{"embeddable":true,"href":"https:\/\/coparmexjal.org.mx\/entorno-empresarial\/wp-json\/wp\/v2\/users\/2"}],"replies":[{"embeddable":true,"href":"https:\/\/coparmexjal.org.mx\/entorno-empresarial\/wp-json\/wp\/v2\/comments?post=4422"}],"version-history":[{"count":1,"href":"https:\/\/coparmexjal.org.mx\/entorno-empresarial\/wp-json\/wp\/v2\/posts\/4422\/revisions"}],"predecessor-version":[{"id":4424,"href":"https:\/\/coparmexjal.org.mx\/entorno-empresarial\/wp-json\/wp\/v2\/posts\/4422\/revisions\/4424"}],"wp:featuredmedia":[{"embeddable":true,"href":"https:\/\/coparmexjal.org.mx\/entorno-empresarial\/wp-json\/wp\/v2\/media\/4423"}],"wp:attachment":[{"href":"https:\/\/coparmexjal.org.mx\/entorno-empresarial\/wp-json\/wp\/v2\/media?parent=4422"}],"wp:term":[{"taxonomy":"category","embeddable":true,"href":"https:\/\/coparmexjal.org.mx\/entorno-empresarial\/wp-json\/wp\/v2\/categories?post=4422"},{"taxonomy":"post_tag","embeddable":true,"href":"https:\/\/coparmexjal.org.mx\/entorno-empresarial\/wp-json\/wp\/v2\/tags?post=4422"}],"curies":[{"name":"wp","href":"https:\/\/api.w.org\/{rel}","templated":true}]}}