{"id":4419,"date":"2020-10-20T13:59:00","date_gmt":"2020-10-20T18:59:00","guid":{"rendered":"https:\/\/coparmexjal.org.mx\/entorno-empresarial\/?p=4419"},"modified":"2021-01-07T14:02:45","modified_gmt":"2021-01-07T20:02:45","slug":"hasta-60-mil-empleos-menos-al-cierre-del-ano-coparmex-jalisco","status":"publish","type":"post","link":"https:\/\/coparmexjal.org.mx\/entorno-empresarial\/hasta-60-mil-empleos-menos-al-cierre-del-ano-coparmex-jalisco\/","title":{"rendered":"Hasta 60 mil empleos menos al cierre del a\u00f1o: Coparmex Jalisco"},"content":{"rendered":"\n<p>En Jalisco, los efectos de la pandemia se han visto reflejados en la generaci\u00f3n de empleo. En t\u00e9rminos acumulados <strong>de enero a septiembre hemos perdido -43 mil 78 empleos<\/strong>, durante los meses de pandemia, es decir de <strong>marzo a septiembre acumulamos -68 mil 305 plazas<\/strong>, para el mes de <strong>septiembre tenemos n\u00fameros positivos con 11 mil 165 nuevos puestos laborales.&nbsp;<\/strong><\/p>\n\n\n\n<p>En julio y con <strong>datos del primer semestre, Coparmex Jalisco<\/strong> estimaba una <strong>p\u00e9rdida de -110 mil empleos<\/strong> al cierre de 2020, derivado de las condiciones tanto internacionales como nacionales, adicional a los efectos negativos de las medidas de distanciamiento social y el poco apoyo del gobierno federal.&nbsp;<\/p>\n\n\n\n<p>Bajo este contexto, el <strong>Observatorio del Empleo<\/strong> dio seguimiento al comportamiento del empleo por lo que realizamos una segunda estimaci\u00f3n al cierre del a\u00f1o destacando lo siguiente:&nbsp;<\/p>\n\n\n\n<ul class=\"wp-block-list\"><li>Se han generado <strong>27 mil empleos en agosto y septiembre, <\/strong>meses en donde se ha avanzado en la activaci\u00f3n econ\u00f3mica<\/li><li>De e<strong>nero a septiembre<\/strong> los municipios con mayor generaci\u00f3n de empleo son: <strong>Tepatitl\u00e1n de Morelos, Atotonilco el Alto y El Arenal<\/strong><\/li><li><strong>Zapopan, Guadalajara y Puerto Vallarta<\/strong>, son los que tiene menor generaci\u00f3n de empleo <strong>durante los primeros 9 meses del a\u00f1o<\/strong><\/li><\/ul>\n\n\n\n<p>La <strong>generaci\u00f3n de empleo durante dos meses consecutivos<\/strong> ha colocado a Jalisco como l<strong>a segunda entidad m\u00e1s din\u00e1mica desde que inici\u00f3 la reactivaci\u00f3n econ\u00f3mica<\/strong>, sin embargo, pese a que comienza la generaci\u00f3n de empleo en sectores que se hab\u00edan visto afectados por la pandemia a\u00fan no estamos en condiciones de hablar de una recuperaci\u00f3n del empleo ya que solo se han generado <strong>una tercera parte de lo que se ha perdido en los \u00faltimos 7 meses<\/strong>.&nbsp;<\/p>\n\n\n\n<p>Los factores en listados con anterioridad dan como resultado el ajuste en la expectativa de empleo con una proyecci\u00f3n de dos escenarios.&nbsp;<\/p>\n\n\n\n<ul class=\"wp-block-list\"><li><strong>De continuar con las condiciones de nueva normalidad<\/strong> se espera una expectativa de <strong>-60 mil empleos&nbsp; al cierre del a\u00f1o<\/strong><\/li><li>De llegar a activarse <strong>el Bot\u00f3n de Emergencia y tener que parar las actividades econ\u00f3micas de forma parcial por 15 d\u00edas<\/strong>, habr\u00eda un impacto negativo al empleo y por lo tanto se estima una p\u00e9rdida <strong>&#8211; 80 mil empleos para finales de 2020<\/strong><\/li><\/ul>\n\n\n\n<p>Es primordial continuar con el trabajo en conjunto de los sindicatos, las empresas y el gobierno, as\u00ed como el apoyo de la ciudadan\u00eda para evitar un mayor n\u00famero de contagios.&nbsp;<\/p>\n\n\n\n<p>Por otro lado reiteramos nuestro llamado al Gobierno Federal, es urgente el apoyo ya que las capacidades locales no son suficientes para el tama\u00f1o de la emergencia que hoy compromete el empleo y el ingreso de miles de familias.&nbsp;<\/p>\n","protected":false},"excerpt":{"rendered":"<p>En Jalisco, los efectos de la pandemia se han visto reflejados en la generaci\u00f3n de empleo. En t\u00e9rminos acumulados de enero a septiembre hemos perdido<\/p>\n","protected":false},"author":2,"featured_media":4420,"comment_status":"open","ping_status":"open","sticky":false,"template":"","format":"standard","meta":{"footnotes":""},"categories":[348],"tags":[654,441,257,698],"class_list":["post-4419","post","type-post","status-publish","format-standard","has-post-thumbnail","hentry","category-noticias","tag-boton-emergencia","tag-empleo","tag-jalisco","tag-observatorio-del-empleo"],"yoast_head":"<!-- This site is optimized with the Yoast SEO plugin v27.5 - https:\/\/yoast.com\/product\/yoast-seo-wordpress\/ -->\n<title>Hasta 60 mil empleos menos al cierre del a\u00f1o: Coparmex Jalisco - Entorno Empresarial<\/title>\n<meta name=\"robots\" content=\"index, follow, max-snippet:-1, max-image-preview:large, max-video-preview:-1\" \/>\n<link rel=\"canonical\" href=\"https:\/\/coparmexjal.org.mx\/entorno-empresarial\/hasta-60-mil-empleos-menos-al-cierre-del-ano-coparmex-jalisco\/\" \/>\n<meta property=\"og:locale\" content=\"es_MX\" \/>\n<meta property=\"og:type\" content=\"article\" \/>\n<meta property=\"og:title\" content=\"Hasta 60 mil empleos menos al cierre del a\u00f1o: Coparmex Jalisco - Entorno Empresarial\" \/>\n<meta property=\"og:description\" content=\"En Jalisco, los efectos de la pandemia se han visto reflejados en la generaci\u00f3n de empleo. En t\u00e9rminos acumulados de enero a septiembre hemos perdido\" \/>\n<meta property=\"og:url\" content=\"https:\/\/coparmexjal.org.mx\/entorno-empresarial\/hasta-60-mil-empleos-menos-al-cierre-del-ano-coparmex-jalisco\/\" \/>\n<meta property=\"og:site_name\" content=\"Entorno Empresarial\" \/>\n<meta property=\"article:publisher\" content=\"https:\/\/facebook.com\/comcoparmex\" \/>\n<meta property=\"article:published_time\" content=\"2020-10-20T18:59:00+00:00\" \/>\n<meta property=\"article:modified_time\" content=\"2021-01-07T20:02:45+00:00\" \/>\n<meta property=\"og:image\" content=\"https:\/\/coparmexjal.org.mx\/entorno-empresarial\/wp-content\/uploads\/2021\/01\/scott-graham-5fNmWej4tAA-unsplash.jpg\" \/>\n\t<meta property=\"og:image:width\" content=\"1199\" \/>\n\t<meta property=\"og:image:height\" content=\"800\" \/>\n\t<meta property=\"og:image:type\" content=\"image\/jpeg\" \/>\n<meta name=\"author\" content=\"Coparmex Jalisco\" \/>\n<meta name=\"twitter:card\" content=\"summary_large_image\" \/>\n<meta name=\"twitter:creator\" content=\"@comcoparmex\" \/>\n<meta name=\"twitter:site\" content=\"@comcoparmex\" \/>\n<meta name=\"twitter:label1\" content=\"Escrito por\" \/>\n\t<meta name=\"twitter:data1\" content=\"Coparmex Jalisco\" \/>\n\t<meta name=\"twitter:label2\" content=\"Tiempo de lectura\" \/>\n\t<meta name=\"twitter:data2\" content=\"2 minutos\" \/>\n<script type=\"application\/ld+json\" class=\"yoast-schema-graph\">{\"@context\":\"https:\\\/\\\/schema.org\",\"@graph\":[{\"@type\":\"Article\",\"@id\":\"https:\\\/\\\/coparmexjal.org.mx\\\/entorno-empresarial\\\/hasta-60-mil-empleos-menos-al-cierre-del-ano-coparmex-jalisco\\\/#article\",\"isPartOf\":{\"@id\":\"https:\\\/\\\/coparmexjal.org.mx\\\/entorno-empresarial\\\/hasta-60-mil-empleos-menos-al-cierre-del-ano-coparmex-jalisco\\\/\"},\"author\":{\"name\":\"Coparmex Jalisco\",\"@id\":\"https:\\\/\\\/coparmexjal.org.mx\\\/entorno-empresarial\\\/#\\\/schema\\\/person\\\/7d1d56a9587bfb3a725cd3dbfbdb9d44\"},\"headline\":\"Hasta 60 mil empleos menos al cierre del a\u00f1o: Coparmex Jalisco\",\"datePublished\":\"2020-10-20T18:59:00+00:00\",\"dateModified\":\"2021-01-07T20:02:45+00:00\",\"mainEntityOfPage\":{\"@id\":\"https:\\\/\\\/coparmexjal.org.mx\\\/entorno-empresarial\\\/hasta-60-mil-empleos-menos-al-cierre-del-ano-coparmex-jalisco\\\/\"},\"wordCount\":464,\"commentCount\":0,\"publisher\":{\"@id\":\"https:\\\/\\\/coparmexjal.org.mx\\\/entorno-empresarial\\\/#organization\"},\"image\":{\"@id\":\"https:\\\/\\\/coparmexjal.org.mx\\\/entorno-empresarial\\\/hasta-60-mil-empleos-menos-al-cierre-del-ano-coparmex-jalisco\\\/#primaryimage\"},\"thumbnailUrl\":\"https:\\\/\\\/coparmexjal.org.mx\\\/entorno-empresarial\\\/wp-content\\\/uploads\\\/2021\\\/01\\\/scott-graham-5fNmWej4tAA-unsplash.jpg\",\"keywords\":[\"bot\u00f3n emergencia\",\"empleo\",\"Jalisco\",\"Observatorio del empleo\"],\"articleSection\":[\"Noticias\"],\"inLanguage\":\"es\",\"potentialAction\":[{\"@type\":\"CommentAction\",\"name\":\"Comment\",\"target\":[\"https:\\\/\\\/coparmexjal.org.mx\\\/entorno-empresarial\\\/hasta-60-mil-empleos-menos-al-cierre-del-ano-coparmex-jalisco\\\/#respond\"]}]},{\"@type\":\"WebPage\",\"@id\":\"https:\\\/\\\/coparmexjal.org.mx\\\/entorno-empresarial\\\/hasta-60-mil-empleos-menos-al-cierre-del-ano-coparmex-jalisco\\\/\",\"url\":\"https:\\\/\\\/coparmexjal.org.mx\\\/entorno-empresarial\\\/hasta-60-mil-empleos-menos-al-cierre-del-ano-coparmex-jalisco\\\/\",\"name\":\"Hasta 60 mil empleos menos al cierre del a\u00f1o: Coparmex Jalisco - Entorno Empresarial\",\"isPartOf\":{\"@id\":\"https:\\\/\\\/coparmexjal.org.mx\\\/entorno-empresarial\\\/#website\"},\"primaryImageOfPage\":{\"@id\":\"https:\\\/\\\/coparmexjal.org.mx\\\/entorno-empresarial\\\/hasta-60-mil-empleos-menos-al-cierre-del-ano-coparmex-jalisco\\\/#primaryimage\"},\"image\":{\"@id\":\"https:\\\/\\\/coparmexjal.org.mx\\\/entorno-empresarial\\\/hasta-60-mil-empleos-menos-al-cierre-del-ano-coparmex-jalisco\\\/#primaryimage\"},\"thumbnailUrl\":\"https:\\\/\\\/coparmexjal.org.mx\\\/entorno-empresarial\\\/wp-content\\\/uploads\\\/2021\\\/01\\\/scott-graham-5fNmWej4tAA-unsplash.jpg\",\"datePublished\":\"2020-10-20T18:59:00+00:00\",\"dateModified\":\"2021-01-07T20:02:45+00:00\",\"breadcrumb\":{\"@id\":\"https:\\\/\\\/coparmexjal.org.mx\\\/entorno-empresarial\\\/hasta-60-mil-empleos-menos-al-cierre-del-ano-coparmex-jalisco\\\/#breadcrumb\"},\"inLanguage\":\"es\",\"potentialAction\":[{\"@type\":\"ReadAction\",\"target\":[\"https:\\\/\\\/coparmexjal.org.mx\\\/entorno-empresarial\\\/hasta-60-mil-empleos-menos-al-cierre-del-ano-coparmex-jalisco\\\/\"]}]},{\"@type\":\"ImageObject\",\"inLanguage\":\"es\",\"@id\":\"https:\\\/\\\/coparmexjal.org.mx\\\/entorno-empresarial\\\/hasta-60-mil-empleos-menos-al-cierre-del-ano-coparmex-jalisco\\\/#primaryimage\",\"url\":\"https:\\\/\\\/coparmexjal.org.mx\\\/entorno-empresarial\\\/wp-content\\\/uploads\\\/2021\\\/01\\\/scott-graham-5fNmWej4tAA-unsplash.jpg\",\"contentUrl\":\"https:\\\/\\\/coparmexjal.org.mx\\\/entorno-empresarial\\\/wp-content\\\/uploads\\\/2021\\\/01\\\/scott-graham-5fNmWej4tAA-unsplash.jpg\",\"width\":1199,\"height\":800},{\"@type\":\"BreadcrumbList\",\"@id\":\"https:\\\/\\\/coparmexjal.org.mx\\\/entorno-empresarial\\\/hasta-60-mil-empleos-menos-al-cierre-del-ano-coparmex-jalisco\\\/#breadcrumb\",\"itemListElement\":[{\"@type\":\"ListItem\",\"position\":1,\"name\":\"Inicio\",\"item\":\"https:\\\/\\\/coparmexjal.org.mx\\\/entorno-empresarial\\\/\"},{\"@type\":\"ListItem\",\"position\":2,\"name\":\"Hasta 60 mil empleos menos al cierre del a\u00f1o: Coparmex Jalisco\"}]},{\"@type\":\"WebSite\",\"@id\":\"https:\\\/\\\/coparmexjal.org.mx\\\/entorno-empresarial\\\/#website\",\"url\":\"https:\\\/\\\/coparmexjal.org.mx\\\/entorno-empresarial\\\/\",\"name\":\"Revista Entorno Empresarial\",\"description\":\"Coparmex Jalisco\",\"publisher\":{\"@id\":\"https:\\\/\\\/coparmexjal.org.mx\\\/entorno-empresarial\\\/#organization\"},\"potentialAction\":[{\"@type\":\"SearchAction\",\"target\":{\"@type\":\"EntryPoint\",\"urlTemplate\":\"https:\\\/\\\/coparmexjal.org.mx\\\/entorno-empresarial\\\/?s={search_term_string}\"},\"query-input\":{\"@type\":\"PropertyValueSpecification\",\"valueRequired\":true,\"valueName\":\"search_term_string\"}}],\"inLanguage\":\"es\"},{\"@type\":\"Organization\",\"@id\":\"https:\\\/\\\/coparmexjal.org.mx\\\/entorno-empresarial\\\/#organization\",\"name\":\"Coparmex Jalisco\",\"url\":\"https:\\\/\\\/coparmexjal.org.mx\\\/entorno-empresarial\\\/\",\"logo\":{\"@type\":\"ImageObject\",\"inLanguage\":\"es\",\"@id\":\"https:\\\/\\\/coparmexjal.org.mx\\\/entorno-empresarial\\\/#\\\/schema\\\/logo\\\/image\\\/\",\"url\":\"https:\\\/\\\/coparmexjal.org.mx\\\/entorno-empresarial\\\/wp-content\\\/uploads\\\/2020\\\/02\\\/logo-amp.png\",\"contentUrl\":\"https:\\\/\\\/coparmexjal.org.mx\\\/entorno-empresarial\\\/wp-content\\\/uploads\\\/2020\\\/02\\\/logo-amp.png\",\"width\":120,\"height\":90,\"caption\":\"Coparmex Jalisco\"},\"image\":{\"@id\":\"https:\\\/\\\/coparmexjal.org.mx\\\/entorno-empresarial\\\/#\\\/schema\\\/logo\\\/image\\\/\"},\"sameAs\":[\"https:\\\/\\\/facebook.com\\\/comcoparmex\",\"https:\\\/\\\/x.com\\\/comcoparmex\",\"http:\\\/\\\/instagram.com\\\/coparmexjalisco\",\"https:\\\/\\\/mx.linkedin.com\\\/company\\\/coparmex-jalisco\",\"https:\\\/\\\/www.youtube.com\\\/c\\\/CoparmexJaliscomx\"]},{\"@type\":\"Person\",\"@id\":\"https:\\\/\\\/coparmexjal.org.mx\\\/entorno-empresarial\\\/#\\\/schema\\\/person\\\/7d1d56a9587bfb3a725cd3dbfbdb9d44\",\"name\":\"Coparmex Jalisco\",\"image\":{\"@type\":\"ImageObject\",\"inLanguage\":\"es\",\"@id\":\"https:\\\/\\\/coparmexjal.org.mx\\\/entorno-empresarial\\\/wp-content\\\/uploads\\\/2020\\\/06\\\/favicon-150x133.png\",\"url\":\"https:\\\/\\\/coparmexjal.org.mx\\\/entorno-empresarial\\\/wp-content\\\/uploads\\\/2020\\\/06\\\/favicon-150x133.png\",\"contentUrl\":\"https:\\\/\\\/coparmexjal.org.mx\\\/entorno-empresarial\\\/wp-content\\\/uploads\\\/2020\\\/06\\\/favicon-150x133.png\",\"caption\":\"Coparmex Jalisco\"},\"url\":\"https:\\\/\\\/coparmexjal.org.mx\\\/entorno-empresarial\\\/author\\\/coparmexjalisco\\\/\"}]}<\/script>\n<!-- \/ Yoast SEO plugin. -->","yoast_head_json":{"title":"Hasta 60 mil empleos menos al cierre del a\u00f1o: Coparmex Jalisco - Entorno Empresarial","robots":{"index":"index","follow":"follow","max-snippet":"max-snippet:-1","max-image-preview":"max-image-preview:large","max-video-preview":"max-video-preview:-1"},"canonical":"https:\/\/coparmexjal.org.mx\/entorno-empresarial\/hasta-60-mil-empleos-menos-al-cierre-del-ano-coparmex-jalisco\/","og_locale":"es_MX","og_type":"article","og_title":"Hasta 60 mil empleos menos al cierre del a\u00f1o: Coparmex Jalisco - Entorno Empresarial","og_description":"En Jalisco, los efectos de la pandemia se han visto reflejados en la generaci\u00f3n de empleo. En t\u00e9rminos acumulados de enero a septiembre hemos perdido","og_url":"https:\/\/coparmexjal.org.mx\/entorno-empresarial\/hasta-60-mil-empleos-menos-al-cierre-del-ano-coparmex-jalisco\/","og_site_name":"Entorno Empresarial","article_publisher":"https:\/\/facebook.com\/comcoparmex","article_published_time":"2020-10-20T18:59:00+00:00","article_modified_time":"2021-01-07T20:02:45+00:00","og_image":[{"width":1199,"height":800,"url":"https:\/\/coparmexjal.org.mx\/entorno-empresarial\/wp-content\/uploads\/2021\/01\/scott-graham-5fNmWej4tAA-unsplash.jpg","type":"image\/jpeg"}],"author":"Coparmex Jalisco","twitter_card":"summary_large_image","twitter_creator":"@comcoparmex","twitter_site":"@comcoparmex","twitter_misc":{"Escrito por":"Coparmex Jalisco","Tiempo de lectura":"2 minutos"},"schema":{"@context":"https:\/\/schema.org","@graph":[{"@type":"Article","@id":"https:\/\/coparmexjal.org.mx\/entorno-empresarial\/hasta-60-mil-empleos-menos-al-cierre-del-ano-coparmex-jalisco\/#article","isPartOf":{"@id":"https:\/\/coparmexjal.org.mx\/entorno-empresarial\/hasta-60-mil-empleos-menos-al-cierre-del-ano-coparmex-jalisco\/"},"author":{"name":"Coparmex Jalisco","@id":"https:\/\/coparmexjal.org.mx\/entorno-empresarial\/#\/schema\/person\/7d1d56a9587bfb3a725cd3dbfbdb9d44"},"headline":"Hasta 60 mil empleos menos al cierre del a\u00f1o: Coparmex Jalisco","datePublished":"2020-10-20T18:59:00+00:00","dateModified":"2021-01-07T20:02:45+00:00","mainEntityOfPage":{"@id":"https:\/\/coparmexjal.org.mx\/entorno-empresarial\/hasta-60-mil-empleos-menos-al-cierre-del-ano-coparmex-jalisco\/"},"wordCount":464,"commentCount":0,"publisher":{"@id":"https:\/\/coparmexjal.org.mx\/entorno-empresarial\/#organization"},"image":{"@id":"https:\/\/coparmexjal.org.mx\/entorno-empresarial\/hasta-60-mil-empleos-menos-al-cierre-del-ano-coparmex-jalisco\/#primaryimage"},"thumbnailUrl":"https:\/\/coparmexjal.org.mx\/entorno-empresarial\/wp-content\/uploads\/2021\/01\/scott-graham-5fNmWej4tAA-unsplash.jpg","keywords":["bot\u00f3n emergencia","empleo","Jalisco","Observatorio del empleo"],"articleSection":["Noticias"],"inLanguage":"es","potentialAction":[{"@type":"CommentAction","name":"Comment","target":["https:\/\/coparmexjal.org.mx\/entorno-empresarial\/hasta-60-mil-empleos-menos-al-cierre-del-ano-coparmex-jalisco\/#respond"]}]},{"@type":"WebPage","@id":"https:\/\/coparmexjal.org.mx\/entorno-empresarial\/hasta-60-mil-empleos-menos-al-cierre-del-ano-coparmex-jalisco\/","url":"https:\/\/coparmexjal.org.mx\/entorno-empresarial\/hasta-60-mil-empleos-menos-al-cierre-del-ano-coparmex-jalisco\/","name":"Hasta 60 mil empleos menos al cierre del a\u00f1o: Coparmex Jalisco - Entorno Empresarial","isPartOf":{"@id":"https:\/\/coparmexjal.org.mx\/entorno-empresarial\/#website"},"primaryImageOfPage":{"@id":"https:\/\/coparmexjal.org.mx\/entorno-empresarial\/hasta-60-mil-empleos-menos-al-cierre-del-ano-coparmex-jalisco\/#primaryimage"},"image":{"@id":"https:\/\/coparmexjal.org.mx\/entorno-empresarial\/hasta-60-mil-empleos-menos-al-cierre-del-ano-coparmex-jalisco\/#primaryimage"},"thumbnailUrl":"https:\/\/coparmexjal.org.mx\/entorno-empresarial\/wp-content\/uploads\/2021\/01\/scott-graham-5fNmWej4tAA-unsplash.jpg","datePublished":"2020-10-20T18:59:00+00:00","dateModified":"2021-01-07T20:02:45+00:00","breadcrumb":{"@id":"https:\/\/coparmexjal.org.mx\/entorno-empresarial\/hasta-60-mil-empleos-menos-al-cierre-del-ano-coparmex-jalisco\/#breadcrumb"},"inLanguage":"es","potentialAction":[{"@type":"ReadAction","target":["https:\/\/coparmexjal.org.mx\/entorno-empresarial\/hasta-60-mil-empleos-menos-al-cierre-del-ano-coparmex-jalisco\/"]}]},{"@type":"ImageObject","inLanguage":"es","@id":"https:\/\/coparmexjal.org.mx\/entorno-empresarial\/hasta-60-mil-empleos-menos-al-cierre-del-ano-coparmex-jalisco\/#primaryimage","url":"https:\/\/coparmexjal.org.mx\/entorno-empresarial\/wp-content\/uploads\/2021\/01\/scott-graham-5fNmWej4tAA-unsplash.jpg","contentUrl":"https:\/\/coparmexjal.org.mx\/entorno-empresarial\/wp-content\/uploads\/2021\/01\/scott-graham-5fNmWej4tAA-unsplash.jpg","width":1199,"height":800},{"@type":"BreadcrumbList","@id":"https:\/\/coparmexjal.org.mx\/entorno-empresarial\/hasta-60-mil-empleos-menos-al-cierre-del-ano-coparmex-jalisco\/#breadcrumb","itemListElement":[{"@type":"ListItem","position":1,"name":"Inicio","item":"https:\/\/coparmexjal.org.mx\/entorno-empresarial\/"},{"@type":"ListItem","position":2,"name":"Hasta 60 mil empleos menos al cierre del a\u00f1o: Coparmex Jalisco"}]},{"@type":"WebSite","@id":"https:\/\/coparmexjal.org.mx\/entorno-empresarial\/#website","url":"https:\/\/coparmexjal.org.mx\/entorno-empresarial\/","name":"Revista Entorno Empresarial","description":"Coparmex Jalisco","publisher":{"@id":"https:\/\/coparmexjal.org.mx\/entorno-empresarial\/#organization"},"potentialAction":[{"@type":"SearchAction","target":{"@type":"EntryPoint","urlTemplate":"https:\/\/coparmexjal.org.mx\/entorno-empresarial\/?s={search_term_string}"},"query-input":{"@type":"PropertyValueSpecification","valueRequired":true,"valueName":"search_term_string"}}],"inLanguage":"es"},{"@type":"Organization","@id":"https:\/\/coparmexjal.org.mx\/entorno-empresarial\/#organization","name":"Coparmex Jalisco","url":"https:\/\/coparmexjal.org.mx\/entorno-empresarial\/","logo":{"@type":"ImageObject","inLanguage":"es","@id":"https:\/\/coparmexjal.org.mx\/entorno-empresarial\/#\/schema\/logo\/image\/","url":"https:\/\/coparmexjal.org.mx\/entorno-empresarial\/wp-content\/uploads\/2020\/02\/logo-amp.png","contentUrl":"https:\/\/coparmexjal.org.mx\/entorno-empresarial\/wp-content\/uploads\/2020\/02\/logo-amp.png","width":120,"height":90,"caption":"Coparmex Jalisco"},"image":{"@id":"https:\/\/coparmexjal.org.mx\/entorno-empresarial\/#\/schema\/logo\/image\/"},"sameAs":["https:\/\/facebook.com\/comcoparmex","https:\/\/x.com\/comcoparmex","http:\/\/instagram.com\/coparmexjalisco","https:\/\/mx.linkedin.com\/company\/coparmex-jalisco","https:\/\/www.youtube.com\/c\/CoparmexJaliscomx"]},{"@type":"Person","@id":"https:\/\/coparmexjal.org.mx\/entorno-empresarial\/#\/schema\/person\/7d1d56a9587bfb3a725cd3dbfbdb9d44","name":"Coparmex Jalisco","image":{"@type":"ImageObject","inLanguage":"es","@id":"https:\/\/coparmexjal.org.mx\/entorno-empresarial\/wp-content\/uploads\/2020\/06\/favicon-150x133.png","url":"https:\/\/coparmexjal.org.mx\/entorno-empresarial\/wp-content\/uploads\/2020\/06\/favicon-150x133.png","contentUrl":"https:\/\/coparmexjal.org.mx\/entorno-empresarial\/wp-content\/uploads\/2020\/06\/favicon-150x133.png","caption":"Coparmex Jalisco"},"url":"https:\/\/coparmexjal.org.mx\/entorno-empresarial\/author\/coparmexjalisco\/"}]}},"_links":{"self":[{"href":"https:\/\/coparmexjal.org.mx\/entorno-empresarial\/wp-json\/wp\/v2\/posts\/4419","targetHints":{"allow":["GET"]}}],"collection":[{"href":"https:\/\/coparmexjal.org.mx\/entorno-empresarial\/wp-json\/wp\/v2\/posts"}],"about":[{"href":"https:\/\/coparmexjal.org.mx\/entorno-empresarial\/wp-json\/wp\/v2\/types\/post"}],"author":[{"embeddable":true,"href":"https:\/\/coparmexjal.org.mx\/entorno-empresarial\/wp-json\/wp\/v2\/users\/2"}],"replies":[{"embeddable":true,"href":"https:\/\/coparmexjal.org.mx\/entorno-empresarial\/wp-json\/wp\/v2\/comments?post=4419"}],"version-history":[{"count":1,"href":"https:\/\/coparmexjal.org.mx\/entorno-empresarial\/wp-json\/wp\/v2\/posts\/4419\/revisions"}],"predecessor-version":[{"id":4421,"href":"https:\/\/coparmexjal.org.mx\/entorno-empresarial\/wp-json\/wp\/v2\/posts\/4419\/revisions\/4421"}],"wp:featuredmedia":[{"embeddable":true,"href":"https:\/\/coparmexjal.org.mx\/entorno-empresarial\/wp-json\/wp\/v2\/media\/4420"}],"wp:attachment":[{"href":"https:\/\/coparmexjal.org.mx\/entorno-empresarial\/wp-json\/wp\/v2\/media?parent=4419"}],"wp:term":[{"taxonomy":"category","embeddable":true,"href":"https:\/\/coparmexjal.org.mx\/entorno-empresarial\/wp-json\/wp\/v2\/categories?post=4419"},{"taxonomy":"post_tag","embeddable":true,"href":"https:\/\/coparmexjal.org.mx\/entorno-empresarial\/wp-json\/wp\/v2\/tags?post=4419"}],"curies":[{"name":"wp","href":"https:\/\/api.w.org\/{rel}","templated":true}]}}