{"id":4413,"date":"2020-06-05T12:50:00","date_gmt":"2020-06-05T17:50:00","guid":{"rendered":"https:\/\/coparmexjal.org.mx\/entorno-empresarial\/?p=4413"},"modified":"2021-01-07T12:58:33","modified_gmt":"2021-01-07T18:58:33","slug":"un-jalisco-con-justicia-y-paz","status":"publish","type":"post","link":"https:\/\/coparmexjal.org.mx\/entorno-empresarial\/un-jalisco-con-justicia-y-paz\/","title":{"rendered":"Un Jalisco con justicia y paz"},"content":{"rendered":"\n<p>Compartimos la indignaci\u00f3n social que han causado en Jalisco los lamentables acontecimien- tos de Ixtlahuac\u00e1n de los Membrillos. Rechazamos categ\u00f3ricamente el abuso policial en cual- quiera de sus formas y nos sumamos a la exigencia y el reclamo por el esclarecimiento pun- tual de los hechos. Demandamos a las autoridades estatales y municipales, tolerancia cero a la impunidad en Jalisco, en este, y todos los casos pendientes de investigaci\u00f3n, adminis- traci\u00f3n e impartici\u00f3n de la justicia sobre los culpables.<\/p>\n\n\n\n<p>Respetamos y celebramos cualquier acto de libre manifestaci\u00f3n p\u00fablica. Es un leg\u00edtimo de- recho ciudadano consignado por nuestra Constituci\u00f3n, pero rechazamos el uso de la vio- lencia en cualquiera de sus formas. Como la ejercida el d\u00eda de ayer en el Centro Hist\u00f3rico de Guadalajara, sobre ciudadanos, medios de comunicaci\u00f3n, polic\u00edas y el patrimonio p\u00fablico del estado.<\/p>\n\n\n\n<p>En momentos como estos, tan dif\u00edciles para todos, no podemos combatir a la violencia, con m\u00e1s violencia. Esta nunca ser\u00e1 la salida ni la respuesta a nuestras demandas de justicia. Manifest\u00e9monos s\u00ed, pero hag\u00e1moslo pac\u00edficamente sin poner en riesgo la integridad de todas las personas. Hacemos un llamado a las autoridades municipales y estatales para que se haga valer el Estado de derecho y se respete la ley.<\/p>\n\n\n\n<p>Frente a los retos de salud, econ\u00f3micos y sociales que atravesamos ocasionados por la pan- demia, politizar la legitima exigencia social no nos llevan a nada, por ello nos pronunciamos a favor de la paz, la solidaridad social, la salvaguarda del Estado de derecho, la justicia y la integridad de todas y todos.<\/p>\n\n\n\n<p style=\"font-size:27px\"><strong>Requerimos un #JaliscoJustoYConPaz.<\/strong><\/p>\n\n\n\n<p style=\"font-size:14px\">Asociaci\u00f3n de Industriales del Salto, AISAC.<br>Asociaci\u00f3n de Fabricantes de Muebles de Ocotl\u00e1n A.C. AFAMO<br>Asociaci\u00f3n de Industrias Maquiladoras y Manufactureras de Occidente A.C., INDEX.<br>Asociaci\u00f3n de Parques Industriales de Jalisco, APIEJ<br>Cadena Productiva de la Electr\u00f3nica A.C. CADELEC.<br>C\u00e1mara de la Industria Alimenticia de Jalisco, CIAJ.<br>C\u00e1mara de la Industria del Aceite y Prote\u00ednas de Occidente, CAPRO<br>C\u00e1mara de la Industria del Calzado del Estado de Jalisco, CICEJ<br>C\u00e1mara de la Industria Mueblera del Estado de Jalisco, CIMEJAL<br>C\u00e1mara Mexicana de la Industria de la Construcci\u00f3n Jalisco, CMIC<br>C\u00e1mara Nacional de la Industria de Artes Gr\u00e1ficas, Delegaci\u00f3n Jalisco, CANAGRAF.<br>C\u00e1mara Nacional del Autotransporte de Carga-Delegaci\u00f3n Jalisco, CANACAR<br>C\u00e1mara Nacional de Comercio, Servicios y Turismo de Guadalajara.<br>C\u00e1mara Nacional de la Industria De Restaurantes y Alimentos Condimentados-Delegaci\u00f3n Jalisco, CANIRAC C\u00e1mara Nacional de la Industria de Desarrollo y Promoci\u00f3n de Vivienda \u2013 Delegaci\u00f3n Jalisco, CANADEVI. C\u00e1mara Nacional de la Industria Electr\u00f3nica, Telecomunicaciones e Inform\u00e1tica, CANIETI.<br>C\u00e1mara Regional de la Industria del Hule y L\u00e1tex del Estado de Jalisco, CIHUL<br>C\u00e1mara Regional de la Industria de Curtidur\u00eda en Jalisco, CRIC<br>C\u00e1mara Regional de la Industria de Joyer\u00eda y Plater\u00eda del Estado de Jalisco, CRIJPEJ<br>C\u00e1mara Nacional de la Industria del Vestido, Delegaci\u00f3n Jalisco, CANAIVE.<br>C\u00e1mara Nacional de la Industria Maderera, CANAIMA.<br>C\u00e1mara Nacional de la Industria Tequilera, CNIT.<br>C\u00e1mara Textil de Occidente, CTEXO<br>Colegio de Contadores P\u00fablicos de Guadalajara.<br>Consejo Agroalimentario de Jalisco, CAJ.<br>Consejo de C\u00e1maras Industriales de Jalisco, CCIJ.<br>Consejo Coordinar de J\u00f3venes Empresarios de Jalisco.<br>Consejo Mexicano de Comercio Exterior de Occidente, COMCE.<br>Consejo Regional de la Industria Restaurantera y Gastron\u00f3mica A.C. CRIREG<br>Confederaci\u00f3n Regional Obrera Mexicana, CROM Jalisco.<br>Confederaci\u00f3n Revolucionaria de Obreros y Campesinos, CROC Jalisco.<br>Confederaci\u00f3n de Trabajadores de M\u00e9xico, CTM Jalisco.<br>Coparmex Jalisco.<br>Federaci\u00f3n de C\u00e1maras de Comercio de Jalisco, FECANACO.<br>Federaci\u00f3n Revolucionaria de Obreros y Campesinos del Estado de Jalisco, CROC-FROC.<\/p>\n","protected":false},"excerpt":{"rendered":"<p>Compartimos la indignaci\u00f3n social que han causado en Jalisco los lamentables acontecimien- tos de Ixtlahuac\u00e1n de los Membrillos. Rechazamos categ\u00f3ricamente el abuso policial en cual-<\/p>\n","protected":false},"author":2,"featured_media":4414,"comment_status":"open","ping_status":"open","sticky":false,"template":"","format":"standard","meta":{"footnotes":""},"categories":[348],"tags":[405,362,257,693,694,692],"class_list":["post-4413","post","type-post","status-publish","format-standard","has-post-thumbnail","hentry","category-noticias","tag-coparmex-jalisco","tag-estado-de-derecho","tag-jalisco","tag-justicia","tag-paz","tag-unidad"],"yoast_head":"<!-- This site is optimized with the Yoast SEO plugin v27.5 - https:\/\/yoast.com\/product\/yoast-seo-wordpress\/ -->\n<title>Un Jalisco con justicia y paz - Entorno Empresarial<\/title>\n<meta name=\"robots\" content=\"index, follow, max-snippet:-1, max-image-preview:large, max-video-preview:-1\" \/>\n<link rel=\"canonical\" href=\"https:\/\/coparmexjal.org.mx\/entorno-empresarial\/un-jalisco-con-justicia-y-paz\/\" \/>\n<meta property=\"og:locale\" content=\"es_MX\" \/>\n<meta property=\"og:type\" content=\"article\" \/>\n<meta property=\"og:title\" content=\"Un Jalisco con justicia y paz - Entorno Empresarial\" \/>\n<meta property=\"og:description\" content=\"Compartimos la indignaci\u00f3n social que han causado en Jalisco los lamentables acontecimien- tos de Ixtlahuac\u00e1n de los Membrillos. Rechazamos categ\u00f3ricamente el abuso policial en cual-\" \/>\n<meta property=\"og:url\" content=\"https:\/\/coparmexjal.org.mx\/entorno-empresarial\/un-jalisco-con-justicia-y-paz\/\" \/>\n<meta property=\"og:site_name\" content=\"Entorno Empresarial\" \/>\n<meta property=\"article:publisher\" content=\"https:\/\/facebook.com\/comcoparmex\" \/>\n<meta property=\"article:published_time\" content=\"2020-06-05T17:50:00+00:00\" \/>\n<meta property=\"article:modified_time\" content=\"2021-01-07T18:58:33+00:00\" \/>\n<meta property=\"og:image\" content=\"https:\/\/coparmexjal.org.mx\/entorno-empresarial\/wp-content\/uploads\/2021\/01\/alejandro-barba-nnU3X_so4s-unsplash.jpg\" \/>\n\t<meta property=\"og:image:width\" content=\"1200\" \/>\n\t<meta property=\"og:image:height\" content=\"800\" \/>\n\t<meta property=\"og:image:type\" content=\"image\/jpeg\" \/>\n<meta name=\"author\" content=\"Coparmex Jalisco\" \/>\n<meta name=\"twitter:card\" content=\"summary_large_image\" \/>\n<meta name=\"twitter:creator\" content=\"@comcoparmex\" \/>\n<meta name=\"twitter:site\" content=\"@comcoparmex\" \/>\n<meta name=\"twitter:label1\" content=\"Escrito por\" \/>\n\t<meta name=\"twitter:data1\" content=\"Coparmex Jalisco\" \/>\n\t<meta name=\"twitter:label2\" content=\"Tiempo de lectura\" \/>\n\t<meta name=\"twitter:data2\" content=\"3 minutos\" \/>\n<script type=\"application\/ld+json\" class=\"yoast-schema-graph\">{\"@context\":\"https:\\\/\\\/schema.org\",\"@graph\":[{\"@type\":\"Article\",\"@id\":\"https:\\\/\\\/coparmexjal.org.mx\\\/entorno-empresarial\\\/un-jalisco-con-justicia-y-paz\\\/#article\",\"isPartOf\":{\"@id\":\"https:\\\/\\\/coparmexjal.org.mx\\\/entorno-empresarial\\\/un-jalisco-con-justicia-y-paz\\\/\"},\"author\":{\"name\":\"Coparmex Jalisco\",\"@id\":\"https:\\\/\\\/coparmexjal.org.mx\\\/entorno-empresarial\\\/#\\\/schema\\\/person\\\/7d1d56a9587bfb3a725cd3dbfbdb9d44\"},\"headline\":\"Un Jalisco con justicia y paz\",\"datePublished\":\"2020-06-05T17:50:00+00:00\",\"dateModified\":\"2021-01-07T18:58:33+00:00\",\"mainEntityOfPage\":{\"@id\":\"https:\\\/\\\/coparmexjal.org.mx\\\/entorno-empresarial\\\/un-jalisco-con-justicia-y-paz\\\/\"},\"wordCount\":634,\"commentCount\":0,\"publisher\":{\"@id\":\"https:\\\/\\\/coparmexjal.org.mx\\\/entorno-empresarial\\\/#organization\"},\"image\":{\"@id\":\"https:\\\/\\\/coparmexjal.org.mx\\\/entorno-empresarial\\\/un-jalisco-con-justicia-y-paz\\\/#primaryimage\"},\"thumbnailUrl\":\"https:\\\/\\\/coparmexjal.org.mx\\\/entorno-empresarial\\\/wp-content\\\/uploads\\\/2021\\\/01\\\/alejandro-barba-nnU3X_so4s-unsplash.jpg\",\"keywords\":[\"coparmex jalisco\",\"estado de derecho\",\"Jalisco\",\"justicia\",\"paz\",\"Unidad\"],\"articleSection\":[\"Noticias\"],\"inLanguage\":\"es\",\"potentialAction\":[{\"@type\":\"CommentAction\",\"name\":\"Comment\",\"target\":[\"https:\\\/\\\/coparmexjal.org.mx\\\/entorno-empresarial\\\/un-jalisco-con-justicia-y-paz\\\/#respond\"]}]},{\"@type\":\"WebPage\",\"@id\":\"https:\\\/\\\/coparmexjal.org.mx\\\/entorno-empresarial\\\/un-jalisco-con-justicia-y-paz\\\/\",\"url\":\"https:\\\/\\\/coparmexjal.org.mx\\\/entorno-empresarial\\\/un-jalisco-con-justicia-y-paz\\\/\",\"name\":\"Un Jalisco con justicia y paz - Entorno Empresarial\",\"isPartOf\":{\"@id\":\"https:\\\/\\\/coparmexjal.org.mx\\\/entorno-empresarial\\\/#website\"},\"primaryImageOfPage\":{\"@id\":\"https:\\\/\\\/coparmexjal.org.mx\\\/entorno-empresarial\\\/un-jalisco-con-justicia-y-paz\\\/#primaryimage\"},\"image\":{\"@id\":\"https:\\\/\\\/coparmexjal.org.mx\\\/entorno-empresarial\\\/un-jalisco-con-justicia-y-paz\\\/#primaryimage\"},\"thumbnailUrl\":\"https:\\\/\\\/coparmexjal.org.mx\\\/entorno-empresarial\\\/wp-content\\\/uploads\\\/2021\\\/01\\\/alejandro-barba-nnU3X_so4s-unsplash.jpg\",\"datePublished\":\"2020-06-05T17:50:00+00:00\",\"dateModified\":\"2021-01-07T18:58:33+00:00\",\"breadcrumb\":{\"@id\":\"https:\\\/\\\/coparmexjal.org.mx\\\/entorno-empresarial\\\/un-jalisco-con-justicia-y-paz\\\/#breadcrumb\"},\"inLanguage\":\"es\",\"potentialAction\":[{\"@type\":\"ReadAction\",\"target\":[\"https:\\\/\\\/coparmexjal.org.mx\\\/entorno-empresarial\\\/un-jalisco-con-justicia-y-paz\\\/\"]}]},{\"@type\":\"ImageObject\",\"inLanguage\":\"es\",\"@id\":\"https:\\\/\\\/coparmexjal.org.mx\\\/entorno-empresarial\\\/un-jalisco-con-justicia-y-paz\\\/#primaryimage\",\"url\":\"https:\\\/\\\/coparmexjal.org.mx\\\/entorno-empresarial\\\/wp-content\\\/uploads\\\/2021\\\/01\\\/alejandro-barba-nnU3X_so4s-unsplash.jpg\",\"contentUrl\":\"https:\\\/\\\/coparmexjal.org.mx\\\/entorno-empresarial\\\/wp-content\\\/uploads\\\/2021\\\/01\\\/alejandro-barba-nnU3X_so4s-unsplash.jpg\",\"width\":1200,\"height\":800},{\"@type\":\"BreadcrumbList\",\"@id\":\"https:\\\/\\\/coparmexjal.org.mx\\\/entorno-empresarial\\\/un-jalisco-con-justicia-y-paz\\\/#breadcrumb\",\"itemListElement\":[{\"@type\":\"ListItem\",\"position\":1,\"name\":\"Inicio\",\"item\":\"https:\\\/\\\/coparmexjal.org.mx\\\/entorno-empresarial\\\/\"},{\"@type\":\"ListItem\",\"position\":2,\"name\":\"Un Jalisco con justicia y paz\"}]},{\"@type\":\"WebSite\",\"@id\":\"https:\\\/\\\/coparmexjal.org.mx\\\/entorno-empresarial\\\/#website\",\"url\":\"https:\\\/\\\/coparmexjal.org.mx\\\/entorno-empresarial\\\/\",\"name\":\"Revista Entorno Empresarial\",\"description\":\"Coparmex Jalisco\",\"publisher\":{\"@id\":\"https:\\\/\\\/coparmexjal.org.mx\\\/entorno-empresarial\\\/#organization\"},\"potentialAction\":[{\"@type\":\"SearchAction\",\"target\":{\"@type\":\"EntryPoint\",\"urlTemplate\":\"https:\\\/\\\/coparmexjal.org.mx\\\/entorno-empresarial\\\/?s={search_term_string}\"},\"query-input\":{\"@type\":\"PropertyValueSpecification\",\"valueRequired\":true,\"valueName\":\"search_term_string\"}}],\"inLanguage\":\"es\"},{\"@type\":\"Organization\",\"@id\":\"https:\\\/\\\/coparmexjal.org.mx\\\/entorno-empresarial\\\/#organization\",\"name\":\"Coparmex Jalisco\",\"url\":\"https:\\\/\\\/coparmexjal.org.mx\\\/entorno-empresarial\\\/\",\"logo\":{\"@type\":\"ImageObject\",\"inLanguage\":\"es\",\"@id\":\"https:\\\/\\\/coparmexjal.org.mx\\\/entorno-empresarial\\\/#\\\/schema\\\/logo\\\/image\\\/\",\"url\":\"https:\\\/\\\/coparmexjal.org.mx\\\/entorno-empresarial\\\/wp-content\\\/uploads\\\/2020\\\/02\\\/logo-amp.png\",\"contentUrl\":\"https:\\\/\\\/coparmexjal.org.mx\\\/entorno-empresarial\\\/wp-content\\\/uploads\\\/2020\\\/02\\\/logo-amp.png\",\"width\":120,\"height\":90,\"caption\":\"Coparmex Jalisco\"},\"image\":{\"@id\":\"https:\\\/\\\/coparmexjal.org.mx\\\/entorno-empresarial\\\/#\\\/schema\\\/logo\\\/image\\\/\"},\"sameAs\":[\"https:\\\/\\\/facebook.com\\\/comcoparmex\",\"https:\\\/\\\/x.com\\\/comcoparmex\",\"http:\\\/\\\/instagram.com\\\/coparmexjalisco\",\"https:\\\/\\\/mx.linkedin.com\\\/company\\\/coparmex-jalisco\",\"https:\\\/\\\/www.youtube.com\\\/c\\\/CoparmexJaliscomx\"]},{\"@type\":\"Person\",\"@id\":\"https:\\\/\\\/coparmexjal.org.mx\\\/entorno-empresarial\\\/#\\\/schema\\\/person\\\/7d1d56a9587bfb3a725cd3dbfbdb9d44\",\"name\":\"Coparmex Jalisco\",\"image\":{\"@type\":\"ImageObject\",\"inLanguage\":\"es\",\"@id\":\"https:\\\/\\\/coparmexjal.org.mx\\\/entorno-empresarial\\\/wp-content\\\/uploads\\\/2020\\\/06\\\/favicon-150x133.png\",\"url\":\"https:\\\/\\\/coparmexjal.org.mx\\\/entorno-empresarial\\\/wp-content\\\/uploads\\\/2020\\\/06\\\/favicon-150x133.png\",\"contentUrl\":\"https:\\\/\\\/coparmexjal.org.mx\\\/entorno-empresarial\\\/wp-content\\\/uploads\\\/2020\\\/06\\\/favicon-150x133.png\",\"caption\":\"Coparmex Jalisco\"},\"url\":\"https:\\\/\\\/coparmexjal.org.mx\\\/entorno-empresarial\\\/author\\\/coparmexjalisco\\\/\"}]}<\/script>\n<!-- \/ Yoast SEO plugin. -->","yoast_head_json":{"title":"Un Jalisco con justicia y paz - Entorno Empresarial","robots":{"index":"index","follow":"follow","max-snippet":"max-snippet:-1","max-image-preview":"max-image-preview:large","max-video-preview":"max-video-preview:-1"},"canonical":"https:\/\/coparmexjal.org.mx\/entorno-empresarial\/un-jalisco-con-justicia-y-paz\/","og_locale":"es_MX","og_type":"article","og_title":"Un Jalisco con justicia y paz - Entorno Empresarial","og_description":"Compartimos la indignaci\u00f3n social que han causado en Jalisco los lamentables acontecimien- tos de Ixtlahuac\u00e1n de los Membrillos. Rechazamos categ\u00f3ricamente el abuso policial en cual-","og_url":"https:\/\/coparmexjal.org.mx\/entorno-empresarial\/un-jalisco-con-justicia-y-paz\/","og_site_name":"Entorno Empresarial","article_publisher":"https:\/\/facebook.com\/comcoparmex","article_published_time":"2020-06-05T17:50:00+00:00","article_modified_time":"2021-01-07T18:58:33+00:00","og_image":[{"width":1200,"height":800,"url":"https:\/\/coparmexjal.org.mx\/entorno-empresarial\/wp-content\/uploads\/2021\/01\/alejandro-barba-nnU3X_so4s-unsplash.jpg","type":"image\/jpeg"}],"author":"Coparmex Jalisco","twitter_card":"summary_large_image","twitter_creator":"@comcoparmex","twitter_site":"@comcoparmex","twitter_misc":{"Escrito por":"Coparmex Jalisco","Tiempo de lectura":"3 minutos"},"schema":{"@context":"https:\/\/schema.org","@graph":[{"@type":"Article","@id":"https:\/\/coparmexjal.org.mx\/entorno-empresarial\/un-jalisco-con-justicia-y-paz\/#article","isPartOf":{"@id":"https:\/\/coparmexjal.org.mx\/entorno-empresarial\/un-jalisco-con-justicia-y-paz\/"},"author":{"name":"Coparmex Jalisco","@id":"https:\/\/coparmexjal.org.mx\/entorno-empresarial\/#\/schema\/person\/7d1d56a9587bfb3a725cd3dbfbdb9d44"},"headline":"Un Jalisco con justicia y paz","datePublished":"2020-06-05T17:50:00+00:00","dateModified":"2021-01-07T18:58:33+00:00","mainEntityOfPage":{"@id":"https:\/\/coparmexjal.org.mx\/entorno-empresarial\/un-jalisco-con-justicia-y-paz\/"},"wordCount":634,"commentCount":0,"publisher":{"@id":"https:\/\/coparmexjal.org.mx\/entorno-empresarial\/#organization"},"image":{"@id":"https:\/\/coparmexjal.org.mx\/entorno-empresarial\/un-jalisco-con-justicia-y-paz\/#primaryimage"},"thumbnailUrl":"https:\/\/coparmexjal.org.mx\/entorno-empresarial\/wp-content\/uploads\/2021\/01\/alejandro-barba-nnU3X_so4s-unsplash.jpg","keywords":["coparmex jalisco","estado de derecho","Jalisco","justicia","paz","Unidad"],"articleSection":["Noticias"],"inLanguage":"es","potentialAction":[{"@type":"CommentAction","name":"Comment","target":["https:\/\/coparmexjal.org.mx\/entorno-empresarial\/un-jalisco-con-justicia-y-paz\/#respond"]}]},{"@type":"WebPage","@id":"https:\/\/coparmexjal.org.mx\/entorno-empresarial\/un-jalisco-con-justicia-y-paz\/","url":"https:\/\/coparmexjal.org.mx\/entorno-empresarial\/un-jalisco-con-justicia-y-paz\/","name":"Un Jalisco con justicia y paz - Entorno Empresarial","isPartOf":{"@id":"https:\/\/coparmexjal.org.mx\/entorno-empresarial\/#website"},"primaryImageOfPage":{"@id":"https:\/\/coparmexjal.org.mx\/entorno-empresarial\/un-jalisco-con-justicia-y-paz\/#primaryimage"},"image":{"@id":"https:\/\/coparmexjal.org.mx\/entorno-empresarial\/un-jalisco-con-justicia-y-paz\/#primaryimage"},"thumbnailUrl":"https:\/\/coparmexjal.org.mx\/entorno-empresarial\/wp-content\/uploads\/2021\/01\/alejandro-barba-nnU3X_so4s-unsplash.jpg","datePublished":"2020-06-05T17:50:00+00:00","dateModified":"2021-01-07T18:58:33+00:00","breadcrumb":{"@id":"https:\/\/coparmexjal.org.mx\/entorno-empresarial\/un-jalisco-con-justicia-y-paz\/#breadcrumb"},"inLanguage":"es","potentialAction":[{"@type":"ReadAction","target":["https:\/\/coparmexjal.org.mx\/entorno-empresarial\/un-jalisco-con-justicia-y-paz\/"]}]},{"@type":"ImageObject","inLanguage":"es","@id":"https:\/\/coparmexjal.org.mx\/entorno-empresarial\/un-jalisco-con-justicia-y-paz\/#primaryimage","url":"https:\/\/coparmexjal.org.mx\/entorno-empresarial\/wp-content\/uploads\/2021\/01\/alejandro-barba-nnU3X_so4s-unsplash.jpg","contentUrl":"https:\/\/coparmexjal.org.mx\/entorno-empresarial\/wp-content\/uploads\/2021\/01\/alejandro-barba-nnU3X_so4s-unsplash.jpg","width":1200,"height":800},{"@type":"BreadcrumbList","@id":"https:\/\/coparmexjal.org.mx\/entorno-empresarial\/un-jalisco-con-justicia-y-paz\/#breadcrumb","itemListElement":[{"@type":"ListItem","position":1,"name":"Inicio","item":"https:\/\/coparmexjal.org.mx\/entorno-empresarial\/"},{"@type":"ListItem","position":2,"name":"Un Jalisco con justicia y paz"}]},{"@type":"WebSite","@id":"https:\/\/coparmexjal.org.mx\/entorno-empresarial\/#website","url":"https:\/\/coparmexjal.org.mx\/entorno-empresarial\/","name":"Revista Entorno Empresarial","description":"Coparmex Jalisco","publisher":{"@id":"https:\/\/coparmexjal.org.mx\/entorno-empresarial\/#organization"},"potentialAction":[{"@type":"SearchAction","target":{"@type":"EntryPoint","urlTemplate":"https:\/\/coparmexjal.org.mx\/entorno-empresarial\/?s={search_term_string}"},"query-input":{"@type":"PropertyValueSpecification","valueRequired":true,"valueName":"search_term_string"}}],"inLanguage":"es"},{"@type":"Organization","@id":"https:\/\/coparmexjal.org.mx\/entorno-empresarial\/#organization","name":"Coparmex Jalisco","url":"https:\/\/coparmexjal.org.mx\/entorno-empresarial\/","logo":{"@type":"ImageObject","inLanguage":"es","@id":"https:\/\/coparmexjal.org.mx\/entorno-empresarial\/#\/schema\/logo\/image\/","url":"https:\/\/coparmexjal.org.mx\/entorno-empresarial\/wp-content\/uploads\/2020\/02\/logo-amp.png","contentUrl":"https:\/\/coparmexjal.org.mx\/entorno-empresarial\/wp-content\/uploads\/2020\/02\/logo-amp.png","width":120,"height":90,"caption":"Coparmex Jalisco"},"image":{"@id":"https:\/\/coparmexjal.org.mx\/entorno-empresarial\/#\/schema\/logo\/image\/"},"sameAs":["https:\/\/facebook.com\/comcoparmex","https:\/\/x.com\/comcoparmex","http:\/\/instagram.com\/coparmexjalisco","https:\/\/mx.linkedin.com\/company\/coparmex-jalisco","https:\/\/www.youtube.com\/c\/CoparmexJaliscomx"]},{"@type":"Person","@id":"https:\/\/coparmexjal.org.mx\/entorno-empresarial\/#\/schema\/person\/7d1d56a9587bfb3a725cd3dbfbdb9d44","name":"Coparmex Jalisco","image":{"@type":"ImageObject","inLanguage":"es","@id":"https:\/\/coparmexjal.org.mx\/entorno-empresarial\/wp-content\/uploads\/2020\/06\/favicon-150x133.png","url":"https:\/\/coparmexjal.org.mx\/entorno-empresarial\/wp-content\/uploads\/2020\/06\/favicon-150x133.png","contentUrl":"https:\/\/coparmexjal.org.mx\/entorno-empresarial\/wp-content\/uploads\/2020\/06\/favicon-150x133.png","caption":"Coparmex Jalisco"},"url":"https:\/\/coparmexjal.org.mx\/entorno-empresarial\/author\/coparmexjalisco\/"}]}},"_links":{"self":[{"href":"https:\/\/coparmexjal.org.mx\/entorno-empresarial\/wp-json\/wp\/v2\/posts\/4413","targetHints":{"allow":["GET"]}}],"collection":[{"href":"https:\/\/coparmexjal.org.mx\/entorno-empresarial\/wp-json\/wp\/v2\/posts"}],"about":[{"href":"https:\/\/coparmexjal.org.mx\/entorno-empresarial\/wp-json\/wp\/v2\/types\/post"}],"author":[{"embeddable":true,"href":"https:\/\/coparmexjal.org.mx\/entorno-empresarial\/wp-json\/wp\/v2\/users\/2"}],"replies":[{"embeddable":true,"href":"https:\/\/coparmexjal.org.mx\/entorno-empresarial\/wp-json\/wp\/v2\/comments?post=4413"}],"version-history":[{"count":1,"href":"https:\/\/coparmexjal.org.mx\/entorno-empresarial\/wp-json\/wp\/v2\/posts\/4413\/revisions"}],"predecessor-version":[{"id":4415,"href":"https:\/\/coparmexjal.org.mx\/entorno-empresarial\/wp-json\/wp\/v2\/posts\/4413\/revisions\/4415"}],"wp:featuredmedia":[{"embeddable":true,"href":"https:\/\/coparmexjal.org.mx\/entorno-empresarial\/wp-json\/wp\/v2\/media\/4414"}],"wp:attachment":[{"href":"https:\/\/coparmexjal.org.mx\/entorno-empresarial\/wp-json\/wp\/v2\/media?parent=4413"}],"wp:term":[{"taxonomy":"category","embeddable":true,"href":"https:\/\/coparmexjal.org.mx\/entorno-empresarial\/wp-json\/wp\/v2\/categories?post=4413"},{"taxonomy":"post_tag","embeddable":true,"href":"https:\/\/coparmexjal.org.mx\/entorno-empresarial\/wp-json\/wp\/v2\/tags?post=4413"}],"curies":[{"name":"wp","href":"https:\/\/api.w.org\/{rel}","templated":true}]}}