{"id":4398,"date":"2020-07-27T17:31:00","date_gmt":"2020-07-27T22:31:00","guid":{"rendered":"https:\/\/coparmexjal.org.mx\/entorno-empresarial\/?p=4398"},"modified":"2021-01-06T17:34:52","modified_gmt":"2021-01-06T23:34:52","slug":"la-salud-es-la-prioridad-evitar-el-boton-de-emergencia-requiere-de-todos-los-jaliscienses","status":"publish","type":"post","link":"https:\/\/coparmexjal.org.mx\/entorno-empresarial\/la-salud-es-la-prioridad-evitar-el-boton-de-emergencia-requiere-de-todos-los-jaliscienses\/","title":{"rendered":"La salud es la prioridad, evitar el bot\u00f3n de emergencia requiere de todos los jaliscienses"},"content":{"rendered":"\n<p>Ante el incremento de casos de COVID19 en la entidad el gobierno del estado anunci\u00f3 la implementaci\u00f3n de un tablero de alerta, conformado por dos indicadores: Ocupaci\u00f3n hospitalaria el cual no debe de pasar del 50% y que al \u00faltimo corte estaba en 28.4% y casos semanales activos con un l\u00edmite de 400 y que al domingo era de 336.9. Las cifras nos muestran que estamos a nada de alcanzar el de casos activos, mismos que de superar el indicador generar\u00edan el cierre de la actividad econ\u00f3mica por un periodo de <strong>15 d\u00edas.<\/strong>&nbsp;<\/p>\n\n\n\n<p>En este sentido hoy m\u00e1s que nunca es necesario que la ciudadan\u00eda seamos responsable y emp\u00e1ticos, acatemos las medidas de sanidad que tanto gobierno como empresas han implementado y de igual forma hacemos un llamado a las empresas a continuar con los protocolos que con responsabilidad han llevado desde el inicio de la contingencia y que ha conllevado a la preservaci\u00f3n de la salud de colaboradores, clientes y proveedores.&nbsp;<\/p>\n\n\n\n<p>En estos momentos la salud debe de ser prioridad, sin embargo, en casi cuatro meses de contingencia han tra\u00eddo como resultado la <strong>p\u00e9rdida de m\u00e1s de 1 mill\u00f3n de empleos a nivel nacional y 82 mil en Jalisco, cifra que rebasa la totalidad de empleos generados durante todo el a\u00f1o 2019<\/strong>.&nbsp;<\/p>\n\n\n\n<p>Aquellas empresas que han logrado sobrevivir en su mayor\u00eda <strong>reportan p\u00e9rdidas superiores al 50% las cuales podr\u00edan cerrar de manera definitiva<\/strong> de activarse el bot\u00f3n de emergencia, afectado un elemento indispensable para el desarrollo, el ingreso, lo traer\u00eda como consecuencia <strong>afectaciones en la alimentaci\u00f3n, salud y educaci\u00f3n de las familias.&nbsp;<\/strong><\/p>\n\n\n\n<p>Ante un virtual cierre de la actividad econ\u00f3mica por un periodo de 15 d\u00edas se espera <strong>una baja en cerca de 400 patrones<\/strong>, adicionales a los que por efecto del primer cierre quedaron muy y por el lado del <strong>empleo se proyecta una perdida aproximada de 30 mil empleos<\/strong>, m\u00e1s aquellos que se encuentran en la informalidad y que su monitoreo es complicado.<\/p>\n\n\n\n<p>Con base a las estimaciones y con el objetivo de proteger el ingreso de las personas hacemos un llamado a ser responsables, no salir siempre y cuando tus actividades lo permitan, redoblar los cuidados y sobre todo al trabajo en uni\u00f3n y comunicaci\u00f3n entre gobierno, sindicatos, empresas y sociedad civil; recordando que la salud es la prioridad.<\/p>\n","protected":false},"excerpt":{"rendered":"<p>Ante el incremento de casos de COVID19 en la entidad el gobierno del estado anunci\u00f3 la implementaci\u00f3n de un tablero de alerta, conformado por dos<\/p>\n","protected":false},"author":2,"featured_media":4399,"comment_status":"open","ping_status":"open","sticky":false,"template":"","format":"standard","meta":{"footnotes":""},"categories":[348],"tags":[654,441,257,674],"class_list":["post-4398","post","type-post","status-publish","format-standard","has-post-thumbnail","hentry","category-noticias","tag-boton-emergencia","tag-empleo","tag-jalisco","tag-salud"],"yoast_head":"<!-- This site is optimized with the Yoast SEO plugin v27.5 - https:\/\/yoast.com\/product\/yoast-seo-wordpress\/ -->\n<title>La salud es la prioridad, evitar el bot\u00f3n de emergencia requiere de todos los jaliscienses - Entorno Empresarial<\/title>\n<meta name=\"robots\" content=\"index, follow, max-snippet:-1, max-image-preview:large, max-video-preview:-1\" \/>\n<link rel=\"canonical\" href=\"https:\/\/coparmexjal.org.mx\/entorno-empresarial\/la-salud-es-la-prioridad-evitar-el-boton-de-emergencia-requiere-de-todos-los-jaliscienses\/\" \/>\n<meta property=\"og:locale\" content=\"es_MX\" \/>\n<meta property=\"og:type\" content=\"article\" \/>\n<meta property=\"og:title\" content=\"La salud es la prioridad, evitar el bot\u00f3n de emergencia requiere de todos los jaliscienses - Entorno Empresarial\" \/>\n<meta property=\"og:description\" content=\"Ante el incremento de casos de COVID19 en la entidad el gobierno del estado anunci\u00f3 la implementaci\u00f3n de un tablero de alerta, conformado por dos\" \/>\n<meta property=\"og:url\" content=\"https:\/\/coparmexjal.org.mx\/entorno-empresarial\/la-salud-es-la-prioridad-evitar-el-boton-de-emergencia-requiere-de-todos-los-jaliscienses\/\" \/>\n<meta property=\"og:site_name\" content=\"Entorno Empresarial\" \/>\n<meta property=\"article:publisher\" content=\"https:\/\/facebook.com\/comcoparmex\" \/>\n<meta property=\"article:published_time\" content=\"2020-07-27T22:31:00+00:00\" \/>\n<meta property=\"article:modified_time\" content=\"2021-01-06T23:34:52+00:00\" \/>\n<meta property=\"og:image\" content=\"https:\/\/coparmexjal.org.mx\/entorno-empresarial\/wp-content\/uploads\/2021\/01\/maxime-agnelli-QC1oHW5JVu4-unsplash.jpg\" \/>\n\t<meta property=\"og:image:width\" content=\"1200\" \/>\n\t<meta property=\"og:image:height\" content=\"800\" \/>\n\t<meta property=\"og:image:type\" content=\"image\/jpeg\" \/>\n<meta name=\"author\" content=\"Coparmex Jalisco\" \/>\n<meta name=\"twitter:card\" content=\"summary_large_image\" \/>\n<meta name=\"twitter:creator\" content=\"@comcoparmex\" \/>\n<meta name=\"twitter:site\" content=\"@comcoparmex\" \/>\n<meta name=\"twitter:label1\" content=\"Escrito por\" \/>\n\t<meta name=\"twitter:data1\" content=\"Coparmex Jalisco\" \/>\n\t<meta name=\"twitter:label2\" content=\"Tiempo de lectura\" \/>\n\t<meta name=\"twitter:data2\" content=\"2 minutos\" \/>\n<script type=\"application\/ld+json\" class=\"yoast-schema-graph\">{\"@context\":\"https:\\\/\\\/schema.org\",\"@graph\":[{\"@type\":\"Article\",\"@id\":\"https:\\\/\\\/coparmexjal.org.mx\\\/entorno-empresarial\\\/la-salud-es-la-prioridad-evitar-el-boton-de-emergencia-requiere-de-todos-los-jaliscienses\\\/#article\",\"isPartOf\":{\"@id\":\"https:\\\/\\\/coparmexjal.org.mx\\\/entorno-empresarial\\\/la-salud-es-la-prioridad-evitar-el-boton-de-emergencia-requiere-de-todos-los-jaliscienses\\\/\"},\"author\":{\"name\":\"Coparmex Jalisco\",\"@id\":\"https:\\\/\\\/coparmexjal.org.mx\\\/entorno-empresarial\\\/#\\\/schema\\\/person\\\/7d1d56a9587bfb3a725cd3dbfbdb9d44\"},\"headline\":\"La salud es la prioridad, evitar el bot\u00f3n de emergencia requiere de todos los jaliscienses\",\"datePublished\":\"2020-07-27T22:31:00+00:00\",\"dateModified\":\"2021-01-06T23:34:52+00:00\",\"mainEntityOfPage\":{\"@id\":\"https:\\\/\\\/coparmexjal.org.mx\\\/entorno-empresarial\\\/la-salud-es-la-prioridad-evitar-el-boton-de-emergencia-requiere-de-todos-los-jaliscienses\\\/\"},\"wordCount\":418,\"commentCount\":0,\"publisher\":{\"@id\":\"https:\\\/\\\/coparmexjal.org.mx\\\/entorno-empresarial\\\/#organization\"},\"image\":{\"@id\":\"https:\\\/\\\/coparmexjal.org.mx\\\/entorno-empresarial\\\/la-salud-es-la-prioridad-evitar-el-boton-de-emergencia-requiere-de-todos-los-jaliscienses\\\/#primaryimage\"},\"thumbnailUrl\":\"https:\\\/\\\/coparmexjal.org.mx\\\/entorno-empresarial\\\/wp-content\\\/uploads\\\/2021\\\/01\\\/maxime-agnelli-QC1oHW5JVu4-unsplash.jpg\",\"keywords\":[\"bot\u00f3n emergencia\",\"empleo\",\"Jalisco\",\"salud\"],\"articleSection\":[\"Noticias\"],\"inLanguage\":\"es\",\"potentialAction\":[{\"@type\":\"CommentAction\",\"name\":\"Comment\",\"target\":[\"https:\\\/\\\/coparmexjal.org.mx\\\/entorno-empresarial\\\/la-salud-es-la-prioridad-evitar-el-boton-de-emergencia-requiere-de-todos-los-jaliscienses\\\/#respond\"]}]},{\"@type\":\"WebPage\",\"@id\":\"https:\\\/\\\/coparmexjal.org.mx\\\/entorno-empresarial\\\/la-salud-es-la-prioridad-evitar-el-boton-de-emergencia-requiere-de-todos-los-jaliscienses\\\/\",\"url\":\"https:\\\/\\\/coparmexjal.org.mx\\\/entorno-empresarial\\\/la-salud-es-la-prioridad-evitar-el-boton-de-emergencia-requiere-de-todos-los-jaliscienses\\\/\",\"name\":\"La salud es la prioridad, evitar el bot\u00f3n de emergencia requiere de todos los jaliscienses - Entorno Empresarial\",\"isPartOf\":{\"@id\":\"https:\\\/\\\/coparmexjal.org.mx\\\/entorno-empresarial\\\/#website\"},\"primaryImageOfPage\":{\"@id\":\"https:\\\/\\\/coparmexjal.org.mx\\\/entorno-empresarial\\\/la-salud-es-la-prioridad-evitar-el-boton-de-emergencia-requiere-de-todos-los-jaliscienses\\\/#primaryimage\"},\"image\":{\"@id\":\"https:\\\/\\\/coparmexjal.org.mx\\\/entorno-empresarial\\\/la-salud-es-la-prioridad-evitar-el-boton-de-emergencia-requiere-de-todos-los-jaliscienses\\\/#primaryimage\"},\"thumbnailUrl\":\"https:\\\/\\\/coparmexjal.org.mx\\\/entorno-empresarial\\\/wp-content\\\/uploads\\\/2021\\\/01\\\/maxime-agnelli-QC1oHW5JVu4-unsplash.jpg\",\"datePublished\":\"2020-07-27T22:31:00+00:00\",\"dateModified\":\"2021-01-06T23:34:52+00:00\",\"breadcrumb\":{\"@id\":\"https:\\\/\\\/coparmexjal.org.mx\\\/entorno-empresarial\\\/la-salud-es-la-prioridad-evitar-el-boton-de-emergencia-requiere-de-todos-los-jaliscienses\\\/#breadcrumb\"},\"inLanguage\":\"es\",\"potentialAction\":[{\"@type\":\"ReadAction\",\"target\":[\"https:\\\/\\\/coparmexjal.org.mx\\\/entorno-empresarial\\\/la-salud-es-la-prioridad-evitar-el-boton-de-emergencia-requiere-de-todos-los-jaliscienses\\\/\"]}]},{\"@type\":\"ImageObject\",\"inLanguage\":\"es\",\"@id\":\"https:\\\/\\\/coparmexjal.org.mx\\\/entorno-empresarial\\\/la-salud-es-la-prioridad-evitar-el-boton-de-emergencia-requiere-de-todos-los-jaliscienses\\\/#primaryimage\",\"url\":\"https:\\\/\\\/coparmexjal.org.mx\\\/entorno-empresarial\\\/wp-content\\\/uploads\\\/2021\\\/01\\\/maxime-agnelli-QC1oHW5JVu4-unsplash.jpg\",\"contentUrl\":\"https:\\\/\\\/coparmexjal.org.mx\\\/entorno-empresarial\\\/wp-content\\\/uploads\\\/2021\\\/01\\\/maxime-agnelli-QC1oHW5JVu4-unsplash.jpg\",\"width\":1200,\"height\":800},{\"@type\":\"BreadcrumbList\",\"@id\":\"https:\\\/\\\/coparmexjal.org.mx\\\/entorno-empresarial\\\/la-salud-es-la-prioridad-evitar-el-boton-de-emergencia-requiere-de-todos-los-jaliscienses\\\/#breadcrumb\",\"itemListElement\":[{\"@type\":\"ListItem\",\"position\":1,\"name\":\"Inicio\",\"item\":\"https:\\\/\\\/coparmexjal.org.mx\\\/entorno-empresarial\\\/\"},{\"@type\":\"ListItem\",\"position\":2,\"name\":\"La salud es la prioridad, evitar el bot\u00f3n de emergencia requiere de todos los jaliscienses\"}]},{\"@type\":\"WebSite\",\"@id\":\"https:\\\/\\\/coparmexjal.org.mx\\\/entorno-empresarial\\\/#website\",\"url\":\"https:\\\/\\\/coparmexjal.org.mx\\\/entorno-empresarial\\\/\",\"name\":\"Revista Entorno Empresarial\",\"description\":\"Coparmex Jalisco\",\"publisher\":{\"@id\":\"https:\\\/\\\/coparmexjal.org.mx\\\/entorno-empresarial\\\/#organization\"},\"potentialAction\":[{\"@type\":\"SearchAction\",\"target\":{\"@type\":\"EntryPoint\",\"urlTemplate\":\"https:\\\/\\\/coparmexjal.org.mx\\\/entorno-empresarial\\\/?s={search_term_string}\"},\"query-input\":{\"@type\":\"PropertyValueSpecification\",\"valueRequired\":true,\"valueName\":\"search_term_string\"}}],\"inLanguage\":\"es\"},{\"@type\":\"Organization\",\"@id\":\"https:\\\/\\\/coparmexjal.org.mx\\\/entorno-empresarial\\\/#organization\",\"name\":\"Coparmex Jalisco\",\"url\":\"https:\\\/\\\/coparmexjal.org.mx\\\/entorno-empresarial\\\/\",\"logo\":{\"@type\":\"ImageObject\",\"inLanguage\":\"es\",\"@id\":\"https:\\\/\\\/coparmexjal.org.mx\\\/entorno-empresarial\\\/#\\\/schema\\\/logo\\\/image\\\/\",\"url\":\"https:\\\/\\\/coparmexjal.org.mx\\\/entorno-empresarial\\\/wp-content\\\/uploads\\\/2020\\\/02\\\/logo-amp.png\",\"contentUrl\":\"https:\\\/\\\/coparmexjal.org.mx\\\/entorno-empresarial\\\/wp-content\\\/uploads\\\/2020\\\/02\\\/logo-amp.png\",\"width\":120,\"height\":90,\"caption\":\"Coparmex Jalisco\"},\"image\":{\"@id\":\"https:\\\/\\\/coparmexjal.org.mx\\\/entorno-empresarial\\\/#\\\/schema\\\/logo\\\/image\\\/\"},\"sameAs\":[\"https:\\\/\\\/facebook.com\\\/comcoparmex\",\"https:\\\/\\\/x.com\\\/comcoparmex\",\"http:\\\/\\\/instagram.com\\\/coparmexjalisco\",\"https:\\\/\\\/mx.linkedin.com\\\/company\\\/coparmex-jalisco\",\"https:\\\/\\\/www.youtube.com\\\/c\\\/CoparmexJaliscomx\"]},{\"@type\":\"Person\",\"@id\":\"https:\\\/\\\/coparmexjal.org.mx\\\/entorno-empresarial\\\/#\\\/schema\\\/person\\\/7d1d56a9587bfb3a725cd3dbfbdb9d44\",\"name\":\"Coparmex Jalisco\",\"image\":{\"@type\":\"ImageObject\",\"inLanguage\":\"es\",\"@id\":\"https:\\\/\\\/coparmexjal.org.mx\\\/entorno-empresarial\\\/wp-content\\\/uploads\\\/2020\\\/06\\\/favicon-150x133.png\",\"url\":\"https:\\\/\\\/coparmexjal.org.mx\\\/entorno-empresarial\\\/wp-content\\\/uploads\\\/2020\\\/06\\\/favicon-150x133.png\",\"contentUrl\":\"https:\\\/\\\/coparmexjal.org.mx\\\/entorno-empresarial\\\/wp-content\\\/uploads\\\/2020\\\/06\\\/favicon-150x133.png\",\"caption\":\"Coparmex Jalisco\"},\"url\":\"https:\\\/\\\/coparmexjal.org.mx\\\/entorno-empresarial\\\/author\\\/coparmexjalisco\\\/\"}]}<\/script>\n<!-- \/ Yoast SEO plugin. -->","yoast_head_json":{"title":"La salud es la prioridad, evitar el bot\u00f3n de emergencia requiere de todos los jaliscienses - Entorno Empresarial","robots":{"index":"index","follow":"follow","max-snippet":"max-snippet:-1","max-image-preview":"max-image-preview:large","max-video-preview":"max-video-preview:-1"},"canonical":"https:\/\/coparmexjal.org.mx\/entorno-empresarial\/la-salud-es-la-prioridad-evitar-el-boton-de-emergencia-requiere-de-todos-los-jaliscienses\/","og_locale":"es_MX","og_type":"article","og_title":"La salud es la prioridad, evitar el bot\u00f3n de emergencia requiere de todos los jaliscienses - Entorno Empresarial","og_description":"Ante el incremento de casos de COVID19 en la entidad el gobierno del estado anunci\u00f3 la implementaci\u00f3n de un tablero de alerta, conformado por dos","og_url":"https:\/\/coparmexjal.org.mx\/entorno-empresarial\/la-salud-es-la-prioridad-evitar-el-boton-de-emergencia-requiere-de-todos-los-jaliscienses\/","og_site_name":"Entorno Empresarial","article_publisher":"https:\/\/facebook.com\/comcoparmex","article_published_time":"2020-07-27T22:31:00+00:00","article_modified_time":"2021-01-06T23:34:52+00:00","og_image":[{"width":1200,"height":800,"url":"https:\/\/coparmexjal.org.mx\/entorno-empresarial\/wp-content\/uploads\/2021\/01\/maxime-agnelli-QC1oHW5JVu4-unsplash.jpg","type":"image\/jpeg"}],"author":"Coparmex Jalisco","twitter_card":"summary_large_image","twitter_creator":"@comcoparmex","twitter_site":"@comcoparmex","twitter_misc":{"Escrito por":"Coparmex Jalisco","Tiempo de lectura":"2 minutos"},"schema":{"@context":"https:\/\/schema.org","@graph":[{"@type":"Article","@id":"https:\/\/coparmexjal.org.mx\/entorno-empresarial\/la-salud-es-la-prioridad-evitar-el-boton-de-emergencia-requiere-de-todos-los-jaliscienses\/#article","isPartOf":{"@id":"https:\/\/coparmexjal.org.mx\/entorno-empresarial\/la-salud-es-la-prioridad-evitar-el-boton-de-emergencia-requiere-de-todos-los-jaliscienses\/"},"author":{"name":"Coparmex Jalisco","@id":"https:\/\/coparmexjal.org.mx\/entorno-empresarial\/#\/schema\/person\/7d1d56a9587bfb3a725cd3dbfbdb9d44"},"headline":"La salud es la prioridad, evitar el bot\u00f3n de emergencia requiere de todos los jaliscienses","datePublished":"2020-07-27T22:31:00+00:00","dateModified":"2021-01-06T23:34:52+00:00","mainEntityOfPage":{"@id":"https:\/\/coparmexjal.org.mx\/entorno-empresarial\/la-salud-es-la-prioridad-evitar-el-boton-de-emergencia-requiere-de-todos-los-jaliscienses\/"},"wordCount":418,"commentCount":0,"publisher":{"@id":"https:\/\/coparmexjal.org.mx\/entorno-empresarial\/#organization"},"image":{"@id":"https:\/\/coparmexjal.org.mx\/entorno-empresarial\/la-salud-es-la-prioridad-evitar-el-boton-de-emergencia-requiere-de-todos-los-jaliscienses\/#primaryimage"},"thumbnailUrl":"https:\/\/coparmexjal.org.mx\/entorno-empresarial\/wp-content\/uploads\/2021\/01\/maxime-agnelli-QC1oHW5JVu4-unsplash.jpg","keywords":["bot\u00f3n emergencia","empleo","Jalisco","salud"],"articleSection":["Noticias"],"inLanguage":"es","potentialAction":[{"@type":"CommentAction","name":"Comment","target":["https:\/\/coparmexjal.org.mx\/entorno-empresarial\/la-salud-es-la-prioridad-evitar-el-boton-de-emergencia-requiere-de-todos-los-jaliscienses\/#respond"]}]},{"@type":"WebPage","@id":"https:\/\/coparmexjal.org.mx\/entorno-empresarial\/la-salud-es-la-prioridad-evitar-el-boton-de-emergencia-requiere-de-todos-los-jaliscienses\/","url":"https:\/\/coparmexjal.org.mx\/entorno-empresarial\/la-salud-es-la-prioridad-evitar-el-boton-de-emergencia-requiere-de-todos-los-jaliscienses\/","name":"La salud es la prioridad, evitar el bot\u00f3n de emergencia requiere de todos los jaliscienses - Entorno Empresarial","isPartOf":{"@id":"https:\/\/coparmexjal.org.mx\/entorno-empresarial\/#website"},"primaryImageOfPage":{"@id":"https:\/\/coparmexjal.org.mx\/entorno-empresarial\/la-salud-es-la-prioridad-evitar-el-boton-de-emergencia-requiere-de-todos-los-jaliscienses\/#primaryimage"},"image":{"@id":"https:\/\/coparmexjal.org.mx\/entorno-empresarial\/la-salud-es-la-prioridad-evitar-el-boton-de-emergencia-requiere-de-todos-los-jaliscienses\/#primaryimage"},"thumbnailUrl":"https:\/\/coparmexjal.org.mx\/entorno-empresarial\/wp-content\/uploads\/2021\/01\/maxime-agnelli-QC1oHW5JVu4-unsplash.jpg","datePublished":"2020-07-27T22:31:00+00:00","dateModified":"2021-01-06T23:34:52+00:00","breadcrumb":{"@id":"https:\/\/coparmexjal.org.mx\/entorno-empresarial\/la-salud-es-la-prioridad-evitar-el-boton-de-emergencia-requiere-de-todos-los-jaliscienses\/#breadcrumb"},"inLanguage":"es","potentialAction":[{"@type":"ReadAction","target":["https:\/\/coparmexjal.org.mx\/entorno-empresarial\/la-salud-es-la-prioridad-evitar-el-boton-de-emergencia-requiere-de-todos-los-jaliscienses\/"]}]},{"@type":"ImageObject","inLanguage":"es","@id":"https:\/\/coparmexjal.org.mx\/entorno-empresarial\/la-salud-es-la-prioridad-evitar-el-boton-de-emergencia-requiere-de-todos-los-jaliscienses\/#primaryimage","url":"https:\/\/coparmexjal.org.mx\/entorno-empresarial\/wp-content\/uploads\/2021\/01\/maxime-agnelli-QC1oHW5JVu4-unsplash.jpg","contentUrl":"https:\/\/coparmexjal.org.mx\/entorno-empresarial\/wp-content\/uploads\/2021\/01\/maxime-agnelli-QC1oHW5JVu4-unsplash.jpg","width":1200,"height":800},{"@type":"BreadcrumbList","@id":"https:\/\/coparmexjal.org.mx\/entorno-empresarial\/la-salud-es-la-prioridad-evitar-el-boton-de-emergencia-requiere-de-todos-los-jaliscienses\/#breadcrumb","itemListElement":[{"@type":"ListItem","position":1,"name":"Inicio","item":"https:\/\/coparmexjal.org.mx\/entorno-empresarial\/"},{"@type":"ListItem","position":2,"name":"La salud es la prioridad, evitar el bot\u00f3n de emergencia requiere de todos los jaliscienses"}]},{"@type":"WebSite","@id":"https:\/\/coparmexjal.org.mx\/entorno-empresarial\/#website","url":"https:\/\/coparmexjal.org.mx\/entorno-empresarial\/","name":"Revista Entorno Empresarial","description":"Coparmex Jalisco","publisher":{"@id":"https:\/\/coparmexjal.org.mx\/entorno-empresarial\/#organization"},"potentialAction":[{"@type":"SearchAction","target":{"@type":"EntryPoint","urlTemplate":"https:\/\/coparmexjal.org.mx\/entorno-empresarial\/?s={search_term_string}"},"query-input":{"@type":"PropertyValueSpecification","valueRequired":true,"valueName":"search_term_string"}}],"inLanguage":"es"},{"@type":"Organization","@id":"https:\/\/coparmexjal.org.mx\/entorno-empresarial\/#organization","name":"Coparmex Jalisco","url":"https:\/\/coparmexjal.org.mx\/entorno-empresarial\/","logo":{"@type":"ImageObject","inLanguage":"es","@id":"https:\/\/coparmexjal.org.mx\/entorno-empresarial\/#\/schema\/logo\/image\/","url":"https:\/\/coparmexjal.org.mx\/entorno-empresarial\/wp-content\/uploads\/2020\/02\/logo-amp.png","contentUrl":"https:\/\/coparmexjal.org.mx\/entorno-empresarial\/wp-content\/uploads\/2020\/02\/logo-amp.png","width":120,"height":90,"caption":"Coparmex Jalisco"},"image":{"@id":"https:\/\/coparmexjal.org.mx\/entorno-empresarial\/#\/schema\/logo\/image\/"},"sameAs":["https:\/\/facebook.com\/comcoparmex","https:\/\/x.com\/comcoparmex","http:\/\/instagram.com\/coparmexjalisco","https:\/\/mx.linkedin.com\/company\/coparmex-jalisco","https:\/\/www.youtube.com\/c\/CoparmexJaliscomx"]},{"@type":"Person","@id":"https:\/\/coparmexjal.org.mx\/entorno-empresarial\/#\/schema\/person\/7d1d56a9587bfb3a725cd3dbfbdb9d44","name":"Coparmex Jalisco","image":{"@type":"ImageObject","inLanguage":"es","@id":"https:\/\/coparmexjal.org.mx\/entorno-empresarial\/wp-content\/uploads\/2020\/06\/favicon-150x133.png","url":"https:\/\/coparmexjal.org.mx\/entorno-empresarial\/wp-content\/uploads\/2020\/06\/favicon-150x133.png","contentUrl":"https:\/\/coparmexjal.org.mx\/entorno-empresarial\/wp-content\/uploads\/2020\/06\/favicon-150x133.png","caption":"Coparmex Jalisco"},"url":"https:\/\/coparmexjal.org.mx\/entorno-empresarial\/author\/coparmexjalisco\/"}]}},"_links":{"self":[{"href":"https:\/\/coparmexjal.org.mx\/entorno-empresarial\/wp-json\/wp\/v2\/posts\/4398","targetHints":{"allow":["GET"]}}],"collection":[{"href":"https:\/\/coparmexjal.org.mx\/entorno-empresarial\/wp-json\/wp\/v2\/posts"}],"about":[{"href":"https:\/\/coparmexjal.org.mx\/entorno-empresarial\/wp-json\/wp\/v2\/types\/post"}],"author":[{"embeddable":true,"href":"https:\/\/coparmexjal.org.mx\/entorno-empresarial\/wp-json\/wp\/v2\/users\/2"}],"replies":[{"embeddable":true,"href":"https:\/\/coparmexjal.org.mx\/entorno-empresarial\/wp-json\/wp\/v2\/comments?post=4398"}],"version-history":[{"count":1,"href":"https:\/\/coparmexjal.org.mx\/entorno-empresarial\/wp-json\/wp\/v2\/posts\/4398\/revisions"}],"predecessor-version":[{"id":4400,"href":"https:\/\/coparmexjal.org.mx\/entorno-empresarial\/wp-json\/wp\/v2\/posts\/4398\/revisions\/4400"}],"wp:featuredmedia":[{"embeddable":true,"href":"https:\/\/coparmexjal.org.mx\/entorno-empresarial\/wp-json\/wp\/v2\/media\/4399"}],"wp:attachment":[{"href":"https:\/\/coparmexjal.org.mx\/entorno-empresarial\/wp-json\/wp\/v2\/media?parent=4398"}],"wp:term":[{"taxonomy":"category","embeddable":true,"href":"https:\/\/coparmexjal.org.mx\/entorno-empresarial\/wp-json\/wp\/v2\/categories?post=4398"},{"taxonomy":"post_tag","embeddable":true,"href":"https:\/\/coparmexjal.org.mx\/entorno-empresarial\/wp-json\/wp\/v2\/tags?post=4398"}],"curies":[{"name":"wp","href":"https:\/\/api.w.org\/{rel}","templated":true}]}}