{"id":4393,"date":"2020-11-13T17:21:00","date_gmt":"2020-11-13T23:21:00","guid":{"rendered":"https:\/\/coparmexjal.org.mx\/entorno-empresarial\/?p=4393"},"modified":"2021-01-06T17:57:18","modified_gmt":"2021-01-06T23:57:18","slug":"jalisco-se-posiciona-como-el-estado-numero-uno-de-la-region-occidente-en-generacion-de-empleo","status":"publish","type":"post","link":"https:\/\/coparmexjal.org.mx\/entorno-empresarial\/jalisco-se-posiciona-como-el-estado-numero-uno-de-la-region-occidente-en-generacion-de-empleo\/","title":{"rendered":"Jalisco se posiciona  como el estado n\u00famero uno de la Regi\u00f3n Occidente en generaci\u00f3n de empleo"},"content":{"rendered":"\n<p>Jalisco se ha posicionado como <strong>el estado n\u00famero uno de la Regi\u00f3n Occidente y el segundo a nivel nacional en generaci\u00f3n de empleo<\/strong> desde que comenz\u00f3 la activaci\u00f3n econ\u00f3mica en julio pasado.<\/p>\n\n\n\n<p>Durante el mes de octubre en Jalisco <strong>se generaron 18,673 nuevas fuentes de trabajo, siendo el mejor mes de los \u00faltimos 3 a\u00f1os<\/strong>,&nbsp; destacando adem\u00e1s que es el mejor mes en generaci\u00f3n desde el inicio del a\u00f1o y el tercer mejor octubre desde que se tiene registro administrativo.&nbsp;<\/p>\n\n\n\n<p>En el estado se han generado <strong>en el estado&nbsp; 45 mil 699 empleos durante los meses de agosto, septiembre y octubre<\/strong>, sin embargo, recordemos que e<strong>n los meses de marzo a julio se perdieron 95,331 empleos<\/strong>, es decir que solo<strong> hemos recuperado cerca del 50%<\/strong> de lo que se perdi\u00f3 durante los meses de aislamiento. &nbsp;<\/p>\n\n\n\n<p>Reconocemos el esfuerzo que las empresas&nbsp; han realizado, siendo&nbsp; responsables desde el inicio de la contingencia con el cumplimiento de protocolos, privilegiando la salud de los colaboradores clientes y proveedores.&nbsp;<\/p>\n\n\n\n<p>Aunque comenzamos a ver generaci\u00f3n de empleo en la mayor\u00eda de los estados, a\u00fan no podemos hablar de una recuperaci\u00f3n ya que el rezago en generaci\u00f3n de empleo comparado con otros a\u00f1os ronda en poco <strong>m\u00e1s del 50%, por lo que es necesario que los gobiernos de los tres \u00f3rdenes act\u00faen de forma coordinada<\/strong>. Pedimos apertura del Gobierno Federal para hacer frente al reto del empleo, resultado de la contingencia y con ello evitar el menor impacto posible al ingreso de los colaboradores y sus familias.&nbsp;<\/p>\n","protected":false},"excerpt":{"rendered":"<p>Jalisco se ha posicionado como el estado n\u00famero uno de la Regi\u00f3n Occidente y el segundo a nivel nacional en generaci\u00f3n de empleo desde que<\/p>\n","protected":false},"author":2,"featured_media":4394,"comment_status":"open","ping_status":"open","sticky":false,"template":"","format":"standard","meta":{"footnotes":""},"categories":[348],"tags":[405,441,433,257,680],"class_list":["post-4393","post","type-post","status-publish","format-standard","has-post-thumbnail","hentry","category-noticias","tag-coparmex-jalisco","tag-empleo","tag-imss","tag-jalisco","tag-reactivacion-economica"],"yoast_head":"<!-- This site is optimized with the Yoast SEO plugin v27.5 - https:\/\/yoast.com\/product\/yoast-seo-wordpress\/ -->\n<title>Jalisco se posiciona como el estado n\u00famero uno de la Regi\u00f3n Occidente en generaci\u00f3n de empleo - Entorno Empresarial<\/title>\n<meta name=\"robots\" content=\"index, follow, max-snippet:-1, max-image-preview:large, max-video-preview:-1\" \/>\n<link rel=\"canonical\" href=\"https:\/\/coparmexjal.org.mx\/entorno-empresarial\/jalisco-se-posiciona-como-el-estado-numero-uno-de-la-region-occidente-en-generacion-de-empleo\/\" \/>\n<meta property=\"og:locale\" content=\"es_MX\" \/>\n<meta property=\"og:type\" content=\"article\" \/>\n<meta property=\"og:title\" content=\"Jalisco se posiciona como el estado n\u00famero uno de la Regi\u00f3n Occidente en generaci\u00f3n de empleo - Entorno Empresarial\" \/>\n<meta property=\"og:description\" content=\"Jalisco se ha posicionado como el estado n\u00famero uno de la Regi\u00f3n Occidente y el segundo a nivel nacional en generaci\u00f3n de empleo desde que\" \/>\n<meta property=\"og:url\" content=\"https:\/\/coparmexjal.org.mx\/entorno-empresarial\/jalisco-se-posiciona-como-el-estado-numero-uno-de-la-region-occidente-en-generacion-de-empleo\/\" \/>\n<meta property=\"og:site_name\" content=\"Entorno Empresarial\" \/>\n<meta property=\"article:publisher\" content=\"https:\/\/facebook.com\/comcoparmex\" \/>\n<meta property=\"article:published_time\" content=\"2020-11-13T23:21:00+00:00\" \/>\n<meta property=\"article:modified_time\" content=\"2021-01-06T23:57:18+00:00\" \/>\n<meta property=\"og:image\" content=\"https:\/\/coparmexjal.org.mx\/entorno-empresarial\/wp-content\/uploads\/2021\/01\/linkedin-sales-navigator-B_DJO2-K22M-unsplash.jpg\" \/>\n\t<meta property=\"og:image:width\" content=\"533\" \/>\n\t<meta property=\"og:image:height\" content=\"800\" \/>\n\t<meta property=\"og:image:type\" content=\"image\/jpeg\" \/>\n<meta name=\"author\" content=\"Coparmex Jalisco\" \/>\n<meta name=\"twitter:card\" content=\"summary_large_image\" \/>\n<meta name=\"twitter:creator\" content=\"@comcoparmex\" \/>\n<meta name=\"twitter:site\" content=\"@comcoparmex\" \/>\n<meta name=\"twitter:label1\" content=\"Escrito por\" \/>\n\t<meta name=\"twitter:data1\" content=\"Coparmex Jalisco\" \/>\n\t<meta name=\"twitter:label2\" content=\"Tiempo de lectura\" \/>\n\t<meta name=\"twitter:data2\" content=\"1 minuto\" \/>\n<script type=\"application\/ld+json\" class=\"yoast-schema-graph\">{\"@context\":\"https:\\\/\\\/schema.org\",\"@graph\":[{\"@type\":\"Article\",\"@id\":\"https:\\\/\\\/coparmexjal.org.mx\\\/entorno-empresarial\\\/jalisco-se-posiciona-como-el-estado-numero-uno-de-la-region-occidente-en-generacion-de-empleo\\\/#article\",\"isPartOf\":{\"@id\":\"https:\\\/\\\/coparmexjal.org.mx\\\/entorno-empresarial\\\/jalisco-se-posiciona-como-el-estado-numero-uno-de-la-region-occidente-en-generacion-de-empleo\\\/\"},\"author\":{\"name\":\"Coparmex Jalisco\",\"@id\":\"https:\\\/\\\/coparmexjal.org.mx\\\/entorno-empresarial\\\/#\\\/schema\\\/person\\\/7d1d56a9587bfb3a725cd3dbfbdb9d44\"},\"headline\":\"Jalisco se posiciona como el estado n\u00famero uno de la Regi\u00f3n Occidente en generaci\u00f3n de empleo\",\"datePublished\":\"2020-11-13T23:21:00+00:00\",\"dateModified\":\"2021-01-06T23:57:18+00:00\",\"mainEntityOfPage\":{\"@id\":\"https:\\\/\\\/coparmexjal.org.mx\\\/entorno-empresarial\\\/jalisco-se-posiciona-como-el-estado-numero-uno-de-la-region-occidente-en-generacion-de-empleo\\\/\"},\"wordCount\":288,\"commentCount\":0,\"publisher\":{\"@id\":\"https:\\\/\\\/coparmexjal.org.mx\\\/entorno-empresarial\\\/#organization\"},\"image\":{\"@id\":\"https:\\\/\\\/coparmexjal.org.mx\\\/entorno-empresarial\\\/jalisco-se-posiciona-como-el-estado-numero-uno-de-la-region-occidente-en-generacion-de-empleo\\\/#primaryimage\"},\"thumbnailUrl\":\"https:\\\/\\\/coparmexjal.org.mx\\\/entorno-empresarial\\\/wp-content\\\/uploads\\\/2021\\\/01\\\/linkedin-sales-navigator-B_DJO2-K22M-unsplash.jpg\",\"keywords\":[\"coparmex jalisco\",\"empleo\",\"imss\",\"Jalisco\",\"Reactivacion economica\"],\"articleSection\":[\"Noticias\"],\"inLanguage\":\"es\",\"potentialAction\":[{\"@type\":\"CommentAction\",\"name\":\"Comment\",\"target\":[\"https:\\\/\\\/coparmexjal.org.mx\\\/entorno-empresarial\\\/jalisco-se-posiciona-como-el-estado-numero-uno-de-la-region-occidente-en-generacion-de-empleo\\\/#respond\"]}]},{\"@type\":\"WebPage\",\"@id\":\"https:\\\/\\\/coparmexjal.org.mx\\\/entorno-empresarial\\\/jalisco-se-posiciona-como-el-estado-numero-uno-de-la-region-occidente-en-generacion-de-empleo\\\/\",\"url\":\"https:\\\/\\\/coparmexjal.org.mx\\\/entorno-empresarial\\\/jalisco-se-posiciona-como-el-estado-numero-uno-de-la-region-occidente-en-generacion-de-empleo\\\/\",\"name\":\"Jalisco se posiciona como el estado n\u00famero uno de la Regi\u00f3n Occidente en generaci\u00f3n de empleo - Entorno Empresarial\",\"isPartOf\":{\"@id\":\"https:\\\/\\\/coparmexjal.org.mx\\\/entorno-empresarial\\\/#website\"},\"primaryImageOfPage\":{\"@id\":\"https:\\\/\\\/coparmexjal.org.mx\\\/entorno-empresarial\\\/jalisco-se-posiciona-como-el-estado-numero-uno-de-la-region-occidente-en-generacion-de-empleo\\\/#primaryimage\"},\"image\":{\"@id\":\"https:\\\/\\\/coparmexjal.org.mx\\\/entorno-empresarial\\\/jalisco-se-posiciona-como-el-estado-numero-uno-de-la-region-occidente-en-generacion-de-empleo\\\/#primaryimage\"},\"thumbnailUrl\":\"https:\\\/\\\/coparmexjal.org.mx\\\/entorno-empresarial\\\/wp-content\\\/uploads\\\/2021\\\/01\\\/linkedin-sales-navigator-B_DJO2-K22M-unsplash.jpg\",\"datePublished\":\"2020-11-13T23:21:00+00:00\",\"dateModified\":\"2021-01-06T23:57:18+00:00\",\"breadcrumb\":{\"@id\":\"https:\\\/\\\/coparmexjal.org.mx\\\/entorno-empresarial\\\/jalisco-se-posiciona-como-el-estado-numero-uno-de-la-region-occidente-en-generacion-de-empleo\\\/#breadcrumb\"},\"inLanguage\":\"es\",\"potentialAction\":[{\"@type\":\"ReadAction\",\"target\":[\"https:\\\/\\\/coparmexjal.org.mx\\\/entorno-empresarial\\\/jalisco-se-posiciona-como-el-estado-numero-uno-de-la-region-occidente-en-generacion-de-empleo\\\/\"]}]},{\"@type\":\"ImageObject\",\"inLanguage\":\"es\",\"@id\":\"https:\\\/\\\/coparmexjal.org.mx\\\/entorno-empresarial\\\/jalisco-se-posiciona-como-el-estado-numero-uno-de-la-region-occidente-en-generacion-de-empleo\\\/#primaryimage\",\"url\":\"https:\\\/\\\/coparmexjal.org.mx\\\/entorno-empresarial\\\/wp-content\\\/uploads\\\/2021\\\/01\\\/linkedin-sales-navigator-B_DJO2-K22M-unsplash.jpg\",\"contentUrl\":\"https:\\\/\\\/coparmexjal.org.mx\\\/entorno-empresarial\\\/wp-content\\\/uploads\\\/2021\\\/01\\\/linkedin-sales-navigator-B_DJO2-K22M-unsplash.jpg\",\"width\":533,\"height\":800},{\"@type\":\"BreadcrumbList\",\"@id\":\"https:\\\/\\\/coparmexjal.org.mx\\\/entorno-empresarial\\\/jalisco-se-posiciona-como-el-estado-numero-uno-de-la-region-occidente-en-generacion-de-empleo\\\/#breadcrumb\",\"itemListElement\":[{\"@type\":\"ListItem\",\"position\":1,\"name\":\"Inicio\",\"item\":\"https:\\\/\\\/coparmexjal.org.mx\\\/entorno-empresarial\\\/\"},{\"@type\":\"ListItem\",\"position\":2,\"name\":\"Jalisco se posiciona como el estado n\u00famero uno de la Regi\u00f3n Occidente en generaci\u00f3n de empleo\"}]},{\"@type\":\"WebSite\",\"@id\":\"https:\\\/\\\/coparmexjal.org.mx\\\/entorno-empresarial\\\/#website\",\"url\":\"https:\\\/\\\/coparmexjal.org.mx\\\/entorno-empresarial\\\/\",\"name\":\"Revista Entorno Empresarial\",\"description\":\"Coparmex Jalisco\",\"publisher\":{\"@id\":\"https:\\\/\\\/coparmexjal.org.mx\\\/entorno-empresarial\\\/#organization\"},\"potentialAction\":[{\"@type\":\"SearchAction\",\"target\":{\"@type\":\"EntryPoint\",\"urlTemplate\":\"https:\\\/\\\/coparmexjal.org.mx\\\/entorno-empresarial\\\/?s={search_term_string}\"},\"query-input\":{\"@type\":\"PropertyValueSpecification\",\"valueRequired\":true,\"valueName\":\"search_term_string\"}}],\"inLanguage\":\"es\"},{\"@type\":\"Organization\",\"@id\":\"https:\\\/\\\/coparmexjal.org.mx\\\/entorno-empresarial\\\/#organization\",\"name\":\"Coparmex Jalisco\",\"url\":\"https:\\\/\\\/coparmexjal.org.mx\\\/entorno-empresarial\\\/\",\"logo\":{\"@type\":\"ImageObject\",\"inLanguage\":\"es\",\"@id\":\"https:\\\/\\\/coparmexjal.org.mx\\\/entorno-empresarial\\\/#\\\/schema\\\/logo\\\/image\\\/\",\"url\":\"https:\\\/\\\/coparmexjal.org.mx\\\/entorno-empresarial\\\/wp-content\\\/uploads\\\/2020\\\/02\\\/logo-amp.png\",\"contentUrl\":\"https:\\\/\\\/coparmexjal.org.mx\\\/entorno-empresarial\\\/wp-content\\\/uploads\\\/2020\\\/02\\\/logo-amp.png\",\"width\":120,\"height\":90,\"caption\":\"Coparmex Jalisco\"},\"image\":{\"@id\":\"https:\\\/\\\/coparmexjal.org.mx\\\/entorno-empresarial\\\/#\\\/schema\\\/logo\\\/image\\\/\"},\"sameAs\":[\"https:\\\/\\\/facebook.com\\\/comcoparmex\",\"https:\\\/\\\/x.com\\\/comcoparmex\",\"http:\\\/\\\/instagram.com\\\/coparmexjalisco\",\"https:\\\/\\\/mx.linkedin.com\\\/company\\\/coparmex-jalisco\",\"https:\\\/\\\/www.youtube.com\\\/c\\\/CoparmexJaliscomx\"]},{\"@type\":\"Person\",\"@id\":\"https:\\\/\\\/coparmexjal.org.mx\\\/entorno-empresarial\\\/#\\\/schema\\\/person\\\/7d1d56a9587bfb3a725cd3dbfbdb9d44\",\"name\":\"Coparmex Jalisco\",\"image\":{\"@type\":\"ImageObject\",\"inLanguage\":\"es\",\"@id\":\"https:\\\/\\\/coparmexjal.org.mx\\\/entorno-empresarial\\\/wp-content\\\/uploads\\\/2020\\\/06\\\/favicon-150x133.png\",\"url\":\"https:\\\/\\\/coparmexjal.org.mx\\\/entorno-empresarial\\\/wp-content\\\/uploads\\\/2020\\\/06\\\/favicon-150x133.png\",\"contentUrl\":\"https:\\\/\\\/coparmexjal.org.mx\\\/entorno-empresarial\\\/wp-content\\\/uploads\\\/2020\\\/06\\\/favicon-150x133.png\",\"caption\":\"Coparmex Jalisco\"},\"url\":\"https:\\\/\\\/coparmexjal.org.mx\\\/entorno-empresarial\\\/author\\\/coparmexjalisco\\\/\"}]}<\/script>\n<!-- \/ Yoast SEO plugin. -->","yoast_head_json":{"title":"Jalisco se posiciona como el estado n\u00famero uno de la Regi\u00f3n Occidente en generaci\u00f3n de empleo - Entorno Empresarial","robots":{"index":"index","follow":"follow","max-snippet":"max-snippet:-1","max-image-preview":"max-image-preview:large","max-video-preview":"max-video-preview:-1"},"canonical":"https:\/\/coparmexjal.org.mx\/entorno-empresarial\/jalisco-se-posiciona-como-el-estado-numero-uno-de-la-region-occidente-en-generacion-de-empleo\/","og_locale":"es_MX","og_type":"article","og_title":"Jalisco se posiciona como el estado n\u00famero uno de la Regi\u00f3n Occidente en generaci\u00f3n de empleo - Entorno Empresarial","og_description":"Jalisco se ha posicionado como el estado n\u00famero uno de la Regi\u00f3n Occidente y el segundo a nivel nacional en generaci\u00f3n de empleo desde que","og_url":"https:\/\/coparmexjal.org.mx\/entorno-empresarial\/jalisco-se-posiciona-como-el-estado-numero-uno-de-la-region-occidente-en-generacion-de-empleo\/","og_site_name":"Entorno Empresarial","article_publisher":"https:\/\/facebook.com\/comcoparmex","article_published_time":"2020-11-13T23:21:00+00:00","article_modified_time":"2021-01-06T23:57:18+00:00","og_image":[{"width":533,"height":800,"url":"https:\/\/coparmexjal.org.mx\/entorno-empresarial\/wp-content\/uploads\/2021\/01\/linkedin-sales-navigator-B_DJO2-K22M-unsplash.jpg","type":"image\/jpeg"}],"author":"Coparmex Jalisco","twitter_card":"summary_large_image","twitter_creator":"@comcoparmex","twitter_site":"@comcoparmex","twitter_misc":{"Escrito por":"Coparmex Jalisco","Tiempo de lectura":"1 minuto"},"schema":{"@context":"https:\/\/schema.org","@graph":[{"@type":"Article","@id":"https:\/\/coparmexjal.org.mx\/entorno-empresarial\/jalisco-se-posiciona-como-el-estado-numero-uno-de-la-region-occidente-en-generacion-de-empleo\/#article","isPartOf":{"@id":"https:\/\/coparmexjal.org.mx\/entorno-empresarial\/jalisco-se-posiciona-como-el-estado-numero-uno-de-la-region-occidente-en-generacion-de-empleo\/"},"author":{"name":"Coparmex Jalisco","@id":"https:\/\/coparmexjal.org.mx\/entorno-empresarial\/#\/schema\/person\/7d1d56a9587bfb3a725cd3dbfbdb9d44"},"headline":"Jalisco se posiciona como el estado n\u00famero uno de la Regi\u00f3n Occidente en generaci\u00f3n de empleo","datePublished":"2020-11-13T23:21:00+00:00","dateModified":"2021-01-06T23:57:18+00:00","mainEntityOfPage":{"@id":"https:\/\/coparmexjal.org.mx\/entorno-empresarial\/jalisco-se-posiciona-como-el-estado-numero-uno-de-la-region-occidente-en-generacion-de-empleo\/"},"wordCount":288,"commentCount":0,"publisher":{"@id":"https:\/\/coparmexjal.org.mx\/entorno-empresarial\/#organization"},"image":{"@id":"https:\/\/coparmexjal.org.mx\/entorno-empresarial\/jalisco-se-posiciona-como-el-estado-numero-uno-de-la-region-occidente-en-generacion-de-empleo\/#primaryimage"},"thumbnailUrl":"https:\/\/coparmexjal.org.mx\/entorno-empresarial\/wp-content\/uploads\/2021\/01\/linkedin-sales-navigator-B_DJO2-K22M-unsplash.jpg","keywords":["coparmex jalisco","empleo","imss","Jalisco","Reactivacion economica"],"articleSection":["Noticias"],"inLanguage":"es","potentialAction":[{"@type":"CommentAction","name":"Comment","target":["https:\/\/coparmexjal.org.mx\/entorno-empresarial\/jalisco-se-posiciona-como-el-estado-numero-uno-de-la-region-occidente-en-generacion-de-empleo\/#respond"]}]},{"@type":"WebPage","@id":"https:\/\/coparmexjal.org.mx\/entorno-empresarial\/jalisco-se-posiciona-como-el-estado-numero-uno-de-la-region-occidente-en-generacion-de-empleo\/","url":"https:\/\/coparmexjal.org.mx\/entorno-empresarial\/jalisco-se-posiciona-como-el-estado-numero-uno-de-la-region-occidente-en-generacion-de-empleo\/","name":"Jalisco se posiciona como el estado n\u00famero uno de la Regi\u00f3n Occidente en generaci\u00f3n de empleo - Entorno Empresarial","isPartOf":{"@id":"https:\/\/coparmexjal.org.mx\/entorno-empresarial\/#website"},"primaryImageOfPage":{"@id":"https:\/\/coparmexjal.org.mx\/entorno-empresarial\/jalisco-se-posiciona-como-el-estado-numero-uno-de-la-region-occidente-en-generacion-de-empleo\/#primaryimage"},"image":{"@id":"https:\/\/coparmexjal.org.mx\/entorno-empresarial\/jalisco-se-posiciona-como-el-estado-numero-uno-de-la-region-occidente-en-generacion-de-empleo\/#primaryimage"},"thumbnailUrl":"https:\/\/coparmexjal.org.mx\/entorno-empresarial\/wp-content\/uploads\/2021\/01\/linkedin-sales-navigator-B_DJO2-K22M-unsplash.jpg","datePublished":"2020-11-13T23:21:00+00:00","dateModified":"2021-01-06T23:57:18+00:00","breadcrumb":{"@id":"https:\/\/coparmexjal.org.mx\/entorno-empresarial\/jalisco-se-posiciona-como-el-estado-numero-uno-de-la-region-occidente-en-generacion-de-empleo\/#breadcrumb"},"inLanguage":"es","potentialAction":[{"@type":"ReadAction","target":["https:\/\/coparmexjal.org.mx\/entorno-empresarial\/jalisco-se-posiciona-como-el-estado-numero-uno-de-la-region-occidente-en-generacion-de-empleo\/"]}]},{"@type":"ImageObject","inLanguage":"es","@id":"https:\/\/coparmexjal.org.mx\/entorno-empresarial\/jalisco-se-posiciona-como-el-estado-numero-uno-de-la-region-occidente-en-generacion-de-empleo\/#primaryimage","url":"https:\/\/coparmexjal.org.mx\/entorno-empresarial\/wp-content\/uploads\/2021\/01\/linkedin-sales-navigator-B_DJO2-K22M-unsplash.jpg","contentUrl":"https:\/\/coparmexjal.org.mx\/entorno-empresarial\/wp-content\/uploads\/2021\/01\/linkedin-sales-navigator-B_DJO2-K22M-unsplash.jpg","width":533,"height":800},{"@type":"BreadcrumbList","@id":"https:\/\/coparmexjal.org.mx\/entorno-empresarial\/jalisco-se-posiciona-como-el-estado-numero-uno-de-la-region-occidente-en-generacion-de-empleo\/#breadcrumb","itemListElement":[{"@type":"ListItem","position":1,"name":"Inicio","item":"https:\/\/coparmexjal.org.mx\/entorno-empresarial\/"},{"@type":"ListItem","position":2,"name":"Jalisco se posiciona como el estado n\u00famero uno de la Regi\u00f3n Occidente en generaci\u00f3n de empleo"}]},{"@type":"WebSite","@id":"https:\/\/coparmexjal.org.mx\/entorno-empresarial\/#website","url":"https:\/\/coparmexjal.org.mx\/entorno-empresarial\/","name":"Revista Entorno Empresarial","description":"Coparmex Jalisco","publisher":{"@id":"https:\/\/coparmexjal.org.mx\/entorno-empresarial\/#organization"},"potentialAction":[{"@type":"SearchAction","target":{"@type":"EntryPoint","urlTemplate":"https:\/\/coparmexjal.org.mx\/entorno-empresarial\/?s={search_term_string}"},"query-input":{"@type":"PropertyValueSpecification","valueRequired":true,"valueName":"search_term_string"}}],"inLanguage":"es"},{"@type":"Organization","@id":"https:\/\/coparmexjal.org.mx\/entorno-empresarial\/#organization","name":"Coparmex Jalisco","url":"https:\/\/coparmexjal.org.mx\/entorno-empresarial\/","logo":{"@type":"ImageObject","inLanguage":"es","@id":"https:\/\/coparmexjal.org.mx\/entorno-empresarial\/#\/schema\/logo\/image\/","url":"https:\/\/coparmexjal.org.mx\/entorno-empresarial\/wp-content\/uploads\/2020\/02\/logo-amp.png","contentUrl":"https:\/\/coparmexjal.org.mx\/entorno-empresarial\/wp-content\/uploads\/2020\/02\/logo-amp.png","width":120,"height":90,"caption":"Coparmex Jalisco"},"image":{"@id":"https:\/\/coparmexjal.org.mx\/entorno-empresarial\/#\/schema\/logo\/image\/"},"sameAs":["https:\/\/facebook.com\/comcoparmex","https:\/\/x.com\/comcoparmex","http:\/\/instagram.com\/coparmexjalisco","https:\/\/mx.linkedin.com\/company\/coparmex-jalisco","https:\/\/www.youtube.com\/c\/CoparmexJaliscomx"]},{"@type":"Person","@id":"https:\/\/coparmexjal.org.mx\/entorno-empresarial\/#\/schema\/person\/7d1d56a9587bfb3a725cd3dbfbdb9d44","name":"Coparmex Jalisco","image":{"@type":"ImageObject","inLanguage":"es","@id":"https:\/\/coparmexjal.org.mx\/entorno-empresarial\/wp-content\/uploads\/2020\/06\/favicon-150x133.png","url":"https:\/\/coparmexjal.org.mx\/entorno-empresarial\/wp-content\/uploads\/2020\/06\/favicon-150x133.png","contentUrl":"https:\/\/coparmexjal.org.mx\/entorno-empresarial\/wp-content\/uploads\/2020\/06\/favicon-150x133.png","caption":"Coparmex Jalisco"},"url":"https:\/\/coparmexjal.org.mx\/entorno-empresarial\/author\/coparmexjalisco\/"}]}},"_links":{"self":[{"href":"https:\/\/coparmexjal.org.mx\/entorno-empresarial\/wp-json\/wp\/v2\/posts\/4393","targetHints":{"allow":["GET"]}}],"collection":[{"href":"https:\/\/coparmexjal.org.mx\/entorno-empresarial\/wp-json\/wp\/v2\/posts"}],"about":[{"href":"https:\/\/coparmexjal.org.mx\/entorno-empresarial\/wp-json\/wp\/v2\/types\/post"}],"author":[{"embeddable":true,"href":"https:\/\/coparmexjal.org.mx\/entorno-empresarial\/wp-json\/wp\/v2\/users\/2"}],"replies":[{"embeddable":true,"href":"https:\/\/coparmexjal.org.mx\/entorno-empresarial\/wp-json\/wp\/v2\/comments?post=4393"}],"version-history":[{"count":1,"href":"https:\/\/coparmexjal.org.mx\/entorno-empresarial\/wp-json\/wp\/v2\/posts\/4393\/revisions"}],"predecessor-version":[{"id":4395,"href":"https:\/\/coparmexjal.org.mx\/entorno-empresarial\/wp-json\/wp\/v2\/posts\/4393\/revisions\/4395"}],"wp:featuredmedia":[{"embeddable":true,"href":"https:\/\/coparmexjal.org.mx\/entorno-empresarial\/wp-json\/wp\/v2\/media\/4394"}],"wp:attachment":[{"href":"https:\/\/coparmexjal.org.mx\/entorno-empresarial\/wp-json\/wp\/v2\/media?parent=4393"}],"wp:term":[{"taxonomy":"category","embeddable":true,"href":"https:\/\/coparmexjal.org.mx\/entorno-empresarial\/wp-json\/wp\/v2\/categories?post=4393"},{"taxonomy":"post_tag","embeddable":true,"href":"https:\/\/coparmexjal.org.mx\/entorno-empresarial\/wp-json\/wp\/v2\/tags?post=4393"}],"curies":[{"name":"wp","href":"https:\/\/api.w.org\/{rel}","templated":true}]}}