{"id":4391,"date":"2020-04-01T17:08:00","date_gmt":"2020-04-01T23:08:00","guid":{"rendered":"https:\/\/coparmexjal.org.mx\/entorno-empresarial\/?p=4391"},"modified":"2021-01-06T17:10:23","modified_gmt":"2021-01-06T23:10:23","slug":"pacto-por-la-estabilidad-y-el-empleo-en-jalisco","status":"publish","type":"post","link":"https:\/\/coparmexjal.org.mx\/entorno-empresarial\/pacto-por-la-estabilidad-y-el-empleo-en-jalisco\/","title":{"rendered":"Pacto por la estabilidad y el empleo en Jalisco"},"content":{"rendered":"\n<p>En M\u00e9xico y en el mundo enfrentamos uno de los momentos m\u00e1s complejos en varias generaciones. La pandemia de COVID-19 ha obligado a imponer medidas restrictivas, de distanciamiento social y el cierre de negocios en m\u00e1s de un centenar de pa\u00edses para contenerla. En Jalisco, todos los sectores, entendemos las dimensiones de lo que esta enfermedad implica, a partir de la situaci\u00f3n dram\u00e1tica que se est\u00e1 viviendo en otros pa\u00edses, con la p\u00e9rdida de vidas humanas.<\/p>\n\n\n\n<p>Desde el primer momento apoyamos las acciones que se implementaron por parte del Gobierno del Estado de Jalisco, para evitar la propagaci\u00f3n de COVID-19 en nuestro estado. Y ante la declaratoria de emergencia sanitaria por parte de las autoridades federales del pasado lunes 30 de marzo, que el d\u00eda de hoy nos obligan en todo el pa\u00eds a cerrar una gran cantidad de empresas de giros no esenciales, los sectores, obrero \u2013patronal de Jalisco, aceptamos y apoyamos esta decisi\u00f3n del gobierno nacional.<\/p>\n\n\n\n<p>Esto no significa que desconozcamos y nos preocupen las graves consecuencias que esta medida tendr\u00e1 para nuestras econom\u00edas locales, el cierre definitivo e inevitable de empresas, la p\u00e9rdida de miles empleos, y la falta de ingresos que esto generar\u00e1 en muchas familias. Significa que priorizamos la salud de todas y todos.&nbsp;<\/p>\n\n\n\n<p>Sin embargo, es imprescindible un mayor apoyo e involucramiento por parte del Gobierno Federal hacia el sector productivo. No pedimos la condonaci\u00f3n de impuestos, se pide ox\u00edgeno para continuar y poder mantener las fuentes de empleo de miles de familias que viven al d\u00eda con el producto de su trabajo.<\/p>\n\n\n\n<p>En este entendimiento en Jalisco, y con el objetivo de aminorar estas afectaciones econ\u00f3micas y sociales, les comunicamos que estamos trabajando juntos de manera continua a partir de hoy en la construcci\u00f3n de un <strong>Pacto por la Estabilidad y el Empleo en Jalisco,<\/strong> una mesa que buscar\u00e1 construir soluciones y dise\u00f1ar salvaguardas para empresas y trabajadores, que nos permitan salir adelante, de manera generosa, con las menores afectaciones posibles. No podemos cruzarnos de brazos y ver cerrar a las empresas y perder empleos, por eso, la mesa operar\u00e1 de forma permanente y estar\u00e1 conformada por representantes de la iniciativa privada y el sector obrero \u2013 sindical de Jalisco. Con oportunidad estaremos informando a la opini\u00f3n p\u00fablica aspectos relevantes como producto de estas deliberaciones.<\/p>\n\n\n\n<p>De acuerdo con las disposiciones oficiales emitidas por el gobierno federal, este es el momento de quedarnos en casa el mayor tiempo posible, salir solamente para lo esencial y ser responsable con las medidas sanitarias indicadas al salir.&nbsp; A las empresas de giro no esencial, las conminamos a respetar las instrucciones dictadas por la autoridad, de no abrir y suspender operaciones el d\u00eda de hoy a m\u00e1s tardar a las 19:00 horas. Sabemos que les estamos pidiendo dejar de respirar, pero debemos acatar las disposiciones oficiales y por ello insistiremos ante el Gobierno federal que implemente medidas de apoyo econ\u00f3mico y fiscal. &nbsp;<\/p>\n\n\n\n<p>Este momento tan cr\u00edtico en M\u00e9xico, nos demanda trabajar en equipo y unidos, gobierno, iniciativa privada, el sector obrero \u2013sindical, academia y sociedad. Nos demanda fraternidad, integridad, creatividad, trabajo y el esfuerzo de todos, cada qui\u00e9n haciendo su parte, buscando el bien ser de trabajadores, empresas y de Jalisco. Porque solo en unidad, con responsabilidad y de manera solidaria, podremos salir de estos momentos dif\u00edciles. Porque para seguir construyendo una comunidad saludable, con bienestar social y econ\u00f3mico, \u00a1esta guerra necesitamos ganarla todos juntos!&nbsp;<\/p>\n","protected":false},"excerpt":{"rendered":"<p>En M\u00e9xico y en el mundo enfrentamos uno de los momentos m\u00e1s complejos en varias generaciones. La pandemia de COVID-19 ha obligado a imponer medidas<\/p>\n","protected":false},"author":2,"featured_media":4389,"comment_status":"open","ping_status":"open","sticky":false,"template":"","format":"standard","meta":{"footnotes":""},"categories":[348],"tags":[405,431,260,441,685,257],"class_list":["post-4391","post","type-post","status-publish","format-standard","has-post-thumbnail","hentry","category-noticias","tag-coparmex-jalisco","tag-covid-19","tag-economia","tag-empleo","tag-estabilidad","tag-jalisco"],"yoast_head":"<!-- This site is optimized with the Yoast SEO plugin v27.5 - https:\/\/yoast.com\/product\/yoast-seo-wordpress\/ -->\n<title>Pacto por la estabilidad y el empleo en Jalisco - Entorno Empresarial<\/title>\n<meta name=\"robots\" content=\"index, follow, max-snippet:-1, max-image-preview:large, max-video-preview:-1\" \/>\n<link rel=\"canonical\" href=\"https:\/\/coparmexjal.org.mx\/entorno-empresarial\/pacto-por-la-estabilidad-y-el-empleo-en-jalisco\/\" \/>\n<meta property=\"og:locale\" content=\"es_MX\" \/>\n<meta property=\"og:type\" content=\"article\" \/>\n<meta property=\"og:title\" content=\"Pacto por la estabilidad y el empleo en Jalisco - Entorno Empresarial\" \/>\n<meta property=\"og:description\" content=\"En M\u00e9xico y en el mundo enfrentamos uno de los momentos m\u00e1s complejos en varias generaciones. La pandemia de COVID-19 ha obligado a imponer medidas\" \/>\n<meta property=\"og:url\" content=\"https:\/\/coparmexjal.org.mx\/entorno-empresarial\/pacto-por-la-estabilidad-y-el-empleo-en-jalisco\/\" \/>\n<meta property=\"og:site_name\" content=\"Entorno Empresarial\" \/>\n<meta property=\"article:publisher\" content=\"https:\/\/facebook.com\/comcoparmex\" \/>\n<meta property=\"article:published_time\" content=\"2020-04-01T23:08:00+00:00\" \/>\n<meta property=\"article:modified_time\" content=\"2021-01-06T23:10:23+00:00\" \/>\n<meta property=\"og:image\" content=\"https:\/\/coparmexjal.org.mx\/entorno-empresarial\/wp-content\/uploads\/2021\/01\/Captura-de-pantalla-2021-01-06-a-las-5.03.28-p.m..png\" \/>\n\t<meta property=\"og:image:width\" content=\"708\" \/>\n\t<meta property=\"og:image:height\" content=\"130\" \/>\n\t<meta property=\"og:image:type\" content=\"image\/png\" \/>\n<meta name=\"author\" content=\"Coparmex Jalisco\" \/>\n<meta name=\"twitter:card\" content=\"summary_large_image\" \/>\n<meta name=\"twitter:creator\" content=\"@comcoparmex\" \/>\n<meta name=\"twitter:site\" content=\"@comcoparmex\" \/>\n<meta name=\"twitter:label1\" content=\"Escrito por\" \/>\n\t<meta name=\"twitter:data1\" content=\"Coparmex Jalisco\" \/>\n\t<meta name=\"twitter:label2\" content=\"Tiempo de lectura\" \/>\n\t<meta name=\"twitter:data2\" content=\"3 minutos\" \/>\n<script type=\"application\/ld+json\" class=\"yoast-schema-graph\">{\"@context\":\"https:\\\/\\\/schema.org\",\"@graph\":[{\"@type\":\"Article\",\"@id\":\"https:\\\/\\\/coparmexjal.org.mx\\\/entorno-empresarial\\\/pacto-por-la-estabilidad-y-el-empleo-en-jalisco\\\/#article\",\"isPartOf\":{\"@id\":\"https:\\\/\\\/coparmexjal.org.mx\\\/entorno-empresarial\\\/pacto-por-la-estabilidad-y-el-empleo-en-jalisco\\\/\"},\"author\":{\"name\":\"Coparmex Jalisco\",\"@id\":\"https:\\\/\\\/coparmexjal.org.mx\\\/entorno-empresarial\\\/#\\\/schema\\\/person\\\/7d1d56a9587bfb3a725cd3dbfbdb9d44\"},\"headline\":\"Pacto por la estabilidad y el empleo en Jalisco\",\"datePublished\":\"2020-04-01T23:08:00+00:00\",\"dateModified\":\"2021-01-06T23:10:23+00:00\",\"mainEntityOfPage\":{\"@id\":\"https:\\\/\\\/coparmexjal.org.mx\\\/entorno-empresarial\\\/pacto-por-la-estabilidad-y-el-empleo-en-jalisco\\\/\"},\"wordCount\":607,\"commentCount\":0,\"publisher\":{\"@id\":\"https:\\\/\\\/coparmexjal.org.mx\\\/entorno-empresarial\\\/#organization\"},\"image\":{\"@id\":\"https:\\\/\\\/coparmexjal.org.mx\\\/entorno-empresarial\\\/pacto-por-la-estabilidad-y-el-empleo-en-jalisco\\\/#primaryimage\"},\"thumbnailUrl\":\"https:\\\/\\\/coparmexjal.org.mx\\\/entorno-empresarial\\\/wp-content\\\/uploads\\\/2021\\\/01\\\/Captura-de-pantalla-2021-01-06-a-las-5.03.28-p.m..png\",\"keywords\":[\"coparmex jalisco\",\"covid-19\",\"econom\u00eda\",\"empleo\",\"Estabilidad\",\"Jalisco\"],\"articleSection\":[\"Noticias\"],\"inLanguage\":\"es\",\"potentialAction\":[{\"@type\":\"CommentAction\",\"name\":\"Comment\",\"target\":[\"https:\\\/\\\/coparmexjal.org.mx\\\/entorno-empresarial\\\/pacto-por-la-estabilidad-y-el-empleo-en-jalisco\\\/#respond\"]}]},{\"@type\":\"WebPage\",\"@id\":\"https:\\\/\\\/coparmexjal.org.mx\\\/entorno-empresarial\\\/pacto-por-la-estabilidad-y-el-empleo-en-jalisco\\\/\",\"url\":\"https:\\\/\\\/coparmexjal.org.mx\\\/entorno-empresarial\\\/pacto-por-la-estabilidad-y-el-empleo-en-jalisco\\\/\",\"name\":\"Pacto por la estabilidad y el empleo en Jalisco - Entorno Empresarial\",\"isPartOf\":{\"@id\":\"https:\\\/\\\/coparmexjal.org.mx\\\/entorno-empresarial\\\/#website\"},\"primaryImageOfPage\":{\"@id\":\"https:\\\/\\\/coparmexjal.org.mx\\\/entorno-empresarial\\\/pacto-por-la-estabilidad-y-el-empleo-en-jalisco\\\/#primaryimage\"},\"image\":{\"@id\":\"https:\\\/\\\/coparmexjal.org.mx\\\/entorno-empresarial\\\/pacto-por-la-estabilidad-y-el-empleo-en-jalisco\\\/#primaryimage\"},\"thumbnailUrl\":\"https:\\\/\\\/coparmexjal.org.mx\\\/entorno-empresarial\\\/wp-content\\\/uploads\\\/2021\\\/01\\\/Captura-de-pantalla-2021-01-06-a-las-5.03.28-p.m..png\",\"datePublished\":\"2020-04-01T23:08:00+00:00\",\"dateModified\":\"2021-01-06T23:10:23+00:00\",\"breadcrumb\":{\"@id\":\"https:\\\/\\\/coparmexjal.org.mx\\\/entorno-empresarial\\\/pacto-por-la-estabilidad-y-el-empleo-en-jalisco\\\/#breadcrumb\"},\"inLanguage\":\"es\",\"potentialAction\":[{\"@type\":\"ReadAction\",\"target\":[\"https:\\\/\\\/coparmexjal.org.mx\\\/entorno-empresarial\\\/pacto-por-la-estabilidad-y-el-empleo-en-jalisco\\\/\"]}]},{\"@type\":\"ImageObject\",\"inLanguage\":\"es\",\"@id\":\"https:\\\/\\\/coparmexjal.org.mx\\\/entorno-empresarial\\\/pacto-por-la-estabilidad-y-el-empleo-en-jalisco\\\/#primaryimage\",\"url\":\"https:\\\/\\\/coparmexjal.org.mx\\\/entorno-empresarial\\\/wp-content\\\/uploads\\\/2021\\\/01\\\/Captura-de-pantalla-2021-01-06-a-las-5.03.28-p.m..png\",\"contentUrl\":\"https:\\\/\\\/coparmexjal.org.mx\\\/entorno-empresarial\\\/wp-content\\\/uploads\\\/2021\\\/01\\\/Captura-de-pantalla-2021-01-06-a-las-5.03.28-p.m..png\",\"width\":708,\"height\":130},{\"@type\":\"BreadcrumbList\",\"@id\":\"https:\\\/\\\/coparmexjal.org.mx\\\/entorno-empresarial\\\/pacto-por-la-estabilidad-y-el-empleo-en-jalisco\\\/#breadcrumb\",\"itemListElement\":[{\"@type\":\"ListItem\",\"position\":1,\"name\":\"Inicio\",\"item\":\"https:\\\/\\\/coparmexjal.org.mx\\\/entorno-empresarial\\\/\"},{\"@type\":\"ListItem\",\"position\":2,\"name\":\"Pacto por la estabilidad y el empleo en Jalisco\"}]},{\"@type\":\"WebSite\",\"@id\":\"https:\\\/\\\/coparmexjal.org.mx\\\/entorno-empresarial\\\/#website\",\"url\":\"https:\\\/\\\/coparmexjal.org.mx\\\/entorno-empresarial\\\/\",\"name\":\"Revista Entorno Empresarial\",\"description\":\"Coparmex Jalisco\",\"publisher\":{\"@id\":\"https:\\\/\\\/coparmexjal.org.mx\\\/entorno-empresarial\\\/#organization\"},\"potentialAction\":[{\"@type\":\"SearchAction\",\"target\":{\"@type\":\"EntryPoint\",\"urlTemplate\":\"https:\\\/\\\/coparmexjal.org.mx\\\/entorno-empresarial\\\/?s={search_term_string}\"},\"query-input\":{\"@type\":\"PropertyValueSpecification\",\"valueRequired\":true,\"valueName\":\"search_term_string\"}}],\"inLanguage\":\"es\"},{\"@type\":\"Organization\",\"@id\":\"https:\\\/\\\/coparmexjal.org.mx\\\/entorno-empresarial\\\/#organization\",\"name\":\"Coparmex Jalisco\",\"url\":\"https:\\\/\\\/coparmexjal.org.mx\\\/entorno-empresarial\\\/\",\"logo\":{\"@type\":\"ImageObject\",\"inLanguage\":\"es\",\"@id\":\"https:\\\/\\\/coparmexjal.org.mx\\\/entorno-empresarial\\\/#\\\/schema\\\/logo\\\/image\\\/\",\"url\":\"https:\\\/\\\/coparmexjal.org.mx\\\/entorno-empresarial\\\/wp-content\\\/uploads\\\/2020\\\/02\\\/logo-amp.png\",\"contentUrl\":\"https:\\\/\\\/coparmexjal.org.mx\\\/entorno-empresarial\\\/wp-content\\\/uploads\\\/2020\\\/02\\\/logo-amp.png\",\"width\":120,\"height\":90,\"caption\":\"Coparmex Jalisco\"},\"image\":{\"@id\":\"https:\\\/\\\/coparmexjal.org.mx\\\/entorno-empresarial\\\/#\\\/schema\\\/logo\\\/image\\\/\"},\"sameAs\":[\"https:\\\/\\\/facebook.com\\\/comcoparmex\",\"https:\\\/\\\/x.com\\\/comcoparmex\",\"http:\\\/\\\/instagram.com\\\/coparmexjalisco\",\"https:\\\/\\\/mx.linkedin.com\\\/company\\\/coparmex-jalisco\",\"https:\\\/\\\/www.youtube.com\\\/c\\\/CoparmexJaliscomx\"]},{\"@type\":\"Person\",\"@id\":\"https:\\\/\\\/coparmexjal.org.mx\\\/entorno-empresarial\\\/#\\\/schema\\\/person\\\/7d1d56a9587bfb3a725cd3dbfbdb9d44\",\"name\":\"Coparmex Jalisco\",\"image\":{\"@type\":\"ImageObject\",\"inLanguage\":\"es\",\"@id\":\"https:\\\/\\\/coparmexjal.org.mx\\\/entorno-empresarial\\\/wp-content\\\/uploads\\\/2020\\\/06\\\/favicon-150x133.png\",\"url\":\"https:\\\/\\\/coparmexjal.org.mx\\\/entorno-empresarial\\\/wp-content\\\/uploads\\\/2020\\\/06\\\/favicon-150x133.png\",\"contentUrl\":\"https:\\\/\\\/coparmexjal.org.mx\\\/entorno-empresarial\\\/wp-content\\\/uploads\\\/2020\\\/06\\\/favicon-150x133.png\",\"caption\":\"Coparmex Jalisco\"},\"url\":\"https:\\\/\\\/coparmexjal.org.mx\\\/entorno-empresarial\\\/author\\\/coparmexjalisco\\\/\"}]}<\/script>\n<!-- \/ Yoast SEO plugin. -->","yoast_head_json":{"title":"Pacto por la estabilidad y el empleo en Jalisco - Entorno Empresarial","robots":{"index":"index","follow":"follow","max-snippet":"max-snippet:-1","max-image-preview":"max-image-preview:large","max-video-preview":"max-video-preview:-1"},"canonical":"https:\/\/coparmexjal.org.mx\/entorno-empresarial\/pacto-por-la-estabilidad-y-el-empleo-en-jalisco\/","og_locale":"es_MX","og_type":"article","og_title":"Pacto por la estabilidad y el empleo en Jalisco - Entorno Empresarial","og_description":"En M\u00e9xico y en el mundo enfrentamos uno de los momentos m\u00e1s complejos en varias generaciones. La pandemia de COVID-19 ha obligado a imponer medidas","og_url":"https:\/\/coparmexjal.org.mx\/entorno-empresarial\/pacto-por-la-estabilidad-y-el-empleo-en-jalisco\/","og_site_name":"Entorno Empresarial","article_publisher":"https:\/\/facebook.com\/comcoparmex","article_published_time":"2020-04-01T23:08:00+00:00","article_modified_time":"2021-01-06T23:10:23+00:00","og_image":[{"width":708,"height":130,"url":"https:\/\/coparmexjal.org.mx\/entorno-empresarial\/wp-content\/uploads\/2021\/01\/Captura-de-pantalla-2021-01-06-a-las-5.03.28-p.m..png","type":"image\/png"}],"author":"Coparmex Jalisco","twitter_card":"summary_large_image","twitter_creator":"@comcoparmex","twitter_site":"@comcoparmex","twitter_misc":{"Escrito por":"Coparmex Jalisco","Tiempo de lectura":"3 minutos"},"schema":{"@context":"https:\/\/schema.org","@graph":[{"@type":"Article","@id":"https:\/\/coparmexjal.org.mx\/entorno-empresarial\/pacto-por-la-estabilidad-y-el-empleo-en-jalisco\/#article","isPartOf":{"@id":"https:\/\/coparmexjal.org.mx\/entorno-empresarial\/pacto-por-la-estabilidad-y-el-empleo-en-jalisco\/"},"author":{"name":"Coparmex Jalisco","@id":"https:\/\/coparmexjal.org.mx\/entorno-empresarial\/#\/schema\/person\/7d1d56a9587bfb3a725cd3dbfbdb9d44"},"headline":"Pacto por la estabilidad y el empleo en Jalisco","datePublished":"2020-04-01T23:08:00+00:00","dateModified":"2021-01-06T23:10:23+00:00","mainEntityOfPage":{"@id":"https:\/\/coparmexjal.org.mx\/entorno-empresarial\/pacto-por-la-estabilidad-y-el-empleo-en-jalisco\/"},"wordCount":607,"commentCount":0,"publisher":{"@id":"https:\/\/coparmexjal.org.mx\/entorno-empresarial\/#organization"},"image":{"@id":"https:\/\/coparmexjal.org.mx\/entorno-empresarial\/pacto-por-la-estabilidad-y-el-empleo-en-jalisco\/#primaryimage"},"thumbnailUrl":"https:\/\/coparmexjal.org.mx\/entorno-empresarial\/wp-content\/uploads\/2021\/01\/Captura-de-pantalla-2021-01-06-a-las-5.03.28-p.m..png","keywords":["coparmex jalisco","covid-19","econom\u00eda","empleo","Estabilidad","Jalisco"],"articleSection":["Noticias"],"inLanguage":"es","potentialAction":[{"@type":"CommentAction","name":"Comment","target":["https:\/\/coparmexjal.org.mx\/entorno-empresarial\/pacto-por-la-estabilidad-y-el-empleo-en-jalisco\/#respond"]}]},{"@type":"WebPage","@id":"https:\/\/coparmexjal.org.mx\/entorno-empresarial\/pacto-por-la-estabilidad-y-el-empleo-en-jalisco\/","url":"https:\/\/coparmexjal.org.mx\/entorno-empresarial\/pacto-por-la-estabilidad-y-el-empleo-en-jalisco\/","name":"Pacto por la estabilidad y el empleo en Jalisco - Entorno Empresarial","isPartOf":{"@id":"https:\/\/coparmexjal.org.mx\/entorno-empresarial\/#website"},"primaryImageOfPage":{"@id":"https:\/\/coparmexjal.org.mx\/entorno-empresarial\/pacto-por-la-estabilidad-y-el-empleo-en-jalisco\/#primaryimage"},"image":{"@id":"https:\/\/coparmexjal.org.mx\/entorno-empresarial\/pacto-por-la-estabilidad-y-el-empleo-en-jalisco\/#primaryimage"},"thumbnailUrl":"https:\/\/coparmexjal.org.mx\/entorno-empresarial\/wp-content\/uploads\/2021\/01\/Captura-de-pantalla-2021-01-06-a-las-5.03.28-p.m..png","datePublished":"2020-04-01T23:08:00+00:00","dateModified":"2021-01-06T23:10:23+00:00","breadcrumb":{"@id":"https:\/\/coparmexjal.org.mx\/entorno-empresarial\/pacto-por-la-estabilidad-y-el-empleo-en-jalisco\/#breadcrumb"},"inLanguage":"es","potentialAction":[{"@type":"ReadAction","target":["https:\/\/coparmexjal.org.mx\/entorno-empresarial\/pacto-por-la-estabilidad-y-el-empleo-en-jalisco\/"]}]},{"@type":"ImageObject","inLanguage":"es","@id":"https:\/\/coparmexjal.org.mx\/entorno-empresarial\/pacto-por-la-estabilidad-y-el-empleo-en-jalisco\/#primaryimage","url":"https:\/\/coparmexjal.org.mx\/entorno-empresarial\/wp-content\/uploads\/2021\/01\/Captura-de-pantalla-2021-01-06-a-las-5.03.28-p.m..png","contentUrl":"https:\/\/coparmexjal.org.mx\/entorno-empresarial\/wp-content\/uploads\/2021\/01\/Captura-de-pantalla-2021-01-06-a-las-5.03.28-p.m..png","width":708,"height":130},{"@type":"BreadcrumbList","@id":"https:\/\/coparmexjal.org.mx\/entorno-empresarial\/pacto-por-la-estabilidad-y-el-empleo-en-jalisco\/#breadcrumb","itemListElement":[{"@type":"ListItem","position":1,"name":"Inicio","item":"https:\/\/coparmexjal.org.mx\/entorno-empresarial\/"},{"@type":"ListItem","position":2,"name":"Pacto por la estabilidad y el empleo en Jalisco"}]},{"@type":"WebSite","@id":"https:\/\/coparmexjal.org.mx\/entorno-empresarial\/#website","url":"https:\/\/coparmexjal.org.mx\/entorno-empresarial\/","name":"Revista Entorno Empresarial","description":"Coparmex Jalisco","publisher":{"@id":"https:\/\/coparmexjal.org.mx\/entorno-empresarial\/#organization"},"potentialAction":[{"@type":"SearchAction","target":{"@type":"EntryPoint","urlTemplate":"https:\/\/coparmexjal.org.mx\/entorno-empresarial\/?s={search_term_string}"},"query-input":{"@type":"PropertyValueSpecification","valueRequired":true,"valueName":"search_term_string"}}],"inLanguage":"es"},{"@type":"Organization","@id":"https:\/\/coparmexjal.org.mx\/entorno-empresarial\/#organization","name":"Coparmex Jalisco","url":"https:\/\/coparmexjal.org.mx\/entorno-empresarial\/","logo":{"@type":"ImageObject","inLanguage":"es","@id":"https:\/\/coparmexjal.org.mx\/entorno-empresarial\/#\/schema\/logo\/image\/","url":"https:\/\/coparmexjal.org.mx\/entorno-empresarial\/wp-content\/uploads\/2020\/02\/logo-amp.png","contentUrl":"https:\/\/coparmexjal.org.mx\/entorno-empresarial\/wp-content\/uploads\/2020\/02\/logo-amp.png","width":120,"height":90,"caption":"Coparmex Jalisco"},"image":{"@id":"https:\/\/coparmexjal.org.mx\/entorno-empresarial\/#\/schema\/logo\/image\/"},"sameAs":["https:\/\/facebook.com\/comcoparmex","https:\/\/x.com\/comcoparmex","http:\/\/instagram.com\/coparmexjalisco","https:\/\/mx.linkedin.com\/company\/coparmex-jalisco","https:\/\/www.youtube.com\/c\/CoparmexJaliscomx"]},{"@type":"Person","@id":"https:\/\/coparmexjal.org.mx\/entorno-empresarial\/#\/schema\/person\/7d1d56a9587bfb3a725cd3dbfbdb9d44","name":"Coparmex Jalisco","image":{"@type":"ImageObject","inLanguage":"es","@id":"https:\/\/coparmexjal.org.mx\/entorno-empresarial\/wp-content\/uploads\/2020\/06\/favicon-150x133.png","url":"https:\/\/coparmexjal.org.mx\/entorno-empresarial\/wp-content\/uploads\/2020\/06\/favicon-150x133.png","contentUrl":"https:\/\/coparmexjal.org.mx\/entorno-empresarial\/wp-content\/uploads\/2020\/06\/favicon-150x133.png","caption":"Coparmex Jalisco"},"url":"https:\/\/coparmexjal.org.mx\/entorno-empresarial\/author\/coparmexjalisco\/"}]}},"_links":{"self":[{"href":"https:\/\/coparmexjal.org.mx\/entorno-empresarial\/wp-json\/wp\/v2\/posts\/4391","targetHints":{"allow":["GET"]}}],"collection":[{"href":"https:\/\/coparmexjal.org.mx\/entorno-empresarial\/wp-json\/wp\/v2\/posts"}],"about":[{"href":"https:\/\/coparmexjal.org.mx\/entorno-empresarial\/wp-json\/wp\/v2\/types\/post"}],"author":[{"embeddable":true,"href":"https:\/\/coparmexjal.org.mx\/entorno-empresarial\/wp-json\/wp\/v2\/users\/2"}],"replies":[{"embeddable":true,"href":"https:\/\/coparmexjal.org.mx\/entorno-empresarial\/wp-json\/wp\/v2\/comments?post=4391"}],"version-history":[{"count":1,"href":"https:\/\/coparmexjal.org.mx\/entorno-empresarial\/wp-json\/wp\/v2\/posts\/4391\/revisions"}],"predecessor-version":[{"id":4392,"href":"https:\/\/coparmexjal.org.mx\/entorno-empresarial\/wp-json\/wp\/v2\/posts\/4391\/revisions\/4392"}],"wp:featuredmedia":[{"embeddable":true,"href":"https:\/\/coparmexjal.org.mx\/entorno-empresarial\/wp-json\/wp\/v2\/media\/4389"}],"wp:attachment":[{"href":"https:\/\/coparmexjal.org.mx\/entorno-empresarial\/wp-json\/wp\/v2\/media?parent=4391"}],"wp:term":[{"taxonomy":"category","embeddable":true,"href":"https:\/\/coparmexjal.org.mx\/entorno-empresarial\/wp-json\/wp\/v2\/categories?post=4391"},{"taxonomy":"post_tag","embeddable":true,"href":"https:\/\/coparmexjal.org.mx\/entorno-empresarial\/wp-json\/wp\/v2\/tags?post=4391"}],"curies":[{"name":"wp","href":"https:\/\/api.w.org\/{rel}","templated":true}]}}