{"id":4378,"date":"2020-06-05T16:30:31","date_gmt":"2020-06-05T21:30:31","guid":{"rendered":"https:\/\/coparmexjal.org.mx\/entorno-empresarial\/?p=4378"},"modified":"2021-01-06T16:36:10","modified_gmt":"2021-01-06T22:36:10","slug":"jalisco-unido-contra-el-covid-19-por-la-salud-y-la-reactivacion-economica","status":"publish","type":"post","link":"https:\/\/coparmexjal.org.mx\/entorno-empresarial\/jalisco-unido-contra-el-covid-19-por-la-salud-y-la-reactivacion-economica\/","title":{"rendered":"Jalisco UNIDO contra el COVID-19. Por la salud y la reactivaci\u00f3n econ\u00f3mica"},"content":{"rendered":"\n<p>Desde hace m\u00e1s de dos meses nos enfrentamos a la pandemia de COVID-19 y sus consecuencias. Somos conscientes de la necesidad de la sana distancia y el aislamiento, pero sufrimos el desmoronamiento de los ingresos de miles de familias en Jalisco.&nbsp;<\/p>\n\n\n\n<p>En nuestro pa\u00eds la pandemia ha ocasionado ya miles de contagios, la p\u00e9rdida de m\u00e1s de 10 mil vidas humanas y una gran cantidad de v\u00edctimas econ\u00f3micas. Recientemente el INEGI dio a conocer que 12 millones de personas se quedaron sin una ocupaci\u00f3n que les permita salir adelante, y el CONEVAL, ha se\u00f1alado que el nivel de pobreza se incrementar\u00e1 en m\u00e1s de 10 millones de personas, como producto de la ca\u00edda en la actividad productiva. Una verdadera tragedia social para muchas familias de M\u00e9xico.&nbsp;<\/p>\n\n\n\n<p>En Jalisco despu\u00e9s de varias semanas de an\u00e1lisis entre diferentes actores de la vida p\u00fablica, se decidi\u00f3 que gracias a los indicadores positivos en la situaci\u00f3n de la pandemia en nuestro estado, \u00e9ste era el momento para iniciar la fase 0 para la reactivaci\u00f3n econ\u00f3mica y poder frenar, el desempleo y la pobreza generados por 10 semanas de confinamiento social; as\u00ed como por cerca de 80 d\u00edas de cierre de negocios no esenciales, que ha generado una par\u00e1lisis en la actividad econ\u00f3mica, ya insostenible.&nbsp;<\/p>\n\n\n\n<p>Al terminar esta primera semana, se espera que unos 90 mil establecimientos no esenciales de bajo impacto en la movilidad, como carpinter\u00edas, est\u00e9ticas, muebler\u00edas, herrer\u00edas, talleres de costura, florer\u00edas, agencias de autos, venta de pinturas, material el\u00e9ctrico -entre otros-, puedan abrir en Jalisco.&nbsp;<\/p>\n\n\n\n<p>Como sector productivo, somos conscientes de que la fase 0, arranca en un momento en el que el riesgo de contagio es alto frente al relajamiento social de medidas de las \u00faltimas dos semanas y, por lo tanto, el n\u00famero de v\u00edctimas fatales.&nbsp;<\/p>\n\n\n\n<p>Por eso, en la ruta que construimos juntos para salir adelante, privilegiando la salud en la re-activaci\u00f3n de la econom\u00eda, hacemos un llamado a todas las empresas, negocios, emprendedores y trabajadores de todos los sectores, giros, esenciales y no esenciales, formales e informales, a que sigamos estrictamente todas las medidas sanitarias necesarias para cuidar y proteger a nuestros compa\u00f1eros, empleados, colaboradores, proveedores y clientes. Son medidas dif\u00edciles de cumplir, pero necesarias para prevenir contagios y salvar vidas.\u00a0<\/p>\n\n\n\n<p>Te pedimos a ti, empresa de Jalisco&nbsp;<\/p>\n\n\n\n<p>1. No escatimar en seguir los protocolos sanitarios oficiales con el uso de term\u00f3metros, cubrebocas, tapetes sanitizantes, gel, desinfecci\u00f3n continua de objetos comunes, etc.<br><\/p>\n\n\n\n<p>2. Cuidaralaspersonasvulnerables.<br><\/p>\n\n\n\n<p>3. Atendercontinuamentelasmedidasdedistanciamientosocial,tantoenelinterior<br>como en el exterior de tu negocio.<br><\/p>\n\n\n\n<p>4. Establecer horarios escalonados para el personal.<br><\/p>\n\n\n\n<p>5. No ser parte de la corrupci\u00f3n. No se trata s\u00f3lo de abrir por abrir, se trata de abrir<br>con seguridad.<br><\/p>\n\n\n\n<p>Trabajar es indispensable, tenemos que hacerlo con la mayor responsabilidad de saber que est\u00e1 en juego la salud y la vida de muchas personas, que est\u00e1n por encima de cualquier inter\u00e9s econ\u00f3mico.&nbsp;<\/p>\n\n\n\n<p>A la sociedad en general, le pedimos continuar con las medidas y recomendaciones de las autoridades:&nbsp;<\/p>\n\n\n\n<p>1. Salir solo para lo indispensable.<br><\/p>\n\n\n\n<p>2. Usar cubrebocas al salir a la v\u00eda p\u00fablica.<br><\/p>\n\n\n\n<p>3. Lavarsefrecuentementelasmanos.<br><\/p>\n\n\n\n<p>4. Nocontribuirenlageneraci\u00f3ndeaglomeraciones.<br><\/p>\n\n\n\n<p>5. Cuidar a los adultos mayores y ni\u00f1os.<br><\/p>\n\n\n\n<p>Es responsabilidad nuestra no bajar la guardia y hacer sostenible esta nueva realidad que le ha tocado vivir a nuestra generaci\u00f3n. Lo que est\u00e1 en riesgo y nos jugamos es mucho: la salud, el trabajo, el bienestar y la vida de m\u00e1s de 8 millones de jaliscienses. De nosotros, empresarios, trabajadores, universitarios, sociedad y autoridades, depende que mantengamos una reactivaci\u00f3n econ\u00f3mica con seguridad y confianza. Evitemos los contagios y sigamos cuid\u00e1ndonos.&nbsp;<\/p>\n\n\n\n<p>La soluci\u00f3n es de todas y todos. #JaliscoUnidoContraelCOVID&nbsp;<\/p>\n","protected":false},"excerpt":{"rendered":"<p>Desde hace m\u00e1s de dos meses nos enfrentamos a la pandemia de COVID-19 y sus consecuencias. Somos conscientes de la necesidad de la sana distancia<\/p>\n","protected":false},"author":2,"featured_media":4379,"comment_status":"open","ping_status":"open","sticky":false,"template":"","format":"standard","meta":{"footnotes":""},"categories":[348],"tags":[677,405,431,173,675,257],"class_list":["post-4378","post","type-post","status-publish","format-standard","has-post-thumbnail","hentry","category-noticias","tag-coneval","tag-coparmex-jalisco","tag-covid-19","tag-empresas","tag-inegi","tag-jalisco"],"yoast_head":"<!-- This site is optimized with the Yoast SEO plugin v27.5 - https:\/\/yoast.com\/product\/yoast-seo-wordpress\/ -->\n<title>Jalisco UNIDO contra el COVID-19. Por la salud y la reactivaci\u00f3n econ\u00f3mica - Entorno Empresarial<\/title>\n<meta name=\"robots\" content=\"index, follow, max-snippet:-1, max-image-preview:large, max-video-preview:-1\" \/>\n<link rel=\"canonical\" href=\"https:\/\/coparmexjal.org.mx\/entorno-empresarial\/jalisco-unido-contra-el-covid-19-por-la-salud-y-la-reactivacion-economica\/\" \/>\n<meta property=\"og:locale\" content=\"es_MX\" \/>\n<meta property=\"og:type\" content=\"article\" \/>\n<meta property=\"og:title\" content=\"Jalisco UNIDO contra el COVID-19. Por la salud y la reactivaci\u00f3n econ\u00f3mica - Entorno Empresarial\" \/>\n<meta property=\"og:description\" content=\"Desde hace m\u00e1s de dos meses nos enfrentamos a la pandemia de COVID-19 y sus consecuencias. Somos conscientes de la necesidad de la sana distancia\" \/>\n<meta property=\"og:url\" content=\"https:\/\/coparmexjal.org.mx\/entorno-empresarial\/jalisco-unido-contra-el-covid-19-por-la-salud-y-la-reactivacion-economica\/\" \/>\n<meta property=\"og:site_name\" content=\"Entorno Empresarial\" \/>\n<meta property=\"article:publisher\" content=\"https:\/\/facebook.com\/comcoparmex\" \/>\n<meta property=\"article:published_time\" content=\"2020-06-05T21:30:31+00:00\" \/>\n<meta property=\"article:modified_time\" content=\"2021-01-06T22:36:10+00:00\" \/>\n<meta property=\"og:image\" content=\"https:\/\/coparmexjal.org.mx\/entorno-empresarial\/wp-content\/uploads\/2021\/01\/daryl-parada-PHISGXGJ-28-unsplash.jpg\" \/>\n\t<meta property=\"og:image:width\" content=\"533\" \/>\n\t<meta property=\"og:image:height\" content=\"800\" \/>\n\t<meta property=\"og:image:type\" content=\"image\/jpeg\" \/>\n<meta name=\"author\" content=\"Coparmex Jalisco\" \/>\n<meta name=\"twitter:card\" content=\"summary_large_image\" \/>\n<meta name=\"twitter:creator\" content=\"@comcoparmex\" \/>\n<meta name=\"twitter:site\" content=\"@comcoparmex\" \/>\n<meta name=\"twitter:label1\" content=\"Escrito por\" \/>\n\t<meta name=\"twitter:data1\" content=\"Coparmex Jalisco\" \/>\n\t<meta name=\"twitter:label2\" content=\"Tiempo de lectura\" \/>\n\t<meta name=\"twitter:data2\" content=\"3 minutos\" \/>\n<script type=\"application\/ld+json\" class=\"yoast-schema-graph\">{\"@context\":\"https:\\\/\\\/schema.org\",\"@graph\":[{\"@type\":\"Article\",\"@id\":\"https:\\\/\\\/coparmexjal.org.mx\\\/entorno-empresarial\\\/jalisco-unido-contra-el-covid-19-por-la-salud-y-la-reactivacion-economica\\\/#article\",\"isPartOf\":{\"@id\":\"https:\\\/\\\/coparmexjal.org.mx\\\/entorno-empresarial\\\/jalisco-unido-contra-el-covid-19-por-la-salud-y-la-reactivacion-economica\\\/\"},\"author\":{\"name\":\"Coparmex Jalisco\",\"@id\":\"https:\\\/\\\/coparmexjal.org.mx\\\/entorno-empresarial\\\/#\\\/schema\\\/person\\\/7d1d56a9587bfb3a725cd3dbfbdb9d44\"},\"headline\":\"Jalisco UNIDO contra el COVID-19. Por la salud y la reactivaci\u00f3n econ\u00f3mica\",\"datePublished\":\"2020-06-05T21:30:31+00:00\",\"dateModified\":\"2021-01-06T22:36:10+00:00\",\"mainEntityOfPage\":{\"@id\":\"https:\\\/\\\/coparmexjal.org.mx\\\/entorno-empresarial\\\/jalisco-unido-contra-el-covid-19-por-la-salud-y-la-reactivacion-economica\\\/\"},\"wordCount\":650,\"commentCount\":0,\"publisher\":{\"@id\":\"https:\\\/\\\/coparmexjal.org.mx\\\/entorno-empresarial\\\/#organization\"},\"image\":{\"@id\":\"https:\\\/\\\/coparmexjal.org.mx\\\/entorno-empresarial\\\/jalisco-unido-contra-el-covid-19-por-la-salud-y-la-reactivacion-economica\\\/#primaryimage\"},\"thumbnailUrl\":\"https:\\\/\\\/coparmexjal.org.mx\\\/entorno-empresarial\\\/wp-content\\\/uploads\\\/2021\\\/01\\\/daryl-parada-PHISGXGJ-28-unsplash.jpg\",\"keywords\":[\"coneval\",\"coparmex jalisco\",\"covid-19\",\"empresas\",\"inegi\",\"Jalisco\"],\"articleSection\":[\"Noticias\"],\"inLanguage\":\"es\",\"potentialAction\":[{\"@type\":\"CommentAction\",\"name\":\"Comment\",\"target\":[\"https:\\\/\\\/coparmexjal.org.mx\\\/entorno-empresarial\\\/jalisco-unido-contra-el-covid-19-por-la-salud-y-la-reactivacion-economica\\\/#respond\"]}]},{\"@type\":\"WebPage\",\"@id\":\"https:\\\/\\\/coparmexjal.org.mx\\\/entorno-empresarial\\\/jalisco-unido-contra-el-covid-19-por-la-salud-y-la-reactivacion-economica\\\/\",\"url\":\"https:\\\/\\\/coparmexjal.org.mx\\\/entorno-empresarial\\\/jalisco-unido-contra-el-covid-19-por-la-salud-y-la-reactivacion-economica\\\/\",\"name\":\"Jalisco UNIDO contra el COVID-19. Por la salud y la reactivaci\u00f3n econ\u00f3mica - Entorno Empresarial\",\"isPartOf\":{\"@id\":\"https:\\\/\\\/coparmexjal.org.mx\\\/entorno-empresarial\\\/#website\"},\"primaryImageOfPage\":{\"@id\":\"https:\\\/\\\/coparmexjal.org.mx\\\/entorno-empresarial\\\/jalisco-unido-contra-el-covid-19-por-la-salud-y-la-reactivacion-economica\\\/#primaryimage\"},\"image\":{\"@id\":\"https:\\\/\\\/coparmexjal.org.mx\\\/entorno-empresarial\\\/jalisco-unido-contra-el-covid-19-por-la-salud-y-la-reactivacion-economica\\\/#primaryimage\"},\"thumbnailUrl\":\"https:\\\/\\\/coparmexjal.org.mx\\\/entorno-empresarial\\\/wp-content\\\/uploads\\\/2021\\\/01\\\/daryl-parada-PHISGXGJ-28-unsplash.jpg\",\"datePublished\":\"2020-06-05T21:30:31+00:00\",\"dateModified\":\"2021-01-06T22:36:10+00:00\",\"breadcrumb\":{\"@id\":\"https:\\\/\\\/coparmexjal.org.mx\\\/entorno-empresarial\\\/jalisco-unido-contra-el-covid-19-por-la-salud-y-la-reactivacion-economica\\\/#breadcrumb\"},\"inLanguage\":\"es\",\"potentialAction\":[{\"@type\":\"ReadAction\",\"target\":[\"https:\\\/\\\/coparmexjal.org.mx\\\/entorno-empresarial\\\/jalisco-unido-contra-el-covid-19-por-la-salud-y-la-reactivacion-economica\\\/\"]}]},{\"@type\":\"ImageObject\",\"inLanguage\":\"es\",\"@id\":\"https:\\\/\\\/coparmexjal.org.mx\\\/entorno-empresarial\\\/jalisco-unido-contra-el-covid-19-por-la-salud-y-la-reactivacion-economica\\\/#primaryimage\",\"url\":\"https:\\\/\\\/coparmexjal.org.mx\\\/entorno-empresarial\\\/wp-content\\\/uploads\\\/2021\\\/01\\\/daryl-parada-PHISGXGJ-28-unsplash.jpg\",\"contentUrl\":\"https:\\\/\\\/coparmexjal.org.mx\\\/entorno-empresarial\\\/wp-content\\\/uploads\\\/2021\\\/01\\\/daryl-parada-PHISGXGJ-28-unsplash.jpg\",\"width\":533,\"height\":800},{\"@type\":\"BreadcrumbList\",\"@id\":\"https:\\\/\\\/coparmexjal.org.mx\\\/entorno-empresarial\\\/jalisco-unido-contra-el-covid-19-por-la-salud-y-la-reactivacion-economica\\\/#breadcrumb\",\"itemListElement\":[{\"@type\":\"ListItem\",\"position\":1,\"name\":\"Inicio\",\"item\":\"https:\\\/\\\/coparmexjal.org.mx\\\/entorno-empresarial\\\/\"},{\"@type\":\"ListItem\",\"position\":2,\"name\":\"Jalisco UNIDO contra el COVID-19. Por la salud y la reactivaci\u00f3n econ\u00f3mica\"}]},{\"@type\":\"WebSite\",\"@id\":\"https:\\\/\\\/coparmexjal.org.mx\\\/entorno-empresarial\\\/#website\",\"url\":\"https:\\\/\\\/coparmexjal.org.mx\\\/entorno-empresarial\\\/\",\"name\":\"Revista Entorno Empresarial\",\"description\":\"Coparmex Jalisco\",\"publisher\":{\"@id\":\"https:\\\/\\\/coparmexjal.org.mx\\\/entorno-empresarial\\\/#organization\"},\"potentialAction\":[{\"@type\":\"SearchAction\",\"target\":{\"@type\":\"EntryPoint\",\"urlTemplate\":\"https:\\\/\\\/coparmexjal.org.mx\\\/entorno-empresarial\\\/?s={search_term_string}\"},\"query-input\":{\"@type\":\"PropertyValueSpecification\",\"valueRequired\":true,\"valueName\":\"search_term_string\"}}],\"inLanguage\":\"es\"},{\"@type\":\"Organization\",\"@id\":\"https:\\\/\\\/coparmexjal.org.mx\\\/entorno-empresarial\\\/#organization\",\"name\":\"Coparmex Jalisco\",\"url\":\"https:\\\/\\\/coparmexjal.org.mx\\\/entorno-empresarial\\\/\",\"logo\":{\"@type\":\"ImageObject\",\"inLanguage\":\"es\",\"@id\":\"https:\\\/\\\/coparmexjal.org.mx\\\/entorno-empresarial\\\/#\\\/schema\\\/logo\\\/image\\\/\",\"url\":\"https:\\\/\\\/coparmexjal.org.mx\\\/entorno-empresarial\\\/wp-content\\\/uploads\\\/2020\\\/02\\\/logo-amp.png\",\"contentUrl\":\"https:\\\/\\\/coparmexjal.org.mx\\\/entorno-empresarial\\\/wp-content\\\/uploads\\\/2020\\\/02\\\/logo-amp.png\",\"width\":120,\"height\":90,\"caption\":\"Coparmex Jalisco\"},\"image\":{\"@id\":\"https:\\\/\\\/coparmexjal.org.mx\\\/entorno-empresarial\\\/#\\\/schema\\\/logo\\\/image\\\/\"},\"sameAs\":[\"https:\\\/\\\/facebook.com\\\/comcoparmex\",\"https:\\\/\\\/x.com\\\/comcoparmex\",\"http:\\\/\\\/instagram.com\\\/coparmexjalisco\",\"https:\\\/\\\/mx.linkedin.com\\\/company\\\/coparmex-jalisco\",\"https:\\\/\\\/www.youtube.com\\\/c\\\/CoparmexJaliscomx\"]},{\"@type\":\"Person\",\"@id\":\"https:\\\/\\\/coparmexjal.org.mx\\\/entorno-empresarial\\\/#\\\/schema\\\/person\\\/7d1d56a9587bfb3a725cd3dbfbdb9d44\",\"name\":\"Coparmex Jalisco\",\"image\":{\"@type\":\"ImageObject\",\"inLanguage\":\"es\",\"@id\":\"https:\\\/\\\/coparmexjal.org.mx\\\/entorno-empresarial\\\/wp-content\\\/uploads\\\/2020\\\/06\\\/favicon-150x133.png\",\"url\":\"https:\\\/\\\/coparmexjal.org.mx\\\/entorno-empresarial\\\/wp-content\\\/uploads\\\/2020\\\/06\\\/favicon-150x133.png\",\"contentUrl\":\"https:\\\/\\\/coparmexjal.org.mx\\\/entorno-empresarial\\\/wp-content\\\/uploads\\\/2020\\\/06\\\/favicon-150x133.png\",\"caption\":\"Coparmex Jalisco\"},\"url\":\"https:\\\/\\\/coparmexjal.org.mx\\\/entorno-empresarial\\\/author\\\/coparmexjalisco\\\/\"}]}<\/script>\n<!-- \/ Yoast SEO plugin. -->","yoast_head_json":{"title":"Jalisco UNIDO contra el COVID-19. Por la salud y la reactivaci\u00f3n econ\u00f3mica - Entorno Empresarial","robots":{"index":"index","follow":"follow","max-snippet":"max-snippet:-1","max-image-preview":"max-image-preview:large","max-video-preview":"max-video-preview:-1"},"canonical":"https:\/\/coparmexjal.org.mx\/entorno-empresarial\/jalisco-unido-contra-el-covid-19-por-la-salud-y-la-reactivacion-economica\/","og_locale":"es_MX","og_type":"article","og_title":"Jalisco UNIDO contra el COVID-19. Por la salud y la reactivaci\u00f3n econ\u00f3mica - Entorno Empresarial","og_description":"Desde hace m\u00e1s de dos meses nos enfrentamos a la pandemia de COVID-19 y sus consecuencias. Somos conscientes de la necesidad de la sana distancia","og_url":"https:\/\/coparmexjal.org.mx\/entorno-empresarial\/jalisco-unido-contra-el-covid-19-por-la-salud-y-la-reactivacion-economica\/","og_site_name":"Entorno Empresarial","article_publisher":"https:\/\/facebook.com\/comcoparmex","article_published_time":"2020-06-05T21:30:31+00:00","article_modified_time":"2021-01-06T22:36:10+00:00","og_image":[{"width":533,"height":800,"url":"https:\/\/coparmexjal.org.mx\/entorno-empresarial\/wp-content\/uploads\/2021\/01\/daryl-parada-PHISGXGJ-28-unsplash.jpg","type":"image\/jpeg"}],"author":"Coparmex Jalisco","twitter_card":"summary_large_image","twitter_creator":"@comcoparmex","twitter_site":"@comcoparmex","twitter_misc":{"Escrito por":"Coparmex Jalisco","Tiempo de lectura":"3 minutos"},"schema":{"@context":"https:\/\/schema.org","@graph":[{"@type":"Article","@id":"https:\/\/coparmexjal.org.mx\/entorno-empresarial\/jalisco-unido-contra-el-covid-19-por-la-salud-y-la-reactivacion-economica\/#article","isPartOf":{"@id":"https:\/\/coparmexjal.org.mx\/entorno-empresarial\/jalisco-unido-contra-el-covid-19-por-la-salud-y-la-reactivacion-economica\/"},"author":{"name":"Coparmex Jalisco","@id":"https:\/\/coparmexjal.org.mx\/entorno-empresarial\/#\/schema\/person\/7d1d56a9587bfb3a725cd3dbfbdb9d44"},"headline":"Jalisco UNIDO contra el COVID-19. Por la salud y la reactivaci\u00f3n econ\u00f3mica","datePublished":"2020-06-05T21:30:31+00:00","dateModified":"2021-01-06T22:36:10+00:00","mainEntityOfPage":{"@id":"https:\/\/coparmexjal.org.mx\/entorno-empresarial\/jalisco-unido-contra-el-covid-19-por-la-salud-y-la-reactivacion-economica\/"},"wordCount":650,"commentCount":0,"publisher":{"@id":"https:\/\/coparmexjal.org.mx\/entorno-empresarial\/#organization"},"image":{"@id":"https:\/\/coparmexjal.org.mx\/entorno-empresarial\/jalisco-unido-contra-el-covid-19-por-la-salud-y-la-reactivacion-economica\/#primaryimage"},"thumbnailUrl":"https:\/\/coparmexjal.org.mx\/entorno-empresarial\/wp-content\/uploads\/2021\/01\/daryl-parada-PHISGXGJ-28-unsplash.jpg","keywords":["coneval","coparmex jalisco","covid-19","empresas","inegi","Jalisco"],"articleSection":["Noticias"],"inLanguage":"es","potentialAction":[{"@type":"CommentAction","name":"Comment","target":["https:\/\/coparmexjal.org.mx\/entorno-empresarial\/jalisco-unido-contra-el-covid-19-por-la-salud-y-la-reactivacion-economica\/#respond"]}]},{"@type":"WebPage","@id":"https:\/\/coparmexjal.org.mx\/entorno-empresarial\/jalisco-unido-contra-el-covid-19-por-la-salud-y-la-reactivacion-economica\/","url":"https:\/\/coparmexjal.org.mx\/entorno-empresarial\/jalisco-unido-contra-el-covid-19-por-la-salud-y-la-reactivacion-economica\/","name":"Jalisco UNIDO contra el COVID-19. Por la salud y la reactivaci\u00f3n econ\u00f3mica - Entorno Empresarial","isPartOf":{"@id":"https:\/\/coparmexjal.org.mx\/entorno-empresarial\/#website"},"primaryImageOfPage":{"@id":"https:\/\/coparmexjal.org.mx\/entorno-empresarial\/jalisco-unido-contra-el-covid-19-por-la-salud-y-la-reactivacion-economica\/#primaryimage"},"image":{"@id":"https:\/\/coparmexjal.org.mx\/entorno-empresarial\/jalisco-unido-contra-el-covid-19-por-la-salud-y-la-reactivacion-economica\/#primaryimage"},"thumbnailUrl":"https:\/\/coparmexjal.org.mx\/entorno-empresarial\/wp-content\/uploads\/2021\/01\/daryl-parada-PHISGXGJ-28-unsplash.jpg","datePublished":"2020-06-05T21:30:31+00:00","dateModified":"2021-01-06T22:36:10+00:00","breadcrumb":{"@id":"https:\/\/coparmexjal.org.mx\/entorno-empresarial\/jalisco-unido-contra-el-covid-19-por-la-salud-y-la-reactivacion-economica\/#breadcrumb"},"inLanguage":"es","potentialAction":[{"@type":"ReadAction","target":["https:\/\/coparmexjal.org.mx\/entorno-empresarial\/jalisco-unido-contra-el-covid-19-por-la-salud-y-la-reactivacion-economica\/"]}]},{"@type":"ImageObject","inLanguage":"es","@id":"https:\/\/coparmexjal.org.mx\/entorno-empresarial\/jalisco-unido-contra-el-covid-19-por-la-salud-y-la-reactivacion-economica\/#primaryimage","url":"https:\/\/coparmexjal.org.mx\/entorno-empresarial\/wp-content\/uploads\/2021\/01\/daryl-parada-PHISGXGJ-28-unsplash.jpg","contentUrl":"https:\/\/coparmexjal.org.mx\/entorno-empresarial\/wp-content\/uploads\/2021\/01\/daryl-parada-PHISGXGJ-28-unsplash.jpg","width":533,"height":800},{"@type":"BreadcrumbList","@id":"https:\/\/coparmexjal.org.mx\/entorno-empresarial\/jalisco-unido-contra-el-covid-19-por-la-salud-y-la-reactivacion-economica\/#breadcrumb","itemListElement":[{"@type":"ListItem","position":1,"name":"Inicio","item":"https:\/\/coparmexjal.org.mx\/entorno-empresarial\/"},{"@type":"ListItem","position":2,"name":"Jalisco UNIDO contra el COVID-19. Por la salud y la reactivaci\u00f3n econ\u00f3mica"}]},{"@type":"WebSite","@id":"https:\/\/coparmexjal.org.mx\/entorno-empresarial\/#website","url":"https:\/\/coparmexjal.org.mx\/entorno-empresarial\/","name":"Revista Entorno Empresarial","description":"Coparmex Jalisco","publisher":{"@id":"https:\/\/coparmexjal.org.mx\/entorno-empresarial\/#organization"},"potentialAction":[{"@type":"SearchAction","target":{"@type":"EntryPoint","urlTemplate":"https:\/\/coparmexjal.org.mx\/entorno-empresarial\/?s={search_term_string}"},"query-input":{"@type":"PropertyValueSpecification","valueRequired":true,"valueName":"search_term_string"}}],"inLanguage":"es"},{"@type":"Organization","@id":"https:\/\/coparmexjal.org.mx\/entorno-empresarial\/#organization","name":"Coparmex Jalisco","url":"https:\/\/coparmexjal.org.mx\/entorno-empresarial\/","logo":{"@type":"ImageObject","inLanguage":"es","@id":"https:\/\/coparmexjal.org.mx\/entorno-empresarial\/#\/schema\/logo\/image\/","url":"https:\/\/coparmexjal.org.mx\/entorno-empresarial\/wp-content\/uploads\/2020\/02\/logo-amp.png","contentUrl":"https:\/\/coparmexjal.org.mx\/entorno-empresarial\/wp-content\/uploads\/2020\/02\/logo-amp.png","width":120,"height":90,"caption":"Coparmex Jalisco"},"image":{"@id":"https:\/\/coparmexjal.org.mx\/entorno-empresarial\/#\/schema\/logo\/image\/"},"sameAs":["https:\/\/facebook.com\/comcoparmex","https:\/\/x.com\/comcoparmex","http:\/\/instagram.com\/coparmexjalisco","https:\/\/mx.linkedin.com\/company\/coparmex-jalisco","https:\/\/www.youtube.com\/c\/CoparmexJaliscomx"]},{"@type":"Person","@id":"https:\/\/coparmexjal.org.mx\/entorno-empresarial\/#\/schema\/person\/7d1d56a9587bfb3a725cd3dbfbdb9d44","name":"Coparmex Jalisco","image":{"@type":"ImageObject","inLanguage":"es","@id":"https:\/\/coparmexjal.org.mx\/entorno-empresarial\/wp-content\/uploads\/2020\/06\/favicon-150x133.png","url":"https:\/\/coparmexjal.org.mx\/entorno-empresarial\/wp-content\/uploads\/2020\/06\/favicon-150x133.png","contentUrl":"https:\/\/coparmexjal.org.mx\/entorno-empresarial\/wp-content\/uploads\/2020\/06\/favicon-150x133.png","caption":"Coparmex Jalisco"},"url":"https:\/\/coparmexjal.org.mx\/entorno-empresarial\/author\/coparmexjalisco\/"}]}},"_links":{"self":[{"href":"https:\/\/coparmexjal.org.mx\/entorno-empresarial\/wp-json\/wp\/v2\/posts\/4378","targetHints":{"allow":["GET"]}}],"collection":[{"href":"https:\/\/coparmexjal.org.mx\/entorno-empresarial\/wp-json\/wp\/v2\/posts"}],"about":[{"href":"https:\/\/coparmexjal.org.mx\/entorno-empresarial\/wp-json\/wp\/v2\/types\/post"}],"author":[{"embeddable":true,"href":"https:\/\/coparmexjal.org.mx\/entorno-empresarial\/wp-json\/wp\/v2\/users\/2"}],"replies":[{"embeddable":true,"href":"https:\/\/coparmexjal.org.mx\/entorno-empresarial\/wp-json\/wp\/v2\/comments?post=4378"}],"version-history":[{"count":1,"href":"https:\/\/coparmexjal.org.mx\/entorno-empresarial\/wp-json\/wp\/v2\/posts\/4378\/revisions"}],"predecessor-version":[{"id":4380,"href":"https:\/\/coparmexjal.org.mx\/entorno-empresarial\/wp-json\/wp\/v2\/posts\/4378\/revisions\/4380"}],"wp:featuredmedia":[{"embeddable":true,"href":"https:\/\/coparmexjal.org.mx\/entorno-empresarial\/wp-json\/wp\/v2\/media\/4379"}],"wp:attachment":[{"href":"https:\/\/coparmexjal.org.mx\/entorno-empresarial\/wp-json\/wp\/v2\/media?parent=4378"}],"wp:term":[{"taxonomy":"category","embeddable":true,"href":"https:\/\/coparmexjal.org.mx\/entorno-empresarial\/wp-json\/wp\/v2\/categories?post=4378"},{"taxonomy":"post_tag","embeddable":true,"href":"https:\/\/coparmexjal.org.mx\/entorno-empresarial\/wp-json\/wp\/v2\/tags?post=4378"}],"curies":[{"name":"wp","href":"https:\/\/api.w.org\/{rel}","templated":true}]}}