{"id":4371,"date":"2020-07-13T16:13:00","date_gmt":"2020-07-13T21:13:00","guid":{"rendered":"https:\/\/coparmexjal.org.mx\/entorno-empresarial\/?p=4371"},"modified":"2021-01-06T17:59:54","modified_gmt":"2021-01-06T23:59:54","slug":"urgen-medidas-que-frenen-la-caida-del-empleo","status":"publish","type":"post","link":"https:\/\/coparmexjal.org.mx\/entorno-empresarial\/urgen-medidas-que-frenen-la-caida-del-empleo\/","title":{"rendered":"Urgen medidas que frenen la ca\u00edda del empleo"},"content":{"rendered":"\n<p>Durante los \u00faltimos meses hemos visto de manera preocupante como la generaci\u00f3n de empleos se ha visto detenida por consecuencia de la crisis de salud detonada por el <strong>COVID19<\/strong>.&nbsp;<\/p>\n\n\n\n<p>Cifras del Instituto Mexicano del Seguro Social, publicadas el d\u00eda de ayer, revelan que durante el mes de <strong>junio de 2020 <\/strong>se registr\u00f3 una p\u00e9rdida de <strong>14,559 empleos formales en el estado<\/strong>, que nos colocan como <strong>la segunda entidad con mayor p\u00e9rdida de empleos. <\/strong>En t\u00e9rminos acumulados, durante el <strong>primer semestre de 2020 <\/strong>Jalisco ha perdido <strong>56,934 empleos formales&nbsp;<\/strong><\/p>\n\n\n\n<p>Los empresarios de Jalisco, desde el inicio de pandemia nos mostramos solidarios y hemos atendido a las recomendaciones de las autoridades de salud pero no podemos solos.&nbsp;<\/p>\n\n\n\n<p>Durante la pandemia hemos trabajado en conjunto sindicados, organismo empresariales, gobierno estatal y municipales en busca de una estrategia que nos permita contener la ca\u00edda del empleo, apoyar a quienes desafortunadamente perdieron sus trabajos y buscar una ruta para recuperar los empleos perdidos. As\u00ed mismo desde Coparmex planteamos al gobierno federal la iniciativa <strong>Remedios Solidarios <\/strong>con la cu\u00e1l buscamos garantizar el ingreso de las familias mexicanas; al d\u00eda de hoy no hemos recibido respuesta.&nbsp;<\/p>\n\n\n\n<p>La salud es la prioridad, pero como lo hemos ya se\u00f1alado se avecina una crisis econ\u00f3mica y otra social a las cuales deberemos hacer frente. Por ello una vez m\u00e1s urgimos al gobierno federal la implementaci\u00f3n de una estrategia que nos permita conservar la mayor cantidad de empleos formales y otra m\u00e1s que incentive la creaci\u00f3n de nuevos empleos.&nbsp;<\/p>\n\n\n\n<p>Es urgente que trabajemos de manera coordinada empresas, sindicados y los 3 \u00f3rdenes de gobierno para frenar la ca\u00edda del empleo y as\u00ed continuar trabajando en la recuperaci\u00f3n econ\u00f3mica.&nbsp;<\/p>\n\n\n\n<p><strong>\u00bfEn qu\u00e9 consiste remedios solidarios?&nbsp;<\/strong><\/p>\n\n\n\n<p>Para enfrentar la crisis Coparmex ha dise\u00f1ado y presentado al Gobierno Federal y a la opini\u00f3n p\u00fablica una serie de instrumentos que pueden ayudar de forma concreta a frenar la p\u00e9rdida de empleos y a la necesaria recuperaci\u00f3n de la econom\u00eda. <strong>Remedios Solidarios, <\/strong>son f\u00f3rmulas de colaboraci\u00f3n entre el Gobierno Federal y la Iniciativa Privada.&nbsp;<\/p>\n\n\n\n<p>\u2022 <strong>Salario Solidario: <\/strong>protege el empleo de aquellos trabajadores formales que laboran en una empresa que, debido a las restricciones sanitarias, no ha podido retomar sus operaciones, es una colaboraci\u00f3n entre el gobierno, los patrones y los trabajadores para proteger el empleo formal. Cada trabajador recibe un sueldo igual o menor al que ten\u00eda y \u00e9ste est\u00e1 compuesto, a partes iguales, de una aportaci\u00f3n de la empresa y otra del gobierno.&nbsp;<\/p>\n\n\n\n<p>\u2022 <strong>El Seguro Solidario: <\/strong>permite al trabajador desempleado cumplir con las restricciones sanitarias, cuidar su salud y la de sus familias. Consiste en un apoyo equivalente a un salario m\u00ednimo general <strong>($3,746) <\/strong>para todos los trabajadores formales que hayan perdido su empleo.&nbsp;<\/p>\n\n\n\n<p>\u2022 <strong>Bono Solidario: <\/strong>es un incentivo para la contrataci\u00f3n de empleo formal. Despu\u00e9s de una crisis, el proceso de recuperaci\u00f3n del empleo formal es muy complejo. Luego de la crisis del 2009, nos tom\u00f3 una d\u00e9cada regresar a los niveles de contrataci\u00f3n que ten\u00edamos previos a la crisis.&nbsp;<\/p>\n\n\n\n<p>Estimamos que el costo total de los <strong>Remedios Solidarios <\/strong>ser\u00eda de <strong>204 mil millones de pesos a nivel nacional, <\/strong>un poco menos que el <strong>1% del PIB<\/strong>.&nbsp;<\/p>\n","protected":false},"excerpt":{"rendered":"<p>Durante los \u00faltimos meses hemos visto de manera preocupante como la generaci\u00f3n de empleos se ha visto detenida por consecuencia de la crisis de salud<\/p>\n","protected":false},"author":2,"featured_media":4372,"comment_status":"open","ping_status":"open","sticky":false,"template":"","format":"standard","meta":{"footnotes":""},"categories":[348],"tags":[431,441,257,294,488],"class_list":["post-4371","post","type-post","status-publish","format-standard","has-post-thumbnail","hentry","category-noticias","tag-covid-19","tag-empleo","tag-jalisco","tag-pib","tag-remedios-solidarios"],"yoast_head":"<!-- This site is optimized with the Yoast SEO plugin v27.5 - https:\/\/yoast.com\/product\/yoast-seo-wordpress\/ -->\n<title>Urgen medidas que frenen la ca\u00edda del empleo - Entorno Empresarial<\/title>\n<meta name=\"robots\" content=\"index, follow, max-snippet:-1, max-image-preview:large, max-video-preview:-1\" \/>\n<link rel=\"canonical\" href=\"https:\/\/coparmexjal.org.mx\/entorno-empresarial\/urgen-medidas-que-frenen-la-caida-del-empleo\/\" \/>\n<meta property=\"og:locale\" content=\"es_MX\" \/>\n<meta property=\"og:type\" content=\"article\" \/>\n<meta property=\"og:title\" content=\"Urgen medidas que frenen la ca\u00edda del empleo - Entorno Empresarial\" \/>\n<meta property=\"og:description\" content=\"Durante los \u00faltimos meses hemos visto de manera preocupante como la generaci\u00f3n de empleos se ha visto detenida por consecuencia de la crisis de salud\" \/>\n<meta property=\"og:url\" content=\"https:\/\/coparmexjal.org.mx\/entorno-empresarial\/urgen-medidas-que-frenen-la-caida-del-empleo\/\" \/>\n<meta property=\"og:site_name\" content=\"Entorno Empresarial\" \/>\n<meta property=\"article:publisher\" content=\"https:\/\/facebook.com\/comcoparmex\" \/>\n<meta property=\"article:published_time\" content=\"2020-07-13T21:13:00+00:00\" \/>\n<meta property=\"article:modified_time\" content=\"2021-01-06T23:59:54+00:00\" \/>\n<meta property=\"og:image\" content=\"https:\/\/coparmexjal.org.mx\/entorno-empresarial\/wp-content\/uploads\/2021\/01\/clark-young-fQxMGkYXqFU-unsplash.jpg\" \/>\n\t<meta property=\"og:image:width\" content=\"1202\" \/>\n\t<meta property=\"og:image:height\" content=\"800\" \/>\n\t<meta property=\"og:image:type\" content=\"image\/jpeg\" \/>\n<meta name=\"author\" content=\"Coparmex Jalisco\" \/>\n<meta name=\"twitter:card\" content=\"summary_large_image\" \/>\n<meta name=\"twitter:creator\" content=\"@comcoparmex\" \/>\n<meta name=\"twitter:site\" content=\"@comcoparmex\" \/>\n<meta name=\"twitter:label1\" content=\"Escrito por\" \/>\n\t<meta name=\"twitter:data1\" content=\"Coparmex Jalisco\" \/>\n\t<meta name=\"twitter:label2\" content=\"Tiempo de lectura\" \/>\n\t<meta name=\"twitter:data2\" content=\"3 minutos\" \/>\n<script type=\"application\/ld+json\" class=\"yoast-schema-graph\">{\"@context\":\"https:\\\/\\\/schema.org\",\"@graph\":[{\"@type\":\"Article\",\"@id\":\"https:\\\/\\\/coparmexjal.org.mx\\\/entorno-empresarial\\\/urgen-medidas-que-frenen-la-caida-del-empleo\\\/#article\",\"isPartOf\":{\"@id\":\"https:\\\/\\\/coparmexjal.org.mx\\\/entorno-empresarial\\\/urgen-medidas-que-frenen-la-caida-del-empleo\\\/\"},\"author\":{\"name\":\"Coparmex Jalisco\",\"@id\":\"https:\\\/\\\/coparmexjal.org.mx\\\/entorno-empresarial\\\/#\\\/schema\\\/person\\\/7d1d56a9587bfb3a725cd3dbfbdb9d44\"},\"headline\":\"Urgen medidas que frenen la ca\u00edda del empleo\",\"datePublished\":\"2020-07-13T21:13:00+00:00\",\"dateModified\":\"2021-01-06T23:59:54+00:00\",\"mainEntityOfPage\":{\"@id\":\"https:\\\/\\\/coparmexjal.org.mx\\\/entorno-empresarial\\\/urgen-medidas-que-frenen-la-caida-del-empleo\\\/\"},\"wordCount\":570,\"commentCount\":0,\"publisher\":{\"@id\":\"https:\\\/\\\/coparmexjal.org.mx\\\/entorno-empresarial\\\/#organization\"},\"image\":{\"@id\":\"https:\\\/\\\/coparmexjal.org.mx\\\/entorno-empresarial\\\/urgen-medidas-que-frenen-la-caida-del-empleo\\\/#primaryimage\"},\"thumbnailUrl\":\"https:\\\/\\\/coparmexjal.org.mx\\\/entorno-empresarial\\\/wp-content\\\/uploads\\\/2021\\\/01\\\/clark-young-fQxMGkYXqFU-unsplash.jpg\",\"keywords\":[\"covid-19\",\"empleo\",\"Jalisco\",\"PIB\",\"Remedios Solidarios\"],\"articleSection\":[\"Noticias\"],\"inLanguage\":\"es\",\"potentialAction\":[{\"@type\":\"CommentAction\",\"name\":\"Comment\",\"target\":[\"https:\\\/\\\/coparmexjal.org.mx\\\/entorno-empresarial\\\/urgen-medidas-que-frenen-la-caida-del-empleo\\\/#respond\"]}]},{\"@type\":\"WebPage\",\"@id\":\"https:\\\/\\\/coparmexjal.org.mx\\\/entorno-empresarial\\\/urgen-medidas-que-frenen-la-caida-del-empleo\\\/\",\"url\":\"https:\\\/\\\/coparmexjal.org.mx\\\/entorno-empresarial\\\/urgen-medidas-que-frenen-la-caida-del-empleo\\\/\",\"name\":\"Urgen medidas que frenen la ca\u00edda del empleo - Entorno Empresarial\",\"isPartOf\":{\"@id\":\"https:\\\/\\\/coparmexjal.org.mx\\\/entorno-empresarial\\\/#website\"},\"primaryImageOfPage\":{\"@id\":\"https:\\\/\\\/coparmexjal.org.mx\\\/entorno-empresarial\\\/urgen-medidas-que-frenen-la-caida-del-empleo\\\/#primaryimage\"},\"image\":{\"@id\":\"https:\\\/\\\/coparmexjal.org.mx\\\/entorno-empresarial\\\/urgen-medidas-que-frenen-la-caida-del-empleo\\\/#primaryimage\"},\"thumbnailUrl\":\"https:\\\/\\\/coparmexjal.org.mx\\\/entorno-empresarial\\\/wp-content\\\/uploads\\\/2021\\\/01\\\/clark-young-fQxMGkYXqFU-unsplash.jpg\",\"datePublished\":\"2020-07-13T21:13:00+00:00\",\"dateModified\":\"2021-01-06T23:59:54+00:00\",\"breadcrumb\":{\"@id\":\"https:\\\/\\\/coparmexjal.org.mx\\\/entorno-empresarial\\\/urgen-medidas-que-frenen-la-caida-del-empleo\\\/#breadcrumb\"},\"inLanguage\":\"es\",\"potentialAction\":[{\"@type\":\"ReadAction\",\"target\":[\"https:\\\/\\\/coparmexjal.org.mx\\\/entorno-empresarial\\\/urgen-medidas-que-frenen-la-caida-del-empleo\\\/\"]}]},{\"@type\":\"ImageObject\",\"inLanguage\":\"es\",\"@id\":\"https:\\\/\\\/coparmexjal.org.mx\\\/entorno-empresarial\\\/urgen-medidas-que-frenen-la-caida-del-empleo\\\/#primaryimage\",\"url\":\"https:\\\/\\\/coparmexjal.org.mx\\\/entorno-empresarial\\\/wp-content\\\/uploads\\\/2021\\\/01\\\/clark-young-fQxMGkYXqFU-unsplash.jpg\",\"contentUrl\":\"https:\\\/\\\/coparmexjal.org.mx\\\/entorno-empresarial\\\/wp-content\\\/uploads\\\/2021\\\/01\\\/clark-young-fQxMGkYXqFU-unsplash.jpg\",\"width\":1202,\"height\":800},{\"@type\":\"BreadcrumbList\",\"@id\":\"https:\\\/\\\/coparmexjal.org.mx\\\/entorno-empresarial\\\/urgen-medidas-que-frenen-la-caida-del-empleo\\\/#breadcrumb\",\"itemListElement\":[{\"@type\":\"ListItem\",\"position\":1,\"name\":\"Inicio\",\"item\":\"https:\\\/\\\/coparmexjal.org.mx\\\/entorno-empresarial\\\/\"},{\"@type\":\"ListItem\",\"position\":2,\"name\":\"Urgen medidas que frenen la ca\u00edda del empleo\"}]},{\"@type\":\"WebSite\",\"@id\":\"https:\\\/\\\/coparmexjal.org.mx\\\/entorno-empresarial\\\/#website\",\"url\":\"https:\\\/\\\/coparmexjal.org.mx\\\/entorno-empresarial\\\/\",\"name\":\"Revista Entorno Empresarial\",\"description\":\"Coparmex Jalisco\",\"publisher\":{\"@id\":\"https:\\\/\\\/coparmexjal.org.mx\\\/entorno-empresarial\\\/#organization\"},\"potentialAction\":[{\"@type\":\"SearchAction\",\"target\":{\"@type\":\"EntryPoint\",\"urlTemplate\":\"https:\\\/\\\/coparmexjal.org.mx\\\/entorno-empresarial\\\/?s={search_term_string}\"},\"query-input\":{\"@type\":\"PropertyValueSpecification\",\"valueRequired\":true,\"valueName\":\"search_term_string\"}}],\"inLanguage\":\"es\"},{\"@type\":\"Organization\",\"@id\":\"https:\\\/\\\/coparmexjal.org.mx\\\/entorno-empresarial\\\/#organization\",\"name\":\"Coparmex Jalisco\",\"url\":\"https:\\\/\\\/coparmexjal.org.mx\\\/entorno-empresarial\\\/\",\"logo\":{\"@type\":\"ImageObject\",\"inLanguage\":\"es\",\"@id\":\"https:\\\/\\\/coparmexjal.org.mx\\\/entorno-empresarial\\\/#\\\/schema\\\/logo\\\/image\\\/\",\"url\":\"https:\\\/\\\/coparmexjal.org.mx\\\/entorno-empresarial\\\/wp-content\\\/uploads\\\/2020\\\/02\\\/logo-amp.png\",\"contentUrl\":\"https:\\\/\\\/coparmexjal.org.mx\\\/entorno-empresarial\\\/wp-content\\\/uploads\\\/2020\\\/02\\\/logo-amp.png\",\"width\":120,\"height\":90,\"caption\":\"Coparmex Jalisco\"},\"image\":{\"@id\":\"https:\\\/\\\/coparmexjal.org.mx\\\/entorno-empresarial\\\/#\\\/schema\\\/logo\\\/image\\\/\"},\"sameAs\":[\"https:\\\/\\\/facebook.com\\\/comcoparmex\",\"https:\\\/\\\/x.com\\\/comcoparmex\",\"http:\\\/\\\/instagram.com\\\/coparmexjalisco\",\"https:\\\/\\\/mx.linkedin.com\\\/company\\\/coparmex-jalisco\",\"https:\\\/\\\/www.youtube.com\\\/c\\\/CoparmexJaliscomx\"]},{\"@type\":\"Person\",\"@id\":\"https:\\\/\\\/coparmexjal.org.mx\\\/entorno-empresarial\\\/#\\\/schema\\\/person\\\/7d1d56a9587bfb3a725cd3dbfbdb9d44\",\"name\":\"Coparmex Jalisco\",\"image\":{\"@type\":\"ImageObject\",\"inLanguage\":\"es\",\"@id\":\"https:\\\/\\\/coparmexjal.org.mx\\\/entorno-empresarial\\\/wp-content\\\/uploads\\\/2020\\\/06\\\/favicon-150x133.png\",\"url\":\"https:\\\/\\\/coparmexjal.org.mx\\\/entorno-empresarial\\\/wp-content\\\/uploads\\\/2020\\\/06\\\/favicon-150x133.png\",\"contentUrl\":\"https:\\\/\\\/coparmexjal.org.mx\\\/entorno-empresarial\\\/wp-content\\\/uploads\\\/2020\\\/06\\\/favicon-150x133.png\",\"caption\":\"Coparmex Jalisco\"},\"url\":\"https:\\\/\\\/coparmexjal.org.mx\\\/entorno-empresarial\\\/author\\\/coparmexjalisco\\\/\"}]}<\/script>\n<!-- \/ Yoast SEO plugin. -->","yoast_head_json":{"title":"Urgen medidas que frenen la ca\u00edda del empleo - Entorno Empresarial","robots":{"index":"index","follow":"follow","max-snippet":"max-snippet:-1","max-image-preview":"max-image-preview:large","max-video-preview":"max-video-preview:-1"},"canonical":"https:\/\/coparmexjal.org.mx\/entorno-empresarial\/urgen-medidas-que-frenen-la-caida-del-empleo\/","og_locale":"es_MX","og_type":"article","og_title":"Urgen medidas que frenen la ca\u00edda del empleo - Entorno Empresarial","og_description":"Durante los \u00faltimos meses hemos visto de manera preocupante como la generaci\u00f3n de empleos se ha visto detenida por consecuencia de la crisis de salud","og_url":"https:\/\/coparmexjal.org.mx\/entorno-empresarial\/urgen-medidas-que-frenen-la-caida-del-empleo\/","og_site_name":"Entorno Empresarial","article_publisher":"https:\/\/facebook.com\/comcoparmex","article_published_time":"2020-07-13T21:13:00+00:00","article_modified_time":"2021-01-06T23:59:54+00:00","og_image":[{"width":1202,"height":800,"url":"https:\/\/coparmexjal.org.mx\/entorno-empresarial\/wp-content\/uploads\/2021\/01\/clark-young-fQxMGkYXqFU-unsplash.jpg","type":"image\/jpeg"}],"author":"Coparmex Jalisco","twitter_card":"summary_large_image","twitter_creator":"@comcoparmex","twitter_site":"@comcoparmex","twitter_misc":{"Escrito por":"Coparmex Jalisco","Tiempo de lectura":"3 minutos"},"schema":{"@context":"https:\/\/schema.org","@graph":[{"@type":"Article","@id":"https:\/\/coparmexjal.org.mx\/entorno-empresarial\/urgen-medidas-que-frenen-la-caida-del-empleo\/#article","isPartOf":{"@id":"https:\/\/coparmexjal.org.mx\/entorno-empresarial\/urgen-medidas-que-frenen-la-caida-del-empleo\/"},"author":{"name":"Coparmex Jalisco","@id":"https:\/\/coparmexjal.org.mx\/entorno-empresarial\/#\/schema\/person\/7d1d56a9587bfb3a725cd3dbfbdb9d44"},"headline":"Urgen medidas que frenen la ca\u00edda del empleo","datePublished":"2020-07-13T21:13:00+00:00","dateModified":"2021-01-06T23:59:54+00:00","mainEntityOfPage":{"@id":"https:\/\/coparmexjal.org.mx\/entorno-empresarial\/urgen-medidas-que-frenen-la-caida-del-empleo\/"},"wordCount":570,"commentCount":0,"publisher":{"@id":"https:\/\/coparmexjal.org.mx\/entorno-empresarial\/#organization"},"image":{"@id":"https:\/\/coparmexjal.org.mx\/entorno-empresarial\/urgen-medidas-que-frenen-la-caida-del-empleo\/#primaryimage"},"thumbnailUrl":"https:\/\/coparmexjal.org.mx\/entorno-empresarial\/wp-content\/uploads\/2021\/01\/clark-young-fQxMGkYXqFU-unsplash.jpg","keywords":["covid-19","empleo","Jalisco","PIB","Remedios Solidarios"],"articleSection":["Noticias"],"inLanguage":"es","potentialAction":[{"@type":"CommentAction","name":"Comment","target":["https:\/\/coparmexjal.org.mx\/entorno-empresarial\/urgen-medidas-que-frenen-la-caida-del-empleo\/#respond"]}]},{"@type":"WebPage","@id":"https:\/\/coparmexjal.org.mx\/entorno-empresarial\/urgen-medidas-que-frenen-la-caida-del-empleo\/","url":"https:\/\/coparmexjal.org.mx\/entorno-empresarial\/urgen-medidas-que-frenen-la-caida-del-empleo\/","name":"Urgen medidas que frenen la ca\u00edda del empleo - Entorno Empresarial","isPartOf":{"@id":"https:\/\/coparmexjal.org.mx\/entorno-empresarial\/#website"},"primaryImageOfPage":{"@id":"https:\/\/coparmexjal.org.mx\/entorno-empresarial\/urgen-medidas-que-frenen-la-caida-del-empleo\/#primaryimage"},"image":{"@id":"https:\/\/coparmexjal.org.mx\/entorno-empresarial\/urgen-medidas-que-frenen-la-caida-del-empleo\/#primaryimage"},"thumbnailUrl":"https:\/\/coparmexjal.org.mx\/entorno-empresarial\/wp-content\/uploads\/2021\/01\/clark-young-fQxMGkYXqFU-unsplash.jpg","datePublished":"2020-07-13T21:13:00+00:00","dateModified":"2021-01-06T23:59:54+00:00","breadcrumb":{"@id":"https:\/\/coparmexjal.org.mx\/entorno-empresarial\/urgen-medidas-que-frenen-la-caida-del-empleo\/#breadcrumb"},"inLanguage":"es","potentialAction":[{"@type":"ReadAction","target":["https:\/\/coparmexjal.org.mx\/entorno-empresarial\/urgen-medidas-que-frenen-la-caida-del-empleo\/"]}]},{"@type":"ImageObject","inLanguage":"es","@id":"https:\/\/coparmexjal.org.mx\/entorno-empresarial\/urgen-medidas-que-frenen-la-caida-del-empleo\/#primaryimage","url":"https:\/\/coparmexjal.org.mx\/entorno-empresarial\/wp-content\/uploads\/2021\/01\/clark-young-fQxMGkYXqFU-unsplash.jpg","contentUrl":"https:\/\/coparmexjal.org.mx\/entorno-empresarial\/wp-content\/uploads\/2021\/01\/clark-young-fQxMGkYXqFU-unsplash.jpg","width":1202,"height":800},{"@type":"BreadcrumbList","@id":"https:\/\/coparmexjal.org.mx\/entorno-empresarial\/urgen-medidas-que-frenen-la-caida-del-empleo\/#breadcrumb","itemListElement":[{"@type":"ListItem","position":1,"name":"Inicio","item":"https:\/\/coparmexjal.org.mx\/entorno-empresarial\/"},{"@type":"ListItem","position":2,"name":"Urgen medidas que frenen la ca\u00edda del empleo"}]},{"@type":"WebSite","@id":"https:\/\/coparmexjal.org.mx\/entorno-empresarial\/#website","url":"https:\/\/coparmexjal.org.mx\/entorno-empresarial\/","name":"Revista Entorno Empresarial","description":"Coparmex Jalisco","publisher":{"@id":"https:\/\/coparmexjal.org.mx\/entorno-empresarial\/#organization"},"potentialAction":[{"@type":"SearchAction","target":{"@type":"EntryPoint","urlTemplate":"https:\/\/coparmexjal.org.mx\/entorno-empresarial\/?s={search_term_string}"},"query-input":{"@type":"PropertyValueSpecification","valueRequired":true,"valueName":"search_term_string"}}],"inLanguage":"es"},{"@type":"Organization","@id":"https:\/\/coparmexjal.org.mx\/entorno-empresarial\/#organization","name":"Coparmex Jalisco","url":"https:\/\/coparmexjal.org.mx\/entorno-empresarial\/","logo":{"@type":"ImageObject","inLanguage":"es","@id":"https:\/\/coparmexjal.org.mx\/entorno-empresarial\/#\/schema\/logo\/image\/","url":"https:\/\/coparmexjal.org.mx\/entorno-empresarial\/wp-content\/uploads\/2020\/02\/logo-amp.png","contentUrl":"https:\/\/coparmexjal.org.mx\/entorno-empresarial\/wp-content\/uploads\/2020\/02\/logo-amp.png","width":120,"height":90,"caption":"Coparmex Jalisco"},"image":{"@id":"https:\/\/coparmexjal.org.mx\/entorno-empresarial\/#\/schema\/logo\/image\/"},"sameAs":["https:\/\/facebook.com\/comcoparmex","https:\/\/x.com\/comcoparmex","http:\/\/instagram.com\/coparmexjalisco","https:\/\/mx.linkedin.com\/company\/coparmex-jalisco","https:\/\/www.youtube.com\/c\/CoparmexJaliscomx"]},{"@type":"Person","@id":"https:\/\/coparmexjal.org.mx\/entorno-empresarial\/#\/schema\/person\/7d1d56a9587bfb3a725cd3dbfbdb9d44","name":"Coparmex Jalisco","image":{"@type":"ImageObject","inLanguage":"es","@id":"https:\/\/coparmexjal.org.mx\/entorno-empresarial\/wp-content\/uploads\/2020\/06\/favicon-150x133.png","url":"https:\/\/coparmexjal.org.mx\/entorno-empresarial\/wp-content\/uploads\/2020\/06\/favicon-150x133.png","contentUrl":"https:\/\/coparmexjal.org.mx\/entorno-empresarial\/wp-content\/uploads\/2020\/06\/favicon-150x133.png","caption":"Coparmex Jalisco"},"url":"https:\/\/coparmexjal.org.mx\/entorno-empresarial\/author\/coparmexjalisco\/"}]}},"_links":{"self":[{"href":"https:\/\/coparmexjal.org.mx\/entorno-empresarial\/wp-json\/wp\/v2\/posts\/4371","targetHints":{"allow":["GET"]}}],"collection":[{"href":"https:\/\/coparmexjal.org.mx\/entorno-empresarial\/wp-json\/wp\/v2\/posts"}],"about":[{"href":"https:\/\/coparmexjal.org.mx\/entorno-empresarial\/wp-json\/wp\/v2\/types\/post"}],"author":[{"embeddable":true,"href":"https:\/\/coparmexjal.org.mx\/entorno-empresarial\/wp-json\/wp\/v2\/users\/2"}],"replies":[{"embeddable":true,"href":"https:\/\/coparmexjal.org.mx\/entorno-empresarial\/wp-json\/wp\/v2\/comments?post=4371"}],"version-history":[{"count":1,"href":"https:\/\/coparmexjal.org.mx\/entorno-empresarial\/wp-json\/wp\/v2\/posts\/4371\/revisions"}],"predecessor-version":[{"id":4373,"href":"https:\/\/coparmexjal.org.mx\/entorno-empresarial\/wp-json\/wp\/v2\/posts\/4371\/revisions\/4373"}],"wp:featuredmedia":[{"embeddable":true,"href":"https:\/\/coparmexjal.org.mx\/entorno-empresarial\/wp-json\/wp\/v2\/media\/4372"}],"wp:attachment":[{"href":"https:\/\/coparmexjal.org.mx\/entorno-empresarial\/wp-json\/wp\/v2\/media?parent=4371"}],"wp:term":[{"taxonomy":"category","embeddable":true,"href":"https:\/\/coparmexjal.org.mx\/entorno-empresarial\/wp-json\/wp\/v2\/categories?post=4371"},{"taxonomy":"post_tag","embeddable":true,"href":"https:\/\/coparmexjal.org.mx\/entorno-empresarial\/wp-json\/wp\/v2\/tags?post=4371"}],"curies":[{"name":"wp","href":"https:\/\/api.w.org\/{rel}","templated":true}]}}