{"id":4343,"date":"2020-12-10T10:46:37","date_gmt":"2020-12-10T16:46:37","guid":{"rendered":"https:\/\/coparmexjal.org.mx\/entorno-empresarial\/?p=4343"},"modified":"2020-12-14T12:10:25","modified_gmt":"2020-12-14T18:10:25","slug":"como-construir-tejido-social-sustentable-desde-el-emprendimiento","status":"publish","type":"post","link":"https:\/\/coparmexjal.org.mx\/entorno-empresarial\/como-construir-tejido-social-sustentable-desde-el-emprendimiento\/","title":{"rendered":"\u00bfC\u00f3mo construir tejido social sustentable desde el emprendimiento?"},"content":{"rendered":"\n<p>Emprender tiene dos ra\u00edces latinas <strong>\u201c<em>in<\/em>\u201d<\/strong> hacia dentro y <strong>\u201c<em>pretender\u00e9<\/em>\u201d <\/strong>atrapar, el significado conjunto es <strong>iniciar algo dif\u00edcil<\/strong> y es que cuando nada es seguro, todo es posible.<\/p>\n\n\n\n<p>La incertidumbre es inherente a emprender, no es f\u00e1cil su manejo, pero ese cambio de miedo a emoci\u00f3n es justamente lo que produce el estado mental para iniciar desde lo profundo de nuestro ser e ir a atrapar el sue\u00f1o, enfrent\u00e1ndolo todo, sin renunciar.<\/p>\n\n\n\n<h3 class=\"has-text-color wp-block-heading\" style=\"color:#485eff\">\u00bfY qu\u00e9 significa ser emprendedor en el contexto actual?<\/h3>\n\n\n\n<p>Un emprendedor busca c\u00f3mo hacer una empresa en la que pueda transformar y crear valor agregado en productos y servicios, adem\u00e1s de brindar un estado de placer y\/o bienestar a quien los consume o usa.  Tomando en cuenta que se debe llevar a cabo, dentro de un marco regulatorio que establece el gobierno y desde luego, generando econom\u00eda formal. <strong>Entonces, es esta la combinaci\u00f3n de factores que construye tejido social de manera eficiente y sustentable.<\/strong><\/p>\n\n\n\n<blockquote class=\"wp-block-quote is-layout-flow wp-block-quote-is-layout-flow\"><p>Una alegor\u00eda para reflexionar es como la madre naturaleza crea riqueza y valor agregado, en un <strong>ecosistema autosustentable y eficiente que hace evolucionar las especies generaci\u00f3n tras generaci\u00f3n, <\/strong>en cada metabolismo de diferentes organismos vivos est\u00e1, el proceso m\u00e1s eficiente de transformar materia en energ\u00eda, energ\u00eda en materia con alto valor agregado, sin generar contaminaci\u00f3n, sin desperdicio y con una utilidad en alg\u00fan eslab\u00f3n de la cadena de vida.<\/p><\/blockquote>\n\n\n\n<p>As\u00ed las empresas no solo generan empleos, sino que los deben <strong>remunerar bien, procurar los beneficios de seguridad social, pagar impuestos, hacer publicidad honesta,&nbsp;ofrecer al mercado una oferta de alto valor agregado en cada servicio o producto, deben competir de manera justa y dentro de la regulaci\u00f3n, respetar y proteger el medio ambiente. <\/strong>Los emprendedores y empresarios, son de alguna manera entes que viven, evolucionan y sirven a la creaci\u00f3n de riqueza, abundancia que derrama a la sociedad creando <strong>bienestar social,<\/strong> por ello es la forma en que los empresarios construimos tejido social sustentable en un comercio justo para todas y todos.<\/p>\n\n\n\n<p>En Coparmex hoy, como siempre, sabemos que son tiempos donde nada es seguro, jam\u00e1s es el momento ideal de absoluta certidumbre y total control. <strong>Emprender justo ahora demanda de gran visi\u00f3n y capacidad de adaptaci\u00f3n a la nueva normalidad una emoci\u00f3n desbordante, por ello somos aliados de los emprendedores quienes tienen hoy sue\u00f1os donde todo es posible y juntos lo haremos realidad<\/strong>. <\/p>\n\n\n\n<p>Hemos recorrido el camino ya, hemos superado crisis de todo tipo y desde luego hemos construido tejido social forjando un estado y un pa\u00eds cuya presencia en el mundo es relevante.<\/p>\n\n\n\n<p>Vence tus temores con nosotros, desc\u00fabrete a ti mismo en tu total potencial y sorpr\u00e9ndete en el proceso de transformaci\u00f3n personal para trascender y atrapar tus sue\u00f1os y vivirlos a plenitud, <strong>\u00a1s\u00e9 un emprendedor Coparmex 2021!<\/strong><\/p>\n\n\n\n<div class=\"wp-block-image\"><figure class=\"aligncenter size-large is-resized\"><a href=\"https:\/\/bit.ly\/3n6myP8\"><img fetchpriority=\"high\" decoding=\"async\" src=\"https:\/\/coparmexjal.org.mx\/entorno-empresarial\/wp-content\/uploads\/2020\/12\/Poster-premio-02-1.png\" alt=\"\" class=\"wp-image-4347\" width=\"757\" height=\"281\" srcset=\"https:\/\/coparmexjal.org.mx\/entorno-empresarial\/wp-content\/uploads\/2020\/12\/Poster-premio-02-1.png 853w, https:\/\/coparmexjal.org.mx\/entorno-empresarial\/wp-content\/uploads\/2020\/12\/Poster-premio-02-1-300x111.png 300w, https:\/\/coparmexjal.org.mx\/entorno-empresarial\/wp-content\/uploads\/2020\/12\/Poster-premio-02-1-768x285.png 768w\" sizes=\"(max-width: 757px) 100vw, 757px\" \/><\/a><\/figure><\/div>\n\n\n\n<p><\/p>\n","protected":false},"excerpt":{"rendered":"<p>Emprender tiene dos ra\u00edces latinas \u201cin\u201d hacia dentro y \u201cpretender\u00e9\u201d atrapar, el significado conjunto es iniciar algo dif\u00edcil y es que cuando nada es seguro,<\/p>\n","protected":false},"author":81,"featured_media":4354,"comment_status":"open","ping_status":"open","sticky":false,"template":"","format":"standard","meta":{"footnotes":""},"categories":[161,152],"tags":[],"class_list":["post-4343","post","type-post","status-publish","format-standard","has-post-thumbnail","hentry","category-emprende","category-empresas"],"yoast_head":"<!-- This site is optimized with the Yoast SEO plugin v27.5 - https:\/\/yoast.com\/product\/yoast-seo-wordpress\/ -->\n<title>\u00bfC\u00f3mo construir tejido social sustentable desde el emprendimiento? - Entorno Empresarial<\/title>\n<meta name=\"robots\" content=\"index, follow, max-snippet:-1, max-image-preview:large, max-video-preview:-1\" \/>\n<link rel=\"canonical\" href=\"https:\/\/coparmexjal.org.mx\/entorno-empresarial\/como-construir-tejido-social-sustentable-desde-el-emprendimiento\/\" \/>\n<meta property=\"og:locale\" content=\"es_MX\" \/>\n<meta property=\"og:type\" content=\"article\" \/>\n<meta property=\"og:title\" content=\"\u00bfC\u00f3mo construir tejido social sustentable desde el emprendimiento? - Entorno Empresarial\" \/>\n<meta property=\"og:description\" content=\"Emprender tiene dos ra\u00edces latinas \u201cin\u201d hacia dentro y \u201cpretender\u00e9\u201d atrapar, el significado conjunto es iniciar algo dif\u00edcil y es que cuando nada es seguro,\" \/>\n<meta property=\"og:url\" content=\"https:\/\/coparmexjal.org.mx\/entorno-empresarial\/como-construir-tejido-social-sustentable-desde-el-emprendimiento\/\" \/>\n<meta property=\"og:site_name\" content=\"Entorno Empresarial\" \/>\n<meta property=\"article:publisher\" content=\"https:\/\/facebook.com\/comcoparmex\" \/>\n<meta property=\"article:published_time\" content=\"2020-12-10T16:46:37+00:00\" \/>\n<meta property=\"article:modified_time\" content=\"2020-12-14T18:10:25+00:00\" \/>\n<meta property=\"og:image\" content=\"https:\/\/coparmexjal.org.mx\/entorno-empresarial\/wp-content\/uploads\/2020\/12\/unnamed.png\" \/>\n\t<meta property=\"og:image:width\" content=\"512\" \/>\n\t<meta property=\"og:image:height\" content=\"305\" \/>\n\t<meta property=\"og:image:type\" content=\"image\/png\" \/>\n<meta name=\"author\" content=\"Antonio Cruz\" \/>\n<meta name=\"twitter:card\" content=\"summary_large_image\" \/>\n<meta name=\"twitter:creator\" content=\"@comcoparmex\" \/>\n<meta name=\"twitter:site\" content=\"@comcoparmex\" \/>\n<meta name=\"twitter:label1\" content=\"Escrito por\" \/>\n\t<meta name=\"twitter:data1\" content=\"Antonio Cruz\" \/>\n\t<meta name=\"twitter:label2\" content=\"Tiempo de lectura\" \/>\n\t<meta name=\"twitter:data2\" content=\"2 minutos\" \/>\n<script type=\"application\/ld+json\" class=\"yoast-schema-graph\">{\"@context\":\"https:\\\/\\\/schema.org\",\"@graph\":[{\"@type\":\"Article\",\"@id\":\"https:\\\/\\\/coparmexjal.org.mx\\\/entorno-empresarial\\\/como-construir-tejido-social-sustentable-desde-el-emprendimiento\\\/#article\",\"isPartOf\":{\"@id\":\"https:\\\/\\\/coparmexjal.org.mx\\\/entorno-empresarial\\\/como-construir-tejido-social-sustentable-desde-el-emprendimiento\\\/\"},\"author\":{\"name\":\"Antonio Cruz\",\"@id\":\"https:\\\/\\\/coparmexjal.org.mx\\\/entorno-empresarial\\\/#\\\/schema\\\/person\\\/abf91700c3b8bb1cf1ae4e340fead4cb\"},\"headline\":\"\u00bfC\u00f3mo construir tejido social sustentable desde el emprendimiento?\",\"datePublished\":\"2020-12-10T16:46:37+00:00\",\"dateModified\":\"2020-12-14T18:10:25+00:00\",\"mainEntityOfPage\":{\"@id\":\"https:\\\/\\\/coparmexjal.org.mx\\\/entorno-empresarial\\\/como-construir-tejido-social-sustentable-desde-el-emprendimiento\\\/\"},\"wordCount\":498,\"commentCount\":0,\"publisher\":{\"@id\":\"https:\\\/\\\/coparmexjal.org.mx\\\/entorno-empresarial\\\/#organization\"},\"image\":{\"@id\":\"https:\\\/\\\/coparmexjal.org.mx\\\/entorno-empresarial\\\/como-construir-tejido-social-sustentable-desde-el-emprendimiento\\\/#primaryimage\"},\"thumbnailUrl\":\"https:\\\/\\\/coparmexjal.org.mx\\\/entorno-empresarial\\\/wp-content\\\/uploads\\\/2020\\\/12\\\/unnamed.png\",\"articleSection\":[\"Emprende\",\"Empresas\"],\"inLanguage\":\"es\",\"potentialAction\":[{\"@type\":\"CommentAction\",\"name\":\"Comment\",\"target\":[\"https:\\\/\\\/coparmexjal.org.mx\\\/entorno-empresarial\\\/como-construir-tejido-social-sustentable-desde-el-emprendimiento\\\/#respond\"]}]},{\"@type\":\"WebPage\",\"@id\":\"https:\\\/\\\/coparmexjal.org.mx\\\/entorno-empresarial\\\/como-construir-tejido-social-sustentable-desde-el-emprendimiento\\\/\",\"url\":\"https:\\\/\\\/coparmexjal.org.mx\\\/entorno-empresarial\\\/como-construir-tejido-social-sustentable-desde-el-emprendimiento\\\/\",\"name\":\"\u00bfC\u00f3mo construir tejido social sustentable desde el emprendimiento? - Entorno Empresarial\",\"isPartOf\":{\"@id\":\"https:\\\/\\\/coparmexjal.org.mx\\\/entorno-empresarial\\\/#website\"},\"primaryImageOfPage\":{\"@id\":\"https:\\\/\\\/coparmexjal.org.mx\\\/entorno-empresarial\\\/como-construir-tejido-social-sustentable-desde-el-emprendimiento\\\/#primaryimage\"},\"image\":{\"@id\":\"https:\\\/\\\/coparmexjal.org.mx\\\/entorno-empresarial\\\/como-construir-tejido-social-sustentable-desde-el-emprendimiento\\\/#primaryimage\"},\"thumbnailUrl\":\"https:\\\/\\\/coparmexjal.org.mx\\\/entorno-empresarial\\\/wp-content\\\/uploads\\\/2020\\\/12\\\/unnamed.png\",\"datePublished\":\"2020-12-10T16:46:37+00:00\",\"dateModified\":\"2020-12-14T18:10:25+00:00\",\"breadcrumb\":{\"@id\":\"https:\\\/\\\/coparmexjal.org.mx\\\/entorno-empresarial\\\/como-construir-tejido-social-sustentable-desde-el-emprendimiento\\\/#breadcrumb\"},\"inLanguage\":\"es\",\"potentialAction\":[{\"@type\":\"ReadAction\",\"target\":[\"https:\\\/\\\/coparmexjal.org.mx\\\/entorno-empresarial\\\/como-construir-tejido-social-sustentable-desde-el-emprendimiento\\\/\"]}]},{\"@type\":\"ImageObject\",\"inLanguage\":\"es\",\"@id\":\"https:\\\/\\\/coparmexjal.org.mx\\\/entorno-empresarial\\\/como-construir-tejido-social-sustentable-desde-el-emprendimiento\\\/#primaryimage\",\"url\":\"https:\\\/\\\/coparmexjal.org.mx\\\/entorno-empresarial\\\/wp-content\\\/uploads\\\/2020\\\/12\\\/unnamed.png\",\"contentUrl\":\"https:\\\/\\\/coparmexjal.org.mx\\\/entorno-empresarial\\\/wp-content\\\/uploads\\\/2020\\\/12\\\/unnamed.png\",\"width\":512,\"height\":305},{\"@type\":\"BreadcrumbList\",\"@id\":\"https:\\\/\\\/coparmexjal.org.mx\\\/entorno-empresarial\\\/como-construir-tejido-social-sustentable-desde-el-emprendimiento\\\/#breadcrumb\",\"itemListElement\":[{\"@type\":\"ListItem\",\"position\":1,\"name\":\"Inicio\",\"item\":\"https:\\\/\\\/coparmexjal.org.mx\\\/entorno-empresarial\\\/\"},{\"@type\":\"ListItem\",\"position\":2,\"name\":\"\u00bfC\u00f3mo construir tejido social sustentable desde el emprendimiento?\"}]},{\"@type\":\"WebSite\",\"@id\":\"https:\\\/\\\/coparmexjal.org.mx\\\/entorno-empresarial\\\/#website\",\"url\":\"https:\\\/\\\/coparmexjal.org.mx\\\/entorno-empresarial\\\/\",\"name\":\"Revista Entorno Empresarial\",\"description\":\"Coparmex Jalisco\",\"publisher\":{\"@id\":\"https:\\\/\\\/coparmexjal.org.mx\\\/entorno-empresarial\\\/#organization\"},\"potentialAction\":[{\"@type\":\"SearchAction\",\"target\":{\"@type\":\"EntryPoint\",\"urlTemplate\":\"https:\\\/\\\/coparmexjal.org.mx\\\/entorno-empresarial\\\/?s={search_term_string}\"},\"query-input\":{\"@type\":\"PropertyValueSpecification\",\"valueRequired\":true,\"valueName\":\"search_term_string\"}}],\"inLanguage\":\"es\"},{\"@type\":\"Organization\",\"@id\":\"https:\\\/\\\/coparmexjal.org.mx\\\/entorno-empresarial\\\/#organization\",\"name\":\"Coparmex Jalisco\",\"url\":\"https:\\\/\\\/coparmexjal.org.mx\\\/entorno-empresarial\\\/\",\"logo\":{\"@type\":\"ImageObject\",\"inLanguage\":\"es\",\"@id\":\"https:\\\/\\\/coparmexjal.org.mx\\\/entorno-empresarial\\\/#\\\/schema\\\/logo\\\/image\\\/\",\"url\":\"https:\\\/\\\/coparmexjal.org.mx\\\/entorno-empresarial\\\/wp-content\\\/uploads\\\/2020\\\/02\\\/logo-amp.png\",\"contentUrl\":\"https:\\\/\\\/coparmexjal.org.mx\\\/entorno-empresarial\\\/wp-content\\\/uploads\\\/2020\\\/02\\\/logo-amp.png\",\"width\":120,\"height\":90,\"caption\":\"Coparmex Jalisco\"},\"image\":{\"@id\":\"https:\\\/\\\/coparmexjal.org.mx\\\/entorno-empresarial\\\/#\\\/schema\\\/logo\\\/image\\\/\"},\"sameAs\":[\"https:\\\/\\\/facebook.com\\\/comcoparmex\",\"https:\\\/\\\/x.com\\\/comcoparmex\",\"http:\\\/\\\/instagram.com\\\/coparmexjalisco\",\"https:\\\/\\\/mx.linkedin.com\\\/company\\\/coparmex-jalisco\",\"https:\\\/\\\/www.youtube.com\\\/c\\\/CoparmexJaliscomx\"]},{\"@type\":\"Person\",\"@id\":\"https:\\\/\\\/coparmexjal.org.mx\\\/entorno-empresarial\\\/#\\\/schema\\\/person\\\/abf91700c3b8bb1cf1ae4e340fead4cb\",\"name\":\"Antonio Cruz\",\"image\":{\"@type\":\"ImageObject\",\"inLanguage\":\"es\",\"@id\":\"https:\\\/\\\/coparmexjal.org.mx\\\/entorno-empresarial\\\/wp-content\\\/uploads\\\/2020\\\/12\\\/Antonio-Cruz-150x150.jpg\",\"url\":\"https:\\\/\\\/coparmexjal.org.mx\\\/entorno-empresarial\\\/wp-content\\\/uploads\\\/2020\\\/12\\\/Antonio-Cruz-150x150.jpg\",\"contentUrl\":\"https:\\\/\\\/coparmexjal.org.mx\\\/entorno-empresarial\\\/wp-content\\\/uploads\\\/2020\\\/12\\\/Antonio-Cruz-150x150.jpg\",\"caption\":\"Antonio Cruz\"},\"description\":\"CEO de Kurago Biotek y miembro del comit\u00e9 de emprendimiento\",\"sameAs\":[\"http:\\\/\\\/kuragobiotek.com\\\/\"],\"url\":\"https:\\\/\\\/coparmexjal.org.mx\\\/entorno-empresarial\\\/author\\\/antoniocruz\\\/\"}]}<\/script>\n<!-- \/ Yoast SEO plugin. -->","yoast_head_json":{"title":"\u00bfC\u00f3mo construir tejido social sustentable desde el emprendimiento? - Entorno Empresarial","robots":{"index":"index","follow":"follow","max-snippet":"max-snippet:-1","max-image-preview":"max-image-preview:large","max-video-preview":"max-video-preview:-1"},"canonical":"https:\/\/coparmexjal.org.mx\/entorno-empresarial\/como-construir-tejido-social-sustentable-desde-el-emprendimiento\/","og_locale":"es_MX","og_type":"article","og_title":"\u00bfC\u00f3mo construir tejido social sustentable desde el emprendimiento? - Entorno Empresarial","og_description":"Emprender tiene dos ra\u00edces latinas \u201cin\u201d hacia dentro y \u201cpretender\u00e9\u201d atrapar, el significado conjunto es iniciar algo dif\u00edcil y es que cuando nada es seguro,","og_url":"https:\/\/coparmexjal.org.mx\/entorno-empresarial\/como-construir-tejido-social-sustentable-desde-el-emprendimiento\/","og_site_name":"Entorno Empresarial","article_publisher":"https:\/\/facebook.com\/comcoparmex","article_published_time":"2020-12-10T16:46:37+00:00","article_modified_time":"2020-12-14T18:10:25+00:00","og_image":[{"width":512,"height":305,"url":"https:\/\/coparmexjal.org.mx\/entorno-empresarial\/wp-content\/uploads\/2020\/12\/unnamed.png","type":"image\/png"}],"author":"Antonio Cruz","twitter_card":"summary_large_image","twitter_creator":"@comcoparmex","twitter_site":"@comcoparmex","twitter_misc":{"Escrito por":"Antonio Cruz","Tiempo de lectura":"2 minutos"},"schema":{"@context":"https:\/\/schema.org","@graph":[{"@type":"Article","@id":"https:\/\/coparmexjal.org.mx\/entorno-empresarial\/como-construir-tejido-social-sustentable-desde-el-emprendimiento\/#article","isPartOf":{"@id":"https:\/\/coparmexjal.org.mx\/entorno-empresarial\/como-construir-tejido-social-sustentable-desde-el-emprendimiento\/"},"author":{"name":"Antonio Cruz","@id":"https:\/\/coparmexjal.org.mx\/entorno-empresarial\/#\/schema\/person\/abf91700c3b8bb1cf1ae4e340fead4cb"},"headline":"\u00bfC\u00f3mo construir tejido social sustentable desde el emprendimiento?","datePublished":"2020-12-10T16:46:37+00:00","dateModified":"2020-12-14T18:10:25+00:00","mainEntityOfPage":{"@id":"https:\/\/coparmexjal.org.mx\/entorno-empresarial\/como-construir-tejido-social-sustentable-desde-el-emprendimiento\/"},"wordCount":498,"commentCount":0,"publisher":{"@id":"https:\/\/coparmexjal.org.mx\/entorno-empresarial\/#organization"},"image":{"@id":"https:\/\/coparmexjal.org.mx\/entorno-empresarial\/como-construir-tejido-social-sustentable-desde-el-emprendimiento\/#primaryimage"},"thumbnailUrl":"https:\/\/coparmexjal.org.mx\/entorno-empresarial\/wp-content\/uploads\/2020\/12\/unnamed.png","articleSection":["Emprende","Empresas"],"inLanguage":"es","potentialAction":[{"@type":"CommentAction","name":"Comment","target":["https:\/\/coparmexjal.org.mx\/entorno-empresarial\/como-construir-tejido-social-sustentable-desde-el-emprendimiento\/#respond"]}]},{"@type":"WebPage","@id":"https:\/\/coparmexjal.org.mx\/entorno-empresarial\/como-construir-tejido-social-sustentable-desde-el-emprendimiento\/","url":"https:\/\/coparmexjal.org.mx\/entorno-empresarial\/como-construir-tejido-social-sustentable-desde-el-emprendimiento\/","name":"\u00bfC\u00f3mo construir tejido social sustentable desde el emprendimiento? - Entorno Empresarial","isPartOf":{"@id":"https:\/\/coparmexjal.org.mx\/entorno-empresarial\/#website"},"primaryImageOfPage":{"@id":"https:\/\/coparmexjal.org.mx\/entorno-empresarial\/como-construir-tejido-social-sustentable-desde-el-emprendimiento\/#primaryimage"},"image":{"@id":"https:\/\/coparmexjal.org.mx\/entorno-empresarial\/como-construir-tejido-social-sustentable-desde-el-emprendimiento\/#primaryimage"},"thumbnailUrl":"https:\/\/coparmexjal.org.mx\/entorno-empresarial\/wp-content\/uploads\/2020\/12\/unnamed.png","datePublished":"2020-12-10T16:46:37+00:00","dateModified":"2020-12-14T18:10:25+00:00","breadcrumb":{"@id":"https:\/\/coparmexjal.org.mx\/entorno-empresarial\/como-construir-tejido-social-sustentable-desde-el-emprendimiento\/#breadcrumb"},"inLanguage":"es","potentialAction":[{"@type":"ReadAction","target":["https:\/\/coparmexjal.org.mx\/entorno-empresarial\/como-construir-tejido-social-sustentable-desde-el-emprendimiento\/"]}]},{"@type":"ImageObject","inLanguage":"es","@id":"https:\/\/coparmexjal.org.mx\/entorno-empresarial\/como-construir-tejido-social-sustentable-desde-el-emprendimiento\/#primaryimage","url":"https:\/\/coparmexjal.org.mx\/entorno-empresarial\/wp-content\/uploads\/2020\/12\/unnamed.png","contentUrl":"https:\/\/coparmexjal.org.mx\/entorno-empresarial\/wp-content\/uploads\/2020\/12\/unnamed.png","width":512,"height":305},{"@type":"BreadcrumbList","@id":"https:\/\/coparmexjal.org.mx\/entorno-empresarial\/como-construir-tejido-social-sustentable-desde-el-emprendimiento\/#breadcrumb","itemListElement":[{"@type":"ListItem","position":1,"name":"Inicio","item":"https:\/\/coparmexjal.org.mx\/entorno-empresarial\/"},{"@type":"ListItem","position":2,"name":"\u00bfC\u00f3mo construir tejido social sustentable desde el emprendimiento?"}]},{"@type":"WebSite","@id":"https:\/\/coparmexjal.org.mx\/entorno-empresarial\/#website","url":"https:\/\/coparmexjal.org.mx\/entorno-empresarial\/","name":"Revista Entorno Empresarial","description":"Coparmex Jalisco","publisher":{"@id":"https:\/\/coparmexjal.org.mx\/entorno-empresarial\/#organization"},"potentialAction":[{"@type":"SearchAction","target":{"@type":"EntryPoint","urlTemplate":"https:\/\/coparmexjal.org.mx\/entorno-empresarial\/?s={search_term_string}"},"query-input":{"@type":"PropertyValueSpecification","valueRequired":true,"valueName":"search_term_string"}}],"inLanguage":"es"},{"@type":"Organization","@id":"https:\/\/coparmexjal.org.mx\/entorno-empresarial\/#organization","name":"Coparmex Jalisco","url":"https:\/\/coparmexjal.org.mx\/entorno-empresarial\/","logo":{"@type":"ImageObject","inLanguage":"es","@id":"https:\/\/coparmexjal.org.mx\/entorno-empresarial\/#\/schema\/logo\/image\/","url":"https:\/\/coparmexjal.org.mx\/entorno-empresarial\/wp-content\/uploads\/2020\/02\/logo-amp.png","contentUrl":"https:\/\/coparmexjal.org.mx\/entorno-empresarial\/wp-content\/uploads\/2020\/02\/logo-amp.png","width":120,"height":90,"caption":"Coparmex Jalisco"},"image":{"@id":"https:\/\/coparmexjal.org.mx\/entorno-empresarial\/#\/schema\/logo\/image\/"},"sameAs":["https:\/\/facebook.com\/comcoparmex","https:\/\/x.com\/comcoparmex","http:\/\/instagram.com\/coparmexjalisco","https:\/\/mx.linkedin.com\/company\/coparmex-jalisco","https:\/\/www.youtube.com\/c\/CoparmexJaliscomx"]},{"@type":"Person","@id":"https:\/\/coparmexjal.org.mx\/entorno-empresarial\/#\/schema\/person\/abf91700c3b8bb1cf1ae4e340fead4cb","name":"Antonio Cruz","image":{"@type":"ImageObject","inLanguage":"es","@id":"https:\/\/coparmexjal.org.mx\/entorno-empresarial\/wp-content\/uploads\/2020\/12\/Antonio-Cruz-150x150.jpg","url":"https:\/\/coparmexjal.org.mx\/entorno-empresarial\/wp-content\/uploads\/2020\/12\/Antonio-Cruz-150x150.jpg","contentUrl":"https:\/\/coparmexjal.org.mx\/entorno-empresarial\/wp-content\/uploads\/2020\/12\/Antonio-Cruz-150x150.jpg","caption":"Antonio Cruz"},"description":"CEO de Kurago Biotek y miembro del comit\u00e9 de emprendimiento","sameAs":["http:\/\/kuragobiotek.com\/"],"url":"https:\/\/coparmexjal.org.mx\/entorno-empresarial\/author\/antoniocruz\/"}]}},"_links":{"self":[{"href":"https:\/\/coparmexjal.org.mx\/entorno-empresarial\/wp-json\/wp\/v2\/posts\/4343","targetHints":{"allow":["GET"]}}],"collection":[{"href":"https:\/\/coparmexjal.org.mx\/entorno-empresarial\/wp-json\/wp\/v2\/posts"}],"about":[{"href":"https:\/\/coparmexjal.org.mx\/entorno-empresarial\/wp-json\/wp\/v2\/types\/post"}],"author":[{"embeddable":true,"href":"https:\/\/coparmexjal.org.mx\/entorno-empresarial\/wp-json\/wp\/v2\/users\/81"}],"replies":[{"embeddable":true,"href":"https:\/\/coparmexjal.org.mx\/entorno-empresarial\/wp-json\/wp\/v2\/comments?post=4343"}],"version-history":[{"count":13,"href":"https:\/\/coparmexjal.org.mx\/entorno-empresarial\/wp-json\/wp\/v2\/posts\/4343\/revisions"}],"predecessor-version":[{"id":4364,"href":"https:\/\/coparmexjal.org.mx\/entorno-empresarial\/wp-json\/wp\/v2\/posts\/4343\/revisions\/4364"}],"wp:featuredmedia":[{"embeddable":true,"href":"https:\/\/coparmexjal.org.mx\/entorno-empresarial\/wp-json\/wp\/v2\/media\/4354"}],"wp:attachment":[{"href":"https:\/\/coparmexjal.org.mx\/entorno-empresarial\/wp-json\/wp\/v2\/media?parent=4343"}],"wp:term":[{"taxonomy":"category","embeddable":true,"href":"https:\/\/coparmexjal.org.mx\/entorno-empresarial\/wp-json\/wp\/v2\/categories?post=4343"},{"taxonomy":"post_tag","embeddable":true,"href":"https:\/\/coparmexjal.org.mx\/entorno-empresarial\/wp-json\/wp\/v2\/tags?post=4343"}],"curies":[{"name":"wp","href":"https:\/\/api.w.org\/{rel}","templated":true}]}}