{"id":4318,"date":"2020-11-30T10:02:22","date_gmt":"2020-11-30T16:02:22","guid":{"rendered":"https:\/\/coparmexjal.org.mx\/entorno-empresarial\/?p=4318"},"modified":"2020-12-01T10:20:59","modified_gmt":"2020-12-01T16:20:59","slug":"entrega-presidente-de-coparmex-jalisco-iniciativa-de-ley-de-emprendimiento-a-enrique-alfaro-ramirez-gobernador-del-estado","status":"publish","type":"post","link":"https:\/\/coparmexjal.org.mx\/entorno-empresarial\/entrega-presidente-de-coparmex-jalisco-iniciativa-de-ley-de-emprendimiento-a-enrique-alfaro-ramirez-gobernador-del-estado\/","title":{"rendered":"Entrega Presidente de Coparmex Jalisco Iniciativa de Ley de Emprendimiento a Enrique Alfaro Ram\u00edrez Gobernador del Estado"},"content":{"rendered":"\n<p><em>Coparmex Jalisco celebr\u00f3 <\/em><em>la decimoquinta edici\u00f3<\/em><em>n del D\u00eda de la Empresa Coparmex<\/em><\/p>\n\n\n\n<p>Durante la inauguraci\u00f3n del evento de Coparmex Jalisco, su presidente Carlos Villase\u00f1or Franco, aprovech\u00f3 el momento para hacer entrega del proyecto de iniciativa de Ley de Emprendimiento al Gobernador Enrique Alfaro Ram\u00edrez.<\/p>\n\n\n\n<p>El presidente reconoci\u00f3 la apertura y comunicaci\u00f3n que el Gobernador y el gabinete econ\u00f3mico han mostrado con Coparmex desde el inicio de su gesti\u00f3n y particularmente durante la pandemia.<\/p>\n\n\n\n<p>Adem\u00e1s se\u00f1al\u00f3 que para seguir reactivando a Jalisco, tendr\u00e1n que trabajar en la generaci\u00f3n de m\u00e1s empresas, continuar apoyando a las actuales y apostar por el desarrollo y consolidaci\u00f3n de los proyectos de emprendimiento.<\/p>\n\n\n\n<p>La iniciativa destaca acciones enfocadas en:<\/p>\n\n\n\n<ul class=\"wp-block-list\"><li>La integraci\u00f3n a programas de estudio en materia de emprendimiento desde la educaci\u00f3n b\u00e1sica;<\/li><li>Generaci\u00f3n de redes y sistemas que faciliten la interacci\u00f3n de los distintos actores del ecosistema;<\/li><li>Acceso a financiamiento, capital e incentivos;<\/li><li>institucionalizar el Premio Estatal al Emprendedor y,<\/li><li>Vocacionamiento y desarrollo de las distintas regiones del Estado, eje estrat\u00e9gico de su gobierno.<\/li><\/ul>\n\n\n\n<p>Adem\u00e1s, dicho proyecto, recoge aspectos esenciales definidos tanto en la recientemente aprobada Ley de Mejora Regulatoria para hacer m\u00e1s f\u00e1cil el proceso de apertura r\u00e1pida de empresas como en la Ley de Desarrollo Econ\u00f3mico y la de Ciencia y Tecnolog\u00eda.<\/p>\n\n\n\n<p>El presidente en su discurso resalt\u00f3 que el emprendimiento es un eslab\u00f3n clave en el desarrollo del pa\u00eds, en M\u00e9xico el 75% de las unidades de negocio se concentra en este sector, generan el 90% del empleo total y el 40% del Producto Interno Bruto.<\/p>\n\n\n\n<p>As\u00ed mismo recalc\u00f3 que la realidad que viven los emprendedores no es acorde al impacto positivo que generan al crecimiento y desarrollo de nuestro pa\u00eds, ya que a diario enfrentan problemas como:<\/p>\n\n\n\n<ul class=\"wp-block-list\"><li>Dificultad al acceso a financiamiento a tasas competitivas,<\/li><li>Acceso a capacitaci\u00f3n limitado,<\/li><li>Regulaci\u00f3n excesiva y,<\/li><li>Ausencia de un ecosistema articulado de negocios.<\/li><\/ul>\n\n\n\n<p>Por lo que en Coparmex Jalisco consideran impostergable la generaci\u00f3n de pol\u00edticas p\u00fablicas y un marco regulatorio que promuevan la cultura del emprendimiento como palanca para la competitividad, a trav\u00e9s de la colaboraci\u00f3n y comunicaci\u00f3n de los actores involucrados en el ecosistema del emprendimiento.<\/p>\n","protected":false},"excerpt":{"rendered":"<p>Coparmex Jalisco celebr\u00f3 la decimoquinta edici\u00f3n del D\u00eda de la Empresa Coparmex Durante la inauguraci\u00f3n del evento de Coparmex Jalisco, su presidente Carlos Villase\u00f1or Franco,<\/p>\n","protected":false},"author":2,"featured_media":4322,"comment_status":"open","ping_status":"open","sticky":false,"template":"","format":"standard","meta":{"footnotes":""},"categories":[348],"tags":[668,405,667,252,666,665],"class_list":["post-4318","post","type-post","status-publish","format-standard","has-post-thumbnail","hentry","category-noticias","tag-carlos-villasenor","tag-coparmex-jalisco","tag-dia-de-la-empresa","tag-emprendimiento","tag-enrique-alfaro","tag-ley"],"yoast_head":"<!-- This site is optimized with the Yoast SEO plugin v27.5 - https:\/\/yoast.com\/product\/yoast-seo-wordpress\/ -->\n<title>Entrega Presidente de Coparmex Jalisco Iniciativa de Ley de Emprendimiento a Enrique Alfaro Ram\u00edrez Gobernador del Estado - Entorno Empresarial<\/title>\n<meta name=\"robots\" content=\"index, follow, max-snippet:-1, max-image-preview:large, max-video-preview:-1\" \/>\n<link rel=\"canonical\" href=\"https:\/\/coparmexjal.org.mx\/entorno-empresarial\/entrega-presidente-de-coparmex-jalisco-iniciativa-de-ley-de-emprendimiento-a-enrique-alfaro-ramirez-gobernador-del-estado\/\" \/>\n<meta property=\"og:locale\" content=\"es_MX\" \/>\n<meta property=\"og:type\" content=\"article\" \/>\n<meta property=\"og:title\" content=\"Entrega Presidente de Coparmex Jalisco Iniciativa de Ley de Emprendimiento a Enrique Alfaro Ram\u00edrez Gobernador del Estado - Entorno Empresarial\" \/>\n<meta property=\"og:description\" content=\"Coparmex Jalisco celebr\u00f3 la decimoquinta edici\u00f3n del D\u00eda de la Empresa Coparmex Durante la inauguraci\u00f3n del evento de Coparmex Jalisco, su presidente Carlos Villase\u00f1or Franco,\" \/>\n<meta property=\"og:url\" content=\"https:\/\/coparmexjal.org.mx\/entorno-empresarial\/entrega-presidente-de-coparmex-jalisco-iniciativa-de-ley-de-emprendimiento-a-enrique-alfaro-ramirez-gobernador-del-estado\/\" \/>\n<meta property=\"og:site_name\" content=\"Entorno Empresarial\" \/>\n<meta property=\"article:publisher\" content=\"https:\/\/facebook.com\/comcoparmex\" \/>\n<meta property=\"article:published_time\" content=\"2020-11-30T16:02:22+00:00\" \/>\n<meta property=\"article:modified_time\" content=\"2020-12-01T16:20:59+00:00\" \/>\n<meta property=\"og:image\" content=\"https:\/\/coparmexjal.org.mx\/entorno-empresarial\/wp-content\/uploads\/2020\/11\/WhatsApp-Image-2020-12-01-at-10.16.36-AM.jpeg\" \/>\n\t<meta property=\"og:image:width\" content=\"1200\" \/>\n\t<meta property=\"og:image:height\" content=\"800\" \/>\n\t<meta property=\"og:image:type\" content=\"image\/jpeg\" \/>\n<meta name=\"author\" content=\"Coparmex Jalisco\" \/>\n<meta name=\"twitter:card\" content=\"summary_large_image\" \/>\n<meta name=\"twitter:creator\" content=\"@comcoparmex\" \/>\n<meta name=\"twitter:site\" content=\"@comcoparmex\" \/>\n<meta name=\"twitter:label1\" content=\"Escrito por\" \/>\n\t<meta name=\"twitter:data1\" content=\"Coparmex Jalisco\" \/>\n\t<meta name=\"twitter:label2\" content=\"Tiempo de lectura\" \/>\n\t<meta name=\"twitter:data2\" content=\"2 minutos\" \/>\n<script type=\"application\/ld+json\" class=\"yoast-schema-graph\">{\"@context\":\"https:\\\/\\\/schema.org\",\"@graph\":[{\"@type\":\"Article\",\"@id\":\"https:\\\/\\\/coparmexjal.org.mx\\\/entorno-empresarial\\\/entrega-presidente-de-coparmex-jalisco-iniciativa-de-ley-de-emprendimiento-a-enrique-alfaro-ramirez-gobernador-del-estado\\\/#article\",\"isPartOf\":{\"@id\":\"https:\\\/\\\/coparmexjal.org.mx\\\/entorno-empresarial\\\/entrega-presidente-de-coparmex-jalisco-iniciativa-de-ley-de-emprendimiento-a-enrique-alfaro-ramirez-gobernador-del-estado\\\/\"},\"author\":{\"name\":\"Coparmex Jalisco\",\"@id\":\"https:\\\/\\\/coparmexjal.org.mx\\\/entorno-empresarial\\\/#\\\/schema\\\/person\\\/7d1d56a9587bfb3a725cd3dbfbdb9d44\"},\"headline\":\"Entrega Presidente de Coparmex Jalisco Iniciativa de Ley de Emprendimiento a Enrique Alfaro Ram\u00edrez Gobernador del Estado\",\"datePublished\":\"2020-11-30T16:02:22+00:00\",\"dateModified\":\"2020-12-01T16:20:59+00:00\",\"mainEntityOfPage\":{\"@id\":\"https:\\\/\\\/coparmexjal.org.mx\\\/entorno-empresarial\\\/entrega-presidente-de-coparmex-jalisco-iniciativa-de-ley-de-emprendimiento-a-enrique-alfaro-ramirez-gobernador-del-estado\\\/\"},\"wordCount\":405,\"commentCount\":0,\"publisher\":{\"@id\":\"https:\\\/\\\/coparmexjal.org.mx\\\/entorno-empresarial\\\/#organization\"},\"image\":{\"@id\":\"https:\\\/\\\/coparmexjal.org.mx\\\/entorno-empresarial\\\/entrega-presidente-de-coparmex-jalisco-iniciativa-de-ley-de-emprendimiento-a-enrique-alfaro-ramirez-gobernador-del-estado\\\/#primaryimage\"},\"thumbnailUrl\":\"https:\\\/\\\/coparmexjal.org.mx\\\/entorno-empresarial\\\/wp-content\\\/uploads\\\/2020\\\/11\\\/WhatsApp-Image-2020-12-01-at-10.16.36-AM.jpeg\",\"keywords\":[\"Carlos Villase\u00f1or\",\"coparmex jalisco\",\"D\u00eda de la Empresa\",\"emprendimiento\",\"Enrique Alfaro\",\"ley\"],\"articleSection\":[\"Noticias\"],\"inLanguage\":\"es\",\"potentialAction\":[{\"@type\":\"CommentAction\",\"name\":\"Comment\",\"target\":[\"https:\\\/\\\/coparmexjal.org.mx\\\/entorno-empresarial\\\/entrega-presidente-de-coparmex-jalisco-iniciativa-de-ley-de-emprendimiento-a-enrique-alfaro-ramirez-gobernador-del-estado\\\/#respond\"]}]},{\"@type\":\"WebPage\",\"@id\":\"https:\\\/\\\/coparmexjal.org.mx\\\/entorno-empresarial\\\/entrega-presidente-de-coparmex-jalisco-iniciativa-de-ley-de-emprendimiento-a-enrique-alfaro-ramirez-gobernador-del-estado\\\/\",\"url\":\"https:\\\/\\\/coparmexjal.org.mx\\\/entorno-empresarial\\\/entrega-presidente-de-coparmex-jalisco-iniciativa-de-ley-de-emprendimiento-a-enrique-alfaro-ramirez-gobernador-del-estado\\\/\",\"name\":\"Entrega Presidente de Coparmex Jalisco Iniciativa de Ley de Emprendimiento a Enrique Alfaro Ram\u00edrez Gobernador del Estado - Entorno Empresarial\",\"isPartOf\":{\"@id\":\"https:\\\/\\\/coparmexjal.org.mx\\\/entorno-empresarial\\\/#website\"},\"primaryImageOfPage\":{\"@id\":\"https:\\\/\\\/coparmexjal.org.mx\\\/entorno-empresarial\\\/entrega-presidente-de-coparmex-jalisco-iniciativa-de-ley-de-emprendimiento-a-enrique-alfaro-ramirez-gobernador-del-estado\\\/#primaryimage\"},\"image\":{\"@id\":\"https:\\\/\\\/coparmexjal.org.mx\\\/entorno-empresarial\\\/entrega-presidente-de-coparmex-jalisco-iniciativa-de-ley-de-emprendimiento-a-enrique-alfaro-ramirez-gobernador-del-estado\\\/#primaryimage\"},\"thumbnailUrl\":\"https:\\\/\\\/coparmexjal.org.mx\\\/entorno-empresarial\\\/wp-content\\\/uploads\\\/2020\\\/11\\\/WhatsApp-Image-2020-12-01-at-10.16.36-AM.jpeg\",\"datePublished\":\"2020-11-30T16:02:22+00:00\",\"dateModified\":\"2020-12-01T16:20:59+00:00\",\"breadcrumb\":{\"@id\":\"https:\\\/\\\/coparmexjal.org.mx\\\/entorno-empresarial\\\/entrega-presidente-de-coparmex-jalisco-iniciativa-de-ley-de-emprendimiento-a-enrique-alfaro-ramirez-gobernador-del-estado\\\/#breadcrumb\"},\"inLanguage\":\"es\",\"potentialAction\":[{\"@type\":\"ReadAction\",\"target\":[\"https:\\\/\\\/coparmexjal.org.mx\\\/entorno-empresarial\\\/entrega-presidente-de-coparmex-jalisco-iniciativa-de-ley-de-emprendimiento-a-enrique-alfaro-ramirez-gobernador-del-estado\\\/\"]}]},{\"@type\":\"ImageObject\",\"inLanguage\":\"es\",\"@id\":\"https:\\\/\\\/coparmexjal.org.mx\\\/entorno-empresarial\\\/entrega-presidente-de-coparmex-jalisco-iniciativa-de-ley-de-emprendimiento-a-enrique-alfaro-ramirez-gobernador-del-estado\\\/#primaryimage\",\"url\":\"https:\\\/\\\/coparmexjal.org.mx\\\/entorno-empresarial\\\/wp-content\\\/uploads\\\/2020\\\/11\\\/WhatsApp-Image-2020-12-01-at-10.16.36-AM.jpeg\",\"contentUrl\":\"https:\\\/\\\/coparmexjal.org.mx\\\/entorno-empresarial\\\/wp-content\\\/uploads\\\/2020\\\/11\\\/WhatsApp-Image-2020-12-01-at-10.16.36-AM.jpeg\",\"width\":1200,\"height\":800},{\"@type\":\"BreadcrumbList\",\"@id\":\"https:\\\/\\\/coparmexjal.org.mx\\\/entorno-empresarial\\\/entrega-presidente-de-coparmex-jalisco-iniciativa-de-ley-de-emprendimiento-a-enrique-alfaro-ramirez-gobernador-del-estado\\\/#breadcrumb\",\"itemListElement\":[{\"@type\":\"ListItem\",\"position\":1,\"name\":\"Inicio\",\"item\":\"https:\\\/\\\/coparmexjal.org.mx\\\/entorno-empresarial\\\/\"},{\"@type\":\"ListItem\",\"position\":2,\"name\":\"Entrega Presidente de Coparmex Jalisco Iniciativa de Ley de Emprendimiento a Enrique Alfaro Ram\u00edrez Gobernador del Estado\"}]},{\"@type\":\"WebSite\",\"@id\":\"https:\\\/\\\/coparmexjal.org.mx\\\/entorno-empresarial\\\/#website\",\"url\":\"https:\\\/\\\/coparmexjal.org.mx\\\/entorno-empresarial\\\/\",\"name\":\"Revista Entorno Empresarial\",\"description\":\"Coparmex Jalisco\",\"publisher\":{\"@id\":\"https:\\\/\\\/coparmexjal.org.mx\\\/entorno-empresarial\\\/#organization\"},\"potentialAction\":[{\"@type\":\"SearchAction\",\"target\":{\"@type\":\"EntryPoint\",\"urlTemplate\":\"https:\\\/\\\/coparmexjal.org.mx\\\/entorno-empresarial\\\/?s={search_term_string}\"},\"query-input\":{\"@type\":\"PropertyValueSpecification\",\"valueRequired\":true,\"valueName\":\"search_term_string\"}}],\"inLanguage\":\"es\"},{\"@type\":\"Organization\",\"@id\":\"https:\\\/\\\/coparmexjal.org.mx\\\/entorno-empresarial\\\/#organization\",\"name\":\"Coparmex Jalisco\",\"url\":\"https:\\\/\\\/coparmexjal.org.mx\\\/entorno-empresarial\\\/\",\"logo\":{\"@type\":\"ImageObject\",\"inLanguage\":\"es\",\"@id\":\"https:\\\/\\\/coparmexjal.org.mx\\\/entorno-empresarial\\\/#\\\/schema\\\/logo\\\/image\\\/\",\"url\":\"https:\\\/\\\/coparmexjal.org.mx\\\/entorno-empresarial\\\/wp-content\\\/uploads\\\/2020\\\/02\\\/logo-amp.png\",\"contentUrl\":\"https:\\\/\\\/coparmexjal.org.mx\\\/entorno-empresarial\\\/wp-content\\\/uploads\\\/2020\\\/02\\\/logo-amp.png\",\"width\":120,\"height\":90,\"caption\":\"Coparmex Jalisco\"},\"image\":{\"@id\":\"https:\\\/\\\/coparmexjal.org.mx\\\/entorno-empresarial\\\/#\\\/schema\\\/logo\\\/image\\\/\"},\"sameAs\":[\"https:\\\/\\\/facebook.com\\\/comcoparmex\",\"https:\\\/\\\/x.com\\\/comcoparmex\",\"http:\\\/\\\/instagram.com\\\/coparmexjalisco\",\"https:\\\/\\\/mx.linkedin.com\\\/company\\\/coparmex-jalisco\",\"https:\\\/\\\/www.youtube.com\\\/c\\\/CoparmexJaliscomx\"]},{\"@type\":\"Person\",\"@id\":\"https:\\\/\\\/coparmexjal.org.mx\\\/entorno-empresarial\\\/#\\\/schema\\\/person\\\/7d1d56a9587bfb3a725cd3dbfbdb9d44\",\"name\":\"Coparmex Jalisco\",\"image\":{\"@type\":\"ImageObject\",\"inLanguage\":\"es\",\"@id\":\"https:\\\/\\\/coparmexjal.org.mx\\\/entorno-empresarial\\\/wp-content\\\/uploads\\\/2020\\\/06\\\/favicon-150x133.png\",\"url\":\"https:\\\/\\\/coparmexjal.org.mx\\\/entorno-empresarial\\\/wp-content\\\/uploads\\\/2020\\\/06\\\/favicon-150x133.png\",\"contentUrl\":\"https:\\\/\\\/coparmexjal.org.mx\\\/entorno-empresarial\\\/wp-content\\\/uploads\\\/2020\\\/06\\\/favicon-150x133.png\",\"caption\":\"Coparmex Jalisco\"},\"url\":\"https:\\\/\\\/coparmexjal.org.mx\\\/entorno-empresarial\\\/author\\\/coparmexjalisco\\\/\"}]}<\/script>\n<!-- \/ Yoast SEO plugin. -->","yoast_head_json":{"title":"Entrega Presidente de Coparmex Jalisco Iniciativa de Ley de Emprendimiento a Enrique Alfaro Ram\u00edrez Gobernador del Estado - Entorno Empresarial","robots":{"index":"index","follow":"follow","max-snippet":"max-snippet:-1","max-image-preview":"max-image-preview:large","max-video-preview":"max-video-preview:-1"},"canonical":"https:\/\/coparmexjal.org.mx\/entorno-empresarial\/entrega-presidente-de-coparmex-jalisco-iniciativa-de-ley-de-emprendimiento-a-enrique-alfaro-ramirez-gobernador-del-estado\/","og_locale":"es_MX","og_type":"article","og_title":"Entrega Presidente de Coparmex Jalisco Iniciativa de Ley de Emprendimiento a Enrique Alfaro Ram\u00edrez Gobernador del Estado - Entorno Empresarial","og_description":"Coparmex Jalisco celebr\u00f3 la decimoquinta edici\u00f3n del D\u00eda de la Empresa Coparmex Durante la inauguraci\u00f3n del evento de Coparmex Jalisco, su presidente Carlos Villase\u00f1or Franco,","og_url":"https:\/\/coparmexjal.org.mx\/entorno-empresarial\/entrega-presidente-de-coparmex-jalisco-iniciativa-de-ley-de-emprendimiento-a-enrique-alfaro-ramirez-gobernador-del-estado\/","og_site_name":"Entorno Empresarial","article_publisher":"https:\/\/facebook.com\/comcoparmex","article_published_time":"2020-11-30T16:02:22+00:00","article_modified_time":"2020-12-01T16:20:59+00:00","og_image":[{"width":1200,"height":800,"url":"https:\/\/coparmexjal.org.mx\/entorno-empresarial\/wp-content\/uploads\/2020\/11\/WhatsApp-Image-2020-12-01-at-10.16.36-AM.jpeg","type":"image\/jpeg"}],"author":"Coparmex Jalisco","twitter_card":"summary_large_image","twitter_creator":"@comcoparmex","twitter_site":"@comcoparmex","twitter_misc":{"Escrito por":"Coparmex Jalisco","Tiempo de lectura":"2 minutos"},"schema":{"@context":"https:\/\/schema.org","@graph":[{"@type":"Article","@id":"https:\/\/coparmexjal.org.mx\/entorno-empresarial\/entrega-presidente-de-coparmex-jalisco-iniciativa-de-ley-de-emprendimiento-a-enrique-alfaro-ramirez-gobernador-del-estado\/#article","isPartOf":{"@id":"https:\/\/coparmexjal.org.mx\/entorno-empresarial\/entrega-presidente-de-coparmex-jalisco-iniciativa-de-ley-de-emprendimiento-a-enrique-alfaro-ramirez-gobernador-del-estado\/"},"author":{"name":"Coparmex Jalisco","@id":"https:\/\/coparmexjal.org.mx\/entorno-empresarial\/#\/schema\/person\/7d1d56a9587bfb3a725cd3dbfbdb9d44"},"headline":"Entrega Presidente de Coparmex Jalisco Iniciativa de Ley de Emprendimiento a Enrique Alfaro Ram\u00edrez Gobernador del Estado","datePublished":"2020-11-30T16:02:22+00:00","dateModified":"2020-12-01T16:20:59+00:00","mainEntityOfPage":{"@id":"https:\/\/coparmexjal.org.mx\/entorno-empresarial\/entrega-presidente-de-coparmex-jalisco-iniciativa-de-ley-de-emprendimiento-a-enrique-alfaro-ramirez-gobernador-del-estado\/"},"wordCount":405,"commentCount":0,"publisher":{"@id":"https:\/\/coparmexjal.org.mx\/entorno-empresarial\/#organization"},"image":{"@id":"https:\/\/coparmexjal.org.mx\/entorno-empresarial\/entrega-presidente-de-coparmex-jalisco-iniciativa-de-ley-de-emprendimiento-a-enrique-alfaro-ramirez-gobernador-del-estado\/#primaryimage"},"thumbnailUrl":"https:\/\/coparmexjal.org.mx\/entorno-empresarial\/wp-content\/uploads\/2020\/11\/WhatsApp-Image-2020-12-01-at-10.16.36-AM.jpeg","keywords":["Carlos Villase\u00f1or","coparmex jalisco","D\u00eda de la Empresa","emprendimiento","Enrique Alfaro","ley"],"articleSection":["Noticias"],"inLanguage":"es","potentialAction":[{"@type":"CommentAction","name":"Comment","target":["https:\/\/coparmexjal.org.mx\/entorno-empresarial\/entrega-presidente-de-coparmex-jalisco-iniciativa-de-ley-de-emprendimiento-a-enrique-alfaro-ramirez-gobernador-del-estado\/#respond"]}]},{"@type":"WebPage","@id":"https:\/\/coparmexjal.org.mx\/entorno-empresarial\/entrega-presidente-de-coparmex-jalisco-iniciativa-de-ley-de-emprendimiento-a-enrique-alfaro-ramirez-gobernador-del-estado\/","url":"https:\/\/coparmexjal.org.mx\/entorno-empresarial\/entrega-presidente-de-coparmex-jalisco-iniciativa-de-ley-de-emprendimiento-a-enrique-alfaro-ramirez-gobernador-del-estado\/","name":"Entrega Presidente de Coparmex Jalisco Iniciativa de Ley de Emprendimiento a Enrique Alfaro Ram\u00edrez Gobernador del Estado - Entorno Empresarial","isPartOf":{"@id":"https:\/\/coparmexjal.org.mx\/entorno-empresarial\/#website"},"primaryImageOfPage":{"@id":"https:\/\/coparmexjal.org.mx\/entorno-empresarial\/entrega-presidente-de-coparmex-jalisco-iniciativa-de-ley-de-emprendimiento-a-enrique-alfaro-ramirez-gobernador-del-estado\/#primaryimage"},"image":{"@id":"https:\/\/coparmexjal.org.mx\/entorno-empresarial\/entrega-presidente-de-coparmex-jalisco-iniciativa-de-ley-de-emprendimiento-a-enrique-alfaro-ramirez-gobernador-del-estado\/#primaryimage"},"thumbnailUrl":"https:\/\/coparmexjal.org.mx\/entorno-empresarial\/wp-content\/uploads\/2020\/11\/WhatsApp-Image-2020-12-01-at-10.16.36-AM.jpeg","datePublished":"2020-11-30T16:02:22+00:00","dateModified":"2020-12-01T16:20:59+00:00","breadcrumb":{"@id":"https:\/\/coparmexjal.org.mx\/entorno-empresarial\/entrega-presidente-de-coparmex-jalisco-iniciativa-de-ley-de-emprendimiento-a-enrique-alfaro-ramirez-gobernador-del-estado\/#breadcrumb"},"inLanguage":"es","potentialAction":[{"@type":"ReadAction","target":["https:\/\/coparmexjal.org.mx\/entorno-empresarial\/entrega-presidente-de-coparmex-jalisco-iniciativa-de-ley-de-emprendimiento-a-enrique-alfaro-ramirez-gobernador-del-estado\/"]}]},{"@type":"ImageObject","inLanguage":"es","@id":"https:\/\/coparmexjal.org.mx\/entorno-empresarial\/entrega-presidente-de-coparmex-jalisco-iniciativa-de-ley-de-emprendimiento-a-enrique-alfaro-ramirez-gobernador-del-estado\/#primaryimage","url":"https:\/\/coparmexjal.org.mx\/entorno-empresarial\/wp-content\/uploads\/2020\/11\/WhatsApp-Image-2020-12-01-at-10.16.36-AM.jpeg","contentUrl":"https:\/\/coparmexjal.org.mx\/entorno-empresarial\/wp-content\/uploads\/2020\/11\/WhatsApp-Image-2020-12-01-at-10.16.36-AM.jpeg","width":1200,"height":800},{"@type":"BreadcrumbList","@id":"https:\/\/coparmexjal.org.mx\/entorno-empresarial\/entrega-presidente-de-coparmex-jalisco-iniciativa-de-ley-de-emprendimiento-a-enrique-alfaro-ramirez-gobernador-del-estado\/#breadcrumb","itemListElement":[{"@type":"ListItem","position":1,"name":"Inicio","item":"https:\/\/coparmexjal.org.mx\/entorno-empresarial\/"},{"@type":"ListItem","position":2,"name":"Entrega Presidente de Coparmex Jalisco Iniciativa de Ley de Emprendimiento a Enrique Alfaro Ram\u00edrez Gobernador del Estado"}]},{"@type":"WebSite","@id":"https:\/\/coparmexjal.org.mx\/entorno-empresarial\/#website","url":"https:\/\/coparmexjal.org.mx\/entorno-empresarial\/","name":"Revista Entorno Empresarial","description":"Coparmex Jalisco","publisher":{"@id":"https:\/\/coparmexjal.org.mx\/entorno-empresarial\/#organization"},"potentialAction":[{"@type":"SearchAction","target":{"@type":"EntryPoint","urlTemplate":"https:\/\/coparmexjal.org.mx\/entorno-empresarial\/?s={search_term_string}"},"query-input":{"@type":"PropertyValueSpecification","valueRequired":true,"valueName":"search_term_string"}}],"inLanguage":"es"},{"@type":"Organization","@id":"https:\/\/coparmexjal.org.mx\/entorno-empresarial\/#organization","name":"Coparmex Jalisco","url":"https:\/\/coparmexjal.org.mx\/entorno-empresarial\/","logo":{"@type":"ImageObject","inLanguage":"es","@id":"https:\/\/coparmexjal.org.mx\/entorno-empresarial\/#\/schema\/logo\/image\/","url":"https:\/\/coparmexjal.org.mx\/entorno-empresarial\/wp-content\/uploads\/2020\/02\/logo-amp.png","contentUrl":"https:\/\/coparmexjal.org.mx\/entorno-empresarial\/wp-content\/uploads\/2020\/02\/logo-amp.png","width":120,"height":90,"caption":"Coparmex Jalisco"},"image":{"@id":"https:\/\/coparmexjal.org.mx\/entorno-empresarial\/#\/schema\/logo\/image\/"},"sameAs":["https:\/\/facebook.com\/comcoparmex","https:\/\/x.com\/comcoparmex","http:\/\/instagram.com\/coparmexjalisco","https:\/\/mx.linkedin.com\/company\/coparmex-jalisco","https:\/\/www.youtube.com\/c\/CoparmexJaliscomx"]},{"@type":"Person","@id":"https:\/\/coparmexjal.org.mx\/entorno-empresarial\/#\/schema\/person\/7d1d56a9587bfb3a725cd3dbfbdb9d44","name":"Coparmex Jalisco","image":{"@type":"ImageObject","inLanguage":"es","@id":"https:\/\/coparmexjal.org.mx\/entorno-empresarial\/wp-content\/uploads\/2020\/06\/favicon-150x133.png","url":"https:\/\/coparmexjal.org.mx\/entorno-empresarial\/wp-content\/uploads\/2020\/06\/favicon-150x133.png","contentUrl":"https:\/\/coparmexjal.org.mx\/entorno-empresarial\/wp-content\/uploads\/2020\/06\/favicon-150x133.png","caption":"Coparmex Jalisco"},"url":"https:\/\/coparmexjal.org.mx\/entorno-empresarial\/author\/coparmexjalisco\/"}]}},"_links":{"self":[{"href":"https:\/\/coparmexjal.org.mx\/entorno-empresarial\/wp-json\/wp\/v2\/posts\/4318","targetHints":{"allow":["GET"]}}],"collection":[{"href":"https:\/\/coparmexjal.org.mx\/entorno-empresarial\/wp-json\/wp\/v2\/posts"}],"about":[{"href":"https:\/\/coparmexjal.org.mx\/entorno-empresarial\/wp-json\/wp\/v2\/types\/post"}],"author":[{"embeddable":true,"href":"https:\/\/coparmexjal.org.mx\/entorno-empresarial\/wp-json\/wp\/v2\/users\/2"}],"replies":[{"embeddable":true,"href":"https:\/\/coparmexjal.org.mx\/entorno-empresarial\/wp-json\/wp\/v2\/comments?post=4318"}],"version-history":[{"count":1,"href":"https:\/\/coparmexjal.org.mx\/entorno-empresarial\/wp-json\/wp\/v2\/posts\/4318\/revisions"}],"predecessor-version":[{"id":4320,"href":"https:\/\/coparmexjal.org.mx\/entorno-empresarial\/wp-json\/wp\/v2\/posts\/4318\/revisions\/4320"}],"wp:featuredmedia":[{"embeddable":true,"href":"https:\/\/coparmexjal.org.mx\/entorno-empresarial\/wp-json\/wp\/v2\/media\/4322"}],"wp:attachment":[{"href":"https:\/\/coparmexjal.org.mx\/entorno-empresarial\/wp-json\/wp\/v2\/media?parent=4318"}],"wp:term":[{"taxonomy":"category","embeddable":true,"href":"https:\/\/coparmexjal.org.mx\/entorno-empresarial\/wp-json\/wp\/v2\/categories?post=4318"},{"taxonomy":"post_tag","embeddable":true,"href":"https:\/\/coparmexjal.org.mx\/entorno-empresarial\/wp-json\/wp\/v2\/tags?post=4318"}],"curies":[{"name":"wp","href":"https:\/\/api.w.org\/{rel}","templated":true}]}}