{"id":4311,"date":"2020-11-26T11:20:23","date_gmt":"2020-11-26T17:20:23","guid":{"rendered":"https:\/\/coparmexjal.org.mx\/entorno-empresarial\/?p=4311"},"modified":"2020-11-26T11:20:31","modified_gmt":"2020-11-26T17:20:31","slug":"porque-escribo-sobre-la-empresa-familiar","status":"publish","type":"post","link":"https:\/\/coparmexjal.org.mx\/entorno-empresarial\/porque-escribo-sobre-la-empresa-familiar\/","title":{"rendered":"Porqu\u00e9 escribo sobre la empresa familiar"},"content":{"rendered":"\n<p>Como conclusi\u00f3n a los temas desarrollados en el libro y como consecuencia de las dificultades por las que pasan se hace necesario promover en las empresas familiares un significativo cambio cultural. En primer lugar, para que la empresa funcione bien hay que delimitar y\/o separar expl\u00edcitamente los temas que se refieren tanto a la familia como a la empresa. Esta separaci\u00f3n se realiza definiendo claramente las reglas de juego (o protocolo o estatuto familiar) que hacen expl\u00edcitas las interacciones entre ambos \u00e1mbitos.<\/p>\n\n\n\n<p>Como criterio fundamental debe establecerse que la familia ha de estar al servicio de la empresa y no al rev\u00e9s. Por ejemplo, el pago de los dividendos o la retribuci\u00f3n a familiares que trabajan en la empresa debe hacerse en funci\u00f3n de los beneficios obtenidos y no de las necesidades. En especial, el establecimiento de un protocolo familiar clarifica los aspectos m\u00e1s cr\u00edticos de la pol\u00edtica de recursos humanos (criterios de selecci\u00f3n y contrataci\u00f3n, dise\u00f1o de puestos de trabajo, remuneraci\u00f3n, promoci\u00f3n y plan de carrera) con los miembros de la familia y con los profesionales externos.<\/p>\n\n\n\n<p>En segundo lugar, los problemas de la empresa familiar son previsibles y comunes. Por esta raz\u00f3n es conveniente conocer tanto los modelos te\u00f3ricos existentes como las experiencias pr\u00e1cticas de \u00e9xito y fracaso de las empresas familiares. A pesar de todo, cada empresa y cada familia son diferentes y por ello cada situaci\u00f3n requiere una soluci\u00f3n diferente y hecha a su medida.<\/p>\n\n\n\n<p>Cada empresa familiar y cada familia empresarial son diferentes a las otras familias y\/o empresas. Por ello cada caso requiere un tratamiento y consideraci\u00f3n diferente, una forma de abordar la situaci\u00f3n que es espec\u00edfica para este caso.&nbsp; Aunque se pueden se\u00f1alar una serie de principios generales para el buen gobierno y la continuidad de una empresa familiar no hay soluciones m\u00e1gicas extensibles a todas las empresas familiares.<\/p>\n\n\n\n<p>En cambio, a partir de este momento, los cambios en el entorno y la llegada de una nueva generaci\u00f3n de familiares y de directivos a las empresas familiares han ayudado a potenciar la impresionante transformaci\u00f3n que est\u00e1 viviendo la empresa familiar en la \u00faltima d\u00e9cada.<\/p>\n\n\n\n<p>Una mayor profesionalizaci\u00f3n e institucionalidad de su personal, facilitando tanto el cambio generacional como el desarrollo de los instrumentos directivos necesarios y as\u00ed lograr emigrar de una Empresa Familiar a una Familia Empresarial.<\/p>\n\n\n\n<p>Las estad\u00edsticas nos dicen que la gran mayor\u00eda de las empresas familiares est\u00e1n destinadas al fracaso y que no logran ir m\u00e1s all\u00e1 de la tercera generaci\u00f3n.<\/p>\n\n\n\n<p>Esto no ocurre solo en latino am\u00e9rica, sino en todo el mundo. Sin embargo, ese peque\u00f1o porcentaje que si logra sobrevivir y avanzar saludablemente a trav\u00e9s de las generaciones nos ha ense\u00f1ado el camino.<\/p>\n\n\n\n<p>Hemos aprendido de esas empresas, transmitiendo esas lecciones, atrevi\u00e9ndonos a desafiar el destino.<\/p>\n\n\n\n<p>Este libro describe las amenazas, oportunidades, problemas y conflictos que afectan a la empresa familiar, pretendiendo difundir un mensaje de esperanza, si se puede tener una empresa familiar y al mismo tiempo disfrutar el \u00e9xito de generaci\u00f3n en generaci\u00f3n. Es cosa de propon\u00e9rselo y aplicar una serie de medidas que permitan a la familia estar alineada para enfrentar el futuro y sea capaz de ser ordenada y disciplinada en la puesta marcha de tales medidas.<\/p>\n\n\n\n<p class=\"has-light-grayish-magenta-color has-text-color\"><strong>Descarga mi libro &#8220;De Empresa familiar a Familia Empresarial&#8221; desde el sitio: <\/strong><a href=\"http:\/\/librosernestogomezibarra.com\/\"><strong>http:\/\/librosernestogomezibarra.com<\/strong><\/a><\/p>\n","protected":false},"excerpt":{"rendered":"<p>Como conclusi\u00f3n a los temas desarrollados en el libro y como consecuencia de las dificultades por las que pasan se hace necesario promover en las<\/p>\n","protected":false},"author":78,"featured_media":4312,"comment_status":"open","ping_status":"open","sticky":false,"template":"","format":"standard","meta":{"footnotes":""},"categories":[152,159],"tags":[661,663,662,664,424,339],"class_list":["post-4311","post","type-post","status-publish","format-standard","has-post-thumbnail","hentry","category-empresas","category-letras","tag-empresa-familiar","tag-ernesto-gomez-ibarra","tag-familia-empresarial","tag-familia-y-empresa","tag-lectura","tag-libro"],"yoast_head":"<!-- This site is optimized with the Yoast SEO plugin v27.5 - https:\/\/yoast.com\/product\/yoast-seo-wordpress\/ -->\n<title>Porqu\u00e9 escribo sobre la empresa familiar - Entorno Empresarial<\/title>\n<meta name=\"robots\" content=\"index, follow, max-snippet:-1, max-image-preview:large, max-video-preview:-1\" \/>\n<link rel=\"canonical\" href=\"https:\/\/coparmexjal.org.mx\/entorno-empresarial\/porque-escribo-sobre-la-empresa-familiar\/\" \/>\n<meta property=\"og:locale\" content=\"es_MX\" \/>\n<meta property=\"og:type\" content=\"article\" \/>\n<meta property=\"og:title\" content=\"Porqu\u00e9 escribo sobre la empresa familiar - Entorno Empresarial\" \/>\n<meta property=\"og:description\" content=\"Como conclusi\u00f3n a los temas desarrollados en el libro y como consecuencia de las dificultades por las que pasan se hace necesario promover en las\" \/>\n<meta property=\"og:url\" content=\"https:\/\/coparmexjal.org.mx\/entorno-empresarial\/porque-escribo-sobre-la-empresa-familiar\/\" \/>\n<meta property=\"og:site_name\" content=\"Entorno Empresarial\" \/>\n<meta property=\"article:publisher\" content=\"https:\/\/facebook.com\/comcoparmex\" \/>\n<meta property=\"article:published_time\" content=\"2020-11-26T17:20:23+00:00\" \/>\n<meta property=\"article:modified_time\" content=\"2020-11-26T17:20:31+00:00\" \/>\n<meta property=\"og:image\" content=\"https:\/\/coparmexjal.org.mx\/entorno-empresarial\/wp-content\/uploads\/2020\/11\/De-empresa-familiar-a-familia-empresarial-portada.jpg\" \/>\n\t<meta property=\"og:image:width\" content=\"572\" \/>\n\t<meta property=\"og:image:height\" content=\"800\" \/>\n\t<meta property=\"og:image:type\" content=\"image\/jpeg\" \/>\n<meta name=\"author\" content=\"Lic. Ernesto G\u00f3mez Ibarra de la Mora\" \/>\n<meta name=\"twitter:card\" content=\"summary_large_image\" \/>\n<meta name=\"twitter:creator\" content=\"@comcoparmex\" \/>\n<meta name=\"twitter:site\" content=\"@comcoparmex\" \/>\n<meta name=\"twitter:label1\" content=\"Escrito por\" \/>\n\t<meta name=\"twitter:data1\" content=\"Lic. Ernesto G\u00f3mez Ibarra de la Mora\" \/>\n\t<meta name=\"twitter:label2\" content=\"Tiempo de lectura\" \/>\n\t<meta name=\"twitter:data2\" content=\"3 minutos\" \/>\n<script type=\"application\/ld+json\" class=\"yoast-schema-graph\">{\"@context\":\"https:\\\/\\\/schema.org\",\"@graph\":[{\"@type\":\"Article\",\"@id\":\"https:\\\/\\\/coparmexjal.org.mx\\\/entorno-empresarial\\\/porque-escribo-sobre-la-empresa-familiar\\\/#article\",\"isPartOf\":{\"@id\":\"https:\\\/\\\/coparmexjal.org.mx\\\/entorno-empresarial\\\/porque-escribo-sobre-la-empresa-familiar\\\/\"},\"author\":{\"name\":\"Lic. Ernesto G\u00f3mez Ibarra de la Mora\",\"@id\":\"https:\\\/\\\/coparmexjal.org.mx\\\/entorno-empresarial\\\/#\\\/schema\\\/person\\\/d577681a12f6559c9293b9108622fdd9\"},\"headline\":\"Porqu\u00e9 escribo sobre la empresa familiar\",\"datePublished\":\"2020-11-26T17:20:23+00:00\",\"dateModified\":\"2020-11-26T17:20:31+00:00\",\"mainEntityOfPage\":{\"@id\":\"https:\\\/\\\/coparmexjal.org.mx\\\/entorno-empresarial\\\/porque-escribo-sobre-la-empresa-familiar\\\/\"},\"wordCount\":599,\"commentCount\":0,\"publisher\":{\"@id\":\"https:\\\/\\\/coparmexjal.org.mx\\\/entorno-empresarial\\\/#organization\"},\"image\":{\"@id\":\"https:\\\/\\\/coparmexjal.org.mx\\\/entorno-empresarial\\\/porque-escribo-sobre-la-empresa-familiar\\\/#primaryimage\"},\"thumbnailUrl\":\"https:\\\/\\\/coparmexjal.org.mx\\\/entorno-empresarial\\\/wp-content\\\/uploads\\\/2020\\\/11\\\/De-empresa-familiar-a-familia-empresarial-portada.jpg\",\"keywords\":[\"Empresa Familiar\",\"Ernesto G\u00f3mez Ibarra\",\"Familia Empresarial\",\"familia y empresa\",\"lectura\",\"libro\"],\"articleSection\":[\"Empresas\",\"Letras\"],\"inLanguage\":\"es\",\"potentialAction\":[{\"@type\":\"CommentAction\",\"name\":\"Comment\",\"target\":[\"https:\\\/\\\/coparmexjal.org.mx\\\/entorno-empresarial\\\/porque-escribo-sobre-la-empresa-familiar\\\/#respond\"]}]},{\"@type\":\"WebPage\",\"@id\":\"https:\\\/\\\/coparmexjal.org.mx\\\/entorno-empresarial\\\/porque-escribo-sobre-la-empresa-familiar\\\/\",\"url\":\"https:\\\/\\\/coparmexjal.org.mx\\\/entorno-empresarial\\\/porque-escribo-sobre-la-empresa-familiar\\\/\",\"name\":\"Porqu\u00e9 escribo sobre la empresa familiar - Entorno Empresarial\",\"isPartOf\":{\"@id\":\"https:\\\/\\\/coparmexjal.org.mx\\\/entorno-empresarial\\\/#website\"},\"primaryImageOfPage\":{\"@id\":\"https:\\\/\\\/coparmexjal.org.mx\\\/entorno-empresarial\\\/porque-escribo-sobre-la-empresa-familiar\\\/#primaryimage\"},\"image\":{\"@id\":\"https:\\\/\\\/coparmexjal.org.mx\\\/entorno-empresarial\\\/porque-escribo-sobre-la-empresa-familiar\\\/#primaryimage\"},\"thumbnailUrl\":\"https:\\\/\\\/coparmexjal.org.mx\\\/entorno-empresarial\\\/wp-content\\\/uploads\\\/2020\\\/11\\\/De-empresa-familiar-a-familia-empresarial-portada.jpg\",\"datePublished\":\"2020-11-26T17:20:23+00:00\",\"dateModified\":\"2020-11-26T17:20:31+00:00\",\"breadcrumb\":{\"@id\":\"https:\\\/\\\/coparmexjal.org.mx\\\/entorno-empresarial\\\/porque-escribo-sobre-la-empresa-familiar\\\/#breadcrumb\"},\"inLanguage\":\"es\",\"potentialAction\":[{\"@type\":\"ReadAction\",\"target\":[\"https:\\\/\\\/coparmexjal.org.mx\\\/entorno-empresarial\\\/porque-escribo-sobre-la-empresa-familiar\\\/\"]}]},{\"@type\":\"ImageObject\",\"inLanguage\":\"es\",\"@id\":\"https:\\\/\\\/coparmexjal.org.mx\\\/entorno-empresarial\\\/porque-escribo-sobre-la-empresa-familiar\\\/#primaryimage\",\"url\":\"https:\\\/\\\/coparmexjal.org.mx\\\/entorno-empresarial\\\/wp-content\\\/uploads\\\/2020\\\/11\\\/De-empresa-familiar-a-familia-empresarial-portada.jpg\",\"contentUrl\":\"https:\\\/\\\/coparmexjal.org.mx\\\/entorno-empresarial\\\/wp-content\\\/uploads\\\/2020\\\/11\\\/De-empresa-familiar-a-familia-empresarial-portada.jpg\",\"width\":572,\"height\":800},{\"@type\":\"BreadcrumbList\",\"@id\":\"https:\\\/\\\/coparmexjal.org.mx\\\/entorno-empresarial\\\/porque-escribo-sobre-la-empresa-familiar\\\/#breadcrumb\",\"itemListElement\":[{\"@type\":\"ListItem\",\"position\":1,\"name\":\"Inicio\",\"item\":\"https:\\\/\\\/coparmexjal.org.mx\\\/entorno-empresarial\\\/\"},{\"@type\":\"ListItem\",\"position\":2,\"name\":\"Porqu\u00e9 escribo sobre la empresa familiar\"}]},{\"@type\":\"WebSite\",\"@id\":\"https:\\\/\\\/coparmexjal.org.mx\\\/entorno-empresarial\\\/#website\",\"url\":\"https:\\\/\\\/coparmexjal.org.mx\\\/entorno-empresarial\\\/\",\"name\":\"Revista Entorno Empresarial\",\"description\":\"Coparmex Jalisco\",\"publisher\":{\"@id\":\"https:\\\/\\\/coparmexjal.org.mx\\\/entorno-empresarial\\\/#organization\"},\"potentialAction\":[{\"@type\":\"SearchAction\",\"target\":{\"@type\":\"EntryPoint\",\"urlTemplate\":\"https:\\\/\\\/coparmexjal.org.mx\\\/entorno-empresarial\\\/?s={search_term_string}\"},\"query-input\":{\"@type\":\"PropertyValueSpecification\",\"valueRequired\":true,\"valueName\":\"search_term_string\"}}],\"inLanguage\":\"es\"},{\"@type\":\"Organization\",\"@id\":\"https:\\\/\\\/coparmexjal.org.mx\\\/entorno-empresarial\\\/#organization\",\"name\":\"Coparmex Jalisco\",\"url\":\"https:\\\/\\\/coparmexjal.org.mx\\\/entorno-empresarial\\\/\",\"logo\":{\"@type\":\"ImageObject\",\"inLanguage\":\"es\",\"@id\":\"https:\\\/\\\/coparmexjal.org.mx\\\/entorno-empresarial\\\/#\\\/schema\\\/logo\\\/image\\\/\",\"url\":\"https:\\\/\\\/coparmexjal.org.mx\\\/entorno-empresarial\\\/wp-content\\\/uploads\\\/2020\\\/02\\\/logo-amp.png\",\"contentUrl\":\"https:\\\/\\\/coparmexjal.org.mx\\\/entorno-empresarial\\\/wp-content\\\/uploads\\\/2020\\\/02\\\/logo-amp.png\",\"width\":120,\"height\":90,\"caption\":\"Coparmex Jalisco\"},\"image\":{\"@id\":\"https:\\\/\\\/coparmexjal.org.mx\\\/entorno-empresarial\\\/#\\\/schema\\\/logo\\\/image\\\/\"},\"sameAs\":[\"https:\\\/\\\/facebook.com\\\/comcoparmex\",\"https:\\\/\\\/x.com\\\/comcoparmex\",\"http:\\\/\\\/instagram.com\\\/coparmexjalisco\",\"https:\\\/\\\/mx.linkedin.com\\\/company\\\/coparmex-jalisco\",\"https:\\\/\\\/www.youtube.com\\\/c\\\/CoparmexJaliscomx\"]},{\"@type\":\"Person\",\"@id\":\"https:\\\/\\\/coparmexjal.org.mx\\\/entorno-empresarial\\\/#\\\/schema\\\/person\\\/d577681a12f6559c9293b9108622fdd9\",\"name\":\"Lic. Ernesto G\u00f3mez Ibarra de la Mora\",\"image\":{\"@type\":\"ImageObject\",\"inLanguage\":\"es\",\"@id\":\"https:\\\/\\\/coparmexjal.org.mx\\\/entorno-empresarial\\\/wp-content\\\/uploads\\\/2020\\\/12\\\/ernesto-150x150.jpg\",\"url\":\"https:\\\/\\\/coparmexjal.org.mx\\\/entorno-empresarial\\\/wp-content\\\/uploads\\\/2020\\\/12\\\/ernesto-150x150.jpg\",\"contentUrl\":\"https:\\\/\\\/coparmexjal.org.mx\\\/entorno-empresarial\\\/wp-content\\\/uploads\\\/2020\\\/12\\\/ernesto-150x150.jpg\",\"caption\":\"Lic. Ernesto G\u00f3mez Ibarra de la Mora\"},\"description\":\"Presidente Ejecutivo Grupo Eramex http:\\\/\\\/librosernestogomezibarra.com\\\/\",\"sameAs\":[\"http:\\\/\\\/librosernestogomezibarra.com\\\/\"],\"url\":\"https:\\\/\\\/coparmexjal.org.mx\\\/entorno-empresarial\\\/author\\\/ernestogomez\\\/\"}]}<\/script>\n<!-- \/ Yoast SEO plugin. -->","yoast_head_json":{"title":"Porqu\u00e9 escribo sobre la empresa familiar - Entorno Empresarial","robots":{"index":"index","follow":"follow","max-snippet":"max-snippet:-1","max-image-preview":"max-image-preview:large","max-video-preview":"max-video-preview:-1"},"canonical":"https:\/\/coparmexjal.org.mx\/entorno-empresarial\/porque-escribo-sobre-la-empresa-familiar\/","og_locale":"es_MX","og_type":"article","og_title":"Porqu\u00e9 escribo sobre la empresa familiar - Entorno Empresarial","og_description":"Como conclusi\u00f3n a los temas desarrollados en el libro y como consecuencia de las dificultades por las que pasan se hace necesario promover en las","og_url":"https:\/\/coparmexjal.org.mx\/entorno-empresarial\/porque-escribo-sobre-la-empresa-familiar\/","og_site_name":"Entorno Empresarial","article_publisher":"https:\/\/facebook.com\/comcoparmex","article_published_time":"2020-11-26T17:20:23+00:00","article_modified_time":"2020-11-26T17:20:31+00:00","og_image":[{"width":572,"height":800,"url":"https:\/\/coparmexjal.org.mx\/entorno-empresarial\/wp-content\/uploads\/2020\/11\/De-empresa-familiar-a-familia-empresarial-portada.jpg","type":"image\/jpeg"}],"author":"Lic. Ernesto G\u00f3mez Ibarra de la Mora","twitter_card":"summary_large_image","twitter_creator":"@comcoparmex","twitter_site":"@comcoparmex","twitter_misc":{"Escrito por":"Lic. Ernesto G\u00f3mez Ibarra de la Mora","Tiempo de lectura":"3 minutos"},"schema":{"@context":"https:\/\/schema.org","@graph":[{"@type":"Article","@id":"https:\/\/coparmexjal.org.mx\/entorno-empresarial\/porque-escribo-sobre-la-empresa-familiar\/#article","isPartOf":{"@id":"https:\/\/coparmexjal.org.mx\/entorno-empresarial\/porque-escribo-sobre-la-empresa-familiar\/"},"author":{"name":"Lic. Ernesto G\u00f3mez Ibarra de la Mora","@id":"https:\/\/coparmexjal.org.mx\/entorno-empresarial\/#\/schema\/person\/d577681a12f6559c9293b9108622fdd9"},"headline":"Porqu\u00e9 escribo sobre la empresa familiar","datePublished":"2020-11-26T17:20:23+00:00","dateModified":"2020-11-26T17:20:31+00:00","mainEntityOfPage":{"@id":"https:\/\/coparmexjal.org.mx\/entorno-empresarial\/porque-escribo-sobre-la-empresa-familiar\/"},"wordCount":599,"commentCount":0,"publisher":{"@id":"https:\/\/coparmexjal.org.mx\/entorno-empresarial\/#organization"},"image":{"@id":"https:\/\/coparmexjal.org.mx\/entorno-empresarial\/porque-escribo-sobre-la-empresa-familiar\/#primaryimage"},"thumbnailUrl":"https:\/\/coparmexjal.org.mx\/entorno-empresarial\/wp-content\/uploads\/2020\/11\/De-empresa-familiar-a-familia-empresarial-portada.jpg","keywords":["Empresa Familiar","Ernesto G\u00f3mez Ibarra","Familia Empresarial","familia y empresa","lectura","libro"],"articleSection":["Empresas","Letras"],"inLanguage":"es","potentialAction":[{"@type":"CommentAction","name":"Comment","target":["https:\/\/coparmexjal.org.mx\/entorno-empresarial\/porque-escribo-sobre-la-empresa-familiar\/#respond"]}]},{"@type":"WebPage","@id":"https:\/\/coparmexjal.org.mx\/entorno-empresarial\/porque-escribo-sobre-la-empresa-familiar\/","url":"https:\/\/coparmexjal.org.mx\/entorno-empresarial\/porque-escribo-sobre-la-empresa-familiar\/","name":"Porqu\u00e9 escribo sobre la empresa familiar - Entorno Empresarial","isPartOf":{"@id":"https:\/\/coparmexjal.org.mx\/entorno-empresarial\/#website"},"primaryImageOfPage":{"@id":"https:\/\/coparmexjal.org.mx\/entorno-empresarial\/porque-escribo-sobre-la-empresa-familiar\/#primaryimage"},"image":{"@id":"https:\/\/coparmexjal.org.mx\/entorno-empresarial\/porque-escribo-sobre-la-empresa-familiar\/#primaryimage"},"thumbnailUrl":"https:\/\/coparmexjal.org.mx\/entorno-empresarial\/wp-content\/uploads\/2020\/11\/De-empresa-familiar-a-familia-empresarial-portada.jpg","datePublished":"2020-11-26T17:20:23+00:00","dateModified":"2020-11-26T17:20:31+00:00","breadcrumb":{"@id":"https:\/\/coparmexjal.org.mx\/entorno-empresarial\/porque-escribo-sobre-la-empresa-familiar\/#breadcrumb"},"inLanguage":"es","potentialAction":[{"@type":"ReadAction","target":["https:\/\/coparmexjal.org.mx\/entorno-empresarial\/porque-escribo-sobre-la-empresa-familiar\/"]}]},{"@type":"ImageObject","inLanguage":"es","@id":"https:\/\/coparmexjal.org.mx\/entorno-empresarial\/porque-escribo-sobre-la-empresa-familiar\/#primaryimage","url":"https:\/\/coparmexjal.org.mx\/entorno-empresarial\/wp-content\/uploads\/2020\/11\/De-empresa-familiar-a-familia-empresarial-portada.jpg","contentUrl":"https:\/\/coparmexjal.org.mx\/entorno-empresarial\/wp-content\/uploads\/2020\/11\/De-empresa-familiar-a-familia-empresarial-portada.jpg","width":572,"height":800},{"@type":"BreadcrumbList","@id":"https:\/\/coparmexjal.org.mx\/entorno-empresarial\/porque-escribo-sobre-la-empresa-familiar\/#breadcrumb","itemListElement":[{"@type":"ListItem","position":1,"name":"Inicio","item":"https:\/\/coparmexjal.org.mx\/entorno-empresarial\/"},{"@type":"ListItem","position":2,"name":"Porqu\u00e9 escribo sobre la empresa familiar"}]},{"@type":"WebSite","@id":"https:\/\/coparmexjal.org.mx\/entorno-empresarial\/#website","url":"https:\/\/coparmexjal.org.mx\/entorno-empresarial\/","name":"Revista Entorno Empresarial","description":"Coparmex Jalisco","publisher":{"@id":"https:\/\/coparmexjal.org.mx\/entorno-empresarial\/#organization"},"potentialAction":[{"@type":"SearchAction","target":{"@type":"EntryPoint","urlTemplate":"https:\/\/coparmexjal.org.mx\/entorno-empresarial\/?s={search_term_string}"},"query-input":{"@type":"PropertyValueSpecification","valueRequired":true,"valueName":"search_term_string"}}],"inLanguage":"es"},{"@type":"Organization","@id":"https:\/\/coparmexjal.org.mx\/entorno-empresarial\/#organization","name":"Coparmex Jalisco","url":"https:\/\/coparmexjal.org.mx\/entorno-empresarial\/","logo":{"@type":"ImageObject","inLanguage":"es","@id":"https:\/\/coparmexjal.org.mx\/entorno-empresarial\/#\/schema\/logo\/image\/","url":"https:\/\/coparmexjal.org.mx\/entorno-empresarial\/wp-content\/uploads\/2020\/02\/logo-amp.png","contentUrl":"https:\/\/coparmexjal.org.mx\/entorno-empresarial\/wp-content\/uploads\/2020\/02\/logo-amp.png","width":120,"height":90,"caption":"Coparmex Jalisco"},"image":{"@id":"https:\/\/coparmexjal.org.mx\/entorno-empresarial\/#\/schema\/logo\/image\/"},"sameAs":["https:\/\/facebook.com\/comcoparmex","https:\/\/x.com\/comcoparmex","http:\/\/instagram.com\/coparmexjalisco","https:\/\/mx.linkedin.com\/company\/coparmex-jalisco","https:\/\/www.youtube.com\/c\/CoparmexJaliscomx"]},{"@type":"Person","@id":"https:\/\/coparmexjal.org.mx\/entorno-empresarial\/#\/schema\/person\/d577681a12f6559c9293b9108622fdd9","name":"Lic. Ernesto G\u00f3mez Ibarra de la Mora","image":{"@type":"ImageObject","inLanguage":"es","@id":"https:\/\/coparmexjal.org.mx\/entorno-empresarial\/wp-content\/uploads\/2020\/12\/ernesto-150x150.jpg","url":"https:\/\/coparmexjal.org.mx\/entorno-empresarial\/wp-content\/uploads\/2020\/12\/ernesto-150x150.jpg","contentUrl":"https:\/\/coparmexjal.org.mx\/entorno-empresarial\/wp-content\/uploads\/2020\/12\/ernesto-150x150.jpg","caption":"Lic. Ernesto G\u00f3mez Ibarra de la Mora"},"description":"Presidente Ejecutivo Grupo Eramex http:\/\/librosernestogomezibarra.com\/","sameAs":["http:\/\/librosernestogomezibarra.com\/"],"url":"https:\/\/coparmexjal.org.mx\/entorno-empresarial\/author\/ernestogomez\/"}]}},"_links":{"self":[{"href":"https:\/\/coparmexjal.org.mx\/entorno-empresarial\/wp-json\/wp\/v2\/posts\/4311","targetHints":{"allow":["GET"]}}],"collection":[{"href":"https:\/\/coparmexjal.org.mx\/entorno-empresarial\/wp-json\/wp\/v2\/posts"}],"about":[{"href":"https:\/\/coparmexjal.org.mx\/entorno-empresarial\/wp-json\/wp\/v2\/types\/post"}],"author":[{"embeddable":true,"href":"https:\/\/coparmexjal.org.mx\/entorno-empresarial\/wp-json\/wp\/v2\/users\/78"}],"replies":[{"embeddable":true,"href":"https:\/\/coparmexjal.org.mx\/entorno-empresarial\/wp-json\/wp\/v2\/comments?post=4311"}],"version-history":[{"count":2,"href":"https:\/\/coparmexjal.org.mx\/entorno-empresarial\/wp-json\/wp\/v2\/posts\/4311\/revisions"}],"predecessor-version":[{"id":4314,"href":"https:\/\/coparmexjal.org.mx\/entorno-empresarial\/wp-json\/wp\/v2\/posts\/4311\/revisions\/4314"}],"wp:featuredmedia":[{"embeddable":true,"href":"https:\/\/coparmexjal.org.mx\/entorno-empresarial\/wp-json\/wp\/v2\/media\/4312"}],"wp:attachment":[{"href":"https:\/\/coparmexjal.org.mx\/entorno-empresarial\/wp-json\/wp\/v2\/media?parent=4311"}],"wp:term":[{"taxonomy":"category","embeddable":true,"href":"https:\/\/coparmexjal.org.mx\/entorno-empresarial\/wp-json\/wp\/v2\/categories?post=4311"},{"taxonomy":"post_tag","embeddable":true,"href":"https:\/\/coparmexjal.org.mx\/entorno-empresarial\/wp-json\/wp\/v2\/tags?post=4311"}],"curies":[{"name":"wp","href":"https:\/\/api.w.org\/{rel}","templated":true}]}}