{"id":4295,"date":"2020-10-28T14:06:16","date_gmt":"2020-10-28T20:06:16","guid":{"rendered":"https:\/\/coparmexjal.org.mx\/entorno-empresarial\/?p=4295"},"modified":"2020-10-28T14:06:29","modified_gmt":"2020-10-28T20:06:29","slug":"sera-a-partir-del-proximo-30-de-octubre-a-las-7-pm-que-entre-en-vigor-el-boton-de-emergencia","status":"publish","type":"post","link":"https:\/\/coparmexjal.org.mx\/entorno-empresarial\/sera-a-partir-del-proximo-30-de-octubre-a-las-7-pm-que-entre-en-vigor-el-boton-de-emergencia\/","title":{"rendered":"Ser\u00e1 a partir del pr\u00f3ximo 30 de octubre a las 7 pm que entre en vigor el bot\u00f3n de emergencia"},"content":{"rendered":"\n<p>Los contagios y casos activos de COVID19 contin\u00faan a la alza en Jalisco, por lo que esta ma\u00f1ana en conferencia de prensa el Gobernador del Estado, inform\u00f3 que ser\u00e1 a partir de este viernes 30 de octubre a las 7 pm, que entre en vigor el bot\u00f3n de emergencia.<br><br>Durante 14 d\u00edas las actividades recreativas y nocturnas ser\u00e1n suspendidas para lograr as\u00ed frenar los contagios.<br><br><strong>Restricciones del Bot\u00f3n de emergencia:<\/strong><\/p>\n\n\n\n<p>Periodo de 14 d\u00edas, del 30 de octubre al 13 de noviembre<\/p>\n\n\n\n<p>Se realizar\u00e1 un paro total de actividades de lunes a viernes desde las 7:00 de la tarde (19:00 horas) y hasta las 5:59 de la ma\u00f1ana (5:59 horas) del d\u00eda siguiente.<\/p>\n\n\n\n<p>Durante dos fines de semana habr\u00e1 paro de actividades de las 6:00 de la ma\u00f1ana (6:00 horas) del s\u00e1bado y hasta las 5:59 de la ma\u00f1ana (5:59 horas) del lunes siguiente.<\/p>\n\n\n\n<p><br><strong>Los fines de semana que tendr\u00e1n paro de actividades son:<\/strong><\/p>\n\n\n\n<p>S\u00e1bado 31 de octubre (desde las 6:00 a.m.) hasta el lunes 2 de noviembre (5:59 a.m).<\/p>\n\n\n\n<p>S\u00e1bado 7 de noviembre (desde las 6:00 a.m.) hasta el lunes 9 de noviembre (5:59 a.m).<\/p>\n\n\n\n<p><strong>Puerto Vallarta:<\/strong><br><strong>Lunes a Domingo <\/strong><strong><\/strong><\/p>\n\n\n\n<p>Actividades productivas y transporte p\u00fablico de 6:00 a.m. a 7:00 p.m.<br>Horario de playas de 5:00 a.m. (5:00 horas) a 3:00 p.m. (15:00 horas) de lunes a domingo.<\/p>\n\n\n\n<p><strong>Actividades que podr\u00e1n operar sin restricci\u00f3n: <\/strong><strong><\/strong><\/p>\n\n\n\n<p>Todos los servicios hospitalarios y equipos m\u00e9dicos privados o p\u00fablico<\/p>\n\n\n\n<p>Farmacias, laboratorios y veterinarias<\/p>\n\n\n\n<p>Tiendas de conveniencia y abarrotes<\/p>\n\n\n\n<p>Industria y su operaci\u00f3n log\u00edstica<\/p>\n\n\n\n<p>Servicios de seguridad p\u00fablicas y privados<\/p>\n\n\n\n<p>Equipos de auxilio y protecci\u00f3n civil<\/p>\n\n\n\n<p>Servicio b\u00e1sicos energ\u00eda, agua, telecomunicaciones p\u00fablicos y privados<\/p>\n\n\n\n<p>Servicios postal, mensajer\u00eda y paqueter\u00eda<\/p>\n\n\n\n<p>Gasolineras y gaseras<\/p>\n\n\n\n<p>Ajustadores de compa\u00f1\u00edas aseguradoras&nbsp;<\/p>\n\n\n\n<p>Servicios de Taxis (no plataforma)<\/p>\n\n\n\n<p>Restaurantes (cerrando el servicio para comensales a las 7:00 pm) operando con servicio a domicilio los fines de semana y por la noche.<\/p>\n\n\n\n<p>Hoteles sin \u00e1reas comunes<\/p>\n\n\n\n<p>Servicio funerarios<\/p>\n\n\n\n<p>Transporte p\u00fablico<\/p>\n\n\n\n<p>Aeropuertos y terminales de autobuses con las restricciones comerciales respectivas.<\/p>\n\n\n\n<p><strong>Actividades que no podr\u00e1n operar por las noches y los fines de semana:<\/strong><strong><\/strong><\/p>\n\n\n\n<p>Actividades econ\u00f3micas, comerciales y de servicios, con excepci\u00f3n de la industria y hoteles.<\/p>\n\n\n\n<p>Talleres mec\u00e1nicos, refaccionarias y cualquier servicio t\u00e9cnico.<\/p>\n\n\n\n<p>Plazas, centros y corredores comerciales.<\/p>\n\n\n\n<p>Tiendas de autoservicio, clubes de precio y tiendas departamentales.<\/p>\n\n\n\n<p>Mercados p\u00fablicos y tianguis.<\/p>\n\n\n\n<p>Oficinas corporativas.<\/p>\n\n\n\n<p>Actividades culturales, recreativas y deportivas.<\/p>\n\n\n\n<p>Unidades deportivas y bosques urbanos.<\/p>\n\n\n\n<p>Actividades Reuniones de m\u00e1s de 10 personas.<\/p>\n\n\n\n<p>Eventos sociales privados.<\/p>\n\n\n\n<p>Servicio de plataformas de transporte de personas, de acuerdo con el apartado correspondiente.<\/p>\n\n\n\n<p><strong>Transporte p\u00fablico:<\/strong><br><strong>\u00c1rea Metropolitana de Guadalajara, Ciudad Guzm\u00e1n y Tepatitl\u00e1n de Morelos<\/strong><strong><\/strong><\/p>\n\n\n\n<p><strong><br>Noches<\/strong>: El servicio se suspende a partir de las 20:59 horas. A partir de las 21:00 horas \u00fanicamente se permitir\u00e1 la circulaci\u00f3n de transporte para bajar a pasajeros, terminar su recorrido y arribar a sus patios de encierro o zonas de pernocta.<br><br>A partir del viernes<strong> (durante el per\u00edodo del bot\u00f3n de emergencia)<\/strong> a las 21:00 horas y hasta las 05:30 horas del lunes siguiente, no habr\u00e1 servicio de transporte p\u00fablico (masivo y convencional) ni de Empresas de Redes de Transporte y plataformas.<br><br>Se garantizar\u00e1 el servicio con unidades de transporte p\u00fablico para los siguientes grupos de usuarios, quienes deber\u00e1n presentar obligatoriamente una identificaci\u00f3n vigente de su centro de trabajo al abordar la unidad:<\/p>\n\n\n\n<p>Personal de todos los servicios hospitalarios y equipos m\u00e9dicos privados o p\u00fablicos.<\/p>\n\n\n\n<p>Personal de farmacias<\/p>\n\n\n\n<p>Servicio de seguridad p\u00fablica y privada que porten uniforme<\/p>\n\n\n\n<p>Equipos de auxilio y protecci\u00f3n civil<\/p>\n\n\n\n<p>Servicios y equipos de soporte de servicios b\u00e1sicos p\u00fablicos y privados (energ\u00eda, agua, telecomunicaciones)<\/p>\n\n\n\n<p>Servicio Postal<br>Gasolineras<\/p>\n\n\n\n<p>Servicios funerarios<br><strong>\u00bfQu\u00e9 significa para las empresas el que se accione el bot\u00f3n de emergencia?<\/strong><br>Que todas las actividades econ\u00f3micas de comercio y servicios cerrar\u00e1n en ese periodo de tiempo y con esos horarios establecidos, excepto el sector industrial el cual utilizar\u00e1 su propio transporte de personal<br><br><strong>\u00bfComo centro de trabajo qu\u00e9 debo hacer?<\/strong><br>Reforzar las medidas sanitarias y suspender actividades a las 7:00 pm<br><br><strong>Para m\u00e1s detalles respecto al bot\u00f3n de emergencia ingresa a: <\/strong><a href=\"https:\/\/botondeemergencia.jalisco.gob.mx\/\">https:\/\/botondeemergencia.jalisco.gob.mx\/<\/a><br><\/p>\n","protected":false},"excerpt":{"rendered":"<p>Los contagios y casos activos de COVID19 contin\u00faan a la alza en Jalisco, por lo que esta ma\u00f1ana en conferencia de prensa el Gobernador del<\/p>\n","protected":false},"author":2,"featured_media":4296,"comment_status":"open","ping_status":"open","sticky":false,"template":"","format":"standard","meta":{"footnotes":""},"categories":[348],"tags":[654,431],"class_list":["post-4295","post","type-post","status-publish","format-standard","has-post-thumbnail","hentry","category-noticias","tag-boton-emergencia","tag-covid-19"],"yoast_head":"<!-- This site is optimized with the Yoast SEO plugin v27.5 - https:\/\/yoast.com\/product\/yoast-seo-wordpress\/ -->\n<title>Ser\u00e1 a partir del pr\u00f3ximo 30 de octubre a las 7 pm que entre en vigor el bot\u00f3n de emergencia - Entorno Empresarial<\/title>\n<meta name=\"robots\" content=\"index, follow, max-snippet:-1, max-image-preview:large, max-video-preview:-1\" \/>\n<link rel=\"canonical\" href=\"https:\/\/coparmexjal.org.mx\/entorno-empresarial\/sera-a-partir-del-proximo-30-de-octubre-a-las-7-pm-que-entre-en-vigor-el-boton-de-emergencia\/\" \/>\n<meta property=\"og:locale\" content=\"es_MX\" \/>\n<meta property=\"og:type\" content=\"article\" \/>\n<meta property=\"og:title\" content=\"Ser\u00e1 a partir del pr\u00f3ximo 30 de octubre a las 7 pm que entre en vigor el bot\u00f3n de emergencia - Entorno Empresarial\" \/>\n<meta property=\"og:description\" content=\"Los contagios y casos activos de COVID19 contin\u00faan a la alza en Jalisco, por lo que esta ma\u00f1ana en conferencia de prensa el Gobernador del\" \/>\n<meta property=\"og:url\" content=\"https:\/\/coparmexjal.org.mx\/entorno-empresarial\/sera-a-partir-del-proximo-30-de-octubre-a-las-7-pm-que-entre-en-vigor-el-boton-de-emergencia\/\" \/>\n<meta property=\"og:site_name\" content=\"Entorno Empresarial\" \/>\n<meta property=\"article:publisher\" content=\"https:\/\/facebook.com\/comcoparmex\" \/>\n<meta property=\"article:published_time\" content=\"2020-10-28T20:06:16+00:00\" \/>\n<meta property=\"article:modified_time\" content=\"2020-10-28T20:06:29+00:00\" \/>\n<meta property=\"og:image\" content=\"https:\/\/coparmexjal.org.mx\/entorno-empresarial\/wp-content\/uploads\/2020\/10\/boton-emergencia-Jalisco.jpg\" \/>\n\t<meta property=\"og:image:width\" content=\"1280\" \/>\n\t<meta property=\"og:image:height\" content=\"571\" \/>\n\t<meta property=\"og:image:type\" content=\"image\/jpeg\" \/>\n<meta name=\"author\" content=\"Coparmex Jalisco\" \/>\n<meta name=\"twitter:card\" content=\"summary_large_image\" \/>\n<meta name=\"twitter:creator\" content=\"@comcoparmex\" \/>\n<meta name=\"twitter:site\" content=\"@comcoparmex\" \/>\n<meta name=\"twitter:label1\" content=\"Escrito por\" \/>\n\t<meta name=\"twitter:data1\" content=\"Coparmex Jalisco\" \/>\n\t<meta name=\"twitter:label2\" content=\"Tiempo de lectura\" \/>\n\t<meta name=\"twitter:data2\" content=\"3 minutos\" \/>\n<script type=\"application\/ld+json\" class=\"yoast-schema-graph\">{\"@context\":\"https:\\\/\\\/schema.org\",\"@graph\":[{\"@type\":\"Article\",\"@id\":\"https:\\\/\\\/coparmexjal.org.mx\\\/entorno-empresarial\\\/sera-a-partir-del-proximo-30-de-octubre-a-las-7-pm-que-entre-en-vigor-el-boton-de-emergencia\\\/#article\",\"isPartOf\":{\"@id\":\"https:\\\/\\\/coparmexjal.org.mx\\\/entorno-empresarial\\\/sera-a-partir-del-proximo-30-de-octubre-a-las-7-pm-que-entre-en-vigor-el-boton-de-emergencia\\\/\"},\"author\":{\"name\":\"Coparmex Jalisco\",\"@id\":\"https:\\\/\\\/coparmexjal.org.mx\\\/entorno-empresarial\\\/#\\\/schema\\\/person\\\/7d1d56a9587bfb3a725cd3dbfbdb9d44\"},\"headline\":\"Ser\u00e1 a partir del pr\u00f3ximo 30 de octubre a las 7 pm que entre en vigor el bot\u00f3n de emergencia\",\"datePublished\":\"2020-10-28T20:06:16+00:00\",\"dateModified\":\"2020-10-28T20:06:29+00:00\",\"mainEntityOfPage\":{\"@id\":\"https:\\\/\\\/coparmexjal.org.mx\\\/entorno-empresarial\\\/sera-a-partir-del-proximo-30-de-octubre-a-las-7-pm-que-entre-en-vigor-el-boton-de-emergencia\\\/\"},\"wordCount\":719,\"commentCount\":0,\"publisher\":{\"@id\":\"https:\\\/\\\/coparmexjal.org.mx\\\/entorno-empresarial\\\/#organization\"},\"image\":{\"@id\":\"https:\\\/\\\/coparmexjal.org.mx\\\/entorno-empresarial\\\/sera-a-partir-del-proximo-30-de-octubre-a-las-7-pm-que-entre-en-vigor-el-boton-de-emergencia\\\/#primaryimage\"},\"thumbnailUrl\":\"https:\\\/\\\/coparmexjal.org.mx\\\/entorno-empresarial\\\/wp-content\\\/uploads\\\/2020\\\/10\\\/boton-emergencia-Jalisco.jpg\",\"keywords\":[\"bot\u00f3n emergencia\",\"covid-19\"],\"articleSection\":[\"Noticias\"],\"inLanguage\":\"es\",\"potentialAction\":[{\"@type\":\"CommentAction\",\"name\":\"Comment\",\"target\":[\"https:\\\/\\\/coparmexjal.org.mx\\\/entorno-empresarial\\\/sera-a-partir-del-proximo-30-de-octubre-a-las-7-pm-que-entre-en-vigor-el-boton-de-emergencia\\\/#respond\"]}]},{\"@type\":\"WebPage\",\"@id\":\"https:\\\/\\\/coparmexjal.org.mx\\\/entorno-empresarial\\\/sera-a-partir-del-proximo-30-de-octubre-a-las-7-pm-que-entre-en-vigor-el-boton-de-emergencia\\\/\",\"url\":\"https:\\\/\\\/coparmexjal.org.mx\\\/entorno-empresarial\\\/sera-a-partir-del-proximo-30-de-octubre-a-las-7-pm-que-entre-en-vigor-el-boton-de-emergencia\\\/\",\"name\":\"Ser\u00e1 a partir del pr\u00f3ximo 30 de octubre a las 7 pm que entre en vigor el bot\u00f3n de emergencia - Entorno Empresarial\",\"isPartOf\":{\"@id\":\"https:\\\/\\\/coparmexjal.org.mx\\\/entorno-empresarial\\\/#website\"},\"primaryImageOfPage\":{\"@id\":\"https:\\\/\\\/coparmexjal.org.mx\\\/entorno-empresarial\\\/sera-a-partir-del-proximo-30-de-octubre-a-las-7-pm-que-entre-en-vigor-el-boton-de-emergencia\\\/#primaryimage\"},\"image\":{\"@id\":\"https:\\\/\\\/coparmexjal.org.mx\\\/entorno-empresarial\\\/sera-a-partir-del-proximo-30-de-octubre-a-las-7-pm-que-entre-en-vigor-el-boton-de-emergencia\\\/#primaryimage\"},\"thumbnailUrl\":\"https:\\\/\\\/coparmexjal.org.mx\\\/entorno-empresarial\\\/wp-content\\\/uploads\\\/2020\\\/10\\\/boton-emergencia-Jalisco.jpg\",\"datePublished\":\"2020-10-28T20:06:16+00:00\",\"dateModified\":\"2020-10-28T20:06:29+00:00\",\"breadcrumb\":{\"@id\":\"https:\\\/\\\/coparmexjal.org.mx\\\/entorno-empresarial\\\/sera-a-partir-del-proximo-30-de-octubre-a-las-7-pm-que-entre-en-vigor-el-boton-de-emergencia\\\/#breadcrumb\"},\"inLanguage\":\"es\",\"potentialAction\":[{\"@type\":\"ReadAction\",\"target\":[\"https:\\\/\\\/coparmexjal.org.mx\\\/entorno-empresarial\\\/sera-a-partir-del-proximo-30-de-octubre-a-las-7-pm-que-entre-en-vigor-el-boton-de-emergencia\\\/\"]}]},{\"@type\":\"ImageObject\",\"inLanguage\":\"es\",\"@id\":\"https:\\\/\\\/coparmexjal.org.mx\\\/entorno-empresarial\\\/sera-a-partir-del-proximo-30-de-octubre-a-las-7-pm-que-entre-en-vigor-el-boton-de-emergencia\\\/#primaryimage\",\"url\":\"https:\\\/\\\/coparmexjal.org.mx\\\/entorno-empresarial\\\/wp-content\\\/uploads\\\/2020\\\/10\\\/boton-emergencia-Jalisco.jpg\",\"contentUrl\":\"https:\\\/\\\/coparmexjal.org.mx\\\/entorno-empresarial\\\/wp-content\\\/uploads\\\/2020\\\/10\\\/boton-emergencia-Jalisco.jpg\",\"width\":1280,\"height\":571},{\"@type\":\"BreadcrumbList\",\"@id\":\"https:\\\/\\\/coparmexjal.org.mx\\\/entorno-empresarial\\\/sera-a-partir-del-proximo-30-de-octubre-a-las-7-pm-que-entre-en-vigor-el-boton-de-emergencia\\\/#breadcrumb\",\"itemListElement\":[{\"@type\":\"ListItem\",\"position\":1,\"name\":\"Inicio\",\"item\":\"https:\\\/\\\/coparmexjal.org.mx\\\/entorno-empresarial\\\/\"},{\"@type\":\"ListItem\",\"position\":2,\"name\":\"Ser\u00e1 a partir del pr\u00f3ximo 30 de octubre a las 7 pm que entre en vigor el bot\u00f3n de emergencia\"}]},{\"@type\":\"WebSite\",\"@id\":\"https:\\\/\\\/coparmexjal.org.mx\\\/entorno-empresarial\\\/#website\",\"url\":\"https:\\\/\\\/coparmexjal.org.mx\\\/entorno-empresarial\\\/\",\"name\":\"Revista Entorno Empresarial\",\"description\":\"Coparmex Jalisco\",\"publisher\":{\"@id\":\"https:\\\/\\\/coparmexjal.org.mx\\\/entorno-empresarial\\\/#organization\"},\"potentialAction\":[{\"@type\":\"SearchAction\",\"target\":{\"@type\":\"EntryPoint\",\"urlTemplate\":\"https:\\\/\\\/coparmexjal.org.mx\\\/entorno-empresarial\\\/?s={search_term_string}\"},\"query-input\":{\"@type\":\"PropertyValueSpecification\",\"valueRequired\":true,\"valueName\":\"search_term_string\"}}],\"inLanguage\":\"es\"},{\"@type\":\"Organization\",\"@id\":\"https:\\\/\\\/coparmexjal.org.mx\\\/entorno-empresarial\\\/#organization\",\"name\":\"Coparmex Jalisco\",\"url\":\"https:\\\/\\\/coparmexjal.org.mx\\\/entorno-empresarial\\\/\",\"logo\":{\"@type\":\"ImageObject\",\"inLanguage\":\"es\",\"@id\":\"https:\\\/\\\/coparmexjal.org.mx\\\/entorno-empresarial\\\/#\\\/schema\\\/logo\\\/image\\\/\",\"url\":\"https:\\\/\\\/coparmexjal.org.mx\\\/entorno-empresarial\\\/wp-content\\\/uploads\\\/2020\\\/02\\\/logo-amp.png\",\"contentUrl\":\"https:\\\/\\\/coparmexjal.org.mx\\\/entorno-empresarial\\\/wp-content\\\/uploads\\\/2020\\\/02\\\/logo-amp.png\",\"width\":120,\"height\":90,\"caption\":\"Coparmex Jalisco\"},\"image\":{\"@id\":\"https:\\\/\\\/coparmexjal.org.mx\\\/entorno-empresarial\\\/#\\\/schema\\\/logo\\\/image\\\/\"},\"sameAs\":[\"https:\\\/\\\/facebook.com\\\/comcoparmex\",\"https:\\\/\\\/x.com\\\/comcoparmex\",\"http:\\\/\\\/instagram.com\\\/coparmexjalisco\",\"https:\\\/\\\/mx.linkedin.com\\\/company\\\/coparmex-jalisco\",\"https:\\\/\\\/www.youtube.com\\\/c\\\/CoparmexJaliscomx\"]},{\"@type\":\"Person\",\"@id\":\"https:\\\/\\\/coparmexjal.org.mx\\\/entorno-empresarial\\\/#\\\/schema\\\/person\\\/7d1d56a9587bfb3a725cd3dbfbdb9d44\",\"name\":\"Coparmex Jalisco\",\"image\":{\"@type\":\"ImageObject\",\"inLanguage\":\"es\",\"@id\":\"https:\\\/\\\/coparmexjal.org.mx\\\/entorno-empresarial\\\/wp-content\\\/uploads\\\/2020\\\/06\\\/favicon-150x133.png\",\"url\":\"https:\\\/\\\/coparmexjal.org.mx\\\/entorno-empresarial\\\/wp-content\\\/uploads\\\/2020\\\/06\\\/favicon-150x133.png\",\"contentUrl\":\"https:\\\/\\\/coparmexjal.org.mx\\\/entorno-empresarial\\\/wp-content\\\/uploads\\\/2020\\\/06\\\/favicon-150x133.png\",\"caption\":\"Coparmex Jalisco\"},\"url\":\"https:\\\/\\\/coparmexjal.org.mx\\\/entorno-empresarial\\\/author\\\/coparmexjalisco\\\/\"}]}<\/script>\n<!-- \/ Yoast SEO plugin. -->","yoast_head_json":{"title":"Ser\u00e1 a partir del pr\u00f3ximo 30 de octubre a las 7 pm que entre en vigor el bot\u00f3n de emergencia - Entorno Empresarial","robots":{"index":"index","follow":"follow","max-snippet":"max-snippet:-1","max-image-preview":"max-image-preview:large","max-video-preview":"max-video-preview:-1"},"canonical":"https:\/\/coparmexjal.org.mx\/entorno-empresarial\/sera-a-partir-del-proximo-30-de-octubre-a-las-7-pm-que-entre-en-vigor-el-boton-de-emergencia\/","og_locale":"es_MX","og_type":"article","og_title":"Ser\u00e1 a partir del pr\u00f3ximo 30 de octubre a las 7 pm que entre en vigor el bot\u00f3n de emergencia - Entorno Empresarial","og_description":"Los contagios y casos activos de COVID19 contin\u00faan a la alza en Jalisco, por lo que esta ma\u00f1ana en conferencia de prensa el Gobernador del","og_url":"https:\/\/coparmexjal.org.mx\/entorno-empresarial\/sera-a-partir-del-proximo-30-de-octubre-a-las-7-pm-que-entre-en-vigor-el-boton-de-emergencia\/","og_site_name":"Entorno Empresarial","article_publisher":"https:\/\/facebook.com\/comcoparmex","article_published_time":"2020-10-28T20:06:16+00:00","article_modified_time":"2020-10-28T20:06:29+00:00","og_image":[{"width":1280,"height":571,"url":"https:\/\/coparmexjal.org.mx\/entorno-empresarial\/wp-content\/uploads\/2020\/10\/boton-emergencia-Jalisco.jpg","type":"image\/jpeg"}],"author":"Coparmex Jalisco","twitter_card":"summary_large_image","twitter_creator":"@comcoparmex","twitter_site":"@comcoparmex","twitter_misc":{"Escrito por":"Coparmex Jalisco","Tiempo de lectura":"3 minutos"},"schema":{"@context":"https:\/\/schema.org","@graph":[{"@type":"Article","@id":"https:\/\/coparmexjal.org.mx\/entorno-empresarial\/sera-a-partir-del-proximo-30-de-octubre-a-las-7-pm-que-entre-en-vigor-el-boton-de-emergencia\/#article","isPartOf":{"@id":"https:\/\/coparmexjal.org.mx\/entorno-empresarial\/sera-a-partir-del-proximo-30-de-octubre-a-las-7-pm-que-entre-en-vigor-el-boton-de-emergencia\/"},"author":{"name":"Coparmex Jalisco","@id":"https:\/\/coparmexjal.org.mx\/entorno-empresarial\/#\/schema\/person\/7d1d56a9587bfb3a725cd3dbfbdb9d44"},"headline":"Ser\u00e1 a partir del pr\u00f3ximo 30 de octubre a las 7 pm que entre en vigor el bot\u00f3n de emergencia","datePublished":"2020-10-28T20:06:16+00:00","dateModified":"2020-10-28T20:06:29+00:00","mainEntityOfPage":{"@id":"https:\/\/coparmexjal.org.mx\/entorno-empresarial\/sera-a-partir-del-proximo-30-de-octubre-a-las-7-pm-que-entre-en-vigor-el-boton-de-emergencia\/"},"wordCount":719,"commentCount":0,"publisher":{"@id":"https:\/\/coparmexjal.org.mx\/entorno-empresarial\/#organization"},"image":{"@id":"https:\/\/coparmexjal.org.mx\/entorno-empresarial\/sera-a-partir-del-proximo-30-de-octubre-a-las-7-pm-que-entre-en-vigor-el-boton-de-emergencia\/#primaryimage"},"thumbnailUrl":"https:\/\/coparmexjal.org.mx\/entorno-empresarial\/wp-content\/uploads\/2020\/10\/boton-emergencia-Jalisco.jpg","keywords":["bot\u00f3n emergencia","covid-19"],"articleSection":["Noticias"],"inLanguage":"es","potentialAction":[{"@type":"CommentAction","name":"Comment","target":["https:\/\/coparmexjal.org.mx\/entorno-empresarial\/sera-a-partir-del-proximo-30-de-octubre-a-las-7-pm-que-entre-en-vigor-el-boton-de-emergencia\/#respond"]}]},{"@type":"WebPage","@id":"https:\/\/coparmexjal.org.mx\/entorno-empresarial\/sera-a-partir-del-proximo-30-de-octubre-a-las-7-pm-que-entre-en-vigor-el-boton-de-emergencia\/","url":"https:\/\/coparmexjal.org.mx\/entorno-empresarial\/sera-a-partir-del-proximo-30-de-octubre-a-las-7-pm-que-entre-en-vigor-el-boton-de-emergencia\/","name":"Ser\u00e1 a partir del pr\u00f3ximo 30 de octubre a las 7 pm que entre en vigor el bot\u00f3n de emergencia - Entorno Empresarial","isPartOf":{"@id":"https:\/\/coparmexjal.org.mx\/entorno-empresarial\/#website"},"primaryImageOfPage":{"@id":"https:\/\/coparmexjal.org.mx\/entorno-empresarial\/sera-a-partir-del-proximo-30-de-octubre-a-las-7-pm-que-entre-en-vigor-el-boton-de-emergencia\/#primaryimage"},"image":{"@id":"https:\/\/coparmexjal.org.mx\/entorno-empresarial\/sera-a-partir-del-proximo-30-de-octubre-a-las-7-pm-que-entre-en-vigor-el-boton-de-emergencia\/#primaryimage"},"thumbnailUrl":"https:\/\/coparmexjal.org.mx\/entorno-empresarial\/wp-content\/uploads\/2020\/10\/boton-emergencia-Jalisco.jpg","datePublished":"2020-10-28T20:06:16+00:00","dateModified":"2020-10-28T20:06:29+00:00","breadcrumb":{"@id":"https:\/\/coparmexjal.org.mx\/entorno-empresarial\/sera-a-partir-del-proximo-30-de-octubre-a-las-7-pm-que-entre-en-vigor-el-boton-de-emergencia\/#breadcrumb"},"inLanguage":"es","potentialAction":[{"@type":"ReadAction","target":["https:\/\/coparmexjal.org.mx\/entorno-empresarial\/sera-a-partir-del-proximo-30-de-octubre-a-las-7-pm-que-entre-en-vigor-el-boton-de-emergencia\/"]}]},{"@type":"ImageObject","inLanguage":"es","@id":"https:\/\/coparmexjal.org.mx\/entorno-empresarial\/sera-a-partir-del-proximo-30-de-octubre-a-las-7-pm-que-entre-en-vigor-el-boton-de-emergencia\/#primaryimage","url":"https:\/\/coparmexjal.org.mx\/entorno-empresarial\/wp-content\/uploads\/2020\/10\/boton-emergencia-Jalisco.jpg","contentUrl":"https:\/\/coparmexjal.org.mx\/entorno-empresarial\/wp-content\/uploads\/2020\/10\/boton-emergencia-Jalisco.jpg","width":1280,"height":571},{"@type":"BreadcrumbList","@id":"https:\/\/coparmexjal.org.mx\/entorno-empresarial\/sera-a-partir-del-proximo-30-de-octubre-a-las-7-pm-que-entre-en-vigor-el-boton-de-emergencia\/#breadcrumb","itemListElement":[{"@type":"ListItem","position":1,"name":"Inicio","item":"https:\/\/coparmexjal.org.mx\/entorno-empresarial\/"},{"@type":"ListItem","position":2,"name":"Ser\u00e1 a partir del pr\u00f3ximo 30 de octubre a las 7 pm que entre en vigor el bot\u00f3n de emergencia"}]},{"@type":"WebSite","@id":"https:\/\/coparmexjal.org.mx\/entorno-empresarial\/#website","url":"https:\/\/coparmexjal.org.mx\/entorno-empresarial\/","name":"Revista Entorno Empresarial","description":"Coparmex Jalisco","publisher":{"@id":"https:\/\/coparmexjal.org.mx\/entorno-empresarial\/#organization"},"potentialAction":[{"@type":"SearchAction","target":{"@type":"EntryPoint","urlTemplate":"https:\/\/coparmexjal.org.mx\/entorno-empresarial\/?s={search_term_string}"},"query-input":{"@type":"PropertyValueSpecification","valueRequired":true,"valueName":"search_term_string"}}],"inLanguage":"es"},{"@type":"Organization","@id":"https:\/\/coparmexjal.org.mx\/entorno-empresarial\/#organization","name":"Coparmex Jalisco","url":"https:\/\/coparmexjal.org.mx\/entorno-empresarial\/","logo":{"@type":"ImageObject","inLanguage":"es","@id":"https:\/\/coparmexjal.org.mx\/entorno-empresarial\/#\/schema\/logo\/image\/","url":"https:\/\/coparmexjal.org.mx\/entorno-empresarial\/wp-content\/uploads\/2020\/02\/logo-amp.png","contentUrl":"https:\/\/coparmexjal.org.mx\/entorno-empresarial\/wp-content\/uploads\/2020\/02\/logo-amp.png","width":120,"height":90,"caption":"Coparmex Jalisco"},"image":{"@id":"https:\/\/coparmexjal.org.mx\/entorno-empresarial\/#\/schema\/logo\/image\/"},"sameAs":["https:\/\/facebook.com\/comcoparmex","https:\/\/x.com\/comcoparmex","http:\/\/instagram.com\/coparmexjalisco","https:\/\/mx.linkedin.com\/company\/coparmex-jalisco","https:\/\/www.youtube.com\/c\/CoparmexJaliscomx"]},{"@type":"Person","@id":"https:\/\/coparmexjal.org.mx\/entorno-empresarial\/#\/schema\/person\/7d1d56a9587bfb3a725cd3dbfbdb9d44","name":"Coparmex Jalisco","image":{"@type":"ImageObject","inLanguage":"es","@id":"https:\/\/coparmexjal.org.mx\/entorno-empresarial\/wp-content\/uploads\/2020\/06\/favicon-150x133.png","url":"https:\/\/coparmexjal.org.mx\/entorno-empresarial\/wp-content\/uploads\/2020\/06\/favicon-150x133.png","contentUrl":"https:\/\/coparmexjal.org.mx\/entorno-empresarial\/wp-content\/uploads\/2020\/06\/favicon-150x133.png","caption":"Coparmex Jalisco"},"url":"https:\/\/coparmexjal.org.mx\/entorno-empresarial\/author\/coparmexjalisco\/"}]}},"_links":{"self":[{"href":"https:\/\/coparmexjal.org.mx\/entorno-empresarial\/wp-json\/wp\/v2\/posts\/4295","targetHints":{"allow":["GET"]}}],"collection":[{"href":"https:\/\/coparmexjal.org.mx\/entorno-empresarial\/wp-json\/wp\/v2\/posts"}],"about":[{"href":"https:\/\/coparmexjal.org.mx\/entorno-empresarial\/wp-json\/wp\/v2\/types\/post"}],"author":[{"embeddable":true,"href":"https:\/\/coparmexjal.org.mx\/entorno-empresarial\/wp-json\/wp\/v2\/users\/2"}],"replies":[{"embeddable":true,"href":"https:\/\/coparmexjal.org.mx\/entorno-empresarial\/wp-json\/wp\/v2\/comments?post=4295"}],"version-history":[{"count":1,"href":"https:\/\/coparmexjal.org.mx\/entorno-empresarial\/wp-json\/wp\/v2\/posts\/4295\/revisions"}],"predecessor-version":[{"id":4297,"href":"https:\/\/coparmexjal.org.mx\/entorno-empresarial\/wp-json\/wp\/v2\/posts\/4295\/revisions\/4297"}],"wp:featuredmedia":[{"embeddable":true,"href":"https:\/\/coparmexjal.org.mx\/entorno-empresarial\/wp-json\/wp\/v2\/media\/4296"}],"wp:attachment":[{"href":"https:\/\/coparmexjal.org.mx\/entorno-empresarial\/wp-json\/wp\/v2\/media?parent=4295"}],"wp:term":[{"taxonomy":"category","embeddable":true,"href":"https:\/\/coparmexjal.org.mx\/entorno-empresarial\/wp-json\/wp\/v2\/categories?post=4295"},{"taxonomy":"post_tag","embeddable":true,"href":"https:\/\/coparmexjal.org.mx\/entorno-empresarial\/wp-json\/wp\/v2\/tags?post=4295"}],"curies":[{"name":"wp","href":"https:\/\/api.w.org\/{rel}","templated":true}]}}