{"id":4141,"date":"2019-11-01T11:45:08","date_gmt":"2019-11-01T17:45:08","guid":{"rendered":"https:\/\/coparmexjal.org.mx\/entorno-empresarial\/?p=4141"},"modified":"2020-10-02T12:15:36","modified_gmt":"2020-10-02T17:15:36","slug":"coparmex-institucion-que-promueve-el-desarrollo-y-la-prosperidad-social","status":"publish","type":"post","link":"https:\/\/coparmexjal.org.mx\/entorno-empresarial\/coparmex-institucion-que-promueve-el-desarrollo-y-la-prosperidad-social\/","title":{"rendered":"Coparmex, instituci\u00f3n que promueve el desarrollo y la prosperidad social"},"content":{"rendered":"\n<p>En la \u00faltima edici\u00f3n del D\u00eda del Empresario Coparmex, tuvimos como tema central la tecnolog\u00eda y la innovaci\u00f3n, elementos esenciales para las empresas y el emprendimiento en un entorno cada d\u00eda m\u00e1s globalizado y competitivo como el que vivimos actualmente, adicional a factores externos como la incertidumbre pol\u00edtica, que eleva el riesgo de cualquier inversi\u00f3n. Por ello reconozco a los emprendedores que participaron en la edici\u00f3n catorce del Premio Emprendedor y, por supuesto, a nuestra empresa ganadora, Nanoblast, que con su talento, capacidad de innovaci\u00f3n, entendimiento del mercado y, sobre todo, sentido social \u2013elemento distintivo de nuestra instituci\u00f3n\u2013, apuesta todos los d\u00edas por sus colaboradores y por su pa\u00eds. De igual forma, reconozco la labor de mis compa\u00f1eros empresarios Kido Ishikawa y Salvador Ibarra por su reconocimiento a empresario en consolidaci\u00f3n y trayectoria, quienes a trav\u00e9s de su esfuerzo y entrega diaria apuestan por Jalisco y por M\u00e9xico.&nbsp;<\/p>\n\n\n\n<p>Nuestra instituci\u00f3n siempre se ha caracterizado por su compromiso al emprendimiento y la consolidaci\u00f3n de m\u00e1s y mejores empresas, por lo que en este ya cercano 2020 trabajaremos por generar mejores condiciones para aquellos que decidan hacer un cambio por medio de las empresas, situaci\u00f3n que se logra a trav\u00e9s del di\u00e1logo constante con el Gobierno y las universidades, la suficiente procuraci\u00f3n presupuestal para promover la competitividad, as\u00ed como mediante programas de apoyo al emprendimiento de alto impacto y, sobre todo, con el respeto al Estado de derecho para garantizar la certidumbre.&nbsp;<\/p>\n\n\n\n<p>En este sentido, como empresarios, buscaremos ser el motor que enciende el bienestar que necesita Jalisco, teniendo como base nuestros valores, que van m\u00e1s all\u00e1 del simple inter\u00e9s econ\u00f3mico, para pasar a ser agentes de cambio comprometidos con la sociedad jalisciense.&nbsp;<\/p>\n\n\n\n<p>Somos muchas personas quienes hacemos Coparmex Jalisco: empresarios, compa\u00f1eros de trabajo, directivos, j\u00f3venes, mujeres y hombres de bien que conformamos una comunidad de activismo independiente que busca la prosperidad de la sociedad.<\/p>\n\n\n\n<p>Confiemos en nuestro estado y, como ciudadanos, impulsemos los verdaderos cambios que tanto hemos necesitado.<\/p>\n\n\n\n<p style=\"font-size:18px\"><strong>En COPARMEX Jalisco somos M\u00c1S FUERTES CONTIGO.<\/strong><\/p>\n","protected":false},"excerpt":{"rendered":"<p>En la \u00faltima edici\u00f3n del D\u00eda del Empresario Coparmex, tuvimos como tema central la tecnolog\u00eda y la innovaci\u00f3n, elementos esenciales para las empresas y el<\/p>\n","protected":false},"author":17,"featured_media":4144,"comment_status":"open","ping_status":"open","sticky":false,"template":"","format":"standard","meta":{"footnotes":""},"categories":[157],"tags":[252,601,600],"class_list":["post-4141","post","type-post","status-publish","format-standard","has-post-thumbnail","hentry","category-editorial","tag-emprendimiento","tag-premio-emprendedor","tag-tecnologia-y-innovacion"],"yoast_head":"<!-- This site is optimized with the Yoast SEO plugin v27.5 - https:\/\/yoast.com\/product\/yoast-seo-wordpress\/ -->\n<title>Coparmex, instituci\u00f3n que promueve el desarrollo y la prosperidad social - Entorno Empresarial<\/title>\n<meta name=\"robots\" content=\"index, follow, max-snippet:-1, max-image-preview:large, max-video-preview:-1\" \/>\n<link rel=\"canonical\" href=\"https:\/\/coparmexjal.org.mx\/entorno-empresarial\/coparmex-institucion-que-promueve-el-desarrollo-y-la-prosperidad-social\/\" \/>\n<meta property=\"og:locale\" content=\"es_MX\" \/>\n<meta property=\"og:type\" content=\"article\" \/>\n<meta property=\"og:title\" content=\"Coparmex, instituci\u00f3n que promueve el desarrollo y la prosperidad social - Entorno Empresarial\" \/>\n<meta property=\"og:description\" content=\"En la \u00faltima edici\u00f3n del D\u00eda del Empresario Coparmex, tuvimos como tema central la tecnolog\u00eda y la innovaci\u00f3n, elementos esenciales para las empresas y el\" \/>\n<meta property=\"og:url\" content=\"https:\/\/coparmexjal.org.mx\/entorno-empresarial\/coparmex-institucion-que-promueve-el-desarrollo-y-la-prosperidad-social\/\" \/>\n<meta property=\"og:site_name\" content=\"Entorno Empresarial\" \/>\n<meta property=\"article:publisher\" content=\"https:\/\/facebook.com\/comcoparmex\" \/>\n<meta property=\"article:published_time\" content=\"2019-11-01T17:45:08+00:00\" \/>\n<meta property=\"article:modified_time\" content=\"2020-10-02T17:15:36+00:00\" \/>\n<meta property=\"og:image\" content=\"https:\/\/coparmexjal.org.mx\/entorno-empresarial\/wp-content\/uploads\/2019\/11\/sebastian-herrmann-O2o1hzDA7iE-unsplash.jpg\" \/>\n\t<meta property=\"og:image:width\" content=\"1200\" \/>\n\t<meta property=\"og:image:height\" content=\"800\" \/>\n\t<meta property=\"og:image:type\" content=\"image\/jpeg\" \/>\n<meta name=\"author\" content=\"Mauro Garza Mar\u00edn\" \/>\n<meta name=\"twitter:card\" content=\"summary_large_image\" \/>\n<meta name=\"twitter:creator\" content=\"@comcoparmex\" \/>\n<meta name=\"twitter:site\" content=\"@comcoparmex\" \/>\n<meta name=\"twitter:label1\" content=\"Escrito por\" \/>\n\t<meta name=\"twitter:data1\" content=\"Mauro Garza Mar\u00edn\" \/>\n\t<meta name=\"twitter:label2\" content=\"Tiempo de lectura\" \/>\n\t<meta name=\"twitter:data2\" content=\"2 minutos\" \/>\n<script type=\"application\/ld+json\" class=\"yoast-schema-graph\">{\"@context\":\"https:\\\/\\\/schema.org\",\"@graph\":[{\"@type\":\"Article\",\"@id\":\"https:\\\/\\\/coparmexjal.org.mx\\\/entorno-empresarial\\\/coparmex-institucion-que-promueve-el-desarrollo-y-la-prosperidad-social\\\/#article\",\"isPartOf\":{\"@id\":\"https:\\\/\\\/coparmexjal.org.mx\\\/entorno-empresarial\\\/coparmex-institucion-que-promueve-el-desarrollo-y-la-prosperidad-social\\\/\"},\"author\":{\"name\":\"Mauro Garza Mar\u00edn\",\"@id\":\"https:\\\/\\\/coparmexjal.org.mx\\\/entorno-empresarial\\\/#\\\/schema\\\/person\\\/068bb50aab4a4f74a2d54595f08ac426\"},\"headline\":\"Coparmex, instituci\u00f3n que promueve el desarrollo y la prosperidad social\",\"datePublished\":\"2019-11-01T17:45:08+00:00\",\"dateModified\":\"2020-10-02T17:15:36+00:00\",\"mainEntityOfPage\":{\"@id\":\"https:\\\/\\\/coparmexjal.org.mx\\\/entorno-empresarial\\\/coparmex-institucion-que-promueve-el-desarrollo-y-la-prosperidad-social\\\/\"},\"wordCount\":378,\"commentCount\":0,\"publisher\":{\"@id\":\"https:\\\/\\\/coparmexjal.org.mx\\\/entorno-empresarial\\\/#organization\"},\"image\":{\"@id\":\"https:\\\/\\\/coparmexjal.org.mx\\\/entorno-empresarial\\\/coparmex-institucion-que-promueve-el-desarrollo-y-la-prosperidad-social\\\/#primaryimage\"},\"thumbnailUrl\":\"https:\\\/\\\/coparmexjal.org.mx\\\/entorno-empresarial\\\/wp-content\\\/uploads\\\/2019\\\/11\\\/sebastian-herrmann-O2o1hzDA7iE-unsplash.jpg\",\"keywords\":[\"emprendimiento\",\"Premio Emprendedor\",\"tecnolog\u00eda y innovaci\u00f3n\"],\"articleSection\":[\"Editorial\"],\"inLanguage\":\"es\",\"potentialAction\":[{\"@type\":\"CommentAction\",\"name\":\"Comment\",\"target\":[\"https:\\\/\\\/coparmexjal.org.mx\\\/entorno-empresarial\\\/coparmex-institucion-que-promueve-el-desarrollo-y-la-prosperidad-social\\\/#respond\"]}]},{\"@type\":\"WebPage\",\"@id\":\"https:\\\/\\\/coparmexjal.org.mx\\\/entorno-empresarial\\\/coparmex-institucion-que-promueve-el-desarrollo-y-la-prosperidad-social\\\/\",\"url\":\"https:\\\/\\\/coparmexjal.org.mx\\\/entorno-empresarial\\\/coparmex-institucion-que-promueve-el-desarrollo-y-la-prosperidad-social\\\/\",\"name\":\"Coparmex, instituci\u00f3n que promueve el desarrollo y la prosperidad social - Entorno Empresarial\",\"isPartOf\":{\"@id\":\"https:\\\/\\\/coparmexjal.org.mx\\\/entorno-empresarial\\\/#website\"},\"primaryImageOfPage\":{\"@id\":\"https:\\\/\\\/coparmexjal.org.mx\\\/entorno-empresarial\\\/coparmex-institucion-que-promueve-el-desarrollo-y-la-prosperidad-social\\\/#primaryimage\"},\"image\":{\"@id\":\"https:\\\/\\\/coparmexjal.org.mx\\\/entorno-empresarial\\\/coparmex-institucion-que-promueve-el-desarrollo-y-la-prosperidad-social\\\/#primaryimage\"},\"thumbnailUrl\":\"https:\\\/\\\/coparmexjal.org.mx\\\/entorno-empresarial\\\/wp-content\\\/uploads\\\/2019\\\/11\\\/sebastian-herrmann-O2o1hzDA7iE-unsplash.jpg\",\"datePublished\":\"2019-11-01T17:45:08+00:00\",\"dateModified\":\"2020-10-02T17:15:36+00:00\",\"breadcrumb\":{\"@id\":\"https:\\\/\\\/coparmexjal.org.mx\\\/entorno-empresarial\\\/coparmex-institucion-que-promueve-el-desarrollo-y-la-prosperidad-social\\\/#breadcrumb\"},\"inLanguage\":\"es\",\"potentialAction\":[{\"@type\":\"ReadAction\",\"target\":[\"https:\\\/\\\/coparmexjal.org.mx\\\/entorno-empresarial\\\/coparmex-institucion-que-promueve-el-desarrollo-y-la-prosperidad-social\\\/\"]}]},{\"@type\":\"ImageObject\",\"inLanguage\":\"es\",\"@id\":\"https:\\\/\\\/coparmexjal.org.mx\\\/entorno-empresarial\\\/coparmex-institucion-que-promueve-el-desarrollo-y-la-prosperidad-social\\\/#primaryimage\",\"url\":\"https:\\\/\\\/coparmexjal.org.mx\\\/entorno-empresarial\\\/wp-content\\\/uploads\\\/2019\\\/11\\\/sebastian-herrmann-O2o1hzDA7iE-unsplash.jpg\",\"contentUrl\":\"https:\\\/\\\/coparmexjal.org.mx\\\/entorno-empresarial\\\/wp-content\\\/uploads\\\/2019\\\/11\\\/sebastian-herrmann-O2o1hzDA7iE-unsplash.jpg\",\"width\":1200,\"height\":800,\"caption\":\"Coparmex promueve el desarrollo\"},{\"@type\":\"BreadcrumbList\",\"@id\":\"https:\\\/\\\/coparmexjal.org.mx\\\/entorno-empresarial\\\/coparmex-institucion-que-promueve-el-desarrollo-y-la-prosperidad-social\\\/#breadcrumb\",\"itemListElement\":[{\"@type\":\"ListItem\",\"position\":1,\"name\":\"Inicio\",\"item\":\"https:\\\/\\\/coparmexjal.org.mx\\\/entorno-empresarial\\\/\"},{\"@type\":\"ListItem\",\"position\":2,\"name\":\"Coparmex, instituci\u00f3n que promueve el desarrollo y la prosperidad social\"}]},{\"@type\":\"WebSite\",\"@id\":\"https:\\\/\\\/coparmexjal.org.mx\\\/entorno-empresarial\\\/#website\",\"url\":\"https:\\\/\\\/coparmexjal.org.mx\\\/entorno-empresarial\\\/\",\"name\":\"Revista Entorno Empresarial\",\"description\":\"Coparmex Jalisco\",\"publisher\":{\"@id\":\"https:\\\/\\\/coparmexjal.org.mx\\\/entorno-empresarial\\\/#organization\"},\"potentialAction\":[{\"@type\":\"SearchAction\",\"target\":{\"@type\":\"EntryPoint\",\"urlTemplate\":\"https:\\\/\\\/coparmexjal.org.mx\\\/entorno-empresarial\\\/?s={search_term_string}\"},\"query-input\":{\"@type\":\"PropertyValueSpecification\",\"valueRequired\":true,\"valueName\":\"search_term_string\"}}],\"inLanguage\":\"es\"},{\"@type\":\"Organization\",\"@id\":\"https:\\\/\\\/coparmexjal.org.mx\\\/entorno-empresarial\\\/#organization\",\"name\":\"Coparmex Jalisco\",\"url\":\"https:\\\/\\\/coparmexjal.org.mx\\\/entorno-empresarial\\\/\",\"logo\":{\"@type\":\"ImageObject\",\"inLanguage\":\"es\",\"@id\":\"https:\\\/\\\/coparmexjal.org.mx\\\/entorno-empresarial\\\/#\\\/schema\\\/logo\\\/image\\\/\",\"url\":\"https:\\\/\\\/coparmexjal.org.mx\\\/entorno-empresarial\\\/wp-content\\\/uploads\\\/2020\\\/02\\\/logo-amp.png\",\"contentUrl\":\"https:\\\/\\\/coparmexjal.org.mx\\\/entorno-empresarial\\\/wp-content\\\/uploads\\\/2020\\\/02\\\/logo-amp.png\",\"width\":120,\"height\":90,\"caption\":\"Coparmex Jalisco\"},\"image\":{\"@id\":\"https:\\\/\\\/coparmexjal.org.mx\\\/entorno-empresarial\\\/#\\\/schema\\\/logo\\\/image\\\/\"},\"sameAs\":[\"https:\\\/\\\/facebook.com\\\/comcoparmex\",\"https:\\\/\\\/x.com\\\/comcoparmex\",\"http:\\\/\\\/instagram.com\\\/coparmexjalisco\",\"https:\\\/\\\/mx.linkedin.com\\\/company\\\/coparmex-jalisco\",\"https:\\\/\\\/www.youtube.com\\\/c\\\/CoparmexJaliscomx\"]},{\"@type\":\"Person\",\"@id\":\"https:\\\/\\\/coparmexjal.org.mx\\\/entorno-empresarial\\\/#\\\/schema\\\/person\\\/068bb50aab4a4f74a2d54595f08ac426\",\"name\":\"Mauro Garza Mar\u00edn\",\"image\":{\"@type\":\"ImageObject\",\"inLanguage\":\"es\",\"@id\":\"https:\\\/\\\/secure.gravatar.com\\\/avatar\\\/ea29784457d691e72225d5e768c8689bd25c9ac79e339e4784d27c644d80101b?s=96&d=mm&r=g\",\"url\":\"https:\\\/\\\/secure.gravatar.com\\\/avatar\\\/ea29784457d691e72225d5e768c8689bd25c9ac79e339e4784d27c644d80101b?s=96&d=mm&r=g\",\"contentUrl\":\"https:\\\/\\\/secure.gravatar.com\\\/avatar\\\/ea29784457d691e72225d5e768c8689bd25c9ac79e339e4784d27c644d80101b?s=96&d=mm&r=g\",\"caption\":\"Mauro Garza Mar\u00edn\"},\"url\":\"https:\\\/\\\/coparmexjal.org.mx\\\/entorno-empresarial\\\/author\\\/mauro-garza\\\/\"}]}<\/script>\n<!-- \/ Yoast SEO plugin. -->","yoast_head_json":{"title":"Coparmex, instituci\u00f3n que promueve el desarrollo y la prosperidad social - Entorno Empresarial","robots":{"index":"index","follow":"follow","max-snippet":"max-snippet:-1","max-image-preview":"max-image-preview:large","max-video-preview":"max-video-preview:-1"},"canonical":"https:\/\/coparmexjal.org.mx\/entorno-empresarial\/coparmex-institucion-que-promueve-el-desarrollo-y-la-prosperidad-social\/","og_locale":"es_MX","og_type":"article","og_title":"Coparmex, instituci\u00f3n que promueve el desarrollo y la prosperidad social - Entorno Empresarial","og_description":"En la \u00faltima edici\u00f3n del D\u00eda del Empresario Coparmex, tuvimos como tema central la tecnolog\u00eda y la innovaci\u00f3n, elementos esenciales para las empresas y el","og_url":"https:\/\/coparmexjal.org.mx\/entorno-empresarial\/coparmex-institucion-que-promueve-el-desarrollo-y-la-prosperidad-social\/","og_site_name":"Entorno Empresarial","article_publisher":"https:\/\/facebook.com\/comcoparmex","article_published_time":"2019-11-01T17:45:08+00:00","article_modified_time":"2020-10-02T17:15:36+00:00","og_image":[{"width":1200,"height":800,"url":"https:\/\/coparmexjal.org.mx\/entorno-empresarial\/wp-content\/uploads\/2019\/11\/sebastian-herrmann-O2o1hzDA7iE-unsplash.jpg","type":"image\/jpeg"}],"author":"Mauro Garza Mar\u00edn","twitter_card":"summary_large_image","twitter_creator":"@comcoparmex","twitter_site":"@comcoparmex","twitter_misc":{"Escrito por":"Mauro Garza Mar\u00edn","Tiempo de lectura":"2 minutos"},"schema":{"@context":"https:\/\/schema.org","@graph":[{"@type":"Article","@id":"https:\/\/coparmexjal.org.mx\/entorno-empresarial\/coparmex-institucion-que-promueve-el-desarrollo-y-la-prosperidad-social\/#article","isPartOf":{"@id":"https:\/\/coparmexjal.org.mx\/entorno-empresarial\/coparmex-institucion-que-promueve-el-desarrollo-y-la-prosperidad-social\/"},"author":{"name":"Mauro Garza Mar\u00edn","@id":"https:\/\/coparmexjal.org.mx\/entorno-empresarial\/#\/schema\/person\/068bb50aab4a4f74a2d54595f08ac426"},"headline":"Coparmex, instituci\u00f3n que promueve el desarrollo y la prosperidad social","datePublished":"2019-11-01T17:45:08+00:00","dateModified":"2020-10-02T17:15:36+00:00","mainEntityOfPage":{"@id":"https:\/\/coparmexjal.org.mx\/entorno-empresarial\/coparmex-institucion-que-promueve-el-desarrollo-y-la-prosperidad-social\/"},"wordCount":378,"commentCount":0,"publisher":{"@id":"https:\/\/coparmexjal.org.mx\/entorno-empresarial\/#organization"},"image":{"@id":"https:\/\/coparmexjal.org.mx\/entorno-empresarial\/coparmex-institucion-que-promueve-el-desarrollo-y-la-prosperidad-social\/#primaryimage"},"thumbnailUrl":"https:\/\/coparmexjal.org.mx\/entorno-empresarial\/wp-content\/uploads\/2019\/11\/sebastian-herrmann-O2o1hzDA7iE-unsplash.jpg","keywords":["emprendimiento","Premio Emprendedor","tecnolog\u00eda y innovaci\u00f3n"],"articleSection":["Editorial"],"inLanguage":"es","potentialAction":[{"@type":"CommentAction","name":"Comment","target":["https:\/\/coparmexjal.org.mx\/entorno-empresarial\/coparmex-institucion-que-promueve-el-desarrollo-y-la-prosperidad-social\/#respond"]}]},{"@type":"WebPage","@id":"https:\/\/coparmexjal.org.mx\/entorno-empresarial\/coparmex-institucion-que-promueve-el-desarrollo-y-la-prosperidad-social\/","url":"https:\/\/coparmexjal.org.mx\/entorno-empresarial\/coparmex-institucion-que-promueve-el-desarrollo-y-la-prosperidad-social\/","name":"Coparmex, instituci\u00f3n que promueve el desarrollo y la prosperidad social - Entorno Empresarial","isPartOf":{"@id":"https:\/\/coparmexjal.org.mx\/entorno-empresarial\/#website"},"primaryImageOfPage":{"@id":"https:\/\/coparmexjal.org.mx\/entorno-empresarial\/coparmex-institucion-que-promueve-el-desarrollo-y-la-prosperidad-social\/#primaryimage"},"image":{"@id":"https:\/\/coparmexjal.org.mx\/entorno-empresarial\/coparmex-institucion-que-promueve-el-desarrollo-y-la-prosperidad-social\/#primaryimage"},"thumbnailUrl":"https:\/\/coparmexjal.org.mx\/entorno-empresarial\/wp-content\/uploads\/2019\/11\/sebastian-herrmann-O2o1hzDA7iE-unsplash.jpg","datePublished":"2019-11-01T17:45:08+00:00","dateModified":"2020-10-02T17:15:36+00:00","breadcrumb":{"@id":"https:\/\/coparmexjal.org.mx\/entorno-empresarial\/coparmex-institucion-que-promueve-el-desarrollo-y-la-prosperidad-social\/#breadcrumb"},"inLanguage":"es","potentialAction":[{"@type":"ReadAction","target":["https:\/\/coparmexjal.org.mx\/entorno-empresarial\/coparmex-institucion-que-promueve-el-desarrollo-y-la-prosperidad-social\/"]}]},{"@type":"ImageObject","inLanguage":"es","@id":"https:\/\/coparmexjal.org.mx\/entorno-empresarial\/coparmex-institucion-que-promueve-el-desarrollo-y-la-prosperidad-social\/#primaryimage","url":"https:\/\/coparmexjal.org.mx\/entorno-empresarial\/wp-content\/uploads\/2019\/11\/sebastian-herrmann-O2o1hzDA7iE-unsplash.jpg","contentUrl":"https:\/\/coparmexjal.org.mx\/entorno-empresarial\/wp-content\/uploads\/2019\/11\/sebastian-herrmann-O2o1hzDA7iE-unsplash.jpg","width":1200,"height":800,"caption":"Coparmex promueve el desarrollo"},{"@type":"BreadcrumbList","@id":"https:\/\/coparmexjal.org.mx\/entorno-empresarial\/coparmex-institucion-que-promueve-el-desarrollo-y-la-prosperidad-social\/#breadcrumb","itemListElement":[{"@type":"ListItem","position":1,"name":"Inicio","item":"https:\/\/coparmexjal.org.mx\/entorno-empresarial\/"},{"@type":"ListItem","position":2,"name":"Coparmex, instituci\u00f3n que promueve el desarrollo y la prosperidad social"}]},{"@type":"WebSite","@id":"https:\/\/coparmexjal.org.mx\/entorno-empresarial\/#website","url":"https:\/\/coparmexjal.org.mx\/entorno-empresarial\/","name":"Revista Entorno Empresarial","description":"Coparmex Jalisco","publisher":{"@id":"https:\/\/coparmexjal.org.mx\/entorno-empresarial\/#organization"},"potentialAction":[{"@type":"SearchAction","target":{"@type":"EntryPoint","urlTemplate":"https:\/\/coparmexjal.org.mx\/entorno-empresarial\/?s={search_term_string}"},"query-input":{"@type":"PropertyValueSpecification","valueRequired":true,"valueName":"search_term_string"}}],"inLanguage":"es"},{"@type":"Organization","@id":"https:\/\/coparmexjal.org.mx\/entorno-empresarial\/#organization","name":"Coparmex Jalisco","url":"https:\/\/coparmexjal.org.mx\/entorno-empresarial\/","logo":{"@type":"ImageObject","inLanguage":"es","@id":"https:\/\/coparmexjal.org.mx\/entorno-empresarial\/#\/schema\/logo\/image\/","url":"https:\/\/coparmexjal.org.mx\/entorno-empresarial\/wp-content\/uploads\/2020\/02\/logo-amp.png","contentUrl":"https:\/\/coparmexjal.org.mx\/entorno-empresarial\/wp-content\/uploads\/2020\/02\/logo-amp.png","width":120,"height":90,"caption":"Coparmex Jalisco"},"image":{"@id":"https:\/\/coparmexjal.org.mx\/entorno-empresarial\/#\/schema\/logo\/image\/"},"sameAs":["https:\/\/facebook.com\/comcoparmex","https:\/\/x.com\/comcoparmex","http:\/\/instagram.com\/coparmexjalisco","https:\/\/mx.linkedin.com\/company\/coparmex-jalisco","https:\/\/www.youtube.com\/c\/CoparmexJaliscomx"]},{"@type":"Person","@id":"https:\/\/coparmexjal.org.mx\/entorno-empresarial\/#\/schema\/person\/068bb50aab4a4f74a2d54595f08ac426","name":"Mauro Garza Mar\u00edn","image":{"@type":"ImageObject","inLanguage":"es","@id":"https:\/\/secure.gravatar.com\/avatar\/ea29784457d691e72225d5e768c8689bd25c9ac79e339e4784d27c644d80101b?s=96&d=mm&r=g","url":"https:\/\/secure.gravatar.com\/avatar\/ea29784457d691e72225d5e768c8689bd25c9ac79e339e4784d27c644d80101b?s=96&d=mm&r=g","contentUrl":"https:\/\/secure.gravatar.com\/avatar\/ea29784457d691e72225d5e768c8689bd25c9ac79e339e4784d27c644d80101b?s=96&d=mm&r=g","caption":"Mauro Garza Mar\u00edn"},"url":"https:\/\/coparmexjal.org.mx\/entorno-empresarial\/author\/mauro-garza\/"}]}},"_links":{"self":[{"href":"https:\/\/coparmexjal.org.mx\/entorno-empresarial\/wp-json\/wp\/v2\/posts\/4141","targetHints":{"allow":["GET"]}}],"collection":[{"href":"https:\/\/coparmexjal.org.mx\/entorno-empresarial\/wp-json\/wp\/v2\/posts"}],"about":[{"href":"https:\/\/coparmexjal.org.mx\/entorno-empresarial\/wp-json\/wp\/v2\/types\/post"}],"author":[{"embeddable":true,"href":"https:\/\/coparmexjal.org.mx\/entorno-empresarial\/wp-json\/wp\/v2\/users\/17"}],"replies":[{"embeddable":true,"href":"https:\/\/coparmexjal.org.mx\/entorno-empresarial\/wp-json\/wp\/v2\/comments?post=4141"}],"version-history":[{"count":2,"href":"https:\/\/coparmexjal.org.mx\/entorno-empresarial\/wp-json\/wp\/v2\/posts\/4141\/revisions"}],"predecessor-version":[{"id":4145,"href":"https:\/\/coparmexjal.org.mx\/entorno-empresarial\/wp-json\/wp\/v2\/posts\/4141\/revisions\/4145"}],"wp:featuredmedia":[{"embeddable":true,"href":"https:\/\/coparmexjal.org.mx\/entorno-empresarial\/wp-json\/wp\/v2\/media\/4144"}],"wp:attachment":[{"href":"https:\/\/coparmexjal.org.mx\/entorno-empresarial\/wp-json\/wp\/v2\/media?parent=4141"}],"wp:term":[{"taxonomy":"category","embeddable":true,"href":"https:\/\/coparmexjal.org.mx\/entorno-empresarial\/wp-json\/wp\/v2\/categories?post=4141"},{"taxonomy":"post_tag","embeddable":true,"href":"https:\/\/coparmexjal.org.mx\/entorno-empresarial\/wp-json\/wp\/v2\/tags?post=4141"}],"curies":[{"name":"wp","href":"https:\/\/api.w.org\/{rel}","templated":true}]}}